{"id":100073,"date":"2023-02-05T09:00:39","date_gmt":"2023-02-05T12:00:39","guid":{"rendered":"https:\/\/redenoticiaz.com.br\/litoralsp\/?p=100073"},"modified":"2023-02-02T17:43:42","modified_gmt":"2023-02-02T20:43:42","slug":"aclamado-o-que-a-critica-internacional-diz-sobre-os-banshees-de-inisherin","status":"publish","type":"post","link":"https:\/\/redenoticiaz.com.br\/litoralsp\/2023\/02\/05\/aclamado-o-que-a-critica-internacional-diz-sobre-os-banshees-de-inisherin","title":{"rendered":"Os Banshees de Inisherin chega aos cinemas, confira o que a cr\u00edtica internacional diz sobre a produ\u00e7\u00e3o"},"content":{"rendered":"<p class=\"v1MsoNormal\">O novo filme da\u00a0<b>Searchlight Pictures,\u00a0<\/b>\u201c<b>Os Banshees de Inisherin<\/b>\u201d, finalmente chega aos cinemas brasileiros no dia 02 de fevereiro. A produ\u00e7\u00e3o, que est\u00e1 sendo altamente aclamada pela cr\u00edtica, \u00e9 situada em uma ilha remota na costa oeste da Irlanda, e acompanha os amigos de longa data P\u00e1draic e Colm que se encontram em um impasse quando Colm inesperadamente p\u00f5e fim \u00e0 amizade deles.<\/p>\n<p class=\"v1MsoNormal\"><img loading=\"lazy\" decoding=\"async\" class=\"size-medium wp-image-100087 alignleft\" src=\"https:\/\/redenoticiaz.com.br\/litoralsp\/wp-content\/uploads\/sites\/3\/2023\/02\/Banshees-2-300x169.jpg\" alt=\"\" width=\"300\" height=\"169\" srcset=\"https:\/\/redenoticiaz.com.br\/litoralsp\/wp-content\/uploads\/sites\/3\/2023\/02\/Banshees-2-300x169.jpg 300w, https:\/\/redenoticiaz.com.br\/litoralsp\/wp-content\/uploads\/sites\/3\/2023\/02\/Banshees-2-768x431.jpg 768w, https:\/\/redenoticiaz.com.br\/litoralsp\/wp-content\/uploads\/sites\/3\/2023\/02\/Banshees-2-390x220.jpg 390w, https:\/\/redenoticiaz.com.br\/litoralsp\/wp-content\/uploads\/sites\/3\/2023\/02\/Banshees-2.jpg 908w\" sizes=\"auto, (max-width: 300px) 100vw, 300px\" \/>Atordoado, P\u00e1draic, pede ajuda a sua irm\u00e3 Siobh\u00e1n e o problem\u00e1tico jovem ilh\u00e9u Dominic, se esfor\u00e7a para consertar o relacionamento, recusando-se a aceitar um n\u00e3o como resposta.<\/p>\n<p class=\"v1MsoNormal\">Os esfor\u00e7os repetidos de P\u00e1draic de reatar com os amigos apenas fortalecem a determina\u00e7\u00e3o de Colm em p\u00f4r um fim \u00e0 amizade. Quando Colm entrega um ultimato desesperado, consequ\u00eancias para ambos come\u00e7am a acontecer.<\/p>\n<p class=\"v1MsoNormal\">Apesar de chegar ao Brasil em 02 de fevereiro, \u201c<b>Os Banshees de Inisherin<\/b>\u201d estreou nos EUA, Irlanda, Reino Unido e \u00cdndia no ano passado e vem ganhando cada vez mais destaque na ind\u00fastria cinematogr\u00e1fica. Confira abaixo.<\/p>\n<p><iframe loading=\"lazy\" title=\"Os Banshees de Inisherin | Trailer Oficial Legendado\" width=\"500\" height=\"281\" src=\"https:\/\/www.youtube.com\/embed\/OpQN2FwIq_w?feature=oembed\" frameborder=\"0\" allow=\"accelerometer; autoplay; clipboard-write; encrypted-media; gyroscope; picture-in-picture; web-share\" referrerpolicy=\"strict-origin-when-cross-origin\" allowfullscreen><\/iframe><\/p>\n<p>&nbsp;<\/p>\n<p>VEJA TAMB\u00c9M:\u00a0<a href=\"https:\/\/redenoticiaz.com.br\/barretos-regiao\/sp\/2023\/01\/28\/novo-trailer-de-dungeons-dragons-honra-entre-rebeldes-e-divulgado\">Novo trailer de Dungeons &amp;amp; Dragons: Honra entre rebeldes \u00e9 divulgado<\/a><\/p>\n","protected":false},"excerpt":{"rendered":"<p>O novo filme da\u00a0Searchlight Pictures,\u00a0\u201cOs Banshees de Inisherin\u201d, finalmente chega aos cinemas brasileiros no dia 02 de fevereiro. A produ\u00e7\u00e3o, que est\u00e1 sendo altamente aclamada pela cr\u00edtica, \u00e9 situada em uma ilha remota na costa oeste da Irlanda, e acompanha os amigos de longa data P\u00e1draic e Colm que se encontram em um impasse quando &hellip;<\/p>\n","protected":false},"author":15,"featured_media":100086,"comment_status":"open","ping_status":"closed","sticky":false,"template":"","format":"standard","meta":{"footnotes":""},"categories":[62064],"tags":[63100,44750,5613,20229,63105],"class_list":["post-100073","post","type-post","status-publish","format-standard","has-post-thumbnail","hentry","category-cameraz","tag-banshees","tag-cinema","tag-estreia","tag-filmes","tag-ganhador-do-globo-de-ouro"],"yoast_head":"<!-- This site is optimized with the Yoast SEO plugin v27.4 - https:\/\/yoast.com\/product\/yoast-seo-wordpress\/ -->\n<title>Os Banshees de Inisherin chega aos cinemas, confira o que a cr\u00edtica internacional diz sobre a produ\u00e7\u00e3o - Litoral SP<\/title>\n<meta name=\"description\" content=\"O novo filme da\u00a0Searchlight Pictures,\u00a0\u201cOs Banshees de Inisherin\u201d, finalmente chega aos cinemas brasileiros no dia 02 de fevereiro.\" \/>\n<meta name=\"robots\" content=\"index, follow, max-snippet:-1, max-image-preview:large, max-video-preview:-1\" \/>\n<link rel=\"canonical\" href=\"https:\/\/redenoticiaz.com.br\/litoralsp\/2023\/02\/05\/aclamado-o-que-a-critica-internacional-diz-sobre-os-banshees-de-inisherin\" \/>\n<meta property=\"og:locale\" content=\"pt_BR\" \/>\n<meta property=\"og:type\" content=\"article\" \/>\n<meta property=\"og:title\" content=\"Os Banshees de Inisherin chega aos cinemas, confira o que a cr\u00edtica internacional diz sobre a produ\u00e7\u00e3o - Litoral SP\" \/>\n<meta property=\"og:description\" content=\"O novo filme da\u00a0Searchlight Pictures,\u00a0\u201cOs Banshees de Inisherin\u201d, finalmente chega aos cinemas brasileiros no dia 02 de fevereiro.\" \/>\n<meta property=\"og:url\" content=\"https:\/\/redenoticiaz.com.br\/litoralsp\/2023\/02\/05\/aclamado-o-que-a-critica-internacional-diz-sobre-os-banshees-de-inisherin\" \/>\n<meta property=\"og:site_name\" content=\"Litoral SP\" \/>\n<meta property=\"article:published_time\" content=\"2023-02-05T12:00:39+00:00\" \/>\n<meta property=\"og:image\" content=\"https:\/\/redenoticiaz.com.br\/litoralsp\/wp-content\/uploads\/sites\/3\/2023\/02\/Banshees-4.jpg\" \/>\n\t<meta property=\"og:image:width\" content=\"840\" \/>\n\t<meta property=\"og:image:height\" content=\"529\" \/>\n\t<meta property=\"og:image:type\" content=\"image\/jpeg\" \/>\n<meta name=\"twitter:card\" content=\"summary_large_image\" \/>\n<meta name=\"twitter:label1\" content=\"Escrito por\" \/>\n\t<meta name=\"twitter:data1\" content=\"\" \/>\n\t<meta name=\"twitter:label2\" content=\"Est. tempo de leitura\" \/>\n\t<meta name=\"twitter:data2\" content=\"2 minutos\" \/>\n<script type=\"application\/ld+json\" class=\"yoast-schema-graph\">{\"@context\":\"https:\\\/\\\/schema.org\",\"@graph\":[{\"@type\":\"Article\",\"@id\":\"https:\\\/\\\/redenoticiaz.com.br\\\/litoralsp\\\/2023\\\/02\\\/05\\\/aclamado-o-que-a-critica-internacional-diz-sobre-os-banshees-de-inisherin#article\",\"isPartOf\":{\"@id\":\"https:\\\/\\\/redenoticiaz.com.br\\\/litoralsp\\\/2023\\\/02\\\/05\\\/aclamado-o-que-a-critica-internacional-diz-sobre-os-banshees-de-inisherin\"},\"author\":{\"name\":\"\",\"@id\":\"\"},\"headline\":\"Os Banshees de Inisherin chega aos cinemas, confira o que a cr\u00edtica internacional diz sobre a produ\u00e7\u00e3o\",\"datePublished\":\"2023-02-05T12:00:39+00:00\",\"mainEntityOfPage\":{\"@id\":\"https:\\\/\\\/redenoticiaz.com.br\\\/litoralsp\\\/2023\\\/02\\\/05\\\/aclamado-o-que-a-critica-internacional-diz-sobre-os-banshees-de-inisherin\"},\"wordCount\":219,\"commentCount\":0,\"publisher\":{\"@id\":\"https:\\\/\\\/redenoticiaz.com.br\\\/litoralsp\\\/#organization\"},\"image\":{\"@id\":\"https:\\\/\\\/redenoticiaz.com.br\\\/litoralsp\\\/2023\\\/02\\\/05\\\/aclamado-o-que-a-critica-internacional-diz-sobre-os-banshees-de-inisherin#primaryimage\"},\"thumbnailUrl\":\"https:\\\/\\\/redenoticiaz.com.br\\\/litoralsp\\\/wp-content\\\/uploads\\\/sites\\\/3\\\/2023\\\/02\\\/Banshees-4.jpg\",\"keywords\":[\"Banshees\",\"CINEMA\",\"estr\u00e9ia\",\"FILMES\",\"Ganhador do Globo de Ouro\"],\"articleSection\":[\"C\u00e2mera Z\"],\"inLanguage\":\"pt-BR\",\"potentialAction\":[{\"@type\":\"CommentAction\",\"name\":\"Comment\",\"target\":[\"https:\\\/\\\/redenoticiaz.com.br\\\/litoralsp\\\/2023\\\/02\\\/05\\\/aclamado-o-que-a-critica-internacional-diz-sobre-os-banshees-de-inisherin#respond\"]}]},{\"@type\":\"WebPage\",\"@id\":\"https:\\\/\\\/redenoticiaz.com.br\\\/litoralsp\\\/2023\\\/02\\\/05\\\/aclamado-o-que-a-critica-internacional-diz-sobre-os-banshees-de-inisherin\",\"url\":\"https:\\\/\\\/redenoticiaz.com.br\\\/litoralsp\\\/2023\\\/02\\\/05\\\/aclamado-o-que-a-critica-internacional-diz-sobre-os-banshees-de-inisherin\",\"name\":\"Os Banshees de Inisherin chega aos cinemas, confira o que a cr\u00edtica internacional diz sobre a produ\u00e7\u00e3o - Litoral SP\",\"isPartOf\":{\"@id\":\"https:\\\/\\\/redenoticiaz.com.br\\\/litoralsp\\\/#website\"},\"primaryImageOfPage\":{\"@id\":\"https:\\\/\\\/redenoticiaz.com.br\\\/litoralsp\\\/2023\\\/02\\\/05\\\/aclamado-o-que-a-critica-internacional-diz-sobre-os-banshees-de-inisherin#primaryimage\"},\"image\":{\"@id\":\"https:\\\/\\\/redenoticiaz.com.br\\\/litoralsp\\\/2023\\\/02\\\/05\\\/aclamado-o-que-a-critica-internacional-diz-sobre-os-banshees-de-inisherin#primaryimage\"},\"thumbnailUrl\":\"https:\\\/\\\/redenoticiaz.com.br\\\/litoralsp\\\/wp-content\\\/uploads\\\/sites\\\/3\\\/2023\\\/02\\\/Banshees-4.jpg\",\"datePublished\":\"2023-02-05T12:00:39+00:00\",\"description\":\"O novo filme da\u00a0Searchlight Pictures,\u00a0\u201cOs Banshees de Inisherin\u201d, finalmente chega aos cinemas brasileiros no dia 02 de fevereiro.\",\"inLanguage\":\"pt-BR\",\"potentialAction\":[{\"@type\":\"ReadAction\",\"target\":[\"https:\\\/\\\/redenoticiaz.com.br\\\/litoralsp\\\/2023\\\/02\\\/05\\\/aclamado-o-que-a-critica-internacional-diz-sobre-os-banshees-de-inisherin\"]}]},{\"@type\":\"ImageObject\",\"inLanguage\":\"pt-BR\",\"@id\":\"https:\\\/\\\/redenoticiaz.com.br\\\/litoralsp\\\/2023\\\/02\\\/05\\\/aclamado-o-que-a-critica-internacional-diz-sobre-os-banshees-de-inisherin#primaryimage\",\"url\":\"https:\\\/\\\/redenoticiaz.com.br\\\/litoralsp\\\/wp-content\\\/uploads\\\/sites\\\/3\\\/2023\\\/02\\\/Banshees-4.jpg\",\"contentUrl\":\"https:\\\/\\\/redenoticiaz.com.br\\\/litoralsp\\\/wp-content\\\/uploads\\\/sites\\\/3\\\/2023\\\/02\\\/Banshees-4.jpg\",\"width\":840,\"height\":529,\"caption\":\"Ganhador do Globo de Ouro. Cr\u00e9dito: Divulga\u00e7\u00e3o\"},{\"@type\":\"WebSite\",\"@id\":\"https:\\\/\\\/redenoticiaz.com.br\\\/litoralsp\\\/#website\",\"url\":\"https:\\\/\\\/redenoticiaz.com.br\\\/litoralsp\\\/\",\"name\":\"Litoral SP\",\"description\":\"Rede NoticiaZ\",\"publisher\":{\"@id\":\"https:\\\/\\\/redenoticiaz.com.br\\\/litoralsp\\\/#organization\"},\"potentialAction\":[{\"@type\":\"SearchAction\",\"target\":{\"@type\":\"EntryPoint\",\"urlTemplate\":\"https:\\\/\\\/redenoticiaz.com.br\\\/litoralsp\\\/?s={search_term_string}\"},\"query-input\":{\"@type\":\"PropertyValueSpecification\",\"valueRequired\":true,\"valueName\":\"search_term_string\"}}],\"inLanguage\":\"pt-BR\"},{\"@type\":\"Organization\",\"@id\":\"https:\\\/\\\/redenoticiaz.com.br\\\/litoralsp\\\/#organization\",\"name\":\"Litoral SP\",\"url\":\"https:\\\/\\\/redenoticiaz.com.br\\\/litoralsp\\\/\",\"logo\":{\"@type\":\"ImageObject\",\"inLanguage\":\"pt-BR\",\"@id\":\"https:\\\/\\\/redenoticiaz.com.br\\\/litoralsp\\\/#\\\/schema\\\/logo\\\/image\\\/\",\"url\":\"https:\\\/\\\/redenoticiaz.com.br\\\/litoralsp\\\/wp-content\\\/uploads\\\/sites\\\/3\\\/2020\\\/11\\\/logo.jpg\",\"contentUrl\":\"https:\\\/\\\/redenoticiaz.com.br\\\/litoralsp\\\/wp-content\\\/uploads\\\/sites\\\/3\\\/2020\\\/11\\\/logo.jpg\",\"width\":400,\"height\":250,\"caption\":\"Litoral SP\"},\"image\":{\"@id\":\"https:\\\/\\\/redenoticiaz.com.br\\\/litoralsp\\\/#\\\/schema\\\/logo\\\/image\\\/\"}},{\"@type\":\"Person\",\"@id\":\"\",\"url\":\"https:\\\/\\\/redenoticiaz.com.br\\\/litoralsp\\\/author\"}]}<\/script>\n<!-- \/ Yoast SEO plugin. -->","yoast_head_json":{"title":"Os Banshees de Inisherin chega aos cinemas, confira o que a cr\u00edtica internacional diz sobre a produ\u00e7\u00e3o - Litoral SP","description":"O novo filme da\u00a0Searchlight Pictures,\u00a0\u201cOs Banshees de Inisherin\u201d, finalmente chega aos cinemas brasileiros no dia 02 de fevereiro.","robots":{"index":"index","follow":"follow","max-snippet":"max-snippet:-1","max-image-preview":"max-image-preview:large","max-video-preview":"max-video-preview:-1"},"canonical":"https:\/\/redenoticiaz.com.br\/litoralsp\/2023\/02\/05\/aclamado-o-que-a-critica-internacional-diz-sobre-os-banshees-de-inisherin","og_locale":"pt_BR","og_type":"article","og_title":"Os Banshees de Inisherin chega aos cinemas, confira o que a cr\u00edtica internacional diz sobre a produ\u00e7\u00e3o - Litoral SP","og_description":"O novo filme da\u00a0Searchlight Pictures,\u00a0\u201cOs Banshees de Inisherin\u201d, finalmente chega aos cinemas brasileiros no dia 02 de fevereiro.","og_url":"https:\/\/redenoticiaz.com.br\/litoralsp\/2023\/02\/05\/aclamado-o-que-a-critica-internacional-diz-sobre-os-banshees-de-inisherin","og_site_name":"Litoral SP","article_published_time":"2023-02-05T12:00:39+00:00","og_image":[{"width":840,"height":529,"url":"https:\/\/redenoticiaz.com.br\/litoralsp\/wp-content\/uploads\/sites\/3\/2023\/02\/Banshees-4.jpg","type":"image\/jpeg"}],"twitter_card":"summary_large_image","twitter_misc":{"Escrito por":"","Est. tempo de leitura":"2 minutos"},"schema":{"@context":"https:\/\/schema.org","@graph":[{"@type":"Article","@id":"https:\/\/redenoticiaz.com.br\/litoralsp\/2023\/02\/05\/aclamado-o-que-a-critica-internacional-diz-sobre-os-banshees-de-inisherin#article","isPartOf":{"@id":"https:\/\/redenoticiaz.com.br\/litoralsp\/2023\/02\/05\/aclamado-o-que-a-critica-internacional-diz-sobre-os-banshees-de-inisherin"},"author":{"name":"","@id":""},"headline":"Os Banshees de Inisherin chega aos cinemas, confira o que a cr\u00edtica internacional diz sobre a produ\u00e7\u00e3o","datePublished":"2023-02-05T12:00:39+00:00","mainEntityOfPage":{"@id":"https:\/\/redenoticiaz.com.br\/litoralsp\/2023\/02\/05\/aclamado-o-que-a-critica-internacional-diz-sobre-os-banshees-de-inisherin"},"wordCount":219,"commentCount":0,"publisher":{"@id":"https:\/\/redenoticiaz.com.br\/litoralsp\/#organization"},"image":{"@id":"https:\/\/redenoticiaz.com.br\/litoralsp\/2023\/02\/05\/aclamado-o-que-a-critica-internacional-diz-sobre-os-banshees-de-inisherin#primaryimage"},"thumbnailUrl":"https:\/\/redenoticiaz.com.br\/litoralsp\/wp-content\/uploads\/sites\/3\/2023\/02\/Banshees-4.jpg","keywords":["Banshees","CINEMA","estr\u00e9ia","FILMES","Ganhador do Globo de Ouro"],"articleSection":["C\u00e2mera Z"],"inLanguage":"pt-BR","potentialAction":[{"@type":"CommentAction","name":"Comment","target":["https:\/\/redenoticiaz.com.br\/litoralsp\/2023\/02\/05\/aclamado-o-que-a-critica-internacional-diz-sobre-os-banshees-de-inisherin#respond"]}]},{"@type":"WebPage","@id":"https:\/\/redenoticiaz.com.br\/litoralsp\/2023\/02\/05\/aclamado-o-que-a-critica-internacional-diz-sobre-os-banshees-de-inisherin","url":"https:\/\/redenoticiaz.com.br\/litoralsp\/2023\/02\/05\/aclamado-o-que-a-critica-internacional-diz-sobre-os-banshees-de-inisherin","name":"Os Banshees de Inisherin chega aos cinemas, confira o que a cr\u00edtica internacional diz sobre a produ\u00e7\u00e3o - Litoral SP","isPartOf":{"@id":"https:\/\/redenoticiaz.com.br\/litoralsp\/#website"},"primaryImageOfPage":{"@id":"https:\/\/redenoticiaz.com.br\/litoralsp\/2023\/02\/05\/aclamado-o-que-a-critica-internacional-diz-sobre-os-banshees-de-inisherin#primaryimage"},"image":{"@id":"https:\/\/redenoticiaz.com.br\/litoralsp\/2023\/02\/05\/aclamado-o-que-a-critica-internacional-diz-sobre-os-banshees-de-inisherin#primaryimage"},"thumbnailUrl":"https:\/\/redenoticiaz.com.br\/litoralsp\/wp-content\/uploads\/sites\/3\/2023\/02\/Banshees-4.jpg","datePublished":"2023-02-05T12:00:39+00:00","description":"O novo filme da\u00a0Searchlight Pictures,\u00a0\u201cOs Banshees de Inisherin\u201d, finalmente chega aos cinemas brasileiros no dia 02 de fevereiro.","inLanguage":"pt-BR","potentialAction":[{"@type":"ReadAction","target":["https:\/\/redenoticiaz.com.br\/litoralsp\/2023\/02\/05\/aclamado-o-que-a-critica-internacional-diz-sobre-os-banshees-de-inisherin"]}]},{"@type":"ImageObject","inLanguage":"pt-BR","@id":"https:\/\/redenoticiaz.com.br\/litoralsp\/2023\/02\/05\/aclamado-o-que-a-critica-internacional-diz-sobre-os-banshees-de-inisherin#primaryimage","url":"https:\/\/redenoticiaz.com.br\/litoralsp\/wp-content\/uploads\/sites\/3\/2023\/02\/Banshees-4.jpg","contentUrl":"https:\/\/redenoticiaz.com.br\/litoralsp\/wp-content\/uploads\/sites\/3\/2023\/02\/Banshees-4.jpg","width":840,"height":529,"caption":"Ganhador do Globo de Ouro. Cr\u00e9dito: Divulga\u00e7\u00e3o"},{"@type":"WebSite","@id":"https:\/\/redenoticiaz.com.br\/litoralsp\/#website","url":"https:\/\/redenoticiaz.com.br\/litoralsp\/","name":"Litoral SP","description":"Rede NoticiaZ","publisher":{"@id":"https:\/\/redenoticiaz.com.br\/litoralsp\/#organization"},"potentialAction":[{"@type":"SearchAction","target":{"@type":"EntryPoint","urlTemplate":"https:\/\/redenoticiaz.com.br\/litoralsp\/?s={search_term_string}"},"query-input":{"@type":"PropertyValueSpecification","valueRequired":true,"valueName":"search_term_string"}}],"inLanguage":"pt-BR"},{"@type":"Organization","@id":"https:\/\/redenoticiaz.com.br\/litoralsp\/#organization","name":"Litoral SP","url":"https:\/\/redenoticiaz.com.br\/litoralsp\/","logo":{"@type":"ImageObject","inLanguage":"pt-BR","@id":"https:\/\/redenoticiaz.com.br\/litoralsp\/#\/schema\/logo\/image\/","url":"https:\/\/redenoticiaz.com.br\/litoralsp\/wp-content\/uploads\/sites\/3\/2020\/11\/logo.jpg","contentUrl":"https:\/\/redenoticiaz.com.br\/litoralsp\/wp-content\/uploads\/sites\/3\/2020\/11\/logo.jpg","width":400,"height":250,"caption":"Litoral SP"},"image":{"@id":"https:\/\/redenoticiaz.com.br\/litoralsp\/#\/schema\/logo\/image\/"}},{"@type":"Person","@id":"","url":"https:\/\/redenoticiaz.com.br\/litoralsp\/author"}]}},"_links":{"self":[{"href":"https:\/\/redenoticiaz.com.br\/litoralsp\/wp-json\/wp\/v2\/posts\/100073","targetHints":{"allow":["GET"]}}],"collection":[{"href":"https:\/\/redenoticiaz.com.br\/litoralsp\/wp-json\/wp\/v2\/posts"}],"about":[{"href":"https:\/\/redenoticiaz.com.br\/litoralsp\/wp-json\/wp\/v2\/types\/post"}],"author":[{"embeddable":true,"href":"https:\/\/redenoticiaz.com.br\/litoralsp\/wp-json\/wp\/v2\/users\/15"}],"replies":[{"embeddable":true,"href":"https:\/\/redenoticiaz.com.br\/litoralsp\/wp-json\/wp\/v2\/comments?post=100073"}],"version-history":[{"count":2,"href":"https:\/\/redenoticiaz.com.br\/litoralsp\/wp-json\/wp\/v2\/posts\/100073\/revisions"}],"predecessor-version":[{"id":100088,"href":"https:\/\/redenoticiaz.com.br\/litoralsp\/wp-json\/wp\/v2\/posts\/100073\/revisions\/100088"}],"wp:featuredmedia":[{"embeddable":true,"href":"https:\/\/redenoticiaz.com.br\/litoralsp\/wp-json\/wp\/v2\/media\/100086"}],"wp:attachment":[{"href":"https:\/\/redenoticiaz.com.br\/litoralsp\/wp-json\/wp\/v2\/media?parent=100073"}],"wp:term":[{"taxonomy":"category","embeddable":true,"href":"https:\/\/redenoticiaz.com.br\/litoralsp\/wp-json\/wp\/v2\/categories?post=100073"},{"taxonomy":"post_tag","embeddable":true,"href":"https:\/\/redenoticiaz.com.br\/litoralsp\/wp-json\/wp\/v2\/tags?post=100073"}],"curies":[{"name":"wp","href":"https:\/\/api.w.org\/{rel}","templated":true}]}}