{"id":100160,"date":"2023-02-04T13:41:46","date_gmt":"2023-02-04T16:41:46","guid":{"rendered":"https:\/\/redenoticiaz.com.br\/litoralsp\/?p=100160"},"modified":"2023-02-04T13:41:46","modified_gmt":"2023-02-04T16:41:46","slug":"quatro-pessoas-sao-presas-por-receptacao-de-cargas-em-cubatao","status":"publish","type":"post","link":"https:\/\/redenoticiaz.com.br\/litoralsp\/2023\/02\/04\/quatro-pessoas-sao-presas-por-receptacao-de-cargas-em-cubatao","title":{"rendered":"Quatro pessoas s\u00e3o presas por recepta\u00e7\u00e3o de cargas em Cubat\u00e3o"},"content":{"rendered":"<p>Quatro pessoas foram presas por Policiais Civis da Delegacia Sede de Cubat\u00e3o por recepta\u00e7\u00e3o de cargas furtadas de ferrovias da cidade.<\/p>\n<p>De acordo com as informa\u00e7\u00f5es, eles foram presos no bairro Jardim S\u00e3o Marcos e fazem parte de uma organiza\u00e7\u00e3o criminosa.<\/p>\n<p>Ainda de acordo com as informa\u00e7\u00f5es, as equipes vinham realizando dilig\u00eancias, para desarticular a pr\u00e1tica de furtos e roubos de produtos transportados por trens nas \u00faltimas semanas.<\/p>\n<p>Ap\u00f3s intensa a\u00e7\u00e3o de campo, foram identificados quatro suspeitos respons\u00e1veis por transportar e receptar os produtos furtados na regi\u00e3o.<\/p>\n<p><img loading=\"lazy\" decoding=\"async\" class=\"aligncenter size-medium wp-image-100162\" src=\"https:\/\/redenoticiaz.com.br\/litoralsp\/wp-content\/uploads\/sites\/3\/2023\/02\/WhatsApp-Image-2023-02-04-at-13.10.44-169x300.jpeg\" alt=\"Quatro pessoas s\u00e3o presas por recepta\u00e7\u00e3o de cargas em Cubat\u00e3o\" width=\"169\" height=\"300\" srcset=\"https:\/\/redenoticiaz.com.br\/litoralsp\/wp-content\/uploads\/sites\/3\/2023\/02\/WhatsApp-Image-2023-02-04-at-13.10.44-169x300.jpeg 169w, https:\/\/redenoticiaz.com.br\/litoralsp\/wp-content\/uploads\/sites\/3\/2023\/02\/WhatsApp-Image-2023-02-04-at-13.10.44-576x1024.jpeg 576w, https:\/\/redenoticiaz.com.br\/litoralsp\/wp-content\/uploads\/sites\/3\/2023\/02\/WhatsApp-Image-2023-02-04-at-13.10.44-768x1365.jpeg 768w, https:\/\/redenoticiaz.com.br\/litoralsp\/wp-content\/uploads\/sites\/3\/2023\/02\/WhatsApp-Image-2023-02-04-at-13.10.44-864x1536.jpeg 864w, https:\/\/redenoticiaz.com.br\/litoralsp\/wp-content\/uploads\/sites\/3\/2023\/02\/WhatsApp-Image-2023-02-04-at-13.10.44.jpeg 608w\" sizes=\"auto, (max-width: 169px) 100vw, 169px\" \/><\/p>\n<p>Sendo assim, as autoridades descobriram que os sacos contendo gr\u00e3os s\u00e3o transportados em ve\u00edculos particulares, alguns deles pertencentes a locadoras de ve\u00edculos.<\/p>\n<p>O ve\u00edculo que realizava o transporte da carga foi identificado, e os investigadores conseguiram descobrir que este carro estava trafegando pelo bairro Vila Esperan\u00e7a carregado de produto.<\/p>\n<p>Em dado momento os dois suspeitos desembarcaram do ve\u00edculo, e passaram a descarregar 15 sacos cheios de soja, quando foi realizada a abordagem.\u00a0Ambos foram presos em flagrante.<\/p>\n<p>Enfim, continuando as dilig\u00eancias, as autoridades constataram que o local do descarregamento tratava-se de um ponto de encontro de recepta\u00e7\u00e3o das cargas que eram transportadas e entregues ali, como destino final.<\/p>\n<p>Pr\u00f3ximo ao local foi identificado mais um ve\u00edculo que transportava cargas, sendo que outros dois suspeitos com 30 sacos de gr\u00e3os de soja foram presos.<\/p>\n<h2>Organiza\u00e7\u00e3o Criminosa<\/h2>\n<p>De acordo com as informa\u00e7\u00f5es, as autoridades descobriram diversos barracos que eram usados para armazenar v\u00e1rios sacos contendo soja, a\u00e7\u00facar, farelo de soja, milho e fertilizantes.<\/p>\n<p>Foram apreendidos 7000kg de a\u00e7\u00facar e 9000kg entre cereais e gr\u00e3os. Tamb\u00e9m foram apreendidos os aparelhos de telefone celulares utilizados para pr\u00e1tica do crime.<\/p>\n<p><strong>Leia mais<\/strong><\/p>\n<p><a href=\"https:\/\/redenoticiaz.com.br\/litoralsp\/2023\/01\/26\/empresario-vitima-de-sequestro-reconhece-cativeiro-que-recebeu-casais-em-cubatao\">Empres\u00e1rio v\u00edtima de sequestro reconhece cativeiro que recebeu casais em Cubat\u00e3o<\/a><\/p>\n","protected":false},"excerpt":{"rendered":"<p>Quatro pessoas foram presas por Policiais Civis da Delegacia Sede de Cubat\u00e3o por recepta\u00e7\u00e3o de cargas furtadas de ferrovias da cidade. De acordo com as informa\u00e7\u00f5es, eles foram presos no bairro Jardim S\u00e3o Marcos e fazem parte de uma organiza\u00e7\u00e3o criminosa. Ainda de acordo com as informa\u00e7\u00f5es, as equipes vinham realizando dilig\u00eancias, para desarticular a &hellip;<\/p>\n","protected":false},"author":12,"featured_media":100161,"comment_status":"open","ping_status":"closed","sticky":false,"template":"","format":"standard","meta":{"footnotes":""},"categories":[186],"tags":[63139,38997,1024,27228],"class_list":["post-100160","post","type-post","status-publish","format-standard","has-post-thumbnail","hentry","category-cubatao","tag-acucar","tag-carga","tag-cubatao","tag-organizacao-criminosa"],"yoast_head":"<!-- This site is optimized with the Yoast SEO plugin v27.5 - https:\/\/yoast.com\/product\/yoast-seo-wordpress\/ -->\n<title>Quatro pessoas s\u00e3o presas por recepta\u00e7\u00e3o de cargas em Cubat\u00e3o - Litoral SP<\/title>\n<meta name=\"description\" content=\"Quatro pessoas foram presas por Policiais Civis da Delegacia Sede de Cubat\u00e3o por recepta\u00e7\u00e3o de cargas furtadas de ferrovias da cidade.\" \/>\n<meta name=\"robots\" content=\"index, follow, max-snippet:-1, max-image-preview:large, max-video-preview:-1\" \/>\n<link rel=\"canonical\" href=\"https:\/\/redenoticiaz.com.br\/litoralsp\/2023\/02\/04\/quatro-pessoas-sao-presas-por-receptacao-de-cargas-em-cubatao\" \/>\n<meta property=\"og:locale\" content=\"pt_BR\" \/>\n<meta property=\"og:type\" content=\"article\" \/>\n<meta property=\"og:title\" content=\"Quatro pessoas s\u00e3o presas por recepta\u00e7\u00e3o de cargas em Cubat\u00e3o - Litoral SP\" \/>\n<meta property=\"og:description\" content=\"Quatro pessoas foram presas por Policiais Civis da Delegacia Sede de Cubat\u00e3o por recepta\u00e7\u00e3o de cargas furtadas de ferrovias da cidade.\" \/>\n<meta property=\"og:url\" content=\"https:\/\/redenoticiaz.com.br\/litoralsp\/2023\/02\/04\/quatro-pessoas-sao-presas-por-receptacao-de-cargas-em-cubatao\" \/>\n<meta property=\"og:site_name\" content=\"Litoral SP\" \/>\n<meta property=\"article:published_time\" content=\"2023-02-04T16:41:46+00:00\" \/>\n<meta property=\"og:image\" content=\"https:\/\/redenoticiaz.com.br\/litoralsp\/wp-content\/uploads\/sites\/3\/2023\/02\/WhatsApp-Image-2023-02-04-at-13.10.43.jpeg\" \/>\n\t<meta property=\"og:image:width\" content=\"576\" \/>\n\t<meta property=\"og:image:height\" content=\"1024\" \/>\n\t<meta property=\"og:image:type\" content=\"image\/jpeg\" \/>\n<meta name=\"author\" content=\"Gustavo Silva\" \/>\n<meta name=\"twitter:card\" content=\"summary_large_image\" \/>\n<meta name=\"twitter:label1\" content=\"Escrito por\" \/>\n\t<meta name=\"twitter:data1\" content=\"Gustavo Silva\" \/>\n\t<meta name=\"twitter:label2\" content=\"Est. tempo de leitura\" \/>\n\t<meta name=\"twitter:data2\" content=\"2 minutos\" \/>\n<script type=\"application\/ld+json\" class=\"yoast-schema-graph\">{\"@context\":\"https:\\\/\\\/schema.org\",\"@graph\":[{\"@type\":\"Article\",\"@id\":\"https:\\\/\\\/redenoticiaz.com.br\\\/litoralsp\\\/2023\\\/02\\\/04\\\/quatro-pessoas-sao-presas-por-receptacao-de-cargas-em-cubatao#article\",\"isPartOf\":{\"@id\":\"https:\\\/\\\/redenoticiaz.com.br\\\/litoralsp\\\/2023\\\/02\\\/04\\\/quatro-pessoas-sao-presas-por-receptacao-de-cargas-em-cubatao\"},\"author\":{\"name\":\"Gustavo Silva\",\"@id\":\"https:\\\/\\\/redenoticiaz.com.br\\\/litoralsp\\\/#\\\/schema\\\/person\\\/16057b37a3c0ee6b096d7f887c566e2e\"},\"headline\":\"Quatro pessoas s\u00e3o presas por recepta\u00e7\u00e3o de cargas em Cubat\u00e3o\",\"datePublished\":\"2023-02-04T16:41:46+00:00\",\"mainEntityOfPage\":{\"@id\":\"https:\\\/\\\/redenoticiaz.com.br\\\/litoralsp\\\/2023\\\/02\\\/04\\\/quatro-pessoas-sao-presas-por-receptacao-de-cargas-em-cubatao\"},\"wordCount\":331,\"commentCount\":0,\"publisher\":{\"@id\":\"https:\\\/\\\/redenoticiaz.com.br\\\/litoralsp\\\/#organization\"},\"image\":{\"@id\":\"https:\\\/\\\/redenoticiaz.com.br\\\/litoralsp\\\/2023\\\/02\\\/04\\\/quatro-pessoas-sao-presas-por-receptacao-de-cargas-em-cubatao#primaryimage\"},\"thumbnailUrl\":\"https:\\\/\\\/redenoticiaz.com.br\\\/litoralsp\\\/wp-content\\\/uploads\\\/sites\\\/3\\\/2023\\\/02\\\/WhatsApp-Image-2023-02-04-at-13.10.43.jpeg\",\"keywords\":[\"a\u00e7\u00facar\",\"CARGA\",\"CUBAT\u00c3O\",\"ORGANIZA\u00c7\u00c3O CRIMINOSA\"],\"articleSection\":[\"Cubat\u00e3o\"],\"inLanguage\":\"pt-BR\",\"potentialAction\":[{\"@type\":\"CommentAction\",\"name\":\"Comment\",\"target\":[\"https:\\\/\\\/redenoticiaz.com.br\\\/litoralsp\\\/2023\\\/02\\\/04\\\/quatro-pessoas-sao-presas-por-receptacao-de-cargas-em-cubatao#respond\"]}]},{\"@type\":\"WebPage\",\"@id\":\"https:\\\/\\\/redenoticiaz.com.br\\\/litoralsp\\\/2023\\\/02\\\/04\\\/quatro-pessoas-sao-presas-por-receptacao-de-cargas-em-cubatao\",\"url\":\"https:\\\/\\\/redenoticiaz.com.br\\\/litoralsp\\\/2023\\\/02\\\/04\\\/quatro-pessoas-sao-presas-por-receptacao-de-cargas-em-cubatao\",\"name\":\"Quatro pessoas s\u00e3o presas por recepta\u00e7\u00e3o de cargas em Cubat\u00e3o - Litoral SP\",\"isPartOf\":{\"@id\":\"https:\\\/\\\/redenoticiaz.com.br\\\/litoralsp\\\/#website\"},\"primaryImageOfPage\":{\"@id\":\"https:\\\/\\\/redenoticiaz.com.br\\\/litoralsp\\\/2023\\\/02\\\/04\\\/quatro-pessoas-sao-presas-por-receptacao-de-cargas-em-cubatao#primaryimage\"},\"image\":{\"@id\":\"https:\\\/\\\/redenoticiaz.com.br\\\/litoralsp\\\/2023\\\/02\\\/04\\\/quatro-pessoas-sao-presas-por-receptacao-de-cargas-em-cubatao#primaryimage\"},\"thumbnailUrl\":\"https:\\\/\\\/redenoticiaz.com.br\\\/litoralsp\\\/wp-content\\\/uploads\\\/sites\\\/3\\\/2023\\\/02\\\/WhatsApp-Image-2023-02-04-at-13.10.43.jpeg\",\"datePublished\":\"2023-02-04T16:41:46+00:00\",\"description\":\"Quatro pessoas foram presas por Policiais Civis da Delegacia Sede de Cubat\u00e3o por recepta\u00e7\u00e3o de cargas furtadas de ferrovias da cidade.\",\"inLanguage\":\"pt-BR\",\"potentialAction\":[{\"@type\":\"ReadAction\",\"target\":[\"https:\\\/\\\/redenoticiaz.com.br\\\/litoralsp\\\/2023\\\/02\\\/04\\\/quatro-pessoas-sao-presas-por-receptacao-de-cargas-em-cubatao\"]}]},{\"@type\":\"ImageObject\",\"inLanguage\":\"pt-BR\",\"@id\":\"https:\\\/\\\/redenoticiaz.com.br\\\/litoralsp\\\/2023\\\/02\\\/04\\\/quatro-pessoas-sao-presas-por-receptacao-de-cargas-em-cubatao#primaryimage\",\"url\":\"https:\\\/\\\/redenoticiaz.com.br\\\/litoralsp\\\/wp-content\\\/uploads\\\/sites\\\/3\\\/2023\\\/02\\\/WhatsApp-Image-2023-02-04-at-13.10.43.jpeg\",\"contentUrl\":\"https:\\\/\\\/redenoticiaz.com.br\\\/litoralsp\\\/wp-content\\\/uploads\\\/sites\\\/3\\\/2023\\\/02\\\/WhatsApp-Image-2023-02-04-at-13.10.43.jpeg\",\"width\":576,\"height\":1024,\"caption\":\"Quatro pessoas s\u00e3o presas por recepta\u00e7\u00e3o de cargas em Cubat\u00e3o\"},{\"@type\":\"WebSite\",\"@id\":\"https:\\\/\\\/redenoticiaz.com.br\\\/litoralsp\\\/#website\",\"url\":\"https:\\\/\\\/redenoticiaz.com.br\\\/litoralsp\\\/\",\"name\":\"Litoral SP\",\"description\":\"Rede NoticiaZ\",\"publisher\":{\"@id\":\"https:\\\/\\\/redenoticiaz.com.br\\\/litoralsp\\\/#organization\"},\"potentialAction\":[{\"@type\":\"SearchAction\",\"target\":{\"@type\":\"EntryPoint\",\"urlTemplate\":\"https:\\\/\\\/redenoticiaz.com.br\\\/litoralsp\\\/?s={search_term_string}\"},\"query-input\":{\"@type\":\"PropertyValueSpecification\",\"valueRequired\":true,\"valueName\":\"search_term_string\"}}],\"inLanguage\":\"pt-BR\"},{\"@type\":\"Organization\",\"@id\":\"https:\\\/\\\/redenoticiaz.com.br\\\/litoralsp\\\/#organization\",\"name\":\"Litoral SP\",\"url\":\"https:\\\/\\\/redenoticiaz.com.br\\\/litoralsp\\\/\",\"logo\":{\"@type\":\"ImageObject\",\"inLanguage\":\"pt-BR\",\"@id\":\"https:\\\/\\\/redenoticiaz.com.br\\\/litoralsp\\\/#\\\/schema\\\/logo\\\/image\\\/\",\"url\":\"https:\\\/\\\/redenoticiaz.com.br\\\/litoralsp\\\/wp-content\\\/uploads\\\/sites\\\/3\\\/2020\\\/11\\\/logo.jpg\",\"contentUrl\":\"https:\\\/\\\/redenoticiaz.com.br\\\/litoralsp\\\/wp-content\\\/uploads\\\/sites\\\/3\\\/2020\\\/11\\\/logo.jpg\",\"width\":400,\"height\":250,\"caption\":\"Litoral SP\"},\"image\":{\"@id\":\"https:\\\/\\\/redenoticiaz.com.br\\\/litoralsp\\\/#\\\/schema\\\/logo\\\/image\\\/\"}},{\"@type\":\"Person\",\"@id\":\"https:\\\/\\\/redenoticiaz.com.br\\\/litoralsp\\\/#\\\/schema\\\/person\\\/16057b37a3c0ee6b096d7f887c566e2e\",\"name\":\"Gustavo Silva\",\"image\":{\"@type\":\"ImageObject\",\"inLanguage\":\"pt-BR\",\"@id\":\"https:\\\/\\\/secure.gravatar.com\\\/avatar\\\/3ee4e82f93b26de0a7cf4ea5eb7893da637ed6bb0c9170c58065944c56e28a33?s=96&d=mm&r=g\",\"url\":\"https:\\\/\\\/secure.gravatar.com\\\/avatar\\\/3ee4e82f93b26de0a7cf4ea5eb7893da637ed6bb0c9170c58065944c56e28a33?s=96&d=mm&r=g\",\"contentUrl\":\"https:\\\/\\\/secure.gravatar.com\\\/avatar\\\/3ee4e82f93b26de0a7cf4ea5eb7893da637ed6bb0c9170c58065944c56e28a33?s=96&d=mm&r=g\",\"caption\":\"Gustavo Silva\"},\"url\":\"https:\\\/\\\/redenoticiaz.com.br\\\/litoralsp\\\/author\\\/gustavosilva\"}]}<\/script>\n<!-- \/ Yoast SEO plugin. -->","yoast_head_json":{"title":"Quatro pessoas s\u00e3o presas por recepta\u00e7\u00e3o de cargas em Cubat\u00e3o - Litoral SP","description":"Quatro pessoas foram presas por Policiais Civis da Delegacia Sede de Cubat\u00e3o por recepta\u00e7\u00e3o de cargas furtadas de ferrovias da cidade.","robots":{"index":"index","follow":"follow","max-snippet":"max-snippet:-1","max-image-preview":"max-image-preview:large","max-video-preview":"max-video-preview:-1"},"canonical":"https:\/\/redenoticiaz.com.br\/litoralsp\/2023\/02\/04\/quatro-pessoas-sao-presas-por-receptacao-de-cargas-em-cubatao","og_locale":"pt_BR","og_type":"article","og_title":"Quatro pessoas s\u00e3o presas por recepta\u00e7\u00e3o de cargas em Cubat\u00e3o - Litoral SP","og_description":"Quatro pessoas foram presas por Policiais Civis da Delegacia Sede de Cubat\u00e3o por recepta\u00e7\u00e3o de cargas furtadas de ferrovias da cidade.","og_url":"https:\/\/redenoticiaz.com.br\/litoralsp\/2023\/02\/04\/quatro-pessoas-sao-presas-por-receptacao-de-cargas-em-cubatao","og_site_name":"Litoral SP","article_published_time":"2023-02-04T16:41:46+00:00","og_image":[{"width":576,"height":1024,"url":"https:\/\/redenoticiaz.com.br\/litoralsp\/wp-content\/uploads\/sites\/3\/2023\/02\/WhatsApp-Image-2023-02-04-at-13.10.43.jpeg","type":"image\/jpeg"}],"author":"Gustavo Silva","twitter_card":"summary_large_image","twitter_misc":{"Escrito por":"Gustavo Silva","Est. tempo de leitura":"2 minutos"},"schema":{"@context":"https:\/\/schema.org","@graph":[{"@type":"Article","@id":"https:\/\/redenoticiaz.com.br\/litoralsp\/2023\/02\/04\/quatro-pessoas-sao-presas-por-receptacao-de-cargas-em-cubatao#article","isPartOf":{"@id":"https:\/\/redenoticiaz.com.br\/litoralsp\/2023\/02\/04\/quatro-pessoas-sao-presas-por-receptacao-de-cargas-em-cubatao"},"author":{"name":"Gustavo Silva","@id":"https:\/\/redenoticiaz.com.br\/litoralsp\/#\/schema\/person\/16057b37a3c0ee6b096d7f887c566e2e"},"headline":"Quatro pessoas s\u00e3o presas por recepta\u00e7\u00e3o de cargas em Cubat\u00e3o","datePublished":"2023-02-04T16:41:46+00:00","mainEntityOfPage":{"@id":"https:\/\/redenoticiaz.com.br\/litoralsp\/2023\/02\/04\/quatro-pessoas-sao-presas-por-receptacao-de-cargas-em-cubatao"},"wordCount":331,"commentCount":0,"publisher":{"@id":"https:\/\/redenoticiaz.com.br\/litoralsp\/#organization"},"image":{"@id":"https:\/\/redenoticiaz.com.br\/litoralsp\/2023\/02\/04\/quatro-pessoas-sao-presas-por-receptacao-de-cargas-em-cubatao#primaryimage"},"thumbnailUrl":"https:\/\/redenoticiaz.com.br\/litoralsp\/wp-content\/uploads\/sites\/3\/2023\/02\/WhatsApp-Image-2023-02-04-at-13.10.43.jpeg","keywords":["a\u00e7\u00facar","CARGA","CUBAT\u00c3O","ORGANIZA\u00c7\u00c3O CRIMINOSA"],"articleSection":["Cubat\u00e3o"],"inLanguage":"pt-BR","potentialAction":[{"@type":"CommentAction","name":"Comment","target":["https:\/\/redenoticiaz.com.br\/litoralsp\/2023\/02\/04\/quatro-pessoas-sao-presas-por-receptacao-de-cargas-em-cubatao#respond"]}]},{"@type":"WebPage","@id":"https:\/\/redenoticiaz.com.br\/litoralsp\/2023\/02\/04\/quatro-pessoas-sao-presas-por-receptacao-de-cargas-em-cubatao","url":"https:\/\/redenoticiaz.com.br\/litoralsp\/2023\/02\/04\/quatro-pessoas-sao-presas-por-receptacao-de-cargas-em-cubatao","name":"Quatro pessoas s\u00e3o presas por recepta\u00e7\u00e3o de cargas em Cubat\u00e3o - Litoral SP","isPartOf":{"@id":"https:\/\/redenoticiaz.com.br\/litoralsp\/#website"},"primaryImageOfPage":{"@id":"https:\/\/redenoticiaz.com.br\/litoralsp\/2023\/02\/04\/quatro-pessoas-sao-presas-por-receptacao-de-cargas-em-cubatao#primaryimage"},"image":{"@id":"https:\/\/redenoticiaz.com.br\/litoralsp\/2023\/02\/04\/quatro-pessoas-sao-presas-por-receptacao-de-cargas-em-cubatao#primaryimage"},"thumbnailUrl":"https:\/\/redenoticiaz.com.br\/litoralsp\/wp-content\/uploads\/sites\/3\/2023\/02\/WhatsApp-Image-2023-02-04-at-13.10.43.jpeg","datePublished":"2023-02-04T16:41:46+00:00","description":"Quatro pessoas foram presas por Policiais Civis da Delegacia Sede de Cubat\u00e3o por recepta\u00e7\u00e3o de cargas furtadas de ferrovias da cidade.","inLanguage":"pt-BR","potentialAction":[{"@type":"ReadAction","target":["https:\/\/redenoticiaz.com.br\/litoralsp\/2023\/02\/04\/quatro-pessoas-sao-presas-por-receptacao-de-cargas-em-cubatao"]}]},{"@type":"ImageObject","inLanguage":"pt-BR","@id":"https:\/\/redenoticiaz.com.br\/litoralsp\/2023\/02\/04\/quatro-pessoas-sao-presas-por-receptacao-de-cargas-em-cubatao#primaryimage","url":"https:\/\/redenoticiaz.com.br\/litoralsp\/wp-content\/uploads\/sites\/3\/2023\/02\/WhatsApp-Image-2023-02-04-at-13.10.43.jpeg","contentUrl":"https:\/\/redenoticiaz.com.br\/litoralsp\/wp-content\/uploads\/sites\/3\/2023\/02\/WhatsApp-Image-2023-02-04-at-13.10.43.jpeg","width":576,"height":1024,"caption":"Quatro pessoas s\u00e3o presas por recepta\u00e7\u00e3o de cargas em Cubat\u00e3o"},{"@type":"WebSite","@id":"https:\/\/redenoticiaz.com.br\/litoralsp\/#website","url":"https:\/\/redenoticiaz.com.br\/litoralsp\/","name":"Litoral SP","description":"Rede NoticiaZ","publisher":{"@id":"https:\/\/redenoticiaz.com.br\/litoralsp\/#organization"},"potentialAction":[{"@type":"SearchAction","target":{"@type":"EntryPoint","urlTemplate":"https:\/\/redenoticiaz.com.br\/litoralsp\/?s={search_term_string}"},"query-input":{"@type":"PropertyValueSpecification","valueRequired":true,"valueName":"search_term_string"}}],"inLanguage":"pt-BR"},{"@type":"Organization","@id":"https:\/\/redenoticiaz.com.br\/litoralsp\/#organization","name":"Litoral SP","url":"https:\/\/redenoticiaz.com.br\/litoralsp\/","logo":{"@type":"ImageObject","inLanguage":"pt-BR","@id":"https:\/\/redenoticiaz.com.br\/litoralsp\/#\/schema\/logo\/image\/","url":"https:\/\/redenoticiaz.com.br\/litoralsp\/wp-content\/uploads\/sites\/3\/2020\/11\/logo.jpg","contentUrl":"https:\/\/redenoticiaz.com.br\/litoralsp\/wp-content\/uploads\/sites\/3\/2020\/11\/logo.jpg","width":400,"height":250,"caption":"Litoral SP"},"image":{"@id":"https:\/\/redenoticiaz.com.br\/litoralsp\/#\/schema\/logo\/image\/"}},{"@type":"Person","@id":"https:\/\/redenoticiaz.com.br\/litoralsp\/#\/schema\/person\/16057b37a3c0ee6b096d7f887c566e2e","name":"Gustavo Silva","image":{"@type":"ImageObject","inLanguage":"pt-BR","@id":"https:\/\/secure.gravatar.com\/avatar\/3ee4e82f93b26de0a7cf4ea5eb7893da637ed6bb0c9170c58065944c56e28a33?s=96&d=mm&r=g","url":"https:\/\/secure.gravatar.com\/avatar\/3ee4e82f93b26de0a7cf4ea5eb7893da637ed6bb0c9170c58065944c56e28a33?s=96&d=mm&r=g","contentUrl":"https:\/\/secure.gravatar.com\/avatar\/3ee4e82f93b26de0a7cf4ea5eb7893da637ed6bb0c9170c58065944c56e28a33?s=96&d=mm&r=g","caption":"Gustavo Silva"},"url":"https:\/\/redenoticiaz.com.br\/litoralsp\/author\/gustavosilva"}]}},"_links":{"self":[{"href":"https:\/\/redenoticiaz.com.br\/litoralsp\/wp-json\/wp\/v2\/posts\/100160","targetHints":{"allow":["GET"]}}],"collection":[{"href":"https:\/\/redenoticiaz.com.br\/litoralsp\/wp-json\/wp\/v2\/posts"}],"about":[{"href":"https:\/\/redenoticiaz.com.br\/litoralsp\/wp-json\/wp\/v2\/types\/post"}],"author":[{"embeddable":true,"href":"https:\/\/redenoticiaz.com.br\/litoralsp\/wp-json\/wp\/v2\/users\/12"}],"replies":[{"embeddable":true,"href":"https:\/\/redenoticiaz.com.br\/litoralsp\/wp-json\/wp\/v2\/comments?post=100160"}],"version-history":[{"count":1,"href":"https:\/\/redenoticiaz.com.br\/litoralsp\/wp-json\/wp\/v2\/posts\/100160\/revisions"}],"predecessor-version":[{"id":100163,"href":"https:\/\/redenoticiaz.com.br\/litoralsp\/wp-json\/wp\/v2\/posts\/100160\/revisions\/100163"}],"wp:featuredmedia":[{"embeddable":true,"href":"https:\/\/redenoticiaz.com.br\/litoralsp\/wp-json\/wp\/v2\/media\/100161"}],"wp:attachment":[{"href":"https:\/\/redenoticiaz.com.br\/litoralsp\/wp-json\/wp\/v2\/media?parent=100160"}],"wp:term":[{"taxonomy":"category","embeddable":true,"href":"https:\/\/redenoticiaz.com.br\/litoralsp\/wp-json\/wp\/v2\/categories?post=100160"},{"taxonomy":"post_tag","embeddable":true,"href":"https:\/\/redenoticiaz.com.br\/litoralsp\/wp-json\/wp\/v2\/tags?post=100160"}],"curies":[{"name":"wp","href":"https:\/\/api.w.org\/{rel}","templated":true}]}}