{"id":100225,"date":"2023-02-11T07:00:20","date_gmt":"2023-02-11T10:00:20","guid":{"rendered":"https:\/\/redenoticiaz.com.br\/litoralsp\/?p=100225"},"modified":"2023-02-06T12:17:01","modified_gmt":"2023-02-06T15:17:01","slug":"artigo-sindrome-de-tourette-o-maior-desafio-do-cara-de-sapato","status":"publish","type":"post","link":"https:\/\/redenoticiaz.com.br\/litoralsp\/2023\/02\/11\/artigo-sindrome-de-tourette-o-maior-desafio-do-cara-de-sapato","title":{"rendered":"Artigo &#8211; S\u00edndrome de Tourette, o maior desafio do &#8220;Cara de Sapato&#8221;"},"content":{"rendered":"<p><em>Por Andr\u00e9a Ladislau (Doutora em Psican\u00e1lise)<\/em><\/p>\n<p class=\"v1ql-align-justify\">O BBB 23 por ser um programa que descortina emo\u00e7\u00f5es e sentimentos, atrav\u00e9s da exposi\u00e7\u00e3o nua e crua a que se prop\u00f5e um reality, tende a evidenciar as fragilidades humanas e traz para a tela assuntos cotidianos que a sociedade, muitas vezes, tem dificuldade em abordar.<\/p>\n<p class=\"v1ql-align-justify\">Tanto que, quem assiste uma luta onde o paraibano Ant\u00f4nio &#8220;Cara de Sapato&#8221;, mestre em Jiu-Jitsu e artes marciais que demonstra toda sua for\u00e7a e garra para vencer as competi\u00e7\u00f5es, nem imagina que o atleta, campe\u00e3o brasileiro de 32 anos, enfrenta um problema relacionado \u00e0 sa\u00fade mental: a <strong>S\u00edndrome de Tourette<\/strong> somada a constantes crises de ansiedade.<\/p>\n<p class=\"v1ql-align-justify\">O drama do participante acendeu o alerta em rela\u00e7\u00f5es aos sintomas, causas e tratamentos para a S\u00edndrome. Em uma conversa captada pelas c\u00e2meras do reality show, o lutador contou que recebeu esse diagn\u00f3stico aos 7 anos de idade e ali viu sua vida se transformar em fun\u00e7\u00e3o dos cuidados e preocupa\u00e7\u00f5es com a S\u00edndrome de Tourette.<\/p>\n<p class=\"v1ql-align-justify\">\u00c9 um dist\u00farbio neuropsiqui\u00e1trico caracterizado por &#8220;tiques nervosos &#8221; que se manifestam de maneira involunt\u00e1ria, como: piscar os olhos; inclinar a cabe\u00e7a; encolher os ombros; tocar no nariz; fazer caretas; movimentar de forma cont\u00ednua, os dedos das m\u00e3os; fazer gestos obscenos; chutes; sacudir o pesco\u00e7o; bater no peito; usar de xingamentos; solu\u00e7ar; gritar; cuspir; cacarejar; gemer; uivar; limpar a garganta; repetir palavras ou frases; usar diferentes tons de voz. Ou qualquer um outro &#8220;tique&#8221;, seja motor ou vocal, mas que seja repetitivo. Pode durar anos ou seguir ao longo de toda a vida.<\/p>\n<p class=\"v1ql-align-justify\">Existem causas gen\u00e9ticas e heredit\u00e1rias, mas tamb\u00e9m relatos de pessoas que foram diagnosticadas depois de sofrer um traumatismo craniano ou alguma infec\u00e7\u00e3o ou problema card\u00edaco.\u00a0O participante &#8220;cara de sapato&#8217; declarou que as causas de seu problema estavam relacionadas a problemas familiares, discuss\u00f5es entre os pais, presenciadas quando crian\u00e7a. O que demonstra que a s\u00edndrome tamb\u00e9m pode se manifestar atrav\u00e9s de fatores ambientais e de desenvolvimento.<\/p>\n<p class=\"v1ql-align-justify\">O tratamento adequado requer uma consulta especializada com o neurologista para determinar o plano terap\u00eautico, para que o paciente se sinta confort\u00e1vel e livre dessas repeti\u00e7\u00f5es inc\u00f4modas. Al\u00e9m disso, al\u00e9m do acompanhamento neurol\u00f3gico, faz-se necess\u00e1rio a terapia para desenvolver um processo de reeduca\u00e7\u00e3o cerebral, onde atrav\u00e9s de t\u00e9cnicas e ferramentas espec\u00edficas, o profissional de sa\u00fade mental ir\u00e1 trabalhar com o paciente mecanismos de defesa que possam barrar as repeti\u00e7\u00f5es e bloquear a associa\u00e7\u00e3o de novos transtornos oportunistas, como os transtornos obsessivos compulsivos, a hiperatividade e as crises de ansiedade (tamb\u00e9m manifestadas no BBB 23 pelo participante &#8220;cara de sapato&#8221;) que atingem cerca de 40% das pessoas diagnosticadas com a S\u00edndrome de Tourette.<\/p>\n<p class=\"v1ql-align-justify\">Enfim, em momentos de crise de ansiedade e manifesta\u00e7\u00e3o da S\u00edndrome de Tourette que, em muitos casos, constrangem o indiv\u00edduo, o ideal \u00e9 acolher a pessoa e provocar a\u00e7\u00f5es para diminui\u00e7\u00e3o dos sintomas f\u00edsicos, como a respira\u00e7\u00e3o profunda, por exemplo.<\/p>\n<p class=\"v1ql-align-justify\">A busca por ajuda com profissionais especializados \u00e9 fundamental para o controle do quadro cl\u00ednico a promo\u00e7\u00e3o de qualidade de vida. Ou seja, conhecer e reconhecer em si mesmo o problema \u00e9 muito importante para buscar ajuda, objetivando a redu\u00e7\u00e3o dos impactos negativos.<\/p>\n<p><strong>LEIA TAMB\u00c9M<\/strong><\/p>\n<p><a href=\"https:\/\/redenoticiaz.com.br\/blog\/2023\/02\/06\/cezar-gabriel-santana-e-tina-sao-escolhidos-para-ir-ao-paredao\">C\u00e9zar, Gabriel Santana e Tina s\u00e3o escolhidos para ir ao Pared\u00e3o<\/a><\/p>\n","protected":false},"excerpt":{"rendered":"<p>Por Andr\u00e9a Ladislau (Doutora em Psican\u00e1lise) O BBB 23 por ser um programa que descortina emo\u00e7\u00f5es e sentimentos, atrav\u00e9s da exposi\u00e7\u00e3o nua e crua a que se prop\u00f5e um reality, tende a evidenciar as fragilidades humanas e traz para a tela assuntos cotidianos que a sociedade, muitas vezes, tem dificuldade em abordar. Tanto que, quem &hellip;<\/p>\n","protected":false},"author":6,"featured_media":100226,"comment_status":"open","ping_status":"closed","sticky":false,"template":"","format":"standard","meta":{"footnotes":""},"categories":[1],"tags":[61866,12676,63164,60635,58758],"class_list":["post-100225","post","type-post","status-publish","format-standard","has-post-thumbnail","hentry","category-sem","tag-bbb-23","tag-big-brother-brasil","tag-cara-de-sapato","tag-psiquiatria","tag-sindrome-de-tourette"],"yoast_head":"<!-- This site is optimized with the Yoast SEO plugin v27.5 - https:\/\/yoast.com\/product\/yoast-seo-wordpress\/ -->\n<title>Artigo &#8211; S\u00edndrome de Tourette, o maior desafio do &#8220;Cara de Sapato&#8221; - Litoral SP<\/title>\n<meta name=\"description\" content=\"32 anos, enfrenta um problema relacionado \u00e0 sa\u00fade mental: a S\u00edndrome de Tourette somada a constantes crises de ansiedade.\" \/>\n<meta name=\"robots\" content=\"index, follow, max-snippet:-1, max-image-preview:large, max-video-preview:-1\" \/>\n<link rel=\"canonical\" href=\"https:\/\/redenoticiaz.com.br\/litoralsp\/2023\/02\/11\/artigo-sindrome-de-tourette-o-maior-desafio-do-cara-de-sapato\" \/>\n<meta property=\"og:locale\" content=\"pt_BR\" \/>\n<meta property=\"og:type\" content=\"article\" \/>\n<meta property=\"og:title\" content=\"Artigo &#8211; S\u00edndrome de Tourette, o maior desafio do &#8220;Cara de Sapato&#8221; - Litoral SP\" \/>\n<meta property=\"og:description\" content=\"32 anos, enfrenta um problema relacionado \u00e0 sa\u00fade mental: a S\u00edndrome de Tourette somada a constantes crises de ansiedade.\" \/>\n<meta property=\"og:url\" content=\"https:\/\/redenoticiaz.com.br\/litoralsp\/2023\/02\/11\/artigo-sindrome-de-tourette-o-maior-desafio-do-cara-de-sapato\" \/>\n<meta property=\"og:site_name\" content=\"Litoral SP\" \/>\n<meta property=\"article:published_time\" content=\"2023-02-11T10:00:20+00:00\" \/>\n<meta name=\"author\" content=\"Leonardo Francisco\" \/>\n<meta name=\"twitter:card\" content=\"summary_large_image\" \/>\n<meta name=\"twitter:image\" content=\"https:\/\/redenoticiaz.com.br\/litoralsp\/wp-content\/uploads\/sites\/3\/2023\/02\/antonio-cara-de-sapato-irritado-after-dos-cria-bbb23.jpg?v=1675696555\" \/>\n<meta name=\"twitter:label1\" content=\"Escrito por\" \/>\n\t<meta name=\"twitter:data1\" content=\"Leonardo Francisco\" \/>\n\t<meta name=\"twitter:label2\" content=\"Est. tempo de leitura\" \/>\n\t<meta name=\"twitter:data2\" content=\"3 minutos\" \/>\n<script type=\"application\/ld+json\" class=\"yoast-schema-graph\">{\"@context\":\"https:\\\/\\\/schema.org\",\"@graph\":[{\"@type\":\"Article\",\"@id\":\"https:\\\/\\\/redenoticiaz.com.br\\\/litoralsp\\\/2023\\\/02\\\/11\\\/artigo-sindrome-de-tourette-o-maior-desafio-do-cara-de-sapato#article\",\"isPartOf\":{\"@id\":\"https:\\\/\\\/redenoticiaz.com.br\\\/litoralsp\\\/2023\\\/02\\\/11\\\/artigo-sindrome-de-tourette-o-maior-desafio-do-cara-de-sapato\"},\"author\":{\"name\":\"Leonardo Francisco\",\"@id\":\"https:\\\/\\\/redenoticiaz.com.br\\\/litoralsp\\\/#\\\/schema\\\/person\\\/0f0b8a5bdafefe82841e07ae8d81ecb3\"},\"headline\":\"Artigo &#8211; S\u00edndrome de Tourette, o maior desafio do &#8220;Cara de Sapato&#8221;\",\"datePublished\":\"2023-02-11T10:00:20+00:00\",\"mainEntityOfPage\":{\"@id\":\"https:\\\/\\\/redenoticiaz.com.br\\\/litoralsp\\\/2023\\\/02\\\/11\\\/artigo-sindrome-de-tourette-o-maior-desafio-do-cara-de-sapato\"},\"wordCount\":601,\"commentCount\":0,\"publisher\":{\"@id\":\"https:\\\/\\\/redenoticiaz.com.br\\\/litoralsp\\\/#organization\"},\"image\":{\"@id\":\"https:\\\/\\\/redenoticiaz.com.br\\\/litoralsp\\\/2023\\\/02\\\/11\\\/artigo-sindrome-de-tourette-o-maior-desafio-do-cara-de-sapato#primaryimage\"},\"thumbnailUrl\":\"https:\\\/\\\/redenoticiaz.com.br\\\/litoralsp\\\/wp-content\\\/uploads\\\/sites\\\/3\\\/2023\\\/02\\\/antonio-cara-de-sapato-irritado-after-dos-cria-bbb23.jpg?v=1675696555\",\"keywords\":[\"BBB 23\",\"BIG BROTHER BRASIL\",\"CARA DE SAPATO\",\"PSIQUIATRIA\",\"S\u00cdNDROME DE TOURETTE\"],\"articleSection\":[\"sem\"],\"inLanguage\":\"pt-BR\",\"potentialAction\":[{\"@type\":\"CommentAction\",\"name\":\"Comment\",\"target\":[\"https:\\\/\\\/redenoticiaz.com.br\\\/litoralsp\\\/2023\\\/02\\\/11\\\/artigo-sindrome-de-tourette-o-maior-desafio-do-cara-de-sapato#respond\"]}]},{\"@type\":\"WebPage\",\"@id\":\"https:\\\/\\\/redenoticiaz.com.br\\\/litoralsp\\\/2023\\\/02\\\/11\\\/artigo-sindrome-de-tourette-o-maior-desafio-do-cara-de-sapato\",\"url\":\"https:\\\/\\\/redenoticiaz.com.br\\\/litoralsp\\\/2023\\\/02\\\/11\\\/artigo-sindrome-de-tourette-o-maior-desafio-do-cara-de-sapato\",\"name\":\"Artigo &#8211; S\u00edndrome de Tourette, o maior desafio do &#8220;Cara de Sapato&#8221; - Litoral SP\",\"isPartOf\":{\"@id\":\"https:\\\/\\\/redenoticiaz.com.br\\\/litoralsp\\\/#website\"},\"primaryImageOfPage\":{\"@id\":\"https:\\\/\\\/redenoticiaz.com.br\\\/litoralsp\\\/2023\\\/02\\\/11\\\/artigo-sindrome-de-tourette-o-maior-desafio-do-cara-de-sapato#primaryimage\"},\"image\":{\"@id\":\"https:\\\/\\\/redenoticiaz.com.br\\\/litoralsp\\\/2023\\\/02\\\/11\\\/artigo-sindrome-de-tourette-o-maior-desafio-do-cara-de-sapato#primaryimage\"},\"thumbnailUrl\":\"https:\\\/\\\/redenoticiaz.com.br\\\/litoralsp\\\/wp-content\\\/uploads\\\/sites\\\/3\\\/2023\\\/02\\\/antonio-cara-de-sapato-irritado-after-dos-cria-bbb23.jpg?v=1675696555\",\"datePublished\":\"2023-02-11T10:00:20+00:00\",\"description\":\"32 anos, enfrenta um problema relacionado \u00e0 sa\u00fade mental: a S\u00edndrome de Tourette somada a constantes crises de ansiedade.\",\"inLanguage\":\"pt-BR\",\"potentialAction\":[{\"@type\":\"ReadAction\",\"target\":[\"https:\\\/\\\/redenoticiaz.com.br\\\/litoralsp\\\/2023\\\/02\\\/11\\\/artigo-sindrome-de-tourette-o-maior-desafio-do-cara-de-sapato\"]}]},{\"@type\":\"ImageObject\",\"inLanguage\":\"pt-BR\",\"@id\":\"https:\\\/\\\/redenoticiaz.com.br\\\/litoralsp\\\/2023\\\/02\\\/11\\\/artigo-sindrome-de-tourette-o-maior-desafio-do-cara-de-sapato#primaryimage\",\"url\":\"https:\\\/\\\/redenoticiaz.com.br\\\/litoralsp\\\/wp-content\\\/uploads\\\/sites\\\/3\\\/2023\\\/02\\\/antonio-cara-de-sapato-irritado-after-dos-cria-bbb23.jpg?v=1675696555\",\"contentUrl\":\"https:\\\/\\\/redenoticiaz.com.br\\\/litoralsp\\\/wp-content\\\/uploads\\\/sites\\\/3\\\/2023\\\/02\\\/antonio-cara-de-sapato-irritado-after-dos-cria-bbb23.jpg?v=1675696555\",\"width\":1200,\"height\":800,\"caption\":\"Cr\u00e9ditos: Reprodu\u00e7\u00e3o\\\/TV Globo\"},{\"@type\":\"WebSite\",\"@id\":\"https:\\\/\\\/redenoticiaz.com.br\\\/litoralsp\\\/#website\",\"url\":\"https:\\\/\\\/redenoticiaz.com.br\\\/litoralsp\\\/\",\"name\":\"Litoral SP\",\"description\":\"Rede NoticiaZ\",\"publisher\":{\"@id\":\"https:\\\/\\\/redenoticiaz.com.br\\\/litoralsp\\\/#organization\"},\"potentialAction\":[{\"@type\":\"SearchAction\",\"target\":{\"@type\":\"EntryPoint\",\"urlTemplate\":\"https:\\\/\\\/redenoticiaz.com.br\\\/litoralsp\\\/?s={search_term_string}\"},\"query-input\":{\"@type\":\"PropertyValueSpecification\",\"valueRequired\":true,\"valueName\":\"search_term_string\"}}],\"inLanguage\":\"pt-BR\"},{\"@type\":\"Organization\",\"@id\":\"https:\\\/\\\/redenoticiaz.com.br\\\/litoralsp\\\/#organization\",\"name\":\"Litoral SP\",\"url\":\"https:\\\/\\\/redenoticiaz.com.br\\\/litoralsp\\\/\",\"logo\":{\"@type\":\"ImageObject\",\"inLanguage\":\"pt-BR\",\"@id\":\"https:\\\/\\\/redenoticiaz.com.br\\\/litoralsp\\\/#\\\/schema\\\/logo\\\/image\\\/\",\"url\":\"https:\\\/\\\/redenoticiaz.com.br\\\/litoralsp\\\/wp-content\\\/uploads\\\/sites\\\/3\\\/2020\\\/11\\\/logo.jpg\",\"contentUrl\":\"https:\\\/\\\/redenoticiaz.com.br\\\/litoralsp\\\/wp-content\\\/uploads\\\/sites\\\/3\\\/2020\\\/11\\\/logo.jpg\",\"width\":400,\"height\":250,\"caption\":\"Litoral SP\"},\"image\":{\"@id\":\"https:\\\/\\\/redenoticiaz.com.br\\\/litoralsp\\\/#\\\/schema\\\/logo\\\/image\\\/\"}},{\"@type\":\"Person\",\"@id\":\"https:\\\/\\\/redenoticiaz.com.br\\\/litoralsp\\\/#\\\/schema\\\/person\\\/0f0b8a5bdafefe82841e07ae8d81ecb3\",\"name\":\"Leonardo Francisco\",\"image\":{\"@type\":\"ImageObject\",\"inLanguage\":\"pt-BR\",\"@id\":\"https:\\\/\\\/secure.gravatar.com\\\/avatar\\\/a7358cb406a99b682ec6df1e77e31ae82e63601f6784e8a3df411d72b37864da?s=96&d=mm&r=g\",\"url\":\"https:\\\/\\\/secure.gravatar.com\\\/avatar\\\/a7358cb406a99b682ec6df1e77e31ae82e63601f6784e8a3df411d72b37864da?s=96&d=mm&r=g\",\"contentUrl\":\"https:\\\/\\\/secure.gravatar.com\\\/avatar\\\/a7358cb406a99b682ec6df1e77e31ae82e63601f6784e8a3df411d72b37864da?s=96&d=mm&r=g\",\"caption\":\"Leonardo Francisco\"},\"url\":\"https:\\\/\\\/redenoticiaz.com.br\\\/litoralsp\\\/author\\\/leonardo-francisco\"}]}<\/script>\n<!-- \/ Yoast SEO plugin. -->","yoast_head_json":{"title":"Artigo &#8211; S\u00edndrome de Tourette, o maior desafio do &#8220;Cara de Sapato&#8221; - Litoral SP","description":"32 anos, enfrenta um problema relacionado \u00e0 sa\u00fade mental: a S\u00edndrome de Tourette somada a constantes crises de ansiedade.","robots":{"index":"index","follow":"follow","max-snippet":"max-snippet:-1","max-image-preview":"max-image-preview:large","max-video-preview":"max-video-preview:-1"},"canonical":"https:\/\/redenoticiaz.com.br\/litoralsp\/2023\/02\/11\/artigo-sindrome-de-tourette-o-maior-desafio-do-cara-de-sapato","og_locale":"pt_BR","og_type":"article","og_title":"Artigo &#8211; S\u00edndrome de Tourette, o maior desafio do &#8220;Cara de Sapato&#8221; - Litoral SP","og_description":"32 anos, enfrenta um problema relacionado \u00e0 sa\u00fade mental: a S\u00edndrome de Tourette somada a constantes crises de ansiedade.","og_url":"https:\/\/redenoticiaz.com.br\/litoralsp\/2023\/02\/11\/artigo-sindrome-de-tourette-o-maior-desafio-do-cara-de-sapato","og_site_name":"Litoral SP","article_published_time":"2023-02-11T10:00:20+00:00","author":"Leonardo Francisco","twitter_card":"summary_large_image","twitter_image":"https:\/\/redenoticiaz.com.br\/litoralsp\/wp-content\/uploads\/sites\/3\/2023\/02\/antonio-cara-de-sapato-irritado-after-dos-cria-bbb23.jpg?v=1675696555","twitter_misc":{"Escrito por":"Leonardo Francisco","Est. tempo de leitura":"3 minutos"},"schema":{"@context":"https:\/\/schema.org","@graph":[{"@type":"Article","@id":"https:\/\/redenoticiaz.com.br\/litoralsp\/2023\/02\/11\/artigo-sindrome-de-tourette-o-maior-desafio-do-cara-de-sapato#article","isPartOf":{"@id":"https:\/\/redenoticiaz.com.br\/litoralsp\/2023\/02\/11\/artigo-sindrome-de-tourette-o-maior-desafio-do-cara-de-sapato"},"author":{"name":"Leonardo Francisco","@id":"https:\/\/redenoticiaz.com.br\/litoralsp\/#\/schema\/person\/0f0b8a5bdafefe82841e07ae8d81ecb3"},"headline":"Artigo &#8211; S\u00edndrome de Tourette, o maior desafio do &#8220;Cara de Sapato&#8221;","datePublished":"2023-02-11T10:00:20+00:00","mainEntityOfPage":{"@id":"https:\/\/redenoticiaz.com.br\/litoralsp\/2023\/02\/11\/artigo-sindrome-de-tourette-o-maior-desafio-do-cara-de-sapato"},"wordCount":601,"commentCount":0,"publisher":{"@id":"https:\/\/redenoticiaz.com.br\/litoralsp\/#organization"},"image":{"@id":"https:\/\/redenoticiaz.com.br\/litoralsp\/2023\/02\/11\/artigo-sindrome-de-tourette-o-maior-desafio-do-cara-de-sapato#primaryimage"},"thumbnailUrl":"https:\/\/redenoticiaz.com.br\/litoralsp\/wp-content\/uploads\/sites\/3\/2023\/02\/antonio-cara-de-sapato-irritado-after-dos-cria-bbb23.jpg?v=1675696555","keywords":["BBB 23","BIG BROTHER BRASIL","CARA DE SAPATO","PSIQUIATRIA","S\u00cdNDROME DE TOURETTE"],"articleSection":["sem"],"inLanguage":"pt-BR","potentialAction":[{"@type":"CommentAction","name":"Comment","target":["https:\/\/redenoticiaz.com.br\/litoralsp\/2023\/02\/11\/artigo-sindrome-de-tourette-o-maior-desafio-do-cara-de-sapato#respond"]}]},{"@type":"WebPage","@id":"https:\/\/redenoticiaz.com.br\/litoralsp\/2023\/02\/11\/artigo-sindrome-de-tourette-o-maior-desafio-do-cara-de-sapato","url":"https:\/\/redenoticiaz.com.br\/litoralsp\/2023\/02\/11\/artigo-sindrome-de-tourette-o-maior-desafio-do-cara-de-sapato","name":"Artigo &#8211; S\u00edndrome de Tourette, o maior desafio do &#8220;Cara de Sapato&#8221; - Litoral SP","isPartOf":{"@id":"https:\/\/redenoticiaz.com.br\/litoralsp\/#website"},"primaryImageOfPage":{"@id":"https:\/\/redenoticiaz.com.br\/litoralsp\/2023\/02\/11\/artigo-sindrome-de-tourette-o-maior-desafio-do-cara-de-sapato#primaryimage"},"image":{"@id":"https:\/\/redenoticiaz.com.br\/litoralsp\/2023\/02\/11\/artigo-sindrome-de-tourette-o-maior-desafio-do-cara-de-sapato#primaryimage"},"thumbnailUrl":"https:\/\/redenoticiaz.com.br\/litoralsp\/wp-content\/uploads\/sites\/3\/2023\/02\/antonio-cara-de-sapato-irritado-after-dos-cria-bbb23.jpg?v=1675696555","datePublished":"2023-02-11T10:00:20+00:00","description":"32 anos, enfrenta um problema relacionado \u00e0 sa\u00fade mental: a S\u00edndrome de Tourette somada a constantes crises de ansiedade.","inLanguage":"pt-BR","potentialAction":[{"@type":"ReadAction","target":["https:\/\/redenoticiaz.com.br\/litoralsp\/2023\/02\/11\/artigo-sindrome-de-tourette-o-maior-desafio-do-cara-de-sapato"]}]},{"@type":"ImageObject","inLanguage":"pt-BR","@id":"https:\/\/redenoticiaz.com.br\/litoralsp\/2023\/02\/11\/artigo-sindrome-de-tourette-o-maior-desafio-do-cara-de-sapato#primaryimage","url":"https:\/\/redenoticiaz.com.br\/litoralsp\/wp-content\/uploads\/sites\/3\/2023\/02\/antonio-cara-de-sapato-irritado-after-dos-cria-bbb23.jpg?v=1675696555","contentUrl":"https:\/\/redenoticiaz.com.br\/litoralsp\/wp-content\/uploads\/sites\/3\/2023\/02\/antonio-cara-de-sapato-irritado-after-dos-cria-bbb23.jpg?v=1675696555","width":1200,"height":800,"caption":"Cr\u00e9ditos: Reprodu\u00e7\u00e3o\/TV Globo"},{"@type":"WebSite","@id":"https:\/\/redenoticiaz.com.br\/litoralsp\/#website","url":"https:\/\/redenoticiaz.com.br\/litoralsp\/","name":"Litoral SP","description":"Rede NoticiaZ","publisher":{"@id":"https:\/\/redenoticiaz.com.br\/litoralsp\/#organization"},"potentialAction":[{"@type":"SearchAction","target":{"@type":"EntryPoint","urlTemplate":"https:\/\/redenoticiaz.com.br\/litoralsp\/?s={search_term_string}"},"query-input":{"@type":"PropertyValueSpecification","valueRequired":true,"valueName":"search_term_string"}}],"inLanguage":"pt-BR"},{"@type":"Organization","@id":"https:\/\/redenoticiaz.com.br\/litoralsp\/#organization","name":"Litoral SP","url":"https:\/\/redenoticiaz.com.br\/litoralsp\/","logo":{"@type":"ImageObject","inLanguage":"pt-BR","@id":"https:\/\/redenoticiaz.com.br\/litoralsp\/#\/schema\/logo\/image\/","url":"https:\/\/redenoticiaz.com.br\/litoralsp\/wp-content\/uploads\/sites\/3\/2020\/11\/logo.jpg","contentUrl":"https:\/\/redenoticiaz.com.br\/litoralsp\/wp-content\/uploads\/sites\/3\/2020\/11\/logo.jpg","width":400,"height":250,"caption":"Litoral SP"},"image":{"@id":"https:\/\/redenoticiaz.com.br\/litoralsp\/#\/schema\/logo\/image\/"}},{"@type":"Person","@id":"https:\/\/redenoticiaz.com.br\/litoralsp\/#\/schema\/person\/0f0b8a5bdafefe82841e07ae8d81ecb3","name":"Leonardo Francisco","image":{"@type":"ImageObject","inLanguage":"pt-BR","@id":"https:\/\/secure.gravatar.com\/avatar\/a7358cb406a99b682ec6df1e77e31ae82e63601f6784e8a3df411d72b37864da?s=96&d=mm&r=g","url":"https:\/\/secure.gravatar.com\/avatar\/a7358cb406a99b682ec6df1e77e31ae82e63601f6784e8a3df411d72b37864da?s=96&d=mm&r=g","contentUrl":"https:\/\/secure.gravatar.com\/avatar\/a7358cb406a99b682ec6df1e77e31ae82e63601f6784e8a3df411d72b37864da?s=96&d=mm&r=g","caption":"Leonardo Francisco"},"url":"https:\/\/redenoticiaz.com.br\/litoralsp\/author\/leonardo-francisco"}]}},"_links":{"self":[{"href":"https:\/\/redenoticiaz.com.br\/litoralsp\/wp-json\/wp\/v2\/posts\/100225","targetHints":{"allow":["GET"]}}],"collection":[{"href":"https:\/\/redenoticiaz.com.br\/litoralsp\/wp-json\/wp\/v2\/posts"}],"about":[{"href":"https:\/\/redenoticiaz.com.br\/litoralsp\/wp-json\/wp\/v2\/types\/post"}],"author":[{"embeddable":true,"href":"https:\/\/redenoticiaz.com.br\/litoralsp\/wp-json\/wp\/v2\/users\/6"}],"replies":[{"embeddable":true,"href":"https:\/\/redenoticiaz.com.br\/litoralsp\/wp-json\/wp\/v2\/comments?post=100225"}],"version-history":[{"count":0,"href":"https:\/\/redenoticiaz.com.br\/litoralsp\/wp-json\/wp\/v2\/posts\/100225\/revisions"}],"wp:featuredmedia":[{"embeddable":true,"href":"https:\/\/redenoticiaz.com.br\/litoralsp\/wp-json\/wp\/v2\/media\/100226"}],"wp:attachment":[{"href":"https:\/\/redenoticiaz.com.br\/litoralsp\/wp-json\/wp\/v2\/media?parent=100225"}],"wp:term":[{"taxonomy":"category","embeddable":true,"href":"https:\/\/redenoticiaz.com.br\/litoralsp\/wp-json\/wp\/v2\/categories?post=100225"},{"taxonomy":"post_tag","embeddable":true,"href":"https:\/\/redenoticiaz.com.br\/litoralsp\/wp-json\/wp\/v2\/tags?post=100225"}],"curies":[{"name":"wp","href":"https:\/\/api.w.org\/{rel}","templated":true}]}}