{"id":100370,"date":"2023-02-08T11:41:50","date_gmt":"2023-02-08T14:41:50","guid":{"rendered":"https:\/\/redenoticiaz.com.br\/litoralsp\/?p=100370"},"modified":"2023-02-08T11:41:50","modified_gmt":"2023-02-08T14:41:50","slug":"carnabonde-e-carnacentro-prometem-30-horas-de-muita-folia-no-centro-de-santos","status":"publish","type":"post","link":"https:\/\/redenoticiaz.com.br\/litoralsp\/2023\/02\/08\/carnabonde-e-carnacentro-prometem-30-horas-de-muita-folia-no-centro-de-santos","title":{"rendered":"Carnabonde e Carnacentro prometem 30 horas de muita folia no Centro de Santos"},"content":{"rendered":"<p class=\"content-text__container \" data-track-category=\"Link no Texto\" data-track-links=\"\">\u00c9 folia que a popula\u00e7\u00e3o tanto queria? Ent\u00e3o ser\u00e1 em maratona de folia que o p\u00fablico ter\u00e1. Em Santos, a prefeitura divulgou a programa\u00e7\u00e3o de Carnaval no Centro Hist\u00f3rico, com direito a <strong>30 horas de folia<\/strong> entre os dias 18 e 21 de fevereiro. Al\u00e9m do tradicional \u2018Carnabonde\u2019, tamb\u00e9m vai ocorrer a primeira edi\u00e7\u00e3o do \u2018Carnacentro\u2019 ser\u00e3o totalmente abertos ao p\u00fablico e levar\u00e3o desfiles e apresenta\u00e7\u00f5es de bandas e blocos.<\/p>\n<div class=\"wall protected-content\">\n<div id=\"chunk-ad2kv\">\n<div class=\"mc-column content-text active-extra-styles \" data-block-type=\"unstyled\" data-block-weight=\"56\" data-block-id=\"4\">\n<p class=\"content-text__container \" data-track-category=\"Link no Texto\" data-track-links=\"\">O <strong>Carnabonde 2023<\/strong> acontece h\u00e1 20 anos e j\u00e1 se consolidou como um dos eventos carnavalescos mais tradicionais da cidade. Ele come\u00e7ar\u00e1 a partir de 12h do dia 18 de fevereiro, ap\u00f3s tr\u00eas anos sem ser realizado devido \u00e0 pandemia de Covid-19. Neste ano, o evento faz uma homenagem ao Clube S\u00edrio Liban\u00eas, que por d\u00e9cadas promoveu um dos bailes mais famosos e concorridos de Santos.<\/p>\n<\/div>\n<\/div>\n<div id=\"chunk-4glvb\">\n<div class=\"mc-column content-text active-extra-styles \" data-block-type=\"unstyled\" data-block-weight=\"66\" data-block-id=\"6\">\n<p class=\"content-text__container \" data-track-category=\"Link no Texto\" data-track-links=\"\">De acordo com a prefeitura, a 21\u00aa edi\u00e7\u00e3o do evento ter\u00e1 um bonde decorado pela equipe do artista pl\u00e1stico Andr\u00e9 Leahun. A festa conta com as presen\u00e7as da Corte Carnavalesca e das volunt\u00e1rias do Fundo Social de Solidariedade (FSS). Quanto \u00e0 m\u00fasica, as tradicionais marchinhas de Carnaval ficam por conta das bandas Oscar Guzzella [no carro de som] e da Zago Art Show [no palco].<\/p>\n<\/div>\n<\/div>\n<div id=\"chunk-1kb6d\">\n<div class=\"mc-column content-text active-extra-styles \" data-block-type=\"unstyled\" data-block-weight=\"35\" data-block-id=\"7\">\n<p class=\"content-text__container \" data-track-category=\"Link no Texto\" data-track-links=\"\">Neste ano, o bloco \u2018Sargento Pimenta\u2019, que faz sucesso no carnaval carioca e que traz no repert\u00f3rio vers\u00f5es de can\u00e7\u00f5es dos Beatles, se apresentar\u00e1 no final da tarde em um palco montado na Pra\u00e7a Mau\u00e1.<\/p>\n<div class=\"mc-column content-text active-extra-styles\" data-block-type=\"raw\" data-block-weight=\"1\" data-block-id=\"10\">\n<div class=\"content-intertitle\">\n<h3>Carnacentro<\/h3>\n<\/div>\n<\/div>\n<div id=\"chunk-bk8lt\">\n<div class=\"mc-column content-text active-extra-styles \" data-block-type=\"unstyled\" data-block-weight=\"45\" data-block-id=\"11\">\n<p class=\"content-text__container \" data-track-category=\"Link no Texto\" data-track-links=\"\">Novidade para os foli\u00f5es, a primeira edi\u00e7\u00e3o do Carnacentro ter\u00e1 tr\u00eas dias de evento, come\u00e7ando no dia 19 de fevereiro. A programa\u00e7\u00e3o conta com seis bandas por dia, que partir\u00e3o da Pra\u00e7a Mau\u00e1 e desfilar\u00e3o pelas ruas do Centro Hist\u00f3rico, durante uma hora cada uma.<\/p>\n<\/div>\n<\/div>\n<div id=\"chunk-cd71k\">\n<div class=\"mc-column content-text active-extra-styles \" data-block-type=\"unstyled\" data-block-weight=\"68\" data-block-id=\"12\">\n<p class=\"content-text__container \" data-track-category=\"Link no Texto\" data-track-links=\"\">Al\u00e9m dos desfiles, os blocos da regi\u00e3o se apresentam no palco da Pra\u00e7a Mau\u00e1. O \u2018Bloco Vale Tudo\u2019, com L\u00e9o Maia, \u00e9 o convidado do dia 19. J\u00e1 o \u2018Bloco do Torto\u2019 com Julinho Bittencourt, Jo\u00e3o Maria, Gibi Wagner e Monna se apresenta no segundo dia do Carnacentro, no dia 20. No dia seguinte, \u00e9 a vez do \u2018Bloco Ritaleena\u2019, um dos mais queridos do carnaval paulistano.<\/p>\n<\/div>\n<\/div>\n<div id=\"chunk-5n5tp\">\n<div class=\"mc-column content-text active-extra-styles \" data-block-type=\"unstyled\" data-block-weight=\"52\" data-block-id=\"13\">\n<p class=\"content-text__container \" data-track-category=\"Link no Texto\" data-track-links=\"\">Para garantir a seguran\u00e7a dos foli\u00f5es nos quatro dias de eventos, todo o entorno da Pra\u00e7a Mau\u00e1 ser\u00e1 cercado e os participantes ser\u00e3o revistados pela Guarda Municipal e Pol\u00edcia Militar. Os percursos &#8211; tanto do Carnabonde quanto do Carnacentro &#8211; ser\u00e3o monitorados pelas c\u00e2meras do Centro de Controle Operacional (CCO) da prefeitura.<\/p>\n<\/div>\n<\/div>\n<div class=\"mc-column content-text active-extra-styles\" data-block-type=\"raw\" data-block-weight=\"6\" data-block-id=\"14\">\n<div class=\"content-intertitle\">\n<h2>Confira a programa\u00e7\u00e3o completa do Carnacentro<\/h2>\n<\/div>\n<\/div>\n<div id=\"chunk-3tnp\">\n<div class=\"mc-column content-text active-extra-styles \" data-block-type=\"unstyled\" data-block-weight=\"2\" data-block-id=\"15\">\n<h5 class=\"content-text__container \" data-track-category=\"Link no Texto\"><strong>Dia 19<\/strong><\/h5>\n<\/div>\n<\/div>\n<div class=\"mc-column content-text active-extra-styles\" data-block-type=\"raw\" data-block-weight=\"46\" data-block-id=\"16\">\n<ul class=\"content-unordered-list\">\n<li>12h \u2013 Magia Tropical (palco)<\/li>\n<li>13h \u2013 Banda do Centro<\/li>\n<li>14h \u2013 Banda BB do Estu\u00e1rio<\/li>\n<li>15h \u2013 Banda Vila Sapo<\/li>\n<li>16h \u2013 Banda Ricardo Pinto<\/li>\n<li>17h \u2013 Banda Estivadores<\/li>\n<li>17h \u2013 Bloco Vale Tudo com L\u00e9o Maia (palco da Mau\u00e1)<\/li>\n<li>18h \u2013 Banda Vila Belmiro<\/li>\n<\/ul>\n<div id=\"chunk-62ko\">\n<div class=\"mc-column content-text active-extra-styles \" data-block-type=\"unstyled\" data-block-weight=\"2\" data-block-id=\"18\">\n<h5 class=\"content-text__container \" data-track-category=\"Link no Texto\"><strong>Dia 20<\/strong><\/h5>\n<\/div>\n<\/div>\n<div class=\"mc-column content-text active-extra-styles\" data-block-type=\"raw\" data-block-weight=\"52\" data-block-id=\"19\">\n<ul class=\"content-unordered-list\">\n<li>12h \u2013 Fura Lupa (palco da Mau\u00e1)<\/li>\n<li>13h \u2013 Banda do J\u00f4<\/li>\n<li>14h \u2013 Banda White Day<\/li>\n<li>15h \u2013 Vila Mathias<\/li>\n<li>16h \u2013 Banda Ja\u00fa<\/li>\n<li>17h \u2013 Banda Acad\u00eamicos da Vila<\/li>\n<li>17h \u2013 \u2018Bloco do Torto\u2019 com Julinho Bittencourt, Jo\u00e3o Maria, Gibi Wagner e Monna (palco)<\/li>\n<li>18h \u2013 Banda Vahia de Abreu<\/li>\n<\/ul>\n<\/div>\n<div class=\"mc-column content-text active-extra-styles\" data-block-type=\"raw\" data-block-weight=\"2\" data-block-id=\"20\">\n<div class=\"content-intertitle\">\n<h5>Dia 21<\/h5>\n<\/div>\n<\/div>\n<div class=\"mc-column content-text active-extra-styles\" data-block-type=\"raw\" data-block-weight=\"48\" data-block-id=\"21\">\n<ul class=\"content-unordered-list\">\n<li>12h \u2013 Banda Firenight (palco da Mau\u00e1)<\/li>\n<li>13h \u2013 Banda da Lazinha<\/li>\n<li>14h \u2013 Banda Bebo Mas N\u00e3o Travo<\/li>\n<li>15h \u2013 Banda da Capela<\/li>\n<li>16h \u2013 Banda Foli\u00f5es da Ponte<\/li>\n<li>17h \u2013 Banda Skin\u00e3o do Marap\u00e9<\/li>\n<li>17h \u2013 Bloco Ritaleena (palco da Mau\u00e1)<\/li>\n<li>18h \u2013 Banda do Chupa<\/li>\n<\/ul>\n<p><strong>LEIA TAMB\u00c9M<\/strong><\/p>\n<p><a href=\"https:\/\/redenoticiaz.com.br\/litoralsp\/2023\/02\/07\/ingressos-para-o-desfile-das-escolas-de-samba-de-santos-tem-vendas-encerradas\">Ingressos para o Desfile das Escolas de Samba de Santos tem vendas encerradas<\/a><\/p>\n<\/div>\n<\/div>\n<\/div>\n<\/div>\n<\/div>\n","protected":false},"excerpt":{"rendered":"<p>\u00c9 folia que a popula\u00e7\u00e3o tanto queria? Ent\u00e3o ser\u00e1 em maratona de folia que o p\u00fablico ter\u00e1. Em Santos, a prefeitura divulgou a programa\u00e7\u00e3o de Carnaval no Centro Hist\u00f3rico, com direito a 30 horas de folia entre os dias 18 e 21 de fevereiro. Al\u00e9m do tradicional \u2018Carnabonde\u2019, tamb\u00e9m vai ocorrer a primeira edi\u00e7\u00e3o do &hellip;<\/p>\n","protected":false},"author":6,"featured_media":100371,"comment_status":"open","ping_status":"closed","sticky":false,"template":"","format":"standard","meta":{"footnotes":""},"categories":[169,180],"tags":[63211,63212,50772,63213,986],"class_list":["post-100370","post","type-post","status-publish","format-standard","has-post-thumbnail","hentry","category-cultura","category-santos","tag-carnabonde","tag-carnacentro","tag-centro-historico-de-santos","tag-folia","tag-santos"],"yoast_head":"<!-- This site is optimized with the Yoast SEO plugin v27.5 - https:\/\/yoast.com\/product\/yoast-seo-wordpress\/ -->\n<title>Carnabonde e Carnacentro prometem 30 horas de muita folia no Centro de Santos - Litoral SP<\/title>\n<meta name=\"description\" content=\"a 30 horas de folia entre os dias 18 e 21 de fevereiro. Al\u00e9m do tradicional \u2018Carnabonde\u2019, tamb\u00e9m vai ocorrer a primeira edi\u00e7\u00e3o do \u2018Carnacentro\u2019 ser\u00e3o\" \/>\n<meta name=\"robots\" content=\"index, follow, max-snippet:-1, max-image-preview:large, max-video-preview:-1\" \/>\n<link rel=\"canonical\" href=\"https:\/\/redenoticiaz.com.br\/litoralsp\/2023\/02\/08\/carnabonde-e-carnacentro-prometem-30-horas-de-muita-folia-no-centro-de-santos\" \/>\n<meta property=\"og:locale\" content=\"pt_BR\" \/>\n<meta property=\"og:type\" content=\"article\" \/>\n<meta property=\"og:title\" content=\"Carnabonde e Carnacentro prometem 30 horas de muita folia no Centro de Santos - Litoral SP\" \/>\n<meta property=\"og:description\" content=\"a 30 horas de folia entre os dias 18 e 21 de fevereiro. Al\u00e9m do tradicional \u2018Carnabonde\u2019, tamb\u00e9m vai ocorrer a primeira edi\u00e7\u00e3o do \u2018Carnacentro\u2019 ser\u00e3o\" \/>\n<meta property=\"og:url\" content=\"https:\/\/redenoticiaz.com.br\/litoralsp\/2023\/02\/08\/carnabonde-e-carnacentro-prometem-30-horas-de-muita-folia-no-centro-de-santos\" \/>\n<meta property=\"og:site_name\" content=\"Litoral SP\" \/>\n<meta property=\"article:published_time\" content=\"2023-02-08T14:41:50+00:00\" \/>\n<meta property=\"og:image\" content=\"https:\/\/redenoticiaz.com.br\/litoralsp\/wp-content\/uploads\/sites\/3\/2023\/02\/carnabonde_1.jpg\" \/>\n\t<meta property=\"og:image:width\" content=\"927\" \/>\n\t<meta property=\"og:image:height\" content=\"617\" \/>\n\t<meta property=\"og:image:type\" content=\"image\/jpeg\" \/>\n<meta name=\"author\" content=\"Leonardo Francisco\" \/>\n<meta name=\"twitter:card\" content=\"summary_large_image\" \/>\n<meta name=\"twitter:label1\" content=\"Escrito por\" \/>\n\t<meta name=\"twitter:data1\" content=\"Leonardo Francisco\" \/>\n\t<meta name=\"twitter:label2\" content=\"Est. tempo de leitura\" \/>\n\t<meta name=\"twitter:data2\" content=\"4 minutos\" \/>\n<script type=\"application\/ld+json\" class=\"yoast-schema-graph\">{\"@context\":\"https:\\\/\\\/schema.org\",\"@graph\":[{\"@type\":\"Article\",\"@id\":\"https:\\\/\\\/redenoticiaz.com.br\\\/litoralsp\\\/2023\\\/02\\\/08\\\/carnabonde-e-carnacentro-prometem-30-horas-de-muita-folia-no-centro-de-santos#article\",\"isPartOf\":{\"@id\":\"https:\\\/\\\/redenoticiaz.com.br\\\/litoralsp\\\/2023\\\/02\\\/08\\\/carnabonde-e-carnacentro-prometem-30-horas-de-muita-folia-no-centro-de-santos\"},\"author\":{\"name\":\"Leonardo Francisco\",\"@id\":\"https:\\\/\\\/redenoticiaz.com.br\\\/litoralsp\\\/#\\\/schema\\\/person\\\/0f0b8a5bdafefe82841e07ae8d81ecb3\"},\"headline\":\"Carnabonde e Carnacentro prometem 30 horas de muita folia no Centro de Santos\",\"datePublished\":\"2023-02-08T14:41:50+00:00\",\"mainEntityOfPage\":{\"@id\":\"https:\\\/\\\/redenoticiaz.com.br\\\/litoralsp\\\/2023\\\/02\\\/08\\\/carnabonde-e-carnacentro-prometem-30-horas-de-muita-folia-no-centro-de-santos\"},\"wordCount\":601,\"commentCount\":0,\"publisher\":{\"@id\":\"https:\\\/\\\/redenoticiaz.com.br\\\/litoralsp\\\/#organization\"},\"image\":{\"@id\":\"https:\\\/\\\/redenoticiaz.com.br\\\/litoralsp\\\/2023\\\/02\\\/08\\\/carnabonde-e-carnacentro-prometem-30-horas-de-muita-folia-no-centro-de-santos#primaryimage\"},\"thumbnailUrl\":\"https:\\\/\\\/redenoticiaz.com.br\\\/litoralsp\\\/wp-content\\\/uploads\\\/sites\\\/3\\\/2023\\\/02\\\/carnabonde_1.jpg\",\"keywords\":[\"CARNABONDE\",\"CARNACENTRO\",\"CENTRO HIST\u00d3RICO DE SANTOS\",\"FOLIA\",\"Santos\"],\"articleSection\":[\"Cultura\",\"Santos\"],\"inLanguage\":\"pt-BR\",\"potentialAction\":[{\"@type\":\"CommentAction\",\"name\":\"Comment\",\"target\":[\"https:\\\/\\\/redenoticiaz.com.br\\\/litoralsp\\\/2023\\\/02\\\/08\\\/carnabonde-e-carnacentro-prometem-30-horas-de-muita-folia-no-centro-de-santos#respond\"]}]},{\"@type\":\"WebPage\",\"@id\":\"https:\\\/\\\/redenoticiaz.com.br\\\/litoralsp\\\/2023\\\/02\\\/08\\\/carnabonde-e-carnacentro-prometem-30-horas-de-muita-folia-no-centro-de-santos\",\"url\":\"https:\\\/\\\/redenoticiaz.com.br\\\/litoralsp\\\/2023\\\/02\\\/08\\\/carnabonde-e-carnacentro-prometem-30-horas-de-muita-folia-no-centro-de-santos\",\"name\":\"Carnabonde e Carnacentro prometem 30 horas de muita folia no Centro de Santos - Litoral SP\",\"isPartOf\":{\"@id\":\"https:\\\/\\\/redenoticiaz.com.br\\\/litoralsp\\\/#website\"},\"primaryImageOfPage\":{\"@id\":\"https:\\\/\\\/redenoticiaz.com.br\\\/litoralsp\\\/2023\\\/02\\\/08\\\/carnabonde-e-carnacentro-prometem-30-horas-de-muita-folia-no-centro-de-santos#primaryimage\"},\"image\":{\"@id\":\"https:\\\/\\\/redenoticiaz.com.br\\\/litoralsp\\\/2023\\\/02\\\/08\\\/carnabonde-e-carnacentro-prometem-30-horas-de-muita-folia-no-centro-de-santos#primaryimage\"},\"thumbnailUrl\":\"https:\\\/\\\/redenoticiaz.com.br\\\/litoralsp\\\/wp-content\\\/uploads\\\/sites\\\/3\\\/2023\\\/02\\\/carnabonde_1.jpg\",\"datePublished\":\"2023-02-08T14:41:50+00:00\",\"description\":\"a 30 horas de folia entre os dias 18 e 21 de fevereiro. Al\u00e9m do tradicional \u2018Carnabonde\u2019, tamb\u00e9m vai ocorrer a primeira edi\u00e7\u00e3o do \u2018Carnacentro\u2019 ser\u00e3o\",\"inLanguage\":\"pt-BR\",\"potentialAction\":[{\"@type\":\"ReadAction\",\"target\":[\"https:\\\/\\\/redenoticiaz.com.br\\\/litoralsp\\\/2023\\\/02\\\/08\\\/carnabonde-e-carnacentro-prometem-30-horas-de-muita-folia-no-centro-de-santos\"]}]},{\"@type\":\"ImageObject\",\"inLanguage\":\"pt-BR\",\"@id\":\"https:\\\/\\\/redenoticiaz.com.br\\\/litoralsp\\\/2023\\\/02\\\/08\\\/carnabonde-e-carnacentro-prometem-30-horas-de-muita-folia-no-centro-de-santos#primaryimage\",\"url\":\"https:\\\/\\\/redenoticiaz.com.br\\\/litoralsp\\\/wp-content\\\/uploads\\\/sites\\\/3\\\/2023\\\/02\\\/carnabonde_1.jpg\",\"contentUrl\":\"https:\\\/\\\/redenoticiaz.com.br\\\/litoralsp\\\/wp-content\\\/uploads\\\/sites\\\/3\\\/2023\\\/02\\\/carnabonde_1.jpg\",\"width\":927,\"height\":617,\"caption\":\"Cr\u00e9ditos: Divulga\u00e7\u00e3o\\\/Prefeitura de Santos\"},{\"@type\":\"WebSite\",\"@id\":\"https:\\\/\\\/redenoticiaz.com.br\\\/litoralsp\\\/#website\",\"url\":\"https:\\\/\\\/redenoticiaz.com.br\\\/litoralsp\\\/\",\"name\":\"Litoral SP\",\"description\":\"Rede NoticiaZ\",\"publisher\":{\"@id\":\"https:\\\/\\\/redenoticiaz.com.br\\\/litoralsp\\\/#organization\"},\"potentialAction\":[{\"@type\":\"SearchAction\",\"target\":{\"@type\":\"EntryPoint\",\"urlTemplate\":\"https:\\\/\\\/redenoticiaz.com.br\\\/litoralsp\\\/?s={search_term_string}\"},\"query-input\":{\"@type\":\"PropertyValueSpecification\",\"valueRequired\":true,\"valueName\":\"search_term_string\"}}],\"inLanguage\":\"pt-BR\"},{\"@type\":\"Organization\",\"@id\":\"https:\\\/\\\/redenoticiaz.com.br\\\/litoralsp\\\/#organization\",\"name\":\"Litoral SP\",\"url\":\"https:\\\/\\\/redenoticiaz.com.br\\\/litoralsp\\\/\",\"logo\":{\"@type\":\"ImageObject\",\"inLanguage\":\"pt-BR\",\"@id\":\"https:\\\/\\\/redenoticiaz.com.br\\\/litoralsp\\\/#\\\/schema\\\/logo\\\/image\\\/\",\"url\":\"https:\\\/\\\/redenoticiaz.com.br\\\/litoralsp\\\/wp-content\\\/uploads\\\/sites\\\/3\\\/2020\\\/11\\\/logo.jpg\",\"contentUrl\":\"https:\\\/\\\/redenoticiaz.com.br\\\/litoralsp\\\/wp-content\\\/uploads\\\/sites\\\/3\\\/2020\\\/11\\\/logo.jpg\",\"width\":400,\"height\":250,\"caption\":\"Litoral SP\"},\"image\":{\"@id\":\"https:\\\/\\\/redenoticiaz.com.br\\\/litoralsp\\\/#\\\/schema\\\/logo\\\/image\\\/\"}},{\"@type\":\"Person\",\"@id\":\"https:\\\/\\\/redenoticiaz.com.br\\\/litoralsp\\\/#\\\/schema\\\/person\\\/0f0b8a5bdafefe82841e07ae8d81ecb3\",\"name\":\"Leonardo Francisco\",\"image\":{\"@type\":\"ImageObject\",\"inLanguage\":\"pt-BR\",\"@id\":\"https:\\\/\\\/secure.gravatar.com\\\/avatar\\\/a7358cb406a99b682ec6df1e77e31ae82e63601f6784e8a3df411d72b37864da?s=96&d=mm&r=g\",\"url\":\"https:\\\/\\\/secure.gravatar.com\\\/avatar\\\/a7358cb406a99b682ec6df1e77e31ae82e63601f6784e8a3df411d72b37864da?s=96&d=mm&r=g\",\"contentUrl\":\"https:\\\/\\\/secure.gravatar.com\\\/avatar\\\/a7358cb406a99b682ec6df1e77e31ae82e63601f6784e8a3df411d72b37864da?s=96&d=mm&r=g\",\"caption\":\"Leonardo Francisco\"},\"url\":\"https:\\\/\\\/redenoticiaz.com.br\\\/litoralsp\\\/author\\\/leonardo-francisco\"}]}<\/script>\n<!-- \/ Yoast SEO plugin. -->","yoast_head_json":{"title":"Carnabonde e Carnacentro prometem 30 horas de muita folia no Centro de Santos - Litoral SP","description":"a 30 horas de folia entre os dias 18 e 21 de fevereiro. Al\u00e9m do tradicional \u2018Carnabonde\u2019, tamb\u00e9m vai ocorrer a primeira edi\u00e7\u00e3o do \u2018Carnacentro\u2019 ser\u00e3o","robots":{"index":"index","follow":"follow","max-snippet":"max-snippet:-1","max-image-preview":"max-image-preview:large","max-video-preview":"max-video-preview:-1"},"canonical":"https:\/\/redenoticiaz.com.br\/litoralsp\/2023\/02\/08\/carnabonde-e-carnacentro-prometem-30-horas-de-muita-folia-no-centro-de-santos","og_locale":"pt_BR","og_type":"article","og_title":"Carnabonde e Carnacentro prometem 30 horas de muita folia no Centro de Santos - Litoral SP","og_description":"a 30 horas de folia entre os dias 18 e 21 de fevereiro. Al\u00e9m do tradicional \u2018Carnabonde\u2019, tamb\u00e9m vai ocorrer a primeira edi\u00e7\u00e3o do \u2018Carnacentro\u2019 ser\u00e3o","og_url":"https:\/\/redenoticiaz.com.br\/litoralsp\/2023\/02\/08\/carnabonde-e-carnacentro-prometem-30-horas-de-muita-folia-no-centro-de-santos","og_site_name":"Litoral SP","article_published_time":"2023-02-08T14:41:50+00:00","og_image":[{"width":927,"height":617,"url":"https:\/\/redenoticiaz.com.br\/litoralsp\/wp-content\/uploads\/sites\/3\/2023\/02\/carnabonde_1.jpg","type":"image\/jpeg"}],"author":"Leonardo Francisco","twitter_card":"summary_large_image","twitter_misc":{"Escrito por":"Leonardo Francisco","Est. tempo de leitura":"4 minutos"},"schema":{"@context":"https:\/\/schema.org","@graph":[{"@type":"Article","@id":"https:\/\/redenoticiaz.com.br\/litoralsp\/2023\/02\/08\/carnabonde-e-carnacentro-prometem-30-horas-de-muita-folia-no-centro-de-santos#article","isPartOf":{"@id":"https:\/\/redenoticiaz.com.br\/litoralsp\/2023\/02\/08\/carnabonde-e-carnacentro-prometem-30-horas-de-muita-folia-no-centro-de-santos"},"author":{"name":"Leonardo Francisco","@id":"https:\/\/redenoticiaz.com.br\/litoralsp\/#\/schema\/person\/0f0b8a5bdafefe82841e07ae8d81ecb3"},"headline":"Carnabonde e Carnacentro prometem 30 horas de muita folia no Centro de Santos","datePublished":"2023-02-08T14:41:50+00:00","mainEntityOfPage":{"@id":"https:\/\/redenoticiaz.com.br\/litoralsp\/2023\/02\/08\/carnabonde-e-carnacentro-prometem-30-horas-de-muita-folia-no-centro-de-santos"},"wordCount":601,"commentCount":0,"publisher":{"@id":"https:\/\/redenoticiaz.com.br\/litoralsp\/#organization"},"image":{"@id":"https:\/\/redenoticiaz.com.br\/litoralsp\/2023\/02\/08\/carnabonde-e-carnacentro-prometem-30-horas-de-muita-folia-no-centro-de-santos#primaryimage"},"thumbnailUrl":"https:\/\/redenoticiaz.com.br\/litoralsp\/wp-content\/uploads\/sites\/3\/2023\/02\/carnabonde_1.jpg","keywords":["CARNABONDE","CARNACENTRO","CENTRO HIST\u00d3RICO DE SANTOS","FOLIA","Santos"],"articleSection":["Cultura","Santos"],"inLanguage":"pt-BR","potentialAction":[{"@type":"CommentAction","name":"Comment","target":["https:\/\/redenoticiaz.com.br\/litoralsp\/2023\/02\/08\/carnabonde-e-carnacentro-prometem-30-horas-de-muita-folia-no-centro-de-santos#respond"]}]},{"@type":"WebPage","@id":"https:\/\/redenoticiaz.com.br\/litoralsp\/2023\/02\/08\/carnabonde-e-carnacentro-prometem-30-horas-de-muita-folia-no-centro-de-santos","url":"https:\/\/redenoticiaz.com.br\/litoralsp\/2023\/02\/08\/carnabonde-e-carnacentro-prometem-30-horas-de-muita-folia-no-centro-de-santos","name":"Carnabonde e Carnacentro prometem 30 horas de muita folia no Centro de Santos - Litoral SP","isPartOf":{"@id":"https:\/\/redenoticiaz.com.br\/litoralsp\/#website"},"primaryImageOfPage":{"@id":"https:\/\/redenoticiaz.com.br\/litoralsp\/2023\/02\/08\/carnabonde-e-carnacentro-prometem-30-horas-de-muita-folia-no-centro-de-santos#primaryimage"},"image":{"@id":"https:\/\/redenoticiaz.com.br\/litoralsp\/2023\/02\/08\/carnabonde-e-carnacentro-prometem-30-horas-de-muita-folia-no-centro-de-santos#primaryimage"},"thumbnailUrl":"https:\/\/redenoticiaz.com.br\/litoralsp\/wp-content\/uploads\/sites\/3\/2023\/02\/carnabonde_1.jpg","datePublished":"2023-02-08T14:41:50+00:00","description":"a 30 horas de folia entre os dias 18 e 21 de fevereiro. Al\u00e9m do tradicional \u2018Carnabonde\u2019, tamb\u00e9m vai ocorrer a primeira edi\u00e7\u00e3o do \u2018Carnacentro\u2019 ser\u00e3o","inLanguage":"pt-BR","potentialAction":[{"@type":"ReadAction","target":["https:\/\/redenoticiaz.com.br\/litoralsp\/2023\/02\/08\/carnabonde-e-carnacentro-prometem-30-horas-de-muita-folia-no-centro-de-santos"]}]},{"@type":"ImageObject","inLanguage":"pt-BR","@id":"https:\/\/redenoticiaz.com.br\/litoralsp\/2023\/02\/08\/carnabonde-e-carnacentro-prometem-30-horas-de-muita-folia-no-centro-de-santos#primaryimage","url":"https:\/\/redenoticiaz.com.br\/litoralsp\/wp-content\/uploads\/sites\/3\/2023\/02\/carnabonde_1.jpg","contentUrl":"https:\/\/redenoticiaz.com.br\/litoralsp\/wp-content\/uploads\/sites\/3\/2023\/02\/carnabonde_1.jpg","width":927,"height":617,"caption":"Cr\u00e9ditos: Divulga\u00e7\u00e3o\/Prefeitura de Santos"},{"@type":"WebSite","@id":"https:\/\/redenoticiaz.com.br\/litoralsp\/#website","url":"https:\/\/redenoticiaz.com.br\/litoralsp\/","name":"Litoral SP","description":"Rede NoticiaZ","publisher":{"@id":"https:\/\/redenoticiaz.com.br\/litoralsp\/#organization"},"potentialAction":[{"@type":"SearchAction","target":{"@type":"EntryPoint","urlTemplate":"https:\/\/redenoticiaz.com.br\/litoralsp\/?s={search_term_string}"},"query-input":{"@type":"PropertyValueSpecification","valueRequired":true,"valueName":"search_term_string"}}],"inLanguage":"pt-BR"},{"@type":"Organization","@id":"https:\/\/redenoticiaz.com.br\/litoralsp\/#organization","name":"Litoral SP","url":"https:\/\/redenoticiaz.com.br\/litoralsp\/","logo":{"@type":"ImageObject","inLanguage":"pt-BR","@id":"https:\/\/redenoticiaz.com.br\/litoralsp\/#\/schema\/logo\/image\/","url":"https:\/\/redenoticiaz.com.br\/litoralsp\/wp-content\/uploads\/sites\/3\/2020\/11\/logo.jpg","contentUrl":"https:\/\/redenoticiaz.com.br\/litoralsp\/wp-content\/uploads\/sites\/3\/2020\/11\/logo.jpg","width":400,"height":250,"caption":"Litoral SP"},"image":{"@id":"https:\/\/redenoticiaz.com.br\/litoralsp\/#\/schema\/logo\/image\/"}},{"@type":"Person","@id":"https:\/\/redenoticiaz.com.br\/litoralsp\/#\/schema\/person\/0f0b8a5bdafefe82841e07ae8d81ecb3","name":"Leonardo Francisco","image":{"@type":"ImageObject","inLanguage":"pt-BR","@id":"https:\/\/secure.gravatar.com\/avatar\/a7358cb406a99b682ec6df1e77e31ae82e63601f6784e8a3df411d72b37864da?s=96&d=mm&r=g","url":"https:\/\/secure.gravatar.com\/avatar\/a7358cb406a99b682ec6df1e77e31ae82e63601f6784e8a3df411d72b37864da?s=96&d=mm&r=g","contentUrl":"https:\/\/secure.gravatar.com\/avatar\/a7358cb406a99b682ec6df1e77e31ae82e63601f6784e8a3df411d72b37864da?s=96&d=mm&r=g","caption":"Leonardo Francisco"},"url":"https:\/\/redenoticiaz.com.br\/litoralsp\/author\/leonardo-francisco"}]}},"_links":{"self":[{"href":"https:\/\/redenoticiaz.com.br\/litoralsp\/wp-json\/wp\/v2\/posts\/100370","targetHints":{"allow":["GET"]}}],"collection":[{"href":"https:\/\/redenoticiaz.com.br\/litoralsp\/wp-json\/wp\/v2\/posts"}],"about":[{"href":"https:\/\/redenoticiaz.com.br\/litoralsp\/wp-json\/wp\/v2\/types\/post"}],"author":[{"embeddable":true,"href":"https:\/\/redenoticiaz.com.br\/litoralsp\/wp-json\/wp\/v2\/users\/6"}],"replies":[{"embeddable":true,"href":"https:\/\/redenoticiaz.com.br\/litoralsp\/wp-json\/wp\/v2\/comments?post=100370"}],"version-history":[{"count":2,"href":"https:\/\/redenoticiaz.com.br\/litoralsp\/wp-json\/wp\/v2\/posts\/100370\/revisions"}],"predecessor-version":[{"id":100373,"href":"https:\/\/redenoticiaz.com.br\/litoralsp\/wp-json\/wp\/v2\/posts\/100370\/revisions\/100373"}],"wp:featuredmedia":[{"embeddable":true,"href":"https:\/\/redenoticiaz.com.br\/litoralsp\/wp-json\/wp\/v2\/media\/100371"}],"wp:attachment":[{"href":"https:\/\/redenoticiaz.com.br\/litoralsp\/wp-json\/wp\/v2\/media?parent=100370"}],"wp:term":[{"taxonomy":"category","embeddable":true,"href":"https:\/\/redenoticiaz.com.br\/litoralsp\/wp-json\/wp\/v2\/categories?post=100370"},{"taxonomy":"post_tag","embeddable":true,"href":"https:\/\/redenoticiaz.com.br\/litoralsp\/wp-json\/wp\/v2\/tags?post=100370"}],"curies":[{"name":"wp","href":"https:\/\/api.w.org\/{rel}","templated":true}]}}