{"id":100414,"date":"2023-02-09T09:33:46","date_gmt":"2023-02-09T12:33:46","guid":{"rendered":"https:\/\/redenoticiaz.com.br\/litoralsp\/?p=100414"},"modified":"2023-02-09T09:33:46","modified_gmt":"2023-02-09T12:33:46","slug":"policia-descobre-que-homem-que-fez-funcionaria-de-refem-em-shopping-e-acusado-de-matar-a-ex-mulher","status":"publish","type":"post","link":"https:\/\/redenoticiaz.com.br\/litoralsp\/2023\/02\/09\/policia-descobre-que-homem-que-fez-funcionaria-de-refem-em-shopping-e-acusado-de-matar-a-ex-mulher","title":{"rendered":"Pol\u00edcia descobre que homem que fez funcion\u00e1ria de ref\u00e9m em shopping \u00e9 acusado de matar a ex-mulher"},"content":{"rendered":"<div id=\"chunk-bc34s\">\n<div class=\"mc-column content-text active-extra-styles \" data-block-type=\"unstyled\" data-block-weight=\"67\" data-block-id=\"3\"><\/div>\n<\/div>\n<div class=\"wall protected-content\">\n<div id=\"chunk-1oh18\">\n<div class=\"mc-column content-text active-extra-styles \" data-block-type=\"unstyled\" data-block-weight=\"62\" data-block-id=\"6\">\n<div id=\"chunk-8u3ta\">\n<div class=\"mc-column content-text active-extra-styles \" data-block-type=\"unstyled\" data-block-weight=\"25\" data-block-id=\"10\">\n<p>A Pol\u00edcia Civil descobriu que o homem<strong> preso por assaltar uma loja de joias e fazer uma funcion\u00e1ria de ref\u00e9m em um shopping de Praia Grande<\/strong> era foragido da Justi\u00e7a. Ele \u00e9 acusado de matar a ex-companheira. Segundo informa\u00e7\u00f5es,\u00a0 Felipe Gustavo Aquino de Souza, de 26 anos, teria atirado seis vezes na mulher, de 25, em S\u00e3o Paulo. O crime aconteceu em dezembro de 2022.<\/p>\n<p>Conforme a Pol\u00edcia Civil, o crime aconteceu no port\u00e3o da casa onde Felipe morava, no bairro Brasil\u00e2ndia, na Zona Norte da Capital Paulista. Era por volta das 13h50 do dia 19 de dezembro quando o crime ocorreu e o caso foi registrado na 4\u00aa Delegacia de Defesa da Mulher (DDM-Norte), que ap\u00f3s ser baleada a v\u00edtima deu entrada no Hospital Geral de Taipas. A morte dela foi confirmada na unidade de sa\u00fade da capital.<\/p>\n<p>A motiva\u00e7\u00e3o do crime teria sido por uma crise ci\u00fame de Felipe. O relato \u00e0 pol\u00edcia aconteceu na mesma delegacia e, na ocasi\u00e3o, o homem foi indiciado. O casal conviveu por cinco anos e teve dois filhos.<\/p>\n<p>A Secretaria de Seguran\u00e7a P\u00fablica do Estado (SSP-SP) confirmou \u00e0 reportagem, por e-mail e telefone, que Felipe estava foragido ap\u00f3s matar a ex-companheira. Ele foi detido quase dois meses depois, ao se entregar \u00e0 pol\u00edcia pelo assalto com ref\u00e9m em um shopping de Praia Grande (SP).<\/p>\n<p>O Tribunal de Justi\u00e7a do Estado de S\u00e3o Paulo (TJ-SP) decretou a pris\u00e3o preventiva do homem em dezembro de 2022. Al\u00e9m disso, ele tamb\u00e9m estaria envolvido em outros crimes que foram cometidos, desde quando ele tinha 15 anos.<\/p>\n<p data-track-category=\"Link no Texto\" data-track-links=\"\"><strong>LEIA TAMB\u00c9M<\/strong><\/p>\n<p data-track-category=\"Link no Texto\" data-track-links=\"\"><a href=\"https:\/\/redenoticiaz.com.br\/litoralsp\/2023\/02\/08\/video-criminoso-que-fez-refem-em-shopping-elogia-o-trabalho-da-policia\">V\u00cdDEO \u2013 Criminoso que fez ref\u00e9m em shopping elogia o trabalho da Pol\u00edcia<\/a><\/p>\n<\/div>\n<\/div>\n<\/div>\n<\/div>\n<\/div>\n","protected":false},"excerpt":{"rendered":"<p>A Pol\u00edcia Civil descobriu que o homem preso por assaltar uma loja de joias e fazer uma funcion\u00e1ria de ref\u00e9m em um shopping de Praia Grande era foragido da Justi\u00e7a. Ele \u00e9 acusado de matar a ex-companheira. Segundo informa\u00e7\u00f5es,\u00a0 Felipe Gustavo Aquino de Souza, de 26 anos, teria atirado seis vezes na mulher, de 25, &hellip;<\/p>\n","protected":false},"author":6,"featured_media":100415,"comment_status":"open","ping_status":"closed","sticky":false,"template":"","format":"standard","meta":{"footnotes":""},"categories":[10,182],"tags":[28204,18788,4773,1101,22818],"class_list":["post-100414","post","type-post","status-publish","format-standard","has-post-thumbnail","hentry","category-policia","category-praia-grande","tag-feminicidio","tag-litoral-plaza-shopping","tag-policia-civil-2","tag-praia-grande","tag-suspeito-preso"],"yoast_head":"<!-- This site is optimized with the Yoast SEO plugin v27.5 - https:\/\/yoast.com\/product\/yoast-seo-wordpress\/ -->\n<title>Pol\u00edcia descobre que homem que fez funcion\u00e1ria de ref\u00e9m em shopping \u00e9 acusado de matar a ex-mulher - Litoral SP<\/title>\n<meta name=\"description\" content=\"A Pol\u00edcia Civil descobriu que o homem preso por assaltar uma loja de joias e fazer uma funcion\u00e1ria de ref\u00e9m em um shopping de Praia\" \/>\n<meta name=\"robots\" content=\"index, follow, max-snippet:-1, max-image-preview:large, max-video-preview:-1\" \/>\n<link rel=\"canonical\" href=\"https:\/\/redenoticiaz.com.br\/litoralsp\/2023\/02\/09\/policia-descobre-que-homem-que-fez-funcionaria-de-refem-em-shopping-e-acusado-de-matar-a-ex-mulher\" \/>\n<meta property=\"og:locale\" content=\"pt_BR\" \/>\n<meta property=\"og:type\" content=\"article\" \/>\n<meta property=\"og:title\" content=\"Pol\u00edcia descobre que homem que fez funcion\u00e1ria de ref\u00e9m em shopping \u00e9 acusado de matar a ex-mulher - Litoral SP\" \/>\n<meta property=\"og:description\" content=\"A Pol\u00edcia Civil descobriu que o homem preso por assaltar uma loja de joias e fazer uma funcion\u00e1ria de ref\u00e9m em um shopping de Praia\" \/>\n<meta property=\"og:url\" content=\"https:\/\/redenoticiaz.com.br\/litoralsp\/2023\/02\/09\/policia-descobre-que-homem-que-fez-funcionaria-de-refem-em-shopping-e-acusado-de-matar-a-ex-mulher\" \/>\n<meta property=\"og:site_name\" content=\"Litoral SP\" \/>\n<meta property=\"article:published_time\" content=\"2023-02-09T12:33:46+00:00\" \/>\n<meta property=\"og:image\" content=\"https:\/\/redenoticiaz.com.br\/litoralsp\/wp-content\/uploads\/sites\/3\/2023\/02\/HOMEM-REFEM.jpg\" \/>\n\t<meta property=\"og:image:width\" content=\"239\" \/>\n\t<meta property=\"og:image:height\" content=\"279\" \/>\n\t<meta property=\"og:image:type\" content=\"image\/jpeg\" \/>\n<meta name=\"author\" content=\"Leonardo Francisco\" \/>\n<meta name=\"twitter:card\" content=\"summary_large_image\" \/>\n<meta name=\"twitter:label1\" content=\"Escrito por\" \/>\n\t<meta name=\"twitter:data1\" content=\"Leonardo Francisco\" \/>\n\t<meta name=\"twitter:label2\" content=\"Est. tempo de leitura\" \/>\n\t<meta name=\"twitter:data2\" content=\"2 minutos\" \/>\n<script type=\"application\/ld+json\" class=\"yoast-schema-graph\">{\"@context\":\"https:\\\/\\\/schema.org\",\"@graph\":[{\"@type\":\"Article\",\"@id\":\"https:\\\/\\\/redenoticiaz.com.br\\\/litoralsp\\\/2023\\\/02\\\/09\\\/policia-descobre-que-homem-que-fez-funcionaria-de-refem-em-shopping-e-acusado-de-matar-a-ex-mulher#article\",\"isPartOf\":{\"@id\":\"https:\\\/\\\/redenoticiaz.com.br\\\/litoralsp\\\/2023\\\/02\\\/09\\\/policia-descobre-que-homem-que-fez-funcionaria-de-refem-em-shopping-e-acusado-de-matar-a-ex-mulher\"},\"author\":{\"name\":\"Leonardo Francisco\",\"@id\":\"https:\\\/\\\/redenoticiaz.com.br\\\/litoralsp\\\/#\\\/schema\\\/person\\\/0f0b8a5bdafefe82841e07ae8d81ecb3\"},\"headline\":\"Pol\u00edcia descobre que homem que fez funcion\u00e1ria de ref\u00e9m em shopping \u00e9 acusado de matar a ex-mulher\",\"datePublished\":\"2023-02-09T12:33:46+00:00\",\"mainEntityOfPage\":{\"@id\":\"https:\\\/\\\/redenoticiaz.com.br\\\/litoralsp\\\/2023\\\/02\\\/09\\\/policia-descobre-que-homem-que-fez-funcionaria-de-refem-em-shopping-e-acusado-de-matar-a-ex-mulher\"},\"wordCount\":312,\"commentCount\":0,\"publisher\":{\"@id\":\"https:\\\/\\\/redenoticiaz.com.br\\\/litoralsp\\\/#organization\"},\"image\":{\"@id\":\"https:\\\/\\\/redenoticiaz.com.br\\\/litoralsp\\\/2023\\\/02\\\/09\\\/policia-descobre-que-homem-que-fez-funcionaria-de-refem-em-shopping-e-acusado-de-matar-a-ex-mulher#primaryimage\"},\"thumbnailUrl\":\"https:\\\/\\\/redenoticiaz.com.br\\\/litoralsp\\\/wp-content\\\/uploads\\\/sites\\\/3\\\/2023\\\/02\\\/HOMEM-REFEM.jpg\",\"keywords\":[\"FEMINIC\u00cdDIO\",\"LITORAL PLAZA SHOPPING\",\"POL\u00cdCIA CIVIL\",\"PRAIA GRANDE\",\"SUSPEITO PRESO\"],\"articleSection\":[\"Pol\u00edcia\",\"Praia Grande\"],\"inLanguage\":\"pt-BR\",\"potentialAction\":[{\"@type\":\"CommentAction\",\"name\":\"Comment\",\"target\":[\"https:\\\/\\\/redenoticiaz.com.br\\\/litoralsp\\\/2023\\\/02\\\/09\\\/policia-descobre-que-homem-que-fez-funcionaria-de-refem-em-shopping-e-acusado-de-matar-a-ex-mulher#respond\"]}]},{\"@type\":\"WebPage\",\"@id\":\"https:\\\/\\\/redenoticiaz.com.br\\\/litoralsp\\\/2023\\\/02\\\/09\\\/policia-descobre-que-homem-que-fez-funcionaria-de-refem-em-shopping-e-acusado-de-matar-a-ex-mulher\",\"url\":\"https:\\\/\\\/redenoticiaz.com.br\\\/litoralsp\\\/2023\\\/02\\\/09\\\/policia-descobre-que-homem-que-fez-funcionaria-de-refem-em-shopping-e-acusado-de-matar-a-ex-mulher\",\"name\":\"Pol\u00edcia descobre que homem que fez funcion\u00e1ria de ref\u00e9m em shopping \u00e9 acusado de matar a ex-mulher - Litoral SP\",\"isPartOf\":{\"@id\":\"https:\\\/\\\/redenoticiaz.com.br\\\/litoralsp\\\/#website\"},\"primaryImageOfPage\":{\"@id\":\"https:\\\/\\\/redenoticiaz.com.br\\\/litoralsp\\\/2023\\\/02\\\/09\\\/policia-descobre-que-homem-que-fez-funcionaria-de-refem-em-shopping-e-acusado-de-matar-a-ex-mulher#primaryimage\"},\"image\":{\"@id\":\"https:\\\/\\\/redenoticiaz.com.br\\\/litoralsp\\\/2023\\\/02\\\/09\\\/policia-descobre-que-homem-que-fez-funcionaria-de-refem-em-shopping-e-acusado-de-matar-a-ex-mulher#primaryimage\"},\"thumbnailUrl\":\"https:\\\/\\\/redenoticiaz.com.br\\\/litoralsp\\\/wp-content\\\/uploads\\\/sites\\\/3\\\/2023\\\/02\\\/HOMEM-REFEM.jpg\",\"datePublished\":\"2023-02-09T12:33:46+00:00\",\"description\":\"A Pol\u00edcia Civil descobriu que o homem preso por assaltar uma loja de joias e fazer uma funcion\u00e1ria de ref\u00e9m em um shopping de Praia\",\"inLanguage\":\"pt-BR\",\"potentialAction\":[{\"@type\":\"ReadAction\",\"target\":[\"https:\\\/\\\/redenoticiaz.com.br\\\/litoralsp\\\/2023\\\/02\\\/09\\\/policia-descobre-que-homem-que-fez-funcionaria-de-refem-em-shopping-e-acusado-de-matar-a-ex-mulher\"]}]},{\"@type\":\"ImageObject\",\"inLanguage\":\"pt-BR\",\"@id\":\"https:\\\/\\\/redenoticiaz.com.br\\\/litoralsp\\\/2023\\\/02\\\/09\\\/policia-descobre-que-homem-que-fez-funcionaria-de-refem-em-shopping-e-acusado-de-matar-a-ex-mulher#primaryimage\",\"url\":\"https:\\\/\\\/redenoticiaz.com.br\\\/litoralsp\\\/wp-content\\\/uploads\\\/sites\\\/3\\\/2023\\\/02\\\/HOMEM-REFEM.jpg\",\"contentUrl\":\"https:\\\/\\\/redenoticiaz.com.br\\\/litoralsp\\\/wp-content\\\/uploads\\\/sites\\\/3\\\/2023\\\/02\\\/HOMEM-REFEM.jpg\",\"width\":239,\"height\":279,\"caption\":\"Cr\u00e9ditos: Reprodu\u00e7\u00e3o\"},{\"@type\":\"WebSite\",\"@id\":\"https:\\\/\\\/redenoticiaz.com.br\\\/litoralsp\\\/#website\",\"url\":\"https:\\\/\\\/redenoticiaz.com.br\\\/litoralsp\\\/\",\"name\":\"Litoral SP\",\"description\":\"Rede NoticiaZ\",\"publisher\":{\"@id\":\"https:\\\/\\\/redenoticiaz.com.br\\\/litoralsp\\\/#organization\"},\"potentialAction\":[{\"@type\":\"SearchAction\",\"target\":{\"@type\":\"EntryPoint\",\"urlTemplate\":\"https:\\\/\\\/redenoticiaz.com.br\\\/litoralsp\\\/?s={search_term_string}\"},\"query-input\":{\"@type\":\"PropertyValueSpecification\",\"valueRequired\":true,\"valueName\":\"search_term_string\"}}],\"inLanguage\":\"pt-BR\"},{\"@type\":\"Organization\",\"@id\":\"https:\\\/\\\/redenoticiaz.com.br\\\/litoralsp\\\/#organization\",\"name\":\"Litoral SP\",\"url\":\"https:\\\/\\\/redenoticiaz.com.br\\\/litoralsp\\\/\",\"logo\":{\"@type\":\"ImageObject\",\"inLanguage\":\"pt-BR\",\"@id\":\"https:\\\/\\\/redenoticiaz.com.br\\\/litoralsp\\\/#\\\/schema\\\/logo\\\/image\\\/\",\"url\":\"https:\\\/\\\/redenoticiaz.com.br\\\/litoralsp\\\/wp-content\\\/uploads\\\/sites\\\/3\\\/2020\\\/11\\\/logo.jpg\",\"contentUrl\":\"https:\\\/\\\/redenoticiaz.com.br\\\/litoralsp\\\/wp-content\\\/uploads\\\/sites\\\/3\\\/2020\\\/11\\\/logo.jpg\",\"width\":400,\"height\":250,\"caption\":\"Litoral SP\"},\"image\":{\"@id\":\"https:\\\/\\\/redenoticiaz.com.br\\\/litoralsp\\\/#\\\/schema\\\/logo\\\/image\\\/\"}},{\"@type\":\"Person\",\"@id\":\"https:\\\/\\\/redenoticiaz.com.br\\\/litoralsp\\\/#\\\/schema\\\/person\\\/0f0b8a5bdafefe82841e07ae8d81ecb3\",\"name\":\"Leonardo Francisco\",\"image\":{\"@type\":\"ImageObject\",\"inLanguage\":\"pt-BR\",\"@id\":\"https:\\\/\\\/secure.gravatar.com\\\/avatar\\\/a7358cb406a99b682ec6df1e77e31ae82e63601f6784e8a3df411d72b37864da?s=96&d=mm&r=g\",\"url\":\"https:\\\/\\\/secure.gravatar.com\\\/avatar\\\/a7358cb406a99b682ec6df1e77e31ae82e63601f6784e8a3df411d72b37864da?s=96&d=mm&r=g\",\"contentUrl\":\"https:\\\/\\\/secure.gravatar.com\\\/avatar\\\/a7358cb406a99b682ec6df1e77e31ae82e63601f6784e8a3df411d72b37864da?s=96&d=mm&r=g\",\"caption\":\"Leonardo Francisco\"},\"url\":\"https:\\\/\\\/redenoticiaz.com.br\\\/litoralsp\\\/author\\\/leonardo-francisco\"}]}<\/script>\n<!-- \/ Yoast SEO plugin. -->","yoast_head_json":{"title":"Pol\u00edcia descobre que homem que fez funcion\u00e1ria de ref\u00e9m em shopping \u00e9 acusado de matar a ex-mulher - Litoral SP","description":"A Pol\u00edcia Civil descobriu que o homem preso por assaltar uma loja de joias e fazer uma funcion\u00e1ria de ref\u00e9m em um shopping de Praia","robots":{"index":"index","follow":"follow","max-snippet":"max-snippet:-1","max-image-preview":"max-image-preview:large","max-video-preview":"max-video-preview:-1"},"canonical":"https:\/\/redenoticiaz.com.br\/litoralsp\/2023\/02\/09\/policia-descobre-que-homem-que-fez-funcionaria-de-refem-em-shopping-e-acusado-de-matar-a-ex-mulher","og_locale":"pt_BR","og_type":"article","og_title":"Pol\u00edcia descobre que homem que fez funcion\u00e1ria de ref\u00e9m em shopping \u00e9 acusado de matar a ex-mulher - Litoral SP","og_description":"A Pol\u00edcia Civil descobriu que o homem preso por assaltar uma loja de joias e fazer uma funcion\u00e1ria de ref\u00e9m em um shopping de Praia","og_url":"https:\/\/redenoticiaz.com.br\/litoralsp\/2023\/02\/09\/policia-descobre-que-homem-que-fez-funcionaria-de-refem-em-shopping-e-acusado-de-matar-a-ex-mulher","og_site_name":"Litoral SP","article_published_time":"2023-02-09T12:33:46+00:00","og_image":[{"width":239,"height":279,"url":"https:\/\/redenoticiaz.com.br\/litoralsp\/wp-content\/uploads\/sites\/3\/2023\/02\/HOMEM-REFEM.jpg","type":"image\/jpeg"}],"author":"Leonardo Francisco","twitter_card":"summary_large_image","twitter_misc":{"Escrito por":"Leonardo Francisco","Est. tempo de leitura":"2 minutos"},"schema":{"@context":"https:\/\/schema.org","@graph":[{"@type":"Article","@id":"https:\/\/redenoticiaz.com.br\/litoralsp\/2023\/02\/09\/policia-descobre-que-homem-que-fez-funcionaria-de-refem-em-shopping-e-acusado-de-matar-a-ex-mulher#article","isPartOf":{"@id":"https:\/\/redenoticiaz.com.br\/litoralsp\/2023\/02\/09\/policia-descobre-que-homem-que-fez-funcionaria-de-refem-em-shopping-e-acusado-de-matar-a-ex-mulher"},"author":{"name":"Leonardo Francisco","@id":"https:\/\/redenoticiaz.com.br\/litoralsp\/#\/schema\/person\/0f0b8a5bdafefe82841e07ae8d81ecb3"},"headline":"Pol\u00edcia descobre que homem que fez funcion\u00e1ria de ref\u00e9m em shopping \u00e9 acusado de matar a ex-mulher","datePublished":"2023-02-09T12:33:46+00:00","mainEntityOfPage":{"@id":"https:\/\/redenoticiaz.com.br\/litoralsp\/2023\/02\/09\/policia-descobre-que-homem-que-fez-funcionaria-de-refem-em-shopping-e-acusado-de-matar-a-ex-mulher"},"wordCount":312,"commentCount":0,"publisher":{"@id":"https:\/\/redenoticiaz.com.br\/litoralsp\/#organization"},"image":{"@id":"https:\/\/redenoticiaz.com.br\/litoralsp\/2023\/02\/09\/policia-descobre-que-homem-que-fez-funcionaria-de-refem-em-shopping-e-acusado-de-matar-a-ex-mulher#primaryimage"},"thumbnailUrl":"https:\/\/redenoticiaz.com.br\/litoralsp\/wp-content\/uploads\/sites\/3\/2023\/02\/HOMEM-REFEM.jpg","keywords":["FEMINIC\u00cdDIO","LITORAL PLAZA SHOPPING","POL\u00cdCIA CIVIL","PRAIA GRANDE","SUSPEITO PRESO"],"articleSection":["Pol\u00edcia","Praia Grande"],"inLanguage":"pt-BR","potentialAction":[{"@type":"CommentAction","name":"Comment","target":["https:\/\/redenoticiaz.com.br\/litoralsp\/2023\/02\/09\/policia-descobre-que-homem-que-fez-funcionaria-de-refem-em-shopping-e-acusado-de-matar-a-ex-mulher#respond"]}]},{"@type":"WebPage","@id":"https:\/\/redenoticiaz.com.br\/litoralsp\/2023\/02\/09\/policia-descobre-que-homem-que-fez-funcionaria-de-refem-em-shopping-e-acusado-de-matar-a-ex-mulher","url":"https:\/\/redenoticiaz.com.br\/litoralsp\/2023\/02\/09\/policia-descobre-que-homem-que-fez-funcionaria-de-refem-em-shopping-e-acusado-de-matar-a-ex-mulher","name":"Pol\u00edcia descobre que homem que fez funcion\u00e1ria de ref\u00e9m em shopping \u00e9 acusado de matar a ex-mulher - Litoral SP","isPartOf":{"@id":"https:\/\/redenoticiaz.com.br\/litoralsp\/#website"},"primaryImageOfPage":{"@id":"https:\/\/redenoticiaz.com.br\/litoralsp\/2023\/02\/09\/policia-descobre-que-homem-que-fez-funcionaria-de-refem-em-shopping-e-acusado-de-matar-a-ex-mulher#primaryimage"},"image":{"@id":"https:\/\/redenoticiaz.com.br\/litoralsp\/2023\/02\/09\/policia-descobre-que-homem-que-fez-funcionaria-de-refem-em-shopping-e-acusado-de-matar-a-ex-mulher#primaryimage"},"thumbnailUrl":"https:\/\/redenoticiaz.com.br\/litoralsp\/wp-content\/uploads\/sites\/3\/2023\/02\/HOMEM-REFEM.jpg","datePublished":"2023-02-09T12:33:46+00:00","description":"A Pol\u00edcia Civil descobriu que o homem preso por assaltar uma loja de joias e fazer uma funcion\u00e1ria de ref\u00e9m em um shopping de Praia","inLanguage":"pt-BR","potentialAction":[{"@type":"ReadAction","target":["https:\/\/redenoticiaz.com.br\/litoralsp\/2023\/02\/09\/policia-descobre-que-homem-que-fez-funcionaria-de-refem-em-shopping-e-acusado-de-matar-a-ex-mulher"]}]},{"@type":"ImageObject","inLanguage":"pt-BR","@id":"https:\/\/redenoticiaz.com.br\/litoralsp\/2023\/02\/09\/policia-descobre-que-homem-que-fez-funcionaria-de-refem-em-shopping-e-acusado-de-matar-a-ex-mulher#primaryimage","url":"https:\/\/redenoticiaz.com.br\/litoralsp\/wp-content\/uploads\/sites\/3\/2023\/02\/HOMEM-REFEM.jpg","contentUrl":"https:\/\/redenoticiaz.com.br\/litoralsp\/wp-content\/uploads\/sites\/3\/2023\/02\/HOMEM-REFEM.jpg","width":239,"height":279,"caption":"Cr\u00e9ditos: Reprodu\u00e7\u00e3o"},{"@type":"WebSite","@id":"https:\/\/redenoticiaz.com.br\/litoralsp\/#website","url":"https:\/\/redenoticiaz.com.br\/litoralsp\/","name":"Litoral SP","description":"Rede NoticiaZ","publisher":{"@id":"https:\/\/redenoticiaz.com.br\/litoralsp\/#organization"},"potentialAction":[{"@type":"SearchAction","target":{"@type":"EntryPoint","urlTemplate":"https:\/\/redenoticiaz.com.br\/litoralsp\/?s={search_term_string}"},"query-input":{"@type":"PropertyValueSpecification","valueRequired":true,"valueName":"search_term_string"}}],"inLanguage":"pt-BR"},{"@type":"Organization","@id":"https:\/\/redenoticiaz.com.br\/litoralsp\/#organization","name":"Litoral SP","url":"https:\/\/redenoticiaz.com.br\/litoralsp\/","logo":{"@type":"ImageObject","inLanguage":"pt-BR","@id":"https:\/\/redenoticiaz.com.br\/litoralsp\/#\/schema\/logo\/image\/","url":"https:\/\/redenoticiaz.com.br\/litoralsp\/wp-content\/uploads\/sites\/3\/2020\/11\/logo.jpg","contentUrl":"https:\/\/redenoticiaz.com.br\/litoralsp\/wp-content\/uploads\/sites\/3\/2020\/11\/logo.jpg","width":400,"height":250,"caption":"Litoral SP"},"image":{"@id":"https:\/\/redenoticiaz.com.br\/litoralsp\/#\/schema\/logo\/image\/"}},{"@type":"Person","@id":"https:\/\/redenoticiaz.com.br\/litoralsp\/#\/schema\/person\/0f0b8a5bdafefe82841e07ae8d81ecb3","name":"Leonardo Francisco","image":{"@type":"ImageObject","inLanguage":"pt-BR","@id":"https:\/\/secure.gravatar.com\/avatar\/a7358cb406a99b682ec6df1e77e31ae82e63601f6784e8a3df411d72b37864da?s=96&d=mm&r=g","url":"https:\/\/secure.gravatar.com\/avatar\/a7358cb406a99b682ec6df1e77e31ae82e63601f6784e8a3df411d72b37864da?s=96&d=mm&r=g","contentUrl":"https:\/\/secure.gravatar.com\/avatar\/a7358cb406a99b682ec6df1e77e31ae82e63601f6784e8a3df411d72b37864da?s=96&d=mm&r=g","caption":"Leonardo Francisco"},"url":"https:\/\/redenoticiaz.com.br\/litoralsp\/author\/leonardo-francisco"}]}},"_links":{"self":[{"href":"https:\/\/redenoticiaz.com.br\/litoralsp\/wp-json\/wp\/v2\/posts\/100414","targetHints":{"allow":["GET"]}}],"collection":[{"href":"https:\/\/redenoticiaz.com.br\/litoralsp\/wp-json\/wp\/v2\/posts"}],"about":[{"href":"https:\/\/redenoticiaz.com.br\/litoralsp\/wp-json\/wp\/v2\/types\/post"}],"author":[{"embeddable":true,"href":"https:\/\/redenoticiaz.com.br\/litoralsp\/wp-json\/wp\/v2\/users\/6"}],"replies":[{"embeddable":true,"href":"https:\/\/redenoticiaz.com.br\/litoralsp\/wp-json\/wp\/v2\/comments?post=100414"}],"version-history":[{"count":1,"href":"https:\/\/redenoticiaz.com.br\/litoralsp\/wp-json\/wp\/v2\/posts\/100414\/revisions"}],"predecessor-version":[{"id":100416,"href":"https:\/\/redenoticiaz.com.br\/litoralsp\/wp-json\/wp\/v2\/posts\/100414\/revisions\/100416"}],"wp:featuredmedia":[{"embeddable":true,"href":"https:\/\/redenoticiaz.com.br\/litoralsp\/wp-json\/wp\/v2\/media\/100415"}],"wp:attachment":[{"href":"https:\/\/redenoticiaz.com.br\/litoralsp\/wp-json\/wp\/v2\/media?parent=100414"}],"wp:term":[{"taxonomy":"category","embeddable":true,"href":"https:\/\/redenoticiaz.com.br\/litoralsp\/wp-json\/wp\/v2\/categories?post=100414"},{"taxonomy":"post_tag","embeddable":true,"href":"https:\/\/redenoticiaz.com.br\/litoralsp\/wp-json\/wp\/v2\/tags?post=100414"}],"curies":[{"name":"wp","href":"https:\/\/api.w.org\/{rel}","templated":true}]}}