{"id":100436,"date":"2023-02-09T13:13:05","date_gmt":"2023-02-09T16:13:05","guid":{"rendered":"https:\/\/redenoticiaz.com.br\/litoralsp\/?p=100436"},"modified":"2023-02-09T13:13:05","modified_gmt":"2023-02-09T16:13:05","slug":"menor-de-13-anos-e-apreendido-por-suspeita-de-participar-de-assassinato-de-sobrinho-de-deputado-federal","status":"publish","type":"post","link":"https:\/\/redenoticiaz.com.br\/litoralsp\/2023\/02\/09\/menor-de-13-anos-e-apreendido-por-suspeita-de-participar-de-assassinato-de-sobrinho-de-deputado-federal","title":{"rendered":"Menor de 13 anos \u00e9 apreendido por suspeita de participar de assassinato de sobrinho de Deputado Federal"},"content":{"rendered":"<p>Um menor de 13 anos foi apreendido por suspeita de participar do assassinato de Matheus Kruszynski Gon\u00e7alves Rezende Lara, sobrinho de Deputado Federal Samuel Moreira (PSDB).<\/p>\n<p>De acordo com as informa\u00e7\u00f5es, outros dois menores j\u00e1 foram detidos e conduzidos \u00e0 funda\u00e7\u00e3o casa e um homem de 20 anos foi preso.<\/p>\n<p>A pol\u00edcia segue com a investiga\u00e7\u00e3o para encontrar outros envolvidos e descobrir a motiva\u00e7\u00e3o do crime.<\/p>\n<p>Ainda de acordo com as autoridades, o jovem foi encontrado enquanto caminhava pelo bairro Vila Nova na cidade de Registro.<\/p>\n<h3 data-track-category=\"Link no Texto\">Entenda como foi o crime<\/h3>\n<div class=\"mc-column content-text active-extra-styles \" data-block-type=\"unstyled\" data-block-weight=\"41\" data-block-id=\"12\">\n<p class=\"content-text__container \" data-track-category=\"Link no Texto\" data-track-links=\"\">Matheus estabeleceu o \u00faltimo contato com a fam\u00edlia por volta das 2h40 de 26 de junho. No dia 27, os parentes foram \u00e0 delegacia comunicar o desaparecimento do jovem. Ele saiu de casa com o carro, mas n\u00e3o foi mais visto.<\/p>\n<\/div>\n<div class=\"mc-column content-text active-extra-styles \" data-block-type=\"unstyled\" data-block-weight=\"35\" data-block-id=\"14\">\n<p class=\"content-text__container \" data-track-category=\"Link no Texto\" data-track-links=\"\"><span class=\"highlight highlighted\">O corpo de Matheus foi encontrado na manh\u00e3 do dia 28, na Estrada do Jurumirim, com marcas de viol\u00eancia na testa. Al\u00e9m disso, tamb\u00e9m teve um afundamento no t\u00f3rax dois dias ap\u00f3s ter sido dado como desaparecido. <\/span><\/p>\n<\/div>\n<div class=\"mc-column content-text active-extra-styles \" data-block-type=\"unstyled\" data-block-weight=\"20\" data-block-id=\"15\">\n<p class=\"content-text__container \" data-track-category=\"Link no Texto\" data-track-links=\"\">O carro que a v\u00edtima usava foi encontrado em estado de abandono em 2 de julho, na Vila S\u00e3o Francisco.<\/p>\n<\/div>\n<div id=\"chunk-bpcnd\">\n<div class=\"content-ads content-ads--reveal\" data-block-type=\"ads\" data-block-id=\"5\">\n<div id=\"banner_materia2\" class=\"tag-manager-publicidade-container mc-has-reveal mc-has-ad-lazyload tag-manager-publicidade-banner_materia2 tag-manager-publicidade-container--carregado tag-manager-publicidade-container--visivel\" data-id=\"banner_materia2\" data-google-query-id=\"CPLlhZLpiP0CFYtPuAQdYGILUg\"><strong>Leia mais<\/strong><\/div>\n<div data-id=\"banner_materia2\" data-google-query-id=\"CPLlhZLpiP0CFYtPuAQdYGILUg\"><a href=\"https:\/\/redenoticiaz.com.br\/litoralsp\/2022\/09\/24\/terceiro-suspeito-de-matar-sobrinho-do-deputado-samuel-moreira-e-preso\">Terceiro suspeito de matar sobrinho do deputado Samuel Moreira \u00e9 preso<\/a><\/div>\n<\/div>\n<\/div>\n","protected":false},"excerpt":{"rendered":"<p>Um menor de 13 anos foi apreendido por suspeita de participar do assassinato de Matheus Kruszynski Gon\u00e7alves Rezende Lara, sobrinho de Deputado Federal Samuel Moreira (PSDB). De acordo com as informa\u00e7\u00f5es, outros dois menores j\u00e1 foram detidos e conduzidos \u00e0 funda\u00e7\u00e3o casa e um homem de 20 anos foi preso. A pol\u00edcia segue com a &hellip;<\/p>\n","protected":false},"author":12,"featured_media":100439,"comment_status":"open","ping_status":"closed","sticky":false,"template":"","format":"standard","meta":{"footnotes":""},"categories":[185],"tags":[60750,63244,1060,59322],"class_list":["post-100436","post","type-post","status-publish","format-standard","has-post-thumbnail","hentry","category-peruibe","tag-13-anos","tag-matheus-kruszynski","tag-peruibe","tag-samuel-moreira"],"yoast_head":"<!-- This site is optimized with the Yoast SEO plugin v27.5 - https:\/\/yoast.com\/product\/yoast-seo-wordpress\/ -->\n<title>Menor de 13 anos \u00e9 apreendido por suspeita de participar de assassinato de sobrinho de Deputado Federal - Litoral SP<\/title>\n<meta name=\"description\" content=\"Um menor de 13 anos foi apreendido por suspeita de participar do assassinato de Matheus Kruszynski Gon\u00e7alves Rezende Lara, sobrinho de Deputado Federal Samuel Moreira (PSDB).\" \/>\n<meta name=\"robots\" content=\"index, follow, max-snippet:-1, max-image-preview:large, max-video-preview:-1\" \/>\n<link rel=\"canonical\" href=\"https:\/\/redenoticiaz.com.br\/litoralsp\/2023\/02\/09\/menor-de-13-anos-e-apreendido-por-suspeita-de-participar-de-assassinato-de-sobrinho-de-deputado-federal\" \/>\n<meta property=\"og:locale\" content=\"pt_BR\" \/>\n<meta property=\"og:type\" content=\"article\" \/>\n<meta property=\"og:title\" content=\"Menor de 13 anos \u00e9 apreendido por suspeita de participar de assassinato de sobrinho de Deputado Federal - Litoral SP\" \/>\n<meta property=\"og:description\" content=\"Um menor de 13 anos foi apreendido por suspeita de participar do assassinato de Matheus Kruszynski Gon\u00e7alves Rezende Lara, sobrinho de Deputado Federal Samuel Moreira (PSDB).\" \/>\n<meta property=\"og:url\" content=\"https:\/\/redenoticiaz.com.br\/litoralsp\/2023\/02\/09\/menor-de-13-anos-e-apreendido-por-suspeita-de-participar-de-assassinato-de-sobrinho-de-deputado-federal\" \/>\n<meta property=\"og:site_name\" content=\"Litoral SP\" \/>\n<meta property=\"article:published_time\" content=\"2023-02-09T16:13:05+00:00\" \/>\n<meta property=\"og:image\" content=\"https:\/\/redenoticiaz.com.br\/litoralsp\/wp-content\/uploads\/sites\/3\/2023\/02\/matheus-desaparecido-registro.jpg\" \/>\n\t<meta property=\"og:image:width\" content=\"810\" \/>\n\t<meta property=\"og:image:height\" content=\"1080\" \/>\n\t<meta property=\"og:image:type\" content=\"image\/jpeg\" \/>\n<meta name=\"author\" content=\"Gustavo Silva\" \/>\n<meta name=\"twitter:card\" content=\"summary_large_image\" \/>\n<meta name=\"twitter:label1\" content=\"Escrito por\" \/>\n\t<meta name=\"twitter:data1\" content=\"Gustavo Silva\" \/>\n\t<meta name=\"twitter:label2\" content=\"Est. tempo de leitura\" \/>\n\t<meta name=\"twitter:data2\" content=\"2 minutos\" \/>\n<script type=\"application\/ld+json\" class=\"yoast-schema-graph\">{\"@context\":\"https:\\\/\\\/schema.org\",\"@graph\":[{\"@type\":\"Article\",\"@id\":\"https:\\\/\\\/redenoticiaz.com.br\\\/litoralsp\\\/2023\\\/02\\\/09\\\/menor-de-13-anos-e-apreendido-por-suspeita-de-participar-de-assassinato-de-sobrinho-de-deputado-federal#article\",\"isPartOf\":{\"@id\":\"https:\\\/\\\/redenoticiaz.com.br\\\/litoralsp\\\/2023\\\/02\\\/09\\\/menor-de-13-anos-e-apreendido-por-suspeita-de-participar-de-assassinato-de-sobrinho-de-deputado-federal\"},\"author\":{\"name\":\"Gustavo Silva\",\"@id\":\"https:\\\/\\\/redenoticiaz.com.br\\\/litoralsp\\\/#\\\/schema\\\/person\\\/16057b37a3c0ee6b096d7f887c566e2e\"},\"headline\":\"Menor de 13 anos \u00e9 apreendido por suspeita de participar de assassinato de sobrinho de Deputado Federal\",\"datePublished\":\"2023-02-09T16:13:05+00:00\",\"mainEntityOfPage\":{\"@id\":\"https:\\\/\\\/redenoticiaz.com.br\\\/litoralsp\\\/2023\\\/02\\\/09\\\/menor-de-13-anos-e-apreendido-por-suspeita-de-participar-de-assassinato-de-sobrinho-de-deputado-federal\"},\"wordCount\":223,\"commentCount\":0,\"publisher\":{\"@id\":\"https:\\\/\\\/redenoticiaz.com.br\\\/litoralsp\\\/#organization\"},\"image\":{\"@id\":\"https:\\\/\\\/redenoticiaz.com.br\\\/litoralsp\\\/2023\\\/02\\\/09\\\/menor-de-13-anos-e-apreendido-por-suspeita-de-participar-de-assassinato-de-sobrinho-de-deputado-federal#primaryimage\"},\"thumbnailUrl\":\"https:\\\/\\\/redenoticiaz.com.br\\\/litoralsp\\\/wp-content\\\/uploads\\\/sites\\\/3\\\/2023\\\/02\\\/matheus-desaparecido-registro.jpg\",\"keywords\":[\"13 anos\",\"Matheus Kruszynski\",\"PERU\u00cdBE\",\"SAMUEL MOREIRA\"],\"articleSection\":[\"Peru\u00edbe\"],\"inLanguage\":\"pt-BR\",\"potentialAction\":[{\"@type\":\"CommentAction\",\"name\":\"Comment\",\"target\":[\"https:\\\/\\\/redenoticiaz.com.br\\\/litoralsp\\\/2023\\\/02\\\/09\\\/menor-de-13-anos-e-apreendido-por-suspeita-de-participar-de-assassinato-de-sobrinho-de-deputado-federal#respond\"]}]},{\"@type\":\"WebPage\",\"@id\":\"https:\\\/\\\/redenoticiaz.com.br\\\/litoralsp\\\/2023\\\/02\\\/09\\\/menor-de-13-anos-e-apreendido-por-suspeita-de-participar-de-assassinato-de-sobrinho-de-deputado-federal\",\"url\":\"https:\\\/\\\/redenoticiaz.com.br\\\/litoralsp\\\/2023\\\/02\\\/09\\\/menor-de-13-anos-e-apreendido-por-suspeita-de-participar-de-assassinato-de-sobrinho-de-deputado-federal\",\"name\":\"Menor de 13 anos \u00e9 apreendido por suspeita de participar de assassinato de sobrinho de Deputado Federal - Litoral SP\",\"isPartOf\":{\"@id\":\"https:\\\/\\\/redenoticiaz.com.br\\\/litoralsp\\\/#website\"},\"primaryImageOfPage\":{\"@id\":\"https:\\\/\\\/redenoticiaz.com.br\\\/litoralsp\\\/2023\\\/02\\\/09\\\/menor-de-13-anos-e-apreendido-por-suspeita-de-participar-de-assassinato-de-sobrinho-de-deputado-federal#primaryimage\"},\"image\":{\"@id\":\"https:\\\/\\\/redenoticiaz.com.br\\\/litoralsp\\\/2023\\\/02\\\/09\\\/menor-de-13-anos-e-apreendido-por-suspeita-de-participar-de-assassinato-de-sobrinho-de-deputado-federal#primaryimage\"},\"thumbnailUrl\":\"https:\\\/\\\/redenoticiaz.com.br\\\/litoralsp\\\/wp-content\\\/uploads\\\/sites\\\/3\\\/2023\\\/02\\\/matheus-desaparecido-registro.jpg\",\"datePublished\":\"2023-02-09T16:13:05+00:00\",\"description\":\"Um menor de 13 anos foi apreendido por suspeita de participar do assassinato de Matheus Kruszynski Gon\u00e7alves Rezende Lara, sobrinho de Deputado Federal Samuel Moreira (PSDB).\",\"inLanguage\":\"pt-BR\",\"potentialAction\":[{\"@type\":\"ReadAction\",\"target\":[\"https:\\\/\\\/redenoticiaz.com.br\\\/litoralsp\\\/2023\\\/02\\\/09\\\/menor-de-13-anos-e-apreendido-por-suspeita-de-participar-de-assassinato-de-sobrinho-de-deputado-federal\"]}]},{\"@type\":\"ImageObject\",\"inLanguage\":\"pt-BR\",\"@id\":\"https:\\\/\\\/redenoticiaz.com.br\\\/litoralsp\\\/2023\\\/02\\\/09\\\/menor-de-13-anos-e-apreendido-por-suspeita-de-participar-de-assassinato-de-sobrinho-de-deputado-federal#primaryimage\",\"url\":\"https:\\\/\\\/redenoticiaz.com.br\\\/litoralsp\\\/wp-content\\\/uploads\\\/sites\\\/3\\\/2023\\\/02\\\/matheus-desaparecido-registro.jpg\",\"contentUrl\":\"https:\\\/\\\/redenoticiaz.com.br\\\/litoralsp\\\/wp-content\\\/uploads\\\/sites\\\/3\\\/2023\\\/02\\\/matheus-desaparecido-registro.jpg\",\"width\":810,\"height\":1080,\"caption\":\"Terceiro suspeito de matar sobrinho do deputado Samuel Moreira \u00e9 preso\"},{\"@type\":\"WebSite\",\"@id\":\"https:\\\/\\\/redenoticiaz.com.br\\\/litoralsp\\\/#website\",\"url\":\"https:\\\/\\\/redenoticiaz.com.br\\\/litoralsp\\\/\",\"name\":\"Litoral SP\",\"description\":\"Rede NoticiaZ\",\"publisher\":{\"@id\":\"https:\\\/\\\/redenoticiaz.com.br\\\/litoralsp\\\/#organization\"},\"potentialAction\":[{\"@type\":\"SearchAction\",\"target\":{\"@type\":\"EntryPoint\",\"urlTemplate\":\"https:\\\/\\\/redenoticiaz.com.br\\\/litoralsp\\\/?s={search_term_string}\"},\"query-input\":{\"@type\":\"PropertyValueSpecification\",\"valueRequired\":true,\"valueName\":\"search_term_string\"}}],\"inLanguage\":\"pt-BR\"},{\"@type\":\"Organization\",\"@id\":\"https:\\\/\\\/redenoticiaz.com.br\\\/litoralsp\\\/#organization\",\"name\":\"Litoral SP\",\"url\":\"https:\\\/\\\/redenoticiaz.com.br\\\/litoralsp\\\/\",\"logo\":{\"@type\":\"ImageObject\",\"inLanguage\":\"pt-BR\",\"@id\":\"https:\\\/\\\/redenoticiaz.com.br\\\/litoralsp\\\/#\\\/schema\\\/logo\\\/image\\\/\",\"url\":\"https:\\\/\\\/redenoticiaz.com.br\\\/litoralsp\\\/wp-content\\\/uploads\\\/sites\\\/3\\\/2020\\\/11\\\/logo.jpg\",\"contentUrl\":\"https:\\\/\\\/redenoticiaz.com.br\\\/litoralsp\\\/wp-content\\\/uploads\\\/sites\\\/3\\\/2020\\\/11\\\/logo.jpg\",\"width\":400,\"height\":250,\"caption\":\"Litoral SP\"},\"image\":{\"@id\":\"https:\\\/\\\/redenoticiaz.com.br\\\/litoralsp\\\/#\\\/schema\\\/logo\\\/image\\\/\"}},{\"@type\":\"Person\",\"@id\":\"https:\\\/\\\/redenoticiaz.com.br\\\/litoralsp\\\/#\\\/schema\\\/person\\\/16057b37a3c0ee6b096d7f887c566e2e\",\"name\":\"Gustavo Silva\",\"image\":{\"@type\":\"ImageObject\",\"inLanguage\":\"pt-BR\",\"@id\":\"https:\\\/\\\/secure.gravatar.com\\\/avatar\\\/3ee4e82f93b26de0a7cf4ea5eb7893da637ed6bb0c9170c58065944c56e28a33?s=96&d=mm&r=g\",\"url\":\"https:\\\/\\\/secure.gravatar.com\\\/avatar\\\/3ee4e82f93b26de0a7cf4ea5eb7893da637ed6bb0c9170c58065944c56e28a33?s=96&d=mm&r=g\",\"contentUrl\":\"https:\\\/\\\/secure.gravatar.com\\\/avatar\\\/3ee4e82f93b26de0a7cf4ea5eb7893da637ed6bb0c9170c58065944c56e28a33?s=96&d=mm&r=g\",\"caption\":\"Gustavo Silva\"},\"url\":\"https:\\\/\\\/redenoticiaz.com.br\\\/litoralsp\\\/author\\\/gustavosilva\"}]}<\/script>\n<!-- \/ Yoast SEO plugin. -->","yoast_head_json":{"title":"Menor de 13 anos \u00e9 apreendido por suspeita de participar de assassinato de sobrinho de Deputado Federal - Litoral SP","description":"Um menor de 13 anos foi apreendido por suspeita de participar do assassinato de Matheus Kruszynski Gon\u00e7alves Rezende Lara, sobrinho de Deputado Federal Samuel Moreira (PSDB).","robots":{"index":"index","follow":"follow","max-snippet":"max-snippet:-1","max-image-preview":"max-image-preview:large","max-video-preview":"max-video-preview:-1"},"canonical":"https:\/\/redenoticiaz.com.br\/litoralsp\/2023\/02\/09\/menor-de-13-anos-e-apreendido-por-suspeita-de-participar-de-assassinato-de-sobrinho-de-deputado-federal","og_locale":"pt_BR","og_type":"article","og_title":"Menor de 13 anos \u00e9 apreendido por suspeita de participar de assassinato de sobrinho de Deputado Federal - Litoral SP","og_description":"Um menor de 13 anos foi apreendido por suspeita de participar do assassinato de Matheus Kruszynski Gon\u00e7alves Rezende Lara, sobrinho de Deputado Federal Samuel Moreira (PSDB).","og_url":"https:\/\/redenoticiaz.com.br\/litoralsp\/2023\/02\/09\/menor-de-13-anos-e-apreendido-por-suspeita-de-participar-de-assassinato-de-sobrinho-de-deputado-federal","og_site_name":"Litoral SP","article_published_time":"2023-02-09T16:13:05+00:00","og_image":[{"width":810,"height":1080,"url":"https:\/\/redenoticiaz.com.br\/litoralsp\/wp-content\/uploads\/sites\/3\/2023\/02\/matheus-desaparecido-registro.jpg","type":"image\/jpeg"}],"author":"Gustavo Silva","twitter_card":"summary_large_image","twitter_misc":{"Escrito por":"Gustavo Silva","Est. tempo de leitura":"2 minutos"},"schema":{"@context":"https:\/\/schema.org","@graph":[{"@type":"Article","@id":"https:\/\/redenoticiaz.com.br\/litoralsp\/2023\/02\/09\/menor-de-13-anos-e-apreendido-por-suspeita-de-participar-de-assassinato-de-sobrinho-de-deputado-federal#article","isPartOf":{"@id":"https:\/\/redenoticiaz.com.br\/litoralsp\/2023\/02\/09\/menor-de-13-anos-e-apreendido-por-suspeita-de-participar-de-assassinato-de-sobrinho-de-deputado-federal"},"author":{"name":"Gustavo Silva","@id":"https:\/\/redenoticiaz.com.br\/litoralsp\/#\/schema\/person\/16057b37a3c0ee6b096d7f887c566e2e"},"headline":"Menor de 13 anos \u00e9 apreendido por suspeita de participar de assassinato de sobrinho de Deputado Federal","datePublished":"2023-02-09T16:13:05+00:00","mainEntityOfPage":{"@id":"https:\/\/redenoticiaz.com.br\/litoralsp\/2023\/02\/09\/menor-de-13-anos-e-apreendido-por-suspeita-de-participar-de-assassinato-de-sobrinho-de-deputado-federal"},"wordCount":223,"commentCount":0,"publisher":{"@id":"https:\/\/redenoticiaz.com.br\/litoralsp\/#organization"},"image":{"@id":"https:\/\/redenoticiaz.com.br\/litoralsp\/2023\/02\/09\/menor-de-13-anos-e-apreendido-por-suspeita-de-participar-de-assassinato-de-sobrinho-de-deputado-federal#primaryimage"},"thumbnailUrl":"https:\/\/redenoticiaz.com.br\/litoralsp\/wp-content\/uploads\/sites\/3\/2023\/02\/matheus-desaparecido-registro.jpg","keywords":["13 anos","Matheus Kruszynski","PERU\u00cdBE","SAMUEL MOREIRA"],"articleSection":["Peru\u00edbe"],"inLanguage":"pt-BR","potentialAction":[{"@type":"CommentAction","name":"Comment","target":["https:\/\/redenoticiaz.com.br\/litoralsp\/2023\/02\/09\/menor-de-13-anos-e-apreendido-por-suspeita-de-participar-de-assassinato-de-sobrinho-de-deputado-federal#respond"]}]},{"@type":"WebPage","@id":"https:\/\/redenoticiaz.com.br\/litoralsp\/2023\/02\/09\/menor-de-13-anos-e-apreendido-por-suspeita-de-participar-de-assassinato-de-sobrinho-de-deputado-federal","url":"https:\/\/redenoticiaz.com.br\/litoralsp\/2023\/02\/09\/menor-de-13-anos-e-apreendido-por-suspeita-de-participar-de-assassinato-de-sobrinho-de-deputado-federal","name":"Menor de 13 anos \u00e9 apreendido por suspeita de participar de assassinato de sobrinho de Deputado Federal - Litoral SP","isPartOf":{"@id":"https:\/\/redenoticiaz.com.br\/litoralsp\/#website"},"primaryImageOfPage":{"@id":"https:\/\/redenoticiaz.com.br\/litoralsp\/2023\/02\/09\/menor-de-13-anos-e-apreendido-por-suspeita-de-participar-de-assassinato-de-sobrinho-de-deputado-federal#primaryimage"},"image":{"@id":"https:\/\/redenoticiaz.com.br\/litoralsp\/2023\/02\/09\/menor-de-13-anos-e-apreendido-por-suspeita-de-participar-de-assassinato-de-sobrinho-de-deputado-federal#primaryimage"},"thumbnailUrl":"https:\/\/redenoticiaz.com.br\/litoralsp\/wp-content\/uploads\/sites\/3\/2023\/02\/matheus-desaparecido-registro.jpg","datePublished":"2023-02-09T16:13:05+00:00","description":"Um menor de 13 anos foi apreendido por suspeita de participar do assassinato de Matheus Kruszynski Gon\u00e7alves Rezende Lara, sobrinho de Deputado Federal Samuel Moreira (PSDB).","inLanguage":"pt-BR","potentialAction":[{"@type":"ReadAction","target":["https:\/\/redenoticiaz.com.br\/litoralsp\/2023\/02\/09\/menor-de-13-anos-e-apreendido-por-suspeita-de-participar-de-assassinato-de-sobrinho-de-deputado-federal"]}]},{"@type":"ImageObject","inLanguage":"pt-BR","@id":"https:\/\/redenoticiaz.com.br\/litoralsp\/2023\/02\/09\/menor-de-13-anos-e-apreendido-por-suspeita-de-participar-de-assassinato-de-sobrinho-de-deputado-federal#primaryimage","url":"https:\/\/redenoticiaz.com.br\/litoralsp\/wp-content\/uploads\/sites\/3\/2023\/02\/matheus-desaparecido-registro.jpg","contentUrl":"https:\/\/redenoticiaz.com.br\/litoralsp\/wp-content\/uploads\/sites\/3\/2023\/02\/matheus-desaparecido-registro.jpg","width":810,"height":1080,"caption":"Terceiro suspeito de matar sobrinho do deputado Samuel Moreira \u00e9 preso"},{"@type":"WebSite","@id":"https:\/\/redenoticiaz.com.br\/litoralsp\/#website","url":"https:\/\/redenoticiaz.com.br\/litoralsp\/","name":"Litoral SP","description":"Rede NoticiaZ","publisher":{"@id":"https:\/\/redenoticiaz.com.br\/litoralsp\/#organization"},"potentialAction":[{"@type":"SearchAction","target":{"@type":"EntryPoint","urlTemplate":"https:\/\/redenoticiaz.com.br\/litoralsp\/?s={search_term_string}"},"query-input":{"@type":"PropertyValueSpecification","valueRequired":true,"valueName":"search_term_string"}}],"inLanguage":"pt-BR"},{"@type":"Organization","@id":"https:\/\/redenoticiaz.com.br\/litoralsp\/#organization","name":"Litoral SP","url":"https:\/\/redenoticiaz.com.br\/litoralsp\/","logo":{"@type":"ImageObject","inLanguage":"pt-BR","@id":"https:\/\/redenoticiaz.com.br\/litoralsp\/#\/schema\/logo\/image\/","url":"https:\/\/redenoticiaz.com.br\/litoralsp\/wp-content\/uploads\/sites\/3\/2020\/11\/logo.jpg","contentUrl":"https:\/\/redenoticiaz.com.br\/litoralsp\/wp-content\/uploads\/sites\/3\/2020\/11\/logo.jpg","width":400,"height":250,"caption":"Litoral SP"},"image":{"@id":"https:\/\/redenoticiaz.com.br\/litoralsp\/#\/schema\/logo\/image\/"}},{"@type":"Person","@id":"https:\/\/redenoticiaz.com.br\/litoralsp\/#\/schema\/person\/16057b37a3c0ee6b096d7f887c566e2e","name":"Gustavo Silva","image":{"@type":"ImageObject","inLanguage":"pt-BR","@id":"https:\/\/secure.gravatar.com\/avatar\/3ee4e82f93b26de0a7cf4ea5eb7893da637ed6bb0c9170c58065944c56e28a33?s=96&d=mm&r=g","url":"https:\/\/secure.gravatar.com\/avatar\/3ee4e82f93b26de0a7cf4ea5eb7893da637ed6bb0c9170c58065944c56e28a33?s=96&d=mm&r=g","contentUrl":"https:\/\/secure.gravatar.com\/avatar\/3ee4e82f93b26de0a7cf4ea5eb7893da637ed6bb0c9170c58065944c56e28a33?s=96&d=mm&r=g","caption":"Gustavo Silva"},"url":"https:\/\/redenoticiaz.com.br\/litoralsp\/author\/gustavosilva"}]}},"_links":{"self":[{"href":"https:\/\/redenoticiaz.com.br\/litoralsp\/wp-json\/wp\/v2\/posts\/100436","targetHints":{"allow":["GET"]}}],"collection":[{"href":"https:\/\/redenoticiaz.com.br\/litoralsp\/wp-json\/wp\/v2\/posts"}],"about":[{"href":"https:\/\/redenoticiaz.com.br\/litoralsp\/wp-json\/wp\/v2\/types\/post"}],"author":[{"embeddable":true,"href":"https:\/\/redenoticiaz.com.br\/litoralsp\/wp-json\/wp\/v2\/users\/12"}],"replies":[{"embeddable":true,"href":"https:\/\/redenoticiaz.com.br\/litoralsp\/wp-json\/wp\/v2\/comments?post=100436"}],"version-history":[{"count":1,"href":"https:\/\/redenoticiaz.com.br\/litoralsp\/wp-json\/wp\/v2\/posts\/100436\/revisions"}],"predecessor-version":[{"id":100440,"href":"https:\/\/redenoticiaz.com.br\/litoralsp\/wp-json\/wp\/v2\/posts\/100436\/revisions\/100440"}],"wp:featuredmedia":[{"embeddable":true,"href":"https:\/\/redenoticiaz.com.br\/litoralsp\/wp-json\/wp\/v2\/media\/100439"}],"wp:attachment":[{"href":"https:\/\/redenoticiaz.com.br\/litoralsp\/wp-json\/wp\/v2\/media?parent=100436"}],"wp:term":[{"taxonomy":"category","embeddable":true,"href":"https:\/\/redenoticiaz.com.br\/litoralsp\/wp-json\/wp\/v2\/categories?post=100436"},{"taxonomy":"post_tag","embeddable":true,"href":"https:\/\/redenoticiaz.com.br\/litoralsp\/wp-json\/wp\/v2\/tags?post=100436"}],"curies":[{"name":"wp","href":"https:\/\/api.w.org\/{rel}","templated":true}]}}