{"id":100621,"date":"2023-02-12T17:06:25","date_gmt":"2023-02-12T20:06:25","guid":{"rendered":"https:\/\/redenoticiaz.com.br\/litoralsp\/?p=100621"},"modified":"2023-02-12T17:06:25","modified_gmt":"2023-02-12T20:06:25","slug":"santos-autua-10-veiculos-por-irregularidades-dentro-do-projeto-turista-legal","status":"publish","type":"post","link":"https:\/\/redenoticiaz.com.br\/litoralsp\/2023\/02\/12\/santos-autua-10-veiculos-por-irregularidades-dentro-do-projeto-turista-legal","title":{"rendered":"Santos autua 10 ve\u00edculos por irregularidades dentro do Projeto Turista Legal"},"content":{"rendered":"<p>Equipes da Prefeitura de Santos prosseguiram com a fiscaliza\u00e7\u00e3o do turismo de um dia na cidade.<strong> Dez ve\u00edculos foram autuados<\/strong> neste final de semana, durante a fiscaliza\u00e7\u00e3o do turismo feita na orla e vias pr\u00f3ximas \u00e0 praia da cidade.<\/p>\n<p>De acordo com a prefeitura, a opera\u00e7\u00e3o foi realizada por equipes da Secretaria de Empreendedorismo, Economia Criativa e Turismo (Seectur), com apoio da Guarda Civil Municipal (GCM), e faz parte do <a href=\"https:\/\/www.santos.sp.gov.br\/?q=noticia\/santos-aprova-lei-que-organiza-turismo-de-um-dia-no-municipio\" target=\"_blank\" rel=\"noopener\">projeto Turista Lega<\/a>l, que visa organizar o fluxo do turismo de um dia na Cidade.<\/p>\n<p>A fiscaliza\u00e7\u00e3o percorreu as vias entre Jos\u00e9 Menino e Ponta da Praia de olho em vans, micro-\u00f4nibus e \u00f4nibus que transportam turistas para o Munic\u00edpio, mas n\u00e3o possuem a Permiss\u00e3o Especial de Tr\u00e1fego (PET). Nove das autua\u00e7\u00f5es ocorreram neste domingo nas ruas Santa Catarina, D\u00e9cio Stuart, Pernambuco, Bar\u00e3o de Penedo e Pra\u00e7a Washington.<\/p>\n<p>Segundo Gileno Fran\u00e7a, da Seectur, que participou da a\u00e7\u00e3o, em tr\u00eas casos o motorista\u00a0estava no local. Todos os ve\u00edculos tinham placas de cidades da Grande S\u00e3o Paulo ou do Interior do Estado. \u201cA gente verifica os ve\u00edculos que est\u00e3o na orla e nas ruas paralelas e adjacentes \u00e0 praia. Checamos a placa e o CNPJ da empresa e h\u00e1 multa para quem estiver em desacordo com a legisla\u00e7\u00e3o. Se o motorista estiver no ve\u00edculo, conversamos e checamos se est\u00e1 em ordem. A multa para quem n\u00e3o cumpre a lei \u00e9 de R$ 2 mil\u201d.<\/p>\n<h3 id=\"menu1\">Entenda a legisla\u00e7\u00e3o<\/h3>\n<p>A lei prev\u00ea a necessidade de cadastro obrigat\u00f3rio de vans, micro-\u00f4nibus, \u00f4nibus, motorhomes, trailers e similares, com capacidade superior a 10 pessoas, que venham \u00e0 Cidade para permanecer por um dia para visitar as praias ou participar de outro tipo de evento. Para isso, os respons\u00e1veis pelos ve\u00edculos devem se cadastrar <a href=\"https:\/\/egov.santos.sp.gov.br\/turismo\/Usuario\/Autenticar\">no Sistu<\/a>r\u00a0tr\u00eas dias \u00fateis antes de chegarem ao Munic\u00edpio.<\/p>\n<p>Para o caso de turismo de praia, tamb\u00e9m ser\u00e1 obrigat\u00f3rio apresentar documentos que comprovem o pagamento, mesmo que parcial, de reserva em hot\u00e9is, pousadas, pens\u00f5es ou estabelecimentos similares (day use), al\u00e9m de reserva em estacionamento privado &#8211; j\u00e1 que os portadores da PET n\u00e3o poder\u00e3o estacionar nas vias p\u00fablicas.<\/p>\n<p>Com o cadastro realizado, a Seectur emitir\u00e1 a PET e uma identifica\u00e7\u00e3o visual que dever\u00e1 ser afixada no para-brisa dianteiro durante todo o dia de estadia em Santos. Conforme a legisla\u00e7\u00e3o, eles n\u00e3o poder\u00e3o circular no Munic\u00edpio entre meia-noite e 7h. Caso os ve\u00edculos tenham como destino apenas o terminal mar\u00edtimo de passageiros Concais para embarque e desembarque de passageiros, n\u00e3o ser\u00e1 necess\u00e1rio o cadastro para emiss\u00e3o da PET.<\/p>\n<p>Em caso de reincid\u00eancia, a multa pode ser aplicada em dobro. A fiscaliza\u00e7\u00e3o fica a cargo da Guarda Civil Municipal (GCM) e os recursos arrecadados com as eventuais autua\u00e7\u00f5es ser\u00e3o destinados ao Fundo Municipal de Turismo.<\/p>\n<p><strong>LEIA TAMB\u00c9M<\/strong><\/p>\n<p><a href=\"https:\/\/redenoticiaz.com.br\/litoralsp\/2023\/02\/12\/setor-de-servicos-cresce-83-em-2022-e-atinge-recorde\">Setor de servi\u00e7os cresce 8,3% em 2022 e atinge recorde<\/a><\/p>\n","protected":false},"excerpt":{"rendered":"<p>Equipes da Prefeitura de Santos prosseguiram com a fiscaliza\u00e7\u00e3o do turismo de um dia na cidade. Dez ve\u00edculos foram autuados neste final de semana, durante a fiscaliza\u00e7\u00e3o do turismo feita na orla e vias pr\u00f3ximas \u00e0 praia da cidade. De acordo com a prefeitura, a opera\u00e7\u00e3o foi realizada por equipes da Secretaria de Empreendedorismo, Economia &hellip;<\/p>\n","protected":false},"author":6,"featured_media":100622,"comment_status":"open","ping_status":"closed","sticky":false,"template":"","format":"standard","meta":{"footnotes":""},"categories":[180,775],"tags":[1452,55029,986,2315,63306],"class_list":["post-100621","post","type-post","status-publish","format-standard","has-post-thumbnail","hentry","category-santos","category-turismo","tag-fiscalizacao","tag-projeto-turista-legal","tag-santos","tag-turismo","tag-veiculos-autuados"],"yoast_head":"<!-- This site is optimized with the Yoast SEO plugin v27.5 - https:\/\/yoast.com\/product\/yoast-seo-wordpress\/ -->\n<title>Santos autua 10 ve\u00edculos por irregularidades dentro do Projeto Turista Legal - Litoral SP<\/title>\n<meta name=\"description\" content=\"Criativa e Turismo (Seectur), com apoio da Guarda Civil Municipal (GCM), e faz parte do projeto Turista Legal, que visa organizar o fluxo\" \/>\n<meta name=\"robots\" content=\"index, follow, max-snippet:-1, max-image-preview:large, max-video-preview:-1\" \/>\n<link rel=\"canonical\" href=\"https:\/\/redenoticiaz.com.br\/litoralsp\/2023\/02\/12\/santos-autua-10-veiculos-por-irregularidades-dentro-do-projeto-turista-legal\" \/>\n<meta property=\"og:locale\" content=\"pt_BR\" \/>\n<meta property=\"og:type\" content=\"article\" \/>\n<meta property=\"og:title\" content=\"Santos autua 10 ve\u00edculos por irregularidades dentro do Projeto Turista Legal - Litoral SP\" \/>\n<meta property=\"og:description\" content=\"Criativa e Turismo (Seectur), com apoio da Guarda Civil Municipal (GCM), e faz parte do projeto Turista Legal, que visa organizar o fluxo\" \/>\n<meta property=\"og:url\" content=\"https:\/\/redenoticiaz.com.br\/litoralsp\/2023\/02\/12\/santos-autua-10-veiculos-por-irregularidades-dentro-do-projeto-turista-legal\" \/>\n<meta property=\"og:site_name\" content=\"Litoral SP\" \/>\n<meta property=\"article:published_time\" content=\"2023-02-12T20:06:25+00:00\" \/>\n<meta property=\"og:image\" content=\"https:\/\/redenoticiaz.com.br\/litoralsp\/wp-content\/uploads\/sites\/3\/2023\/02\/van_turismo_um_dia.jpg\" \/>\n\t<meta property=\"og:image:width\" content=\"522\" \/>\n\t<meta property=\"og:image:height\" content=\"392\" \/>\n\t<meta property=\"og:image:type\" content=\"image\/jpeg\" \/>\n<meta name=\"author\" content=\"Leonardo Francisco\" \/>\n<meta name=\"twitter:card\" content=\"summary_large_image\" \/>\n<meta name=\"twitter:label1\" content=\"Escrito por\" \/>\n\t<meta name=\"twitter:data1\" content=\"Leonardo Francisco\" \/>\n\t<meta name=\"twitter:label2\" content=\"Est. tempo de leitura\" \/>\n\t<meta name=\"twitter:data2\" content=\"3 minutos\" \/>\n<script type=\"application\/ld+json\" class=\"yoast-schema-graph\">{\"@context\":\"https:\\\/\\\/schema.org\",\"@graph\":[{\"@type\":\"Article\",\"@id\":\"https:\\\/\\\/redenoticiaz.com.br\\\/litoralsp\\\/2023\\\/02\\\/12\\\/santos-autua-10-veiculos-por-irregularidades-dentro-do-projeto-turista-legal#article\",\"isPartOf\":{\"@id\":\"https:\\\/\\\/redenoticiaz.com.br\\\/litoralsp\\\/2023\\\/02\\\/12\\\/santos-autua-10-veiculos-por-irregularidades-dentro-do-projeto-turista-legal\"},\"author\":{\"name\":\"Leonardo Francisco\",\"@id\":\"https:\\\/\\\/redenoticiaz.com.br\\\/litoralsp\\\/#\\\/schema\\\/person\\\/0f0b8a5bdafefe82841e07ae8d81ecb3\"},\"headline\":\"Santos autua 10 ve\u00edculos por irregularidades dentro do Projeto Turista Legal\",\"datePublished\":\"2023-02-12T20:06:25+00:00\",\"mainEntityOfPage\":{\"@id\":\"https:\\\/\\\/redenoticiaz.com.br\\\/litoralsp\\\/2023\\\/02\\\/12\\\/santos-autua-10-veiculos-por-irregularidades-dentro-do-projeto-turista-legal\"},\"wordCount\":522,\"commentCount\":0,\"publisher\":{\"@id\":\"https:\\\/\\\/redenoticiaz.com.br\\\/litoralsp\\\/#organization\"},\"image\":{\"@id\":\"https:\\\/\\\/redenoticiaz.com.br\\\/litoralsp\\\/2023\\\/02\\\/12\\\/santos-autua-10-veiculos-por-irregularidades-dentro-do-projeto-turista-legal#primaryimage\"},\"thumbnailUrl\":\"https:\\\/\\\/redenoticiaz.com.br\\\/litoralsp\\\/wp-content\\\/uploads\\\/sites\\\/3\\\/2023\\\/02\\\/van_turismo_um_dia.jpg\",\"keywords\":[\"FISCALIZA\u00c7\u00c3O\",\"PROJETO TURISTA LEGAL\",\"Santos\",\"turismo\",\"VE\u00cdCULOS AUTUADOS\"],\"articleSection\":[\"Santos\",\"Turismo\"],\"inLanguage\":\"pt-BR\",\"potentialAction\":[{\"@type\":\"CommentAction\",\"name\":\"Comment\",\"target\":[\"https:\\\/\\\/redenoticiaz.com.br\\\/litoralsp\\\/2023\\\/02\\\/12\\\/santos-autua-10-veiculos-por-irregularidades-dentro-do-projeto-turista-legal#respond\"]}]},{\"@type\":\"WebPage\",\"@id\":\"https:\\\/\\\/redenoticiaz.com.br\\\/litoralsp\\\/2023\\\/02\\\/12\\\/santos-autua-10-veiculos-por-irregularidades-dentro-do-projeto-turista-legal\",\"url\":\"https:\\\/\\\/redenoticiaz.com.br\\\/litoralsp\\\/2023\\\/02\\\/12\\\/santos-autua-10-veiculos-por-irregularidades-dentro-do-projeto-turista-legal\",\"name\":\"Santos autua 10 ve\u00edculos por irregularidades dentro do Projeto Turista Legal - Litoral SP\",\"isPartOf\":{\"@id\":\"https:\\\/\\\/redenoticiaz.com.br\\\/litoralsp\\\/#website\"},\"primaryImageOfPage\":{\"@id\":\"https:\\\/\\\/redenoticiaz.com.br\\\/litoralsp\\\/2023\\\/02\\\/12\\\/santos-autua-10-veiculos-por-irregularidades-dentro-do-projeto-turista-legal#primaryimage\"},\"image\":{\"@id\":\"https:\\\/\\\/redenoticiaz.com.br\\\/litoralsp\\\/2023\\\/02\\\/12\\\/santos-autua-10-veiculos-por-irregularidades-dentro-do-projeto-turista-legal#primaryimage\"},\"thumbnailUrl\":\"https:\\\/\\\/redenoticiaz.com.br\\\/litoralsp\\\/wp-content\\\/uploads\\\/sites\\\/3\\\/2023\\\/02\\\/van_turismo_um_dia.jpg\",\"datePublished\":\"2023-02-12T20:06:25+00:00\",\"description\":\"Criativa e Turismo (Seectur), com apoio da Guarda Civil Municipal (GCM), e faz parte do projeto Turista Legal, que visa organizar o fluxo\",\"inLanguage\":\"pt-BR\",\"potentialAction\":[{\"@type\":\"ReadAction\",\"target\":[\"https:\\\/\\\/redenoticiaz.com.br\\\/litoralsp\\\/2023\\\/02\\\/12\\\/santos-autua-10-veiculos-por-irregularidades-dentro-do-projeto-turista-legal\"]}]},{\"@type\":\"ImageObject\",\"inLanguage\":\"pt-BR\",\"@id\":\"https:\\\/\\\/redenoticiaz.com.br\\\/litoralsp\\\/2023\\\/02\\\/12\\\/santos-autua-10-veiculos-por-irregularidades-dentro-do-projeto-turista-legal#primaryimage\",\"url\":\"https:\\\/\\\/redenoticiaz.com.br\\\/litoralsp\\\/wp-content\\\/uploads\\\/sites\\\/3\\\/2023\\\/02\\\/van_turismo_um_dia.jpg\",\"contentUrl\":\"https:\\\/\\\/redenoticiaz.com.br\\\/litoralsp\\\/wp-content\\\/uploads\\\/sites\\\/3\\\/2023\\\/02\\\/van_turismo_um_dia.jpg\",\"width\":522,\"height\":392,\"caption\":\"Cr\u00e9ditos: Divulga\u00e7\u00e3o\\\/Prefeitura de Santos\"},{\"@type\":\"WebSite\",\"@id\":\"https:\\\/\\\/redenoticiaz.com.br\\\/litoralsp\\\/#website\",\"url\":\"https:\\\/\\\/redenoticiaz.com.br\\\/litoralsp\\\/\",\"name\":\"Litoral SP\",\"description\":\"Rede NoticiaZ\",\"publisher\":{\"@id\":\"https:\\\/\\\/redenoticiaz.com.br\\\/litoralsp\\\/#organization\"},\"potentialAction\":[{\"@type\":\"SearchAction\",\"target\":{\"@type\":\"EntryPoint\",\"urlTemplate\":\"https:\\\/\\\/redenoticiaz.com.br\\\/litoralsp\\\/?s={search_term_string}\"},\"query-input\":{\"@type\":\"PropertyValueSpecification\",\"valueRequired\":true,\"valueName\":\"search_term_string\"}}],\"inLanguage\":\"pt-BR\"},{\"@type\":\"Organization\",\"@id\":\"https:\\\/\\\/redenoticiaz.com.br\\\/litoralsp\\\/#organization\",\"name\":\"Litoral SP\",\"url\":\"https:\\\/\\\/redenoticiaz.com.br\\\/litoralsp\\\/\",\"logo\":{\"@type\":\"ImageObject\",\"inLanguage\":\"pt-BR\",\"@id\":\"https:\\\/\\\/redenoticiaz.com.br\\\/litoralsp\\\/#\\\/schema\\\/logo\\\/image\\\/\",\"url\":\"https:\\\/\\\/redenoticiaz.com.br\\\/litoralsp\\\/wp-content\\\/uploads\\\/sites\\\/3\\\/2020\\\/11\\\/logo.jpg\",\"contentUrl\":\"https:\\\/\\\/redenoticiaz.com.br\\\/litoralsp\\\/wp-content\\\/uploads\\\/sites\\\/3\\\/2020\\\/11\\\/logo.jpg\",\"width\":400,\"height\":250,\"caption\":\"Litoral SP\"},\"image\":{\"@id\":\"https:\\\/\\\/redenoticiaz.com.br\\\/litoralsp\\\/#\\\/schema\\\/logo\\\/image\\\/\"}},{\"@type\":\"Person\",\"@id\":\"https:\\\/\\\/redenoticiaz.com.br\\\/litoralsp\\\/#\\\/schema\\\/person\\\/0f0b8a5bdafefe82841e07ae8d81ecb3\",\"name\":\"Leonardo Francisco\",\"image\":{\"@type\":\"ImageObject\",\"inLanguage\":\"pt-BR\",\"@id\":\"https:\\\/\\\/secure.gravatar.com\\\/avatar\\\/a7358cb406a99b682ec6df1e77e31ae82e63601f6784e8a3df411d72b37864da?s=96&d=mm&r=g\",\"url\":\"https:\\\/\\\/secure.gravatar.com\\\/avatar\\\/a7358cb406a99b682ec6df1e77e31ae82e63601f6784e8a3df411d72b37864da?s=96&d=mm&r=g\",\"contentUrl\":\"https:\\\/\\\/secure.gravatar.com\\\/avatar\\\/a7358cb406a99b682ec6df1e77e31ae82e63601f6784e8a3df411d72b37864da?s=96&d=mm&r=g\",\"caption\":\"Leonardo Francisco\"},\"url\":\"https:\\\/\\\/redenoticiaz.com.br\\\/litoralsp\\\/author\\\/leonardo-francisco\"}]}<\/script>\n<!-- \/ Yoast SEO plugin. -->","yoast_head_json":{"title":"Santos autua 10 ve\u00edculos por irregularidades dentro do Projeto Turista Legal - Litoral SP","description":"Criativa e Turismo (Seectur), com apoio da Guarda Civil Municipal (GCM), e faz parte do projeto Turista Legal, que visa organizar o fluxo","robots":{"index":"index","follow":"follow","max-snippet":"max-snippet:-1","max-image-preview":"max-image-preview:large","max-video-preview":"max-video-preview:-1"},"canonical":"https:\/\/redenoticiaz.com.br\/litoralsp\/2023\/02\/12\/santos-autua-10-veiculos-por-irregularidades-dentro-do-projeto-turista-legal","og_locale":"pt_BR","og_type":"article","og_title":"Santos autua 10 ve\u00edculos por irregularidades dentro do Projeto Turista Legal - Litoral SP","og_description":"Criativa e Turismo (Seectur), com apoio da Guarda Civil Municipal (GCM), e faz parte do projeto Turista Legal, que visa organizar o fluxo","og_url":"https:\/\/redenoticiaz.com.br\/litoralsp\/2023\/02\/12\/santos-autua-10-veiculos-por-irregularidades-dentro-do-projeto-turista-legal","og_site_name":"Litoral SP","article_published_time":"2023-02-12T20:06:25+00:00","og_image":[{"width":522,"height":392,"url":"https:\/\/redenoticiaz.com.br\/litoralsp\/wp-content\/uploads\/sites\/3\/2023\/02\/van_turismo_um_dia.jpg","type":"image\/jpeg"}],"author":"Leonardo Francisco","twitter_card":"summary_large_image","twitter_misc":{"Escrito por":"Leonardo Francisco","Est. tempo de leitura":"3 minutos"},"schema":{"@context":"https:\/\/schema.org","@graph":[{"@type":"Article","@id":"https:\/\/redenoticiaz.com.br\/litoralsp\/2023\/02\/12\/santos-autua-10-veiculos-por-irregularidades-dentro-do-projeto-turista-legal#article","isPartOf":{"@id":"https:\/\/redenoticiaz.com.br\/litoralsp\/2023\/02\/12\/santos-autua-10-veiculos-por-irregularidades-dentro-do-projeto-turista-legal"},"author":{"name":"Leonardo Francisco","@id":"https:\/\/redenoticiaz.com.br\/litoralsp\/#\/schema\/person\/0f0b8a5bdafefe82841e07ae8d81ecb3"},"headline":"Santos autua 10 ve\u00edculos por irregularidades dentro do Projeto Turista Legal","datePublished":"2023-02-12T20:06:25+00:00","mainEntityOfPage":{"@id":"https:\/\/redenoticiaz.com.br\/litoralsp\/2023\/02\/12\/santos-autua-10-veiculos-por-irregularidades-dentro-do-projeto-turista-legal"},"wordCount":522,"commentCount":0,"publisher":{"@id":"https:\/\/redenoticiaz.com.br\/litoralsp\/#organization"},"image":{"@id":"https:\/\/redenoticiaz.com.br\/litoralsp\/2023\/02\/12\/santos-autua-10-veiculos-por-irregularidades-dentro-do-projeto-turista-legal#primaryimage"},"thumbnailUrl":"https:\/\/redenoticiaz.com.br\/litoralsp\/wp-content\/uploads\/sites\/3\/2023\/02\/van_turismo_um_dia.jpg","keywords":["FISCALIZA\u00c7\u00c3O","PROJETO TURISTA LEGAL","Santos","turismo","VE\u00cdCULOS AUTUADOS"],"articleSection":["Santos","Turismo"],"inLanguage":"pt-BR","potentialAction":[{"@type":"CommentAction","name":"Comment","target":["https:\/\/redenoticiaz.com.br\/litoralsp\/2023\/02\/12\/santos-autua-10-veiculos-por-irregularidades-dentro-do-projeto-turista-legal#respond"]}]},{"@type":"WebPage","@id":"https:\/\/redenoticiaz.com.br\/litoralsp\/2023\/02\/12\/santos-autua-10-veiculos-por-irregularidades-dentro-do-projeto-turista-legal","url":"https:\/\/redenoticiaz.com.br\/litoralsp\/2023\/02\/12\/santos-autua-10-veiculos-por-irregularidades-dentro-do-projeto-turista-legal","name":"Santos autua 10 ve\u00edculos por irregularidades dentro do Projeto Turista Legal - Litoral SP","isPartOf":{"@id":"https:\/\/redenoticiaz.com.br\/litoralsp\/#website"},"primaryImageOfPage":{"@id":"https:\/\/redenoticiaz.com.br\/litoralsp\/2023\/02\/12\/santos-autua-10-veiculos-por-irregularidades-dentro-do-projeto-turista-legal#primaryimage"},"image":{"@id":"https:\/\/redenoticiaz.com.br\/litoralsp\/2023\/02\/12\/santos-autua-10-veiculos-por-irregularidades-dentro-do-projeto-turista-legal#primaryimage"},"thumbnailUrl":"https:\/\/redenoticiaz.com.br\/litoralsp\/wp-content\/uploads\/sites\/3\/2023\/02\/van_turismo_um_dia.jpg","datePublished":"2023-02-12T20:06:25+00:00","description":"Criativa e Turismo (Seectur), com apoio da Guarda Civil Municipal (GCM), e faz parte do projeto Turista Legal, que visa organizar o fluxo","inLanguage":"pt-BR","potentialAction":[{"@type":"ReadAction","target":["https:\/\/redenoticiaz.com.br\/litoralsp\/2023\/02\/12\/santos-autua-10-veiculos-por-irregularidades-dentro-do-projeto-turista-legal"]}]},{"@type":"ImageObject","inLanguage":"pt-BR","@id":"https:\/\/redenoticiaz.com.br\/litoralsp\/2023\/02\/12\/santos-autua-10-veiculos-por-irregularidades-dentro-do-projeto-turista-legal#primaryimage","url":"https:\/\/redenoticiaz.com.br\/litoralsp\/wp-content\/uploads\/sites\/3\/2023\/02\/van_turismo_um_dia.jpg","contentUrl":"https:\/\/redenoticiaz.com.br\/litoralsp\/wp-content\/uploads\/sites\/3\/2023\/02\/van_turismo_um_dia.jpg","width":522,"height":392,"caption":"Cr\u00e9ditos: Divulga\u00e7\u00e3o\/Prefeitura de Santos"},{"@type":"WebSite","@id":"https:\/\/redenoticiaz.com.br\/litoralsp\/#website","url":"https:\/\/redenoticiaz.com.br\/litoralsp\/","name":"Litoral SP","description":"Rede NoticiaZ","publisher":{"@id":"https:\/\/redenoticiaz.com.br\/litoralsp\/#organization"},"potentialAction":[{"@type":"SearchAction","target":{"@type":"EntryPoint","urlTemplate":"https:\/\/redenoticiaz.com.br\/litoralsp\/?s={search_term_string}"},"query-input":{"@type":"PropertyValueSpecification","valueRequired":true,"valueName":"search_term_string"}}],"inLanguage":"pt-BR"},{"@type":"Organization","@id":"https:\/\/redenoticiaz.com.br\/litoralsp\/#organization","name":"Litoral SP","url":"https:\/\/redenoticiaz.com.br\/litoralsp\/","logo":{"@type":"ImageObject","inLanguage":"pt-BR","@id":"https:\/\/redenoticiaz.com.br\/litoralsp\/#\/schema\/logo\/image\/","url":"https:\/\/redenoticiaz.com.br\/litoralsp\/wp-content\/uploads\/sites\/3\/2020\/11\/logo.jpg","contentUrl":"https:\/\/redenoticiaz.com.br\/litoralsp\/wp-content\/uploads\/sites\/3\/2020\/11\/logo.jpg","width":400,"height":250,"caption":"Litoral SP"},"image":{"@id":"https:\/\/redenoticiaz.com.br\/litoralsp\/#\/schema\/logo\/image\/"}},{"@type":"Person","@id":"https:\/\/redenoticiaz.com.br\/litoralsp\/#\/schema\/person\/0f0b8a5bdafefe82841e07ae8d81ecb3","name":"Leonardo Francisco","image":{"@type":"ImageObject","inLanguage":"pt-BR","@id":"https:\/\/secure.gravatar.com\/avatar\/a7358cb406a99b682ec6df1e77e31ae82e63601f6784e8a3df411d72b37864da?s=96&d=mm&r=g","url":"https:\/\/secure.gravatar.com\/avatar\/a7358cb406a99b682ec6df1e77e31ae82e63601f6784e8a3df411d72b37864da?s=96&d=mm&r=g","contentUrl":"https:\/\/secure.gravatar.com\/avatar\/a7358cb406a99b682ec6df1e77e31ae82e63601f6784e8a3df411d72b37864da?s=96&d=mm&r=g","caption":"Leonardo Francisco"},"url":"https:\/\/redenoticiaz.com.br\/litoralsp\/author\/leonardo-francisco"}]}},"_links":{"self":[{"href":"https:\/\/redenoticiaz.com.br\/litoralsp\/wp-json\/wp\/v2\/posts\/100621","targetHints":{"allow":["GET"]}}],"collection":[{"href":"https:\/\/redenoticiaz.com.br\/litoralsp\/wp-json\/wp\/v2\/posts"}],"about":[{"href":"https:\/\/redenoticiaz.com.br\/litoralsp\/wp-json\/wp\/v2\/types\/post"}],"author":[{"embeddable":true,"href":"https:\/\/redenoticiaz.com.br\/litoralsp\/wp-json\/wp\/v2\/users\/6"}],"replies":[{"embeddable":true,"href":"https:\/\/redenoticiaz.com.br\/litoralsp\/wp-json\/wp\/v2\/comments?post=100621"}],"version-history":[{"count":1,"href":"https:\/\/redenoticiaz.com.br\/litoralsp\/wp-json\/wp\/v2\/posts\/100621\/revisions"}],"predecessor-version":[{"id":100623,"href":"https:\/\/redenoticiaz.com.br\/litoralsp\/wp-json\/wp\/v2\/posts\/100621\/revisions\/100623"}],"wp:featuredmedia":[{"embeddable":true,"href":"https:\/\/redenoticiaz.com.br\/litoralsp\/wp-json\/wp\/v2\/media\/100622"}],"wp:attachment":[{"href":"https:\/\/redenoticiaz.com.br\/litoralsp\/wp-json\/wp\/v2\/media?parent=100621"}],"wp:term":[{"taxonomy":"category","embeddable":true,"href":"https:\/\/redenoticiaz.com.br\/litoralsp\/wp-json\/wp\/v2\/categories?post=100621"},{"taxonomy":"post_tag","embeddable":true,"href":"https:\/\/redenoticiaz.com.br\/litoralsp\/wp-json\/wp\/v2\/tags?post=100621"}],"curies":[{"name":"wp","href":"https:\/\/api.w.org\/{rel}","templated":true}]}}