{"id":100624,"date":"2023-02-12T17:17:42","date_gmt":"2023-02-12T20:17:42","guid":{"rendered":"https:\/\/redenoticiaz.com.br\/litoralsp\/?p=100624"},"modified":"2023-02-12T17:17:42","modified_gmt":"2023-02-12T20:17:42","slug":"cetesb-alerta-para-15-praias-improprias-no-litoral-norte","status":"publish","type":"post","link":"https:\/\/redenoticiaz.com.br\/litoralsp\/2023\/02\/12\/cetesb-alerta-para-15-praias-improprias-no-litoral-norte","title":{"rendered":"Cetesb alerta para 15 praias impr\u00f3prias no Litoral Norte"},"content":{"rendered":"<div id=\"chunk-199ec\">\n<div class=\"mc-column content-text active-extra-styles \" data-block-type=\"unstyled\" data-block-weight=\"23\" data-block-id=\"3\">\n<p class=\"content-text__container \" data-track-category=\"Link no Texto\" data-track-links=\"\">Domingo (12) de sol e calor \u00e9 uma pedida de dar aquele mergulho nas praias do Litoral Norte. Mas segundo relat\u00f3rio da Companhia de Tecnologia e Saneamento Ambiental (Cetesb), <strong>15 praias<\/strong> est\u00e3o em condi\u00e7\u00f5es impr\u00f3prias para banho.<\/p>\n<\/div>\n<\/div>\n<div class=\"wall protected-content\">\n<div id=\"chunk-6e0m6\">\n<div class=\"mc-column content-text active-extra-styles \" data-block-type=\"unstyled\" data-block-weight=\"41\" data-block-id=\"4\">\n<p class=\"content-text__container \" data-track-category=\"Link no Texto\" data-track-links=\"\">De acordo com o relat\u00f3rio \u00e9 levado em conta o n\u00famero de bact\u00e9rias encontradas na \u00e1gua. Uma praia \u00e9 considerada impr\u00f3pria quando s\u00e3o identificados n\u00fameros maiores a 100 unidades de col\u00f4nias de bact\u00e9rias a cada 100 mililitros de \u00e1gua.<\/p>\n<\/div>\n<\/div>\n<div id=\"chunk-7osni\">\n<div class=\"mc-column content-text active-extra-styles \" data-block-type=\"unstyled\" data-block-weight=\"32\" data-block-id=\"5\">\n<p class=\"content-text__container \" data-track-category=\"Link no Texto\" data-track-links=\"\">Ilhabela \u00e9 a cidade com mais bandeiras vermelhas, com sete bandeiras vermelhas. Ubatuba e S\u00e3o Sebasti\u00e3o tem duas praias impr\u00f3prias em cada cidade e Caraguatatuba tem tr\u00eas praias sem condi\u00e7\u00f5es de banho.<\/p>\n<\/div>\n<\/div>\n<div id=\"chunk-4tl2a\">\n<div class=\"mc-column content-text active-extra-styles \" data-block-type=\"unstyled\" data-block-weight=\"39\" data-block-id=\"6\">\n<p class=\"content-text__container \" data-track-category=\"Link no Texto\" data-track-links=\"\">Os locais n\u00e3o recomendados para banho s\u00e3o sinalizados com a bandeira vermelha da Cetesb. Segundo o \u00f3rg\u00e3o, o recomendado \u00e9 n\u00e3o tomar banho nas \u00e1guas das praias que estiverem sinalizadas, j\u00e1 que podem causar riscos \u00e0 sa\u00fade dos banhistas.<\/p>\n<h3 data-track-category=\"Link no Texto\">Confira a lista:<\/h3>\n<div class=\"mc-column content-text active-extra-styles\" data-block-type=\"raw\" data-block-weight=\"1\" data-block-id=\"9\">\n<div class=\"content-intertitle\">\n<h5>Ubatuba<\/h5>\n<\/div>\n<\/div>\n<div class=\"mc-column content-text active-extra-styles\" data-block-type=\"raw\" data-block-weight=\"2\" data-block-id=\"10\">\n<ul class=\"content-unordered-list\">\n<li>Itagu\u00e1<\/li>\n<li>Perequ\u00ea-Mirim<\/li>\n<\/ul>\n<\/div>\n<div class=\"mc-column content-text active-extra-styles\" data-block-type=\"raw\" data-block-weight=\"2\" data-block-id=\"11\">\n<div class=\"content-intertitle\">\n<h5><strong>S\u00e3o Sebasti\u00e3o<\/strong><\/h5>\n<\/div>\n<\/div>\n<div class=\"mc-column content-text active-extra-styles\" data-block-type=\"raw\" data-block-weight=\"4\" data-block-id=\"12\">\n<ul class=\"content-unordered-list\">\n<li>Prainha<\/li>\n<li>Preta do Norte<\/li>\n<\/ul>\n<\/div>\n<div id=\"chunk-ajf8l\">\n<div class=\"mc-column content-text active-extra-styles \" data-block-type=\"unstyled\" data-block-weight=\"1\" data-block-id=\"13\">\n<h5 class=\"content-text__container \" data-track-category=\"Link no Texto\"><strong>Caraguatatuba<\/strong><\/h5>\n<\/div>\n<\/div>\n<div class=\"mc-column content-text active-extra-styles\" data-block-type=\"raw\" data-block-weight=\"3\" data-block-id=\"14\">\n<ul class=\"content-unordered-list\">\n<li>Tabatinga<\/li>\n<li>Centro<\/li>\n<li>Prainha<\/li>\n<\/ul>\n<\/div>\n<div class=\"mc-column content-text active-extra-styles\" data-block-type=\"raw\" data-block-weight=\"1\" data-block-id=\"15\">\n<div class=\"content-intertitle\">\n<h5>Ilhabela<\/h5>\n<\/div>\n<\/div>\n<div data-track-category=\"multicontent\" data-track-action=\"ultimo chunk conteudo\" data-track-noninteraction=\"false\" data-track-scroll=\"view\">\n<div class=\"mc-column content-text active-extra-styles\" data-block-type=\"raw\" data-block-weight=\"7\" data-block-id=\"16\">\n<ul class=\"content-unordered-list\">\n<li>Itaquanduba<\/li>\n<li>Perequ\u00ea<\/li>\n<li>Portinho<\/li>\n<li>Juli\u00e3o<\/li>\n<li>Curral<\/li>\n<li>Itagua\u00e7u<\/li>\n<li>Veloso<\/li>\n<\/ul>\n<p><strong>LEIA TAMB\u00c9M<\/strong><\/p>\n<p><a href=\"https:\/\/redenoticiaz.com.br\/litoralsp\/2023\/02\/11\/quebra-mar-de-santos-vai-contar-com-skatepark-olimpico\">Quebra-Mar de Santos vai contar com skatepark ol\u00edmpico<\/a><\/p>\n<\/div>\n<\/div>\n<\/div>\n<\/div>\n<\/div>\n","protected":false},"excerpt":{"rendered":"<p>Domingo (12) de sol e calor \u00e9 uma pedida de dar aquele mergulho nas praias do Litoral Norte. Mas segundo relat\u00f3rio da Companhia de Tecnologia e Saneamento Ambiental (Cetesb), 15 praias est\u00e3o em condi\u00e7\u00f5es impr\u00f3prias para banho. De acordo com o relat\u00f3rio \u00e9 levado em conta o n\u00famero de bact\u00e9rias encontradas na \u00e1gua. Uma praia &hellip;<\/p>\n","protected":false},"author":6,"featured_media":100625,"comment_status":"open","ping_status":"closed","sticky":false,"template":"","format":"standard","meta":{"footnotes":""},"categories":[3411,45592],"tags":[47590,8783,3999,6496,1479,61513],"class_list":["post-100624","post","type-post","status-publish","format-standard","has-post-thumbnail","hentry","category-ilhabela","category-praia","tag-balneabilidade","tag-cetesb","tag-ilhabela","tag-litoral-norte","tag-praias","tag-praias-improprias-para-banho"],"yoast_head":"<!-- This site is optimized with the Yoast SEO plugin v27.4 - https:\/\/yoast.com\/product\/yoast-seo-wordpress\/ -->\n<title>Cetesb alerta para 15 praias impr\u00f3prias no Litoral Norte - Litoral SP<\/title>\n<meta name=\"description\" content=\"relat\u00f3rio da Companhia de Tecnologia e Saneamento Ambiental (Cetesb), 15 praias est\u00e3o em condi\u00e7\u00f5es impr\u00f3prias para banho.\" \/>\n<meta name=\"robots\" content=\"index, follow, max-snippet:-1, max-image-preview:large, max-video-preview:-1\" \/>\n<link rel=\"canonical\" href=\"https:\/\/redenoticiaz.com.br\/litoralsp\/2023\/02\/12\/cetesb-alerta-para-15-praias-improprias-no-litoral-norte\" \/>\n<meta property=\"og:locale\" content=\"pt_BR\" \/>\n<meta property=\"og:type\" content=\"article\" \/>\n<meta property=\"og:title\" content=\"Cetesb alerta para 15 praias impr\u00f3prias no Litoral Norte - Litoral SP\" \/>\n<meta property=\"og:description\" content=\"relat\u00f3rio da Companhia de Tecnologia e Saneamento Ambiental (Cetesb), 15 praias est\u00e3o em condi\u00e7\u00f5es impr\u00f3prias para banho.\" \/>\n<meta property=\"og:url\" content=\"https:\/\/redenoticiaz.com.br\/litoralsp\/2023\/02\/12\/cetesb-alerta-para-15-praias-improprias-no-litoral-norte\" \/>\n<meta property=\"og:site_name\" content=\"Litoral SP\" \/>\n<meta property=\"article:published_time\" content=\"2023-02-12T20:17:42+00:00\" \/>\n<meta property=\"og:image\" content=\"https:\/\/redenoticiaz.com.br\/litoralsp\/wp-content\/uploads\/sites\/3\/2023\/02\/PRAIA-CARAGUATATUBA.jpg\" \/>\n\t<meta property=\"og:image:width\" content=\"430\" \/>\n\t<meta property=\"og:image:height\" content=\"236\" \/>\n\t<meta property=\"og:image:type\" content=\"image\/jpeg\" \/>\n<meta name=\"author\" content=\"Leonardo Francisco\" \/>\n<meta name=\"twitter:card\" content=\"summary_large_image\" \/>\n<meta name=\"twitter:label1\" content=\"Escrito por\" \/>\n\t<meta name=\"twitter:data1\" content=\"Leonardo Francisco\" \/>\n\t<meta name=\"twitter:label2\" content=\"Est. tempo de leitura\" \/>\n\t<meta name=\"twitter:data2\" content=\"1 minuto\" \/>\n<script type=\"application\/ld+json\" class=\"yoast-schema-graph\">{\"@context\":\"https:\\\/\\\/schema.org\",\"@graph\":[{\"@type\":\"Article\",\"@id\":\"https:\\\/\\\/redenoticiaz.com.br\\\/litoralsp\\\/2023\\\/02\\\/12\\\/cetesb-alerta-para-15-praias-improprias-no-litoral-norte#article\",\"isPartOf\":{\"@id\":\"https:\\\/\\\/redenoticiaz.com.br\\\/litoralsp\\\/2023\\\/02\\\/12\\\/cetesb-alerta-para-15-praias-improprias-no-litoral-norte\"},\"author\":{\"name\":\"Leonardo Francisco\",\"@id\":\"https:\\\/\\\/redenoticiaz.com.br\\\/litoralsp\\\/#\\\/schema\\\/person\\\/0f0b8a5bdafefe82841e07ae8d81ecb3\"},\"headline\":\"Cetesb alerta para 15 praias impr\u00f3prias no Litoral Norte\",\"datePublished\":\"2023-02-12T20:17:42+00:00\",\"mainEntityOfPage\":{\"@id\":\"https:\\\/\\\/redenoticiaz.com.br\\\/litoralsp\\\/2023\\\/02\\\/12\\\/cetesb-alerta-para-15-praias-improprias-no-litoral-norte\"},\"wordCount\":209,\"commentCount\":0,\"publisher\":{\"@id\":\"https:\\\/\\\/redenoticiaz.com.br\\\/litoralsp\\\/#organization\"},\"image\":{\"@id\":\"https:\\\/\\\/redenoticiaz.com.br\\\/litoralsp\\\/2023\\\/02\\\/12\\\/cetesb-alerta-para-15-praias-improprias-no-litoral-norte#primaryimage\"},\"thumbnailUrl\":\"https:\\\/\\\/redenoticiaz.com.br\\\/litoralsp\\\/wp-content\\\/uploads\\\/sites\\\/3\\\/2023\\\/02\\\/PRAIA-CARAGUATATUBA.jpg\",\"keywords\":[\"BALNEABILIDADE\",\"CETESB\",\"ILHABELA\",\"LITORAL NORTE\",\"PRAIAS\",\"PRAIAS IMPR\u00d3PRIAS PARA BANHO\"],\"articleSection\":[\"IlhaBela\",\"Praia\"],\"inLanguage\":\"pt-BR\",\"potentialAction\":[{\"@type\":\"CommentAction\",\"name\":\"Comment\",\"target\":[\"https:\\\/\\\/redenoticiaz.com.br\\\/litoralsp\\\/2023\\\/02\\\/12\\\/cetesb-alerta-para-15-praias-improprias-no-litoral-norte#respond\"]}]},{\"@type\":\"WebPage\",\"@id\":\"https:\\\/\\\/redenoticiaz.com.br\\\/litoralsp\\\/2023\\\/02\\\/12\\\/cetesb-alerta-para-15-praias-improprias-no-litoral-norte\",\"url\":\"https:\\\/\\\/redenoticiaz.com.br\\\/litoralsp\\\/2023\\\/02\\\/12\\\/cetesb-alerta-para-15-praias-improprias-no-litoral-norte\",\"name\":\"Cetesb alerta para 15 praias impr\u00f3prias no Litoral Norte - Litoral SP\",\"isPartOf\":{\"@id\":\"https:\\\/\\\/redenoticiaz.com.br\\\/litoralsp\\\/#website\"},\"primaryImageOfPage\":{\"@id\":\"https:\\\/\\\/redenoticiaz.com.br\\\/litoralsp\\\/2023\\\/02\\\/12\\\/cetesb-alerta-para-15-praias-improprias-no-litoral-norte#primaryimage\"},\"image\":{\"@id\":\"https:\\\/\\\/redenoticiaz.com.br\\\/litoralsp\\\/2023\\\/02\\\/12\\\/cetesb-alerta-para-15-praias-improprias-no-litoral-norte#primaryimage\"},\"thumbnailUrl\":\"https:\\\/\\\/redenoticiaz.com.br\\\/litoralsp\\\/wp-content\\\/uploads\\\/sites\\\/3\\\/2023\\\/02\\\/PRAIA-CARAGUATATUBA.jpg\",\"datePublished\":\"2023-02-12T20:17:42+00:00\",\"description\":\"relat\u00f3rio da Companhia de Tecnologia e Saneamento Ambiental (Cetesb), 15 praias est\u00e3o em condi\u00e7\u00f5es impr\u00f3prias para banho.\",\"inLanguage\":\"pt-BR\",\"potentialAction\":[{\"@type\":\"ReadAction\",\"target\":[\"https:\\\/\\\/redenoticiaz.com.br\\\/litoralsp\\\/2023\\\/02\\\/12\\\/cetesb-alerta-para-15-praias-improprias-no-litoral-norte\"]}]},{\"@type\":\"ImageObject\",\"inLanguage\":\"pt-BR\",\"@id\":\"https:\\\/\\\/redenoticiaz.com.br\\\/litoralsp\\\/2023\\\/02\\\/12\\\/cetesb-alerta-para-15-praias-improprias-no-litoral-norte#primaryimage\",\"url\":\"https:\\\/\\\/redenoticiaz.com.br\\\/litoralsp\\\/wp-content\\\/uploads\\\/sites\\\/3\\\/2023\\\/02\\\/PRAIA-CARAGUATATUBA.jpg\",\"contentUrl\":\"https:\\\/\\\/redenoticiaz.com.br\\\/litoralsp\\\/wp-content\\\/uploads\\\/sites\\\/3\\\/2023\\\/02\\\/PRAIA-CARAGUATATUBA.jpg\",\"width\":430,\"height\":236,\"caption\":\"Cr\u00e9ditos: Divulga\u00e7\u00e3o\\\/Prefeitura de Caraguatuba\"},{\"@type\":\"WebSite\",\"@id\":\"https:\\\/\\\/redenoticiaz.com.br\\\/litoralsp\\\/#website\",\"url\":\"https:\\\/\\\/redenoticiaz.com.br\\\/litoralsp\\\/\",\"name\":\"Litoral SP\",\"description\":\"Rede NoticiaZ\",\"publisher\":{\"@id\":\"https:\\\/\\\/redenoticiaz.com.br\\\/litoralsp\\\/#organization\"},\"potentialAction\":[{\"@type\":\"SearchAction\",\"target\":{\"@type\":\"EntryPoint\",\"urlTemplate\":\"https:\\\/\\\/redenoticiaz.com.br\\\/litoralsp\\\/?s={search_term_string}\"},\"query-input\":{\"@type\":\"PropertyValueSpecification\",\"valueRequired\":true,\"valueName\":\"search_term_string\"}}],\"inLanguage\":\"pt-BR\"},{\"@type\":\"Organization\",\"@id\":\"https:\\\/\\\/redenoticiaz.com.br\\\/litoralsp\\\/#organization\",\"name\":\"Litoral SP\",\"url\":\"https:\\\/\\\/redenoticiaz.com.br\\\/litoralsp\\\/\",\"logo\":{\"@type\":\"ImageObject\",\"inLanguage\":\"pt-BR\",\"@id\":\"https:\\\/\\\/redenoticiaz.com.br\\\/litoralsp\\\/#\\\/schema\\\/logo\\\/image\\\/\",\"url\":\"https:\\\/\\\/redenoticiaz.com.br\\\/litoralsp\\\/wp-content\\\/uploads\\\/sites\\\/3\\\/2020\\\/11\\\/logo.jpg\",\"contentUrl\":\"https:\\\/\\\/redenoticiaz.com.br\\\/litoralsp\\\/wp-content\\\/uploads\\\/sites\\\/3\\\/2020\\\/11\\\/logo.jpg\",\"width\":400,\"height\":250,\"caption\":\"Litoral SP\"},\"image\":{\"@id\":\"https:\\\/\\\/redenoticiaz.com.br\\\/litoralsp\\\/#\\\/schema\\\/logo\\\/image\\\/\"}},{\"@type\":\"Person\",\"@id\":\"https:\\\/\\\/redenoticiaz.com.br\\\/litoralsp\\\/#\\\/schema\\\/person\\\/0f0b8a5bdafefe82841e07ae8d81ecb3\",\"name\":\"Leonardo Francisco\",\"image\":{\"@type\":\"ImageObject\",\"inLanguage\":\"pt-BR\",\"@id\":\"https:\\\/\\\/secure.gravatar.com\\\/avatar\\\/a7358cb406a99b682ec6df1e77e31ae82e63601f6784e8a3df411d72b37864da?s=96&d=mm&r=g\",\"url\":\"https:\\\/\\\/secure.gravatar.com\\\/avatar\\\/a7358cb406a99b682ec6df1e77e31ae82e63601f6784e8a3df411d72b37864da?s=96&d=mm&r=g\",\"contentUrl\":\"https:\\\/\\\/secure.gravatar.com\\\/avatar\\\/a7358cb406a99b682ec6df1e77e31ae82e63601f6784e8a3df411d72b37864da?s=96&d=mm&r=g\",\"caption\":\"Leonardo Francisco\"},\"url\":\"https:\\\/\\\/redenoticiaz.com.br\\\/litoralsp\\\/author\\\/leonardo-francisco\"}]}<\/script>\n<!-- \/ Yoast SEO plugin. -->","yoast_head_json":{"title":"Cetesb alerta para 15 praias impr\u00f3prias no Litoral Norte - Litoral SP","description":"relat\u00f3rio da Companhia de Tecnologia e Saneamento Ambiental (Cetesb), 15 praias est\u00e3o em condi\u00e7\u00f5es impr\u00f3prias para banho.","robots":{"index":"index","follow":"follow","max-snippet":"max-snippet:-1","max-image-preview":"max-image-preview:large","max-video-preview":"max-video-preview:-1"},"canonical":"https:\/\/redenoticiaz.com.br\/litoralsp\/2023\/02\/12\/cetesb-alerta-para-15-praias-improprias-no-litoral-norte","og_locale":"pt_BR","og_type":"article","og_title":"Cetesb alerta para 15 praias impr\u00f3prias no Litoral Norte - Litoral SP","og_description":"relat\u00f3rio da Companhia de Tecnologia e Saneamento Ambiental (Cetesb), 15 praias est\u00e3o em condi\u00e7\u00f5es impr\u00f3prias para banho.","og_url":"https:\/\/redenoticiaz.com.br\/litoralsp\/2023\/02\/12\/cetesb-alerta-para-15-praias-improprias-no-litoral-norte","og_site_name":"Litoral SP","article_published_time":"2023-02-12T20:17:42+00:00","og_image":[{"width":430,"height":236,"url":"https:\/\/redenoticiaz.com.br\/litoralsp\/wp-content\/uploads\/sites\/3\/2023\/02\/PRAIA-CARAGUATATUBA.jpg","type":"image\/jpeg"}],"author":"Leonardo Francisco","twitter_card":"summary_large_image","twitter_misc":{"Escrito por":"Leonardo Francisco","Est. tempo de leitura":"1 minuto"},"schema":{"@context":"https:\/\/schema.org","@graph":[{"@type":"Article","@id":"https:\/\/redenoticiaz.com.br\/litoralsp\/2023\/02\/12\/cetesb-alerta-para-15-praias-improprias-no-litoral-norte#article","isPartOf":{"@id":"https:\/\/redenoticiaz.com.br\/litoralsp\/2023\/02\/12\/cetesb-alerta-para-15-praias-improprias-no-litoral-norte"},"author":{"name":"Leonardo Francisco","@id":"https:\/\/redenoticiaz.com.br\/litoralsp\/#\/schema\/person\/0f0b8a5bdafefe82841e07ae8d81ecb3"},"headline":"Cetesb alerta para 15 praias impr\u00f3prias no Litoral Norte","datePublished":"2023-02-12T20:17:42+00:00","mainEntityOfPage":{"@id":"https:\/\/redenoticiaz.com.br\/litoralsp\/2023\/02\/12\/cetesb-alerta-para-15-praias-improprias-no-litoral-norte"},"wordCount":209,"commentCount":0,"publisher":{"@id":"https:\/\/redenoticiaz.com.br\/litoralsp\/#organization"},"image":{"@id":"https:\/\/redenoticiaz.com.br\/litoralsp\/2023\/02\/12\/cetesb-alerta-para-15-praias-improprias-no-litoral-norte#primaryimage"},"thumbnailUrl":"https:\/\/redenoticiaz.com.br\/litoralsp\/wp-content\/uploads\/sites\/3\/2023\/02\/PRAIA-CARAGUATATUBA.jpg","keywords":["BALNEABILIDADE","CETESB","ILHABELA","LITORAL NORTE","PRAIAS","PRAIAS IMPR\u00d3PRIAS PARA BANHO"],"articleSection":["IlhaBela","Praia"],"inLanguage":"pt-BR","potentialAction":[{"@type":"CommentAction","name":"Comment","target":["https:\/\/redenoticiaz.com.br\/litoralsp\/2023\/02\/12\/cetesb-alerta-para-15-praias-improprias-no-litoral-norte#respond"]}]},{"@type":"WebPage","@id":"https:\/\/redenoticiaz.com.br\/litoralsp\/2023\/02\/12\/cetesb-alerta-para-15-praias-improprias-no-litoral-norte","url":"https:\/\/redenoticiaz.com.br\/litoralsp\/2023\/02\/12\/cetesb-alerta-para-15-praias-improprias-no-litoral-norte","name":"Cetesb alerta para 15 praias impr\u00f3prias no Litoral Norte - Litoral SP","isPartOf":{"@id":"https:\/\/redenoticiaz.com.br\/litoralsp\/#website"},"primaryImageOfPage":{"@id":"https:\/\/redenoticiaz.com.br\/litoralsp\/2023\/02\/12\/cetesb-alerta-para-15-praias-improprias-no-litoral-norte#primaryimage"},"image":{"@id":"https:\/\/redenoticiaz.com.br\/litoralsp\/2023\/02\/12\/cetesb-alerta-para-15-praias-improprias-no-litoral-norte#primaryimage"},"thumbnailUrl":"https:\/\/redenoticiaz.com.br\/litoralsp\/wp-content\/uploads\/sites\/3\/2023\/02\/PRAIA-CARAGUATATUBA.jpg","datePublished":"2023-02-12T20:17:42+00:00","description":"relat\u00f3rio da Companhia de Tecnologia e Saneamento Ambiental (Cetesb), 15 praias est\u00e3o em condi\u00e7\u00f5es impr\u00f3prias para banho.","inLanguage":"pt-BR","potentialAction":[{"@type":"ReadAction","target":["https:\/\/redenoticiaz.com.br\/litoralsp\/2023\/02\/12\/cetesb-alerta-para-15-praias-improprias-no-litoral-norte"]}]},{"@type":"ImageObject","inLanguage":"pt-BR","@id":"https:\/\/redenoticiaz.com.br\/litoralsp\/2023\/02\/12\/cetesb-alerta-para-15-praias-improprias-no-litoral-norte#primaryimage","url":"https:\/\/redenoticiaz.com.br\/litoralsp\/wp-content\/uploads\/sites\/3\/2023\/02\/PRAIA-CARAGUATATUBA.jpg","contentUrl":"https:\/\/redenoticiaz.com.br\/litoralsp\/wp-content\/uploads\/sites\/3\/2023\/02\/PRAIA-CARAGUATATUBA.jpg","width":430,"height":236,"caption":"Cr\u00e9ditos: Divulga\u00e7\u00e3o\/Prefeitura de Caraguatuba"},{"@type":"WebSite","@id":"https:\/\/redenoticiaz.com.br\/litoralsp\/#website","url":"https:\/\/redenoticiaz.com.br\/litoralsp\/","name":"Litoral SP","description":"Rede NoticiaZ","publisher":{"@id":"https:\/\/redenoticiaz.com.br\/litoralsp\/#organization"},"potentialAction":[{"@type":"SearchAction","target":{"@type":"EntryPoint","urlTemplate":"https:\/\/redenoticiaz.com.br\/litoralsp\/?s={search_term_string}"},"query-input":{"@type":"PropertyValueSpecification","valueRequired":true,"valueName":"search_term_string"}}],"inLanguage":"pt-BR"},{"@type":"Organization","@id":"https:\/\/redenoticiaz.com.br\/litoralsp\/#organization","name":"Litoral SP","url":"https:\/\/redenoticiaz.com.br\/litoralsp\/","logo":{"@type":"ImageObject","inLanguage":"pt-BR","@id":"https:\/\/redenoticiaz.com.br\/litoralsp\/#\/schema\/logo\/image\/","url":"https:\/\/redenoticiaz.com.br\/litoralsp\/wp-content\/uploads\/sites\/3\/2020\/11\/logo.jpg","contentUrl":"https:\/\/redenoticiaz.com.br\/litoralsp\/wp-content\/uploads\/sites\/3\/2020\/11\/logo.jpg","width":400,"height":250,"caption":"Litoral SP"},"image":{"@id":"https:\/\/redenoticiaz.com.br\/litoralsp\/#\/schema\/logo\/image\/"}},{"@type":"Person","@id":"https:\/\/redenoticiaz.com.br\/litoralsp\/#\/schema\/person\/0f0b8a5bdafefe82841e07ae8d81ecb3","name":"Leonardo Francisco","image":{"@type":"ImageObject","inLanguage":"pt-BR","@id":"https:\/\/secure.gravatar.com\/avatar\/a7358cb406a99b682ec6df1e77e31ae82e63601f6784e8a3df411d72b37864da?s=96&d=mm&r=g","url":"https:\/\/secure.gravatar.com\/avatar\/a7358cb406a99b682ec6df1e77e31ae82e63601f6784e8a3df411d72b37864da?s=96&d=mm&r=g","contentUrl":"https:\/\/secure.gravatar.com\/avatar\/a7358cb406a99b682ec6df1e77e31ae82e63601f6784e8a3df411d72b37864da?s=96&d=mm&r=g","caption":"Leonardo Francisco"},"url":"https:\/\/redenoticiaz.com.br\/litoralsp\/author\/leonardo-francisco"}]}},"_links":{"self":[{"href":"https:\/\/redenoticiaz.com.br\/litoralsp\/wp-json\/wp\/v2\/posts\/100624","targetHints":{"allow":["GET"]}}],"collection":[{"href":"https:\/\/redenoticiaz.com.br\/litoralsp\/wp-json\/wp\/v2\/posts"}],"about":[{"href":"https:\/\/redenoticiaz.com.br\/litoralsp\/wp-json\/wp\/v2\/types\/post"}],"author":[{"embeddable":true,"href":"https:\/\/redenoticiaz.com.br\/litoralsp\/wp-json\/wp\/v2\/users\/6"}],"replies":[{"embeddable":true,"href":"https:\/\/redenoticiaz.com.br\/litoralsp\/wp-json\/wp\/v2\/comments?post=100624"}],"version-history":[{"count":1,"href":"https:\/\/redenoticiaz.com.br\/litoralsp\/wp-json\/wp\/v2\/posts\/100624\/revisions"}],"predecessor-version":[{"id":100626,"href":"https:\/\/redenoticiaz.com.br\/litoralsp\/wp-json\/wp\/v2\/posts\/100624\/revisions\/100626"}],"wp:featuredmedia":[{"embeddable":true,"href":"https:\/\/redenoticiaz.com.br\/litoralsp\/wp-json\/wp\/v2\/media\/100625"}],"wp:attachment":[{"href":"https:\/\/redenoticiaz.com.br\/litoralsp\/wp-json\/wp\/v2\/media?parent=100624"}],"wp:term":[{"taxonomy":"category","embeddable":true,"href":"https:\/\/redenoticiaz.com.br\/litoralsp\/wp-json\/wp\/v2\/categories?post=100624"},{"taxonomy":"post_tag","embeddable":true,"href":"https:\/\/redenoticiaz.com.br\/litoralsp\/wp-json\/wp\/v2\/tags?post=100624"}],"curies":[{"name":"wp","href":"https:\/\/api.w.org\/{rel}","templated":true}]}}