{"id":100725,"date":"2023-02-14T08:14:26","date_gmt":"2023-02-14T11:14:26","guid":{"rendered":"https:\/\/redenoticiaz.com.br\/litoralsp\/?p=100725"},"modified":"2023-02-14T08:14:26","modified_gmt":"2023-02-14T11:14:26","slug":"motoqueiro-rouba-pedestre-dirigindo-a-moto-na-calcada","status":"publish","type":"post","link":"https:\/\/redenoticiaz.com.br\/litoralsp\/2023\/02\/14\/motoqueiro-rouba-pedestre-dirigindo-a-moto-na-calcada","title":{"rendered":"Motoqueiro rouba pedestre dirigindo a moto na cal\u00e7ada"},"content":{"rendered":"<div id=\"chunk-ae95v\">\n<div class=\"mc-column content-text active-extra-styles \" data-block-type=\"unstyled\" data-block-weight=\"51\" data-block-id=\"3\">\n<p class=\"content-text__container \" data-track-category=\"Link no Texto\" data-track-links=\"\">Uma mulher foi surpreendida por um motociclista que <strong>roubou o celular<\/strong> dela em Santos. Detalhe, a a\u00e7\u00e3o ocorreu quando o criminoso invadiu a cal\u00e7ada com a moto e mesmo em movimento, cometeu o crime. C\u00e2meras de um com\u00e9rcio flagraram a a\u00e7\u00e3o.<\/p>\n<\/div>\n<\/div>\n<div class=\"wall protected-content\">\n<div id=\"chunk-ekjr5\">\n<div class=\"mc-column content-text active-extra-styles \" data-block-type=\"unstyled\" data-block-weight=\"42\" data-block-id=\"4\">\n<p class=\"content-text__container \" data-track-category=\"Link no Texto\" data-track-links=\"\">Segundo informa\u00e7\u00f5es, o caso aconteceu na quinta-feira (9), na Rua Azevedo Sodr\u00e9, no Gonzaga, bairro nobre de Santos. Imagens da c\u00e2mera de monitoramento, flagraram a a\u00e7\u00e3o, onde a mulher estava andando pela cal\u00e7ada e usava o celular. Em determinado momento, um rapaz de moto, invadiu o local, que \u00e9 de uso exclusivo para pedestres. Ele estava usando capacete e uma camiseta estampada.<\/p>\n<div id=\"chunk-29vl7\">\n<div class=\"mc-column content-text active-extra-styles \" data-block-type=\"unstyled\" data-block-weight=\"38\" data-block-id=\"8\">\n<p class=\"content-text__container \" data-track-category=\"Link no Texto\" data-track-links=\"\">Na sequ\u00eancia, em uma a\u00e7\u00e3o r\u00e1pida, ele passou ao lado da v\u00edtima e puxou o celular da m\u00e3o dela. O homem ainda seguiu mais alguns metros na cal\u00e7ada e depois voltou pra rua. Ap\u00f3s o furto, ele fugiu. De acordo com a Secretaria de Seguran\u00e7a P\u00fablica do Estado de S\u00e3o Paulo (SSP), n\u00e3o foi localizado o registro de ocorr\u00eancia.<\/p>\n<p data-track-category=\"Link no Texto\" data-track-links=\"\"><strong>LEIA TAMB\u00c9M<\/strong><\/p>\n<p data-track-category=\"Link no Texto\" data-track-links=\"\"><a href=\"https:\/\/redenoticiaz.com.br\/litoralsp\/2023\/02\/12\/homem-e-preso-com-grande-quantidade-de-drogas-no-guaruja\">Homem \u00e9 preso com grande quantidade de drogas no Guaruj\u00e1<\/a><\/p>\n<\/div>\n<\/div>\n<\/div>\n<\/div>\n<\/div>\n","protected":false},"excerpt":{"rendered":"<p>Uma mulher foi surpreendida por um motociclista que roubou o celular dela em Santos. Detalhe, a a\u00e7\u00e3o ocorreu quando o criminoso invadiu a cal\u00e7ada com a moto e mesmo em movimento, cometeu o crime. C\u00e2meras de um com\u00e9rcio flagraram a a\u00e7\u00e3o. Segundo informa\u00e7\u00f5es, o caso aconteceu na quinta-feira (9), na Rua Azevedo Sodr\u00e9, no Gonzaga, &hellip;<\/p>\n","protected":false},"author":6,"featured_media":100726,"comment_status":"open","ping_status":"closed","sticky":false,"template":"","format":"standard","meta":{"footnotes":""},"categories":[10,180],"tags":[2803,9470,19923,986,3150],"class_list":["post-100725","post","type-post","status-publish","format-standard","has-post-thumbnail","hentry","category-policia","category-santos","tag-assalto","tag-gonzaga","tag-rua-azevedo-sodre","tag-santos","tag-secretaria-de-seguranca-publica"],"yoast_head":"<!-- This site is optimized with the Yoast SEO plugin v27.4 - https:\/\/yoast.com\/product\/yoast-seo-wordpress\/ -->\n<title>Motoqueiro rouba pedestre dirigindo a moto na cal\u00e7ada - Litoral SP<\/title>\n<meta name=\"description\" content=\"r foi surpreendida por um motociclista que roubou o celular dela em Santos. Detalhe, a a\u00e7\u00e3o ocorreu quando o criminoso invadiu a cal\u00e7ada\" \/>\n<meta name=\"robots\" content=\"index, follow, max-snippet:-1, max-image-preview:large, max-video-preview:-1\" \/>\n<link rel=\"canonical\" href=\"https:\/\/redenoticiaz.com.br\/litoralsp\/2023\/02\/14\/motoqueiro-rouba-pedestre-dirigindo-a-moto-na-calcada\" \/>\n<meta property=\"og:locale\" content=\"pt_BR\" \/>\n<meta property=\"og:type\" content=\"article\" \/>\n<meta property=\"og:title\" content=\"Motoqueiro rouba pedestre dirigindo a moto na cal\u00e7ada - Litoral SP\" \/>\n<meta property=\"og:description\" content=\"r foi surpreendida por um motociclista que roubou o celular dela em Santos. Detalhe, a a\u00e7\u00e3o ocorreu quando o criminoso invadiu a cal\u00e7ada\" \/>\n<meta property=\"og:url\" content=\"https:\/\/redenoticiaz.com.br\/litoralsp\/2023\/02\/14\/motoqueiro-rouba-pedestre-dirigindo-a-moto-na-calcada\" \/>\n<meta property=\"og:site_name\" content=\"Litoral SP\" \/>\n<meta property=\"article:published_time\" content=\"2023-02-14T11:14:26+00:00\" \/>\n<meta property=\"og:image\" content=\"https:\/\/redenoticiaz.com.br\/litoralsp\/wp-content\/uploads\/sites\/3\/2023\/02\/ROUBO-CALCADA.jpg\" \/>\n\t<meta property=\"og:image:width\" content=\"418\" \/>\n\t<meta property=\"og:image:height\" content=\"240\" \/>\n\t<meta property=\"og:image:type\" content=\"image\/jpeg\" \/>\n<meta name=\"author\" content=\"Leonardo Francisco\" \/>\n<meta name=\"twitter:card\" content=\"summary_large_image\" \/>\n<meta name=\"twitter:label1\" content=\"Escrito por\" \/>\n\t<meta name=\"twitter:data1\" content=\"Leonardo Francisco\" \/>\n\t<meta name=\"twitter:label2\" content=\"Est. tempo de leitura\" \/>\n\t<meta name=\"twitter:data2\" content=\"1 minuto\" \/>\n<script type=\"application\/ld+json\" class=\"yoast-schema-graph\">{\"@context\":\"https:\\\/\\\/schema.org\",\"@graph\":[{\"@type\":\"Article\",\"@id\":\"https:\\\/\\\/redenoticiaz.com.br\\\/litoralsp\\\/2023\\\/02\\\/14\\\/motoqueiro-rouba-pedestre-dirigindo-a-moto-na-calcada#article\",\"isPartOf\":{\"@id\":\"https:\\\/\\\/redenoticiaz.com.br\\\/litoralsp\\\/2023\\\/02\\\/14\\\/motoqueiro-rouba-pedestre-dirigindo-a-moto-na-calcada\"},\"author\":{\"name\":\"Leonardo Francisco\",\"@id\":\"https:\\\/\\\/redenoticiaz.com.br\\\/litoralsp\\\/#\\\/schema\\\/person\\\/0f0b8a5bdafefe82841e07ae8d81ecb3\"},\"headline\":\"Motoqueiro rouba pedestre dirigindo a moto na cal\u00e7ada\",\"datePublished\":\"2023-02-14T11:14:26+00:00\",\"mainEntityOfPage\":{\"@id\":\"https:\\\/\\\/redenoticiaz.com.br\\\/litoralsp\\\/2023\\\/02\\\/14\\\/motoqueiro-rouba-pedestre-dirigindo-a-moto-na-calcada\"},\"wordCount\":202,\"commentCount\":0,\"publisher\":{\"@id\":\"https:\\\/\\\/redenoticiaz.com.br\\\/litoralsp\\\/#organization\"},\"image\":{\"@id\":\"https:\\\/\\\/redenoticiaz.com.br\\\/litoralsp\\\/2023\\\/02\\\/14\\\/motoqueiro-rouba-pedestre-dirigindo-a-moto-na-calcada#primaryimage\"},\"thumbnailUrl\":\"https:\\\/\\\/redenoticiaz.com.br\\\/litoralsp\\\/wp-content\\\/uploads\\\/sites\\\/3\\\/2023\\\/02\\\/ROUBO-CALCADA.jpg\",\"keywords\":[\"Assalto\",\"GONZAGA\",\"RUA AZEVEDO SODR\u00c9\",\"Santos\",\"SECRETARIA DE SEGURAN\u00c7A P\u00daBLICA\"],\"articleSection\":[\"Pol\u00edcia\",\"Santos\"],\"inLanguage\":\"pt-BR\",\"potentialAction\":[{\"@type\":\"CommentAction\",\"name\":\"Comment\",\"target\":[\"https:\\\/\\\/redenoticiaz.com.br\\\/litoralsp\\\/2023\\\/02\\\/14\\\/motoqueiro-rouba-pedestre-dirigindo-a-moto-na-calcada#respond\"]}]},{\"@type\":\"WebPage\",\"@id\":\"https:\\\/\\\/redenoticiaz.com.br\\\/litoralsp\\\/2023\\\/02\\\/14\\\/motoqueiro-rouba-pedestre-dirigindo-a-moto-na-calcada\",\"url\":\"https:\\\/\\\/redenoticiaz.com.br\\\/litoralsp\\\/2023\\\/02\\\/14\\\/motoqueiro-rouba-pedestre-dirigindo-a-moto-na-calcada\",\"name\":\"Motoqueiro rouba pedestre dirigindo a moto na cal\u00e7ada - Litoral SP\",\"isPartOf\":{\"@id\":\"https:\\\/\\\/redenoticiaz.com.br\\\/litoralsp\\\/#website\"},\"primaryImageOfPage\":{\"@id\":\"https:\\\/\\\/redenoticiaz.com.br\\\/litoralsp\\\/2023\\\/02\\\/14\\\/motoqueiro-rouba-pedestre-dirigindo-a-moto-na-calcada#primaryimage\"},\"image\":{\"@id\":\"https:\\\/\\\/redenoticiaz.com.br\\\/litoralsp\\\/2023\\\/02\\\/14\\\/motoqueiro-rouba-pedestre-dirigindo-a-moto-na-calcada#primaryimage\"},\"thumbnailUrl\":\"https:\\\/\\\/redenoticiaz.com.br\\\/litoralsp\\\/wp-content\\\/uploads\\\/sites\\\/3\\\/2023\\\/02\\\/ROUBO-CALCADA.jpg\",\"datePublished\":\"2023-02-14T11:14:26+00:00\",\"description\":\"r foi surpreendida por um motociclista que roubou o celular dela em Santos. Detalhe, a a\u00e7\u00e3o ocorreu quando o criminoso invadiu a cal\u00e7ada\",\"inLanguage\":\"pt-BR\",\"potentialAction\":[{\"@type\":\"ReadAction\",\"target\":[\"https:\\\/\\\/redenoticiaz.com.br\\\/litoralsp\\\/2023\\\/02\\\/14\\\/motoqueiro-rouba-pedestre-dirigindo-a-moto-na-calcada\"]}]},{\"@type\":\"ImageObject\",\"inLanguage\":\"pt-BR\",\"@id\":\"https:\\\/\\\/redenoticiaz.com.br\\\/litoralsp\\\/2023\\\/02\\\/14\\\/motoqueiro-rouba-pedestre-dirigindo-a-moto-na-calcada#primaryimage\",\"url\":\"https:\\\/\\\/redenoticiaz.com.br\\\/litoralsp\\\/wp-content\\\/uploads\\\/sites\\\/3\\\/2023\\\/02\\\/ROUBO-CALCADA.jpg\",\"contentUrl\":\"https:\\\/\\\/redenoticiaz.com.br\\\/litoralsp\\\/wp-content\\\/uploads\\\/sites\\\/3\\\/2023\\\/02\\\/ROUBO-CALCADA.jpg\",\"width\":418,\"height\":240,\"caption\":\"Cr\u00e9ditos: Reprodu\u00e7\u00e3o\\\/Redes Sociais\"},{\"@type\":\"WebSite\",\"@id\":\"https:\\\/\\\/redenoticiaz.com.br\\\/litoralsp\\\/#website\",\"url\":\"https:\\\/\\\/redenoticiaz.com.br\\\/litoralsp\\\/\",\"name\":\"Litoral SP\",\"description\":\"Rede NoticiaZ\",\"publisher\":{\"@id\":\"https:\\\/\\\/redenoticiaz.com.br\\\/litoralsp\\\/#organization\"},\"potentialAction\":[{\"@type\":\"SearchAction\",\"target\":{\"@type\":\"EntryPoint\",\"urlTemplate\":\"https:\\\/\\\/redenoticiaz.com.br\\\/litoralsp\\\/?s={search_term_string}\"},\"query-input\":{\"@type\":\"PropertyValueSpecification\",\"valueRequired\":true,\"valueName\":\"search_term_string\"}}],\"inLanguage\":\"pt-BR\"},{\"@type\":\"Organization\",\"@id\":\"https:\\\/\\\/redenoticiaz.com.br\\\/litoralsp\\\/#organization\",\"name\":\"Litoral SP\",\"url\":\"https:\\\/\\\/redenoticiaz.com.br\\\/litoralsp\\\/\",\"logo\":{\"@type\":\"ImageObject\",\"inLanguage\":\"pt-BR\",\"@id\":\"https:\\\/\\\/redenoticiaz.com.br\\\/litoralsp\\\/#\\\/schema\\\/logo\\\/image\\\/\",\"url\":\"https:\\\/\\\/redenoticiaz.com.br\\\/litoralsp\\\/wp-content\\\/uploads\\\/sites\\\/3\\\/2020\\\/11\\\/logo.jpg\",\"contentUrl\":\"https:\\\/\\\/redenoticiaz.com.br\\\/litoralsp\\\/wp-content\\\/uploads\\\/sites\\\/3\\\/2020\\\/11\\\/logo.jpg\",\"width\":400,\"height\":250,\"caption\":\"Litoral SP\"},\"image\":{\"@id\":\"https:\\\/\\\/redenoticiaz.com.br\\\/litoralsp\\\/#\\\/schema\\\/logo\\\/image\\\/\"}},{\"@type\":\"Person\",\"@id\":\"https:\\\/\\\/redenoticiaz.com.br\\\/litoralsp\\\/#\\\/schema\\\/person\\\/0f0b8a5bdafefe82841e07ae8d81ecb3\",\"name\":\"Leonardo Francisco\",\"image\":{\"@type\":\"ImageObject\",\"inLanguage\":\"pt-BR\",\"@id\":\"https:\\\/\\\/secure.gravatar.com\\\/avatar\\\/a7358cb406a99b682ec6df1e77e31ae82e63601f6784e8a3df411d72b37864da?s=96&d=mm&r=g\",\"url\":\"https:\\\/\\\/secure.gravatar.com\\\/avatar\\\/a7358cb406a99b682ec6df1e77e31ae82e63601f6784e8a3df411d72b37864da?s=96&d=mm&r=g\",\"contentUrl\":\"https:\\\/\\\/secure.gravatar.com\\\/avatar\\\/a7358cb406a99b682ec6df1e77e31ae82e63601f6784e8a3df411d72b37864da?s=96&d=mm&r=g\",\"caption\":\"Leonardo Francisco\"},\"url\":\"https:\\\/\\\/redenoticiaz.com.br\\\/litoralsp\\\/author\\\/leonardo-francisco\"}]}<\/script>\n<!-- \/ Yoast SEO plugin. -->","yoast_head_json":{"title":"Motoqueiro rouba pedestre dirigindo a moto na cal\u00e7ada - Litoral SP","description":"r foi surpreendida por um motociclista que roubou o celular dela em Santos. Detalhe, a a\u00e7\u00e3o ocorreu quando o criminoso invadiu a cal\u00e7ada","robots":{"index":"index","follow":"follow","max-snippet":"max-snippet:-1","max-image-preview":"max-image-preview:large","max-video-preview":"max-video-preview:-1"},"canonical":"https:\/\/redenoticiaz.com.br\/litoralsp\/2023\/02\/14\/motoqueiro-rouba-pedestre-dirigindo-a-moto-na-calcada","og_locale":"pt_BR","og_type":"article","og_title":"Motoqueiro rouba pedestre dirigindo a moto na cal\u00e7ada - Litoral SP","og_description":"r foi surpreendida por um motociclista que roubou o celular dela em Santos. Detalhe, a a\u00e7\u00e3o ocorreu quando o criminoso invadiu a cal\u00e7ada","og_url":"https:\/\/redenoticiaz.com.br\/litoralsp\/2023\/02\/14\/motoqueiro-rouba-pedestre-dirigindo-a-moto-na-calcada","og_site_name":"Litoral SP","article_published_time":"2023-02-14T11:14:26+00:00","og_image":[{"width":418,"height":240,"url":"https:\/\/redenoticiaz.com.br\/litoralsp\/wp-content\/uploads\/sites\/3\/2023\/02\/ROUBO-CALCADA.jpg","type":"image\/jpeg"}],"author":"Leonardo Francisco","twitter_card":"summary_large_image","twitter_misc":{"Escrito por":"Leonardo Francisco","Est. tempo de leitura":"1 minuto"},"schema":{"@context":"https:\/\/schema.org","@graph":[{"@type":"Article","@id":"https:\/\/redenoticiaz.com.br\/litoralsp\/2023\/02\/14\/motoqueiro-rouba-pedestre-dirigindo-a-moto-na-calcada#article","isPartOf":{"@id":"https:\/\/redenoticiaz.com.br\/litoralsp\/2023\/02\/14\/motoqueiro-rouba-pedestre-dirigindo-a-moto-na-calcada"},"author":{"name":"Leonardo Francisco","@id":"https:\/\/redenoticiaz.com.br\/litoralsp\/#\/schema\/person\/0f0b8a5bdafefe82841e07ae8d81ecb3"},"headline":"Motoqueiro rouba pedestre dirigindo a moto na cal\u00e7ada","datePublished":"2023-02-14T11:14:26+00:00","mainEntityOfPage":{"@id":"https:\/\/redenoticiaz.com.br\/litoralsp\/2023\/02\/14\/motoqueiro-rouba-pedestre-dirigindo-a-moto-na-calcada"},"wordCount":202,"commentCount":0,"publisher":{"@id":"https:\/\/redenoticiaz.com.br\/litoralsp\/#organization"},"image":{"@id":"https:\/\/redenoticiaz.com.br\/litoralsp\/2023\/02\/14\/motoqueiro-rouba-pedestre-dirigindo-a-moto-na-calcada#primaryimage"},"thumbnailUrl":"https:\/\/redenoticiaz.com.br\/litoralsp\/wp-content\/uploads\/sites\/3\/2023\/02\/ROUBO-CALCADA.jpg","keywords":["Assalto","GONZAGA","RUA AZEVEDO SODR\u00c9","Santos","SECRETARIA DE SEGURAN\u00c7A P\u00daBLICA"],"articleSection":["Pol\u00edcia","Santos"],"inLanguage":"pt-BR","potentialAction":[{"@type":"CommentAction","name":"Comment","target":["https:\/\/redenoticiaz.com.br\/litoralsp\/2023\/02\/14\/motoqueiro-rouba-pedestre-dirigindo-a-moto-na-calcada#respond"]}]},{"@type":"WebPage","@id":"https:\/\/redenoticiaz.com.br\/litoralsp\/2023\/02\/14\/motoqueiro-rouba-pedestre-dirigindo-a-moto-na-calcada","url":"https:\/\/redenoticiaz.com.br\/litoralsp\/2023\/02\/14\/motoqueiro-rouba-pedestre-dirigindo-a-moto-na-calcada","name":"Motoqueiro rouba pedestre dirigindo a moto na cal\u00e7ada - Litoral SP","isPartOf":{"@id":"https:\/\/redenoticiaz.com.br\/litoralsp\/#website"},"primaryImageOfPage":{"@id":"https:\/\/redenoticiaz.com.br\/litoralsp\/2023\/02\/14\/motoqueiro-rouba-pedestre-dirigindo-a-moto-na-calcada#primaryimage"},"image":{"@id":"https:\/\/redenoticiaz.com.br\/litoralsp\/2023\/02\/14\/motoqueiro-rouba-pedestre-dirigindo-a-moto-na-calcada#primaryimage"},"thumbnailUrl":"https:\/\/redenoticiaz.com.br\/litoralsp\/wp-content\/uploads\/sites\/3\/2023\/02\/ROUBO-CALCADA.jpg","datePublished":"2023-02-14T11:14:26+00:00","description":"r foi surpreendida por um motociclista que roubou o celular dela em Santos. Detalhe, a a\u00e7\u00e3o ocorreu quando o criminoso invadiu a cal\u00e7ada","inLanguage":"pt-BR","potentialAction":[{"@type":"ReadAction","target":["https:\/\/redenoticiaz.com.br\/litoralsp\/2023\/02\/14\/motoqueiro-rouba-pedestre-dirigindo-a-moto-na-calcada"]}]},{"@type":"ImageObject","inLanguage":"pt-BR","@id":"https:\/\/redenoticiaz.com.br\/litoralsp\/2023\/02\/14\/motoqueiro-rouba-pedestre-dirigindo-a-moto-na-calcada#primaryimage","url":"https:\/\/redenoticiaz.com.br\/litoralsp\/wp-content\/uploads\/sites\/3\/2023\/02\/ROUBO-CALCADA.jpg","contentUrl":"https:\/\/redenoticiaz.com.br\/litoralsp\/wp-content\/uploads\/sites\/3\/2023\/02\/ROUBO-CALCADA.jpg","width":418,"height":240,"caption":"Cr\u00e9ditos: Reprodu\u00e7\u00e3o\/Redes Sociais"},{"@type":"WebSite","@id":"https:\/\/redenoticiaz.com.br\/litoralsp\/#website","url":"https:\/\/redenoticiaz.com.br\/litoralsp\/","name":"Litoral SP","description":"Rede NoticiaZ","publisher":{"@id":"https:\/\/redenoticiaz.com.br\/litoralsp\/#organization"},"potentialAction":[{"@type":"SearchAction","target":{"@type":"EntryPoint","urlTemplate":"https:\/\/redenoticiaz.com.br\/litoralsp\/?s={search_term_string}"},"query-input":{"@type":"PropertyValueSpecification","valueRequired":true,"valueName":"search_term_string"}}],"inLanguage":"pt-BR"},{"@type":"Organization","@id":"https:\/\/redenoticiaz.com.br\/litoralsp\/#organization","name":"Litoral SP","url":"https:\/\/redenoticiaz.com.br\/litoralsp\/","logo":{"@type":"ImageObject","inLanguage":"pt-BR","@id":"https:\/\/redenoticiaz.com.br\/litoralsp\/#\/schema\/logo\/image\/","url":"https:\/\/redenoticiaz.com.br\/litoralsp\/wp-content\/uploads\/sites\/3\/2020\/11\/logo.jpg","contentUrl":"https:\/\/redenoticiaz.com.br\/litoralsp\/wp-content\/uploads\/sites\/3\/2020\/11\/logo.jpg","width":400,"height":250,"caption":"Litoral SP"},"image":{"@id":"https:\/\/redenoticiaz.com.br\/litoralsp\/#\/schema\/logo\/image\/"}},{"@type":"Person","@id":"https:\/\/redenoticiaz.com.br\/litoralsp\/#\/schema\/person\/0f0b8a5bdafefe82841e07ae8d81ecb3","name":"Leonardo Francisco","image":{"@type":"ImageObject","inLanguage":"pt-BR","@id":"https:\/\/secure.gravatar.com\/avatar\/a7358cb406a99b682ec6df1e77e31ae82e63601f6784e8a3df411d72b37864da?s=96&d=mm&r=g","url":"https:\/\/secure.gravatar.com\/avatar\/a7358cb406a99b682ec6df1e77e31ae82e63601f6784e8a3df411d72b37864da?s=96&d=mm&r=g","contentUrl":"https:\/\/secure.gravatar.com\/avatar\/a7358cb406a99b682ec6df1e77e31ae82e63601f6784e8a3df411d72b37864da?s=96&d=mm&r=g","caption":"Leonardo Francisco"},"url":"https:\/\/redenoticiaz.com.br\/litoralsp\/author\/leonardo-francisco"}]}},"_links":{"self":[{"href":"https:\/\/redenoticiaz.com.br\/litoralsp\/wp-json\/wp\/v2\/posts\/100725","targetHints":{"allow":["GET"]}}],"collection":[{"href":"https:\/\/redenoticiaz.com.br\/litoralsp\/wp-json\/wp\/v2\/posts"}],"about":[{"href":"https:\/\/redenoticiaz.com.br\/litoralsp\/wp-json\/wp\/v2\/types\/post"}],"author":[{"embeddable":true,"href":"https:\/\/redenoticiaz.com.br\/litoralsp\/wp-json\/wp\/v2\/users\/6"}],"replies":[{"embeddable":true,"href":"https:\/\/redenoticiaz.com.br\/litoralsp\/wp-json\/wp\/v2\/comments?post=100725"}],"version-history":[{"count":1,"href":"https:\/\/redenoticiaz.com.br\/litoralsp\/wp-json\/wp\/v2\/posts\/100725\/revisions"}],"predecessor-version":[{"id":100727,"href":"https:\/\/redenoticiaz.com.br\/litoralsp\/wp-json\/wp\/v2\/posts\/100725\/revisions\/100727"}],"wp:featuredmedia":[{"embeddable":true,"href":"https:\/\/redenoticiaz.com.br\/litoralsp\/wp-json\/wp\/v2\/media\/100726"}],"wp:attachment":[{"href":"https:\/\/redenoticiaz.com.br\/litoralsp\/wp-json\/wp\/v2\/media?parent=100725"}],"wp:term":[{"taxonomy":"category","embeddable":true,"href":"https:\/\/redenoticiaz.com.br\/litoralsp\/wp-json\/wp\/v2\/categories?post=100725"},{"taxonomy":"post_tag","embeddable":true,"href":"https:\/\/redenoticiaz.com.br\/litoralsp\/wp-json\/wp\/v2\/tags?post=100725"}],"curies":[{"name":"wp","href":"https:\/\/api.w.org\/{rel}","templated":true}]}}