{"id":100794,"date":"2023-02-15T09:57:15","date_gmt":"2023-02-15T12:57:15","guid":{"rendered":"https:\/\/redenoticiaz.com.br\/litoralsp\/?p=100794"},"modified":"2023-02-15T09:57:15","modified_gmt":"2023-02-15T12:57:15","slug":"sao-vicente-divulga-programacao-dos-blocos-do-carnaval-2023","status":"publish","type":"post","link":"https:\/\/redenoticiaz.com.br\/litoralsp\/2023\/02\/15\/sao-vicente-divulga-programacao-dos-blocos-do-carnaval-2023","title":{"rendered":"S\u00e3o Vicente divulga programa\u00e7\u00e3o dos blocos do Carnaval 2023"},"content":{"rendered":"<div id=\"chunk-8s6ic\">\n<div class=\"mc-column content-text active-extra-styles \" data-block-type=\"unstyled\" data-block-weight=\"52\" data-block-id=\"3\">\n<p class=\"content-text__container \" data-track-category=\"Link no Texto\" data-track-links=\"\">A hora de curtir a folia. Em S\u00e3o Vicente, a prefeitura divulgou a <strong>programa\u00e7\u00e3o especial<\/strong> para os foli\u00f5es curtirem os blocos, tanto para moradores, como para os turistas e a programa\u00e7\u00e3o vai at\u00e9 o dia 26 de fevereiro. Al\u00e9m dos blocos tradicionais, o munic\u00edpio ter\u00e1 dois blocos inclusivos, o \u201cCarnaTEA\u201d e o \u201cCarnaval da Melhor Idade\u201d, contando tamb\u00e9m com blocos na \u00c1rea Continental.<\/p>\n<\/div>\n<\/div>\n<div class=\"wall protected-content\">\n<div id=\"chunk-7455i\">\n<div class=\"mc-column content-text active-extra-styles \" data-block-type=\"unstyled\" data-block-weight=\"47\" data-block-id=\"4\">\n<p class=\"content-text__container \" data-track-category=\"Link no Texto\" data-track-links=\"\">Entre os destaques dos blocos est\u00e3o o Ba-bahianas, que promete reunir foli\u00f5es no domingo (19). A concentra\u00e7\u00e3o ser\u00e1 \u00e0s 10h, na \u00c1rea de Eventos da praia do Itarar\u00e9. Mas para participar \u00e9 necess\u00e1rio trocar 1kg de alimento por ingresso. N\u00e3o ser\u00e1 permitida a entrada com alimento ou bebida.<\/p>\n<\/div>\n<\/div>\n<div id=\"chunk-aap58\">\n<div class=\"mc-column content-text active-extra-styles \" data-block-type=\"unstyled\" data-block-weight=\"38\" data-block-id=\"5\">\n<p class=\"content-text__container \" data-track-category=\"Link no Texto\" data-track-links=\"\">O bloco Banda do Frei ser\u00e1 na ter\u00e7a-feira (21). A concentra\u00e7\u00e3o est\u00e1 prevista para \u00e0s 10h, na Rua Am\u00e9rico Brasiliense e a apresenta\u00e7\u00e3o est\u00e1 marcada para \u00e0s 13h. A Prefeitura estima que 5 mil pessoas passem pelo bloco.<\/p>\n<\/div>\n<\/div>\n<div id=\"chunk-397dl\">\n<div class=\"mc-column content-text active-extra-styles \" data-block-type=\"unstyled\" data-block-weight=\"35\" data-block-id=\"7\">\n<p class=\"content-text__container \" data-track-category=\"Link no Texto\" data-track-links=\"\">Na quarta-feira (22), ser\u00e1 a vez da Banda Bicho Peg\u00f4, uma das mais tradicionais da Baixada Santista. A concentra\u00e7\u00e3o do evento acontece \u00e0s 16h na Pra\u00e7a 22 de Janeiro, no Centro, com encerramento \u00e0s 20h30.<\/p>\n<\/div>\n<\/div>\n<div id=\"chunk-bcfnc\">\n<div class=\"mc-column content-text active-extra-styles \" data-block-type=\"unstyled\" data-block-weight=\"35\" data-block-id=\"8\">\n<p class=\"content-text__container \" data-track-category=\"Link no Texto\" data-track-links=\"\">O Carnaval da Melhor Idade \u00e9 outro destaque da cidade. Ser\u00e1 o primeiro evento para este p\u00fablico em S\u00e3o Vicente. O encontro acontecer\u00e1 na Pra\u00e7a 22 de Janeiro, na quarta-feira (22), das 16h \u00e0s 20h.<\/p>\n<\/div>\n<\/div>\n<div class=\"mc-column content-text active-extra-styles\" data-block-type=\"raw\" data-block-weight=\"3\" data-block-id=\"9\">\n<div class=\"content-intertitle\">\n<h3>Confira programa\u00e7\u00e3o completa:<\/h3>\n<\/div>\n<\/div>\n<div id=\"chunk-86kc2\">\n<div class=\"mc-column content-text active-extra-styles \" data-block-type=\"unstyled\" data-block-weight=\"4\" data-block-id=\"10\">\n<p class=\"content-text__container \" data-track-category=\"Link no Texto\" data-track-links=\"\"><strong>Arena do Itarar\u00e9:<\/strong><\/p>\n<\/div>\n<\/div>\n<div class=\"mc-column content-text active-extra-styles\" data-block-type=\"raw\" data-block-weight=\"30\" data-block-id=\"11\">\n<ul class=\"content-unordered-list\">\n<li>19 de fevereiro &#8211; Bloco Ba-bahianas &#8211; das 10h \u00e0s 15h<\/li>\n<li>25 de fevereiro &#8211; Ressaca de Carnaval &#8211; Show do Inimigos da HP &#8211; a partir das 18h<\/li>\n<\/ul>\n<\/div>\n<div id=\"chunk-4orsr\">\n<div class=\"mc-column content-text active-extra-styles \" data-block-type=\"unstyled\" data-block-weight=\"1\" data-block-id=\"12\">\n<p class=\"content-text__container \" data-track-category=\"Link no Texto\" data-track-links=\"\"><strong>Bairros:<\/strong><\/p>\n<\/div>\n<\/div>\n<div class=\"mc-column content-text active-extra-styles\" data-block-type=\"raw\" data-block-weight=\"426\" data-block-id=\"13\">\n<ul class=\"content-unordered-list\">\n<li>17 de fevereiro: Banda R7 &#8211; Rua do meio, na Vila Margarida, das 15h \u00e0s 20h30<\/li>\n<li>18 de fevereiro: Bloquinho Infantil Carnavila &#8211; Parque Cultural Vila de S\u00e3o Vicente, das 14h \u00e0s 18h<\/li>\n<li>18 de fevereiro: Banda Olhas Elass &#8211; Avenida Ayrton Senna, n\u00ba1 &#8211; Ilha Porchat.<\/li>\n<li>18 de fevereiro: Banda: M\u00e9xico 70 &#8211; Rua Alcides Alves de Carvalho, das 17h \u00e0s 20h30<\/li>\n<li>18 de fevereiro: Banda: Boneca da Guarani &#8211; Palco na Rua Guarani, das 17h \u00e0s 20h30<\/li>\n<li>19 de fevereiro: Banda Cruz de Malta &#8211; Rua Graciliano Ramos, no Jockey Clube, das 11h \u00e0s 16h<\/li>\n<li>19 de fevereiro: \u2018Carnafolia &#8211; Projeto P\u00e9 na Areia 2023\u2019, na Rua Rui Neves Requejo, no Parque S\u00e3o Vicente, das 16h \u00e0s 20h30<\/li>\n<li>19 de fevereiro: Banda: M.D.C, na Rua Walter Melarato, no Humait\u00e1, das 16h \u00e0s 20h30<\/li>\n<li>20 de fevereiro: \u2018Banda Pra\u00e7a 12\u2019, na Pra\u00e7a Marcos Freire, no Humait\u00e1, das 11h \u00e0s 16h<\/li>\n<li>20 de fevereiro: \u2018Banda Monas e Monos\u2019, no Bols\u00e3o de estacionamento do Itarar\u00e9, das 16h \u00e0s 20h30<\/li>\n<li>20 de fevereiro: \u2018Banda: Vai q Vira\u2019, na Rua Dorgival Felipe, no Jardim Rio Branco, das 15h \u00e0s 20h30<\/li>\n<li>20 de fevereiro: \u2018Banda: Bicho Pegou\u2019, na Pra\u00e7a 22 de Janeiro, no Centro, das 16h \u00e0s 20h30<\/li>\n<li>21 de fevereiro: \u2018Banda do Frei\u2019, na Rua Am\u00e9rico Brasiliense com a Rua Frei Gaspar, das 13h \u00e0s 20h30<\/li>\n<li>21 de fevereiro: Banda do Gaudio, na Rua Frei Gaspar, em frente ao Restaurante Gaudio, das 15h \u00e0s 20h30<\/li>\n<li>21 de fevereiro: Bloco do Glitter, na Avenida Ayrton Senna, na Ilha Porchat, das 14h30 at\u00e9 20h30<\/li>\n<li>21 de fevereiro: Bloco do Sapo, na Avenida Geraldo Volpe, no Humait\u00e1, das 14h \u00e0s 19h<\/li>\n<li>21 de fevereiro: \u2018Flash Back de Carnaval &#8211; Banda do Pedrinho\u2019, na Rua Caetano Cardamone, no Japu\u00ed, 12h \u00e0s 20h30<\/li>\n<li>24 de fevereiro: Banda X &#8211; Rua Anadir, no J\u00f3quei Clube, das 17h \u00e0s 20h30<\/li>\n<li>25 de fevereiro: \u2018Banda: Recreativa da Pra\u00e7a Okley\u2019, na Rua Pra\u00e7a Jorge Amado, no Joquei Clube, das 16h \u00e0s 20h30<\/li>\n<li>25 de fevereiro: CarnaMeireles, na Rua Jacobina, no Quarenten\u00e1rio, das 15h \u00e0s 20h30<\/li>\n<li>25 de fevereiro: Bloco Inclusivo CarnaTEA, na Pra\u00e7a 22 de Janeiro, a partir das 13h<\/li>\n<li>26 de fevereiro: Banda: Mandel\u00e2o &#8211; Rua Rio de Janeiro, n\u00ba83, Jardim Irm\u00e3 Dolores, das 16h \u00e0s 20h30<\/li>\n<li>26 de fevereiro: Banda: CarnaIlha, na Avenida Mecanizada 7000, no J\u00f3quei, das 14h \u00e0s 20h30<\/li>\n<li>26 de fevereiro: Banda: Smoking, na Rua Vereador Wilson Thomaz, das 15h \u00e0s 20h30<\/li>\n<li>26 de fevereiro: Carnaval da Melhor Idade, na Pra\u00e7a 22 de Janeiro, das 16h \u00e0s 20h<\/li>\n<\/ul>\n<p><strong>LEIA TAMB\u00c9M<\/strong><\/p>\n<p><a href=\"https:\/\/redenoticiaz.com.br\/litoralsp\/2023\/02\/14\/unidos-do-morro-e-campea-do-grupo-especial-do-carnaval-de-santos\">Unidos do Morro \u00e9 campe\u00e3 do grupo especial do Carnaval de Santos<\/a><\/p>\n<\/div>\n<\/div>\n","protected":false},"excerpt":{"rendered":"<p>A hora de curtir a folia. Em S\u00e3o Vicente, a prefeitura divulgou a programa\u00e7\u00e3o especial para os foli\u00f5es curtirem os blocos, tanto para moradores, como para os turistas e a programa\u00e7\u00e3o vai at\u00e9 o dia 26 de fevereiro. Al\u00e9m dos blocos tradicionais, o munic\u00edpio ter\u00e1 dois blocos inclusivos, o \u201cCarnaTEA\u201d e o \u201cCarnaval da Melhor &hellip;<\/p>\n","protected":false},"author":6,"featured_media":100795,"comment_status":"open","ping_status":"closed","sticky":false,"template":"","format":"standard","meta":{"footnotes":""},"categories":[169,181],"tags":[63134,62852,61236,33],"class_list":["post-100794","post","type-post","status-publish","format-standard","has-post-thumbnail","hentry","category-cultura","category-sao-vicente","tag-blocos","tag-blocos-carnavalescos","tag-carnaval-2023","tag-sao-vicente"],"yoast_head":"<!-- This site is optimized with the Yoast SEO plugin v27.5 - https:\/\/yoast.com\/product\/yoast-seo-wordpress\/ -->\n<title>S\u00e3o Vicente divulga programa\u00e7\u00e3o dos blocos do Carnaval 2023 - Litoral SP<\/title>\n<meta name=\"description\" content=\"A hora de curtir a folia. Em S\u00e3o Vicente, a prefeitura divulgou a programa\u00e7\u00e3o especial para os foli\u00f5es curtirem os blocos, tanto\" \/>\n<meta name=\"robots\" content=\"index, follow, max-snippet:-1, max-image-preview:large, max-video-preview:-1\" \/>\n<link rel=\"canonical\" href=\"https:\/\/redenoticiaz.com.br\/litoralsp\/2023\/02\/15\/sao-vicente-divulga-programacao-dos-blocos-do-carnaval-2023\" \/>\n<meta property=\"og:locale\" content=\"pt_BR\" \/>\n<meta property=\"og:type\" content=\"article\" \/>\n<meta property=\"og:title\" content=\"S\u00e3o Vicente divulga programa\u00e7\u00e3o dos blocos do Carnaval 2023 - Litoral SP\" \/>\n<meta property=\"og:description\" content=\"A hora de curtir a folia. Em S\u00e3o Vicente, a prefeitura divulgou a programa\u00e7\u00e3o especial para os foli\u00f5es curtirem os blocos, tanto\" \/>\n<meta property=\"og:url\" content=\"https:\/\/redenoticiaz.com.br\/litoralsp\/2023\/02\/15\/sao-vicente-divulga-programacao-dos-blocos-do-carnaval-2023\" \/>\n<meta property=\"og:site_name\" content=\"Litoral SP\" \/>\n<meta property=\"article:published_time\" content=\"2023-02-15T12:57:15+00:00\" \/>\n<meta property=\"og:image\" content=\"https:\/\/redenoticiaz.com.br\/litoralsp\/wp-content\/uploads\/sites\/3\/2023\/02\/BLOCOS-CARNAVAL.jpg\" \/>\n\t<meta property=\"og:image:width\" content=\"436\" \/>\n\t<meta property=\"og:image:height\" content=\"292\" \/>\n\t<meta property=\"og:image:type\" content=\"image\/jpeg\" \/>\n<meta name=\"author\" content=\"Leonardo Francisco\" \/>\n<meta name=\"twitter:card\" content=\"summary_large_image\" \/>\n<meta name=\"twitter:label1\" content=\"Escrito por\" \/>\n\t<meta name=\"twitter:data1\" content=\"Leonardo Francisco\" \/>\n\t<meta name=\"twitter:label2\" content=\"Est. tempo de leitura\" \/>\n\t<meta name=\"twitter:data2\" content=\"4 minutos\" \/>\n<script type=\"application\/ld+json\" class=\"yoast-schema-graph\">{\"@context\":\"https:\\\/\\\/schema.org\",\"@graph\":[{\"@type\":\"Article\",\"@id\":\"https:\\\/\\\/redenoticiaz.com.br\\\/litoralsp\\\/2023\\\/02\\\/15\\\/sao-vicente-divulga-programacao-dos-blocos-do-carnaval-2023#article\",\"isPartOf\":{\"@id\":\"https:\\\/\\\/redenoticiaz.com.br\\\/litoralsp\\\/2023\\\/02\\\/15\\\/sao-vicente-divulga-programacao-dos-blocos-do-carnaval-2023\"},\"author\":{\"name\":\"Leonardo Francisco\",\"@id\":\"https:\\\/\\\/redenoticiaz.com.br\\\/litoralsp\\\/#\\\/schema\\\/person\\\/0f0b8a5bdafefe82841e07ae8d81ecb3\"},\"headline\":\"S\u00e3o Vicente divulga programa\u00e7\u00e3o dos blocos do Carnaval 2023\",\"datePublished\":\"2023-02-15T12:57:15+00:00\",\"mainEntityOfPage\":{\"@id\":\"https:\\\/\\\/redenoticiaz.com.br\\\/litoralsp\\\/2023\\\/02\\\/15\\\/sao-vicente-divulga-programacao-dos-blocos-do-carnaval-2023\"},\"wordCount\":696,\"commentCount\":0,\"publisher\":{\"@id\":\"https:\\\/\\\/redenoticiaz.com.br\\\/litoralsp\\\/#organization\"},\"image\":{\"@id\":\"https:\\\/\\\/redenoticiaz.com.br\\\/litoralsp\\\/2023\\\/02\\\/15\\\/sao-vicente-divulga-programacao-dos-blocos-do-carnaval-2023#primaryimage\"},\"thumbnailUrl\":\"https:\\\/\\\/redenoticiaz.com.br\\\/litoralsp\\\/wp-content\\\/uploads\\\/sites\\\/3\\\/2023\\\/02\\\/BLOCOS-CARNAVAL.jpg\",\"keywords\":[\"blocos\",\"BLOCOS CARNAVALESCOS\",\"Carnaval 2023\",\"S\u00e3o Vicente\"],\"articleSection\":[\"Cultura\",\"S\u00e3o Vicente\"],\"inLanguage\":\"pt-BR\",\"potentialAction\":[{\"@type\":\"CommentAction\",\"name\":\"Comment\",\"target\":[\"https:\\\/\\\/redenoticiaz.com.br\\\/litoralsp\\\/2023\\\/02\\\/15\\\/sao-vicente-divulga-programacao-dos-blocos-do-carnaval-2023#respond\"]}]},{\"@type\":\"WebPage\",\"@id\":\"https:\\\/\\\/redenoticiaz.com.br\\\/litoralsp\\\/2023\\\/02\\\/15\\\/sao-vicente-divulga-programacao-dos-blocos-do-carnaval-2023\",\"url\":\"https:\\\/\\\/redenoticiaz.com.br\\\/litoralsp\\\/2023\\\/02\\\/15\\\/sao-vicente-divulga-programacao-dos-blocos-do-carnaval-2023\",\"name\":\"S\u00e3o Vicente divulga programa\u00e7\u00e3o dos blocos do Carnaval 2023 - Litoral SP\",\"isPartOf\":{\"@id\":\"https:\\\/\\\/redenoticiaz.com.br\\\/litoralsp\\\/#website\"},\"primaryImageOfPage\":{\"@id\":\"https:\\\/\\\/redenoticiaz.com.br\\\/litoralsp\\\/2023\\\/02\\\/15\\\/sao-vicente-divulga-programacao-dos-blocos-do-carnaval-2023#primaryimage\"},\"image\":{\"@id\":\"https:\\\/\\\/redenoticiaz.com.br\\\/litoralsp\\\/2023\\\/02\\\/15\\\/sao-vicente-divulga-programacao-dos-blocos-do-carnaval-2023#primaryimage\"},\"thumbnailUrl\":\"https:\\\/\\\/redenoticiaz.com.br\\\/litoralsp\\\/wp-content\\\/uploads\\\/sites\\\/3\\\/2023\\\/02\\\/BLOCOS-CARNAVAL.jpg\",\"datePublished\":\"2023-02-15T12:57:15+00:00\",\"description\":\"A hora de curtir a folia. Em S\u00e3o Vicente, a prefeitura divulgou a programa\u00e7\u00e3o especial para os foli\u00f5es curtirem os blocos, tanto\",\"inLanguage\":\"pt-BR\",\"potentialAction\":[{\"@type\":\"ReadAction\",\"target\":[\"https:\\\/\\\/redenoticiaz.com.br\\\/litoralsp\\\/2023\\\/02\\\/15\\\/sao-vicente-divulga-programacao-dos-blocos-do-carnaval-2023\"]}]},{\"@type\":\"ImageObject\",\"inLanguage\":\"pt-BR\",\"@id\":\"https:\\\/\\\/redenoticiaz.com.br\\\/litoralsp\\\/2023\\\/02\\\/15\\\/sao-vicente-divulga-programacao-dos-blocos-do-carnaval-2023#primaryimage\",\"url\":\"https:\\\/\\\/redenoticiaz.com.br\\\/litoralsp\\\/wp-content\\\/uploads\\\/sites\\\/3\\\/2023\\\/02\\\/BLOCOS-CARNAVAL.jpg\",\"contentUrl\":\"https:\\\/\\\/redenoticiaz.com.br\\\/litoralsp\\\/wp-content\\\/uploads\\\/sites\\\/3\\\/2023\\\/02\\\/BLOCOS-CARNAVAL.jpg\",\"width\":436,\"height\":292,\"caption\":\"Cr\u00e9ditos: Divulga\u00e7\u00e3o\\\/Prefeitura de S\u00e3o Vicente\"},{\"@type\":\"WebSite\",\"@id\":\"https:\\\/\\\/redenoticiaz.com.br\\\/litoralsp\\\/#website\",\"url\":\"https:\\\/\\\/redenoticiaz.com.br\\\/litoralsp\\\/\",\"name\":\"Litoral SP\",\"description\":\"Rede NoticiaZ\",\"publisher\":{\"@id\":\"https:\\\/\\\/redenoticiaz.com.br\\\/litoralsp\\\/#organization\"},\"potentialAction\":[{\"@type\":\"SearchAction\",\"target\":{\"@type\":\"EntryPoint\",\"urlTemplate\":\"https:\\\/\\\/redenoticiaz.com.br\\\/litoralsp\\\/?s={search_term_string}\"},\"query-input\":{\"@type\":\"PropertyValueSpecification\",\"valueRequired\":true,\"valueName\":\"search_term_string\"}}],\"inLanguage\":\"pt-BR\"},{\"@type\":\"Organization\",\"@id\":\"https:\\\/\\\/redenoticiaz.com.br\\\/litoralsp\\\/#organization\",\"name\":\"Litoral SP\",\"url\":\"https:\\\/\\\/redenoticiaz.com.br\\\/litoralsp\\\/\",\"logo\":{\"@type\":\"ImageObject\",\"inLanguage\":\"pt-BR\",\"@id\":\"https:\\\/\\\/redenoticiaz.com.br\\\/litoralsp\\\/#\\\/schema\\\/logo\\\/image\\\/\",\"url\":\"https:\\\/\\\/redenoticiaz.com.br\\\/litoralsp\\\/wp-content\\\/uploads\\\/sites\\\/3\\\/2020\\\/11\\\/logo.jpg\",\"contentUrl\":\"https:\\\/\\\/redenoticiaz.com.br\\\/litoralsp\\\/wp-content\\\/uploads\\\/sites\\\/3\\\/2020\\\/11\\\/logo.jpg\",\"width\":400,\"height\":250,\"caption\":\"Litoral SP\"},\"image\":{\"@id\":\"https:\\\/\\\/redenoticiaz.com.br\\\/litoralsp\\\/#\\\/schema\\\/logo\\\/image\\\/\"}},{\"@type\":\"Person\",\"@id\":\"https:\\\/\\\/redenoticiaz.com.br\\\/litoralsp\\\/#\\\/schema\\\/person\\\/0f0b8a5bdafefe82841e07ae8d81ecb3\",\"name\":\"Leonardo Francisco\",\"image\":{\"@type\":\"ImageObject\",\"inLanguage\":\"pt-BR\",\"@id\":\"https:\\\/\\\/secure.gravatar.com\\\/avatar\\\/a7358cb406a99b682ec6df1e77e31ae82e63601f6784e8a3df411d72b37864da?s=96&d=mm&r=g\",\"url\":\"https:\\\/\\\/secure.gravatar.com\\\/avatar\\\/a7358cb406a99b682ec6df1e77e31ae82e63601f6784e8a3df411d72b37864da?s=96&d=mm&r=g\",\"contentUrl\":\"https:\\\/\\\/secure.gravatar.com\\\/avatar\\\/a7358cb406a99b682ec6df1e77e31ae82e63601f6784e8a3df411d72b37864da?s=96&d=mm&r=g\",\"caption\":\"Leonardo Francisco\"},\"url\":\"https:\\\/\\\/redenoticiaz.com.br\\\/litoralsp\\\/author\\\/leonardo-francisco\"}]}<\/script>\n<!-- \/ Yoast SEO plugin. -->","yoast_head_json":{"title":"S\u00e3o Vicente divulga programa\u00e7\u00e3o dos blocos do Carnaval 2023 - Litoral SP","description":"A hora de curtir a folia. Em S\u00e3o Vicente, a prefeitura divulgou a programa\u00e7\u00e3o especial para os foli\u00f5es curtirem os blocos, tanto","robots":{"index":"index","follow":"follow","max-snippet":"max-snippet:-1","max-image-preview":"max-image-preview:large","max-video-preview":"max-video-preview:-1"},"canonical":"https:\/\/redenoticiaz.com.br\/litoralsp\/2023\/02\/15\/sao-vicente-divulga-programacao-dos-blocos-do-carnaval-2023","og_locale":"pt_BR","og_type":"article","og_title":"S\u00e3o Vicente divulga programa\u00e7\u00e3o dos blocos do Carnaval 2023 - Litoral SP","og_description":"A hora de curtir a folia. Em S\u00e3o Vicente, a prefeitura divulgou a programa\u00e7\u00e3o especial para os foli\u00f5es curtirem os blocos, tanto","og_url":"https:\/\/redenoticiaz.com.br\/litoralsp\/2023\/02\/15\/sao-vicente-divulga-programacao-dos-blocos-do-carnaval-2023","og_site_name":"Litoral SP","article_published_time":"2023-02-15T12:57:15+00:00","og_image":[{"width":436,"height":292,"url":"https:\/\/redenoticiaz.com.br\/litoralsp\/wp-content\/uploads\/sites\/3\/2023\/02\/BLOCOS-CARNAVAL.jpg","type":"image\/jpeg"}],"author":"Leonardo Francisco","twitter_card":"summary_large_image","twitter_misc":{"Escrito por":"Leonardo Francisco","Est. tempo de leitura":"4 minutos"},"schema":{"@context":"https:\/\/schema.org","@graph":[{"@type":"Article","@id":"https:\/\/redenoticiaz.com.br\/litoralsp\/2023\/02\/15\/sao-vicente-divulga-programacao-dos-blocos-do-carnaval-2023#article","isPartOf":{"@id":"https:\/\/redenoticiaz.com.br\/litoralsp\/2023\/02\/15\/sao-vicente-divulga-programacao-dos-blocos-do-carnaval-2023"},"author":{"name":"Leonardo Francisco","@id":"https:\/\/redenoticiaz.com.br\/litoralsp\/#\/schema\/person\/0f0b8a5bdafefe82841e07ae8d81ecb3"},"headline":"S\u00e3o Vicente divulga programa\u00e7\u00e3o dos blocos do Carnaval 2023","datePublished":"2023-02-15T12:57:15+00:00","mainEntityOfPage":{"@id":"https:\/\/redenoticiaz.com.br\/litoralsp\/2023\/02\/15\/sao-vicente-divulga-programacao-dos-blocos-do-carnaval-2023"},"wordCount":696,"commentCount":0,"publisher":{"@id":"https:\/\/redenoticiaz.com.br\/litoralsp\/#organization"},"image":{"@id":"https:\/\/redenoticiaz.com.br\/litoralsp\/2023\/02\/15\/sao-vicente-divulga-programacao-dos-blocos-do-carnaval-2023#primaryimage"},"thumbnailUrl":"https:\/\/redenoticiaz.com.br\/litoralsp\/wp-content\/uploads\/sites\/3\/2023\/02\/BLOCOS-CARNAVAL.jpg","keywords":["blocos","BLOCOS CARNAVALESCOS","Carnaval 2023","S\u00e3o Vicente"],"articleSection":["Cultura","S\u00e3o Vicente"],"inLanguage":"pt-BR","potentialAction":[{"@type":"CommentAction","name":"Comment","target":["https:\/\/redenoticiaz.com.br\/litoralsp\/2023\/02\/15\/sao-vicente-divulga-programacao-dos-blocos-do-carnaval-2023#respond"]}]},{"@type":"WebPage","@id":"https:\/\/redenoticiaz.com.br\/litoralsp\/2023\/02\/15\/sao-vicente-divulga-programacao-dos-blocos-do-carnaval-2023","url":"https:\/\/redenoticiaz.com.br\/litoralsp\/2023\/02\/15\/sao-vicente-divulga-programacao-dos-blocos-do-carnaval-2023","name":"S\u00e3o Vicente divulga programa\u00e7\u00e3o dos blocos do Carnaval 2023 - Litoral SP","isPartOf":{"@id":"https:\/\/redenoticiaz.com.br\/litoralsp\/#website"},"primaryImageOfPage":{"@id":"https:\/\/redenoticiaz.com.br\/litoralsp\/2023\/02\/15\/sao-vicente-divulga-programacao-dos-blocos-do-carnaval-2023#primaryimage"},"image":{"@id":"https:\/\/redenoticiaz.com.br\/litoralsp\/2023\/02\/15\/sao-vicente-divulga-programacao-dos-blocos-do-carnaval-2023#primaryimage"},"thumbnailUrl":"https:\/\/redenoticiaz.com.br\/litoralsp\/wp-content\/uploads\/sites\/3\/2023\/02\/BLOCOS-CARNAVAL.jpg","datePublished":"2023-02-15T12:57:15+00:00","description":"A hora de curtir a folia. Em S\u00e3o Vicente, a prefeitura divulgou a programa\u00e7\u00e3o especial para os foli\u00f5es curtirem os blocos, tanto","inLanguage":"pt-BR","potentialAction":[{"@type":"ReadAction","target":["https:\/\/redenoticiaz.com.br\/litoralsp\/2023\/02\/15\/sao-vicente-divulga-programacao-dos-blocos-do-carnaval-2023"]}]},{"@type":"ImageObject","inLanguage":"pt-BR","@id":"https:\/\/redenoticiaz.com.br\/litoralsp\/2023\/02\/15\/sao-vicente-divulga-programacao-dos-blocos-do-carnaval-2023#primaryimage","url":"https:\/\/redenoticiaz.com.br\/litoralsp\/wp-content\/uploads\/sites\/3\/2023\/02\/BLOCOS-CARNAVAL.jpg","contentUrl":"https:\/\/redenoticiaz.com.br\/litoralsp\/wp-content\/uploads\/sites\/3\/2023\/02\/BLOCOS-CARNAVAL.jpg","width":436,"height":292,"caption":"Cr\u00e9ditos: Divulga\u00e7\u00e3o\/Prefeitura de S\u00e3o Vicente"},{"@type":"WebSite","@id":"https:\/\/redenoticiaz.com.br\/litoralsp\/#website","url":"https:\/\/redenoticiaz.com.br\/litoralsp\/","name":"Litoral SP","description":"Rede NoticiaZ","publisher":{"@id":"https:\/\/redenoticiaz.com.br\/litoralsp\/#organization"},"potentialAction":[{"@type":"SearchAction","target":{"@type":"EntryPoint","urlTemplate":"https:\/\/redenoticiaz.com.br\/litoralsp\/?s={search_term_string}"},"query-input":{"@type":"PropertyValueSpecification","valueRequired":true,"valueName":"search_term_string"}}],"inLanguage":"pt-BR"},{"@type":"Organization","@id":"https:\/\/redenoticiaz.com.br\/litoralsp\/#organization","name":"Litoral SP","url":"https:\/\/redenoticiaz.com.br\/litoralsp\/","logo":{"@type":"ImageObject","inLanguage":"pt-BR","@id":"https:\/\/redenoticiaz.com.br\/litoralsp\/#\/schema\/logo\/image\/","url":"https:\/\/redenoticiaz.com.br\/litoralsp\/wp-content\/uploads\/sites\/3\/2020\/11\/logo.jpg","contentUrl":"https:\/\/redenoticiaz.com.br\/litoralsp\/wp-content\/uploads\/sites\/3\/2020\/11\/logo.jpg","width":400,"height":250,"caption":"Litoral SP"},"image":{"@id":"https:\/\/redenoticiaz.com.br\/litoralsp\/#\/schema\/logo\/image\/"}},{"@type":"Person","@id":"https:\/\/redenoticiaz.com.br\/litoralsp\/#\/schema\/person\/0f0b8a5bdafefe82841e07ae8d81ecb3","name":"Leonardo Francisco","image":{"@type":"ImageObject","inLanguage":"pt-BR","@id":"https:\/\/secure.gravatar.com\/avatar\/a7358cb406a99b682ec6df1e77e31ae82e63601f6784e8a3df411d72b37864da?s=96&d=mm&r=g","url":"https:\/\/secure.gravatar.com\/avatar\/a7358cb406a99b682ec6df1e77e31ae82e63601f6784e8a3df411d72b37864da?s=96&d=mm&r=g","contentUrl":"https:\/\/secure.gravatar.com\/avatar\/a7358cb406a99b682ec6df1e77e31ae82e63601f6784e8a3df411d72b37864da?s=96&d=mm&r=g","caption":"Leonardo Francisco"},"url":"https:\/\/redenoticiaz.com.br\/litoralsp\/author\/leonardo-francisco"}]}},"_links":{"self":[{"href":"https:\/\/redenoticiaz.com.br\/litoralsp\/wp-json\/wp\/v2\/posts\/100794","targetHints":{"allow":["GET"]}}],"collection":[{"href":"https:\/\/redenoticiaz.com.br\/litoralsp\/wp-json\/wp\/v2\/posts"}],"about":[{"href":"https:\/\/redenoticiaz.com.br\/litoralsp\/wp-json\/wp\/v2\/types\/post"}],"author":[{"embeddable":true,"href":"https:\/\/redenoticiaz.com.br\/litoralsp\/wp-json\/wp\/v2\/users\/6"}],"replies":[{"embeddable":true,"href":"https:\/\/redenoticiaz.com.br\/litoralsp\/wp-json\/wp\/v2\/comments?post=100794"}],"version-history":[{"count":1,"href":"https:\/\/redenoticiaz.com.br\/litoralsp\/wp-json\/wp\/v2\/posts\/100794\/revisions"}],"predecessor-version":[{"id":100796,"href":"https:\/\/redenoticiaz.com.br\/litoralsp\/wp-json\/wp\/v2\/posts\/100794\/revisions\/100796"}],"wp:featuredmedia":[{"embeddable":true,"href":"https:\/\/redenoticiaz.com.br\/litoralsp\/wp-json\/wp\/v2\/media\/100795"}],"wp:attachment":[{"href":"https:\/\/redenoticiaz.com.br\/litoralsp\/wp-json\/wp\/v2\/media?parent=100794"}],"wp:term":[{"taxonomy":"category","embeddable":true,"href":"https:\/\/redenoticiaz.com.br\/litoralsp\/wp-json\/wp\/v2\/categories?post=100794"},{"taxonomy":"post_tag","embeddable":true,"href":"https:\/\/redenoticiaz.com.br\/litoralsp\/wp-json\/wp\/v2\/tags?post=100794"}],"curies":[{"name":"wp","href":"https:\/\/api.w.org\/{rel}","templated":true}]}}