{"id":100800,"date":"2023-02-15T11:23:24","date_gmt":"2023-02-15T14:23:24","guid":{"rendered":"https:\/\/redenoticiaz.com.br\/litoralsp\/2023\/02\/15\/cbf-define-tecnico-para-comandar-a-selecao-brasileira"},"modified":"2023-02-15T11:23:24","modified_gmt":"2023-02-15T14:23:24","slug":"cbf-define-tecnico-para-comandar-a-selecao-brasileira","status":"publish","type":"post","link":"https:\/\/redenoticiaz.com.br\/litoralsp\/2023\/02\/15\/cbf-define-tecnico-para-comandar-a-selecao-brasileira","title":{"rendered":"CBF define t\u00e9cnico para comandar a Sele\u00e7\u00e3o Brasileira"},"content":{"rendered":"<p class=\"content-text__container theme-color-primary-first-letter\" data-track-category=\"Link no Texto\" data-track-links=\"\">A Sele\u00e7\u00e3o Brasileira j\u00e1 tem um t\u00e9cnico. Mas calma, ainda n\u00e3o \u00e9 de forma definitiva. Ap\u00f3s reuni\u00e3o, a Confedera\u00e7\u00e3o Brasileira de Futebol (CBF) escolheu <strong>Ramon Menezes<\/strong> para comandar de forma interina a equipe neste novo ciclo de Copa do Mundo 2026. Outra novidade informada nesta quarta-feira (26) \u00e9 que o Brasil vai enfrentar<span class=\"highlight highlighted\"> Marrocos, em T\u00e2nger, no dia 25 de mar\u00e7o.<\/span><\/p>\n<div class=\"wall protected-content\">\n<div id=\"chunk-5gd6d\">\n<div class=\"mc-column content-text active-extra-styles \" data-block-type=\"unstyled\" data-block-weight=\"57\" data-block-id=\"3\">\n<p class=\"content-text__container \" data-track-category=\"Link no Texto\" data-track-links=\"\">Ramon Menezes comandou a sele\u00e7\u00e3o sub-20 no t\u00edtulo sul-americano, na Col\u00f4mbia. Ele desembarcou no in\u00edcio da manh\u00e3 da \u00faltima ter\u00e7a-feira com a delega\u00e7\u00e3o e se encontrou com Ednaldo Rodrigues. A reuni\u00e3o definiu que o ex-jogador treinar\u00e1 a Sele\u00e7\u00e3o na data Fifa de mar\u00e7o, enquanto a entidade negocia com o novo treinador. Carlo Ancelotti \u00e9 o nome favorito.<\/p>\n<\/div>\n<\/div>\n<div id=\"chunk-25gdc\">\n<div class=\"mc-column content-text active-extra-styles \" data-block-type=\"unstyled\" data-block-weight=\"54\" data-block-id=\"4\">\n<p class=\"content-text__container \" data-track-category=\"Link no Texto\" data-track-links=\"\">&#8220;O Ramon Menezes merece uma sauda\u00e7\u00e3o especial. Ele \u00e9 um treinador novo e de muito potencial. Queremos cada vez mais gente com novas e ousadas ideias nas Sele\u00e7\u00f5es. Ele trabalhou com excel\u00eancia e conseguiu colocar o time jogando de forma moderna e com todas as caracter\u00edsticas do nosso futebol&#8221;, afirmou Ednaldo Rodrigues.<\/p>\n<div id=\"chunk-c7rsg\">\n<div class=\"mc-column content-text active-extra-styles \" data-block-type=\"unstyled\" data-block-weight=\"37\" data-block-id=\"8\">\n<p class=\"content-text__container \" data-track-category=\"Link no Texto\" data-track-links=\"\">O novo treinador interino fez 17 jogos no comando da equipe sub-20 e somou 11 vit\u00f3rias, quatro empates e apenas duas derrotas, com um aproveitamento de 72,5%. Ao todo, foram 40 gols marcados e 14 sofridos.<\/p>\n<\/div>\n<\/div>\n<div id=\"chunk-autpr\">\n<div class=\"mc-column content-text active-extra-styles \" data-block-type=\"unstyled\" data-block-weight=\"45\" data-block-id=\"9\">\n<p class=\"content-text__container \" data-track-category=\"Link no Texto\" data-track-links=\"\">Aposentado da carreira de jogador em 2013, Ramon trabalha como treinador desde 2015 e teve nove passagens por oito clubes, a de maior destaque no Vasco, quando iniciou bem o Brasileiro, mas caiu em meio a efervescente processo pol\u00edtico no clube com 56% de aproveitamento.<\/p>\n<p data-track-category=\"Link no Texto\" data-track-links=\"\"><strong>LEIA TAMB\u00c9M<\/strong><\/p>\n<p data-track-category=\"Link no Texto\" data-track-links=\"\"><a href=\"https:\/\/redenoticiaz.com.br\/blog\/2023\/02\/14\/fifa-define-numero-de-vagas-por-continente-no-mundial-de-clubes\">Fifa define n\u00famero de vagas por continente no Mundial de Clubes<\/a><\/p>\n<\/div>\n<\/div>\n<\/div>\n<\/div>\n<\/div>\n","protected":false},"excerpt":{"rendered":"<p>A Sele\u00e7\u00e3o Brasileira j\u00e1 tem um t\u00e9cnico. Mas calma, ainda n\u00e3o \u00e9 de forma definitiva. Ap\u00f3s reuni\u00e3o, a Confedera\u00e7\u00e3o Brasileira de Futebol (CBF) escolheu Ramon Menezes para comandar de forma interina a equipe neste novo ciclo de Copa do Mundo 2026. Outra novidade informada nesta quarta-feira (26) \u00e9 que o Brasil vai enfrentar Marrocos, em &hellip;<\/p>\n","protected":false},"author":6,"featured_media":100801,"comment_status":"open","ping_status":"closed","sticky":false,"template":"","format":"standard","meta":{"footnotes":""},"categories":[35],"tags":[63385,173,15059,63386,1220,63387],"class_list":["post-100800","post","type-post","status-publish","format-standard","has-post-thumbnail","hentry","category-esporte","tag-amistoso-contra-marrocos","tag-brasil","tag-cbf","tag-ramon-menezes","tag-selecao-brasileira","tag-tecnico-interino"],"yoast_head":"<!-- This site is optimized with the Yoast SEO plugin v27.5 - https:\/\/yoast.com\/product\/yoast-seo-wordpress\/ -->\n<title>CBF define t\u00e9cnico para comandar a Sele\u00e7\u00e3o Brasileira - Litoral SP<\/title>\n<meta name=\"description\" content=\"A Sele\u00e7\u00e3o Brasileira j\u00e1 tem um t\u00e9cnico. Mas calma, ainda n\u00e3o \u00e9 de forma definitiva. Ap\u00f3s reuni\u00e3o, a Confedera\u00e7\u00e3o Brasileira de Futebol (CBF) escolheu\" \/>\n<meta name=\"robots\" content=\"index, follow, max-snippet:-1, max-image-preview:large, max-video-preview:-1\" \/>\n<link rel=\"canonical\" href=\"https:\/\/redenoticiaz.com.br\/litoralsp\/2023\/02\/15\/cbf-define-tecnico-para-comandar-a-selecao-brasileira\" \/>\n<meta property=\"og:locale\" content=\"pt_BR\" \/>\n<meta property=\"og:type\" content=\"article\" \/>\n<meta property=\"og:title\" content=\"CBF define t\u00e9cnico para comandar a Sele\u00e7\u00e3o Brasileira - Litoral SP\" \/>\n<meta property=\"og:description\" content=\"A Sele\u00e7\u00e3o Brasileira j\u00e1 tem um t\u00e9cnico. Mas calma, ainda n\u00e3o \u00e9 de forma definitiva. Ap\u00f3s reuni\u00e3o, a Confedera\u00e7\u00e3o Brasileira de Futebol (CBF) escolheu\" \/>\n<meta property=\"og:url\" content=\"https:\/\/redenoticiaz.com.br\/litoralsp\/2023\/02\/15\/cbf-define-tecnico-para-comandar-a-selecao-brasileira\" \/>\n<meta property=\"og:site_name\" content=\"Litoral SP\" \/>\n<meta property=\"article:published_time\" content=\"2023-02-15T14:23:24+00:00\" \/>\n<meta name=\"author\" content=\"Leonardo Francisco\" \/>\n<meta name=\"twitter:card\" content=\"summary_large_image\" \/>\n<meta name=\"twitter:image\" content=\"https:\/\/redenoticiaz.com.br\/litoralsp\/wp-content\/uploads\/sites\/3\/2023\/02\/RAMON-MENEZES.jpg?v=1676470957\" \/>\n<meta name=\"twitter:label1\" content=\"Escrito por\" \/>\n\t<meta name=\"twitter:data1\" content=\"Leonardo Francisco\" \/>\n\t<meta name=\"twitter:label2\" content=\"Est. tempo de leitura\" \/>\n\t<meta name=\"twitter:data2\" content=\"2 minutos\" \/>\n<script type=\"application\/ld+json\" class=\"yoast-schema-graph\">{\"@context\":\"https:\\\/\\\/schema.org\",\"@graph\":[{\"@type\":\"Article\",\"@id\":\"https:\\\/\\\/redenoticiaz.com.br\\\/litoralsp\\\/2023\\\/02\\\/15\\\/cbf-define-tecnico-para-comandar-a-selecao-brasileira#article\",\"isPartOf\":{\"@id\":\"https:\\\/\\\/redenoticiaz.com.br\\\/litoralsp\\\/2023\\\/02\\\/15\\\/cbf-define-tecnico-para-comandar-a-selecao-brasileira\"},\"author\":{\"name\":\"Leonardo Francisco\",\"@id\":\"https:\\\/\\\/redenoticiaz.com.br\\\/litoralsp\\\/#\\\/schema\\\/person\\\/0f0b8a5bdafefe82841e07ae8d81ecb3\"},\"headline\":\"CBF define t\u00e9cnico para comandar a Sele\u00e7\u00e3o Brasileira\",\"datePublished\":\"2023-02-15T14:23:24+00:00\",\"mainEntityOfPage\":{\"@id\":\"https:\\\/\\\/redenoticiaz.com.br\\\/litoralsp\\\/2023\\\/02\\\/15\\\/cbf-define-tecnico-para-comandar-a-selecao-brasileira\"},\"wordCount\":284,\"commentCount\":0,\"publisher\":{\"@id\":\"https:\\\/\\\/redenoticiaz.com.br\\\/litoralsp\\\/#organization\"},\"image\":{\"@id\":\"https:\\\/\\\/redenoticiaz.com.br\\\/litoralsp\\\/2023\\\/02\\\/15\\\/cbf-define-tecnico-para-comandar-a-selecao-brasileira#primaryimage\"},\"thumbnailUrl\":\"https:\\\/\\\/redenoticiaz.com.br\\\/litoralsp\\\/wp-content\\\/uploads\\\/sites\\\/3\\\/2023\\\/02\\\/RAMON-MENEZES.jpg?v=1676470957\",\"keywords\":[\"AMISTOSO CONTRA MARROCOS\",\"Brasil\",\"CBF\",\"RAMON MENEZES\",\"Sele\u00e7\u00e3o Brasileira\",\"T\u00c9CNICO INTERINO\"],\"articleSection\":[\"Esporte\"],\"inLanguage\":\"pt-BR\",\"potentialAction\":[{\"@type\":\"CommentAction\",\"name\":\"Comment\",\"target\":[\"https:\\\/\\\/redenoticiaz.com.br\\\/litoralsp\\\/2023\\\/02\\\/15\\\/cbf-define-tecnico-para-comandar-a-selecao-brasileira#respond\"]}]},{\"@type\":\"WebPage\",\"@id\":\"https:\\\/\\\/redenoticiaz.com.br\\\/litoralsp\\\/2023\\\/02\\\/15\\\/cbf-define-tecnico-para-comandar-a-selecao-brasileira\",\"url\":\"https:\\\/\\\/redenoticiaz.com.br\\\/litoralsp\\\/2023\\\/02\\\/15\\\/cbf-define-tecnico-para-comandar-a-selecao-brasileira\",\"name\":\"CBF define t\u00e9cnico para comandar a Sele\u00e7\u00e3o Brasileira - Litoral SP\",\"isPartOf\":{\"@id\":\"https:\\\/\\\/redenoticiaz.com.br\\\/litoralsp\\\/#website\"},\"primaryImageOfPage\":{\"@id\":\"https:\\\/\\\/redenoticiaz.com.br\\\/litoralsp\\\/2023\\\/02\\\/15\\\/cbf-define-tecnico-para-comandar-a-selecao-brasileira#primaryimage\"},\"image\":{\"@id\":\"https:\\\/\\\/redenoticiaz.com.br\\\/litoralsp\\\/2023\\\/02\\\/15\\\/cbf-define-tecnico-para-comandar-a-selecao-brasileira#primaryimage\"},\"thumbnailUrl\":\"https:\\\/\\\/redenoticiaz.com.br\\\/litoralsp\\\/wp-content\\\/uploads\\\/sites\\\/3\\\/2023\\\/02\\\/RAMON-MENEZES.jpg?v=1676470957\",\"datePublished\":\"2023-02-15T14:23:24+00:00\",\"description\":\"A Sele\u00e7\u00e3o Brasileira j\u00e1 tem um t\u00e9cnico. Mas calma, ainda n\u00e3o \u00e9 de forma definitiva. Ap\u00f3s reuni\u00e3o, a Confedera\u00e7\u00e3o Brasileira de Futebol (CBF) escolheu\",\"inLanguage\":\"pt-BR\",\"potentialAction\":[{\"@type\":\"ReadAction\",\"target\":[\"https:\\\/\\\/redenoticiaz.com.br\\\/litoralsp\\\/2023\\\/02\\\/15\\\/cbf-define-tecnico-para-comandar-a-selecao-brasileira\"]}]},{\"@type\":\"ImageObject\",\"inLanguage\":\"pt-BR\",\"@id\":\"https:\\\/\\\/redenoticiaz.com.br\\\/litoralsp\\\/2023\\\/02\\\/15\\\/cbf-define-tecnico-para-comandar-a-selecao-brasileira#primaryimage\",\"url\":\"https:\\\/\\\/redenoticiaz.com.br\\\/litoralsp\\\/wp-content\\\/uploads\\\/sites\\\/3\\\/2023\\\/02\\\/RAMON-MENEZES.jpg?v=1676470957\",\"contentUrl\":\"https:\\\/\\\/redenoticiaz.com.br\\\/litoralsp\\\/wp-content\\\/uploads\\\/sites\\\/3\\\/2023\\\/02\\\/RAMON-MENEZES.jpg?v=1676470957\",\"width\":597,\"height\":402,\"caption\":\"Cr\u00e9ditos: Divulga\u00e7\u00e3o\\\/CBF\"},{\"@type\":\"WebSite\",\"@id\":\"https:\\\/\\\/redenoticiaz.com.br\\\/litoralsp\\\/#website\",\"url\":\"https:\\\/\\\/redenoticiaz.com.br\\\/litoralsp\\\/\",\"name\":\"Litoral SP\",\"description\":\"Rede NoticiaZ\",\"publisher\":{\"@id\":\"https:\\\/\\\/redenoticiaz.com.br\\\/litoralsp\\\/#organization\"},\"potentialAction\":[{\"@type\":\"SearchAction\",\"target\":{\"@type\":\"EntryPoint\",\"urlTemplate\":\"https:\\\/\\\/redenoticiaz.com.br\\\/litoralsp\\\/?s={search_term_string}\"},\"query-input\":{\"@type\":\"PropertyValueSpecification\",\"valueRequired\":true,\"valueName\":\"search_term_string\"}}],\"inLanguage\":\"pt-BR\"},{\"@type\":\"Organization\",\"@id\":\"https:\\\/\\\/redenoticiaz.com.br\\\/litoralsp\\\/#organization\",\"name\":\"Litoral SP\",\"url\":\"https:\\\/\\\/redenoticiaz.com.br\\\/litoralsp\\\/\",\"logo\":{\"@type\":\"ImageObject\",\"inLanguage\":\"pt-BR\",\"@id\":\"https:\\\/\\\/redenoticiaz.com.br\\\/litoralsp\\\/#\\\/schema\\\/logo\\\/image\\\/\",\"url\":\"https:\\\/\\\/redenoticiaz.com.br\\\/litoralsp\\\/wp-content\\\/uploads\\\/sites\\\/3\\\/2020\\\/11\\\/logo.jpg\",\"contentUrl\":\"https:\\\/\\\/redenoticiaz.com.br\\\/litoralsp\\\/wp-content\\\/uploads\\\/sites\\\/3\\\/2020\\\/11\\\/logo.jpg\",\"width\":400,\"height\":250,\"caption\":\"Litoral SP\"},\"image\":{\"@id\":\"https:\\\/\\\/redenoticiaz.com.br\\\/litoralsp\\\/#\\\/schema\\\/logo\\\/image\\\/\"}},{\"@type\":\"Person\",\"@id\":\"https:\\\/\\\/redenoticiaz.com.br\\\/litoralsp\\\/#\\\/schema\\\/person\\\/0f0b8a5bdafefe82841e07ae8d81ecb3\",\"name\":\"Leonardo Francisco\",\"image\":{\"@type\":\"ImageObject\",\"inLanguage\":\"pt-BR\",\"@id\":\"https:\\\/\\\/secure.gravatar.com\\\/avatar\\\/a7358cb406a99b682ec6df1e77e31ae82e63601f6784e8a3df411d72b37864da?s=96&d=mm&r=g\",\"url\":\"https:\\\/\\\/secure.gravatar.com\\\/avatar\\\/a7358cb406a99b682ec6df1e77e31ae82e63601f6784e8a3df411d72b37864da?s=96&d=mm&r=g\",\"contentUrl\":\"https:\\\/\\\/secure.gravatar.com\\\/avatar\\\/a7358cb406a99b682ec6df1e77e31ae82e63601f6784e8a3df411d72b37864da?s=96&d=mm&r=g\",\"caption\":\"Leonardo Francisco\"},\"url\":\"https:\\\/\\\/redenoticiaz.com.br\\\/litoralsp\\\/author\\\/leonardo-francisco\"}]}<\/script>\n<!-- \/ Yoast SEO plugin. -->","yoast_head_json":{"title":"CBF define t\u00e9cnico para comandar a Sele\u00e7\u00e3o Brasileira - Litoral SP","description":"A Sele\u00e7\u00e3o Brasileira j\u00e1 tem um t\u00e9cnico. Mas calma, ainda n\u00e3o \u00e9 de forma definitiva. Ap\u00f3s reuni\u00e3o, a Confedera\u00e7\u00e3o Brasileira de Futebol (CBF) escolheu","robots":{"index":"index","follow":"follow","max-snippet":"max-snippet:-1","max-image-preview":"max-image-preview:large","max-video-preview":"max-video-preview:-1"},"canonical":"https:\/\/redenoticiaz.com.br\/litoralsp\/2023\/02\/15\/cbf-define-tecnico-para-comandar-a-selecao-brasileira","og_locale":"pt_BR","og_type":"article","og_title":"CBF define t\u00e9cnico para comandar a Sele\u00e7\u00e3o Brasileira - Litoral SP","og_description":"A Sele\u00e7\u00e3o Brasileira j\u00e1 tem um t\u00e9cnico. Mas calma, ainda n\u00e3o \u00e9 de forma definitiva. Ap\u00f3s reuni\u00e3o, a Confedera\u00e7\u00e3o Brasileira de Futebol (CBF) escolheu","og_url":"https:\/\/redenoticiaz.com.br\/litoralsp\/2023\/02\/15\/cbf-define-tecnico-para-comandar-a-selecao-brasileira","og_site_name":"Litoral SP","article_published_time":"2023-02-15T14:23:24+00:00","author":"Leonardo Francisco","twitter_card":"summary_large_image","twitter_image":"https:\/\/redenoticiaz.com.br\/litoralsp\/wp-content\/uploads\/sites\/3\/2023\/02\/RAMON-MENEZES.jpg?v=1676470957","twitter_misc":{"Escrito por":"Leonardo Francisco","Est. tempo de leitura":"2 minutos"},"schema":{"@context":"https:\/\/schema.org","@graph":[{"@type":"Article","@id":"https:\/\/redenoticiaz.com.br\/litoralsp\/2023\/02\/15\/cbf-define-tecnico-para-comandar-a-selecao-brasileira#article","isPartOf":{"@id":"https:\/\/redenoticiaz.com.br\/litoralsp\/2023\/02\/15\/cbf-define-tecnico-para-comandar-a-selecao-brasileira"},"author":{"name":"Leonardo Francisco","@id":"https:\/\/redenoticiaz.com.br\/litoralsp\/#\/schema\/person\/0f0b8a5bdafefe82841e07ae8d81ecb3"},"headline":"CBF define t\u00e9cnico para comandar a Sele\u00e7\u00e3o Brasileira","datePublished":"2023-02-15T14:23:24+00:00","mainEntityOfPage":{"@id":"https:\/\/redenoticiaz.com.br\/litoralsp\/2023\/02\/15\/cbf-define-tecnico-para-comandar-a-selecao-brasileira"},"wordCount":284,"commentCount":0,"publisher":{"@id":"https:\/\/redenoticiaz.com.br\/litoralsp\/#organization"},"image":{"@id":"https:\/\/redenoticiaz.com.br\/litoralsp\/2023\/02\/15\/cbf-define-tecnico-para-comandar-a-selecao-brasileira#primaryimage"},"thumbnailUrl":"https:\/\/redenoticiaz.com.br\/litoralsp\/wp-content\/uploads\/sites\/3\/2023\/02\/RAMON-MENEZES.jpg?v=1676470957","keywords":["AMISTOSO CONTRA MARROCOS","Brasil","CBF","RAMON MENEZES","Sele\u00e7\u00e3o Brasileira","T\u00c9CNICO INTERINO"],"articleSection":["Esporte"],"inLanguage":"pt-BR","potentialAction":[{"@type":"CommentAction","name":"Comment","target":["https:\/\/redenoticiaz.com.br\/litoralsp\/2023\/02\/15\/cbf-define-tecnico-para-comandar-a-selecao-brasileira#respond"]}]},{"@type":"WebPage","@id":"https:\/\/redenoticiaz.com.br\/litoralsp\/2023\/02\/15\/cbf-define-tecnico-para-comandar-a-selecao-brasileira","url":"https:\/\/redenoticiaz.com.br\/litoralsp\/2023\/02\/15\/cbf-define-tecnico-para-comandar-a-selecao-brasileira","name":"CBF define t\u00e9cnico para comandar a Sele\u00e7\u00e3o Brasileira - Litoral SP","isPartOf":{"@id":"https:\/\/redenoticiaz.com.br\/litoralsp\/#website"},"primaryImageOfPage":{"@id":"https:\/\/redenoticiaz.com.br\/litoralsp\/2023\/02\/15\/cbf-define-tecnico-para-comandar-a-selecao-brasileira#primaryimage"},"image":{"@id":"https:\/\/redenoticiaz.com.br\/litoralsp\/2023\/02\/15\/cbf-define-tecnico-para-comandar-a-selecao-brasileira#primaryimage"},"thumbnailUrl":"https:\/\/redenoticiaz.com.br\/litoralsp\/wp-content\/uploads\/sites\/3\/2023\/02\/RAMON-MENEZES.jpg?v=1676470957","datePublished":"2023-02-15T14:23:24+00:00","description":"A Sele\u00e7\u00e3o Brasileira j\u00e1 tem um t\u00e9cnico. Mas calma, ainda n\u00e3o \u00e9 de forma definitiva. Ap\u00f3s reuni\u00e3o, a Confedera\u00e7\u00e3o Brasileira de Futebol (CBF) escolheu","inLanguage":"pt-BR","potentialAction":[{"@type":"ReadAction","target":["https:\/\/redenoticiaz.com.br\/litoralsp\/2023\/02\/15\/cbf-define-tecnico-para-comandar-a-selecao-brasileira"]}]},{"@type":"ImageObject","inLanguage":"pt-BR","@id":"https:\/\/redenoticiaz.com.br\/litoralsp\/2023\/02\/15\/cbf-define-tecnico-para-comandar-a-selecao-brasileira#primaryimage","url":"https:\/\/redenoticiaz.com.br\/litoralsp\/wp-content\/uploads\/sites\/3\/2023\/02\/RAMON-MENEZES.jpg?v=1676470957","contentUrl":"https:\/\/redenoticiaz.com.br\/litoralsp\/wp-content\/uploads\/sites\/3\/2023\/02\/RAMON-MENEZES.jpg?v=1676470957","width":597,"height":402,"caption":"Cr\u00e9ditos: Divulga\u00e7\u00e3o\/CBF"},{"@type":"WebSite","@id":"https:\/\/redenoticiaz.com.br\/litoralsp\/#website","url":"https:\/\/redenoticiaz.com.br\/litoralsp\/","name":"Litoral SP","description":"Rede NoticiaZ","publisher":{"@id":"https:\/\/redenoticiaz.com.br\/litoralsp\/#organization"},"potentialAction":[{"@type":"SearchAction","target":{"@type":"EntryPoint","urlTemplate":"https:\/\/redenoticiaz.com.br\/litoralsp\/?s={search_term_string}"},"query-input":{"@type":"PropertyValueSpecification","valueRequired":true,"valueName":"search_term_string"}}],"inLanguage":"pt-BR"},{"@type":"Organization","@id":"https:\/\/redenoticiaz.com.br\/litoralsp\/#organization","name":"Litoral SP","url":"https:\/\/redenoticiaz.com.br\/litoralsp\/","logo":{"@type":"ImageObject","inLanguage":"pt-BR","@id":"https:\/\/redenoticiaz.com.br\/litoralsp\/#\/schema\/logo\/image\/","url":"https:\/\/redenoticiaz.com.br\/litoralsp\/wp-content\/uploads\/sites\/3\/2020\/11\/logo.jpg","contentUrl":"https:\/\/redenoticiaz.com.br\/litoralsp\/wp-content\/uploads\/sites\/3\/2020\/11\/logo.jpg","width":400,"height":250,"caption":"Litoral SP"},"image":{"@id":"https:\/\/redenoticiaz.com.br\/litoralsp\/#\/schema\/logo\/image\/"}},{"@type":"Person","@id":"https:\/\/redenoticiaz.com.br\/litoralsp\/#\/schema\/person\/0f0b8a5bdafefe82841e07ae8d81ecb3","name":"Leonardo Francisco","image":{"@type":"ImageObject","inLanguage":"pt-BR","@id":"https:\/\/secure.gravatar.com\/avatar\/a7358cb406a99b682ec6df1e77e31ae82e63601f6784e8a3df411d72b37864da?s=96&d=mm&r=g","url":"https:\/\/secure.gravatar.com\/avatar\/a7358cb406a99b682ec6df1e77e31ae82e63601f6784e8a3df411d72b37864da?s=96&d=mm&r=g","contentUrl":"https:\/\/secure.gravatar.com\/avatar\/a7358cb406a99b682ec6df1e77e31ae82e63601f6784e8a3df411d72b37864da?s=96&d=mm&r=g","caption":"Leonardo Francisco"},"url":"https:\/\/redenoticiaz.com.br\/litoralsp\/author\/leonardo-francisco"}]}},"_links":{"self":[{"href":"https:\/\/redenoticiaz.com.br\/litoralsp\/wp-json\/wp\/v2\/posts\/100800","targetHints":{"allow":["GET"]}}],"collection":[{"href":"https:\/\/redenoticiaz.com.br\/litoralsp\/wp-json\/wp\/v2\/posts"}],"about":[{"href":"https:\/\/redenoticiaz.com.br\/litoralsp\/wp-json\/wp\/v2\/types\/post"}],"author":[{"embeddable":true,"href":"https:\/\/redenoticiaz.com.br\/litoralsp\/wp-json\/wp\/v2\/users\/6"}],"replies":[{"embeddable":true,"href":"https:\/\/redenoticiaz.com.br\/litoralsp\/wp-json\/wp\/v2\/comments?post=100800"}],"version-history":[{"count":0,"href":"https:\/\/redenoticiaz.com.br\/litoralsp\/wp-json\/wp\/v2\/posts\/100800\/revisions"}],"wp:featuredmedia":[{"embeddable":true,"href":"https:\/\/redenoticiaz.com.br\/litoralsp\/wp-json\/wp\/v2\/media\/100801"}],"wp:attachment":[{"href":"https:\/\/redenoticiaz.com.br\/litoralsp\/wp-json\/wp\/v2\/media?parent=100800"}],"wp:term":[{"taxonomy":"category","embeddable":true,"href":"https:\/\/redenoticiaz.com.br\/litoralsp\/wp-json\/wp\/v2\/categories?post=100800"},{"taxonomy":"post_tag","embeddable":true,"href":"https:\/\/redenoticiaz.com.br\/litoralsp\/wp-json\/wp\/v2\/tags?post=100800"}],"curies":[{"name":"wp","href":"https:\/\/api.w.org\/{rel}","templated":true}]}}