{"id":100939,"date":"2023-02-17T08:04:50","date_gmt":"2023-02-17T11:04:50","guid":{"rendered":"https:\/\/redenoticiaz.com.br\/litoralsp\/?p=100939"},"modified":"2023-02-17T08:04:50","modified_gmt":"2023-02-17T11:04:50","slug":"crianca-de-cinco-anos-com-autismo-escapa-de-atropelamento-ao-deixar-escola-em-santos","status":"publish","type":"post","link":"https:\/\/redenoticiaz.com.br\/litoralsp\/2023\/02\/17\/crianca-de-cinco-anos-com-autismo-escapa-de-atropelamento-ao-deixar-escola-em-santos","title":{"rendered":"Crian\u00e7a de cinco anos com autismo escapa de atropelamento ao deixar escola em Santos"},"content":{"rendered":"<p><span class=\"highlight highlighted\">Susto para uma aut\u00f4noma <\/span>de 25 anos em uma escola de Santos. Por muito pouco a filha de cinco anos, que tem autismo e apraxia da fala, n\u00e3o foi atropelada, <strong>ap\u00f3s sair sozinha <span class=\"highlight highlighted\">da unidade<\/span> de ensino<\/strong> do munic\u00edpio. A sorte \u00e9 que a m\u00e3e de um outro aluno conseguiu resgat\u00e1-la e impedir que houvesse o atropelamento.<\/p>\n<p>A Secretaria de Educa\u00e7\u00e3o de Santos informou, por meio de nota, que <span class=\"highlight highlighted\">est\u00e1 apurando detalhes sobre o caso, inclusive se ela teria sa\u00eddo da escola com a m\u00e3e de uma colega de classe<\/span>. O caso foi registrado no 7\u00b0 Distrito Policial de Santos como abandono de incapaz.<\/p>\n<div id=\"chunk-37f3c\">\n<div class=\"mc-column content-text active-extra-styles \" data-block-type=\"unstyled\" data-block-weight=\"40\" data-block-id=\"7\">\n<p class=\"content-text__container \" data-track-category=\"Link no Texto\" data-track-links=\"\">Segundo o boletim de ocorr\u00eancia, Yasmin <span class=\"highlight highlighted\">de Campos Fonseca<\/span>, m\u00e3e da menina, contou que, ao chegar na escola, cumprimentou a professora e perguntou como a filha tinha se comportado em sala de aula. A docente respondeu que a menina tinha se sa\u00eddo bem e que iria cham\u00e1-la para ir embora. Mas na sequ\u00eancia n\u00e3o a encontrou na sala de aula e nem no banheiro, gerando desespero.<\/p>\n<p data-track-category=\"Link no Texto\" data-track-links=\"\">A m\u00e3e contou que a menina tem autismo, que faz uso de medica\u00e7\u00f5es . Por isso precisa de aten\u00e7\u00e3o especial. As buscas continuaram, mas ningu\u00e9m sabia o paradeiro dela. Mas em meio ao desespero, Yasmin contou que uma outra m\u00e3e entrou gritando na escola. Ela chamava pela diretora e dizia que tinha encontrado uma crian\u00e7a perdida na rua, que a menina por pouco n\u00e3o havia sido atropelada.<\/p>\n<div id=\"chunk-diljn\">\n<div class=\"mc-column content-text active-extra-styles \" data-block-type=\"unstyled\" data-block-weight=\"40\" data-block-id=\"14\">\n<p class=\"content-text__container \" data-track-category=\"Link no Texto\" data-track-links=\"\"><span class=\"highlight highlighted\">De acordo com a aut\u00f4noma, a mulher contou ter conseguido entrar na frente de um carro para evitar que a crian\u00e7a fosse atropelada<\/span>. Yasmin disse ter vivido uma situa\u00e7\u00e3o absurda e espera que as provid\u00eancias sejam tomadas.<\/p>\n<h3 data-track-category=\"Link no Texto\">Resposta<\/h3>\n<div id=\"chunk-3vlvs\">\n<div class=\"mc-column content-text active-extra-styles \" data-block-type=\"unstyled\" data-block-weight=\"39\" data-block-id=\"21\">\n<p class=\"content-text__container \" data-track-category=\"Link no Texto\" data-track-links=\"\"><span class=\"highlight highlighted\">A Prefeitura de Santos lamentou o ocorrido e informou que j\u00e1 est\u00e1 apurando as responsabilidades sobre a sa\u00edda da menina junto com a m\u00e3e da amiga sem a presen\u00e7a dos respons\u00e1veis legais<\/span>, e que todas as provid\u00eancias cab\u00edveis foram tomadas.<\/p>\n<\/div>\n<\/div>\n<div id=\"chunk-5rtus\">\n<div class=\"mc-column content-text active-extra-styles \" data-block-type=\"unstyled\" data-block-weight=\"33\" data-block-id=\"22\">\n<p class=\"content-text__container \" data-track-category=\"Link no Texto\" data-track-links=\"\">Ainda de acordo com a nota, a administra\u00e7\u00e3o informou que, na manh\u00e3 da \u00faltima quinta-feira (16), a fam\u00edlia da aluna foi novamente recebida pela equipe gestora da escola para esclarecimento da situa\u00e7\u00e3o.<\/p>\n<p data-track-category=\"Link no Texto\" data-track-links=\"\"><strong>LEIA TAMB\u00c9M<\/strong><\/p>\n<p data-track-category=\"Link no Texto\" data-track-links=\"\"><a href=\"https:\/\/redenoticiaz.com.br\/litoralsp\/2023\/02\/16\/comercio-irregular-e-interditado-e-ferro-velho-notificado-em-santos\">Com\u00e9rcio irregular \u00e9 interditado e ferro-velho notificado em Santos<\/a><\/p>\n<\/div>\n<\/div>\n<\/div>\n<\/div>\n<\/div>\n<\/div>\n","protected":false},"excerpt":{"rendered":"<p>Susto para uma aut\u00f4noma de 25 anos em uma escola de Santos. Por muito pouco a filha de cinco anos, que tem autismo e apraxia da fala, n\u00e3o foi atropelada, ap\u00f3s sair sozinha da unidade de ensino do munic\u00edpio. A sorte \u00e9 que a m\u00e3e de um outro aluno conseguiu resgat\u00e1-la e impedir que houvesse &hellip;<\/p>\n","protected":false},"author":6,"featured_media":100940,"comment_status":"open","ping_status":"closed","sticky":false,"template":"","format":"standard","meta":{"footnotes":""},"categories":[44,10,180],"tags":[61217,63434,63435,986,63433],"class_list":["post-100939","post","type-post","status-publish","format-standard","has-post-thumbnail","hentry","category-educacao","category-policia","category-santos","tag-7o-distrito-policial","tag-menina-com-autismo","tag-risco-de-atropelamento","tag-santos","tag-unidade-municipal-de-ensino"],"yoast_head":"<!-- This site is optimized with the Yoast SEO plugin v27.5 - https:\/\/yoast.com\/product\/yoast-seo-wordpress\/ -->\n<title>Crian\u00e7a de cinco anos com autismo escapa de atropelamento ao deixar escola em Santos - Litoral SP<\/title>\n<meta name=\"description\" content=\"Susto para uma aut\u00f4noma de 25 anos em uma escola de Santos. Por muito pouco a filha de cinco anos, que tem autismo e apraxia\" \/>\n<meta name=\"robots\" content=\"index, follow, max-snippet:-1, max-image-preview:large, max-video-preview:-1\" \/>\n<link rel=\"canonical\" href=\"https:\/\/redenoticiaz.com.br\/litoralsp\/2023\/02\/17\/crianca-de-cinco-anos-com-autismo-escapa-de-atropelamento-ao-deixar-escola-em-santos\" \/>\n<meta property=\"og:locale\" content=\"pt_BR\" \/>\n<meta property=\"og:type\" content=\"article\" \/>\n<meta property=\"og:title\" content=\"Crian\u00e7a de cinco anos com autismo escapa de atropelamento ao deixar escola em Santos - Litoral SP\" \/>\n<meta property=\"og:description\" content=\"Susto para uma aut\u00f4noma de 25 anos em uma escola de Santos. Por muito pouco a filha de cinco anos, que tem autismo e apraxia\" \/>\n<meta property=\"og:url\" content=\"https:\/\/redenoticiaz.com.br\/litoralsp\/2023\/02\/17\/crianca-de-cinco-anos-com-autismo-escapa-de-atropelamento-ao-deixar-escola-em-santos\" \/>\n<meta property=\"og:site_name\" content=\"Litoral SP\" \/>\n<meta property=\"article:published_time\" content=\"2023-02-17T11:04:50+00:00\" \/>\n<meta property=\"og:image\" content=\"https:\/\/redenoticiaz.com.br\/litoralsp\/wp-content\/uploads\/sites\/3\/2023\/02\/UNIDADE-DE-ENSINO-STS.jpg\" \/>\n\t<meta property=\"og:image:width\" content=\"274\" \/>\n\t<meta property=\"og:image:height\" content=\"304\" \/>\n\t<meta property=\"og:image:type\" content=\"image\/jpeg\" \/>\n<meta name=\"author\" content=\"Leonardo Francisco\" \/>\n<meta name=\"twitter:card\" content=\"summary_large_image\" \/>\n<meta name=\"twitter:label1\" content=\"Escrito por\" \/>\n\t<meta name=\"twitter:data1\" content=\"Leonardo Francisco\" \/>\n\t<meta name=\"twitter:label2\" content=\"Est. tempo de leitura\" \/>\n\t<meta name=\"twitter:data2\" content=\"2 minutos\" \/>\n<script type=\"application\/ld+json\" class=\"yoast-schema-graph\">{\"@context\":\"https:\\\/\\\/schema.org\",\"@graph\":[{\"@type\":\"Article\",\"@id\":\"https:\\\/\\\/redenoticiaz.com.br\\\/litoralsp\\\/2023\\\/02\\\/17\\\/crianca-de-cinco-anos-com-autismo-escapa-de-atropelamento-ao-deixar-escola-em-santos#article\",\"isPartOf\":{\"@id\":\"https:\\\/\\\/redenoticiaz.com.br\\\/litoralsp\\\/2023\\\/02\\\/17\\\/crianca-de-cinco-anos-com-autismo-escapa-de-atropelamento-ao-deixar-escola-em-santos\"},\"author\":{\"name\":\"Leonardo Francisco\",\"@id\":\"https:\\\/\\\/redenoticiaz.com.br\\\/litoralsp\\\/#\\\/schema\\\/person\\\/0f0b8a5bdafefe82841e07ae8d81ecb3\"},\"headline\":\"Crian\u00e7a de cinco anos com autismo escapa de atropelamento ao deixar escola em Santos\",\"datePublished\":\"2023-02-17T11:04:50+00:00\",\"mainEntityOfPage\":{\"@id\":\"https:\\\/\\\/redenoticiaz.com.br\\\/litoralsp\\\/2023\\\/02\\\/17\\\/crianca-de-cinco-anos-com-autismo-escapa-de-atropelamento-ao-deixar-escola-em-santos\"},\"wordCount\":404,\"commentCount\":0,\"publisher\":{\"@id\":\"https:\\\/\\\/redenoticiaz.com.br\\\/litoralsp\\\/#organization\"},\"image\":{\"@id\":\"https:\\\/\\\/redenoticiaz.com.br\\\/litoralsp\\\/2023\\\/02\\\/17\\\/crianca-de-cinco-anos-com-autismo-escapa-de-atropelamento-ao-deixar-escola-em-santos#primaryimage\"},\"thumbnailUrl\":\"https:\\\/\\\/redenoticiaz.com.br\\\/litoralsp\\\/wp-content\\\/uploads\\\/sites\\\/3\\\/2023\\\/02\\\/UNIDADE-DE-ENSINO-STS.jpg\",\"keywords\":[\"7\u00ba DISTRITO POLICIAL\",\"MENINA COM AUTISMO\",\"RISCO DE ATROPELAMENTO\",\"Santos\",\"UNIDADE MUNICIPAL DE ENSINO\"],\"articleSection\":[\"Educa\u00e7\u00e3o\",\"Pol\u00edcia\",\"Santos\"],\"inLanguage\":\"pt-BR\",\"potentialAction\":[{\"@type\":\"CommentAction\",\"name\":\"Comment\",\"target\":[\"https:\\\/\\\/redenoticiaz.com.br\\\/litoralsp\\\/2023\\\/02\\\/17\\\/crianca-de-cinco-anos-com-autismo-escapa-de-atropelamento-ao-deixar-escola-em-santos#respond\"]}]},{\"@type\":\"WebPage\",\"@id\":\"https:\\\/\\\/redenoticiaz.com.br\\\/litoralsp\\\/2023\\\/02\\\/17\\\/crianca-de-cinco-anos-com-autismo-escapa-de-atropelamento-ao-deixar-escola-em-santos\",\"url\":\"https:\\\/\\\/redenoticiaz.com.br\\\/litoralsp\\\/2023\\\/02\\\/17\\\/crianca-de-cinco-anos-com-autismo-escapa-de-atropelamento-ao-deixar-escola-em-santos\",\"name\":\"Crian\u00e7a de cinco anos com autismo escapa de atropelamento ao deixar escola em Santos - Litoral SP\",\"isPartOf\":{\"@id\":\"https:\\\/\\\/redenoticiaz.com.br\\\/litoralsp\\\/#website\"},\"primaryImageOfPage\":{\"@id\":\"https:\\\/\\\/redenoticiaz.com.br\\\/litoralsp\\\/2023\\\/02\\\/17\\\/crianca-de-cinco-anos-com-autismo-escapa-de-atropelamento-ao-deixar-escola-em-santos#primaryimage\"},\"image\":{\"@id\":\"https:\\\/\\\/redenoticiaz.com.br\\\/litoralsp\\\/2023\\\/02\\\/17\\\/crianca-de-cinco-anos-com-autismo-escapa-de-atropelamento-ao-deixar-escola-em-santos#primaryimage\"},\"thumbnailUrl\":\"https:\\\/\\\/redenoticiaz.com.br\\\/litoralsp\\\/wp-content\\\/uploads\\\/sites\\\/3\\\/2023\\\/02\\\/UNIDADE-DE-ENSINO-STS.jpg\",\"datePublished\":\"2023-02-17T11:04:50+00:00\",\"description\":\"Susto para uma aut\u00f4noma de 25 anos em uma escola de Santos. Por muito pouco a filha de cinco anos, que tem autismo e apraxia\",\"inLanguage\":\"pt-BR\",\"potentialAction\":[{\"@type\":\"ReadAction\",\"target\":[\"https:\\\/\\\/redenoticiaz.com.br\\\/litoralsp\\\/2023\\\/02\\\/17\\\/crianca-de-cinco-anos-com-autismo-escapa-de-atropelamento-ao-deixar-escola-em-santos\"]}]},{\"@type\":\"ImageObject\",\"inLanguage\":\"pt-BR\",\"@id\":\"https:\\\/\\\/redenoticiaz.com.br\\\/litoralsp\\\/2023\\\/02\\\/17\\\/crianca-de-cinco-anos-com-autismo-escapa-de-atropelamento-ao-deixar-escola-em-santos#primaryimage\",\"url\":\"https:\\\/\\\/redenoticiaz.com.br\\\/litoralsp\\\/wp-content\\\/uploads\\\/sites\\\/3\\\/2023\\\/02\\\/UNIDADE-DE-ENSINO-STS.jpg\",\"contentUrl\":\"https:\\\/\\\/redenoticiaz.com.br\\\/litoralsp\\\/wp-content\\\/uploads\\\/sites\\\/3\\\/2023\\\/02\\\/UNIDADE-DE-ENSINO-STS.jpg\",\"width\":274,\"height\":304,\"caption\":\"Cr\u00e9ditos: Reprodu\u00e7\u00e3o\"},{\"@type\":\"WebSite\",\"@id\":\"https:\\\/\\\/redenoticiaz.com.br\\\/litoralsp\\\/#website\",\"url\":\"https:\\\/\\\/redenoticiaz.com.br\\\/litoralsp\\\/\",\"name\":\"Litoral SP\",\"description\":\"Rede NoticiaZ\",\"publisher\":{\"@id\":\"https:\\\/\\\/redenoticiaz.com.br\\\/litoralsp\\\/#organization\"},\"potentialAction\":[{\"@type\":\"SearchAction\",\"target\":{\"@type\":\"EntryPoint\",\"urlTemplate\":\"https:\\\/\\\/redenoticiaz.com.br\\\/litoralsp\\\/?s={search_term_string}\"},\"query-input\":{\"@type\":\"PropertyValueSpecification\",\"valueRequired\":true,\"valueName\":\"search_term_string\"}}],\"inLanguage\":\"pt-BR\"},{\"@type\":\"Organization\",\"@id\":\"https:\\\/\\\/redenoticiaz.com.br\\\/litoralsp\\\/#organization\",\"name\":\"Litoral SP\",\"url\":\"https:\\\/\\\/redenoticiaz.com.br\\\/litoralsp\\\/\",\"logo\":{\"@type\":\"ImageObject\",\"inLanguage\":\"pt-BR\",\"@id\":\"https:\\\/\\\/redenoticiaz.com.br\\\/litoralsp\\\/#\\\/schema\\\/logo\\\/image\\\/\",\"url\":\"https:\\\/\\\/redenoticiaz.com.br\\\/litoralsp\\\/wp-content\\\/uploads\\\/sites\\\/3\\\/2020\\\/11\\\/logo.jpg\",\"contentUrl\":\"https:\\\/\\\/redenoticiaz.com.br\\\/litoralsp\\\/wp-content\\\/uploads\\\/sites\\\/3\\\/2020\\\/11\\\/logo.jpg\",\"width\":400,\"height\":250,\"caption\":\"Litoral SP\"},\"image\":{\"@id\":\"https:\\\/\\\/redenoticiaz.com.br\\\/litoralsp\\\/#\\\/schema\\\/logo\\\/image\\\/\"}},{\"@type\":\"Person\",\"@id\":\"https:\\\/\\\/redenoticiaz.com.br\\\/litoralsp\\\/#\\\/schema\\\/person\\\/0f0b8a5bdafefe82841e07ae8d81ecb3\",\"name\":\"Leonardo Francisco\",\"image\":{\"@type\":\"ImageObject\",\"inLanguage\":\"pt-BR\",\"@id\":\"https:\\\/\\\/secure.gravatar.com\\\/avatar\\\/a7358cb406a99b682ec6df1e77e31ae82e63601f6784e8a3df411d72b37864da?s=96&d=mm&r=g\",\"url\":\"https:\\\/\\\/secure.gravatar.com\\\/avatar\\\/a7358cb406a99b682ec6df1e77e31ae82e63601f6784e8a3df411d72b37864da?s=96&d=mm&r=g\",\"contentUrl\":\"https:\\\/\\\/secure.gravatar.com\\\/avatar\\\/a7358cb406a99b682ec6df1e77e31ae82e63601f6784e8a3df411d72b37864da?s=96&d=mm&r=g\",\"caption\":\"Leonardo Francisco\"},\"url\":\"https:\\\/\\\/redenoticiaz.com.br\\\/litoralsp\\\/author\\\/leonardo-francisco\"}]}<\/script>\n<!-- \/ Yoast SEO plugin. -->","yoast_head_json":{"title":"Crian\u00e7a de cinco anos com autismo escapa de atropelamento ao deixar escola em Santos - Litoral SP","description":"Susto para uma aut\u00f4noma de 25 anos em uma escola de Santos. Por muito pouco a filha de cinco anos, que tem autismo e apraxia","robots":{"index":"index","follow":"follow","max-snippet":"max-snippet:-1","max-image-preview":"max-image-preview:large","max-video-preview":"max-video-preview:-1"},"canonical":"https:\/\/redenoticiaz.com.br\/litoralsp\/2023\/02\/17\/crianca-de-cinco-anos-com-autismo-escapa-de-atropelamento-ao-deixar-escola-em-santos","og_locale":"pt_BR","og_type":"article","og_title":"Crian\u00e7a de cinco anos com autismo escapa de atropelamento ao deixar escola em Santos - Litoral SP","og_description":"Susto para uma aut\u00f4noma de 25 anos em uma escola de Santos. Por muito pouco a filha de cinco anos, que tem autismo e apraxia","og_url":"https:\/\/redenoticiaz.com.br\/litoralsp\/2023\/02\/17\/crianca-de-cinco-anos-com-autismo-escapa-de-atropelamento-ao-deixar-escola-em-santos","og_site_name":"Litoral SP","article_published_time":"2023-02-17T11:04:50+00:00","og_image":[{"width":274,"height":304,"url":"https:\/\/redenoticiaz.com.br\/litoralsp\/wp-content\/uploads\/sites\/3\/2023\/02\/UNIDADE-DE-ENSINO-STS.jpg","type":"image\/jpeg"}],"author":"Leonardo Francisco","twitter_card":"summary_large_image","twitter_misc":{"Escrito por":"Leonardo Francisco","Est. tempo de leitura":"2 minutos"},"schema":{"@context":"https:\/\/schema.org","@graph":[{"@type":"Article","@id":"https:\/\/redenoticiaz.com.br\/litoralsp\/2023\/02\/17\/crianca-de-cinco-anos-com-autismo-escapa-de-atropelamento-ao-deixar-escola-em-santos#article","isPartOf":{"@id":"https:\/\/redenoticiaz.com.br\/litoralsp\/2023\/02\/17\/crianca-de-cinco-anos-com-autismo-escapa-de-atropelamento-ao-deixar-escola-em-santos"},"author":{"name":"Leonardo Francisco","@id":"https:\/\/redenoticiaz.com.br\/litoralsp\/#\/schema\/person\/0f0b8a5bdafefe82841e07ae8d81ecb3"},"headline":"Crian\u00e7a de cinco anos com autismo escapa de atropelamento ao deixar escola em Santos","datePublished":"2023-02-17T11:04:50+00:00","mainEntityOfPage":{"@id":"https:\/\/redenoticiaz.com.br\/litoralsp\/2023\/02\/17\/crianca-de-cinco-anos-com-autismo-escapa-de-atropelamento-ao-deixar-escola-em-santos"},"wordCount":404,"commentCount":0,"publisher":{"@id":"https:\/\/redenoticiaz.com.br\/litoralsp\/#organization"},"image":{"@id":"https:\/\/redenoticiaz.com.br\/litoralsp\/2023\/02\/17\/crianca-de-cinco-anos-com-autismo-escapa-de-atropelamento-ao-deixar-escola-em-santos#primaryimage"},"thumbnailUrl":"https:\/\/redenoticiaz.com.br\/litoralsp\/wp-content\/uploads\/sites\/3\/2023\/02\/UNIDADE-DE-ENSINO-STS.jpg","keywords":["7\u00ba DISTRITO POLICIAL","MENINA COM AUTISMO","RISCO DE ATROPELAMENTO","Santos","UNIDADE MUNICIPAL DE ENSINO"],"articleSection":["Educa\u00e7\u00e3o","Pol\u00edcia","Santos"],"inLanguage":"pt-BR","potentialAction":[{"@type":"CommentAction","name":"Comment","target":["https:\/\/redenoticiaz.com.br\/litoralsp\/2023\/02\/17\/crianca-de-cinco-anos-com-autismo-escapa-de-atropelamento-ao-deixar-escola-em-santos#respond"]}]},{"@type":"WebPage","@id":"https:\/\/redenoticiaz.com.br\/litoralsp\/2023\/02\/17\/crianca-de-cinco-anos-com-autismo-escapa-de-atropelamento-ao-deixar-escola-em-santos","url":"https:\/\/redenoticiaz.com.br\/litoralsp\/2023\/02\/17\/crianca-de-cinco-anos-com-autismo-escapa-de-atropelamento-ao-deixar-escola-em-santos","name":"Crian\u00e7a de cinco anos com autismo escapa de atropelamento ao deixar escola em Santos - Litoral SP","isPartOf":{"@id":"https:\/\/redenoticiaz.com.br\/litoralsp\/#website"},"primaryImageOfPage":{"@id":"https:\/\/redenoticiaz.com.br\/litoralsp\/2023\/02\/17\/crianca-de-cinco-anos-com-autismo-escapa-de-atropelamento-ao-deixar-escola-em-santos#primaryimage"},"image":{"@id":"https:\/\/redenoticiaz.com.br\/litoralsp\/2023\/02\/17\/crianca-de-cinco-anos-com-autismo-escapa-de-atropelamento-ao-deixar-escola-em-santos#primaryimage"},"thumbnailUrl":"https:\/\/redenoticiaz.com.br\/litoralsp\/wp-content\/uploads\/sites\/3\/2023\/02\/UNIDADE-DE-ENSINO-STS.jpg","datePublished":"2023-02-17T11:04:50+00:00","description":"Susto para uma aut\u00f4noma de 25 anos em uma escola de Santos. Por muito pouco a filha de cinco anos, que tem autismo e apraxia","inLanguage":"pt-BR","potentialAction":[{"@type":"ReadAction","target":["https:\/\/redenoticiaz.com.br\/litoralsp\/2023\/02\/17\/crianca-de-cinco-anos-com-autismo-escapa-de-atropelamento-ao-deixar-escola-em-santos"]}]},{"@type":"ImageObject","inLanguage":"pt-BR","@id":"https:\/\/redenoticiaz.com.br\/litoralsp\/2023\/02\/17\/crianca-de-cinco-anos-com-autismo-escapa-de-atropelamento-ao-deixar-escola-em-santos#primaryimage","url":"https:\/\/redenoticiaz.com.br\/litoralsp\/wp-content\/uploads\/sites\/3\/2023\/02\/UNIDADE-DE-ENSINO-STS.jpg","contentUrl":"https:\/\/redenoticiaz.com.br\/litoralsp\/wp-content\/uploads\/sites\/3\/2023\/02\/UNIDADE-DE-ENSINO-STS.jpg","width":274,"height":304,"caption":"Cr\u00e9ditos: Reprodu\u00e7\u00e3o"},{"@type":"WebSite","@id":"https:\/\/redenoticiaz.com.br\/litoralsp\/#website","url":"https:\/\/redenoticiaz.com.br\/litoralsp\/","name":"Litoral SP","description":"Rede NoticiaZ","publisher":{"@id":"https:\/\/redenoticiaz.com.br\/litoralsp\/#organization"},"potentialAction":[{"@type":"SearchAction","target":{"@type":"EntryPoint","urlTemplate":"https:\/\/redenoticiaz.com.br\/litoralsp\/?s={search_term_string}"},"query-input":{"@type":"PropertyValueSpecification","valueRequired":true,"valueName":"search_term_string"}}],"inLanguage":"pt-BR"},{"@type":"Organization","@id":"https:\/\/redenoticiaz.com.br\/litoralsp\/#organization","name":"Litoral SP","url":"https:\/\/redenoticiaz.com.br\/litoralsp\/","logo":{"@type":"ImageObject","inLanguage":"pt-BR","@id":"https:\/\/redenoticiaz.com.br\/litoralsp\/#\/schema\/logo\/image\/","url":"https:\/\/redenoticiaz.com.br\/litoralsp\/wp-content\/uploads\/sites\/3\/2020\/11\/logo.jpg","contentUrl":"https:\/\/redenoticiaz.com.br\/litoralsp\/wp-content\/uploads\/sites\/3\/2020\/11\/logo.jpg","width":400,"height":250,"caption":"Litoral SP"},"image":{"@id":"https:\/\/redenoticiaz.com.br\/litoralsp\/#\/schema\/logo\/image\/"}},{"@type":"Person","@id":"https:\/\/redenoticiaz.com.br\/litoralsp\/#\/schema\/person\/0f0b8a5bdafefe82841e07ae8d81ecb3","name":"Leonardo Francisco","image":{"@type":"ImageObject","inLanguage":"pt-BR","@id":"https:\/\/secure.gravatar.com\/avatar\/a7358cb406a99b682ec6df1e77e31ae82e63601f6784e8a3df411d72b37864da?s=96&d=mm&r=g","url":"https:\/\/secure.gravatar.com\/avatar\/a7358cb406a99b682ec6df1e77e31ae82e63601f6784e8a3df411d72b37864da?s=96&d=mm&r=g","contentUrl":"https:\/\/secure.gravatar.com\/avatar\/a7358cb406a99b682ec6df1e77e31ae82e63601f6784e8a3df411d72b37864da?s=96&d=mm&r=g","caption":"Leonardo Francisco"},"url":"https:\/\/redenoticiaz.com.br\/litoralsp\/author\/leonardo-francisco"}]}},"_links":{"self":[{"href":"https:\/\/redenoticiaz.com.br\/litoralsp\/wp-json\/wp\/v2\/posts\/100939","targetHints":{"allow":["GET"]}}],"collection":[{"href":"https:\/\/redenoticiaz.com.br\/litoralsp\/wp-json\/wp\/v2\/posts"}],"about":[{"href":"https:\/\/redenoticiaz.com.br\/litoralsp\/wp-json\/wp\/v2\/types\/post"}],"author":[{"embeddable":true,"href":"https:\/\/redenoticiaz.com.br\/litoralsp\/wp-json\/wp\/v2\/users\/6"}],"replies":[{"embeddable":true,"href":"https:\/\/redenoticiaz.com.br\/litoralsp\/wp-json\/wp\/v2\/comments?post=100939"}],"version-history":[{"count":1,"href":"https:\/\/redenoticiaz.com.br\/litoralsp\/wp-json\/wp\/v2\/posts\/100939\/revisions"}],"predecessor-version":[{"id":100941,"href":"https:\/\/redenoticiaz.com.br\/litoralsp\/wp-json\/wp\/v2\/posts\/100939\/revisions\/100941"}],"wp:featuredmedia":[{"embeddable":true,"href":"https:\/\/redenoticiaz.com.br\/litoralsp\/wp-json\/wp\/v2\/media\/100940"}],"wp:attachment":[{"href":"https:\/\/redenoticiaz.com.br\/litoralsp\/wp-json\/wp\/v2\/media?parent=100939"}],"wp:term":[{"taxonomy":"category","embeddable":true,"href":"https:\/\/redenoticiaz.com.br\/litoralsp\/wp-json\/wp\/v2\/categories?post=100939"},{"taxonomy":"post_tag","embeddable":true,"href":"https:\/\/redenoticiaz.com.br\/litoralsp\/wp-json\/wp\/v2\/tags?post=100939"}],"curies":[{"name":"wp","href":"https:\/\/api.w.org\/{rel}","templated":true}]}}