{"id":100942,"date":"2023-02-17T08:21:38","date_gmt":"2023-02-17T11:21:38","guid":{"rendered":"https:\/\/redenoticiaz.com.br\/litoralsp\/?p=100942"},"modified":"2023-02-17T08:21:38","modified_gmt":"2023-02-17T11:21:38","slug":"homem-mata-a-facadas-a-propria-companheira-e-pula-de-sacada-em-santos","status":"publish","type":"post","link":"https:\/\/redenoticiaz.com.br\/litoralsp\/2023\/02\/17\/homem-mata-a-facadas-a-propria-companheira-e-pula-de-sacada-em-santos","title":{"rendered":"Homem mata a facadas a pr\u00f3pria companheira e pula de sacada em Santos"},"content":{"rendered":"<p>Moradores de um conjunto habitacional no Morro Nova Cintra, em Santos, presenciaram uma <strong>trag\u00e9dia familiar<\/strong>. Um homem de 45 anos matou a pr\u00f3pria companheira a facadas, de 43 ap\u00f3s briga do casal, nessa quinta-feira (16). Em seguida, ele pulou da sacada onde moravam e cometeu suic\u00eddio.<\/p>\n<p>Segundo o boletim de ocorr\u00eancia, o agressor deu facadas na v\u00edtima ap\u00f3s o desentendimento e na sequ\u00eancia pulou do quarto andar. A Pol\u00edcia Civil continua apurando o que motivou a briga e as mortes. Era por volta das 8h30, quando o crime ocorreu no Conjunto Santos R, na Avenida Brasil. A Pol\u00edcia Cient\u00edfica isolou a \u00e1rea para per\u00edcia.<\/p>\n<p>Diversas marcas de sangue foram vistas pelos policiais e pela equipe do Servi\u00e7o de Atendimento M\u00f3vel de Urg\u00eancia (SAMU). Tr\u00eas facas e um garfo de duas pontas teriam sido usadas nas agress\u00f5es. Al\u00e9m disso, um isqueiro e uma caixa de cigarros foram achados na sacada.<\/p>\n<p>O caso foi registrado na Delegacia da Defesa da Mulher (DDM) de Santos como feminic\u00eddio e suic\u00eddio.<\/p>\n<p><strong>LEIA TAMB\u00c9M<\/strong><\/p>\n<p><a href=\"https:\/\/redenoticiaz.com.br\/litoralsp\/2023\/02\/16\/homem-e-preso-durante-velorio-do-filho-em-sao-vicente\">Homem \u00e9 preso durante vel\u00f3rio do filho em S\u00e3o Vicente<\/a><\/p>\n","protected":false},"excerpt":{"rendered":"<p>Moradores de um conjunto habitacional no Morro Nova Cintra, em Santos, presenciaram uma trag\u00e9dia familiar. Um homem de 45 anos matou a pr\u00f3pria companheira a facadas, de 43 ap\u00f3s briga do casal, nessa quinta-feira (16). Em seguida, ele pulou da sacada onde moravam e cometeu suic\u00eddio. Segundo o boletim de ocorr\u00eancia, o agressor deu facadas &hellip;<\/p>\n","protected":false},"author":6,"featured_media":100943,"comment_status":"open","ping_status":"closed","sticky":false,"template":"","format":"standard","meta":{"footnotes":""},"categories":[10,180],"tags":[5702,28204,9354,4773,986,63436,18451],"class_list":["post-100942","post","type-post","status-publish","format-standard","has-post-thumbnail","hentry","category-policia","category-santos","tag-delegacia-de-defesa-da-mulher","tag-feminicidio","tag-morro-nova-cintra","tag-policia-civil-2","tag-santos","tag-santos-r","tag-suicidio"],"yoast_head":"<!-- This site is optimized with the Yoast SEO plugin v27.5 - https:\/\/yoast.com\/product\/yoast-seo-wordpress\/ -->\n<title>Homem mata a facadas a pr\u00f3pria companheira e pula de sacada em Santos - Litoral SP<\/title>\n<meta name=\"description\" content=\"Um homem de 45 anos matou a pr\u00f3pria companheira a facadas, de 43 ap\u00f3s briga do casal, nessa quinta-feira (16). Em seguida, ele pulou\" \/>\n<meta name=\"robots\" content=\"index, follow, max-snippet:-1, max-image-preview:large, max-video-preview:-1\" \/>\n<link rel=\"canonical\" href=\"https:\/\/redenoticiaz.com.br\/litoralsp\/2023\/02\/17\/homem-mata-a-facadas-a-propria-companheira-e-pula-de-sacada-em-santos\" \/>\n<meta property=\"og:locale\" content=\"pt_BR\" \/>\n<meta property=\"og:type\" content=\"article\" \/>\n<meta property=\"og:title\" content=\"Homem mata a facadas a pr\u00f3pria companheira e pula de sacada em Santos - Litoral SP\" \/>\n<meta property=\"og:description\" content=\"Um homem de 45 anos matou a pr\u00f3pria companheira a facadas, de 43 ap\u00f3s briga do casal, nessa quinta-feira (16). Em seguida, ele pulou\" \/>\n<meta property=\"og:url\" content=\"https:\/\/redenoticiaz.com.br\/litoralsp\/2023\/02\/17\/homem-mata-a-facadas-a-propria-companheira-e-pula-de-sacada-em-santos\" \/>\n<meta property=\"og:site_name\" content=\"Litoral SP\" \/>\n<meta property=\"article:published_time\" content=\"2023-02-17T11:21:38+00:00\" \/>\n<meta property=\"og:image\" content=\"https:\/\/redenoticiaz.com.br\/litoralsp\/wp-content\/uploads\/sites\/3\/2023\/02\/BRIGA-CASAL.jpg\" \/>\n\t<meta property=\"og:image:width\" content=\"396\" \/>\n\t<meta property=\"og:image:height\" content=\"304\" \/>\n\t<meta property=\"og:image:type\" content=\"image\/jpeg\" \/>\n<meta name=\"author\" content=\"Leonardo Francisco\" \/>\n<meta name=\"twitter:card\" content=\"summary_large_image\" \/>\n<meta name=\"twitter:label1\" content=\"Escrito por\" \/>\n\t<meta name=\"twitter:data1\" content=\"Leonardo Francisco\" \/>\n\t<meta name=\"twitter:label2\" content=\"Est. tempo de leitura\" \/>\n\t<meta name=\"twitter:data2\" content=\"1 minuto\" \/>\n<script type=\"application\/ld+json\" class=\"yoast-schema-graph\">{\"@context\":\"https:\\\/\\\/schema.org\",\"@graph\":[{\"@type\":\"Article\",\"@id\":\"https:\\\/\\\/redenoticiaz.com.br\\\/litoralsp\\\/2023\\\/02\\\/17\\\/homem-mata-a-facadas-a-propria-companheira-e-pula-de-sacada-em-santos#article\",\"isPartOf\":{\"@id\":\"https:\\\/\\\/redenoticiaz.com.br\\\/litoralsp\\\/2023\\\/02\\\/17\\\/homem-mata-a-facadas-a-propria-companheira-e-pula-de-sacada-em-santos\"},\"author\":{\"name\":\"Leonardo Francisco\",\"@id\":\"https:\\\/\\\/redenoticiaz.com.br\\\/litoralsp\\\/#\\\/schema\\\/person\\\/0f0b8a5bdafefe82841e07ae8d81ecb3\"},\"headline\":\"Homem mata a facadas a pr\u00f3pria companheira e pula de sacada em Santos\",\"datePublished\":\"2023-02-17T11:21:38+00:00\",\"mainEntityOfPage\":{\"@id\":\"https:\\\/\\\/redenoticiaz.com.br\\\/litoralsp\\\/2023\\\/02\\\/17\\\/homem-mata-a-facadas-a-propria-companheira-e-pula-de-sacada-em-santos\"},\"wordCount\":211,\"commentCount\":0,\"publisher\":{\"@id\":\"https:\\\/\\\/redenoticiaz.com.br\\\/litoralsp\\\/#organization\"},\"image\":{\"@id\":\"https:\\\/\\\/redenoticiaz.com.br\\\/litoralsp\\\/2023\\\/02\\\/17\\\/homem-mata-a-facadas-a-propria-companheira-e-pula-de-sacada-em-santos#primaryimage\"},\"thumbnailUrl\":\"https:\\\/\\\/redenoticiaz.com.br\\\/litoralsp\\\/wp-content\\\/uploads\\\/sites\\\/3\\\/2023\\\/02\\\/BRIGA-CASAL.jpg\",\"keywords\":[\"DELEGACIA DE DEFESA DA MULHER\",\"FEMINIC\u00cdDIO\",\"MORRO NOVA CINTRA\",\"POL\u00cdCIA CIVIL\",\"Santos\",\"SANTOS R\",\"SUIC\u00cdDIO\"],\"articleSection\":[\"Pol\u00edcia\",\"Santos\"],\"inLanguage\":\"pt-BR\",\"potentialAction\":[{\"@type\":\"CommentAction\",\"name\":\"Comment\",\"target\":[\"https:\\\/\\\/redenoticiaz.com.br\\\/litoralsp\\\/2023\\\/02\\\/17\\\/homem-mata-a-facadas-a-propria-companheira-e-pula-de-sacada-em-santos#respond\"]}]},{\"@type\":\"WebPage\",\"@id\":\"https:\\\/\\\/redenoticiaz.com.br\\\/litoralsp\\\/2023\\\/02\\\/17\\\/homem-mata-a-facadas-a-propria-companheira-e-pula-de-sacada-em-santos\",\"url\":\"https:\\\/\\\/redenoticiaz.com.br\\\/litoralsp\\\/2023\\\/02\\\/17\\\/homem-mata-a-facadas-a-propria-companheira-e-pula-de-sacada-em-santos\",\"name\":\"Homem mata a facadas a pr\u00f3pria companheira e pula de sacada em Santos - Litoral SP\",\"isPartOf\":{\"@id\":\"https:\\\/\\\/redenoticiaz.com.br\\\/litoralsp\\\/#website\"},\"primaryImageOfPage\":{\"@id\":\"https:\\\/\\\/redenoticiaz.com.br\\\/litoralsp\\\/2023\\\/02\\\/17\\\/homem-mata-a-facadas-a-propria-companheira-e-pula-de-sacada-em-santos#primaryimage\"},\"image\":{\"@id\":\"https:\\\/\\\/redenoticiaz.com.br\\\/litoralsp\\\/2023\\\/02\\\/17\\\/homem-mata-a-facadas-a-propria-companheira-e-pula-de-sacada-em-santos#primaryimage\"},\"thumbnailUrl\":\"https:\\\/\\\/redenoticiaz.com.br\\\/litoralsp\\\/wp-content\\\/uploads\\\/sites\\\/3\\\/2023\\\/02\\\/BRIGA-CASAL.jpg\",\"datePublished\":\"2023-02-17T11:21:38+00:00\",\"description\":\"Um homem de 45 anos matou a pr\u00f3pria companheira a facadas, de 43 ap\u00f3s briga do casal, nessa quinta-feira (16). Em seguida, ele pulou\",\"inLanguage\":\"pt-BR\",\"potentialAction\":[{\"@type\":\"ReadAction\",\"target\":[\"https:\\\/\\\/redenoticiaz.com.br\\\/litoralsp\\\/2023\\\/02\\\/17\\\/homem-mata-a-facadas-a-propria-companheira-e-pula-de-sacada-em-santos\"]}]},{\"@type\":\"ImageObject\",\"inLanguage\":\"pt-BR\",\"@id\":\"https:\\\/\\\/redenoticiaz.com.br\\\/litoralsp\\\/2023\\\/02\\\/17\\\/homem-mata-a-facadas-a-propria-companheira-e-pula-de-sacada-em-santos#primaryimage\",\"url\":\"https:\\\/\\\/redenoticiaz.com.br\\\/litoralsp\\\/wp-content\\\/uploads\\\/sites\\\/3\\\/2023\\\/02\\\/BRIGA-CASAL.jpg\",\"contentUrl\":\"https:\\\/\\\/redenoticiaz.com.br\\\/litoralsp\\\/wp-content\\\/uploads\\\/sites\\\/3\\\/2023\\\/02\\\/BRIGA-CASAL.jpg\",\"width\":396,\"height\":304,\"caption\":\"Cr\u00e9ditos: Reprodu\u00e7\u00e3o\\\/Arquivo Pessoal\"},{\"@type\":\"WebSite\",\"@id\":\"https:\\\/\\\/redenoticiaz.com.br\\\/litoralsp\\\/#website\",\"url\":\"https:\\\/\\\/redenoticiaz.com.br\\\/litoralsp\\\/\",\"name\":\"Litoral SP\",\"description\":\"Rede NoticiaZ\",\"publisher\":{\"@id\":\"https:\\\/\\\/redenoticiaz.com.br\\\/litoralsp\\\/#organization\"},\"potentialAction\":[{\"@type\":\"SearchAction\",\"target\":{\"@type\":\"EntryPoint\",\"urlTemplate\":\"https:\\\/\\\/redenoticiaz.com.br\\\/litoralsp\\\/?s={search_term_string}\"},\"query-input\":{\"@type\":\"PropertyValueSpecification\",\"valueRequired\":true,\"valueName\":\"search_term_string\"}}],\"inLanguage\":\"pt-BR\"},{\"@type\":\"Organization\",\"@id\":\"https:\\\/\\\/redenoticiaz.com.br\\\/litoralsp\\\/#organization\",\"name\":\"Litoral SP\",\"url\":\"https:\\\/\\\/redenoticiaz.com.br\\\/litoralsp\\\/\",\"logo\":{\"@type\":\"ImageObject\",\"inLanguage\":\"pt-BR\",\"@id\":\"https:\\\/\\\/redenoticiaz.com.br\\\/litoralsp\\\/#\\\/schema\\\/logo\\\/image\\\/\",\"url\":\"https:\\\/\\\/redenoticiaz.com.br\\\/litoralsp\\\/wp-content\\\/uploads\\\/sites\\\/3\\\/2020\\\/11\\\/logo.jpg\",\"contentUrl\":\"https:\\\/\\\/redenoticiaz.com.br\\\/litoralsp\\\/wp-content\\\/uploads\\\/sites\\\/3\\\/2020\\\/11\\\/logo.jpg\",\"width\":400,\"height\":250,\"caption\":\"Litoral SP\"},\"image\":{\"@id\":\"https:\\\/\\\/redenoticiaz.com.br\\\/litoralsp\\\/#\\\/schema\\\/logo\\\/image\\\/\"}},{\"@type\":\"Person\",\"@id\":\"https:\\\/\\\/redenoticiaz.com.br\\\/litoralsp\\\/#\\\/schema\\\/person\\\/0f0b8a5bdafefe82841e07ae8d81ecb3\",\"name\":\"Leonardo Francisco\",\"image\":{\"@type\":\"ImageObject\",\"inLanguage\":\"pt-BR\",\"@id\":\"https:\\\/\\\/secure.gravatar.com\\\/avatar\\\/a7358cb406a99b682ec6df1e77e31ae82e63601f6784e8a3df411d72b37864da?s=96&d=mm&r=g\",\"url\":\"https:\\\/\\\/secure.gravatar.com\\\/avatar\\\/a7358cb406a99b682ec6df1e77e31ae82e63601f6784e8a3df411d72b37864da?s=96&d=mm&r=g\",\"contentUrl\":\"https:\\\/\\\/secure.gravatar.com\\\/avatar\\\/a7358cb406a99b682ec6df1e77e31ae82e63601f6784e8a3df411d72b37864da?s=96&d=mm&r=g\",\"caption\":\"Leonardo Francisco\"},\"url\":\"https:\\\/\\\/redenoticiaz.com.br\\\/litoralsp\\\/author\\\/leonardo-francisco\"}]}<\/script>\n<!-- \/ Yoast SEO plugin. -->","yoast_head_json":{"title":"Homem mata a facadas a pr\u00f3pria companheira e pula de sacada em Santos - Litoral SP","description":"Um homem de 45 anos matou a pr\u00f3pria companheira a facadas, de 43 ap\u00f3s briga do casal, nessa quinta-feira (16). Em seguida, ele pulou","robots":{"index":"index","follow":"follow","max-snippet":"max-snippet:-1","max-image-preview":"max-image-preview:large","max-video-preview":"max-video-preview:-1"},"canonical":"https:\/\/redenoticiaz.com.br\/litoralsp\/2023\/02\/17\/homem-mata-a-facadas-a-propria-companheira-e-pula-de-sacada-em-santos","og_locale":"pt_BR","og_type":"article","og_title":"Homem mata a facadas a pr\u00f3pria companheira e pula de sacada em Santos - Litoral SP","og_description":"Um homem de 45 anos matou a pr\u00f3pria companheira a facadas, de 43 ap\u00f3s briga do casal, nessa quinta-feira (16). Em seguida, ele pulou","og_url":"https:\/\/redenoticiaz.com.br\/litoralsp\/2023\/02\/17\/homem-mata-a-facadas-a-propria-companheira-e-pula-de-sacada-em-santos","og_site_name":"Litoral SP","article_published_time":"2023-02-17T11:21:38+00:00","og_image":[{"width":396,"height":304,"url":"https:\/\/redenoticiaz.com.br\/litoralsp\/wp-content\/uploads\/sites\/3\/2023\/02\/BRIGA-CASAL.jpg","type":"image\/jpeg"}],"author":"Leonardo Francisco","twitter_card":"summary_large_image","twitter_misc":{"Escrito por":"Leonardo Francisco","Est. tempo de leitura":"1 minuto"},"schema":{"@context":"https:\/\/schema.org","@graph":[{"@type":"Article","@id":"https:\/\/redenoticiaz.com.br\/litoralsp\/2023\/02\/17\/homem-mata-a-facadas-a-propria-companheira-e-pula-de-sacada-em-santos#article","isPartOf":{"@id":"https:\/\/redenoticiaz.com.br\/litoralsp\/2023\/02\/17\/homem-mata-a-facadas-a-propria-companheira-e-pula-de-sacada-em-santos"},"author":{"name":"Leonardo Francisco","@id":"https:\/\/redenoticiaz.com.br\/litoralsp\/#\/schema\/person\/0f0b8a5bdafefe82841e07ae8d81ecb3"},"headline":"Homem mata a facadas a pr\u00f3pria companheira e pula de sacada em Santos","datePublished":"2023-02-17T11:21:38+00:00","mainEntityOfPage":{"@id":"https:\/\/redenoticiaz.com.br\/litoralsp\/2023\/02\/17\/homem-mata-a-facadas-a-propria-companheira-e-pula-de-sacada-em-santos"},"wordCount":211,"commentCount":0,"publisher":{"@id":"https:\/\/redenoticiaz.com.br\/litoralsp\/#organization"},"image":{"@id":"https:\/\/redenoticiaz.com.br\/litoralsp\/2023\/02\/17\/homem-mata-a-facadas-a-propria-companheira-e-pula-de-sacada-em-santos#primaryimage"},"thumbnailUrl":"https:\/\/redenoticiaz.com.br\/litoralsp\/wp-content\/uploads\/sites\/3\/2023\/02\/BRIGA-CASAL.jpg","keywords":["DELEGACIA DE DEFESA DA MULHER","FEMINIC\u00cdDIO","MORRO NOVA CINTRA","POL\u00cdCIA CIVIL","Santos","SANTOS R","SUIC\u00cdDIO"],"articleSection":["Pol\u00edcia","Santos"],"inLanguage":"pt-BR","potentialAction":[{"@type":"CommentAction","name":"Comment","target":["https:\/\/redenoticiaz.com.br\/litoralsp\/2023\/02\/17\/homem-mata-a-facadas-a-propria-companheira-e-pula-de-sacada-em-santos#respond"]}]},{"@type":"WebPage","@id":"https:\/\/redenoticiaz.com.br\/litoralsp\/2023\/02\/17\/homem-mata-a-facadas-a-propria-companheira-e-pula-de-sacada-em-santos","url":"https:\/\/redenoticiaz.com.br\/litoralsp\/2023\/02\/17\/homem-mata-a-facadas-a-propria-companheira-e-pula-de-sacada-em-santos","name":"Homem mata a facadas a pr\u00f3pria companheira e pula de sacada em Santos - Litoral SP","isPartOf":{"@id":"https:\/\/redenoticiaz.com.br\/litoralsp\/#website"},"primaryImageOfPage":{"@id":"https:\/\/redenoticiaz.com.br\/litoralsp\/2023\/02\/17\/homem-mata-a-facadas-a-propria-companheira-e-pula-de-sacada-em-santos#primaryimage"},"image":{"@id":"https:\/\/redenoticiaz.com.br\/litoralsp\/2023\/02\/17\/homem-mata-a-facadas-a-propria-companheira-e-pula-de-sacada-em-santos#primaryimage"},"thumbnailUrl":"https:\/\/redenoticiaz.com.br\/litoralsp\/wp-content\/uploads\/sites\/3\/2023\/02\/BRIGA-CASAL.jpg","datePublished":"2023-02-17T11:21:38+00:00","description":"Um homem de 45 anos matou a pr\u00f3pria companheira a facadas, de 43 ap\u00f3s briga do casal, nessa quinta-feira (16). Em seguida, ele pulou","inLanguage":"pt-BR","potentialAction":[{"@type":"ReadAction","target":["https:\/\/redenoticiaz.com.br\/litoralsp\/2023\/02\/17\/homem-mata-a-facadas-a-propria-companheira-e-pula-de-sacada-em-santos"]}]},{"@type":"ImageObject","inLanguage":"pt-BR","@id":"https:\/\/redenoticiaz.com.br\/litoralsp\/2023\/02\/17\/homem-mata-a-facadas-a-propria-companheira-e-pula-de-sacada-em-santos#primaryimage","url":"https:\/\/redenoticiaz.com.br\/litoralsp\/wp-content\/uploads\/sites\/3\/2023\/02\/BRIGA-CASAL.jpg","contentUrl":"https:\/\/redenoticiaz.com.br\/litoralsp\/wp-content\/uploads\/sites\/3\/2023\/02\/BRIGA-CASAL.jpg","width":396,"height":304,"caption":"Cr\u00e9ditos: Reprodu\u00e7\u00e3o\/Arquivo Pessoal"},{"@type":"WebSite","@id":"https:\/\/redenoticiaz.com.br\/litoralsp\/#website","url":"https:\/\/redenoticiaz.com.br\/litoralsp\/","name":"Litoral SP","description":"Rede NoticiaZ","publisher":{"@id":"https:\/\/redenoticiaz.com.br\/litoralsp\/#organization"},"potentialAction":[{"@type":"SearchAction","target":{"@type":"EntryPoint","urlTemplate":"https:\/\/redenoticiaz.com.br\/litoralsp\/?s={search_term_string}"},"query-input":{"@type":"PropertyValueSpecification","valueRequired":true,"valueName":"search_term_string"}}],"inLanguage":"pt-BR"},{"@type":"Organization","@id":"https:\/\/redenoticiaz.com.br\/litoralsp\/#organization","name":"Litoral SP","url":"https:\/\/redenoticiaz.com.br\/litoralsp\/","logo":{"@type":"ImageObject","inLanguage":"pt-BR","@id":"https:\/\/redenoticiaz.com.br\/litoralsp\/#\/schema\/logo\/image\/","url":"https:\/\/redenoticiaz.com.br\/litoralsp\/wp-content\/uploads\/sites\/3\/2020\/11\/logo.jpg","contentUrl":"https:\/\/redenoticiaz.com.br\/litoralsp\/wp-content\/uploads\/sites\/3\/2020\/11\/logo.jpg","width":400,"height":250,"caption":"Litoral SP"},"image":{"@id":"https:\/\/redenoticiaz.com.br\/litoralsp\/#\/schema\/logo\/image\/"}},{"@type":"Person","@id":"https:\/\/redenoticiaz.com.br\/litoralsp\/#\/schema\/person\/0f0b8a5bdafefe82841e07ae8d81ecb3","name":"Leonardo Francisco","image":{"@type":"ImageObject","inLanguage":"pt-BR","@id":"https:\/\/secure.gravatar.com\/avatar\/a7358cb406a99b682ec6df1e77e31ae82e63601f6784e8a3df411d72b37864da?s=96&d=mm&r=g","url":"https:\/\/secure.gravatar.com\/avatar\/a7358cb406a99b682ec6df1e77e31ae82e63601f6784e8a3df411d72b37864da?s=96&d=mm&r=g","contentUrl":"https:\/\/secure.gravatar.com\/avatar\/a7358cb406a99b682ec6df1e77e31ae82e63601f6784e8a3df411d72b37864da?s=96&d=mm&r=g","caption":"Leonardo Francisco"},"url":"https:\/\/redenoticiaz.com.br\/litoralsp\/author\/leonardo-francisco"}]}},"_links":{"self":[{"href":"https:\/\/redenoticiaz.com.br\/litoralsp\/wp-json\/wp\/v2\/posts\/100942","targetHints":{"allow":["GET"]}}],"collection":[{"href":"https:\/\/redenoticiaz.com.br\/litoralsp\/wp-json\/wp\/v2\/posts"}],"about":[{"href":"https:\/\/redenoticiaz.com.br\/litoralsp\/wp-json\/wp\/v2\/types\/post"}],"author":[{"embeddable":true,"href":"https:\/\/redenoticiaz.com.br\/litoralsp\/wp-json\/wp\/v2\/users\/6"}],"replies":[{"embeddable":true,"href":"https:\/\/redenoticiaz.com.br\/litoralsp\/wp-json\/wp\/v2\/comments?post=100942"}],"version-history":[{"count":2,"href":"https:\/\/redenoticiaz.com.br\/litoralsp\/wp-json\/wp\/v2\/posts\/100942\/revisions"}],"predecessor-version":[{"id":100945,"href":"https:\/\/redenoticiaz.com.br\/litoralsp\/wp-json\/wp\/v2\/posts\/100942\/revisions\/100945"}],"wp:featuredmedia":[{"embeddable":true,"href":"https:\/\/redenoticiaz.com.br\/litoralsp\/wp-json\/wp\/v2\/media\/100943"}],"wp:attachment":[{"href":"https:\/\/redenoticiaz.com.br\/litoralsp\/wp-json\/wp\/v2\/media?parent=100942"}],"wp:term":[{"taxonomy":"category","embeddable":true,"href":"https:\/\/redenoticiaz.com.br\/litoralsp\/wp-json\/wp\/v2\/categories?post=100942"},{"taxonomy":"post_tag","embeddable":true,"href":"https:\/\/redenoticiaz.com.br\/litoralsp\/wp-json\/wp\/v2\/tags?post=100942"}],"curies":[{"name":"wp","href":"https:\/\/api.w.org\/{rel}","templated":true}]}}