{"id":100966,"date":"2023-02-17T12:10:31","date_gmt":"2023-02-17T15:10:31","guid":{"rendered":"https:\/\/redenoticiaz.com.br\/litoralsp\/?p=100966"},"modified":"2023-02-17T12:10:31","modified_gmt":"2023-02-17T15:10:31","slug":"fim-de-semana-de-carnaval-sera-de-chuvas-fortes-no-litoral-norte","status":"publish","type":"post","link":"https:\/\/redenoticiaz.com.br\/litoralsp\/2023\/02\/17\/fim-de-semana-de-carnaval-sera-de-chuvas-fortes-no-litoral-norte","title":{"rendered":"Fim de semana de Carnaval ser\u00e1 de chuvas fortes no Litoral Norte"},"content":{"rendered":"<p class=\"content-text__container \" data-track-category=\"Link no Texto\" data-track-links=\"\">O Litoral Norte ter\u00e1 um grande p\u00fablico para aproveitar os dias de Carnaval. Mas \u00e9 bom preparar o guarda-chuva. Tudo por conta das <strong>fortes chuvas<\/strong> que s\u00e3o aguardadas na regi\u00e3o, segundo a Defesa Civil do Estado de S\u00e3o Paulo. O tempo fechado deve durar at\u00e9 o domingo (19).<\/p>\n<div class=\"wall protected-content\">\n<div id=\"chunk-8mt7e\">\n<div class=\"mc-column content-text active-extra-styles \" data-block-type=\"unstyled\" data-block-weight=\"49\" data-block-id=\"4\">\n<p class=\"content-text__container \" data-track-category=\"Link no Texto\" data-track-links=\"\">De acordo com o \u00f3rg\u00e3o, o Litoral Norte de S\u00e3o Paulo ter\u00e1 o acumulado total de 250 mil\u00edmetros no per\u00edodo. Ainda segundo a Defesa Civil, a previs\u00e3o \u00e9 de chuvas fortes, seguidas de raios, ventos e granizo. Com o alerta, a entidade recomendou aten\u00e7\u00e3o especial \u00e0s \u00e1reas mais vulner\u00e1veis, pois h\u00e1 risco de deslizamentos, desabamentos, alagamentos, enchentes e ocorr\u00eancias relacionadas a raios e ventos.<\/p>\n<div id=\"chunk-9albi\">\n<div class=\"mc-column content-text active-extra-styles \" data-block-type=\"unstyled\" data-block-weight=\"31\" data-block-id=\"7\">\n<p class=\"content-text__container \" data-track-category=\"Link no Texto\" data-track-links=\"\">Como o per\u00edodo ser\u00e1 marcado por comemora\u00e7\u00f5es de carnaval, a Defesa Civil deu orienta\u00e7\u00f5es espec\u00edficas de cuidados para os foli\u00f5es, para redobrar a aten\u00e7\u00e3o ao volante pelo risco de aquaplanagem.<\/p>\n<\/div>\n<\/div>\n<div id=\"chunk-69ncu\">\n<div class=\"mc-column content-text active-extra-styles \" data-block-type=\"unstyled\" data-block-weight=\"33\" data-block-id=\"8\">\n<p class=\"content-text__container \" data-track-category=\"Link no Texto\" data-track-links=\"\">Al\u00e9m disso, o \u00f3rg\u00e3o fez um apelo, para que em caso de tempestades, quem estiver em locais abertos. Entre eles,\u00a0 bloquinhos ou praias, busque abrigo, j\u00e1 que essas \u00e1reas t\u00eam maior incid\u00eancias de raios.<\/p>\n<\/div>\n<\/div>\n<div id=\"chunk-2be9q\">\n<div class=\"mc-column content-text active-extra-styles \" data-block-type=\"unstyled\" data-block-weight=\"31\" data-block-id=\"9\">\n<p class=\"content-text__container \" data-track-category=\"Link no Texto\" data-track-links=\"\">Caso o morador esteja em uma situa\u00e7\u00e3o de emerg\u00eancia durante as fortes chuvas, \u00e9 poss\u00edvel acionar a Defesa Civil pelo telefone 199 ou o Corpo de Bombeiros pelo telefone 193.<\/p>\n<p data-track-category=\"Link no Texto\" data-track-links=\"\"><strong>LEIA TAMB\u00c9M<\/strong><\/p>\n<p data-track-category=\"Link no Texto\" data-track-links=\"\"><a href=\"https:\/\/redenoticiaz.com.br\/litoralsp\/2023\/02\/16\/nuvem-gigante-traz-temporal-e-rajadas-de-ate-139-km-h-no-litoral\">Nuvem \u2018gigante\u2019 traz temporal e rajadas de at\u00e9 139 Km\/h no Litoral<\/a><\/p>\n<\/div>\n<\/div>\n<\/div>\n<\/div>\n<\/div>\n","protected":false},"excerpt":{"rendered":"<p>O Litoral Norte ter\u00e1 um grande p\u00fablico para aproveitar os dias de Carnaval. Mas \u00e9 bom preparar o guarda-chuva. Tudo por conta das fortes chuvas que s\u00e3o aguardadas na regi\u00e3o, segundo a Defesa Civil do Estado de S\u00e3o Paulo. O tempo fechado deve durar at\u00e9 o domingo (19). De acordo com o \u00f3rg\u00e3o, o Litoral &hellip;<\/p>\n","protected":false},"author":6,"featured_media":96651,"comment_status":"open","ping_status":"closed","sticky":false,"template":"","format":"standard","meta":{"footnotes":""},"categories":[2881,26798],"tags":[61236,57519,7416,6496,26825],"class_list":["post-100966","post","type-post","status-publish","format-standard","has-post-thumbnail","hentry","category-caraguatatuba","category-climatologia","tag-carnaval-2023","tag-defesa-civil-do-estado-de-sao-paulo","tag-fortes-chuvas","tag-litoral-norte","tag-previsao-do-tempo"],"yoast_head":"<!-- This site is optimized with the Yoast SEO plugin v27.5 - https:\/\/yoast.com\/product\/yoast-seo-wordpress\/ -->\n<title>Fim de semana de Carnaval ser\u00e1 de chuvas fortes no Litoral Norte - Litoral SP<\/title>\n<meta name=\"description\" content=\"ter\u00e1 um grande p\u00fablico para aproveitar os dias de Carnaval. Mas \u00e9 bom preparar o guarda-chuva. Tudo por conta das fortes chuvas que\" \/>\n<meta name=\"robots\" content=\"index, follow, max-snippet:-1, max-image-preview:large, max-video-preview:-1\" \/>\n<link rel=\"canonical\" href=\"https:\/\/redenoticiaz.com.br\/litoralsp\/2023\/02\/17\/fim-de-semana-de-carnaval-sera-de-chuvas-fortes-no-litoral-norte\" \/>\n<meta property=\"og:locale\" content=\"pt_BR\" \/>\n<meta property=\"og:type\" content=\"article\" \/>\n<meta property=\"og:title\" content=\"Fim de semana de Carnaval ser\u00e1 de chuvas fortes no Litoral Norte - Litoral SP\" \/>\n<meta property=\"og:description\" content=\"ter\u00e1 um grande p\u00fablico para aproveitar os dias de Carnaval. Mas \u00e9 bom preparar o guarda-chuva. Tudo por conta das fortes chuvas que\" \/>\n<meta property=\"og:url\" content=\"https:\/\/redenoticiaz.com.br\/litoralsp\/2023\/02\/17\/fim-de-semana-de-carnaval-sera-de-chuvas-fortes-no-litoral-norte\" \/>\n<meta property=\"og:site_name\" content=\"Litoral SP\" \/>\n<meta property=\"article:published_time\" content=\"2023-02-17T15:10:31+00:00\" \/>\n<meta property=\"og:image\" content=\"https:\/\/redenoticiaz.com.br\/litoralsp\/wp-content\/uploads\/sites\/3\/2022\/12\/CHUVA-LITORAL.jpg\" \/>\n\t<meta property=\"og:image:width\" content=\"552\" \/>\n\t<meta property=\"og:image:height\" content=\"420\" \/>\n\t<meta property=\"og:image:type\" content=\"image\/jpeg\" \/>\n<meta name=\"author\" content=\"Leonardo Francisco\" \/>\n<meta name=\"twitter:card\" content=\"summary_large_image\" \/>\n<meta name=\"twitter:label1\" content=\"Escrito por\" \/>\n\t<meta name=\"twitter:data1\" content=\"Leonardo Francisco\" \/>\n\t<meta name=\"twitter:label2\" content=\"Est. tempo de leitura\" \/>\n\t<meta name=\"twitter:data2\" content=\"2 minutos\" \/>\n<script type=\"application\/ld+json\" class=\"yoast-schema-graph\">{\"@context\":\"https:\\\/\\\/schema.org\",\"@graph\":[{\"@type\":\"Article\",\"@id\":\"https:\\\/\\\/redenoticiaz.com.br\\\/litoralsp\\\/2023\\\/02\\\/17\\\/fim-de-semana-de-carnaval-sera-de-chuvas-fortes-no-litoral-norte#article\",\"isPartOf\":{\"@id\":\"https:\\\/\\\/redenoticiaz.com.br\\\/litoralsp\\\/2023\\\/02\\\/17\\\/fim-de-semana-de-carnaval-sera-de-chuvas-fortes-no-litoral-norte\"},\"author\":{\"name\":\"Leonardo Francisco\",\"@id\":\"https:\\\/\\\/redenoticiaz.com.br\\\/litoralsp\\\/#\\\/schema\\\/person\\\/0f0b8a5bdafefe82841e07ae8d81ecb3\"},\"headline\":\"Fim de semana de Carnaval ser\u00e1 de chuvas fortes no Litoral Norte\",\"datePublished\":\"2023-02-17T15:10:31+00:00\",\"mainEntityOfPage\":{\"@id\":\"https:\\\/\\\/redenoticiaz.com.br\\\/litoralsp\\\/2023\\\/02\\\/17\\\/fim-de-semana-de-carnaval-sera-de-chuvas-fortes-no-litoral-norte\"},\"wordCount\":251,\"commentCount\":0,\"publisher\":{\"@id\":\"https:\\\/\\\/redenoticiaz.com.br\\\/litoralsp\\\/#organization\"},\"image\":{\"@id\":\"https:\\\/\\\/redenoticiaz.com.br\\\/litoralsp\\\/2023\\\/02\\\/17\\\/fim-de-semana-de-carnaval-sera-de-chuvas-fortes-no-litoral-norte#primaryimage\"},\"thumbnailUrl\":\"https:\\\/\\\/redenoticiaz.com.br\\\/litoralsp\\\/wp-content\\\/uploads\\\/sites\\\/3\\\/2022\\\/12\\\/CHUVA-LITORAL.jpg\",\"keywords\":[\"Carnaval 2023\",\"Defesa Civil do Estado de S\u00e3o Paulo\",\"FORTES CHUVAS\",\"LITORAL NORTE\",\"PREVIS\u00c3O DO TEMPO\"],\"articleSection\":[\"Caraguatatuba\",\"Climatologia\"],\"inLanguage\":\"pt-BR\",\"potentialAction\":[{\"@type\":\"CommentAction\",\"name\":\"Comment\",\"target\":[\"https:\\\/\\\/redenoticiaz.com.br\\\/litoralsp\\\/2023\\\/02\\\/17\\\/fim-de-semana-de-carnaval-sera-de-chuvas-fortes-no-litoral-norte#respond\"]}]},{\"@type\":\"WebPage\",\"@id\":\"https:\\\/\\\/redenoticiaz.com.br\\\/litoralsp\\\/2023\\\/02\\\/17\\\/fim-de-semana-de-carnaval-sera-de-chuvas-fortes-no-litoral-norte\",\"url\":\"https:\\\/\\\/redenoticiaz.com.br\\\/litoralsp\\\/2023\\\/02\\\/17\\\/fim-de-semana-de-carnaval-sera-de-chuvas-fortes-no-litoral-norte\",\"name\":\"Fim de semana de Carnaval ser\u00e1 de chuvas fortes no Litoral Norte - Litoral SP\",\"isPartOf\":{\"@id\":\"https:\\\/\\\/redenoticiaz.com.br\\\/litoralsp\\\/#website\"},\"primaryImageOfPage\":{\"@id\":\"https:\\\/\\\/redenoticiaz.com.br\\\/litoralsp\\\/2023\\\/02\\\/17\\\/fim-de-semana-de-carnaval-sera-de-chuvas-fortes-no-litoral-norte#primaryimage\"},\"image\":{\"@id\":\"https:\\\/\\\/redenoticiaz.com.br\\\/litoralsp\\\/2023\\\/02\\\/17\\\/fim-de-semana-de-carnaval-sera-de-chuvas-fortes-no-litoral-norte#primaryimage\"},\"thumbnailUrl\":\"https:\\\/\\\/redenoticiaz.com.br\\\/litoralsp\\\/wp-content\\\/uploads\\\/sites\\\/3\\\/2022\\\/12\\\/CHUVA-LITORAL.jpg\",\"datePublished\":\"2023-02-17T15:10:31+00:00\",\"description\":\"ter\u00e1 um grande p\u00fablico para aproveitar os dias de Carnaval. Mas \u00e9 bom preparar o guarda-chuva. Tudo por conta das fortes chuvas que\",\"inLanguage\":\"pt-BR\",\"potentialAction\":[{\"@type\":\"ReadAction\",\"target\":[\"https:\\\/\\\/redenoticiaz.com.br\\\/litoralsp\\\/2023\\\/02\\\/17\\\/fim-de-semana-de-carnaval-sera-de-chuvas-fortes-no-litoral-norte\"]}]},{\"@type\":\"ImageObject\",\"inLanguage\":\"pt-BR\",\"@id\":\"https:\\\/\\\/redenoticiaz.com.br\\\/litoralsp\\\/2023\\\/02\\\/17\\\/fim-de-semana-de-carnaval-sera-de-chuvas-fortes-no-litoral-norte#primaryimage\",\"url\":\"https:\\\/\\\/redenoticiaz.com.br\\\/litoralsp\\\/wp-content\\\/uploads\\\/sites\\\/3\\\/2022\\\/12\\\/CHUVA-LITORAL.jpg\",\"contentUrl\":\"https:\\\/\\\/redenoticiaz.com.br\\\/litoralsp\\\/wp-content\\\/uploads\\\/sites\\\/3\\\/2022\\\/12\\\/CHUVA-LITORAL.jpg\",\"width\":552,\"height\":420,\"caption\":\"Tempo s\u00f3 deve melhorar no come\u00e7o da pr\u00f3xima semana. Cr\u00e9ditos: Reprodu\u00e7\u00e3o\"},{\"@type\":\"WebSite\",\"@id\":\"https:\\\/\\\/redenoticiaz.com.br\\\/litoralsp\\\/#website\",\"url\":\"https:\\\/\\\/redenoticiaz.com.br\\\/litoralsp\\\/\",\"name\":\"Litoral SP\",\"description\":\"Rede NoticiaZ\",\"publisher\":{\"@id\":\"https:\\\/\\\/redenoticiaz.com.br\\\/litoralsp\\\/#organization\"},\"potentialAction\":[{\"@type\":\"SearchAction\",\"target\":{\"@type\":\"EntryPoint\",\"urlTemplate\":\"https:\\\/\\\/redenoticiaz.com.br\\\/litoralsp\\\/?s={search_term_string}\"},\"query-input\":{\"@type\":\"PropertyValueSpecification\",\"valueRequired\":true,\"valueName\":\"search_term_string\"}}],\"inLanguage\":\"pt-BR\"},{\"@type\":\"Organization\",\"@id\":\"https:\\\/\\\/redenoticiaz.com.br\\\/litoralsp\\\/#organization\",\"name\":\"Litoral SP\",\"url\":\"https:\\\/\\\/redenoticiaz.com.br\\\/litoralsp\\\/\",\"logo\":{\"@type\":\"ImageObject\",\"inLanguage\":\"pt-BR\",\"@id\":\"https:\\\/\\\/redenoticiaz.com.br\\\/litoralsp\\\/#\\\/schema\\\/logo\\\/image\\\/\",\"url\":\"https:\\\/\\\/redenoticiaz.com.br\\\/litoralsp\\\/wp-content\\\/uploads\\\/sites\\\/3\\\/2020\\\/11\\\/logo.jpg\",\"contentUrl\":\"https:\\\/\\\/redenoticiaz.com.br\\\/litoralsp\\\/wp-content\\\/uploads\\\/sites\\\/3\\\/2020\\\/11\\\/logo.jpg\",\"width\":400,\"height\":250,\"caption\":\"Litoral SP\"},\"image\":{\"@id\":\"https:\\\/\\\/redenoticiaz.com.br\\\/litoralsp\\\/#\\\/schema\\\/logo\\\/image\\\/\"}},{\"@type\":\"Person\",\"@id\":\"https:\\\/\\\/redenoticiaz.com.br\\\/litoralsp\\\/#\\\/schema\\\/person\\\/0f0b8a5bdafefe82841e07ae8d81ecb3\",\"name\":\"Leonardo Francisco\",\"image\":{\"@type\":\"ImageObject\",\"inLanguage\":\"pt-BR\",\"@id\":\"https:\\\/\\\/secure.gravatar.com\\\/avatar\\\/a7358cb406a99b682ec6df1e77e31ae82e63601f6784e8a3df411d72b37864da?s=96&d=mm&r=g\",\"url\":\"https:\\\/\\\/secure.gravatar.com\\\/avatar\\\/a7358cb406a99b682ec6df1e77e31ae82e63601f6784e8a3df411d72b37864da?s=96&d=mm&r=g\",\"contentUrl\":\"https:\\\/\\\/secure.gravatar.com\\\/avatar\\\/a7358cb406a99b682ec6df1e77e31ae82e63601f6784e8a3df411d72b37864da?s=96&d=mm&r=g\",\"caption\":\"Leonardo Francisco\"},\"url\":\"https:\\\/\\\/redenoticiaz.com.br\\\/litoralsp\\\/author\\\/leonardo-francisco\"}]}<\/script>\n<!-- \/ Yoast SEO plugin. -->","yoast_head_json":{"title":"Fim de semana de Carnaval ser\u00e1 de chuvas fortes no Litoral Norte - Litoral SP","description":"ter\u00e1 um grande p\u00fablico para aproveitar os dias de Carnaval. Mas \u00e9 bom preparar o guarda-chuva. Tudo por conta das fortes chuvas que","robots":{"index":"index","follow":"follow","max-snippet":"max-snippet:-1","max-image-preview":"max-image-preview:large","max-video-preview":"max-video-preview:-1"},"canonical":"https:\/\/redenoticiaz.com.br\/litoralsp\/2023\/02\/17\/fim-de-semana-de-carnaval-sera-de-chuvas-fortes-no-litoral-norte","og_locale":"pt_BR","og_type":"article","og_title":"Fim de semana de Carnaval ser\u00e1 de chuvas fortes no Litoral Norte - Litoral SP","og_description":"ter\u00e1 um grande p\u00fablico para aproveitar os dias de Carnaval. Mas \u00e9 bom preparar o guarda-chuva. Tudo por conta das fortes chuvas que","og_url":"https:\/\/redenoticiaz.com.br\/litoralsp\/2023\/02\/17\/fim-de-semana-de-carnaval-sera-de-chuvas-fortes-no-litoral-norte","og_site_name":"Litoral SP","article_published_time":"2023-02-17T15:10:31+00:00","og_image":[{"width":552,"height":420,"url":"https:\/\/redenoticiaz.com.br\/litoralsp\/wp-content\/uploads\/sites\/3\/2022\/12\/CHUVA-LITORAL.jpg","type":"image\/jpeg"}],"author":"Leonardo Francisco","twitter_card":"summary_large_image","twitter_misc":{"Escrito por":"Leonardo Francisco","Est. tempo de leitura":"2 minutos"},"schema":{"@context":"https:\/\/schema.org","@graph":[{"@type":"Article","@id":"https:\/\/redenoticiaz.com.br\/litoralsp\/2023\/02\/17\/fim-de-semana-de-carnaval-sera-de-chuvas-fortes-no-litoral-norte#article","isPartOf":{"@id":"https:\/\/redenoticiaz.com.br\/litoralsp\/2023\/02\/17\/fim-de-semana-de-carnaval-sera-de-chuvas-fortes-no-litoral-norte"},"author":{"name":"Leonardo Francisco","@id":"https:\/\/redenoticiaz.com.br\/litoralsp\/#\/schema\/person\/0f0b8a5bdafefe82841e07ae8d81ecb3"},"headline":"Fim de semana de Carnaval ser\u00e1 de chuvas fortes no Litoral Norte","datePublished":"2023-02-17T15:10:31+00:00","mainEntityOfPage":{"@id":"https:\/\/redenoticiaz.com.br\/litoralsp\/2023\/02\/17\/fim-de-semana-de-carnaval-sera-de-chuvas-fortes-no-litoral-norte"},"wordCount":251,"commentCount":0,"publisher":{"@id":"https:\/\/redenoticiaz.com.br\/litoralsp\/#organization"},"image":{"@id":"https:\/\/redenoticiaz.com.br\/litoralsp\/2023\/02\/17\/fim-de-semana-de-carnaval-sera-de-chuvas-fortes-no-litoral-norte#primaryimage"},"thumbnailUrl":"https:\/\/redenoticiaz.com.br\/litoralsp\/wp-content\/uploads\/sites\/3\/2022\/12\/CHUVA-LITORAL.jpg","keywords":["Carnaval 2023","Defesa Civil do Estado de S\u00e3o Paulo","FORTES CHUVAS","LITORAL NORTE","PREVIS\u00c3O DO TEMPO"],"articleSection":["Caraguatatuba","Climatologia"],"inLanguage":"pt-BR","potentialAction":[{"@type":"CommentAction","name":"Comment","target":["https:\/\/redenoticiaz.com.br\/litoralsp\/2023\/02\/17\/fim-de-semana-de-carnaval-sera-de-chuvas-fortes-no-litoral-norte#respond"]}]},{"@type":"WebPage","@id":"https:\/\/redenoticiaz.com.br\/litoralsp\/2023\/02\/17\/fim-de-semana-de-carnaval-sera-de-chuvas-fortes-no-litoral-norte","url":"https:\/\/redenoticiaz.com.br\/litoralsp\/2023\/02\/17\/fim-de-semana-de-carnaval-sera-de-chuvas-fortes-no-litoral-norte","name":"Fim de semana de Carnaval ser\u00e1 de chuvas fortes no Litoral Norte - Litoral SP","isPartOf":{"@id":"https:\/\/redenoticiaz.com.br\/litoralsp\/#website"},"primaryImageOfPage":{"@id":"https:\/\/redenoticiaz.com.br\/litoralsp\/2023\/02\/17\/fim-de-semana-de-carnaval-sera-de-chuvas-fortes-no-litoral-norte#primaryimage"},"image":{"@id":"https:\/\/redenoticiaz.com.br\/litoralsp\/2023\/02\/17\/fim-de-semana-de-carnaval-sera-de-chuvas-fortes-no-litoral-norte#primaryimage"},"thumbnailUrl":"https:\/\/redenoticiaz.com.br\/litoralsp\/wp-content\/uploads\/sites\/3\/2022\/12\/CHUVA-LITORAL.jpg","datePublished":"2023-02-17T15:10:31+00:00","description":"ter\u00e1 um grande p\u00fablico para aproveitar os dias de Carnaval. Mas \u00e9 bom preparar o guarda-chuva. Tudo por conta das fortes chuvas que","inLanguage":"pt-BR","potentialAction":[{"@type":"ReadAction","target":["https:\/\/redenoticiaz.com.br\/litoralsp\/2023\/02\/17\/fim-de-semana-de-carnaval-sera-de-chuvas-fortes-no-litoral-norte"]}]},{"@type":"ImageObject","inLanguage":"pt-BR","@id":"https:\/\/redenoticiaz.com.br\/litoralsp\/2023\/02\/17\/fim-de-semana-de-carnaval-sera-de-chuvas-fortes-no-litoral-norte#primaryimage","url":"https:\/\/redenoticiaz.com.br\/litoralsp\/wp-content\/uploads\/sites\/3\/2022\/12\/CHUVA-LITORAL.jpg","contentUrl":"https:\/\/redenoticiaz.com.br\/litoralsp\/wp-content\/uploads\/sites\/3\/2022\/12\/CHUVA-LITORAL.jpg","width":552,"height":420,"caption":"Tempo s\u00f3 deve melhorar no come\u00e7o da pr\u00f3xima semana. Cr\u00e9ditos: Reprodu\u00e7\u00e3o"},{"@type":"WebSite","@id":"https:\/\/redenoticiaz.com.br\/litoralsp\/#website","url":"https:\/\/redenoticiaz.com.br\/litoralsp\/","name":"Litoral SP","description":"Rede NoticiaZ","publisher":{"@id":"https:\/\/redenoticiaz.com.br\/litoralsp\/#organization"},"potentialAction":[{"@type":"SearchAction","target":{"@type":"EntryPoint","urlTemplate":"https:\/\/redenoticiaz.com.br\/litoralsp\/?s={search_term_string}"},"query-input":{"@type":"PropertyValueSpecification","valueRequired":true,"valueName":"search_term_string"}}],"inLanguage":"pt-BR"},{"@type":"Organization","@id":"https:\/\/redenoticiaz.com.br\/litoralsp\/#organization","name":"Litoral SP","url":"https:\/\/redenoticiaz.com.br\/litoralsp\/","logo":{"@type":"ImageObject","inLanguage":"pt-BR","@id":"https:\/\/redenoticiaz.com.br\/litoralsp\/#\/schema\/logo\/image\/","url":"https:\/\/redenoticiaz.com.br\/litoralsp\/wp-content\/uploads\/sites\/3\/2020\/11\/logo.jpg","contentUrl":"https:\/\/redenoticiaz.com.br\/litoralsp\/wp-content\/uploads\/sites\/3\/2020\/11\/logo.jpg","width":400,"height":250,"caption":"Litoral SP"},"image":{"@id":"https:\/\/redenoticiaz.com.br\/litoralsp\/#\/schema\/logo\/image\/"}},{"@type":"Person","@id":"https:\/\/redenoticiaz.com.br\/litoralsp\/#\/schema\/person\/0f0b8a5bdafefe82841e07ae8d81ecb3","name":"Leonardo Francisco","image":{"@type":"ImageObject","inLanguage":"pt-BR","@id":"https:\/\/secure.gravatar.com\/avatar\/a7358cb406a99b682ec6df1e77e31ae82e63601f6784e8a3df411d72b37864da?s=96&d=mm&r=g","url":"https:\/\/secure.gravatar.com\/avatar\/a7358cb406a99b682ec6df1e77e31ae82e63601f6784e8a3df411d72b37864da?s=96&d=mm&r=g","contentUrl":"https:\/\/secure.gravatar.com\/avatar\/a7358cb406a99b682ec6df1e77e31ae82e63601f6784e8a3df411d72b37864da?s=96&d=mm&r=g","caption":"Leonardo Francisco"},"url":"https:\/\/redenoticiaz.com.br\/litoralsp\/author\/leonardo-francisco"}]}},"_links":{"self":[{"href":"https:\/\/redenoticiaz.com.br\/litoralsp\/wp-json\/wp\/v2\/posts\/100966","targetHints":{"allow":["GET"]}}],"collection":[{"href":"https:\/\/redenoticiaz.com.br\/litoralsp\/wp-json\/wp\/v2\/posts"}],"about":[{"href":"https:\/\/redenoticiaz.com.br\/litoralsp\/wp-json\/wp\/v2\/types\/post"}],"author":[{"embeddable":true,"href":"https:\/\/redenoticiaz.com.br\/litoralsp\/wp-json\/wp\/v2\/users\/6"}],"replies":[{"embeddable":true,"href":"https:\/\/redenoticiaz.com.br\/litoralsp\/wp-json\/wp\/v2\/comments?post=100966"}],"version-history":[{"count":1,"href":"https:\/\/redenoticiaz.com.br\/litoralsp\/wp-json\/wp\/v2\/posts\/100966\/revisions"}],"predecessor-version":[{"id":100967,"href":"https:\/\/redenoticiaz.com.br\/litoralsp\/wp-json\/wp\/v2\/posts\/100966\/revisions\/100967"}],"wp:featuredmedia":[{"embeddable":true,"href":"https:\/\/redenoticiaz.com.br\/litoralsp\/wp-json\/wp\/v2\/media\/96651"}],"wp:attachment":[{"href":"https:\/\/redenoticiaz.com.br\/litoralsp\/wp-json\/wp\/v2\/media?parent=100966"}],"wp:term":[{"taxonomy":"category","embeddable":true,"href":"https:\/\/redenoticiaz.com.br\/litoralsp\/wp-json\/wp\/v2\/categories?post=100966"},{"taxonomy":"post_tag","embeddable":true,"href":"https:\/\/redenoticiaz.com.br\/litoralsp\/wp-json\/wp\/v2\/tags?post=100966"}],"curies":[{"name":"wp","href":"https:\/\/api.w.org\/{rel}","templated":true}]}}