{"id":100969,"date":"2023-02-19T17:00:27","date_gmt":"2023-02-19T20:00:27","guid":{"rendered":"https:\/\/redenoticiaz.com.br\/litoralsp\/?p=100969"},"modified":"2023-02-20T10:20:26","modified_gmt":"2023-02-20T13:20:26","slug":"banco-mundial-covid-19-pode-resultar-em-geracao-perdida-de-jovens","status":"publish","type":"post","link":"https:\/\/redenoticiaz.com.br\/litoralsp\/2023\/02\/19\/banco-mundial-covid-19-pode-resultar-em-geracao-perdida-de-jovens","title":{"rendered":"Banco Mundial: covid-19 pode resultar em gera\u00e7\u00e3o perdida de jovens"},"content":{"rendered":"<p>A pandemia de covid-19 comprometeu o desenvolvimento de milh\u00f5es de crian\u00e7as e jovens nos pa\u00edses de baixa e m\u00e9dia renda, divulgou o Banco Mundial. A combina\u00e7\u00e3o de ensino remoto ineficiente, fechamento de locais de trabalho e inseguran\u00e7a alimentar comprometer\u00e1 a produtividade na vida adulta.<img decoding=\"async\" src=\"https:\/\/agenciabrasil.ebc.com.br\/ebc.png?id=1511083&amp;o=node\" \/><img decoding=\"async\" src=\"https:\/\/agenciabrasil.ebc.com.br\/ebc.gif?id=1511083&amp;o=node\" \/><\/p>\n<p>De acordo com relat\u00f3rio da institui\u00e7\u00e3o financeira, a defici\u00eancia de conhecimento nas crian\u00e7as de at\u00e9 5 anos pode se traduzir em queda de 25% nos ganhos na vida adulta. Nas crian\u00e7as em idade escolar, a perda pode ser de at\u00e9 10% dos rendimentos. A pandemia, ressaltou o Banco Mundial, impactou o capital humano, definido como conhecimento, compet\u00eancias e sa\u00fade acumulada ao longo da vida.<\/p>\n<p>Segundo o relat\u00f3rio, intitulado\u00a0<em>Colapso e recupera\u00e7\u00e3o: como a pandemia de covid-19 deteriorou o capital humano e o que fazer a respeito<\/em>, os \u00edndices de aprendizagem est\u00e3o longe de se recuperar\u00a0em rela\u00e7\u00e3o ao per\u00edodo pr\u00e9-pandemia. As crian\u00e7as em idade pr\u00e9-escolar (at\u00e9 4 anos) tiveram desempenho 34% pior em linguagem e alfabetiza\u00e7\u00e3o e 29% em matem\u00e1tica na compara\u00e7\u00e3o com 2019.<\/p>\n<p>A deteriora\u00e7\u00e3o repete-se nas matr\u00edculas. No fim de 2021, as matr\u00edculas em diversos pa\u00edses estavam mais de 10 pontos percentuais abaixo do observado antes da pandemia. As crian\u00e7as em idade escolar (6 a 14 anos) perderam 32 dias de aprendizagem para cada 30 dias de fechamento das escolas. Isso porque os alunos n\u00e3o apenas deixaram de aprender, mas esqueceram parte do que haviam aprendido.<\/p>\n<p>O efeito \u00e9 ainda mais cruel nos pa\u00edses de m\u00e9dia e de baixa renda, que n\u00e3o puderam implementar pol\u00edticas eficientes de ensino remoto. A insufici\u00eancia de aprendizagem aumentou e, agora, cerca de 70% das crian\u00e7as de 10 anos n\u00e3o conseguem entender um texto b\u00e1sico. Quase 1 bilh\u00e3o de crian\u00e7as perdeu pelo menos um ano de ensino presencial e mais de 700 milh\u00f5es perderam pelo menos um ano e meio nesses pa\u00edses.<\/p>\n<p>Leia mais<\/p>\n<p><a href=\"https:\/\/redenoticiaz.com.br\/blog\/2023\/02\/12\/medico-explica-os-impactos-da-pandemia-da-covid-no-tratamento-de-cancer\">P\u00f3s pandemia: como manter os cuidados e a imunidade alta em dia<\/a><\/p>\n","protected":false},"excerpt":{"rendered":"<p>A pandemia de covid-19 comprometeu o desenvolvimento de milh\u00f5es de crian\u00e7as e jovens nos pa\u00edses de baixa e m\u00e9dia renda, divulgou o Banco Mundial. A combina\u00e7\u00e3o de ensino remoto ineficiente, fechamento de locais de trabalho e inseguran\u00e7a alimentar comprometer\u00e1 a produtividade na vida adulta. De acordo com relat\u00f3rio da institui\u00e7\u00e3o financeira, a defici\u00eancia de conhecimento &hellip;<\/p>\n","protected":false},"author":12,"featured_media":99612,"comment_status":"open","ping_status":"closed","sticky":false,"template":"","format":"standard","meta":{"footnotes":""},"categories":[44,23],"tags":[18337,46100,120,13174,9702],"class_list":["post-100969","post","type-post","status-publish","format-standard","has-post-thumbnail","hentry","category-educacao","category-saude","tag-covid","tag-depressao","tag-educacao","tag-estudos","tag-jovens"],"yoast_head":"<!-- This site is optimized with the Yoast SEO plugin v27.5 - https:\/\/yoast.com\/product\/yoast-seo-wordpress\/ -->\n<title>Banco Mundial: covid-19 pode resultar em gera\u00e7\u00e3o perdida de jovens - Litoral SP<\/title>\n<meta name=\"description\" content=\"A pandemia de covid-19 comprometeu o desenvolvimento de milh\u00f5es de crian\u00e7as e jovens nos pa\u00edses de baixa e m\u00e9dia renda, divulgou o Banco Mundial.\" \/>\n<meta name=\"robots\" content=\"index, follow, max-snippet:-1, max-image-preview:large, max-video-preview:-1\" \/>\n<link rel=\"canonical\" href=\"https:\/\/redenoticiaz.com.br\/litoralsp\/2023\/02\/19\/banco-mundial-covid-19-pode-resultar-em-geracao-perdida-de-jovens\" \/>\n<meta property=\"og:locale\" content=\"pt_BR\" \/>\n<meta property=\"og:type\" content=\"article\" \/>\n<meta property=\"og:title\" content=\"Banco Mundial: covid-19 pode resultar em gera\u00e7\u00e3o perdida de jovens - Litoral SP\" \/>\n<meta property=\"og:description\" content=\"A pandemia de covid-19 comprometeu o desenvolvimento de milh\u00f5es de crian\u00e7as e jovens nos pa\u00edses de baixa e m\u00e9dia renda, divulgou o Banco Mundial.\" \/>\n<meta property=\"og:url\" content=\"https:\/\/redenoticiaz.com.br\/litoralsp\/2023\/02\/19\/banco-mundial-covid-19-pode-resultar-em-geracao-perdida-de-jovens\" \/>\n<meta property=\"og:site_name\" content=\"Litoral SP\" \/>\n<meta property=\"article:published_time\" content=\"2023-02-19T20:00:27+00:00\" \/>\n<meta property=\"article:modified_time\" content=\"2023-02-20T13:20:26+00:00\" \/>\n<meta property=\"og:image\" content=\"https:\/\/agenciabrasil.ebc.com.br\/ebc.png?id=1511083&amp;o=node\" \/>\n<meta name=\"author\" content=\"Gustavo Silva\" \/>\n<meta name=\"twitter:card\" content=\"summary_large_image\" \/>\n<meta name=\"twitter:label1\" content=\"Escrito por\" \/>\n\t<meta name=\"twitter:data1\" content=\"Gustavo Silva\" \/>\n\t<meta name=\"twitter:label2\" content=\"Est. tempo de leitura\" \/>\n\t<meta name=\"twitter:data2\" content=\"3 minutos\" \/>\n<script type=\"application\/ld+json\" class=\"yoast-schema-graph\">{\"@context\":\"https:\\\/\\\/schema.org\",\"@graph\":[{\"@type\":\"Article\",\"@id\":\"https:\\\/\\\/redenoticiaz.com.br\\\/litoralsp\\\/2023\\\/02\\\/19\\\/banco-mundial-covid-19-pode-resultar-em-geracao-perdida-de-jovens#article\",\"isPartOf\":{\"@id\":\"https:\\\/\\\/redenoticiaz.com.br\\\/litoralsp\\\/2023\\\/02\\\/19\\\/banco-mundial-covid-19-pode-resultar-em-geracao-perdida-de-jovens\"},\"author\":{\"name\":\"Gustavo Silva\",\"@id\":\"https:\\\/\\\/redenoticiaz.com.br\\\/litoralsp\\\/#\\\/schema\\\/person\\\/16057b37a3c0ee6b096d7f887c566e2e\"},\"headline\":\"Banco Mundial: covid-19 pode resultar em gera\u00e7\u00e3o perdida de jovens\",\"datePublished\":\"2023-02-19T20:00:27+00:00\",\"dateModified\":\"2023-02-20T13:20:26+00:00\",\"mainEntityOfPage\":{\"@id\":\"https:\\\/\\\/redenoticiaz.com.br\\\/litoralsp\\\/2023\\\/02\\\/19\\\/banco-mundial-covid-19-pode-resultar-em-geracao-perdida-de-jovens\"},\"wordCount\":353,\"commentCount\":0,\"publisher\":{\"@id\":\"https:\\\/\\\/redenoticiaz.com.br\\\/litoralsp\\\/#organization\"},\"image\":{\"@id\":\"https:\\\/\\\/redenoticiaz.com.br\\\/litoralsp\\\/2023\\\/02\\\/19\\\/banco-mundial-covid-19-pode-resultar-em-geracao-perdida-de-jovens#primaryimage\"},\"thumbnailUrl\":\"https:\\\/\\\/redenoticiaz.com.br\\\/litoralsp\\\/wp-content\\\/uploads\\\/sites\\\/3\\\/2023\\\/01\\\/Ministerio-da-Saude-anuncia-campanha-com-vacina-bivalente-contra-a-covid-19.jpg\",\"keywords\":[\"COVID\",\"DEPRESS\u00c3O\",\"educa\u00e7\u00e3o\",\"ESTUDOS\",\"JOVENS\"],\"articleSection\":[\"Educa\u00e7\u00e3o\",\"Sa\u00fade\"],\"inLanguage\":\"pt-BR\",\"potentialAction\":[{\"@type\":\"CommentAction\",\"name\":\"Comment\",\"target\":[\"https:\\\/\\\/redenoticiaz.com.br\\\/litoralsp\\\/2023\\\/02\\\/19\\\/banco-mundial-covid-19-pode-resultar-em-geracao-perdida-de-jovens#respond\"]}]},{\"@type\":\"WebPage\",\"@id\":\"https:\\\/\\\/redenoticiaz.com.br\\\/litoralsp\\\/2023\\\/02\\\/19\\\/banco-mundial-covid-19-pode-resultar-em-geracao-perdida-de-jovens\",\"url\":\"https:\\\/\\\/redenoticiaz.com.br\\\/litoralsp\\\/2023\\\/02\\\/19\\\/banco-mundial-covid-19-pode-resultar-em-geracao-perdida-de-jovens\",\"name\":\"Banco Mundial: covid-19 pode resultar em gera\u00e7\u00e3o perdida de jovens - Litoral SP\",\"isPartOf\":{\"@id\":\"https:\\\/\\\/redenoticiaz.com.br\\\/litoralsp\\\/#website\"},\"primaryImageOfPage\":{\"@id\":\"https:\\\/\\\/redenoticiaz.com.br\\\/litoralsp\\\/2023\\\/02\\\/19\\\/banco-mundial-covid-19-pode-resultar-em-geracao-perdida-de-jovens#primaryimage\"},\"image\":{\"@id\":\"https:\\\/\\\/redenoticiaz.com.br\\\/litoralsp\\\/2023\\\/02\\\/19\\\/banco-mundial-covid-19-pode-resultar-em-geracao-perdida-de-jovens#primaryimage\"},\"thumbnailUrl\":\"https:\\\/\\\/redenoticiaz.com.br\\\/litoralsp\\\/wp-content\\\/uploads\\\/sites\\\/3\\\/2023\\\/01\\\/Ministerio-da-Saude-anuncia-campanha-com-vacina-bivalente-contra-a-covid-19.jpg\",\"datePublished\":\"2023-02-19T20:00:27+00:00\",\"dateModified\":\"2023-02-20T13:20:26+00:00\",\"description\":\"A pandemia de covid-19 comprometeu o desenvolvimento de milh\u00f5es de crian\u00e7as e jovens nos pa\u00edses de baixa e m\u00e9dia renda, divulgou o Banco Mundial.\",\"inLanguage\":\"pt-BR\",\"potentialAction\":[{\"@type\":\"ReadAction\",\"target\":[\"https:\\\/\\\/redenoticiaz.com.br\\\/litoralsp\\\/2023\\\/02\\\/19\\\/banco-mundial-covid-19-pode-resultar-em-geracao-perdida-de-jovens\"]}]},{\"@type\":\"ImageObject\",\"inLanguage\":\"pt-BR\",\"@id\":\"https:\\\/\\\/redenoticiaz.com.br\\\/litoralsp\\\/2023\\\/02\\\/19\\\/banco-mundial-covid-19-pode-resultar-em-geracao-perdida-de-jovens#primaryimage\",\"url\":\"https:\\\/\\\/redenoticiaz.com.br\\\/litoralsp\\\/wp-content\\\/uploads\\\/sites\\\/3\\\/2023\\\/01\\\/Ministerio-da-Saude-anuncia-campanha-com-vacina-bivalente-contra-a-covid-19.jpg\",\"contentUrl\":\"https:\\\/\\\/redenoticiaz.com.br\\\/litoralsp\\\/wp-content\\\/uploads\\\/sites\\\/3\\\/2023\\\/01\\\/Ministerio-da-Saude-anuncia-campanha-com-vacina-bivalente-contra-a-covid-19.jpg\",\"width\":1200,\"height\":628,\"caption\":\"Cr\u00e9dito: Reprodu\u00e7\u00e3o\"},{\"@type\":\"WebSite\",\"@id\":\"https:\\\/\\\/redenoticiaz.com.br\\\/litoralsp\\\/#website\",\"url\":\"https:\\\/\\\/redenoticiaz.com.br\\\/litoralsp\\\/\",\"name\":\"Litoral SP\",\"description\":\"Rede NoticiaZ\",\"publisher\":{\"@id\":\"https:\\\/\\\/redenoticiaz.com.br\\\/litoralsp\\\/#organization\"},\"potentialAction\":[{\"@type\":\"SearchAction\",\"target\":{\"@type\":\"EntryPoint\",\"urlTemplate\":\"https:\\\/\\\/redenoticiaz.com.br\\\/litoralsp\\\/?s={search_term_string}\"},\"query-input\":{\"@type\":\"PropertyValueSpecification\",\"valueRequired\":true,\"valueName\":\"search_term_string\"}}],\"inLanguage\":\"pt-BR\"},{\"@type\":\"Organization\",\"@id\":\"https:\\\/\\\/redenoticiaz.com.br\\\/litoralsp\\\/#organization\",\"name\":\"Litoral SP\",\"url\":\"https:\\\/\\\/redenoticiaz.com.br\\\/litoralsp\\\/\",\"logo\":{\"@type\":\"ImageObject\",\"inLanguage\":\"pt-BR\",\"@id\":\"https:\\\/\\\/redenoticiaz.com.br\\\/litoralsp\\\/#\\\/schema\\\/logo\\\/image\\\/\",\"url\":\"https:\\\/\\\/redenoticiaz.com.br\\\/litoralsp\\\/wp-content\\\/uploads\\\/sites\\\/3\\\/2020\\\/11\\\/logo.jpg\",\"contentUrl\":\"https:\\\/\\\/redenoticiaz.com.br\\\/litoralsp\\\/wp-content\\\/uploads\\\/sites\\\/3\\\/2020\\\/11\\\/logo.jpg\",\"width\":400,\"height\":250,\"caption\":\"Litoral SP\"},\"image\":{\"@id\":\"https:\\\/\\\/redenoticiaz.com.br\\\/litoralsp\\\/#\\\/schema\\\/logo\\\/image\\\/\"}},{\"@type\":\"Person\",\"@id\":\"https:\\\/\\\/redenoticiaz.com.br\\\/litoralsp\\\/#\\\/schema\\\/person\\\/16057b37a3c0ee6b096d7f887c566e2e\",\"name\":\"Gustavo Silva\",\"image\":{\"@type\":\"ImageObject\",\"inLanguage\":\"pt-BR\",\"@id\":\"https:\\\/\\\/secure.gravatar.com\\\/avatar\\\/3ee4e82f93b26de0a7cf4ea5eb7893da637ed6bb0c9170c58065944c56e28a33?s=96&d=mm&r=g\",\"url\":\"https:\\\/\\\/secure.gravatar.com\\\/avatar\\\/3ee4e82f93b26de0a7cf4ea5eb7893da637ed6bb0c9170c58065944c56e28a33?s=96&d=mm&r=g\",\"contentUrl\":\"https:\\\/\\\/secure.gravatar.com\\\/avatar\\\/3ee4e82f93b26de0a7cf4ea5eb7893da637ed6bb0c9170c58065944c56e28a33?s=96&d=mm&r=g\",\"caption\":\"Gustavo Silva\"},\"url\":\"https:\\\/\\\/redenoticiaz.com.br\\\/litoralsp\\\/author\\\/gustavosilva\"}]}<\/script>\n<!-- \/ Yoast SEO plugin. -->","yoast_head_json":{"title":"Banco Mundial: covid-19 pode resultar em gera\u00e7\u00e3o perdida de jovens - Litoral SP","description":"A pandemia de covid-19 comprometeu o desenvolvimento de milh\u00f5es de crian\u00e7as e jovens nos pa\u00edses de baixa e m\u00e9dia renda, divulgou o Banco Mundial.","robots":{"index":"index","follow":"follow","max-snippet":"max-snippet:-1","max-image-preview":"max-image-preview:large","max-video-preview":"max-video-preview:-1"},"canonical":"https:\/\/redenoticiaz.com.br\/litoralsp\/2023\/02\/19\/banco-mundial-covid-19-pode-resultar-em-geracao-perdida-de-jovens","og_locale":"pt_BR","og_type":"article","og_title":"Banco Mundial: covid-19 pode resultar em gera\u00e7\u00e3o perdida de jovens - Litoral SP","og_description":"A pandemia de covid-19 comprometeu o desenvolvimento de milh\u00f5es de crian\u00e7as e jovens nos pa\u00edses de baixa e m\u00e9dia renda, divulgou o Banco Mundial.","og_url":"https:\/\/redenoticiaz.com.br\/litoralsp\/2023\/02\/19\/banco-mundial-covid-19-pode-resultar-em-geracao-perdida-de-jovens","og_site_name":"Litoral SP","article_published_time":"2023-02-19T20:00:27+00:00","article_modified_time":"2023-02-20T13:20:26+00:00","og_image":[{"url":"https:\/\/agenciabrasil.ebc.com.br\/ebc.png?id=1511083&amp;o=node","type":"","width":"","height":""}],"author":"Gustavo Silva","twitter_card":"summary_large_image","twitter_misc":{"Escrito por":"Gustavo Silva","Est. tempo de leitura":"3 minutos"},"schema":{"@context":"https:\/\/schema.org","@graph":[{"@type":"Article","@id":"https:\/\/redenoticiaz.com.br\/litoralsp\/2023\/02\/19\/banco-mundial-covid-19-pode-resultar-em-geracao-perdida-de-jovens#article","isPartOf":{"@id":"https:\/\/redenoticiaz.com.br\/litoralsp\/2023\/02\/19\/banco-mundial-covid-19-pode-resultar-em-geracao-perdida-de-jovens"},"author":{"name":"Gustavo Silva","@id":"https:\/\/redenoticiaz.com.br\/litoralsp\/#\/schema\/person\/16057b37a3c0ee6b096d7f887c566e2e"},"headline":"Banco Mundial: covid-19 pode resultar em gera\u00e7\u00e3o perdida de jovens","datePublished":"2023-02-19T20:00:27+00:00","dateModified":"2023-02-20T13:20:26+00:00","mainEntityOfPage":{"@id":"https:\/\/redenoticiaz.com.br\/litoralsp\/2023\/02\/19\/banco-mundial-covid-19-pode-resultar-em-geracao-perdida-de-jovens"},"wordCount":353,"commentCount":0,"publisher":{"@id":"https:\/\/redenoticiaz.com.br\/litoralsp\/#organization"},"image":{"@id":"https:\/\/redenoticiaz.com.br\/litoralsp\/2023\/02\/19\/banco-mundial-covid-19-pode-resultar-em-geracao-perdida-de-jovens#primaryimage"},"thumbnailUrl":"https:\/\/redenoticiaz.com.br\/litoralsp\/wp-content\/uploads\/sites\/3\/2023\/01\/Ministerio-da-Saude-anuncia-campanha-com-vacina-bivalente-contra-a-covid-19.jpg","keywords":["COVID","DEPRESS\u00c3O","educa\u00e7\u00e3o","ESTUDOS","JOVENS"],"articleSection":["Educa\u00e7\u00e3o","Sa\u00fade"],"inLanguage":"pt-BR","potentialAction":[{"@type":"CommentAction","name":"Comment","target":["https:\/\/redenoticiaz.com.br\/litoralsp\/2023\/02\/19\/banco-mundial-covid-19-pode-resultar-em-geracao-perdida-de-jovens#respond"]}]},{"@type":"WebPage","@id":"https:\/\/redenoticiaz.com.br\/litoralsp\/2023\/02\/19\/banco-mundial-covid-19-pode-resultar-em-geracao-perdida-de-jovens","url":"https:\/\/redenoticiaz.com.br\/litoralsp\/2023\/02\/19\/banco-mundial-covid-19-pode-resultar-em-geracao-perdida-de-jovens","name":"Banco Mundial: covid-19 pode resultar em gera\u00e7\u00e3o perdida de jovens - Litoral SP","isPartOf":{"@id":"https:\/\/redenoticiaz.com.br\/litoralsp\/#website"},"primaryImageOfPage":{"@id":"https:\/\/redenoticiaz.com.br\/litoralsp\/2023\/02\/19\/banco-mundial-covid-19-pode-resultar-em-geracao-perdida-de-jovens#primaryimage"},"image":{"@id":"https:\/\/redenoticiaz.com.br\/litoralsp\/2023\/02\/19\/banco-mundial-covid-19-pode-resultar-em-geracao-perdida-de-jovens#primaryimage"},"thumbnailUrl":"https:\/\/redenoticiaz.com.br\/litoralsp\/wp-content\/uploads\/sites\/3\/2023\/01\/Ministerio-da-Saude-anuncia-campanha-com-vacina-bivalente-contra-a-covid-19.jpg","datePublished":"2023-02-19T20:00:27+00:00","dateModified":"2023-02-20T13:20:26+00:00","description":"A pandemia de covid-19 comprometeu o desenvolvimento de milh\u00f5es de crian\u00e7as e jovens nos pa\u00edses de baixa e m\u00e9dia renda, divulgou o Banco Mundial.","inLanguage":"pt-BR","potentialAction":[{"@type":"ReadAction","target":["https:\/\/redenoticiaz.com.br\/litoralsp\/2023\/02\/19\/banco-mundial-covid-19-pode-resultar-em-geracao-perdida-de-jovens"]}]},{"@type":"ImageObject","inLanguage":"pt-BR","@id":"https:\/\/redenoticiaz.com.br\/litoralsp\/2023\/02\/19\/banco-mundial-covid-19-pode-resultar-em-geracao-perdida-de-jovens#primaryimage","url":"https:\/\/redenoticiaz.com.br\/litoralsp\/wp-content\/uploads\/sites\/3\/2023\/01\/Ministerio-da-Saude-anuncia-campanha-com-vacina-bivalente-contra-a-covid-19.jpg","contentUrl":"https:\/\/redenoticiaz.com.br\/litoralsp\/wp-content\/uploads\/sites\/3\/2023\/01\/Ministerio-da-Saude-anuncia-campanha-com-vacina-bivalente-contra-a-covid-19.jpg","width":1200,"height":628,"caption":"Cr\u00e9dito: Reprodu\u00e7\u00e3o"},{"@type":"WebSite","@id":"https:\/\/redenoticiaz.com.br\/litoralsp\/#website","url":"https:\/\/redenoticiaz.com.br\/litoralsp\/","name":"Litoral SP","description":"Rede NoticiaZ","publisher":{"@id":"https:\/\/redenoticiaz.com.br\/litoralsp\/#organization"},"potentialAction":[{"@type":"SearchAction","target":{"@type":"EntryPoint","urlTemplate":"https:\/\/redenoticiaz.com.br\/litoralsp\/?s={search_term_string}"},"query-input":{"@type":"PropertyValueSpecification","valueRequired":true,"valueName":"search_term_string"}}],"inLanguage":"pt-BR"},{"@type":"Organization","@id":"https:\/\/redenoticiaz.com.br\/litoralsp\/#organization","name":"Litoral SP","url":"https:\/\/redenoticiaz.com.br\/litoralsp\/","logo":{"@type":"ImageObject","inLanguage":"pt-BR","@id":"https:\/\/redenoticiaz.com.br\/litoralsp\/#\/schema\/logo\/image\/","url":"https:\/\/redenoticiaz.com.br\/litoralsp\/wp-content\/uploads\/sites\/3\/2020\/11\/logo.jpg","contentUrl":"https:\/\/redenoticiaz.com.br\/litoralsp\/wp-content\/uploads\/sites\/3\/2020\/11\/logo.jpg","width":400,"height":250,"caption":"Litoral SP"},"image":{"@id":"https:\/\/redenoticiaz.com.br\/litoralsp\/#\/schema\/logo\/image\/"}},{"@type":"Person","@id":"https:\/\/redenoticiaz.com.br\/litoralsp\/#\/schema\/person\/16057b37a3c0ee6b096d7f887c566e2e","name":"Gustavo Silva","image":{"@type":"ImageObject","inLanguage":"pt-BR","@id":"https:\/\/secure.gravatar.com\/avatar\/3ee4e82f93b26de0a7cf4ea5eb7893da637ed6bb0c9170c58065944c56e28a33?s=96&d=mm&r=g","url":"https:\/\/secure.gravatar.com\/avatar\/3ee4e82f93b26de0a7cf4ea5eb7893da637ed6bb0c9170c58065944c56e28a33?s=96&d=mm&r=g","contentUrl":"https:\/\/secure.gravatar.com\/avatar\/3ee4e82f93b26de0a7cf4ea5eb7893da637ed6bb0c9170c58065944c56e28a33?s=96&d=mm&r=g","caption":"Gustavo Silva"},"url":"https:\/\/redenoticiaz.com.br\/litoralsp\/author\/gustavosilva"}]}},"_links":{"self":[{"href":"https:\/\/redenoticiaz.com.br\/litoralsp\/wp-json\/wp\/v2\/posts\/100969","targetHints":{"allow":["GET"]}}],"collection":[{"href":"https:\/\/redenoticiaz.com.br\/litoralsp\/wp-json\/wp\/v2\/posts"}],"about":[{"href":"https:\/\/redenoticiaz.com.br\/litoralsp\/wp-json\/wp\/v2\/types\/post"}],"author":[{"embeddable":true,"href":"https:\/\/redenoticiaz.com.br\/litoralsp\/wp-json\/wp\/v2\/users\/12"}],"replies":[{"embeddable":true,"href":"https:\/\/redenoticiaz.com.br\/litoralsp\/wp-json\/wp\/v2\/comments?post=100969"}],"version-history":[{"count":1,"href":"https:\/\/redenoticiaz.com.br\/litoralsp\/wp-json\/wp\/v2\/posts\/100969\/revisions"}],"predecessor-version":[{"id":101074,"href":"https:\/\/redenoticiaz.com.br\/litoralsp\/wp-json\/wp\/v2\/posts\/100969\/revisions\/101074"}],"wp:featuredmedia":[{"embeddable":true,"href":"https:\/\/redenoticiaz.com.br\/litoralsp\/wp-json\/wp\/v2\/media\/99612"}],"wp:attachment":[{"href":"https:\/\/redenoticiaz.com.br\/litoralsp\/wp-json\/wp\/v2\/media?parent=100969"}],"wp:term":[{"taxonomy":"category","embeddable":true,"href":"https:\/\/redenoticiaz.com.br\/litoralsp\/wp-json\/wp\/v2\/categories?post=100969"},{"taxonomy":"post_tag","embeddable":true,"href":"https:\/\/redenoticiaz.com.br\/litoralsp\/wp-json\/wp\/v2\/tags?post=100969"}],"curies":[{"name":"wp","href":"https:\/\/api.w.org\/{rel}","templated":true}]}}