{"id":100982,"date":"2023-02-17T16:21:13","date_gmt":"2023-02-17T19:21:13","guid":{"rendered":"https:\/\/redenoticiaz.com.br\/litoralsp\/2023\/02\/17\/video-deputado-celso-russomanno-discute-apos-acidente-de-transito"},"modified":"2023-02-17T17:50:20","modified_gmt":"2023-02-17T20:50:20","slug":"video-deputado-celso-russomanno-discute-apos-acidente-de-transito","status":"publish","type":"post","link":"https:\/\/redenoticiaz.com.br\/litoralsp\/2023\/02\/17\/video-deputado-celso-russomanno-discute-apos-acidente-de-transito","title":{"rendered":"V\u00eddeo \u2013 Deputado Celso Russomanno discute ap\u00f3s acidente de tr\u00e2nsito"},"content":{"rendered":"<p>O apresentador Celso Russomanno ficou nervoso quando uma Kombi bateu em seu carro na quinta-feira (16\/2), no centro de S\u00e3o Paulo. Ele se irritou, discutindo com o motorista, exigindo assim seus direitos.<\/p>\n<div id=\"chunk-flg3m\">\n<div class=\"mc-column content-text active-extra-styles \" data-block-type=\"unstyled\" data-block-weight=\"47\" data-block-id=\"7\">\n<p class=\"content-text__container \" data-track-category=\"Link no Texto\" data-track-links=\"\">Nas imagens \u00e9 poss\u00edvel ver o carro de Russomanno parado na direita, como se estivesse estacionado. Em seguida, o autom\u00f3vel do deputado, que era guiado por seu motorista particular, come\u00e7a a se movimentar, mas sem sinalizar com a seta.<\/p>\n<\/div>\n<\/div>\n<div id=\"chunk-9l1uj\">\n<div class=\"mc-column content-text active-extra-styles \" data-block-type=\"unstyled\" data-block-weight=\"46\" data-block-id=\"8\">\n<p class=\"content-text__container \" data-track-category=\"Link no Texto\" data-track-links=\"\">Em seguida surge a Kombi na outra faixa, \u00e0 esquerda. Ela aparece nas imagens com a seta ligada, informando que ir\u00e1 mudar de faixa. Depois, quando faz a convers\u00e3o, a Kombi e o carro do deputado batem. O parachoque da Kombi fica presa na lateral do Mitsubishi e arranca parte da lataria, que cai no asfalto.<\/p>\n<div id=\"chunk-ahktf\">\n<div class=\"mc-column content-text active-extra-styles \" data-block-type=\"unstyled\" data-block-weight=\"27\" data-block-id=\"9\">\n<p class=\"content-text__container \" data-track-category=\"Link no Texto\" data-track-links=\"\">Assista \u00e0s imagens que mostra o momento da batida.<\/p>\n<div style=\"width: 640px;\" class=\"wp-video\"><video class=\"wp-video-shortcode\" id=\"video-100982-1\" width=\"640\" height=\"352\" preload=\"metadata\" controls=\"controls\"><source type=\"video\/mp4\" src=\"https:\/\/redenoticiaz.com.br\/litoralsp\/wp-content\/uploads\/sites\/3\/2023\/02\/Kombi-bate-em-seu-carro-de-luxo-um-Mitsubishi-Pajero-Sport-avaliado-em-cerca-de-R-400-mil..mp4?_=1\" \/><a href=\"https:\/\/redenoticiaz.com.br\/litoralsp\/wp-content\/uploads\/sites\/3\/2023\/02\/Kombi-bate-em-seu-carro-de-luxo-um-Mitsubishi-Pajero-Sport-avaliado-em-cerca-de-R-400-mil..mp4\">https:\/\/redenoticiaz.com.br\/litoralsp\/wp-content\/uploads\/sites\/3\/2023\/02\/Kombi-bate-em-seu-carro-de-luxo-um-Mitsubishi-Pajero-Sport-avaliado-em-cerca-de-R-400-mil..mp4<\/a><\/video><\/div>\n<\/div>\n<\/div>\n<div class=\"mc-column content-text active-extra-styles\" data-block-type=\"raw\" data-block-weight=\"34\" data-block-id=\"10\">\n<p class=\"content-text__container\">VEJA TAMB\u00c9M:\u00a0<a href=\"https:\/\/redenoticiaz.com.br\/barretos-regiao\/sp\/2023\/02\/17\/video-cantor-pericles-tem-carro-roubado-por-bandidos-armados\">V\u00cdDEO \u2013 Cantor P\u00e9ricles tem carro roubado por bandidos armados<\/a><\/p>\n<\/div>\n<\/div>\n<\/div>\n<p>&nbsp;<\/p>\n<p>&nbsp;<\/p>\n","protected":false},"excerpt":{"rendered":"<p>O apresentador Celso Russomanno ficou nervoso quando uma Kombi bateu em seu carro na quinta-feira (16\/2), no centro de S\u00e3o Paulo. Ele se irritou, discutindo com o motorista, exigindo assim seus direitos. Nas imagens \u00e9 poss\u00edvel ver o carro de Russomanno parado na direita, como se estivesse estacionado. Em seguida, o autom\u00f3vel do deputado, que &hellip;<\/p>\n","protected":false},"author":15,"featured_media":100983,"comment_status":"open","ping_status":"closed","sticky":false,"template":"","format":"standard","meta":{"footnotes":""},"categories":[60954,15,5],"tags":[30475,63445,63446,36097],"class_list":["post-100982","post","type-post","status-publish","format-standard","has-post-thumbnail","hentry","category-celebridades","category-politica","category-transito","tag-carro-de-luxo","tag-celso-russomanno","tag-discute-em-transito","tag-kombi"],"yoast_head":"<!-- This site is optimized with the Yoast SEO plugin v27.5 - https:\/\/yoast.com\/product\/yoast-seo-wordpress\/ -->\n<title>V\u00eddeo \u2013 Deputado Celso Russomanno discute ap\u00f3s acidente de tr\u00e2nsito - Litoral SP<\/title>\n<meta name=\"description\" content=\"O apresentador Celso Russomanno ficou nervoso quando uma Kombi bateu em seu carro na quinta-feira (16\/2), no centro de S\u00e3o Paulo.\" \/>\n<meta name=\"robots\" content=\"index, follow, max-snippet:-1, max-image-preview:large, max-video-preview:-1\" \/>\n<link rel=\"canonical\" href=\"https:\/\/redenoticiaz.com.br\/litoralsp\/2023\/02\/17\/video-deputado-celso-russomanno-discute-apos-acidente-de-transito\" \/>\n<meta property=\"og:locale\" content=\"pt_BR\" \/>\n<meta property=\"og:type\" content=\"article\" \/>\n<meta property=\"og:title\" content=\"V\u00eddeo \u2013 Deputado Celso Russomanno discute ap\u00f3s acidente de tr\u00e2nsito - Litoral SP\" \/>\n<meta property=\"og:description\" content=\"O apresentador Celso Russomanno ficou nervoso quando uma Kombi bateu em seu carro na quinta-feira (16\/2), no centro de S\u00e3o Paulo.\" \/>\n<meta property=\"og:url\" content=\"https:\/\/redenoticiaz.com.br\/litoralsp\/2023\/02\/17\/video-deputado-celso-russomanno-discute-apos-acidente-de-transito\" \/>\n<meta property=\"og:site_name\" content=\"Litoral SP\" \/>\n<meta property=\"article:published_time\" content=\"2023-02-17T19:21:13+00:00\" \/>\n<meta property=\"article:modified_time\" content=\"2023-02-17T20:50:20+00:00\" \/>\n<meta property=\"og:image\" content=\"https:\/\/redenoticiaz.com.br\/litoralsp\/wp-content\/uploads\/sites\/3\/2023\/02\/Video-Deputado-Celso-Russomanno-discute-apos-acidente-de-transito.jpg\" \/>\n\t<meta property=\"og:image:width\" content=\"1200\" \/>\n\t<meta property=\"og:image:height\" content=\"628\" \/>\n\t<meta property=\"og:image:type\" content=\"image\/jpeg\" \/>\n<meta name=\"twitter:card\" content=\"summary_large_image\" \/>\n<meta name=\"twitter:label1\" content=\"Escrito por\" \/>\n\t<meta name=\"twitter:data1\" content=\"\" \/>\n\t<meta name=\"twitter:label2\" content=\"Est. tempo de leitura\" \/>\n\t<meta name=\"twitter:data2\" content=\"1 minuto\" \/>\n<script type=\"application\/ld+json\" class=\"yoast-schema-graph\">{\"@context\":\"https:\\\/\\\/schema.org\",\"@graph\":[{\"@type\":\"Article\",\"@id\":\"https:\\\/\\\/redenoticiaz.com.br\\\/litoralsp\\\/2023\\\/02\\\/17\\\/video-deputado-celso-russomanno-discute-apos-acidente-de-transito#article\",\"isPartOf\":{\"@id\":\"https:\\\/\\\/redenoticiaz.com.br\\\/litoralsp\\\/2023\\\/02\\\/17\\\/video-deputado-celso-russomanno-discute-apos-acidente-de-transito\"},\"author\":{\"name\":\"\",\"@id\":\"\"},\"headline\":\"V\u00eddeo \u2013 Deputado Celso Russomanno discute ap\u00f3s acidente de tr\u00e2nsito\",\"datePublished\":\"2023-02-17T19:21:13+00:00\",\"dateModified\":\"2023-02-17T20:50:20+00:00\",\"mainEntityOfPage\":{\"@id\":\"https:\\\/\\\/redenoticiaz.com.br\\\/litoralsp\\\/2023\\\/02\\\/17\\\/video-deputado-celso-russomanno-discute-apos-acidente-de-transito\"},\"wordCount\":182,\"commentCount\":0,\"publisher\":{\"@id\":\"https:\\\/\\\/redenoticiaz.com.br\\\/litoralsp\\\/#organization\"},\"image\":{\"@id\":\"https:\\\/\\\/redenoticiaz.com.br\\\/litoralsp\\\/2023\\\/02\\\/17\\\/video-deputado-celso-russomanno-discute-apos-acidente-de-transito#primaryimage\"},\"thumbnailUrl\":\"https:\\\/\\\/redenoticiaz.com.br\\\/litoralsp\\\/wp-content\\\/uploads\\\/sites\\\/3\\\/2023\\\/02\\\/Video-Deputado-Celso-Russomanno-discute-apos-acidente-de-transito.jpg\",\"keywords\":[\"CARRO DE LUXO\",\"Celso Russomanno\",\"discute em tr\u00e2nsito\",\"Kombi\"],\"articleSection\":[\"Celebridades\",\"Pol\u00edtica\",\"Tr\u00e2nsito\"],\"inLanguage\":\"pt-BR\",\"potentialAction\":[{\"@type\":\"CommentAction\",\"name\":\"Comment\",\"target\":[\"https:\\\/\\\/redenoticiaz.com.br\\\/litoralsp\\\/2023\\\/02\\\/17\\\/video-deputado-celso-russomanno-discute-apos-acidente-de-transito#respond\"]}]},{\"@type\":\"WebPage\",\"@id\":\"https:\\\/\\\/redenoticiaz.com.br\\\/litoralsp\\\/2023\\\/02\\\/17\\\/video-deputado-celso-russomanno-discute-apos-acidente-de-transito\",\"url\":\"https:\\\/\\\/redenoticiaz.com.br\\\/litoralsp\\\/2023\\\/02\\\/17\\\/video-deputado-celso-russomanno-discute-apos-acidente-de-transito\",\"name\":\"V\u00eddeo \u2013 Deputado Celso Russomanno discute ap\u00f3s acidente de tr\u00e2nsito - Litoral SP\",\"isPartOf\":{\"@id\":\"https:\\\/\\\/redenoticiaz.com.br\\\/litoralsp\\\/#website\"},\"primaryImageOfPage\":{\"@id\":\"https:\\\/\\\/redenoticiaz.com.br\\\/litoralsp\\\/2023\\\/02\\\/17\\\/video-deputado-celso-russomanno-discute-apos-acidente-de-transito#primaryimage\"},\"image\":{\"@id\":\"https:\\\/\\\/redenoticiaz.com.br\\\/litoralsp\\\/2023\\\/02\\\/17\\\/video-deputado-celso-russomanno-discute-apos-acidente-de-transito#primaryimage\"},\"thumbnailUrl\":\"https:\\\/\\\/redenoticiaz.com.br\\\/litoralsp\\\/wp-content\\\/uploads\\\/sites\\\/3\\\/2023\\\/02\\\/Video-Deputado-Celso-Russomanno-discute-apos-acidente-de-transito.jpg\",\"datePublished\":\"2023-02-17T19:21:13+00:00\",\"dateModified\":\"2023-02-17T20:50:20+00:00\",\"description\":\"O apresentador Celso Russomanno ficou nervoso quando uma Kombi bateu em seu carro na quinta-feira (16\\\/2), no centro de S\u00e3o Paulo.\",\"inLanguage\":\"pt-BR\",\"potentialAction\":[{\"@type\":\"ReadAction\",\"target\":[\"https:\\\/\\\/redenoticiaz.com.br\\\/litoralsp\\\/2023\\\/02\\\/17\\\/video-deputado-celso-russomanno-discute-apos-acidente-de-transito\"]}]},{\"@type\":\"ImageObject\",\"inLanguage\":\"pt-BR\",\"@id\":\"https:\\\/\\\/redenoticiaz.com.br\\\/litoralsp\\\/2023\\\/02\\\/17\\\/video-deputado-celso-russomanno-discute-apos-acidente-de-transito#primaryimage\",\"url\":\"https:\\\/\\\/redenoticiaz.com.br\\\/litoralsp\\\/wp-content\\\/uploads\\\/sites\\\/3\\\/2023\\\/02\\\/Video-Deputado-Celso-Russomanno-discute-apos-acidente-de-transito.jpg\",\"contentUrl\":\"https:\\\/\\\/redenoticiaz.com.br\\\/litoralsp\\\/wp-content\\\/uploads\\\/sites\\\/3\\\/2023\\\/02\\\/Video-Deputado-Celso-Russomanno-discute-apos-acidente-de-transito.jpg\",\"width\":1200,\"height\":628,\"caption\":\"Kombi bate em carro de luxo de Celso Russomanno. Cr\u00e9dito: Divulga\u00e7\u00e3o\"},{\"@type\":\"WebSite\",\"@id\":\"https:\\\/\\\/redenoticiaz.com.br\\\/litoralsp\\\/#website\",\"url\":\"https:\\\/\\\/redenoticiaz.com.br\\\/litoralsp\\\/\",\"name\":\"Litoral SP\",\"description\":\"Rede NoticiaZ\",\"publisher\":{\"@id\":\"https:\\\/\\\/redenoticiaz.com.br\\\/litoralsp\\\/#organization\"},\"potentialAction\":[{\"@type\":\"SearchAction\",\"target\":{\"@type\":\"EntryPoint\",\"urlTemplate\":\"https:\\\/\\\/redenoticiaz.com.br\\\/litoralsp\\\/?s={search_term_string}\"},\"query-input\":{\"@type\":\"PropertyValueSpecification\",\"valueRequired\":true,\"valueName\":\"search_term_string\"}}],\"inLanguage\":\"pt-BR\"},{\"@type\":\"Organization\",\"@id\":\"https:\\\/\\\/redenoticiaz.com.br\\\/litoralsp\\\/#organization\",\"name\":\"Litoral SP\",\"url\":\"https:\\\/\\\/redenoticiaz.com.br\\\/litoralsp\\\/\",\"logo\":{\"@type\":\"ImageObject\",\"inLanguage\":\"pt-BR\",\"@id\":\"https:\\\/\\\/redenoticiaz.com.br\\\/litoralsp\\\/#\\\/schema\\\/logo\\\/image\\\/\",\"url\":\"https:\\\/\\\/redenoticiaz.com.br\\\/litoralsp\\\/wp-content\\\/uploads\\\/sites\\\/3\\\/2020\\\/11\\\/logo.jpg\",\"contentUrl\":\"https:\\\/\\\/redenoticiaz.com.br\\\/litoralsp\\\/wp-content\\\/uploads\\\/sites\\\/3\\\/2020\\\/11\\\/logo.jpg\",\"width\":400,\"height\":250,\"caption\":\"Litoral SP\"},\"image\":{\"@id\":\"https:\\\/\\\/redenoticiaz.com.br\\\/litoralsp\\\/#\\\/schema\\\/logo\\\/image\\\/\"}},{\"@type\":\"Person\",\"@id\":\"\",\"url\":\"https:\\\/\\\/redenoticiaz.com.br\\\/litoralsp\\\/author\"}]}<\/script>\n<!-- \/ Yoast SEO plugin. -->","yoast_head_json":{"title":"V\u00eddeo \u2013 Deputado Celso Russomanno discute ap\u00f3s acidente de tr\u00e2nsito - Litoral SP","description":"O apresentador Celso Russomanno ficou nervoso quando uma Kombi bateu em seu carro na quinta-feira (16\/2), no centro de S\u00e3o Paulo.","robots":{"index":"index","follow":"follow","max-snippet":"max-snippet:-1","max-image-preview":"max-image-preview:large","max-video-preview":"max-video-preview:-1"},"canonical":"https:\/\/redenoticiaz.com.br\/litoralsp\/2023\/02\/17\/video-deputado-celso-russomanno-discute-apos-acidente-de-transito","og_locale":"pt_BR","og_type":"article","og_title":"V\u00eddeo \u2013 Deputado Celso Russomanno discute ap\u00f3s acidente de tr\u00e2nsito - Litoral SP","og_description":"O apresentador Celso Russomanno ficou nervoso quando uma Kombi bateu em seu carro na quinta-feira (16\/2), no centro de S\u00e3o Paulo.","og_url":"https:\/\/redenoticiaz.com.br\/litoralsp\/2023\/02\/17\/video-deputado-celso-russomanno-discute-apos-acidente-de-transito","og_site_name":"Litoral SP","article_published_time":"2023-02-17T19:21:13+00:00","article_modified_time":"2023-02-17T20:50:20+00:00","og_image":[{"width":1200,"height":628,"url":"https:\/\/redenoticiaz.com.br\/litoralsp\/wp-content\/uploads\/sites\/3\/2023\/02\/Video-Deputado-Celso-Russomanno-discute-apos-acidente-de-transito.jpg","type":"image\/jpeg"}],"twitter_card":"summary_large_image","twitter_misc":{"Escrito por":"","Est. tempo de leitura":"1 minuto"},"schema":{"@context":"https:\/\/schema.org","@graph":[{"@type":"Article","@id":"https:\/\/redenoticiaz.com.br\/litoralsp\/2023\/02\/17\/video-deputado-celso-russomanno-discute-apos-acidente-de-transito#article","isPartOf":{"@id":"https:\/\/redenoticiaz.com.br\/litoralsp\/2023\/02\/17\/video-deputado-celso-russomanno-discute-apos-acidente-de-transito"},"author":{"name":"","@id":""},"headline":"V\u00eddeo \u2013 Deputado Celso Russomanno discute ap\u00f3s acidente de tr\u00e2nsito","datePublished":"2023-02-17T19:21:13+00:00","dateModified":"2023-02-17T20:50:20+00:00","mainEntityOfPage":{"@id":"https:\/\/redenoticiaz.com.br\/litoralsp\/2023\/02\/17\/video-deputado-celso-russomanno-discute-apos-acidente-de-transito"},"wordCount":182,"commentCount":0,"publisher":{"@id":"https:\/\/redenoticiaz.com.br\/litoralsp\/#organization"},"image":{"@id":"https:\/\/redenoticiaz.com.br\/litoralsp\/2023\/02\/17\/video-deputado-celso-russomanno-discute-apos-acidente-de-transito#primaryimage"},"thumbnailUrl":"https:\/\/redenoticiaz.com.br\/litoralsp\/wp-content\/uploads\/sites\/3\/2023\/02\/Video-Deputado-Celso-Russomanno-discute-apos-acidente-de-transito.jpg","keywords":["CARRO DE LUXO","Celso Russomanno","discute em tr\u00e2nsito","Kombi"],"articleSection":["Celebridades","Pol\u00edtica","Tr\u00e2nsito"],"inLanguage":"pt-BR","potentialAction":[{"@type":"CommentAction","name":"Comment","target":["https:\/\/redenoticiaz.com.br\/litoralsp\/2023\/02\/17\/video-deputado-celso-russomanno-discute-apos-acidente-de-transito#respond"]}]},{"@type":"WebPage","@id":"https:\/\/redenoticiaz.com.br\/litoralsp\/2023\/02\/17\/video-deputado-celso-russomanno-discute-apos-acidente-de-transito","url":"https:\/\/redenoticiaz.com.br\/litoralsp\/2023\/02\/17\/video-deputado-celso-russomanno-discute-apos-acidente-de-transito","name":"V\u00eddeo \u2013 Deputado Celso Russomanno discute ap\u00f3s acidente de tr\u00e2nsito - Litoral SP","isPartOf":{"@id":"https:\/\/redenoticiaz.com.br\/litoralsp\/#website"},"primaryImageOfPage":{"@id":"https:\/\/redenoticiaz.com.br\/litoralsp\/2023\/02\/17\/video-deputado-celso-russomanno-discute-apos-acidente-de-transito#primaryimage"},"image":{"@id":"https:\/\/redenoticiaz.com.br\/litoralsp\/2023\/02\/17\/video-deputado-celso-russomanno-discute-apos-acidente-de-transito#primaryimage"},"thumbnailUrl":"https:\/\/redenoticiaz.com.br\/litoralsp\/wp-content\/uploads\/sites\/3\/2023\/02\/Video-Deputado-Celso-Russomanno-discute-apos-acidente-de-transito.jpg","datePublished":"2023-02-17T19:21:13+00:00","dateModified":"2023-02-17T20:50:20+00:00","description":"O apresentador Celso Russomanno ficou nervoso quando uma Kombi bateu em seu carro na quinta-feira (16\/2), no centro de S\u00e3o Paulo.","inLanguage":"pt-BR","potentialAction":[{"@type":"ReadAction","target":["https:\/\/redenoticiaz.com.br\/litoralsp\/2023\/02\/17\/video-deputado-celso-russomanno-discute-apos-acidente-de-transito"]}]},{"@type":"ImageObject","inLanguage":"pt-BR","@id":"https:\/\/redenoticiaz.com.br\/litoralsp\/2023\/02\/17\/video-deputado-celso-russomanno-discute-apos-acidente-de-transito#primaryimage","url":"https:\/\/redenoticiaz.com.br\/litoralsp\/wp-content\/uploads\/sites\/3\/2023\/02\/Video-Deputado-Celso-Russomanno-discute-apos-acidente-de-transito.jpg","contentUrl":"https:\/\/redenoticiaz.com.br\/litoralsp\/wp-content\/uploads\/sites\/3\/2023\/02\/Video-Deputado-Celso-Russomanno-discute-apos-acidente-de-transito.jpg","width":1200,"height":628,"caption":"Kombi bate em carro de luxo de Celso Russomanno. Cr\u00e9dito: Divulga\u00e7\u00e3o"},{"@type":"WebSite","@id":"https:\/\/redenoticiaz.com.br\/litoralsp\/#website","url":"https:\/\/redenoticiaz.com.br\/litoralsp\/","name":"Litoral SP","description":"Rede NoticiaZ","publisher":{"@id":"https:\/\/redenoticiaz.com.br\/litoralsp\/#organization"},"potentialAction":[{"@type":"SearchAction","target":{"@type":"EntryPoint","urlTemplate":"https:\/\/redenoticiaz.com.br\/litoralsp\/?s={search_term_string}"},"query-input":{"@type":"PropertyValueSpecification","valueRequired":true,"valueName":"search_term_string"}}],"inLanguage":"pt-BR"},{"@type":"Organization","@id":"https:\/\/redenoticiaz.com.br\/litoralsp\/#organization","name":"Litoral SP","url":"https:\/\/redenoticiaz.com.br\/litoralsp\/","logo":{"@type":"ImageObject","inLanguage":"pt-BR","@id":"https:\/\/redenoticiaz.com.br\/litoralsp\/#\/schema\/logo\/image\/","url":"https:\/\/redenoticiaz.com.br\/litoralsp\/wp-content\/uploads\/sites\/3\/2020\/11\/logo.jpg","contentUrl":"https:\/\/redenoticiaz.com.br\/litoralsp\/wp-content\/uploads\/sites\/3\/2020\/11\/logo.jpg","width":400,"height":250,"caption":"Litoral SP"},"image":{"@id":"https:\/\/redenoticiaz.com.br\/litoralsp\/#\/schema\/logo\/image\/"}},{"@type":"Person","@id":"","url":"https:\/\/redenoticiaz.com.br\/litoralsp\/author"}]}},"_links":{"self":[{"href":"https:\/\/redenoticiaz.com.br\/litoralsp\/wp-json\/wp\/v2\/posts\/100982","targetHints":{"allow":["GET"]}}],"collection":[{"href":"https:\/\/redenoticiaz.com.br\/litoralsp\/wp-json\/wp\/v2\/posts"}],"about":[{"href":"https:\/\/redenoticiaz.com.br\/litoralsp\/wp-json\/wp\/v2\/types\/post"}],"author":[{"embeddable":true,"href":"https:\/\/redenoticiaz.com.br\/litoralsp\/wp-json\/wp\/v2\/users\/15"}],"replies":[{"embeddable":true,"href":"https:\/\/redenoticiaz.com.br\/litoralsp\/wp-json\/wp\/v2\/comments?post=100982"}],"version-history":[{"count":1,"href":"https:\/\/redenoticiaz.com.br\/litoralsp\/wp-json\/wp\/v2\/posts\/100982\/revisions"}],"predecessor-version":[{"id":100993,"href":"https:\/\/redenoticiaz.com.br\/litoralsp\/wp-json\/wp\/v2\/posts\/100982\/revisions\/100993"}],"wp:featuredmedia":[{"embeddable":true,"href":"https:\/\/redenoticiaz.com.br\/litoralsp\/wp-json\/wp\/v2\/media\/100983"}],"wp:attachment":[{"href":"https:\/\/redenoticiaz.com.br\/litoralsp\/wp-json\/wp\/v2\/media?parent=100982"}],"wp:term":[{"taxonomy":"category","embeddable":true,"href":"https:\/\/redenoticiaz.com.br\/litoralsp\/wp-json\/wp\/v2\/categories?post=100982"},{"taxonomy":"post_tag","embeddable":true,"href":"https:\/\/redenoticiaz.com.br\/litoralsp\/wp-json\/wp\/v2\/tags?post=100982"}],"curies":[{"name":"wp","href":"https:\/\/api.w.org\/{rel}","templated":true}]}}