{"id":101053,"date":"2023-02-19T22:04:29","date_gmt":"2023-02-20T01:04:29","guid":{"rendered":"https:\/\/redenoticiaz.com.br\/litoralsp\/?p=101053"},"modified":"2023-02-19T22:04:29","modified_gmt":"2023-02-20T01:04:29","slug":"guaruja-registra-recorde-historico-de-volume-de-chuva-190-pessoas-estao-desabrigadas","status":"publish","type":"post","link":"https:\/\/redenoticiaz.com.br\/litoralsp\/2023\/02\/19\/guaruja-registra-recorde-historico-de-volume-de-chuva-190-pessoas-estao-desabrigadas","title":{"rendered":"Guaruj\u00e1 registra recorde hist\u00f3rico de volume de chuva; 190 pessoas est\u00e3o desabrigadas"},"content":{"rendered":"<p>O munic\u00edpio de Guaruj\u00e1, no litoral de S\u00e3o Paulo, registrou um recorde de volume de chuva, chegando a aproximadamente 400 mil\u00edmetros,\u00a0 o maior registro dos \u00faltimos 70 anos. 190 pessoas est\u00e3o desabrigadas, de acordo com a administra\u00e7\u00e3o municipal.<\/p>\n<p>O prefeito V\u00e1lter Suman (PSDB) determinou a instala\u00e7\u00e3o do Gabinete de Gest\u00e3o de Crise no come\u00e7o da manh\u00e3 para poder resolver a situa\u00e7\u00e3o do munic\u00edpio.<\/p>\n<p>As principais regi\u00f5es afetadas s\u00e3o: Perequ\u00ea, Morro do Sorocotuba, Pernambuco, Mar\u00e9 Mansa e Morrinhos.<\/p>\n<p>Segundo a prefeitura, mun\u00edcipes desabrigados recebem o atendimento da Secretaria Municipal de Desenvolvimento e Assist\u00eancia Social (Sedeas), com acolhimento seguro, alimenta\u00e7\u00e3o, higieniza\u00e7\u00e3o, roupas limpas e cadastramento no Centro de Refer\u00eancia de Assist\u00eancia Social (Cras).<\/p>\n<h4>RECORDE<\/h4>\n<p>Desde a d\u00e9cada de 50, Guaruj\u00e1 n\u00e3o recebia um n\u00edvel de chuvas t\u00e3o grande em um curto espa\u00e7o de tempo. Uma frente fria gerou um sistema de baixa press\u00e3o, trazendo umidade do Oceano para o Continente e ocasionando fortes chuvas em toda a baixada santista e litoral norte.<\/p>\n<p><strong>Leia mais<\/strong><\/p>\n<p><a href=\"https:\/\/redenoticiaz.com.br\/litoralsp\/2023\/02\/19\/lula-anuncia-ida-ao-litoral-e-governo-federal-anuncia-investimentos-apos-fortes-chuvas\">Lula anuncia ida ao Litoral e Governo Federal anuncia investimentos ap\u00f3s fortes chuvas<\/a><\/p>\n","protected":false},"excerpt":{"rendered":"<p>O munic\u00edpio de Guaruj\u00e1, no litoral de S\u00e3o Paulo, registrou um recorde de volume de chuva, chegando a aproximadamente 400 mil\u00edmetros,\u00a0 o maior registro dos \u00faltimos 70 anos. 190 pessoas est\u00e3o desabrigadas, de acordo com a administra\u00e7\u00e3o municipal. O prefeito V\u00e1lter Suman (PSDB) determinou a instala\u00e7\u00e3o do Gabinete de Gest\u00e3o de Crise no come\u00e7o da &hellip;<\/p>\n","protected":false},"author":12,"featured_media":101056,"comment_status":"open","ping_status":"closed","sticky":false,"template":"","format":"standard","meta":{"footnotes":""},"categories":[26798,187],"tags":[5552,45760,6426,63464,63465],"class_list":["post-101053","post","type-post","status-publish","format-standard","has-post-thumbnail","hentry","category-climatologia","category-guaruja","tag-chuva-forte","tag-chuvas-intensas","tag-guaruja-2","tag-recorde-historico-de-volume-de-chuva","tag-volume-de-chuva"],"yoast_head":"<!-- This site is optimized with the Yoast SEO plugin v27.5 - https:\/\/yoast.com\/product\/yoast-seo-wordpress\/ -->\n<title>Guaruj\u00e1 registra recorde hist\u00f3rico de volume de chuva; 190 pessoas est\u00e3o desabrigadas - Litoral SP<\/title>\n<meta name=\"description\" content=\"O munic\u00edpio de Guaruj\u00e1, no litoral de S\u00e3o Paulo, registrou um recorde de volume de chuva, pr\u00f3ximo de 400mm. 190 pessoas est\u00e3o desabrigadas.\" \/>\n<meta name=\"robots\" content=\"index, follow, max-snippet:-1, max-image-preview:large, max-video-preview:-1\" \/>\n<link rel=\"canonical\" href=\"https:\/\/redenoticiaz.com.br\/litoralsp\/2023\/02\/19\/guaruja-registra-recorde-historico-de-volume-de-chuva-190-pessoas-estao-desabrigadas\" \/>\n<meta property=\"og:locale\" content=\"pt_BR\" \/>\n<meta property=\"og:type\" content=\"article\" \/>\n<meta property=\"og:title\" content=\"Guaruj\u00e1 registra recorde hist\u00f3rico de volume de chuva; 190 pessoas est\u00e3o desabrigadas - Litoral SP\" \/>\n<meta property=\"og:description\" content=\"O munic\u00edpio de Guaruj\u00e1, no litoral de S\u00e3o Paulo, registrou um recorde de volume de chuva, pr\u00f3ximo de 400mm. 190 pessoas est\u00e3o desabrigadas.\" \/>\n<meta property=\"og:url\" content=\"https:\/\/redenoticiaz.com.br\/litoralsp\/2023\/02\/19\/guaruja-registra-recorde-historico-de-volume-de-chuva-190-pessoas-estao-desabrigadas\" \/>\n<meta property=\"og:site_name\" content=\"Litoral SP\" \/>\n<meta property=\"article:published_time\" content=\"2023-02-20T01:04:29+00:00\" \/>\n<meta property=\"og:image\" content=\"https:\/\/redenoticiaz.com.br\/litoralsp\/wp-content\/uploads\/sites\/3\/2023\/02\/chuva-guaruja.jpg\" \/>\n\t<meta property=\"og:image:width\" content=\"979\" \/>\n\t<meta property=\"og:image:height\" content=\"730\" \/>\n\t<meta property=\"og:image:type\" content=\"image\/jpeg\" \/>\n<meta name=\"author\" content=\"Gustavo Silva\" \/>\n<meta name=\"twitter:card\" content=\"summary_large_image\" \/>\n<meta name=\"twitter:label1\" content=\"Escrito por\" \/>\n\t<meta name=\"twitter:data1\" content=\"Gustavo Silva\" \/>\n\t<meta name=\"twitter:label2\" content=\"Est. tempo de leitura\" \/>\n\t<meta name=\"twitter:data2\" content=\"1 minuto\" \/>\n<script type=\"application\/ld+json\" class=\"yoast-schema-graph\">{\"@context\":\"https:\\\/\\\/schema.org\",\"@graph\":[{\"@type\":\"Article\",\"@id\":\"https:\\\/\\\/redenoticiaz.com.br\\\/litoralsp\\\/2023\\\/02\\\/19\\\/guaruja-registra-recorde-historico-de-volume-de-chuva-190-pessoas-estao-desabrigadas#article\",\"isPartOf\":{\"@id\":\"https:\\\/\\\/redenoticiaz.com.br\\\/litoralsp\\\/2023\\\/02\\\/19\\\/guaruja-registra-recorde-historico-de-volume-de-chuva-190-pessoas-estao-desabrigadas\"},\"author\":{\"name\":\"Gustavo Silva\",\"@id\":\"https:\\\/\\\/redenoticiaz.com.br\\\/litoralsp\\\/#\\\/schema\\\/person\\\/16057b37a3c0ee6b096d7f887c566e2e\"},\"headline\":\"Guaruj\u00e1 registra recorde hist\u00f3rico de volume de chuva; 190 pessoas est\u00e3o desabrigadas\",\"datePublished\":\"2023-02-20T01:04:29+00:00\",\"mainEntityOfPage\":{\"@id\":\"https:\\\/\\\/redenoticiaz.com.br\\\/litoralsp\\\/2023\\\/02\\\/19\\\/guaruja-registra-recorde-historico-de-volume-de-chuva-190-pessoas-estao-desabrigadas\"},\"wordCount\":210,\"commentCount\":0,\"publisher\":{\"@id\":\"https:\\\/\\\/redenoticiaz.com.br\\\/litoralsp\\\/#organization\"},\"image\":{\"@id\":\"https:\\\/\\\/redenoticiaz.com.br\\\/litoralsp\\\/2023\\\/02\\\/19\\\/guaruja-registra-recorde-historico-de-volume-de-chuva-190-pessoas-estao-desabrigadas#primaryimage\"},\"thumbnailUrl\":\"https:\\\/\\\/redenoticiaz.com.br\\\/litoralsp\\\/wp-content\\\/uploads\\\/sites\\\/3\\\/2023\\\/02\\\/chuva-guaruja.jpg\",\"keywords\":[\"CHUVA FORTE\",\"CHUVAS INTENSAS\",\"Guaruj\u00e1\",\"recorde hist\u00f3rico de volume de chuva\",\"volume de chuva\"],\"articleSection\":[\"Climatologia\",\"Guaruj\u00e1\"],\"inLanguage\":\"pt-BR\",\"potentialAction\":[{\"@type\":\"CommentAction\",\"name\":\"Comment\",\"target\":[\"https:\\\/\\\/redenoticiaz.com.br\\\/litoralsp\\\/2023\\\/02\\\/19\\\/guaruja-registra-recorde-historico-de-volume-de-chuva-190-pessoas-estao-desabrigadas#respond\"]}]},{\"@type\":\"WebPage\",\"@id\":\"https:\\\/\\\/redenoticiaz.com.br\\\/litoralsp\\\/2023\\\/02\\\/19\\\/guaruja-registra-recorde-historico-de-volume-de-chuva-190-pessoas-estao-desabrigadas\",\"url\":\"https:\\\/\\\/redenoticiaz.com.br\\\/litoralsp\\\/2023\\\/02\\\/19\\\/guaruja-registra-recorde-historico-de-volume-de-chuva-190-pessoas-estao-desabrigadas\",\"name\":\"Guaruj\u00e1 registra recorde hist\u00f3rico de volume de chuva; 190 pessoas est\u00e3o desabrigadas - Litoral SP\",\"isPartOf\":{\"@id\":\"https:\\\/\\\/redenoticiaz.com.br\\\/litoralsp\\\/#website\"},\"primaryImageOfPage\":{\"@id\":\"https:\\\/\\\/redenoticiaz.com.br\\\/litoralsp\\\/2023\\\/02\\\/19\\\/guaruja-registra-recorde-historico-de-volume-de-chuva-190-pessoas-estao-desabrigadas#primaryimage\"},\"image\":{\"@id\":\"https:\\\/\\\/redenoticiaz.com.br\\\/litoralsp\\\/2023\\\/02\\\/19\\\/guaruja-registra-recorde-historico-de-volume-de-chuva-190-pessoas-estao-desabrigadas#primaryimage\"},\"thumbnailUrl\":\"https:\\\/\\\/redenoticiaz.com.br\\\/litoralsp\\\/wp-content\\\/uploads\\\/sites\\\/3\\\/2023\\\/02\\\/chuva-guaruja.jpg\",\"datePublished\":\"2023-02-20T01:04:29+00:00\",\"description\":\"O munic\u00edpio de Guaruj\u00e1, no litoral de S\u00e3o Paulo, registrou um recorde de volume de chuva, pr\u00f3ximo de 400mm. 190 pessoas est\u00e3o desabrigadas.\",\"inLanguage\":\"pt-BR\",\"potentialAction\":[{\"@type\":\"ReadAction\",\"target\":[\"https:\\\/\\\/redenoticiaz.com.br\\\/litoralsp\\\/2023\\\/02\\\/19\\\/guaruja-registra-recorde-historico-de-volume-de-chuva-190-pessoas-estao-desabrigadas\"]}]},{\"@type\":\"ImageObject\",\"inLanguage\":\"pt-BR\",\"@id\":\"https:\\\/\\\/redenoticiaz.com.br\\\/litoralsp\\\/2023\\\/02\\\/19\\\/guaruja-registra-recorde-historico-de-volume-de-chuva-190-pessoas-estao-desabrigadas#primaryimage\",\"url\":\"https:\\\/\\\/redenoticiaz.com.br\\\/litoralsp\\\/wp-content\\\/uploads\\\/sites\\\/3\\\/2023\\\/02\\\/chuva-guaruja.jpg\",\"contentUrl\":\"https:\\\/\\\/redenoticiaz.com.br\\\/litoralsp\\\/wp-content\\\/uploads\\\/sites\\\/3\\\/2023\\\/02\\\/chuva-guaruja.jpg\",\"width\":979,\"height\":730,\"caption\":\"Foto: Addriana Cutino\\\/g1\"},{\"@type\":\"WebSite\",\"@id\":\"https:\\\/\\\/redenoticiaz.com.br\\\/litoralsp\\\/#website\",\"url\":\"https:\\\/\\\/redenoticiaz.com.br\\\/litoralsp\\\/\",\"name\":\"Litoral SP\",\"description\":\"Rede NoticiaZ\",\"publisher\":{\"@id\":\"https:\\\/\\\/redenoticiaz.com.br\\\/litoralsp\\\/#organization\"},\"potentialAction\":[{\"@type\":\"SearchAction\",\"target\":{\"@type\":\"EntryPoint\",\"urlTemplate\":\"https:\\\/\\\/redenoticiaz.com.br\\\/litoralsp\\\/?s={search_term_string}\"},\"query-input\":{\"@type\":\"PropertyValueSpecification\",\"valueRequired\":true,\"valueName\":\"search_term_string\"}}],\"inLanguage\":\"pt-BR\"},{\"@type\":\"Organization\",\"@id\":\"https:\\\/\\\/redenoticiaz.com.br\\\/litoralsp\\\/#organization\",\"name\":\"Litoral SP\",\"url\":\"https:\\\/\\\/redenoticiaz.com.br\\\/litoralsp\\\/\",\"logo\":{\"@type\":\"ImageObject\",\"inLanguage\":\"pt-BR\",\"@id\":\"https:\\\/\\\/redenoticiaz.com.br\\\/litoralsp\\\/#\\\/schema\\\/logo\\\/image\\\/\",\"url\":\"https:\\\/\\\/redenoticiaz.com.br\\\/litoralsp\\\/wp-content\\\/uploads\\\/sites\\\/3\\\/2020\\\/11\\\/logo.jpg\",\"contentUrl\":\"https:\\\/\\\/redenoticiaz.com.br\\\/litoralsp\\\/wp-content\\\/uploads\\\/sites\\\/3\\\/2020\\\/11\\\/logo.jpg\",\"width\":400,\"height\":250,\"caption\":\"Litoral SP\"},\"image\":{\"@id\":\"https:\\\/\\\/redenoticiaz.com.br\\\/litoralsp\\\/#\\\/schema\\\/logo\\\/image\\\/\"}},{\"@type\":\"Person\",\"@id\":\"https:\\\/\\\/redenoticiaz.com.br\\\/litoralsp\\\/#\\\/schema\\\/person\\\/16057b37a3c0ee6b096d7f887c566e2e\",\"name\":\"Gustavo Silva\",\"image\":{\"@type\":\"ImageObject\",\"inLanguage\":\"pt-BR\",\"@id\":\"https:\\\/\\\/secure.gravatar.com\\\/avatar\\\/3ee4e82f93b26de0a7cf4ea5eb7893da637ed6bb0c9170c58065944c56e28a33?s=96&d=mm&r=g\",\"url\":\"https:\\\/\\\/secure.gravatar.com\\\/avatar\\\/3ee4e82f93b26de0a7cf4ea5eb7893da637ed6bb0c9170c58065944c56e28a33?s=96&d=mm&r=g\",\"contentUrl\":\"https:\\\/\\\/secure.gravatar.com\\\/avatar\\\/3ee4e82f93b26de0a7cf4ea5eb7893da637ed6bb0c9170c58065944c56e28a33?s=96&d=mm&r=g\",\"caption\":\"Gustavo Silva\"},\"url\":\"https:\\\/\\\/redenoticiaz.com.br\\\/litoralsp\\\/author\\\/gustavosilva\"}]}<\/script>\n<!-- \/ Yoast SEO plugin. -->","yoast_head_json":{"title":"Guaruj\u00e1 registra recorde hist\u00f3rico de volume de chuva; 190 pessoas est\u00e3o desabrigadas - Litoral SP","description":"O munic\u00edpio de Guaruj\u00e1, no litoral de S\u00e3o Paulo, registrou um recorde de volume de chuva, pr\u00f3ximo de 400mm. 190 pessoas est\u00e3o desabrigadas.","robots":{"index":"index","follow":"follow","max-snippet":"max-snippet:-1","max-image-preview":"max-image-preview:large","max-video-preview":"max-video-preview:-1"},"canonical":"https:\/\/redenoticiaz.com.br\/litoralsp\/2023\/02\/19\/guaruja-registra-recorde-historico-de-volume-de-chuva-190-pessoas-estao-desabrigadas","og_locale":"pt_BR","og_type":"article","og_title":"Guaruj\u00e1 registra recorde hist\u00f3rico de volume de chuva; 190 pessoas est\u00e3o desabrigadas - Litoral SP","og_description":"O munic\u00edpio de Guaruj\u00e1, no litoral de S\u00e3o Paulo, registrou um recorde de volume de chuva, pr\u00f3ximo de 400mm. 190 pessoas est\u00e3o desabrigadas.","og_url":"https:\/\/redenoticiaz.com.br\/litoralsp\/2023\/02\/19\/guaruja-registra-recorde-historico-de-volume-de-chuva-190-pessoas-estao-desabrigadas","og_site_name":"Litoral SP","article_published_time":"2023-02-20T01:04:29+00:00","og_image":[{"width":979,"height":730,"url":"https:\/\/redenoticiaz.com.br\/litoralsp\/wp-content\/uploads\/sites\/3\/2023\/02\/chuva-guaruja.jpg","type":"image\/jpeg"}],"author":"Gustavo Silva","twitter_card":"summary_large_image","twitter_misc":{"Escrito por":"Gustavo Silva","Est. tempo de leitura":"1 minuto"},"schema":{"@context":"https:\/\/schema.org","@graph":[{"@type":"Article","@id":"https:\/\/redenoticiaz.com.br\/litoralsp\/2023\/02\/19\/guaruja-registra-recorde-historico-de-volume-de-chuva-190-pessoas-estao-desabrigadas#article","isPartOf":{"@id":"https:\/\/redenoticiaz.com.br\/litoralsp\/2023\/02\/19\/guaruja-registra-recorde-historico-de-volume-de-chuva-190-pessoas-estao-desabrigadas"},"author":{"name":"Gustavo Silva","@id":"https:\/\/redenoticiaz.com.br\/litoralsp\/#\/schema\/person\/16057b37a3c0ee6b096d7f887c566e2e"},"headline":"Guaruj\u00e1 registra recorde hist\u00f3rico de volume de chuva; 190 pessoas est\u00e3o desabrigadas","datePublished":"2023-02-20T01:04:29+00:00","mainEntityOfPage":{"@id":"https:\/\/redenoticiaz.com.br\/litoralsp\/2023\/02\/19\/guaruja-registra-recorde-historico-de-volume-de-chuva-190-pessoas-estao-desabrigadas"},"wordCount":210,"commentCount":0,"publisher":{"@id":"https:\/\/redenoticiaz.com.br\/litoralsp\/#organization"},"image":{"@id":"https:\/\/redenoticiaz.com.br\/litoralsp\/2023\/02\/19\/guaruja-registra-recorde-historico-de-volume-de-chuva-190-pessoas-estao-desabrigadas#primaryimage"},"thumbnailUrl":"https:\/\/redenoticiaz.com.br\/litoralsp\/wp-content\/uploads\/sites\/3\/2023\/02\/chuva-guaruja.jpg","keywords":["CHUVA FORTE","CHUVAS INTENSAS","Guaruj\u00e1","recorde hist\u00f3rico de volume de chuva","volume de chuva"],"articleSection":["Climatologia","Guaruj\u00e1"],"inLanguage":"pt-BR","potentialAction":[{"@type":"CommentAction","name":"Comment","target":["https:\/\/redenoticiaz.com.br\/litoralsp\/2023\/02\/19\/guaruja-registra-recorde-historico-de-volume-de-chuva-190-pessoas-estao-desabrigadas#respond"]}]},{"@type":"WebPage","@id":"https:\/\/redenoticiaz.com.br\/litoralsp\/2023\/02\/19\/guaruja-registra-recorde-historico-de-volume-de-chuva-190-pessoas-estao-desabrigadas","url":"https:\/\/redenoticiaz.com.br\/litoralsp\/2023\/02\/19\/guaruja-registra-recorde-historico-de-volume-de-chuva-190-pessoas-estao-desabrigadas","name":"Guaruj\u00e1 registra recorde hist\u00f3rico de volume de chuva; 190 pessoas est\u00e3o desabrigadas - Litoral SP","isPartOf":{"@id":"https:\/\/redenoticiaz.com.br\/litoralsp\/#website"},"primaryImageOfPage":{"@id":"https:\/\/redenoticiaz.com.br\/litoralsp\/2023\/02\/19\/guaruja-registra-recorde-historico-de-volume-de-chuva-190-pessoas-estao-desabrigadas#primaryimage"},"image":{"@id":"https:\/\/redenoticiaz.com.br\/litoralsp\/2023\/02\/19\/guaruja-registra-recorde-historico-de-volume-de-chuva-190-pessoas-estao-desabrigadas#primaryimage"},"thumbnailUrl":"https:\/\/redenoticiaz.com.br\/litoralsp\/wp-content\/uploads\/sites\/3\/2023\/02\/chuva-guaruja.jpg","datePublished":"2023-02-20T01:04:29+00:00","description":"O munic\u00edpio de Guaruj\u00e1, no litoral de S\u00e3o Paulo, registrou um recorde de volume de chuva, pr\u00f3ximo de 400mm. 190 pessoas est\u00e3o desabrigadas.","inLanguage":"pt-BR","potentialAction":[{"@type":"ReadAction","target":["https:\/\/redenoticiaz.com.br\/litoralsp\/2023\/02\/19\/guaruja-registra-recorde-historico-de-volume-de-chuva-190-pessoas-estao-desabrigadas"]}]},{"@type":"ImageObject","inLanguage":"pt-BR","@id":"https:\/\/redenoticiaz.com.br\/litoralsp\/2023\/02\/19\/guaruja-registra-recorde-historico-de-volume-de-chuva-190-pessoas-estao-desabrigadas#primaryimage","url":"https:\/\/redenoticiaz.com.br\/litoralsp\/wp-content\/uploads\/sites\/3\/2023\/02\/chuva-guaruja.jpg","contentUrl":"https:\/\/redenoticiaz.com.br\/litoralsp\/wp-content\/uploads\/sites\/3\/2023\/02\/chuva-guaruja.jpg","width":979,"height":730,"caption":"Foto: Addriana Cutino\/g1"},{"@type":"WebSite","@id":"https:\/\/redenoticiaz.com.br\/litoralsp\/#website","url":"https:\/\/redenoticiaz.com.br\/litoralsp\/","name":"Litoral SP","description":"Rede NoticiaZ","publisher":{"@id":"https:\/\/redenoticiaz.com.br\/litoralsp\/#organization"},"potentialAction":[{"@type":"SearchAction","target":{"@type":"EntryPoint","urlTemplate":"https:\/\/redenoticiaz.com.br\/litoralsp\/?s={search_term_string}"},"query-input":{"@type":"PropertyValueSpecification","valueRequired":true,"valueName":"search_term_string"}}],"inLanguage":"pt-BR"},{"@type":"Organization","@id":"https:\/\/redenoticiaz.com.br\/litoralsp\/#organization","name":"Litoral SP","url":"https:\/\/redenoticiaz.com.br\/litoralsp\/","logo":{"@type":"ImageObject","inLanguage":"pt-BR","@id":"https:\/\/redenoticiaz.com.br\/litoralsp\/#\/schema\/logo\/image\/","url":"https:\/\/redenoticiaz.com.br\/litoralsp\/wp-content\/uploads\/sites\/3\/2020\/11\/logo.jpg","contentUrl":"https:\/\/redenoticiaz.com.br\/litoralsp\/wp-content\/uploads\/sites\/3\/2020\/11\/logo.jpg","width":400,"height":250,"caption":"Litoral SP"},"image":{"@id":"https:\/\/redenoticiaz.com.br\/litoralsp\/#\/schema\/logo\/image\/"}},{"@type":"Person","@id":"https:\/\/redenoticiaz.com.br\/litoralsp\/#\/schema\/person\/16057b37a3c0ee6b096d7f887c566e2e","name":"Gustavo Silva","image":{"@type":"ImageObject","inLanguage":"pt-BR","@id":"https:\/\/secure.gravatar.com\/avatar\/3ee4e82f93b26de0a7cf4ea5eb7893da637ed6bb0c9170c58065944c56e28a33?s=96&d=mm&r=g","url":"https:\/\/secure.gravatar.com\/avatar\/3ee4e82f93b26de0a7cf4ea5eb7893da637ed6bb0c9170c58065944c56e28a33?s=96&d=mm&r=g","contentUrl":"https:\/\/secure.gravatar.com\/avatar\/3ee4e82f93b26de0a7cf4ea5eb7893da637ed6bb0c9170c58065944c56e28a33?s=96&d=mm&r=g","caption":"Gustavo Silva"},"url":"https:\/\/redenoticiaz.com.br\/litoralsp\/author\/gustavosilva"}]}},"_links":{"self":[{"href":"https:\/\/redenoticiaz.com.br\/litoralsp\/wp-json\/wp\/v2\/posts\/101053","targetHints":{"allow":["GET"]}}],"collection":[{"href":"https:\/\/redenoticiaz.com.br\/litoralsp\/wp-json\/wp\/v2\/posts"}],"about":[{"href":"https:\/\/redenoticiaz.com.br\/litoralsp\/wp-json\/wp\/v2\/types\/post"}],"author":[{"embeddable":true,"href":"https:\/\/redenoticiaz.com.br\/litoralsp\/wp-json\/wp\/v2\/users\/12"}],"replies":[{"embeddable":true,"href":"https:\/\/redenoticiaz.com.br\/litoralsp\/wp-json\/wp\/v2\/comments?post=101053"}],"version-history":[{"count":1,"href":"https:\/\/redenoticiaz.com.br\/litoralsp\/wp-json\/wp\/v2\/posts\/101053\/revisions"}],"predecessor-version":[{"id":101057,"href":"https:\/\/redenoticiaz.com.br\/litoralsp\/wp-json\/wp\/v2\/posts\/101053\/revisions\/101057"}],"wp:featuredmedia":[{"embeddable":true,"href":"https:\/\/redenoticiaz.com.br\/litoralsp\/wp-json\/wp\/v2\/media\/101056"}],"wp:attachment":[{"href":"https:\/\/redenoticiaz.com.br\/litoralsp\/wp-json\/wp\/v2\/media?parent=101053"}],"wp:term":[{"taxonomy":"category","embeddable":true,"href":"https:\/\/redenoticiaz.com.br\/litoralsp\/wp-json\/wp\/v2\/categories?post=101053"},{"taxonomy":"post_tag","embeddable":true,"href":"https:\/\/redenoticiaz.com.br\/litoralsp\/wp-json\/wp\/v2\/tags?post=101053"}],"curies":[{"name":"wp","href":"https:\/\/api.w.org\/{rel}","templated":true}]}}