{"id":101111,"date":"2023-02-20T15:25:37","date_gmt":"2023-02-20T18:25:37","guid":{"rendered":"https:\/\/redenoticiaz.com.br\/litoralsp\/?p=101111"},"modified":"2023-02-20T15:25:37","modified_gmt":"2023-02-20T18:25:37","slug":"idosa-vitima-de-acidente-domestico-e-resgatada-por-guardas-civis","status":"publish","type":"post","link":"https:\/\/redenoticiaz.com.br\/litoralsp\/2023\/02\/20\/idosa-vitima-de-acidente-domestico-e-resgatada-por-guardas-civis","title":{"rendered":"Idosa v\u00edtima de acidente dom\u00e9stico \u00e9 resgatada por Guardas Civis"},"content":{"rendered":"<p>Uma idosa de Santos, de 82 anos, foi resgatada na manh\u00e3 de domingo (19) por Guardas Civils ap\u00f3s sofrer acidente dom\u00e9stico.<\/p>\n<p>De acordo com as informa\u00e7\u00f5es, ela \u00e9 moradora do bairro Boqueir\u00e3o, estava sozinha e ca\u00edda em seu quarto, com as duas pernas presas debaixo de uma grande c\u00f4moda.<\/p>\n<p>Ainda de acordo com as informa\u00e7\u00f5es, A equipe foi acionada por uma moradora do bairro, que ouviu gritos de socorro da v\u00edtima.<\/p>\n<p>Sendo assim, os guardas municipais percorreram as portarias de edif\u00edcios da via e, ap\u00f3s v\u00e1rias tentativas, localizaram o apartamento da idosa,<\/p>\n<p>Enfim, eles conseguiram entrar no im\u00f3vel com a ajuda da s\u00edndica do pr\u00e9dio e assim que entraram no local retiraram um m\u00f3vel de cima do corpo da v\u00edtima.<\/p>\n<p>o SAMU foi acionado e a v\u00edtima encaminhada ao hospital.<\/p>\n<p>Leia mais<\/p>\n<p><a href=\"https:\/\/redenoticiaz.com.br\/litoralsp\/2023\/02\/20\/cidades-anunciam-postos-de-arrecadacao-para-vitimas-das-chuvas-no-litoral-de-sao-paulo\">Cidades anunciam postos de arrecada\u00e7\u00e3o para v\u00edtimas das chuvas no Litoral de S\u00e3o Paulo<\/a><\/p>\n","protected":false},"excerpt":{"rendered":"<p>Uma idosa de Santos, de 82 anos, foi resgatada na manh\u00e3 de domingo (19) por Guardas Civils ap\u00f3s sofrer acidente dom\u00e9stico. De acordo com as informa\u00e7\u00f5es, ela \u00e9 moradora do bairro Boqueir\u00e3o, estava sozinha e ca\u00edda em seu quarto, com as duas pernas presas debaixo de uma grande c\u00f4moda. Ainda de acordo com as informa\u00e7\u00f5es, &hellip;<\/p>\n","protected":false},"author":12,"featured_media":101112,"comment_status":"open","ping_status":"closed","sticky":false,"template":"","format":"standard","meta":{"footnotes":""},"categories":[180],"tags":[63484,9613,986],"class_list":["post-101111","post","type-post","status-publish","format-standard","has-post-thumbnail","hentry","category-santos","tag-acidente-domestico","tag-idosa","tag-santos"],"yoast_head":"<!-- This site is optimized with the Yoast SEO plugin v27.5 - https:\/\/yoast.com\/product\/yoast-seo-wordpress\/ -->\n<title>Idosa v\u00edtima de acidente dom\u00e9stico \u00e9 resgatada por Guardas Civis - Litoral SP<\/title>\n<meta name=\"description\" content=\"Uma idosa de Santos, de 82 anos, foi resgatada na manh\u00e3 de domingo (19) por Guardas Civils ap\u00f3s sofrer acidente dom\u00e9stico.\" \/>\n<meta name=\"robots\" content=\"index, follow, max-snippet:-1, max-image-preview:large, max-video-preview:-1\" \/>\n<link rel=\"canonical\" href=\"https:\/\/redenoticiaz.com.br\/litoralsp\/2023\/02\/20\/idosa-vitima-de-acidente-domestico-e-resgatada-por-guardas-civis\" \/>\n<meta property=\"og:locale\" content=\"pt_BR\" \/>\n<meta property=\"og:type\" content=\"article\" \/>\n<meta property=\"og:title\" content=\"Idosa v\u00edtima de acidente dom\u00e9stico \u00e9 resgatada por Guardas Civis - Litoral SP\" \/>\n<meta property=\"og:description\" content=\"Uma idosa de Santos, de 82 anos, foi resgatada na manh\u00e3 de domingo (19) por Guardas Civils ap\u00f3s sofrer acidente dom\u00e9stico.\" \/>\n<meta property=\"og:url\" content=\"https:\/\/redenoticiaz.com.br\/litoralsp\/2023\/02\/20\/idosa-vitima-de-acidente-domestico-e-resgatada-por-guardas-civis\" \/>\n<meta property=\"og:site_name\" content=\"Litoral SP\" \/>\n<meta property=\"article:published_time\" content=\"2023-02-20T18:25:37+00:00\" \/>\n<meta property=\"og:image\" content=\"https:\/\/redenoticiaz.com.br\/litoralsp\/wp-content\/uploads\/sites\/3\/2023\/02\/WhatsApp-Image-2023-02-20-at-15.21.01.jpeg\" \/>\n\t<meta property=\"og:image:width\" content=\"1009\" \/>\n\t<meta property=\"og:image:height\" content=\"719\" \/>\n\t<meta property=\"og:image:type\" content=\"image\/jpeg\" \/>\n<meta name=\"author\" content=\"Gustavo Silva\" \/>\n<meta name=\"twitter:card\" content=\"summary_large_image\" \/>\n<meta name=\"twitter:label1\" content=\"Escrito por\" \/>\n\t<meta name=\"twitter:data1\" content=\"Gustavo Silva\" \/>\n\t<meta name=\"twitter:label2\" content=\"Est. tempo de leitura\" \/>\n\t<meta name=\"twitter:data2\" content=\"1 minuto\" \/>\n<script type=\"application\/ld+json\" class=\"yoast-schema-graph\">{\"@context\":\"https:\\\/\\\/schema.org\",\"@graph\":[{\"@type\":\"Article\",\"@id\":\"https:\\\/\\\/redenoticiaz.com.br\\\/litoralsp\\\/2023\\\/02\\\/20\\\/idosa-vitima-de-acidente-domestico-e-resgatada-por-guardas-civis#article\",\"isPartOf\":{\"@id\":\"https:\\\/\\\/redenoticiaz.com.br\\\/litoralsp\\\/2023\\\/02\\\/20\\\/idosa-vitima-de-acidente-domestico-e-resgatada-por-guardas-civis\"},\"author\":{\"name\":\"Gustavo Silva\",\"@id\":\"https:\\\/\\\/redenoticiaz.com.br\\\/litoralsp\\\/#\\\/schema\\\/person\\\/16057b37a3c0ee6b096d7f887c566e2e\"},\"headline\":\"Idosa v\u00edtima de acidente dom\u00e9stico \u00e9 resgatada por Guardas Civis\",\"datePublished\":\"2023-02-20T18:25:37+00:00\",\"mainEntityOfPage\":{\"@id\":\"https:\\\/\\\/redenoticiaz.com.br\\\/litoralsp\\\/2023\\\/02\\\/20\\\/idosa-vitima-de-acidente-domestico-e-resgatada-por-guardas-civis\"},\"wordCount\":174,\"commentCount\":0,\"publisher\":{\"@id\":\"https:\\\/\\\/redenoticiaz.com.br\\\/litoralsp\\\/#organization\"},\"image\":{\"@id\":\"https:\\\/\\\/redenoticiaz.com.br\\\/litoralsp\\\/2023\\\/02\\\/20\\\/idosa-vitima-de-acidente-domestico-e-resgatada-por-guardas-civis#primaryimage\"},\"thumbnailUrl\":\"https:\\\/\\\/redenoticiaz.com.br\\\/litoralsp\\\/wp-content\\\/uploads\\\/sites\\\/3\\\/2023\\\/02\\\/WhatsApp-Image-2023-02-20-at-15.21.01.jpeg\",\"keywords\":[\"acidente dom\u00e9stico\",\"IDOSA\",\"Santos\"],\"articleSection\":[\"Santos\"],\"inLanguage\":\"pt-BR\",\"potentialAction\":[{\"@type\":\"CommentAction\",\"name\":\"Comment\",\"target\":[\"https:\\\/\\\/redenoticiaz.com.br\\\/litoralsp\\\/2023\\\/02\\\/20\\\/idosa-vitima-de-acidente-domestico-e-resgatada-por-guardas-civis#respond\"]}]},{\"@type\":\"WebPage\",\"@id\":\"https:\\\/\\\/redenoticiaz.com.br\\\/litoralsp\\\/2023\\\/02\\\/20\\\/idosa-vitima-de-acidente-domestico-e-resgatada-por-guardas-civis\",\"url\":\"https:\\\/\\\/redenoticiaz.com.br\\\/litoralsp\\\/2023\\\/02\\\/20\\\/idosa-vitima-de-acidente-domestico-e-resgatada-por-guardas-civis\",\"name\":\"Idosa v\u00edtima de acidente dom\u00e9stico \u00e9 resgatada por Guardas Civis - Litoral SP\",\"isPartOf\":{\"@id\":\"https:\\\/\\\/redenoticiaz.com.br\\\/litoralsp\\\/#website\"},\"primaryImageOfPage\":{\"@id\":\"https:\\\/\\\/redenoticiaz.com.br\\\/litoralsp\\\/2023\\\/02\\\/20\\\/idosa-vitima-de-acidente-domestico-e-resgatada-por-guardas-civis#primaryimage\"},\"image\":{\"@id\":\"https:\\\/\\\/redenoticiaz.com.br\\\/litoralsp\\\/2023\\\/02\\\/20\\\/idosa-vitima-de-acidente-domestico-e-resgatada-por-guardas-civis#primaryimage\"},\"thumbnailUrl\":\"https:\\\/\\\/redenoticiaz.com.br\\\/litoralsp\\\/wp-content\\\/uploads\\\/sites\\\/3\\\/2023\\\/02\\\/WhatsApp-Image-2023-02-20-at-15.21.01.jpeg\",\"datePublished\":\"2023-02-20T18:25:37+00:00\",\"description\":\"Uma idosa de Santos, de 82 anos, foi resgatada na manh\u00e3 de domingo (19) por Guardas Civils ap\u00f3s sofrer acidente dom\u00e9stico.\",\"inLanguage\":\"pt-BR\",\"potentialAction\":[{\"@type\":\"ReadAction\",\"target\":[\"https:\\\/\\\/redenoticiaz.com.br\\\/litoralsp\\\/2023\\\/02\\\/20\\\/idosa-vitima-de-acidente-domestico-e-resgatada-por-guardas-civis\"]}]},{\"@type\":\"ImageObject\",\"inLanguage\":\"pt-BR\",\"@id\":\"https:\\\/\\\/redenoticiaz.com.br\\\/litoralsp\\\/2023\\\/02\\\/20\\\/idosa-vitima-de-acidente-domestico-e-resgatada-por-guardas-civis#primaryimage\",\"url\":\"https:\\\/\\\/redenoticiaz.com.br\\\/litoralsp\\\/wp-content\\\/uploads\\\/sites\\\/3\\\/2023\\\/02\\\/WhatsApp-Image-2023-02-20-at-15.21.01.jpeg\",\"contentUrl\":\"https:\\\/\\\/redenoticiaz.com.br\\\/litoralsp\\\/wp-content\\\/uploads\\\/sites\\\/3\\\/2023\\\/02\\\/WhatsApp-Image-2023-02-20-at-15.21.01.jpeg\",\"width\":1009,\"height\":719,\"caption\":\"Idosa v\u00edtima de acidente dom\u00e9stico \u00e9 resgatada por Guardas Civis\"},{\"@type\":\"WebSite\",\"@id\":\"https:\\\/\\\/redenoticiaz.com.br\\\/litoralsp\\\/#website\",\"url\":\"https:\\\/\\\/redenoticiaz.com.br\\\/litoralsp\\\/\",\"name\":\"Litoral SP\",\"description\":\"Rede NoticiaZ\",\"publisher\":{\"@id\":\"https:\\\/\\\/redenoticiaz.com.br\\\/litoralsp\\\/#organization\"},\"potentialAction\":[{\"@type\":\"SearchAction\",\"target\":{\"@type\":\"EntryPoint\",\"urlTemplate\":\"https:\\\/\\\/redenoticiaz.com.br\\\/litoralsp\\\/?s={search_term_string}\"},\"query-input\":{\"@type\":\"PropertyValueSpecification\",\"valueRequired\":true,\"valueName\":\"search_term_string\"}}],\"inLanguage\":\"pt-BR\"},{\"@type\":\"Organization\",\"@id\":\"https:\\\/\\\/redenoticiaz.com.br\\\/litoralsp\\\/#organization\",\"name\":\"Litoral SP\",\"url\":\"https:\\\/\\\/redenoticiaz.com.br\\\/litoralsp\\\/\",\"logo\":{\"@type\":\"ImageObject\",\"inLanguage\":\"pt-BR\",\"@id\":\"https:\\\/\\\/redenoticiaz.com.br\\\/litoralsp\\\/#\\\/schema\\\/logo\\\/image\\\/\",\"url\":\"https:\\\/\\\/redenoticiaz.com.br\\\/litoralsp\\\/wp-content\\\/uploads\\\/sites\\\/3\\\/2020\\\/11\\\/logo.jpg\",\"contentUrl\":\"https:\\\/\\\/redenoticiaz.com.br\\\/litoralsp\\\/wp-content\\\/uploads\\\/sites\\\/3\\\/2020\\\/11\\\/logo.jpg\",\"width\":400,\"height\":250,\"caption\":\"Litoral SP\"},\"image\":{\"@id\":\"https:\\\/\\\/redenoticiaz.com.br\\\/litoralsp\\\/#\\\/schema\\\/logo\\\/image\\\/\"}},{\"@type\":\"Person\",\"@id\":\"https:\\\/\\\/redenoticiaz.com.br\\\/litoralsp\\\/#\\\/schema\\\/person\\\/16057b37a3c0ee6b096d7f887c566e2e\",\"name\":\"Gustavo Silva\",\"image\":{\"@type\":\"ImageObject\",\"inLanguage\":\"pt-BR\",\"@id\":\"https:\\\/\\\/secure.gravatar.com\\\/avatar\\\/3ee4e82f93b26de0a7cf4ea5eb7893da637ed6bb0c9170c58065944c56e28a33?s=96&d=mm&r=g\",\"url\":\"https:\\\/\\\/secure.gravatar.com\\\/avatar\\\/3ee4e82f93b26de0a7cf4ea5eb7893da637ed6bb0c9170c58065944c56e28a33?s=96&d=mm&r=g\",\"contentUrl\":\"https:\\\/\\\/secure.gravatar.com\\\/avatar\\\/3ee4e82f93b26de0a7cf4ea5eb7893da637ed6bb0c9170c58065944c56e28a33?s=96&d=mm&r=g\",\"caption\":\"Gustavo Silva\"},\"url\":\"https:\\\/\\\/redenoticiaz.com.br\\\/litoralsp\\\/author\\\/gustavosilva\"}]}<\/script>\n<!-- \/ Yoast SEO plugin. -->","yoast_head_json":{"title":"Idosa v\u00edtima de acidente dom\u00e9stico \u00e9 resgatada por Guardas Civis - Litoral SP","description":"Uma idosa de Santos, de 82 anos, foi resgatada na manh\u00e3 de domingo (19) por Guardas Civils ap\u00f3s sofrer acidente dom\u00e9stico.","robots":{"index":"index","follow":"follow","max-snippet":"max-snippet:-1","max-image-preview":"max-image-preview:large","max-video-preview":"max-video-preview:-1"},"canonical":"https:\/\/redenoticiaz.com.br\/litoralsp\/2023\/02\/20\/idosa-vitima-de-acidente-domestico-e-resgatada-por-guardas-civis","og_locale":"pt_BR","og_type":"article","og_title":"Idosa v\u00edtima de acidente dom\u00e9stico \u00e9 resgatada por Guardas Civis - Litoral SP","og_description":"Uma idosa de Santos, de 82 anos, foi resgatada na manh\u00e3 de domingo (19) por Guardas Civils ap\u00f3s sofrer acidente dom\u00e9stico.","og_url":"https:\/\/redenoticiaz.com.br\/litoralsp\/2023\/02\/20\/idosa-vitima-de-acidente-domestico-e-resgatada-por-guardas-civis","og_site_name":"Litoral SP","article_published_time":"2023-02-20T18:25:37+00:00","og_image":[{"width":1009,"height":719,"url":"https:\/\/redenoticiaz.com.br\/litoralsp\/wp-content\/uploads\/sites\/3\/2023\/02\/WhatsApp-Image-2023-02-20-at-15.21.01.jpeg","type":"image\/jpeg"}],"author":"Gustavo Silva","twitter_card":"summary_large_image","twitter_misc":{"Escrito por":"Gustavo Silva","Est. tempo de leitura":"1 minuto"},"schema":{"@context":"https:\/\/schema.org","@graph":[{"@type":"Article","@id":"https:\/\/redenoticiaz.com.br\/litoralsp\/2023\/02\/20\/idosa-vitima-de-acidente-domestico-e-resgatada-por-guardas-civis#article","isPartOf":{"@id":"https:\/\/redenoticiaz.com.br\/litoralsp\/2023\/02\/20\/idosa-vitima-de-acidente-domestico-e-resgatada-por-guardas-civis"},"author":{"name":"Gustavo Silva","@id":"https:\/\/redenoticiaz.com.br\/litoralsp\/#\/schema\/person\/16057b37a3c0ee6b096d7f887c566e2e"},"headline":"Idosa v\u00edtima de acidente dom\u00e9stico \u00e9 resgatada por Guardas Civis","datePublished":"2023-02-20T18:25:37+00:00","mainEntityOfPage":{"@id":"https:\/\/redenoticiaz.com.br\/litoralsp\/2023\/02\/20\/idosa-vitima-de-acidente-domestico-e-resgatada-por-guardas-civis"},"wordCount":174,"commentCount":0,"publisher":{"@id":"https:\/\/redenoticiaz.com.br\/litoralsp\/#organization"},"image":{"@id":"https:\/\/redenoticiaz.com.br\/litoralsp\/2023\/02\/20\/idosa-vitima-de-acidente-domestico-e-resgatada-por-guardas-civis#primaryimage"},"thumbnailUrl":"https:\/\/redenoticiaz.com.br\/litoralsp\/wp-content\/uploads\/sites\/3\/2023\/02\/WhatsApp-Image-2023-02-20-at-15.21.01.jpeg","keywords":["acidente dom\u00e9stico","IDOSA","Santos"],"articleSection":["Santos"],"inLanguage":"pt-BR","potentialAction":[{"@type":"CommentAction","name":"Comment","target":["https:\/\/redenoticiaz.com.br\/litoralsp\/2023\/02\/20\/idosa-vitima-de-acidente-domestico-e-resgatada-por-guardas-civis#respond"]}]},{"@type":"WebPage","@id":"https:\/\/redenoticiaz.com.br\/litoralsp\/2023\/02\/20\/idosa-vitima-de-acidente-domestico-e-resgatada-por-guardas-civis","url":"https:\/\/redenoticiaz.com.br\/litoralsp\/2023\/02\/20\/idosa-vitima-de-acidente-domestico-e-resgatada-por-guardas-civis","name":"Idosa v\u00edtima de acidente dom\u00e9stico \u00e9 resgatada por Guardas Civis - Litoral SP","isPartOf":{"@id":"https:\/\/redenoticiaz.com.br\/litoralsp\/#website"},"primaryImageOfPage":{"@id":"https:\/\/redenoticiaz.com.br\/litoralsp\/2023\/02\/20\/idosa-vitima-de-acidente-domestico-e-resgatada-por-guardas-civis#primaryimage"},"image":{"@id":"https:\/\/redenoticiaz.com.br\/litoralsp\/2023\/02\/20\/idosa-vitima-de-acidente-domestico-e-resgatada-por-guardas-civis#primaryimage"},"thumbnailUrl":"https:\/\/redenoticiaz.com.br\/litoralsp\/wp-content\/uploads\/sites\/3\/2023\/02\/WhatsApp-Image-2023-02-20-at-15.21.01.jpeg","datePublished":"2023-02-20T18:25:37+00:00","description":"Uma idosa de Santos, de 82 anos, foi resgatada na manh\u00e3 de domingo (19) por Guardas Civils ap\u00f3s sofrer acidente dom\u00e9stico.","inLanguage":"pt-BR","potentialAction":[{"@type":"ReadAction","target":["https:\/\/redenoticiaz.com.br\/litoralsp\/2023\/02\/20\/idosa-vitima-de-acidente-domestico-e-resgatada-por-guardas-civis"]}]},{"@type":"ImageObject","inLanguage":"pt-BR","@id":"https:\/\/redenoticiaz.com.br\/litoralsp\/2023\/02\/20\/idosa-vitima-de-acidente-domestico-e-resgatada-por-guardas-civis#primaryimage","url":"https:\/\/redenoticiaz.com.br\/litoralsp\/wp-content\/uploads\/sites\/3\/2023\/02\/WhatsApp-Image-2023-02-20-at-15.21.01.jpeg","contentUrl":"https:\/\/redenoticiaz.com.br\/litoralsp\/wp-content\/uploads\/sites\/3\/2023\/02\/WhatsApp-Image-2023-02-20-at-15.21.01.jpeg","width":1009,"height":719,"caption":"Idosa v\u00edtima de acidente dom\u00e9stico \u00e9 resgatada por Guardas Civis"},{"@type":"WebSite","@id":"https:\/\/redenoticiaz.com.br\/litoralsp\/#website","url":"https:\/\/redenoticiaz.com.br\/litoralsp\/","name":"Litoral SP","description":"Rede NoticiaZ","publisher":{"@id":"https:\/\/redenoticiaz.com.br\/litoralsp\/#organization"},"potentialAction":[{"@type":"SearchAction","target":{"@type":"EntryPoint","urlTemplate":"https:\/\/redenoticiaz.com.br\/litoralsp\/?s={search_term_string}"},"query-input":{"@type":"PropertyValueSpecification","valueRequired":true,"valueName":"search_term_string"}}],"inLanguage":"pt-BR"},{"@type":"Organization","@id":"https:\/\/redenoticiaz.com.br\/litoralsp\/#organization","name":"Litoral SP","url":"https:\/\/redenoticiaz.com.br\/litoralsp\/","logo":{"@type":"ImageObject","inLanguage":"pt-BR","@id":"https:\/\/redenoticiaz.com.br\/litoralsp\/#\/schema\/logo\/image\/","url":"https:\/\/redenoticiaz.com.br\/litoralsp\/wp-content\/uploads\/sites\/3\/2020\/11\/logo.jpg","contentUrl":"https:\/\/redenoticiaz.com.br\/litoralsp\/wp-content\/uploads\/sites\/3\/2020\/11\/logo.jpg","width":400,"height":250,"caption":"Litoral SP"},"image":{"@id":"https:\/\/redenoticiaz.com.br\/litoralsp\/#\/schema\/logo\/image\/"}},{"@type":"Person","@id":"https:\/\/redenoticiaz.com.br\/litoralsp\/#\/schema\/person\/16057b37a3c0ee6b096d7f887c566e2e","name":"Gustavo Silva","image":{"@type":"ImageObject","inLanguage":"pt-BR","@id":"https:\/\/secure.gravatar.com\/avatar\/3ee4e82f93b26de0a7cf4ea5eb7893da637ed6bb0c9170c58065944c56e28a33?s=96&d=mm&r=g","url":"https:\/\/secure.gravatar.com\/avatar\/3ee4e82f93b26de0a7cf4ea5eb7893da637ed6bb0c9170c58065944c56e28a33?s=96&d=mm&r=g","contentUrl":"https:\/\/secure.gravatar.com\/avatar\/3ee4e82f93b26de0a7cf4ea5eb7893da637ed6bb0c9170c58065944c56e28a33?s=96&d=mm&r=g","caption":"Gustavo Silva"},"url":"https:\/\/redenoticiaz.com.br\/litoralsp\/author\/gustavosilva"}]}},"_links":{"self":[{"href":"https:\/\/redenoticiaz.com.br\/litoralsp\/wp-json\/wp\/v2\/posts\/101111","targetHints":{"allow":["GET"]}}],"collection":[{"href":"https:\/\/redenoticiaz.com.br\/litoralsp\/wp-json\/wp\/v2\/posts"}],"about":[{"href":"https:\/\/redenoticiaz.com.br\/litoralsp\/wp-json\/wp\/v2\/types\/post"}],"author":[{"embeddable":true,"href":"https:\/\/redenoticiaz.com.br\/litoralsp\/wp-json\/wp\/v2\/users\/12"}],"replies":[{"embeddable":true,"href":"https:\/\/redenoticiaz.com.br\/litoralsp\/wp-json\/wp\/v2\/comments?post=101111"}],"version-history":[{"count":1,"href":"https:\/\/redenoticiaz.com.br\/litoralsp\/wp-json\/wp\/v2\/posts\/101111\/revisions"}],"predecessor-version":[{"id":101113,"href":"https:\/\/redenoticiaz.com.br\/litoralsp\/wp-json\/wp\/v2\/posts\/101111\/revisions\/101113"}],"wp:featuredmedia":[{"embeddable":true,"href":"https:\/\/redenoticiaz.com.br\/litoralsp\/wp-json\/wp\/v2\/media\/101112"}],"wp:attachment":[{"href":"https:\/\/redenoticiaz.com.br\/litoralsp\/wp-json\/wp\/v2\/media?parent=101111"}],"wp:term":[{"taxonomy":"category","embeddable":true,"href":"https:\/\/redenoticiaz.com.br\/litoralsp\/wp-json\/wp\/v2\/categories?post=101111"},{"taxonomy":"post_tag","embeddable":true,"href":"https:\/\/redenoticiaz.com.br\/litoralsp\/wp-json\/wp\/v2\/tags?post=101111"}],"curies":[{"name":"wp","href":"https:\/\/api.w.org\/{rel}","templated":true}]}}