{"id":101121,"date":"2023-02-20T16:12:39","date_gmt":"2023-02-20T19:12:39","guid":{"rendered":"https:\/\/redenoticiaz.com.br\/litoralsp\/?p=101121"},"modified":"2023-02-20T16:12:39","modified_gmt":"2023-02-20T19:12:39","slug":"simone-tebet-fica-ilhada-em-guaruja-e-opta-por-visitar-desabrigados-da-chuva","status":"publish","type":"post","link":"https:\/\/redenoticiaz.com.br\/litoralsp\/2023\/02\/20\/simone-tebet-fica-ilhada-em-guaruja-e-opta-por-visitar-desabrigados-da-chuva","title":{"rendered":"Simone Tebet fica &#8220;ilhada&#8221; em Guaruj\u00e1 e opta por visitar desabrigados da chuva"},"content":{"rendered":"<p>A ministra do Planejamento Simone Tebet ficou &#8220;ilhada&#8221; em Guaruj\u00e1 ap\u00f3s interdi\u00e7\u00e3o de rodovia e optou por visitar desabrigados da chuva na cidade.<\/p>\n<p>De acordo com as informa\u00e7\u00f5es, Tebet iria encontrar o Presidente Luiz In\u00e1cio Lula da Silva em S\u00e3o Sebasti\u00e3o mas desistiu devido as restri\u00e7\u00f5es das estradas.<\/p>\n<p>Ainda de acordo com as informa\u00e7\u00f5es, a Ministra esteve na escola Municipal Benedita Blac de Oliveira e por l\u00e1 falou sobre os esfor\u00e7os do Governo Federal para minimizar a destrui\u00e7\u00e3o.<\/p>\n<blockquote><p>&#8220;Um vez decretada calamidade p\u00fablica, reconhecida pelo governo federal, todos os recursos necess\u00e1rios est\u00e3o dispon\u00edveis para Guaruj\u00e1 [e Bertioga]&#8221;<\/p><\/blockquote>\n<p>Sendo assim, a Ministra afirmou que o Governo Federal atrav\u00e9s do Minist\u00e9rio de Planejamento e Or\u00e7amento ir\u00e1 cooperar com o que for solicitado pelos prefeitos e governador.<\/p>\n<p>Enfim, Tebet explicou que estava na cidade passando o Carnaval e viu de perto a quantidade de chuva que a impressionou.<\/p>\n<blockquote><p><span class=\"highlight highlighted\">&#8220;Eu nunca tinha vista uma chuva t\u00e3o intensa em t\u00e3o pouco tempo.&#8221;<\/span><\/p><\/blockquote>\n<p class=\"content-text__container \" data-track-category=\"Link no Texto\" data-track-links=\"\">Tebet explicou tamb\u00e9m, que as v\u00edtimas das chuvas ter\u00e3o prefer\u00eancia no levantamento de Fundo de Garantia do Tempo de Servi\u00e7o (FGTS) e na constru\u00e7\u00e3o de casas populares.<\/p>\n<p data-track-category=\"Link no Texto\" data-track-links=\"\">Leia mais<\/p>\n<p data-track-category=\"Link no Texto\" data-track-links=\"\"><a href=\"https:\/\/redenoticiaz.com.br\/litoralsp\/2023\/02\/20\/governador-tarcisio-de-freitas-declara-luto-oficial-de-tres-dias-no-estado-em-homenagem-as-vitimas-das-chuvas\">Governador Tarc\u00edsio de Freitas declara luto oficial de tr\u00eas dias no Estado em homenagem \u00e0s v\u00edtimas das chuvas<\/a><\/p>\n<p data-track-category=\"Link no Texto\" data-track-links=\"\"><a href=\"https:\/\/redenoticiaz.com.br\/litoralsp\/2023\/02\/19\/lula-anuncia-ida-ao-litoral-e-governo-federal-anuncia-investimentos-apos-fortes-chuvas\">Lula anuncia ida ao Litoral e Governo Federal anuncia investimentos ap\u00f3s fortes chuvas<\/a><\/p>\n<p data-track-category=\"Link no Texto\" data-track-links=\"\"><a href=\"https:\/\/redenoticiaz.com.br\/litoralsp\/2023\/02\/20\/chuvas-no-litoral-paulista-matam-36-pessoas-e-regiao-entra-em-alerta-vermelho\">Chuvas no Litoral Paulista matam 36 pessoas e Regi\u00e3o entra em alerta vermelho<\/a><\/p>\n","protected":false},"excerpt":{"rendered":"<p>A ministra do Planejamento Simone Tebet ficou &#8220;ilhada&#8221; em Guaruj\u00e1 ap\u00f3s interdi\u00e7\u00e3o de rodovia e optou por visitar desabrigados da chuva na cidade. De acordo com as informa\u00e7\u00f5es, Tebet iria encontrar o Presidente Luiz In\u00e1cio Lula da Silva em S\u00e3o Sebasti\u00e3o mas desistiu devido as restri\u00e7\u00f5es das estradas. Ainda de acordo com as informa\u00e7\u00f5es, a &hellip;<\/p>\n","protected":false},"author":12,"featured_media":101126,"comment_status":"open","ping_status":"closed","sticky":false,"template":"","format":"standard","meta":{"footnotes":""},"categories":[187],"tags":[],"class_list":["post-101121","post","type-post","status-publish","format-standard","has-post-thumbnail","hentry","category-guaruja"],"yoast_head":"<!-- This site is optimized with the Yoast SEO plugin v27.5 - https:\/\/yoast.com\/product\/yoast-seo-wordpress\/ -->\n<title>Simone Tebet fica &#8220;ilhada&#8221; em Guaruj\u00e1 e opta por visitar desabrigados da chuva - Litoral SP<\/title>\n<meta name=\"description\" content=\"A ministra do Planejamento Simone Tebet ficou &quot;ilhada&quot; em Guaruj\u00e1 ap\u00f3s interdi\u00e7\u00e3o de rodovia e optou por visitar desabrigados da chuva na cidade.\" \/>\n<meta name=\"robots\" content=\"index, follow, max-snippet:-1, max-image-preview:large, max-video-preview:-1\" \/>\n<link rel=\"canonical\" href=\"https:\/\/redenoticiaz.com.br\/litoralsp\/2023\/02\/20\/simone-tebet-fica-ilhada-em-guaruja-e-opta-por-visitar-desabrigados-da-chuva\" \/>\n<meta property=\"og:locale\" content=\"pt_BR\" \/>\n<meta property=\"og:type\" content=\"article\" \/>\n<meta property=\"og:title\" content=\"Simone Tebet fica &#8220;ilhada&#8221; em Guaruj\u00e1 e opta por visitar desabrigados da chuva - Litoral SP\" \/>\n<meta property=\"og:description\" content=\"A ministra do Planejamento Simone Tebet ficou &quot;ilhada&quot; em Guaruj\u00e1 ap\u00f3s interdi\u00e7\u00e3o de rodovia e optou por visitar desabrigados da chuva na cidade.\" \/>\n<meta property=\"og:url\" content=\"https:\/\/redenoticiaz.com.br\/litoralsp\/2023\/02\/20\/simone-tebet-fica-ilhada-em-guaruja-e-opta-por-visitar-desabrigados-da-chuva\" \/>\n<meta property=\"og:site_name\" content=\"Litoral SP\" \/>\n<meta property=\"article:published_time\" content=\"2023-02-20T19:12:39+00:00\" \/>\n<meta property=\"og:image\" content=\"https:\/\/redenoticiaz.com.br\/litoralsp\/wp-content\/uploads\/sites\/3\/2023\/02\/whatsapp-image-2023-02-20-at-12.34.14.jpg\" \/>\n\t<meta property=\"og:image:width\" content=\"984\" \/>\n\t<meta property=\"og:image:height\" content=\"492\" \/>\n\t<meta property=\"og:image:type\" content=\"image\/jpeg\" \/>\n<meta name=\"author\" content=\"Gustavo Silva\" \/>\n<meta name=\"twitter:card\" content=\"summary_large_image\" \/>\n<meta name=\"twitter:label1\" content=\"Escrito por\" \/>\n\t<meta name=\"twitter:data1\" content=\"Gustavo Silva\" \/>\n\t<meta name=\"twitter:label2\" content=\"Est. tempo de leitura\" \/>\n\t<meta name=\"twitter:data2\" content=\"2 minutos\" \/>\n<script type=\"application\/ld+json\" class=\"yoast-schema-graph\">{\"@context\":\"https:\\\/\\\/schema.org\",\"@graph\":[{\"@type\":\"Article\",\"@id\":\"https:\\\/\\\/redenoticiaz.com.br\\\/litoralsp\\\/2023\\\/02\\\/20\\\/simone-tebet-fica-ilhada-em-guaruja-e-opta-por-visitar-desabrigados-da-chuva#article\",\"isPartOf\":{\"@id\":\"https:\\\/\\\/redenoticiaz.com.br\\\/litoralsp\\\/2023\\\/02\\\/20\\\/simone-tebet-fica-ilhada-em-guaruja-e-opta-por-visitar-desabrigados-da-chuva\"},\"author\":{\"name\":\"Gustavo Silva\",\"@id\":\"https:\\\/\\\/redenoticiaz.com.br\\\/litoralsp\\\/#\\\/schema\\\/person\\\/16057b37a3c0ee6b096d7f887c566e2e\"},\"headline\":\"Simone Tebet fica &#8220;ilhada&#8221; em Guaruj\u00e1 e opta por visitar desabrigados da chuva\",\"datePublished\":\"2023-02-20T19:12:39+00:00\",\"mainEntityOfPage\":{\"@id\":\"https:\\\/\\\/redenoticiaz.com.br\\\/litoralsp\\\/2023\\\/02\\\/20\\\/simone-tebet-fica-ilhada-em-guaruja-e-opta-por-visitar-desabrigados-da-chuva\"},\"wordCount\":272,\"commentCount\":0,\"publisher\":{\"@id\":\"https:\\\/\\\/redenoticiaz.com.br\\\/litoralsp\\\/#organization\"},\"image\":{\"@id\":\"https:\\\/\\\/redenoticiaz.com.br\\\/litoralsp\\\/2023\\\/02\\\/20\\\/simone-tebet-fica-ilhada-em-guaruja-e-opta-por-visitar-desabrigados-da-chuva#primaryimage\"},\"thumbnailUrl\":\"https:\\\/\\\/redenoticiaz.com.br\\\/litoralsp\\\/wp-content\\\/uploads\\\/sites\\\/3\\\/2023\\\/02\\\/whatsapp-image-2023-02-20-at-12.34.14.jpg\",\"articleSection\":[\"Guaruj\u00e1\"],\"inLanguage\":\"pt-BR\",\"potentialAction\":[{\"@type\":\"CommentAction\",\"name\":\"Comment\",\"target\":[\"https:\\\/\\\/redenoticiaz.com.br\\\/litoralsp\\\/2023\\\/02\\\/20\\\/simone-tebet-fica-ilhada-em-guaruja-e-opta-por-visitar-desabrigados-da-chuva#respond\"]}]},{\"@type\":\"WebPage\",\"@id\":\"https:\\\/\\\/redenoticiaz.com.br\\\/litoralsp\\\/2023\\\/02\\\/20\\\/simone-tebet-fica-ilhada-em-guaruja-e-opta-por-visitar-desabrigados-da-chuva\",\"url\":\"https:\\\/\\\/redenoticiaz.com.br\\\/litoralsp\\\/2023\\\/02\\\/20\\\/simone-tebet-fica-ilhada-em-guaruja-e-opta-por-visitar-desabrigados-da-chuva\",\"name\":\"Simone Tebet fica &#8220;ilhada&#8221; em Guaruj\u00e1 e opta por visitar desabrigados da chuva - Litoral SP\",\"isPartOf\":{\"@id\":\"https:\\\/\\\/redenoticiaz.com.br\\\/litoralsp\\\/#website\"},\"primaryImageOfPage\":{\"@id\":\"https:\\\/\\\/redenoticiaz.com.br\\\/litoralsp\\\/2023\\\/02\\\/20\\\/simone-tebet-fica-ilhada-em-guaruja-e-opta-por-visitar-desabrigados-da-chuva#primaryimage\"},\"image\":{\"@id\":\"https:\\\/\\\/redenoticiaz.com.br\\\/litoralsp\\\/2023\\\/02\\\/20\\\/simone-tebet-fica-ilhada-em-guaruja-e-opta-por-visitar-desabrigados-da-chuva#primaryimage\"},\"thumbnailUrl\":\"https:\\\/\\\/redenoticiaz.com.br\\\/litoralsp\\\/wp-content\\\/uploads\\\/sites\\\/3\\\/2023\\\/02\\\/whatsapp-image-2023-02-20-at-12.34.14.jpg\",\"datePublished\":\"2023-02-20T19:12:39+00:00\",\"description\":\"A ministra do Planejamento Simone Tebet ficou \\\"ilhada\\\" em Guaruj\u00e1 ap\u00f3s interdi\u00e7\u00e3o de rodovia e optou por visitar desabrigados da chuva na cidade.\",\"inLanguage\":\"pt-BR\",\"potentialAction\":[{\"@type\":\"ReadAction\",\"target\":[\"https:\\\/\\\/redenoticiaz.com.br\\\/litoralsp\\\/2023\\\/02\\\/20\\\/simone-tebet-fica-ilhada-em-guaruja-e-opta-por-visitar-desabrigados-da-chuva\"]}]},{\"@type\":\"ImageObject\",\"inLanguage\":\"pt-BR\",\"@id\":\"https:\\\/\\\/redenoticiaz.com.br\\\/litoralsp\\\/2023\\\/02\\\/20\\\/simone-tebet-fica-ilhada-em-guaruja-e-opta-por-visitar-desabrigados-da-chuva#primaryimage\",\"url\":\"https:\\\/\\\/redenoticiaz.com.br\\\/litoralsp\\\/wp-content\\\/uploads\\\/sites\\\/3\\\/2023\\\/02\\\/whatsapp-image-2023-02-20-at-12.34.14.jpg\",\"contentUrl\":\"https:\\\/\\\/redenoticiaz.com.br\\\/litoralsp\\\/wp-content\\\/uploads\\\/sites\\\/3\\\/2023\\\/02\\\/whatsapp-image-2023-02-20-at-12.34.14.jpg\",\"width\":984,\"height\":492,\"caption\":\"Simone Tebet fica \\\"ilhada\\\" em Guaruj\u00e1 e opta por visitar desabrigados da chuva\"},{\"@type\":\"WebSite\",\"@id\":\"https:\\\/\\\/redenoticiaz.com.br\\\/litoralsp\\\/#website\",\"url\":\"https:\\\/\\\/redenoticiaz.com.br\\\/litoralsp\\\/\",\"name\":\"Litoral SP\",\"description\":\"Rede NoticiaZ\",\"publisher\":{\"@id\":\"https:\\\/\\\/redenoticiaz.com.br\\\/litoralsp\\\/#organization\"},\"potentialAction\":[{\"@type\":\"SearchAction\",\"target\":{\"@type\":\"EntryPoint\",\"urlTemplate\":\"https:\\\/\\\/redenoticiaz.com.br\\\/litoralsp\\\/?s={search_term_string}\"},\"query-input\":{\"@type\":\"PropertyValueSpecification\",\"valueRequired\":true,\"valueName\":\"search_term_string\"}}],\"inLanguage\":\"pt-BR\"},{\"@type\":\"Organization\",\"@id\":\"https:\\\/\\\/redenoticiaz.com.br\\\/litoralsp\\\/#organization\",\"name\":\"Litoral SP\",\"url\":\"https:\\\/\\\/redenoticiaz.com.br\\\/litoralsp\\\/\",\"logo\":{\"@type\":\"ImageObject\",\"inLanguage\":\"pt-BR\",\"@id\":\"https:\\\/\\\/redenoticiaz.com.br\\\/litoralsp\\\/#\\\/schema\\\/logo\\\/image\\\/\",\"url\":\"https:\\\/\\\/redenoticiaz.com.br\\\/litoralsp\\\/wp-content\\\/uploads\\\/sites\\\/3\\\/2020\\\/11\\\/logo.jpg\",\"contentUrl\":\"https:\\\/\\\/redenoticiaz.com.br\\\/litoralsp\\\/wp-content\\\/uploads\\\/sites\\\/3\\\/2020\\\/11\\\/logo.jpg\",\"width\":400,\"height\":250,\"caption\":\"Litoral SP\"},\"image\":{\"@id\":\"https:\\\/\\\/redenoticiaz.com.br\\\/litoralsp\\\/#\\\/schema\\\/logo\\\/image\\\/\"}},{\"@type\":\"Person\",\"@id\":\"https:\\\/\\\/redenoticiaz.com.br\\\/litoralsp\\\/#\\\/schema\\\/person\\\/16057b37a3c0ee6b096d7f887c566e2e\",\"name\":\"Gustavo Silva\",\"image\":{\"@type\":\"ImageObject\",\"inLanguage\":\"pt-BR\",\"@id\":\"https:\\\/\\\/secure.gravatar.com\\\/avatar\\\/3ee4e82f93b26de0a7cf4ea5eb7893da637ed6bb0c9170c58065944c56e28a33?s=96&d=mm&r=g\",\"url\":\"https:\\\/\\\/secure.gravatar.com\\\/avatar\\\/3ee4e82f93b26de0a7cf4ea5eb7893da637ed6bb0c9170c58065944c56e28a33?s=96&d=mm&r=g\",\"contentUrl\":\"https:\\\/\\\/secure.gravatar.com\\\/avatar\\\/3ee4e82f93b26de0a7cf4ea5eb7893da637ed6bb0c9170c58065944c56e28a33?s=96&d=mm&r=g\",\"caption\":\"Gustavo Silva\"},\"url\":\"https:\\\/\\\/redenoticiaz.com.br\\\/litoralsp\\\/author\\\/gustavosilva\"}]}<\/script>\n<!-- \/ Yoast SEO plugin. -->","yoast_head_json":{"title":"Simone Tebet fica &#8220;ilhada&#8221; em Guaruj\u00e1 e opta por visitar desabrigados da chuva - Litoral SP","description":"A ministra do Planejamento Simone Tebet ficou \"ilhada\" em Guaruj\u00e1 ap\u00f3s interdi\u00e7\u00e3o de rodovia e optou por visitar desabrigados da chuva na cidade.","robots":{"index":"index","follow":"follow","max-snippet":"max-snippet:-1","max-image-preview":"max-image-preview:large","max-video-preview":"max-video-preview:-1"},"canonical":"https:\/\/redenoticiaz.com.br\/litoralsp\/2023\/02\/20\/simone-tebet-fica-ilhada-em-guaruja-e-opta-por-visitar-desabrigados-da-chuva","og_locale":"pt_BR","og_type":"article","og_title":"Simone Tebet fica &#8220;ilhada&#8221; em Guaruj\u00e1 e opta por visitar desabrigados da chuva - Litoral SP","og_description":"A ministra do Planejamento Simone Tebet ficou \"ilhada\" em Guaruj\u00e1 ap\u00f3s interdi\u00e7\u00e3o de rodovia e optou por visitar desabrigados da chuva na cidade.","og_url":"https:\/\/redenoticiaz.com.br\/litoralsp\/2023\/02\/20\/simone-tebet-fica-ilhada-em-guaruja-e-opta-por-visitar-desabrigados-da-chuva","og_site_name":"Litoral SP","article_published_time":"2023-02-20T19:12:39+00:00","og_image":[{"width":984,"height":492,"url":"https:\/\/redenoticiaz.com.br\/litoralsp\/wp-content\/uploads\/sites\/3\/2023\/02\/whatsapp-image-2023-02-20-at-12.34.14.jpg","type":"image\/jpeg"}],"author":"Gustavo Silva","twitter_card":"summary_large_image","twitter_misc":{"Escrito por":"Gustavo Silva","Est. tempo de leitura":"2 minutos"},"schema":{"@context":"https:\/\/schema.org","@graph":[{"@type":"Article","@id":"https:\/\/redenoticiaz.com.br\/litoralsp\/2023\/02\/20\/simone-tebet-fica-ilhada-em-guaruja-e-opta-por-visitar-desabrigados-da-chuva#article","isPartOf":{"@id":"https:\/\/redenoticiaz.com.br\/litoralsp\/2023\/02\/20\/simone-tebet-fica-ilhada-em-guaruja-e-opta-por-visitar-desabrigados-da-chuva"},"author":{"name":"Gustavo Silva","@id":"https:\/\/redenoticiaz.com.br\/litoralsp\/#\/schema\/person\/16057b37a3c0ee6b096d7f887c566e2e"},"headline":"Simone Tebet fica &#8220;ilhada&#8221; em Guaruj\u00e1 e opta por visitar desabrigados da chuva","datePublished":"2023-02-20T19:12:39+00:00","mainEntityOfPage":{"@id":"https:\/\/redenoticiaz.com.br\/litoralsp\/2023\/02\/20\/simone-tebet-fica-ilhada-em-guaruja-e-opta-por-visitar-desabrigados-da-chuva"},"wordCount":272,"commentCount":0,"publisher":{"@id":"https:\/\/redenoticiaz.com.br\/litoralsp\/#organization"},"image":{"@id":"https:\/\/redenoticiaz.com.br\/litoralsp\/2023\/02\/20\/simone-tebet-fica-ilhada-em-guaruja-e-opta-por-visitar-desabrigados-da-chuva#primaryimage"},"thumbnailUrl":"https:\/\/redenoticiaz.com.br\/litoralsp\/wp-content\/uploads\/sites\/3\/2023\/02\/whatsapp-image-2023-02-20-at-12.34.14.jpg","articleSection":["Guaruj\u00e1"],"inLanguage":"pt-BR","potentialAction":[{"@type":"CommentAction","name":"Comment","target":["https:\/\/redenoticiaz.com.br\/litoralsp\/2023\/02\/20\/simone-tebet-fica-ilhada-em-guaruja-e-opta-por-visitar-desabrigados-da-chuva#respond"]}]},{"@type":"WebPage","@id":"https:\/\/redenoticiaz.com.br\/litoralsp\/2023\/02\/20\/simone-tebet-fica-ilhada-em-guaruja-e-opta-por-visitar-desabrigados-da-chuva","url":"https:\/\/redenoticiaz.com.br\/litoralsp\/2023\/02\/20\/simone-tebet-fica-ilhada-em-guaruja-e-opta-por-visitar-desabrigados-da-chuva","name":"Simone Tebet fica &#8220;ilhada&#8221; em Guaruj\u00e1 e opta por visitar desabrigados da chuva - Litoral SP","isPartOf":{"@id":"https:\/\/redenoticiaz.com.br\/litoralsp\/#website"},"primaryImageOfPage":{"@id":"https:\/\/redenoticiaz.com.br\/litoralsp\/2023\/02\/20\/simone-tebet-fica-ilhada-em-guaruja-e-opta-por-visitar-desabrigados-da-chuva#primaryimage"},"image":{"@id":"https:\/\/redenoticiaz.com.br\/litoralsp\/2023\/02\/20\/simone-tebet-fica-ilhada-em-guaruja-e-opta-por-visitar-desabrigados-da-chuva#primaryimage"},"thumbnailUrl":"https:\/\/redenoticiaz.com.br\/litoralsp\/wp-content\/uploads\/sites\/3\/2023\/02\/whatsapp-image-2023-02-20-at-12.34.14.jpg","datePublished":"2023-02-20T19:12:39+00:00","description":"A ministra do Planejamento Simone Tebet ficou \"ilhada\" em Guaruj\u00e1 ap\u00f3s interdi\u00e7\u00e3o de rodovia e optou por visitar desabrigados da chuva na cidade.","inLanguage":"pt-BR","potentialAction":[{"@type":"ReadAction","target":["https:\/\/redenoticiaz.com.br\/litoralsp\/2023\/02\/20\/simone-tebet-fica-ilhada-em-guaruja-e-opta-por-visitar-desabrigados-da-chuva"]}]},{"@type":"ImageObject","inLanguage":"pt-BR","@id":"https:\/\/redenoticiaz.com.br\/litoralsp\/2023\/02\/20\/simone-tebet-fica-ilhada-em-guaruja-e-opta-por-visitar-desabrigados-da-chuva#primaryimage","url":"https:\/\/redenoticiaz.com.br\/litoralsp\/wp-content\/uploads\/sites\/3\/2023\/02\/whatsapp-image-2023-02-20-at-12.34.14.jpg","contentUrl":"https:\/\/redenoticiaz.com.br\/litoralsp\/wp-content\/uploads\/sites\/3\/2023\/02\/whatsapp-image-2023-02-20-at-12.34.14.jpg","width":984,"height":492,"caption":"Simone Tebet fica \"ilhada\" em Guaruj\u00e1 e opta por visitar desabrigados da chuva"},{"@type":"WebSite","@id":"https:\/\/redenoticiaz.com.br\/litoralsp\/#website","url":"https:\/\/redenoticiaz.com.br\/litoralsp\/","name":"Litoral SP","description":"Rede NoticiaZ","publisher":{"@id":"https:\/\/redenoticiaz.com.br\/litoralsp\/#organization"},"potentialAction":[{"@type":"SearchAction","target":{"@type":"EntryPoint","urlTemplate":"https:\/\/redenoticiaz.com.br\/litoralsp\/?s={search_term_string}"},"query-input":{"@type":"PropertyValueSpecification","valueRequired":true,"valueName":"search_term_string"}}],"inLanguage":"pt-BR"},{"@type":"Organization","@id":"https:\/\/redenoticiaz.com.br\/litoralsp\/#organization","name":"Litoral SP","url":"https:\/\/redenoticiaz.com.br\/litoralsp\/","logo":{"@type":"ImageObject","inLanguage":"pt-BR","@id":"https:\/\/redenoticiaz.com.br\/litoralsp\/#\/schema\/logo\/image\/","url":"https:\/\/redenoticiaz.com.br\/litoralsp\/wp-content\/uploads\/sites\/3\/2020\/11\/logo.jpg","contentUrl":"https:\/\/redenoticiaz.com.br\/litoralsp\/wp-content\/uploads\/sites\/3\/2020\/11\/logo.jpg","width":400,"height":250,"caption":"Litoral SP"},"image":{"@id":"https:\/\/redenoticiaz.com.br\/litoralsp\/#\/schema\/logo\/image\/"}},{"@type":"Person","@id":"https:\/\/redenoticiaz.com.br\/litoralsp\/#\/schema\/person\/16057b37a3c0ee6b096d7f887c566e2e","name":"Gustavo Silva","image":{"@type":"ImageObject","inLanguage":"pt-BR","@id":"https:\/\/secure.gravatar.com\/avatar\/3ee4e82f93b26de0a7cf4ea5eb7893da637ed6bb0c9170c58065944c56e28a33?s=96&d=mm&r=g","url":"https:\/\/secure.gravatar.com\/avatar\/3ee4e82f93b26de0a7cf4ea5eb7893da637ed6bb0c9170c58065944c56e28a33?s=96&d=mm&r=g","contentUrl":"https:\/\/secure.gravatar.com\/avatar\/3ee4e82f93b26de0a7cf4ea5eb7893da637ed6bb0c9170c58065944c56e28a33?s=96&d=mm&r=g","caption":"Gustavo Silva"},"url":"https:\/\/redenoticiaz.com.br\/litoralsp\/author\/gustavosilva"}]}},"_links":{"self":[{"href":"https:\/\/redenoticiaz.com.br\/litoralsp\/wp-json\/wp\/v2\/posts\/101121","targetHints":{"allow":["GET"]}}],"collection":[{"href":"https:\/\/redenoticiaz.com.br\/litoralsp\/wp-json\/wp\/v2\/posts"}],"about":[{"href":"https:\/\/redenoticiaz.com.br\/litoralsp\/wp-json\/wp\/v2\/types\/post"}],"author":[{"embeddable":true,"href":"https:\/\/redenoticiaz.com.br\/litoralsp\/wp-json\/wp\/v2\/users\/12"}],"replies":[{"embeddable":true,"href":"https:\/\/redenoticiaz.com.br\/litoralsp\/wp-json\/wp\/v2\/comments?post=101121"}],"version-history":[{"count":1,"href":"https:\/\/redenoticiaz.com.br\/litoralsp\/wp-json\/wp\/v2\/posts\/101121\/revisions"}],"predecessor-version":[{"id":101127,"href":"https:\/\/redenoticiaz.com.br\/litoralsp\/wp-json\/wp\/v2\/posts\/101121\/revisions\/101127"}],"wp:featuredmedia":[{"embeddable":true,"href":"https:\/\/redenoticiaz.com.br\/litoralsp\/wp-json\/wp\/v2\/media\/101126"}],"wp:attachment":[{"href":"https:\/\/redenoticiaz.com.br\/litoralsp\/wp-json\/wp\/v2\/media?parent=101121"}],"wp:term":[{"taxonomy":"category","embeddable":true,"href":"https:\/\/redenoticiaz.com.br\/litoralsp\/wp-json\/wp\/v2\/categories?post=101121"},{"taxonomy":"post_tag","embeddable":true,"href":"https:\/\/redenoticiaz.com.br\/litoralsp\/wp-json\/wp\/v2\/tags?post=101121"}],"curies":[{"name":"wp","href":"https:\/\/api.w.org\/{rel}","templated":true}]}}