{"id":101147,"date":"2023-02-21T10:29:23","date_gmt":"2023-02-21T13:29:23","guid":{"rendered":"https:\/\/redenoticiaz.com.br\/litoralsp\/?p=101147"},"modified":"2023-02-21T10:29:23","modified_gmt":"2023-02-21T13:29:23","slug":"chuva-da-tregua-em-santos-mas-estado-de-atencao-e-mantido-pela-defesa-civil","status":"publish","type":"post","link":"https:\/\/redenoticiaz.com.br\/litoralsp\/2023\/02\/21\/chuva-da-tregua-em-santos-mas-estado-de-atencao-e-mantido-pela-defesa-civil","title":{"rendered":"Chuva d\u00e1 tr\u00e9gua em Santos, mas estado de aten\u00e7\u00e3o \u00e9 mantido pela Defesa Civil"},"content":{"rendered":"<p>O tempo voltou a ser de sol em Santos e com o clima agrad\u00e1vel, a popula\u00e7\u00e3o voltou a viver normalmente, podendo aproveitar o Carnaval. Apesar disto, a Prefeitura de Santos, por meio do Plano Municipal de Conting\u00eancia para Ressacas e Inunda\u00e7\u00f5es, segue <strong>acompanhando as \u00e1reas de risco<\/strong> afetadas pelas chuvas do \u00faltimo final de semana.<\/p>\n<p>Segundo a Defesa Civil e a administra\u00e7\u00e3o, o \u00edndice pluviom\u00e9trico da Cidade nas \u00faltimas 72 horas \u00e9 de 173,4 mm. Isto representa 60% da m\u00e9dia hist\u00f3rica de todo m\u00eas de fevereiro. Por conta disso, a Defesa Civil e secretarias de Servi\u00e7os P\u00fablicos e das Prefeituras Regionais, est\u00e3o atuando para monitoramento das \u00e1reas de risco e de prontid\u00e3o para qualquer necessidade em decorr\u00eancia da chuva.<\/p>\n<p>At\u00e9 o momento, a administra\u00e7\u00e3o, n\u00e3o registrou nenhuma ocorr\u00eancia ou remo\u00e7\u00e3o de moradores foi necess\u00e1ria durante o feriado prolongado.<\/p>\n<p>J\u00e1 o Plano Preventivo de Defesa Civil (PPDC) informa que os morros de Santos seguem em estado de aten\u00e7\u00e3o. Os moradores da \u00e1rea devem observar sinais de perigo como trincas nas paredes ou no terreno da moradia, rachaduras no solo, inclina\u00e7\u00f5es de \u00e1rvores e postes, estalos nas paredes e muros estufados.<\/p>\n<p>Em qualquer uma dessas situa\u00e7\u00f5es, o mun\u00edcipe deve deixar imediatamente a resid\u00eancia e acionar a Defesa Civil de Santos pelo telefone 199. Para receber alertas meteorol\u00f3gicos, o mun\u00edcipe pode se cadastrar pelo n\u00famero 40199.<br \/>\nTodas as \u00e1reas de encostas s\u00e3o monitoradas, com maior foco na execu\u00e7\u00e3o do PPDC, iniciado em 1\u00ba de dezembro com t\u00e9rmino no final de abril (um m\u00eas a mais do que o plano estadual).<\/p>\n<h3>Tempo<\/h3>\n<p>De acordo com a Defesa Civil do Estado de S\u00e3o Paulo, nesta ter\u00e7a (21) o dia ser\u00e1 nublado com chuva fraca e moderada, por\u00e9m com a possibilidade de pancadas de chuva acompanhadas de raios e rajadas de vento.<br \/>\nOs atuais modelos meteorol\u00f3gicos indicam risco para acumulados moderados na Baixada Santista. A Defesa Civil estadual trabalha com a previs\u00e3o de 35mm de acumulado de chuva para as pr\u00f3ximas 24 horas.<\/p>\n<p><strong>LEIA TAMB\u00c9M<\/strong><\/p>\n<p><a href=\"https:\/\/redenoticiaz.com.br\/litoralsp\/2023\/02\/20\/centro-de-monitoramento-emitiu-alertas-tres-dias-antes-dos-temporais\">Centro de monitoramento emitiu alertas tr\u00eas dias antes dos temporais<\/a><\/p>\n","protected":false},"excerpt":{"rendered":"<p>O tempo voltou a ser de sol em Santos e com o clima agrad\u00e1vel, a popula\u00e7\u00e3o voltou a viver normalmente, podendo aproveitar o Carnaval. Apesar disto, a Prefeitura de Santos, por meio do Plano Municipal de Conting\u00eancia para Ressacas e Inunda\u00e7\u00f5es, segue acompanhando as \u00e1reas de risco afetadas pelas chuvas do \u00faltimo final de semana. &hellip;<\/p>\n","protected":false},"author":6,"featured_media":101148,"comment_status":"open","ping_status":"closed","sticky":false,"template":"","format":"standard","meta":{"footnotes":""},"categories":[26798,180],"tags":[2966,1151,2930,26825,986],"class_list":["post-101147","post","type-post","status-publish","format-standard","has-post-thumbnail","hentry","category-climatologia","category-santos","tag-areas-de-risco","tag-defesa-civil","tag-morros","tag-previsao-do-tempo","tag-santos"],"yoast_head":"<!-- This site is optimized with the Yoast SEO plugin v27.5 - https:\/\/yoast.com\/product\/yoast-seo-wordpress\/ -->\n<title>Chuva d\u00e1 tr\u00e9gua em Santos, mas estado de aten\u00e7\u00e3o \u00e9 mantido pela Defesa Civil - Litoral SP<\/title>\n<meta name=\"description\" content=\"O tempo voltou a ser de sol em Santos e com o clima agrad\u00e1vel, a popula\u00e7\u00e3o voltou a viver normalmente, podendo aproveitar o Carnaval.\" \/>\n<meta name=\"robots\" content=\"index, follow, max-snippet:-1, max-image-preview:large, max-video-preview:-1\" \/>\n<link rel=\"canonical\" href=\"https:\/\/redenoticiaz.com.br\/litoralsp\/2023\/02\/21\/chuva-da-tregua-em-santos-mas-estado-de-atencao-e-mantido-pela-defesa-civil\" \/>\n<meta property=\"og:locale\" content=\"pt_BR\" \/>\n<meta property=\"og:type\" content=\"article\" \/>\n<meta property=\"og:title\" content=\"Chuva d\u00e1 tr\u00e9gua em Santos, mas estado de aten\u00e7\u00e3o \u00e9 mantido pela Defesa Civil - Litoral SP\" \/>\n<meta property=\"og:description\" content=\"O tempo voltou a ser de sol em Santos e com o clima agrad\u00e1vel, a popula\u00e7\u00e3o voltou a viver normalmente, podendo aproveitar o Carnaval.\" \/>\n<meta property=\"og:url\" content=\"https:\/\/redenoticiaz.com.br\/litoralsp\/2023\/02\/21\/chuva-da-tregua-em-santos-mas-estado-de-atencao-e-mantido-pela-defesa-civil\" \/>\n<meta property=\"og:site_name\" content=\"Litoral SP\" \/>\n<meta property=\"article:published_time\" content=\"2023-02-21T13:29:23+00:00\" \/>\n<meta property=\"og:image\" content=\"https:\/\/redenoticiaz.com.br\/litoralsp\/wp-content\/uploads\/sites\/3\/2023\/02\/WhatsApp-Image-2023-02-21-at-09.52.32.jpeg\" \/>\n\t<meta property=\"og:image:width\" content=\"1600\" \/>\n\t<meta property=\"og:image:height\" content=\"900\" \/>\n\t<meta property=\"og:image:type\" content=\"image\/jpeg\" \/>\n<meta name=\"author\" content=\"Leonardo Francisco\" \/>\n<meta name=\"twitter:card\" content=\"summary_large_image\" \/>\n<meta name=\"twitter:label1\" content=\"Escrito por\" \/>\n\t<meta name=\"twitter:data1\" content=\"Leonardo Francisco\" \/>\n\t<meta name=\"twitter:label2\" content=\"Est. tempo de leitura\" \/>\n\t<meta name=\"twitter:data2\" content=\"2 minutos\" \/>\n<script type=\"application\/ld+json\" class=\"yoast-schema-graph\">{\"@context\":\"https:\\\/\\\/schema.org\",\"@graph\":[{\"@type\":\"Article\",\"@id\":\"https:\\\/\\\/redenoticiaz.com.br\\\/litoralsp\\\/2023\\\/02\\\/21\\\/chuva-da-tregua-em-santos-mas-estado-de-atencao-e-mantido-pela-defesa-civil#article\",\"isPartOf\":{\"@id\":\"https:\\\/\\\/redenoticiaz.com.br\\\/litoralsp\\\/2023\\\/02\\\/21\\\/chuva-da-tregua-em-santos-mas-estado-de-atencao-e-mantido-pela-defesa-civil\"},\"author\":{\"name\":\"Leonardo Francisco\",\"@id\":\"https:\\\/\\\/redenoticiaz.com.br\\\/litoralsp\\\/#\\\/schema\\\/person\\\/0f0b8a5bdafefe82841e07ae8d81ecb3\"},\"headline\":\"Chuva d\u00e1 tr\u00e9gua em Santos, mas estado de aten\u00e7\u00e3o \u00e9 mantido pela Defesa Civil\",\"datePublished\":\"2023-02-21T13:29:23+00:00\",\"mainEntityOfPage\":{\"@id\":\"https:\\\/\\\/redenoticiaz.com.br\\\/litoralsp\\\/2023\\\/02\\\/21\\\/chuva-da-tregua-em-santos-mas-estado-de-atencao-e-mantido-pela-defesa-civil\"},\"wordCount\":384,\"commentCount\":0,\"publisher\":{\"@id\":\"https:\\\/\\\/redenoticiaz.com.br\\\/litoralsp\\\/#organization\"},\"image\":{\"@id\":\"https:\\\/\\\/redenoticiaz.com.br\\\/litoralsp\\\/2023\\\/02\\\/21\\\/chuva-da-tregua-em-santos-mas-estado-de-atencao-e-mantido-pela-defesa-civil#primaryimage\"},\"thumbnailUrl\":\"https:\\\/\\\/redenoticiaz.com.br\\\/litoralsp\\\/wp-content\\\/uploads\\\/sites\\\/3\\\/2023\\\/02\\\/WhatsApp-Image-2023-02-21-at-09.52.32.jpeg\",\"keywords\":[\"\u00c1REAS DE RISCO\",\"DEFESA CIVIL\",\"MORROS\",\"PREVIS\u00c3O DO TEMPO\",\"Santos\"],\"articleSection\":[\"Climatologia\",\"Santos\"],\"inLanguage\":\"pt-BR\",\"potentialAction\":[{\"@type\":\"CommentAction\",\"name\":\"Comment\",\"target\":[\"https:\\\/\\\/redenoticiaz.com.br\\\/litoralsp\\\/2023\\\/02\\\/21\\\/chuva-da-tregua-em-santos-mas-estado-de-atencao-e-mantido-pela-defesa-civil#respond\"]}]},{\"@type\":\"WebPage\",\"@id\":\"https:\\\/\\\/redenoticiaz.com.br\\\/litoralsp\\\/2023\\\/02\\\/21\\\/chuva-da-tregua-em-santos-mas-estado-de-atencao-e-mantido-pela-defesa-civil\",\"url\":\"https:\\\/\\\/redenoticiaz.com.br\\\/litoralsp\\\/2023\\\/02\\\/21\\\/chuva-da-tregua-em-santos-mas-estado-de-atencao-e-mantido-pela-defesa-civil\",\"name\":\"Chuva d\u00e1 tr\u00e9gua em Santos, mas estado de aten\u00e7\u00e3o \u00e9 mantido pela Defesa Civil - Litoral SP\",\"isPartOf\":{\"@id\":\"https:\\\/\\\/redenoticiaz.com.br\\\/litoralsp\\\/#website\"},\"primaryImageOfPage\":{\"@id\":\"https:\\\/\\\/redenoticiaz.com.br\\\/litoralsp\\\/2023\\\/02\\\/21\\\/chuva-da-tregua-em-santos-mas-estado-de-atencao-e-mantido-pela-defesa-civil#primaryimage\"},\"image\":{\"@id\":\"https:\\\/\\\/redenoticiaz.com.br\\\/litoralsp\\\/2023\\\/02\\\/21\\\/chuva-da-tregua-em-santos-mas-estado-de-atencao-e-mantido-pela-defesa-civil#primaryimage\"},\"thumbnailUrl\":\"https:\\\/\\\/redenoticiaz.com.br\\\/litoralsp\\\/wp-content\\\/uploads\\\/sites\\\/3\\\/2023\\\/02\\\/WhatsApp-Image-2023-02-21-at-09.52.32.jpeg\",\"datePublished\":\"2023-02-21T13:29:23+00:00\",\"description\":\"O tempo voltou a ser de sol em Santos e com o clima agrad\u00e1vel, a popula\u00e7\u00e3o voltou a viver normalmente, podendo aproveitar o Carnaval.\",\"inLanguage\":\"pt-BR\",\"potentialAction\":[{\"@type\":\"ReadAction\",\"target\":[\"https:\\\/\\\/redenoticiaz.com.br\\\/litoralsp\\\/2023\\\/02\\\/21\\\/chuva-da-tregua-em-santos-mas-estado-de-atencao-e-mantido-pela-defesa-civil\"]}]},{\"@type\":\"ImageObject\",\"inLanguage\":\"pt-BR\",\"@id\":\"https:\\\/\\\/redenoticiaz.com.br\\\/litoralsp\\\/2023\\\/02\\\/21\\\/chuva-da-tregua-em-santos-mas-estado-de-atencao-e-mantido-pela-defesa-civil#primaryimage\",\"url\":\"https:\\\/\\\/redenoticiaz.com.br\\\/litoralsp\\\/wp-content\\\/uploads\\\/sites\\\/3\\\/2023\\\/02\\\/WhatsApp-Image-2023-02-21-at-09.52.32.jpeg\",\"contentUrl\":\"https:\\\/\\\/redenoticiaz.com.br\\\/litoralsp\\\/wp-content\\\/uploads\\\/sites\\\/3\\\/2023\\\/02\\\/WhatsApp-Image-2023-02-21-at-09.52.32.jpeg\",\"width\":1600,\"height\":900,\"caption\":\"Cr\u00e9ditos: Divulga\u00e7\u00e3o\\\/Prefeitura de Santos\"},{\"@type\":\"WebSite\",\"@id\":\"https:\\\/\\\/redenoticiaz.com.br\\\/litoralsp\\\/#website\",\"url\":\"https:\\\/\\\/redenoticiaz.com.br\\\/litoralsp\\\/\",\"name\":\"Litoral SP\",\"description\":\"Rede NoticiaZ\",\"publisher\":{\"@id\":\"https:\\\/\\\/redenoticiaz.com.br\\\/litoralsp\\\/#organization\"},\"potentialAction\":[{\"@type\":\"SearchAction\",\"target\":{\"@type\":\"EntryPoint\",\"urlTemplate\":\"https:\\\/\\\/redenoticiaz.com.br\\\/litoralsp\\\/?s={search_term_string}\"},\"query-input\":{\"@type\":\"PropertyValueSpecification\",\"valueRequired\":true,\"valueName\":\"search_term_string\"}}],\"inLanguage\":\"pt-BR\"},{\"@type\":\"Organization\",\"@id\":\"https:\\\/\\\/redenoticiaz.com.br\\\/litoralsp\\\/#organization\",\"name\":\"Litoral SP\",\"url\":\"https:\\\/\\\/redenoticiaz.com.br\\\/litoralsp\\\/\",\"logo\":{\"@type\":\"ImageObject\",\"inLanguage\":\"pt-BR\",\"@id\":\"https:\\\/\\\/redenoticiaz.com.br\\\/litoralsp\\\/#\\\/schema\\\/logo\\\/image\\\/\",\"url\":\"https:\\\/\\\/redenoticiaz.com.br\\\/litoralsp\\\/wp-content\\\/uploads\\\/sites\\\/3\\\/2020\\\/11\\\/logo.jpg\",\"contentUrl\":\"https:\\\/\\\/redenoticiaz.com.br\\\/litoralsp\\\/wp-content\\\/uploads\\\/sites\\\/3\\\/2020\\\/11\\\/logo.jpg\",\"width\":400,\"height\":250,\"caption\":\"Litoral SP\"},\"image\":{\"@id\":\"https:\\\/\\\/redenoticiaz.com.br\\\/litoralsp\\\/#\\\/schema\\\/logo\\\/image\\\/\"}},{\"@type\":\"Person\",\"@id\":\"https:\\\/\\\/redenoticiaz.com.br\\\/litoralsp\\\/#\\\/schema\\\/person\\\/0f0b8a5bdafefe82841e07ae8d81ecb3\",\"name\":\"Leonardo Francisco\",\"image\":{\"@type\":\"ImageObject\",\"inLanguage\":\"pt-BR\",\"@id\":\"https:\\\/\\\/secure.gravatar.com\\\/avatar\\\/a7358cb406a99b682ec6df1e77e31ae82e63601f6784e8a3df411d72b37864da?s=96&d=mm&r=g\",\"url\":\"https:\\\/\\\/secure.gravatar.com\\\/avatar\\\/a7358cb406a99b682ec6df1e77e31ae82e63601f6784e8a3df411d72b37864da?s=96&d=mm&r=g\",\"contentUrl\":\"https:\\\/\\\/secure.gravatar.com\\\/avatar\\\/a7358cb406a99b682ec6df1e77e31ae82e63601f6784e8a3df411d72b37864da?s=96&d=mm&r=g\",\"caption\":\"Leonardo Francisco\"},\"url\":\"https:\\\/\\\/redenoticiaz.com.br\\\/litoralsp\\\/author\\\/leonardo-francisco\"}]}<\/script>\n<!-- \/ Yoast SEO plugin. -->","yoast_head_json":{"title":"Chuva d\u00e1 tr\u00e9gua em Santos, mas estado de aten\u00e7\u00e3o \u00e9 mantido pela Defesa Civil - Litoral SP","description":"O tempo voltou a ser de sol em Santos e com o clima agrad\u00e1vel, a popula\u00e7\u00e3o voltou a viver normalmente, podendo aproveitar o Carnaval.","robots":{"index":"index","follow":"follow","max-snippet":"max-snippet:-1","max-image-preview":"max-image-preview:large","max-video-preview":"max-video-preview:-1"},"canonical":"https:\/\/redenoticiaz.com.br\/litoralsp\/2023\/02\/21\/chuva-da-tregua-em-santos-mas-estado-de-atencao-e-mantido-pela-defesa-civil","og_locale":"pt_BR","og_type":"article","og_title":"Chuva d\u00e1 tr\u00e9gua em Santos, mas estado de aten\u00e7\u00e3o \u00e9 mantido pela Defesa Civil - Litoral SP","og_description":"O tempo voltou a ser de sol em Santos e com o clima agrad\u00e1vel, a popula\u00e7\u00e3o voltou a viver normalmente, podendo aproveitar o Carnaval.","og_url":"https:\/\/redenoticiaz.com.br\/litoralsp\/2023\/02\/21\/chuva-da-tregua-em-santos-mas-estado-de-atencao-e-mantido-pela-defesa-civil","og_site_name":"Litoral SP","article_published_time":"2023-02-21T13:29:23+00:00","og_image":[{"width":1600,"height":900,"url":"https:\/\/redenoticiaz.com.br\/litoralsp\/wp-content\/uploads\/sites\/3\/2023\/02\/WhatsApp-Image-2023-02-21-at-09.52.32.jpeg","type":"image\/jpeg"}],"author":"Leonardo Francisco","twitter_card":"summary_large_image","twitter_misc":{"Escrito por":"Leonardo Francisco","Est. tempo de leitura":"2 minutos"},"schema":{"@context":"https:\/\/schema.org","@graph":[{"@type":"Article","@id":"https:\/\/redenoticiaz.com.br\/litoralsp\/2023\/02\/21\/chuva-da-tregua-em-santos-mas-estado-de-atencao-e-mantido-pela-defesa-civil#article","isPartOf":{"@id":"https:\/\/redenoticiaz.com.br\/litoralsp\/2023\/02\/21\/chuva-da-tregua-em-santos-mas-estado-de-atencao-e-mantido-pela-defesa-civil"},"author":{"name":"Leonardo Francisco","@id":"https:\/\/redenoticiaz.com.br\/litoralsp\/#\/schema\/person\/0f0b8a5bdafefe82841e07ae8d81ecb3"},"headline":"Chuva d\u00e1 tr\u00e9gua em Santos, mas estado de aten\u00e7\u00e3o \u00e9 mantido pela Defesa Civil","datePublished":"2023-02-21T13:29:23+00:00","mainEntityOfPage":{"@id":"https:\/\/redenoticiaz.com.br\/litoralsp\/2023\/02\/21\/chuva-da-tregua-em-santos-mas-estado-de-atencao-e-mantido-pela-defesa-civil"},"wordCount":384,"commentCount":0,"publisher":{"@id":"https:\/\/redenoticiaz.com.br\/litoralsp\/#organization"},"image":{"@id":"https:\/\/redenoticiaz.com.br\/litoralsp\/2023\/02\/21\/chuva-da-tregua-em-santos-mas-estado-de-atencao-e-mantido-pela-defesa-civil#primaryimage"},"thumbnailUrl":"https:\/\/redenoticiaz.com.br\/litoralsp\/wp-content\/uploads\/sites\/3\/2023\/02\/WhatsApp-Image-2023-02-21-at-09.52.32.jpeg","keywords":["\u00c1REAS DE RISCO","DEFESA CIVIL","MORROS","PREVIS\u00c3O DO TEMPO","Santos"],"articleSection":["Climatologia","Santos"],"inLanguage":"pt-BR","potentialAction":[{"@type":"CommentAction","name":"Comment","target":["https:\/\/redenoticiaz.com.br\/litoralsp\/2023\/02\/21\/chuva-da-tregua-em-santos-mas-estado-de-atencao-e-mantido-pela-defesa-civil#respond"]}]},{"@type":"WebPage","@id":"https:\/\/redenoticiaz.com.br\/litoralsp\/2023\/02\/21\/chuva-da-tregua-em-santos-mas-estado-de-atencao-e-mantido-pela-defesa-civil","url":"https:\/\/redenoticiaz.com.br\/litoralsp\/2023\/02\/21\/chuva-da-tregua-em-santos-mas-estado-de-atencao-e-mantido-pela-defesa-civil","name":"Chuva d\u00e1 tr\u00e9gua em Santos, mas estado de aten\u00e7\u00e3o \u00e9 mantido pela Defesa Civil - Litoral SP","isPartOf":{"@id":"https:\/\/redenoticiaz.com.br\/litoralsp\/#website"},"primaryImageOfPage":{"@id":"https:\/\/redenoticiaz.com.br\/litoralsp\/2023\/02\/21\/chuva-da-tregua-em-santos-mas-estado-de-atencao-e-mantido-pela-defesa-civil#primaryimage"},"image":{"@id":"https:\/\/redenoticiaz.com.br\/litoralsp\/2023\/02\/21\/chuva-da-tregua-em-santos-mas-estado-de-atencao-e-mantido-pela-defesa-civil#primaryimage"},"thumbnailUrl":"https:\/\/redenoticiaz.com.br\/litoralsp\/wp-content\/uploads\/sites\/3\/2023\/02\/WhatsApp-Image-2023-02-21-at-09.52.32.jpeg","datePublished":"2023-02-21T13:29:23+00:00","description":"O tempo voltou a ser de sol em Santos e com o clima agrad\u00e1vel, a popula\u00e7\u00e3o voltou a viver normalmente, podendo aproveitar o Carnaval.","inLanguage":"pt-BR","potentialAction":[{"@type":"ReadAction","target":["https:\/\/redenoticiaz.com.br\/litoralsp\/2023\/02\/21\/chuva-da-tregua-em-santos-mas-estado-de-atencao-e-mantido-pela-defesa-civil"]}]},{"@type":"ImageObject","inLanguage":"pt-BR","@id":"https:\/\/redenoticiaz.com.br\/litoralsp\/2023\/02\/21\/chuva-da-tregua-em-santos-mas-estado-de-atencao-e-mantido-pela-defesa-civil#primaryimage","url":"https:\/\/redenoticiaz.com.br\/litoralsp\/wp-content\/uploads\/sites\/3\/2023\/02\/WhatsApp-Image-2023-02-21-at-09.52.32.jpeg","contentUrl":"https:\/\/redenoticiaz.com.br\/litoralsp\/wp-content\/uploads\/sites\/3\/2023\/02\/WhatsApp-Image-2023-02-21-at-09.52.32.jpeg","width":1600,"height":900,"caption":"Cr\u00e9ditos: Divulga\u00e7\u00e3o\/Prefeitura de Santos"},{"@type":"WebSite","@id":"https:\/\/redenoticiaz.com.br\/litoralsp\/#website","url":"https:\/\/redenoticiaz.com.br\/litoralsp\/","name":"Litoral SP","description":"Rede NoticiaZ","publisher":{"@id":"https:\/\/redenoticiaz.com.br\/litoralsp\/#organization"},"potentialAction":[{"@type":"SearchAction","target":{"@type":"EntryPoint","urlTemplate":"https:\/\/redenoticiaz.com.br\/litoralsp\/?s={search_term_string}"},"query-input":{"@type":"PropertyValueSpecification","valueRequired":true,"valueName":"search_term_string"}}],"inLanguage":"pt-BR"},{"@type":"Organization","@id":"https:\/\/redenoticiaz.com.br\/litoralsp\/#organization","name":"Litoral SP","url":"https:\/\/redenoticiaz.com.br\/litoralsp\/","logo":{"@type":"ImageObject","inLanguage":"pt-BR","@id":"https:\/\/redenoticiaz.com.br\/litoralsp\/#\/schema\/logo\/image\/","url":"https:\/\/redenoticiaz.com.br\/litoralsp\/wp-content\/uploads\/sites\/3\/2020\/11\/logo.jpg","contentUrl":"https:\/\/redenoticiaz.com.br\/litoralsp\/wp-content\/uploads\/sites\/3\/2020\/11\/logo.jpg","width":400,"height":250,"caption":"Litoral SP"},"image":{"@id":"https:\/\/redenoticiaz.com.br\/litoralsp\/#\/schema\/logo\/image\/"}},{"@type":"Person","@id":"https:\/\/redenoticiaz.com.br\/litoralsp\/#\/schema\/person\/0f0b8a5bdafefe82841e07ae8d81ecb3","name":"Leonardo Francisco","image":{"@type":"ImageObject","inLanguage":"pt-BR","@id":"https:\/\/secure.gravatar.com\/avatar\/a7358cb406a99b682ec6df1e77e31ae82e63601f6784e8a3df411d72b37864da?s=96&d=mm&r=g","url":"https:\/\/secure.gravatar.com\/avatar\/a7358cb406a99b682ec6df1e77e31ae82e63601f6784e8a3df411d72b37864da?s=96&d=mm&r=g","contentUrl":"https:\/\/secure.gravatar.com\/avatar\/a7358cb406a99b682ec6df1e77e31ae82e63601f6784e8a3df411d72b37864da?s=96&d=mm&r=g","caption":"Leonardo Francisco"},"url":"https:\/\/redenoticiaz.com.br\/litoralsp\/author\/leonardo-francisco"}]}},"_links":{"self":[{"href":"https:\/\/redenoticiaz.com.br\/litoralsp\/wp-json\/wp\/v2\/posts\/101147","targetHints":{"allow":["GET"]}}],"collection":[{"href":"https:\/\/redenoticiaz.com.br\/litoralsp\/wp-json\/wp\/v2\/posts"}],"about":[{"href":"https:\/\/redenoticiaz.com.br\/litoralsp\/wp-json\/wp\/v2\/types\/post"}],"author":[{"embeddable":true,"href":"https:\/\/redenoticiaz.com.br\/litoralsp\/wp-json\/wp\/v2\/users\/6"}],"replies":[{"embeddable":true,"href":"https:\/\/redenoticiaz.com.br\/litoralsp\/wp-json\/wp\/v2\/comments?post=101147"}],"version-history":[{"count":1,"href":"https:\/\/redenoticiaz.com.br\/litoralsp\/wp-json\/wp\/v2\/posts\/101147\/revisions"}],"predecessor-version":[{"id":101149,"href":"https:\/\/redenoticiaz.com.br\/litoralsp\/wp-json\/wp\/v2\/posts\/101147\/revisions\/101149"}],"wp:featuredmedia":[{"embeddable":true,"href":"https:\/\/redenoticiaz.com.br\/litoralsp\/wp-json\/wp\/v2\/media\/101148"}],"wp:attachment":[{"href":"https:\/\/redenoticiaz.com.br\/litoralsp\/wp-json\/wp\/v2\/media?parent=101147"}],"wp:term":[{"taxonomy":"category","embeddable":true,"href":"https:\/\/redenoticiaz.com.br\/litoralsp\/wp-json\/wp\/v2\/categories?post=101147"},{"taxonomy":"post_tag","embeddable":true,"href":"https:\/\/redenoticiaz.com.br\/litoralsp\/wp-json\/wp\/v2\/tags?post=101147"}],"curies":[{"name":"wp","href":"https:\/\/api.w.org\/{rel}","templated":true}]}}