{"id":10115,"date":"2021-06-15T14:14:11","date_gmt":"2021-06-15T17:14:11","guid":{"rendered":"https:\/\/redenoticiaz.com.br\/litoralsp\/2021\/06\/15\/entenda-porque-o-calendario-de-vacinacao-esta-antecipado-em-sp"},"modified":"2021-06-15T14:16:04","modified_gmt":"2021-06-15T17:16:04","slug":"entenda-porque-o-calendario-de-vacinacao-esta-antecipado-em-sp","status":"publish","type":"post","link":"https:\/\/redenoticiaz.com.br\/litoralsp\/2021\/06\/15\/entenda-porque-o-calendario-de-vacinacao-esta-antecipado-em-sp","title":{"rendered":"Entenda porque o calend\u00e1rio de vacina\u00e7\u00e3o est\u00e1 antecipado em SP"},"content":{"rendered":"<p>No \u00faltimo domingo (13) o <a href=\"https:\/\/www.saopaulo.sp.gov.br\/\">Governo de S\u00e3o Paulo<\/a> anunciou a antecipa\u00e7\u00e3o da <strong>campanha de vacina\u00e7\u00e3o<\/strong> contra a Covid-19 para toda a popula\u00e7\u00e3o adulta. O prazo agora para que todos sejam imunizados \u00e9 at\u00e9 setembro. Mas por que h\u00e1 essa garantia da imuniza\u00e7\u00e3o de todo este grupo? O Estado conta com as doses que est\u00e3o em estoque e tamb\u00e9m na expectativa da entrega de doses do Minist\u00e9rio da Sa\u00fade.<\/p>\n<p>S\u00e3o Paulo j\u00e1 recebeu at\u00e9 o momento\u00a0 <span class=\"highlight highlighted\">25,7 milh\u00f5es de doses de vacinas<\/span>\u00a0contra Covid-19 do governo federal, e j\u00e1\u00a0<span class=\"highlight highlighted\">repassou 22,2 milh\u00f5es para os munic\u00edpio<\/span>s, segundo dados extra\u00eddos na noite desta segunda (14). No entanto, mais de 3,5 milh\u00f5es de doses que foram entregues para o estado ainda n\u00e3o foram repassadas para as cidades, ou ainda n\u00e3o tiveram o repasse registrado em sistema.<\/p>\n<div class=\"mc-column content-text active-extra-styles \" data-block-type=\"unstyled\" data-block-weight=\"76\" data-block-id=\"4\">\n<p data-track-category=\"Link no Texto\" data-track-links=\"\">A coordenadora do Programa Estadual de Imuniza\u00e7\u00e3o, Regiane de Paula, explicou que, al\u00e9m de um &#8220;delay&#8221; (atraso) dos sistemas que registram as doses repassadas \u00e0s cidades, h\u00e1 ainda 1,4 milh\u00e3o de vacinas que est\u00e3o<span class=\"highlight highlighted\">\u00a0marcadas pelo Minist\u00e9rio da Sa\u00fade para serem usadas como segunda dose<\/span>, e que por isso n\u00e3o s\u00e3o distribu\u00eddas para os munic\u00edpios.<\/p>\n<div class=\"mc-column content-text active-extra-styles \" data-block-type=\"unstyled\" data-block-weight=\"79\" data-block-id=\"8\">\n<p class=\"content-text__container \" data-track-category=\"Link no Texto\" data-track-links=\"\">H\u00e1 ao menos 1 milh\u00e3o de vacinas em estoque que n\u00e3o foram designadas para a segunda dose. A antecipa\u00e7\u00e3o da vacina\u00e7\u00e3o em S\u00e3o Paulo vai contemplar um\u00a0<span class=\"highlight highlighted\">p\u00fablico muito maior do que o total de doses armazenadas ou em processo de distribui\u00e7\u00e3o para os munic\u00edpios<\/span>. Isto significa que, para o adiantamento do calend\u00e1rio,\u00a0<span class=\"highlight highlighted\">o governo conta, majoritariamente, com novas entregas<\/span>\u00a0do Minist\u00e9rio da Sa\u00fade, e n\u00e3o com a diferen\u00e7a entre as doses recebidas e as repassadas para as cidades.<\/p>\n<h3 data-track-category=\"Link no Texto\">As doses armazenadas<\/h3>\n<p>Por enquanto a faixa et\u00e1ria de 50 a 59 anos, sem comorbidades, que teve a vacina\u00e7\u00e3o antecipada para esta quarta-feira (16) no estado de S\u00e3o Paulo, conta com <span class=\"highlight highlighted\">cerca de 3 milh\u00f5es de pessoas<\/span>.<\/p>\n<div class=\"mc-column content-text active-extra-styles \" data-block-type=\"unstyled\" data-block-weight=\"58\" data-block-id=\"10\">\n<p class=\"content-text__container \" data-track-category=\"Link no Texto\" data-track-links=\"\">Se considerados ainda os grupos que ser\u00e3o contemplados em seguida, o n\u00famero de doses necess\u00e1rio supera em muito a quantidade de vacinas que o governo estadual ainda n\u00e3o repassou aos munic\u00edpios. A vacina\u00e7\u00e3o de pessoas de 43 a 49 anos, marcada para come\u00e7ar no pr\u00f3ximo dia 23, vai atingir mais 3 milh\u00f5es de pessoas em S\u00e3o Paulo.<\/p>\n<\/div>\n<div class=\"mc-column content-text active-extra-styles \" data-block-type=\"unstyled\" data-block-weight=\"74\" data-block-id=\"11\">\n<p class=\"content-text__container \" data-track-category=\"Link no Texto\" data-track-links=\"\">Apesar da diferen\u00e7a de mais de 3 milh\u00f5es de doses entre as recebidas pelo estado e as repassadas para as cidades, a coordenadora do Programa Estadual de Imuniza\u00e7\u00e3o, Regiane de Paula, negou que haja represamento de doses. Segundo Regiane de Paula, descontadas as vacinas reservadas para a segunda dose e aquelas separadas para os grupos priorit\u00e1rios que come\u00e7aram a vacina\u00e7\u00e3o nesta semana, ainda h\u00e1 as cerca de 1 milh\u00e3o de doses em estoque.<\/p>\n<\/div>\n<div class=\"content-ads content-ads--reveal\" data-block-type=\"ads\" data-block-id=\"12\"><\/div>\n<div class=\"mc-column content-text active-extra-styles \" data-block-type=\"unstyled\" data-block-weight=\"26\" data-block-id=\"13\">\n<p class=\"content-text__container \" data-track-category=\"Link no Texto\" data-track-links=\"\">Este valor \u00e9 considerado, pelo governo de S\u00e3o Paulo, uma esp\u00e9cie de margem de seguran\u00e7a, ou &#8220;estoque zero&#8221;, como classificou a coordenadora do plano estadual. &#8220;Conforme eu recebo vacina eu repasso em 48h pros meus grupos de vigil\u00e2ncia epidemiol\u00f3gica. Ent\u00e3o eu dependo do quantitativo de vacinas que chegam, e h\u00e1 semanas que chegam mais vacinas e semanas que chegam menos vacinas, e isso \u00e9 um movimento como se fosse movimento de caixa&#8221;, explicou Regiane de Paula.<\/p>\n<h3 data-track-category=\"Link no Texto\">Riscos de cumprimento do prazo<\/h3>\n<div class=\"mc-column content-text active-extra-styles \" data-block-type=\"unstyled\" data-block-weight=\"28\" data-block-id=\"18\">\n<p class=\"content-text__container \" data-track-category=\"Link no Texto\" data-track-links=\"\">Como o cronograma de S\u00e3o Paulo considera, majoritariamente, as entregas programas pelo Minist\u00e9rio da Sa\u00fade,\u00a0<span class=\"highlight highlighted\">eventuais atrasos nas entregas ao governo federal<\/span>\u00a0podem afetar o calend\u00e1rio estadual.<\/p>\n<\/div>\n<div class=\"mc-column content-text active-extra-styles \" data-block-type=\"unstyled\" data-block-weight=\"29\" data-block-id=\"19\">\n<p class=\"content-text__container \" data-track-category=\"Link no Texto\" data-track-links=\"\">O estado de S\u00e3o Paulo n\u00e3o informa quantas doses deve receber do governo federal no pr\u00f3ximo m\u00eas, mas afirma que seu cronograma \u00e9 feito com base em entregas programadas. A entrega da vacina da Janssen, que aconteceria nesta ter\u00e7a-feira (15) foi alterada para vir na quarta-feira (16).<\/p>\n<p data-track-category=\"Link no Texto\" data-track-links=\"\">A Secretaria Estadual de Sa\u00fade foi procurada e respondeu que mesmo com este atraso, o calend\u00e1rio ainda est\u00e1 mantido. O Plano Estadual de Imuniza\u00e7\u00e3o (PEI) foi elaborado e \u00e9 executado com base em monitoramento e planejamento, considerando sempre as perspectivas de envio de vacinas indicadas pelo Programa Nacional de Imuniza\u00e7\u00f5es (PNI) e os p\u00fablicos-alvo da campanha&#8221;, disse a pasta.<\/p>\n<div class=\"mc-column content-text active-extra-styles \" data-block-type=\"unstyled\" data-block-weight=\"19\" data-block-id=\"24\">\n<p class=\"content-text__container \" data-track-category=\"Link no Texto\" data-track-links=\"\">O governo estadual disse tamb\u00e9m que conta com &#8220;a vinda da vacina da Janssen ainda para esta semana&#8221;.<\/p>\n<\/div>\n<div class=\"mc-column content-text active-extra-styles \" data-block-type=\"unstyled\" data-block-weight=\"65\" data-block-id=\"25\">\n<p class=\"content-text__container \" data-track-category=\"Link no Texto\" data-track-links=\"\">&#8220;Atualmente, j\u00e1 h\u00e1 tr\u00eas imunizantes dispon\u00edveis na rede \u2013 vacinas do Butantan, Fiocruz\/Astrazeneca e Pfizer -, com remessas peri\u00f3dicas para o Estado de S\u00e3o Paulo; al\u00e9m disso, gestores nacionais sinalizam a vinda da vacina da Janssen ainda para esta semana. A disponibilidade de cada dose de vacina, independentemente do produtor, segue crucial para que os brasileiros sejam imunizados com maior celeridade&#8221;, declarou em nota.<\/p>\n<p data-track-category=\"Link no Texto\" data-track-links=\"\"><strong>LEIA TAMB\u00c9M<\/strong><\/p>\n<p data-track-category=\"Link no Texto\" data-track-links=\"\"><a href=\"https:\/\/redenoticiaz.com.br\/blog\/2021\/06\/14\/prazo-de-validade-da-janssen-e-ampliado-e-anvisa-aprova-extensao\">Prazo de validade da Janssen \u00e9 ampliado e Anvisa aprova extens\u00e3o<\/a><\/p>\n<\/div>\n<\/div>\n<\/div>\n<\/div>\n<\/div>\n","protected":false},"excerpt":{"rendered":"<p>No \u00faltimo domingo (13) o Governo de S\u00e3o Paulo anunciou a antecipa\u00e7\u00e3o da campanha de vacina\u00e7\u00e3o contra a Covid-19 para toda a popula\u00e7\u00e3o adulta. O prazo agora para que todos sejam imunizados \u00e9 at\u00e9 setembro. Mas por que h\u00e1 essa garantia da imuniza\u00e7\u00e3o de todo este grupo? O Estado conta com as doses que est\u00e3o &hellip;<\/p>\n","protected":false},"author":6,"featured_media":10116,"comment_status":"open","ping_status":"closed","sticky":false,"template":"","format":"standard","meta":{"footnotes":""},"categories":[23],"tags":[24907,1152,65,96,17365],"class_list":["post-10115","post","type-post","status-publish","format-standard","has-post-thumbnail","hentry","category-saude","tag-calendario-antecipado","tag-governo-de-sao-paulo","tag-sao-paulo","tag-saude","tag-vacina-contra-covid-19"],"yoast_head":"<!-- This site is optimized with the Yoast SEO plugin v27.5 - https:\/\/yoast.com\/product\/yoast-seo-wordpress\/ -->\n<title>Entenda porque o calend\u00e1rio de vacina\u00e7\u00e3o est\u00e1 antecipado em SP - Litoral SP<\/title>\n<meta name=\"description\" content=\"No \u00faltimo domingo (13) o Governo de S\u00e3o Paulo anunciou a antecipa\u00e7\u00e3o da campanha de vacina\u00e7\u00e3o contra a Covid-19 para toda a popula\u00e7\u00e3o\" \/>\n<meta name=\"robots\" content=\"index, follow, max-snippet:-1, max-image-preview:large, max-video-preview:-1\" \/>\n<link rel=\"canonical\" href=\"https:\/\/redenoticiaz.com.br\/litoralsp\/2021\/06\/15\/entenda-porque-o-calendario-de-vacinacao-esta-antecipado-em-sp\" \/>\n<meta property=\"og:locale\" content=\"pt_BR\" \/>\n<meta property=\"og:type\" content=\"article\" \/>\n<meta property=\"og:title\" content=\"Entenda porque o calend\u00e1rio de vacina\u00e7\u00e3o est\u00e1 antecipado em SP - Litoral SP\" \/>\n<meta property=\"og:description\" content=\"No \u00faltimo domingo (13) o Governo de S\u00e3o Paulo anunciou a antecipa\u00e7\u00e3o da campanha de vacina\u00e7\u00e3o contra a Covid-19 para toda a popula\u00e7\u00e3o\" \/>\n<meta property=\"og:url\" content=\"https:\/\/redenoticiaz.com.br\/litoralsp\/2021\/06\/15\/entenda-porque-o-calendario-de-vacinacao-esta-antecipado-em-sp\" \/>\n<meta property=\"og:site_name\" content=\"Litoral SP\" \/>\n<meta property=\"article:published_time\" content=\"2021-06-15T17:14:11+00:00\" \/>\n<meta property=\"article:modified_time\" content=\"2021-06-15T17:16:04+00:00\" \/>\n<meta property=\"og:image\" content=\"https:\/\/redenoticiaz.com.br\/litoralsp\/wp-content\/uploads\/sites\/3\/2021\/06\/fup20210427348.jpg\" \/>\n\t<meta property=\"og:image:width\" content=\"984\" \/>\n\t<meta property=\"og:image:height\" content=\"656\" \/>\n\t<meta property=\"og:image:type\" content=\"image\/jpeg\" \/>\n<meta name=\"author\" content=\"Leonardo Francisco\" \/>\n<meta name=\"twitter:card\" content=\"summary_large_image\" \/>\n<meta name=\"twitter:label1\" content=\"Escrito por\" \/>\n\t<meta name=\"twitter:data1\" content=\"Leonardo Francisco\" \/>\n\t<meta name=\"twitter:label2\" content=\"Est. tempo de leitura\" \/>\n\t<meta name=\"twitter:data2\" content=\"4 minutos\" \/>\n<script type=\"application\/ld+json\" class=\"yoast-schema-graph\">{\"@context\":\"https:\\\/\\\/schema.org\",\"@graph\":[{\"@type\":\"Article\",\"@id\":\"https:\\\/\\\/redenoticiaz.com.br\\\/litoralsp\\\/2021\\\/06\\\/15\\\/entenda-porque-o-calendario-de-vacinacao-esta-antecipado-em-sp#article\",\"isPartOf\":{\"@id\":\"https:\\\/\\\/redenoticiaz.com.br\\\/litoralsp\\\/2021\\\/06\\\/15\\\/entenda-porque-o-calendario-de-vacinacao-esta-antecipado-em-sp\"},\"author\":{\"name\":\"Leonardo Francisco\",\"@id\":\"https:\\\/\\\/redenoticiaz.com.br\\\/litoralsp\\\/#\\\/schema\\\/person\\\/0f0b8a5bdafefe82841e07ae8d81ecb3\"},\"headline\":\"Entenda porque o calend\u00e1rio de vacina\u00e7\u00e3o est\u00e1 antecipado em SP\",\"datePublished\":\"2021-06-15T17:14:11+00:00\",\"dateModified\":\"2021-06-15T17:16:04+00:00\",\"mainEntityOfPage\":{\"@id\":\"https:\\\/\\\/redenoticiaz.com.br\\\/litoralsp\\\/2021\\\/06\\\/15\\\/entenda-porque-o-calendario-de-vacinacao-esta-antecipado-em-sp\"},\"wordCount\":819,\"commentCount\":0,\"publisher\":{\"@id\":\"https:\\\/\\\/redenoticiaz.com.br\\\/litoralsp\\\/#organization\"},\"image\":{\"@id\":\"https:\\\/\\\/redenoticiaz.com.br\\\/litoralsp\\\/2021\\\/06\\\/15\\\/entenda-porque-o-calendario-de-vacinacao-esta-antecipado-em-sp#primaryimage\"},\"thumbnailUrl\":\"https:\\\/\\\/redenoticiaz.com.br\\\/litoralsp\\\/wp-content\\\/uploads\\\/sites\\\/3\\\/2021\\\/06\\\/fup20210427348.jpg\",\"keywords\":[\"CALEND\u00c1RIO ANTECIPADO\",\"Governo de S\u00e3o Paulo\",\"S\u00e3o Paulo\",\"saude\",\"VACINA CONTRA COVID-19\"],\"articleSection\":[\"Sa\u00fade\"],\"inLanguage\":\"pt-BR\",\"potentialAction\":[{\"@type\":\"CommentAction\",\"name\":\"Comment\",\"target\":[\"https:\\\/\\\/redenoticiaz.com.br\\\/litoralsp\\\/2021\\\/06\\\/15\\\/entenda-porque-o-calendario-de-vacinacao-esta-antecipado-em-sp#respond\"]}]},{\"@type\":\"WebPage\",\"@id\":\"https:\\\/\\\/redenoticiaz.com.br\\\/litoralsp\\\/2021\\\/06\\\/15\\\/entenda-porque-o-calendario-de-vacinacao-esta-antecipado-em-sp\",\"url\":\"https:\\\/\\\/redenoticiaz.com.br\\\/litoralsp\\\/2021\\\/06\\\/15\\\/entenda-porque-o-calendario-de-vacinacao-esta-antecipado-em-sp\",\"name\":\"Entenda porque o calend\u00e1rio de vacina\u00e7\u00e3o est\u00e1 antecipado em SP - Litoral SP\",\"isPartOf\":{\"@id\":\"https:\\\/\\\/redenoticiaz.com.br\\\/litoralsp\\\/#website\"},\"primaryImageOfPage\":{\"@id\":\"https:\\\/\\\/redenoticiaz.com.br\\\/litoralsp\\\/2021\\\/06\\\/15\\\/entenda-porque-o-calendario-de-vacinacao-esta-antecipado-em-sp#primaryimage\"},\"image\":{\"@id\":\"https:\\\/\\\/redenoticiaz.com.br\\\/litoralsp\\\/2021\\\/06\\\/15\\\/entenda-porque-o-calendario-de-vacinacao-esta-antecipado-em-sp#primaryimage\"},\"thumbnailUrl\":\"https:\\\/\\\/redenoticiaz.com.br\\\/litoralsp\\\/wp-content\\\/uploads\\\/sites\\\/3\\\/2021\\\/06\\\/fup20210427348.jpg\",\"datePublished\":\"2021-06-15T17:14:11+00:00\",\"dateModified\":\"2021-06-15T17:16:04+00:00\",\"description\":\"No \u00faltimo domingo (13) o Governo de S\u00e3o Paulo anunciou a antecipa\u00e7\u00e3o da campanha de vacina\u00e7\u00e3o contra a Covid-19 para toda a popula\u00e7\u00e3o\",\"inLanguage\":\"pt-BR\",\"potentialAction\":[{\"@type\":\"ReadAction\",\"target\":[\"https:\\\/\\\/redenoticiaz.com.br\\\/litoralsp\\\/2021\\\/06\\\/15\\\/entenda-porque-o-calendario-de-vacinacao-esta-antecipado-em-sp\"]}]},{\"@type\":\"ImageObject\",\"inLanguage\":\"pt-BR\",\"@id\":\"https:\\\/\\\/redenoticiaz.com.br\\\/litoralsp\\\/2021\\\/06\\\/15\\\/entenda-porque-o-calendario-de-vacinacao-esta-antecipado-em-sp#primaryimage\",\"url\":\"https:\\\/\\\/redenoticiaz.com.br\\\/litoralsp\\\/wp-content\\\/uploads\\\/sites\\\/3\\\/2021\\\/06\\\/fup20210427348.jpg\",\"contentUrl\":\"https:\\\/\\\/redenoticiaz.com.br\\\/litoralsp\\\/wp-content\\\/uploads\\\/sites\\\/3\\\/2021\\\/06\\\/fup20210427348.jpg\",\"width\":984,\"height\":656,\"caption\":\"Cr\u00e9ditos: Divulga\u00e7\u00e3o\\\/Estad\u00e3o Conte\u00fado.\"},{\"@type\":\"WebSite\",\"@id\":\"https:\\\/\\\/redenoticiaz.com.br\\\/litoralsp\\\/#website\",\"url\":\"https:\\\/\\\/redenoticiaz.com.br\\\/litoralsp\\\/\",\"name\":\"Litoral SP\",\"description\":\"Rede NoticiaZ\",\"publisher\":{\"@id\":\"https:\\\/\\\/redenoticiaz.com.br\\\/litoralsp\\\/#organization\"},\"potentialAction\":[{\"@type\":\"SearchAction\",\"target\":{\"@type\":\"EntryPoint\",\"urlTemplate\":\"https:\\\/\\\/redenoticiaz.com.br\\\/litoralsp\\\/?s={search_term_string}\"},\"query-input\":{\"@type\":\"PropertyValueSpecification\",\"valueRequired\":true,\"valueName\":\"search_term_string\"}}],\"inLanguage\":\"pt-BR\"},{\"@type\":\"Organization\",\"@id\":\"https:\\\/\\\/redenoticiaz.com.br\\\/litoralsp\\\/#organization\",\"name\":\"Litoral SP\",\"url\":\"https:\\\/\\\/redenoticiaz.com.br\\\/litoralsp\\\/\",\"logo\":{\"@type\":\"ImageObject\",\"inLanguage\":\"pt-BR\",\"@id\":\"https:\\\/\\\/redenoticiaz.com.br\\\/litoralsp\\\/#\\\/schema\\\/logo\\\/image\\\/\",\"url\":\"https:\\\/\\\/redenoticiaz.com.br\\\/litoralsp\\\/wp-content\\\/uploads\\\/sites\\\/3\\\/2020\\\/11\\\/logo.jpg\",\"contentUrl\":\"https:\\\/\\\/redenoticiaz.com.br\\\/litoralsp\\\/wp-content\\\/uploads\\\/sites\\\/3\\\/2020\\\/11\\\/logo.jpg\",\"width\":400,\"height\":250,\"caption\":\"Litoral SP\"},\"image\":{\"@id\":\"https:\\\/\\\/redenoticiaz.com.br\\\/litoralsp\\\/#\\\/schema\\\/logo\\\/image\\\/\"}},{\"@type\":\"Person\",\"@id\":\"https:\\\/\\\/redenoticiaz.com.br\\\/litoralsp\\\/#\\\/schema\\\/person\\\/0f0b8a5bdafefe82841e07ae8d81ecb3\",\"name\":\"Leonardo Francisco\",\"image\":{\"@type\":\"ImageObject\",\"inLanguage\":\"pt-BR\",\"@id\":\"https:\\\/\\\/secure.gravatar.com\\\/avatar\\\/a7358cb406a99b682ec6df1e77e31ae82e63601f6784e8a3df411d72b37864da?s=96&d=mm&r=g\",\"url\":\"https:\\\/\\\/secure.gravatar.com\\\/avatar\\\/a7358cb406a99b682ec6df1e77e31ae82e63601f6784e8a3df411d72b37864da?s=96&d=mm&r=g\",\"contentUrl\":\"https:\\\/\\\/secure.gravatar.com\\\/avatar\\\/a7358cb406a99b682ec6df1e77e31ae82e63601f6784e8a3df411d72b37864da?s=96&d=mm&r=g\",\"caption\":\"Leonardo Francisco\"},\"url\":\"https:\\\/\\\/redenoticiaz.com.br\\\/litoralsp\\\/author\\\/leonardo-francisco\"}]}<\/script>\n<!-- \/ Yoast SEO plugin. -->","yoast_head_json":{"title":"Entenda porque o calend\u00e1rio de vacina\u00e7\u00e3o est\u00e1 antecipado em SP - Litoral SP","description":"No \u00faltimo domingo (13) o Governo de S\u00e3o Paulo anunciou a antecipa\u00e7\u00e3o da campanha de vacina\u00e7\u00e3o contra a Covid-19 para toda a popula\u00e7\u00e3o","robots":{"index":"index","follow":"follow","max-snippet":"max-snippet:-1","max-image-preview":"max-image-preview:large","max-video-preview":"max-video-preview:-1"},"canonical":"https:\/\/redenoticiaz.com.br\/litoralsp\/2021\/06\/15\/entenda-porque-o-calendario-de-vacinacao-esta-antecipado-em-sp","og_locale":"pt_BR","og_type":"article","og_title":"Entenda porque o calend\u00e1rio de vacina\u00e7\u00e3o est\u00e1 antecipado em SP - Litoral SP","og_description":"No \u00faltimo domingo (13) o Governo de S\u00e3o Paulo anunciou a antecipa\u00e7\u00e3o da campanha de vacina\u00e7\u00e3o contra a Covid-19 para toda a popula\u00e7\u00e3o","og_url":"https:\/\/redenoticiaz.com.br\/litoralsp\/2021\/06\/15\/entenda-porque-o-calendario-de-vacinacao-esta-antecipado-em-sp","og_site_name":"Litoral SP","article_published_time":"2021-06-15T17:14:11+00:00","article_modified_time":"2021-06-15T17:16:04+00:00","og_image":[{"width":984,"height":656,"url":"https:\/\/redenoticiaz.com.br\/litoralsp\/wp-content\/uploads\/sites\/3\/2021\/06\/fup20210427348.jpg","type":"image\/jpeg"}],"author":"Leonardo Francisco","twitter_card":"summary_large_image","twitter_misc":{"Escrito por":"Leonardo Francisco","Est. tempo de leitura":"4 minutos"},"schema":{"@context":"https:\/\/schema.org","@graph":[{"@type":"Article","@id":"https:\/\/redenoticiaz.com.br\/litoralsp\/2021\/06\/15\/entenda-porque-o-calendario-de-vacinacao-esta-antecipado-em-sp#article","isPartOf":{"@id":"https:\/\/redenoticiaz.com.br\/litoralsp\/2021\/06\/15\/entenda-porque-o-calendario-de-vacinacao-esta-antecipado-em-sp"},"author":{"name":"Leonardo Francisco","@id":"https:\/\/redenoticiaz.com.br\/litoralsp\/#\/schema\/person\/0f0b8a5bdafefe82841e07ae8d81ecb3"},"headline":"Entenda porque o calend\u00e1rio de vacina\u00e7\u00e3o est\u00e1 antecipado em SP","datePublished":"2021-06-15T17:14:11+00:00","dateModified":"2021-06-15T17:16:04+00:00","mainEntityOfPage":{"@id":"https:\/\/redenoticiaz.com.br\/litoralsp\/2021\/06\/15\/entenda-porque-o-calendario-de-vacinacao-esta-antecipado-em-sp"},"wordCount":819,"commentCount":0,"publisher":{"@id":"https:\/\/redenoticiaz.com.br\/litoralsp\/#organization"},"image":{"@id":"https:\/\/redenoticiaz.com.br\/litoralsp\/2021\/06\/15\/entenda-porque-o-calendario-de-vacinacao-esta-antecipado-em-sp#primaryimage"},"thumbnailUrl":"https:\/\/redenoticiaz.com.br\/litoralsp\/wp-content\/uploads\/sites\/3\/2021\/06\/fup20210427348.jpg","keywords":["CALEND\u00c1RIO ANTECIPADO","Governo de S\u00e3o Paulo","S\u00e3o Paulo","saude","VACINA CONTRA COVID-19"],"articleSection":["Sa\u00fade"],"inLanguage":"pt-BR","potentialAction":[{"@type":"CommentAction","name":"Comment","target":["https:\/\/redenoticiaz.com.br\/litoralsp\/2021\/06\/15\/entenda-porque-o-calendario-de-vacinacao-esta-antecipado-em-sp#respond"]}]},{"@type":"WebPage","@id":"https:\/\/redenoticiaz.com.br\/litoralsp\/2021\/06\/15\/entenda-porque-o-calendario-de-vacinacao-esta-antecipado-em-sp","url":"https:\/\/redenoticiaz.com.br\/litoralsp\/2021\/06\/15\/entenda-porque-o-calendario-de-vacinacao-esta-antecipado-em-sp","name":"Entenda porque o calend\u00e1rio de vacina\u00e7\u00e3o est\u00e1 antecipado em SP - Litoral SP","isPartOf":{"@id":"https:\/\/redenoticiaz.com.br\/litoralsp\/#website"},"primaryImageOfPage":{"@id":"https:\/\/redenoticiaz.com.br\/litoralsp\/2021\/06\/15\/entenda-porque-o-calendario-de-vacinacao-esta-antecipado-em-sp#primaryimage"},"image":{"@id":"https:\/\/redenoticiaz.com.br\/litoralsp\/2021\/06\/15\/entenda-porque-o-calendario-de-vacinacao-esta-antecipado-em-sp#primaryimage"},"thumbnailUrl":"https:\/\/redenoticiaz.com.br\/litoralsp\/wp-content\/uploads\/sites\/3\/2021\/06\/fup20210427348.jpg","datePublished":"2021-06-15T17:14:11+00:00","dateModified":"2021-06-15T17:16:04+00:00","description":"No \u00faltimo domingo (13) o Governo de S\u00e3o Paulo anunciou a antecipa\u00e7\u00e3o da campanha de vacina\u00e7\u00e3o contra a Covid-19 para toda a popula\u00e7\u00e3o","inLanguage":"pt-BR","potentialAction":[{"@type":"ReadAction","target":["https:\/\/redenoticiaz.com.br\/litoralsp\/2021\/06\/15\/entenda-porque-o-calendario-de-vacinacao-esta-antecipado-em-sp"]}]},{"@type":"ImageObject","inLanguage":"pt-BR","@id":"https:\/\/redenoticiaz.com.br\/litoralsp\/2021\/06\/15\/entenda-porque-o-calendario-de-vacinacao-esta-antecipado-em-sp#primaryimage","url":"https:\/\/redenoticiaz.com.br\/litoralsp\/wp-content\/uploads\/sites\/3\/2021\/06\/fup20210427348.jpg","contentUrl":"https:\/\/redenoticiaz.com.br\/litoralsp\/wp-content\/uploads\/sites\/3\/2021\/06\/fup20210427348.jpg","width":984,"height":656,"caption":"Cr\u00e9ditos: Divulga\u00e7\u00e3o\/Estad\u00e3o Conte\u00fado."},{"@type":"WebSite","@id":"https:\/\/redenoticiaz.com.br\/litoralsp\/#website","url":"https:\/\/redenoticiaz.com.br\/litoralsp\/","name":"Litoral SP","description":"Rede NoticiaZ","publisher":{"@id":"https:\/\/redenoticiaz.com.br\/litoralsp\/#organization"},"potentialAction":[{"@type":"SearchAction","target":{"@type":"EntryPoint","urlTemplate":"https:\/\/redenoticiaz.com.br\/litoralsp\/?s={search_term_string}"},"query-input":{"@type":"PropertyValueSpecification","valueRequired":true,"valueName":"search_term_string"}}],"inLanguage":"pt-BR"},{"@type":"Organization","@id":"https:\/\/redenoticiaz.com.br\/litoralsp\/#organization","name":"Litoral SP","url":"https:\/\/redenoticiaz.com.br\/litoralsp\/","logo":{"@type":"ImageObject","inLanguage":"pt-BR","@id":"https:\/\/redenoticiaz.com.br\/litoralsp\/#\/schema\/logo\/image\/","url":"https:\/\/redenoticiaz.com.br\/litoralsp\/wp-content\/uploads\/sites\/3\/2020\/11\/logo.jpg","contentUrl":"https:\/\/redenoticiaz.com.br\/litoralsp\/wp-content\/uploads\/sites\/3\/2020\/11\/logo.jpg","width":400,"height":250,"caption":"Litoral SP"},"image":{"@id":"https:\/\/redenoticiaz.com.br\/litoralsp\/#\/schema\/logo\/image\/"}},{"@type":"Person","@id":"https:\/\/redenoticiaz.com.br\/litoralsp\/#\/schema\/person\/0f0b8a5bdafefe82841e07ae8d81ecb3","name":"Leonardo Francisco","image":{"@type":"ImageObject","inLanguage":"pt-BR","@id":"https:\/\/secure.gravatar.com\/avatar\/a7358cb406a99b682ec6df1e77e31ae82e63601f6784e8a3df411d72b37864da?s=96&d=mm&r=g","url":"https:\/\/secure.gravatar.com\/avatar\/a7358cb406a99b682ec6df1e77e31ae82e63601f6784e8a3df411d72b37864da?s=96&d=mm&r=g","contentUrl":"https:\/\/secure.gravatar.com\/avatar\/a7358cb406a99b682ec6df1e77e31ae82e63601f6784e8a3df411d72b37864da?s=96&d=mm&r=g","caption":"Leonardo Francisco"},"url":"https:\/\/redenoticiaz.com.br\/litoralsp\/author\/leonardo-francisco"}]}},"_links":{"self":[{"href":"https:\/\/redenoticiaz.com.br\/litoralsp\/wp-json\/wp\/v2\/posts\/10115","targetHints":{"allow":["GET"]}}],"collection":[{"href":"https:\/\/redenoticiaz.com.br\/litoralsp\/wp-json\/wp\/v2\/posts"}],"about":[{"href":"https:\/\/redenoticiaz.com.br\/litoralsp\/wp-json\/wp\/v2\/types\/post"}],"author":[{"embeddable":true,"href":"https:\/\/redenoticiaz.com.br\/litoralsp\/wp-json\/wp\/v2\/users\/6"}],"replies":[{"embeddable":true,"href":"https:\/\/redenoticiaz.com.br\/litoralsp\/wp-json\/wp\/v2\/comments?post=10115"}],"version-history":[{"count":1,"href":"https:\/\/redenoticiaz.com.br\/litoralsp\/wp-json\/wp\/v2\/posts\/10115\/revisions"}],"predecessor-version":[{"id":10117,"href":"https:\/\/redenoticiaz.com.br\/litoralsp\/wp-json\/wp\/v2\/posts\/10115\/revisions\/10117"}],"wp:featuredmedia":[{"embeddable":true,"href":"https:\/\/redenoticiaz.com.br\/litoralsp\/wp-json\/wp\/v2\/media\/10116"}],"wp:attachment":[{"href":"https:\/\/redenoticiaz.com.br\/litoralsp\/wp-json\/wp\/v2\/media?parent=10115"}],"wp:term":[{"taxonomy":"category","embeddable":true,"href":"https:\/\/redenoticiaz.com.br\/litoralsp\/wp-json\/wp\/v2\/categories?post=10115"},{"taxonomy":"post_tag","embeddable":true,"href":"https:\/\/redenoticiaz.com.br\/litoralsp\/wp-json\/wp\/v2\/tags?post=10115"}],"curies":[{"name":"wp","href":"https:\/\/api.w.org\/{rel}","templated":true}]}}