{"id":101229,"date":"2023-02-22T10:24:44","date_gmt":"2023-02-22T13:24:44","guid":{"rendered":"https:\/\/redenoticiaz.com.br\/litoralsp\/?p=101229"},"modified":"2023-02-22T10:24:44","modified_gmt":"2023-02-22T13:24:44","slug":"folia-do-carnacentro-leva-mais-de-40-mil-pessoas-para-o-centro-de-santos","status":"publish","type":"post","link":"https:\/\/redenoticiaz.com.br\/litoralsp\/2023\/02\/22\/folia-do-carnacentro-leva-mais-de-40-mil-pessoas-para-o-centro-de-santos","title":{"rendered":"Folia do Carnacentro leva mais de 40 mil pessoas para o Centro de Santos"},"content":{"rendered":"<p>A primeira vez n\u00e3o ser\u00e1 esquecida, ainda mais para quem ficou dois anos sem saber o que \u00e9 curtir um Carnaval. Foi desta maneira que o Carnacentro, junto com o Carnabonde, chegou ao fim na ter\u00e7a-feira (21). A folia promovida no Centro Hist\u00f3rico de Santos levou mais de <strong>40 mil pessoas<\/strong> para curtirem as atra\u00e7\u00f5es desde o s\u00e1bado (18), mas sendo interrompida no domingo (19), em raz\u00e3o das fortes chuvas, sendo retomada na segunda (20).<\/p>\n<p>Durante as mais de 20 horas de atividades n\u00e3o foram registradas ocorr\u00eancias pela Pol\u00edcia Militar e Guarda Civil Municipal. \u201c\u00c9 claro que todo evento que se faz pela primeira vez merece uma an\u00e1lise daquilo que pode ser melhorado, mas a opini\u00e3o de todos os envolvidos e do p\u00fablico \u00e9 un\u00e2nime: o Centro Hist\u00f3rico \u00e9 novo \u2018point\u2019 do carnaval de rua em Santos\u201d, comentou o secret\u00e1rio municipal de Cultura, Rafael Leal.<\/p>\n<figure id=\"attachment_101230\" aria-describedby=\"caption-attachment-101230\" style=\"width: 300px\" class=\"wp-caption alignleft\"><img loading=\"lazy\" decoding=\"async\" class=\"size-medium wp-image-101230\" src=\"https:\/\/redenoticiaz.com.br\/litoralsp\/wp-content\/uploads\/sites\/3\/2023\/02\/WhatsApp-Image-2023-02-21-at-20.37.261-300x200.jpeg\" alt=\"\" width=\"300\" height=\"200\" srcset=\"https:\/\/redenoticiaz.com.br\/litoralsp\/wp-content\/uploads\/sites\/3\/2023\/02\/WhatsApp-Image-2023-02-21-at-20.37.261-300x200.jpeg 300w, https:\/\/redenoticiaz.com.br\/litoralsp\/wp-content\/uploads\/sites\/3\/2023\/02\/WhatsApp-Image-2023-02-21-at-20.37.261-768x512.jpeg 768w, https:\/\/redenoticiaz.com.br\/litoralsp\/wp-content\/uploads\/sites\/3\/2023\/02\/WhatsApp-Image-2023-02-21-at-20.37.261.jpeg 852w\" sizes=\"auto, (max-width: 300px) 100vw, 300px\" \/><figcaption id=\"caption-attachment-101230\" class=\"wp-caption-text\">Ap\u00f3s dois anos de espera, p\u00fablico lotou as ruas do Centro para cair na folia. Cr\u00e9ditos: Divulga\u00e7\u00e3o\/Prefeitura de Santos<\/figcaption><\/figure>\n<p>A an\u00e1lise positiva do novo formato do desfile das bandas de Carnaval de Santos tamb\u00e9m \u00e9 compartilhada pelos diretores dos blocos. \u201cA gente consegue reunir as fam\u00edlias com toda tranquilidade. Toda estrutura atendeu as pessoas e acredito que podemos melhorar ainda mais no pr\u00f3ximo ano\u201d, comentou Luiz Fernando dos Santos, diretor da Banda Vila Mathias.<\/p>\n<h3>\u00daltimo dia da folia<\/h3>\n<p>O \u00faltimo dia do evento nesta ter\u00e7a (21) foi, sem d\u00favidas, o mais movimentado. Nada menos do que nove bandas santistas fizeram o \u2018percurso da folia\u2019 pelo Centro Hist\u00f3rico. Sa\u00edram em cortejos: Lazinha, Estivadores, Bebo Mas N\u00e3o Travo, Vila Sapo, Capela, BB do Estu\u00e1rio, Foli\u00f5es da Ponte, Skin\u00e3o do Marap\u00e9 e Chupa.<\/p>\n<p>J\u00e1 no palco montado na Pra\u00e7a Mau\u00e1, a anima\u00e7\u00e3o ficou por conta da Banda Firenight e, encerrando a programa\u00e7\u00e3o, vindo diretamente da capital, o Bloco Ritaleena. \u201c\u00c9 a nossa primeira vez aqui no Carnaval de Santos e j\u00e1 deu para perceber que a galera daqui \u00e9 superanimada\u201d, comentou a vocalista do bloco, Alessa.<\/p>\n<p>A alegria do p\u00fablico era justificada, principalmente por diversos f\u00e3s de Rita Lee, que vieram ao Carnacentro fantasiados como a cantora. Uma delas era a artista pl\u00e1stica Daniele Conway, que adorou a experi\u00eancia. \u201cFui tr\u00eas anos para S\u00e3o Paulo curtir o Ritaleena. Aqui em Santos estou curtindo mais, porque tem um formato de show. Est\u00e1 maravilhoso\u201d.<\/p>\n<p><strong>LEIA TAMB\u00c9M<\/strong><\/p>\n<p><a href=\"https:\/\/redenoticiaz.com.br\/litoralsp\/2023\/02\/21\/mocidade-alegre-vence-o-carnaval-de-sp-pela-11a-vez\">Mocidade Alegre vence o carnaval de SP pela 11\u00aa vez<\/a><\/p>\n","protected":false},"excerpt":{"rendered":"<p>A primeira vez n\u00e3o ser\u00e1 esquecida, ainda mais para quem ficou dois anos sem saber o que \u00e9 curtir um Carnaval. Foi desta maneira que o Carnacentro, junto com o Carnabonde, chegou ao fim na ter\u00e7a-feira (21). A folia promovida no Centro Hist\u00f3rico de Santos levou mais de 40 mil pessoas para curtirem as atra\u00e7\u00f5es &hellip;<\/p>\n","protected":false},"author":6,"featured_media":101231,"comment_status":"open","ping_status":"closed","sticky":false,"template":"","format":"standard","meta":{"footnotes":""},"categories":[169,180],"tags":[63527,63211,63212,50772,986],"class_list":["post-101229","post","type-post","status-publish","format-standard","has-post-thumbnail","hentry","category-cultura","category-santos","tag-balanco-da-folia","tag-carnabonde","tag-carnacentro","tag-centro-historico-de-santos","tag-santos"],"yoast_head":"<!-- This site is optimized with the Yoast SEO plugin v27.4 - https:\/\/yoast.com\/product\/yoast-seo-wordpress\/ -->\n<title>Folia do Carnacentro leva mais de 40 mil pessoas para o Centro de Santos - Litoral SP<\/title>\n<meta name=\"description\" content=\"primeira vez n\u00e3o ser\u00e1 esquecida, ainda mais para quem ficou dois anos sem saber o que \u00e9 curtir um Carnaval. Foi desta maneira que o Carnacentro, junto\" \/>\n<meta name=\"robots\" content=\"index, follow, max-snippet:-1, max-image-preview:large, max-video-preview:-1\" \/>\n<link rel=\"canonical\" href=\"https:\/\/redenoticiaz.com.br\/litoralsp\/2023\/02\/22\/folia-do-carnacentro-leva-mais-de-40-mil-pessoas-para-o-centro-de-santos\" \/>\n<meta property=\"og:locale\" content=\"pt_BR\" \/>\n<meta property=\"og:type\" content=\"article\" \/>\n<meta property=\"og:title\" content=\"Folia do Carnacentro leva mais de 40 mil pessoas para o Centro de Santos - Litoral SP\" \/>\n<meta property=\"og:description\" content=\"primeira vez n\u00e3o ser\u00e1 esquecida, ainda mais para quem ficou dois anos sem saber o que \u00e9 curtir um Carnaval. Foi desta maneira que o Carnacentro, junto\" \/>\n<meta property=\"og:url\" content=\"https:\/\/redenoticiaz.com.br\/litoralsp\/2023\/02\/22\/folia-do-carnacentro-leva-mais-de-40-mil-pessoas-para-o-centro-de-santos\" \/>\n<meta property=\"og:site_name\" content=\"Litoral SP\" \/>\n<meta property=\"article:published_time\" content=\"2023-02-22T13:24:44+00:00\" \/>\n<meta property=\"og:image\" content=\"https:\/\/redenoticiaz.com.br\/litoralsp\/wp-content\/uploads\/sites\/3\/2023\/02\/WhatsApp-Image-2023-02-21-at-20.37.26.jpeg\" \/>\n\t<meta property=\"og:image:width\" content=\"938\" \/>\n\t<meta property=\"og:image:height\" content=\"625\" \/>\n\t<meta property=\"og:image:type\" content=\"image\/jpeg\" \/>\n<meta name=\"author\" content=\"Leonardo Francisco\" \/>\n<meta name=\"twitter:card\" content=\"summary_large_image\" \/>\n<meta name=\"twitter:label1\" content=\"Escrito por\" \/>\n\t<meta name=\"twitter:data1\" content=\"Leonardo Francisco\" \/>\n\t<meta name=\"twitter:label2\" content=\"Est. tempo de leitura\" \/>\n\t<meta name=\"twitter:data2\" content=\"3 minutos\" \/>\n<script type=\"application\/ld+json\" class=\"yoast-schema-graph\">{\"@context\":\"https:\\\/\\\/schema.org\",\"@graph\":[{\"@type\":\"Article\",\"@id\":\"https:\\\/\\\/redenoticiaz.com.br\\\/litoralsp\\\/2023\\\/02\\\/22\\\/folia-do-carnacentro-leva-mais-de-40-mil-pessoas-para-o-centro-de-santos#article\",\"isPartOf\":{\"@id\":\"https:\\\/\\\/redenoticiaz.com.br\\\/litoralsp\\\/2023\\\/02\\\/22\\\/folia-do-carnacentro-leva-mais-de-40-mil-pessoas-para-o-centro-de-santos\"},\"author\":{\"name\":\"Leonardo Francisco\",\"@id\":\"https:\\\/\\\/redenoticiaz.com.br\\\/litoralsp\\\/#\\\/schema\\\/person\\\/0f0b8a5bdafefe82841e07ae8d81ecb3\"},\"headline\":\"Folia do Carnacentro leva mais de 40 mil pessoas para o Centro de Santos\",\"datePublished\":\"2023-02-22T13:24:44+00:00\",\"mainEntityOfPage\":{\"@id\":\"https:\\\/\\\/redenoticiaz.com.br\\\/litoralsp\\\/2023\\\/02\\\/22\\\/folia-do-carnacentro-leva-mais-de-40-mil-pessoas-para-o-centro-de-santos\"},\"wordCount\":443,\"commentCount\":0,\"publisher\":{\"@id\":\"https:\\\/\\\/redenoticiaz.com.br\\\/litoralsp\\\/#organization\"},\"image\":{\"@id\":\"https:\\\/\\\/redenoticiaz.com.br\\\/litoralsp\\\/2023\\\/02\\\/22\\\/folia-do-carnacentro-leva-mais-de-40-mil-pessoas-para-o-centro-de-santos#primaryimage\"},\"thumbnailUrl\":\"https:\\\/\\\/redenoticiaz.com.br\\\/litoralsp\\\/wp-content\\\/uploads\\\/sites\\\/3\\\/2023\\\/02\\\/WhatsApp-Image-2023-02-21-at-20.37.26.jpeg\",\"keywords\":[\"BALAN\u00c7O DA FOLIA\",\"CARNABONDE\",\"CARNACENTRO\",\"CENTRO HIST\u00d3RICO DE SANTOS\",\"Santos\"],\"articleSection\":[\"Cultura\",\"Santos\"],\"inLanguage\":\"pt-BR\",\"potentialAction\":[{\"@type\":\"CommentAction\",\"name\":\"Comment\",\"target\":[\"https:\\\/\\\/redenoticiaz.com.br\\\/litoralsp\\\/2023\\\/02\\\/22\\\/folia-do-carnacentro-leva-mais-de-40-mil-pessoas-para-o-centro-de-santos#respond\"]}]},{\"@type\":\"WebPage\",\"@id\":\"https:\\\/\\\/redenoticiaz.com.br\\\/litoralsp\\\/2023\\\/02\\\/22\\\/folia-do-carnacentro-leva-mais-de-40-mil-pessoas-para-o-centro-de-santos\",\"url\":\"https:\\\/\\\/redenoticiaz.com.br\\\/litoralsp\\\/2023\\\/02\\\/22\\\/folia-do-carnacentro-leva-mais-de-40-mil-pessoas-para-o-centro-de-santos\",\"name\":\"Folia do Carnacentro leva mais de 40 mil pessoas para o Centro de Santos - Litoral SP\",\"isPartOf\":{\"@id\":\"https:\\\/\\\/redenoticiaz.com.br\\\/litoralsp\\\/#website\"},\"primaryImageOfPage\":{\"@id\":\"https:\\\/\\\/redenoticiaz.com.br\\\/litoralsp\\\/2023\\\/02\\\/22\\\/folia-do-carnacentro-leva-mais-de-40-mil-pessoas-para-o-centro-de-santos#primaryimage\"},\"image\":{\"@id\":\"https:\\\/\\\/redenoticiaz.com.br\\\/litoralsp\\\/2023\\\/02\\\/22\\\/folia-do-carnacentro-leva-mais-de-40-mil-pessoas-para-o-centro-de-santos#primaryimage\"},\"thumbnailUrl\":\"https:\\\/\\\/redenoticiaz.com.br\\\/litoralsp\\\/wp-content\\\/uploads\\\/sites\\\/3\\\/2023\\\/02\\\/WhatsApp-Image-2023-02-21-at-20.37.26.jpeg\",\"datePublished\":\"2023-02-22T13:24:44+00:00\",\"description\":\"primeira vez n\u00e3o ser\u00e1 esquecida, ainda mais para quem ficou dois anos sem saber o que \u00e9 curtir um Carnaval. Foi desta maneira que o Carnacentro, junto\",\"inLanguage\":\"pt-BR\",\"potentialAction\":[{\"@type\":\"ReadAction\",\"target\":[\"https:\\\/\\\/redenoticiaz.com.br\\\/litoralsp\\\/2023\\\/02\\\/22\\\/folia-do-carnacentro-leva-mais-de-40-mil-pessoas-para-o-centro-de-santos\"]}]},{\"@type\":\"ImageObject\",\"inLanguage\":\"pt-BR\",\"@id\":\"https:\\\/\\\/redenoticiaz.com.br\\\/litoralsp\\\/2023\\\/02\\\/22\\\/folia-do-carnacentro-leva-mais-de-40-mil-pessoas-para-o-centro-de-santos#primaryimage\",\"url\":\"https:\\\/\\\/redenoticiaz.com.br\\\/litoralsp\\\/wp-content\\\/uploads\\\/sites\\\/3\\\/2023\\\/02\\\/WhatsApp-Image-2023-02-21-at-20.37.26.jpeg\",\"contentUrl\":\"https:\\\/\\\/redenoticiaz.com.br\\\/litoralsp\\\/wp-content\\\/uploads\\\/sites\\\/3\\\/2023\\\/02\\\/WhatsApp-Image-2023-02-21-at-20.37.26.jpeg\",\"width\":938,\"height\":625,\"caption\":\"Evento contou com a presen\u00e7a da Corte Carnavalesca. Cr\u00e9ditos: Divulga\u00e7\u00e3o\\\/Prefeitura de Santos\"},{\"@type\":\"WebSite\",\"@id\":\"https:\\\/\\\/redenoticiaz.com.br\\\/litoralsp\\\/#website\",\"url\":\"https:\\\/\\\/redenoticiaz.com.br\\\/litoralsp\\\/\",\"name\":\"Litoral SP\",\"description\":\"Rede NoticiaZ\",\"publisher\":{\"@id\":\"https:\\\/\\\/redenoticiaz.com.br\\\/litoralsp\\\/#organization\"},\"potentialAction\":[{\"@type\":\"SearchAction\",\"target\":{\"@type\":\"EntryPoint\",\"urlTemplate\":\"https:\\\/\\\/redenoticiaz.com.br\\\/litoralsp\\\/?s={search_term_string}\"},\"query-input\":{\"@type\":\"PropertyValueSpecification\",\"valueRequired\":true,\"valueName\":\"search_term_string\"}}],\"inLanguage\":\"pt-BR\"},{\"@type\":\"Organization\",\"@id\":\"https:\\\/\\\/redenoticiaz.com.br\\\/litoralsp\\\/#organization\",\"name\":\"Litoral SP\",\"url\":\"https:\\\/\\\/redenoticiaz.com.br\\\/litoralsp\\\/\",\"logo\":{\"@type\":\"ImageObject\",\"inLanguage\":\"pt-BR\",\"@id\":\"https:\\\/\\\/redenoticiaz.com.br\\\/litoralsp\\\/#\\\/schema\\\/logo\\\/image\\\/\",\"url\":\"https:\\\/\\\/redenoticiaz.com.br\\\/litoralsp\\\/wp-content\\\/uploads\\\/sites\\\/3\\\/2020\\\/11\\\/logo.jpg\",\"contentUrl\":\"https:\\\/\\\/redenoticiaz.com.br\\\/litoralsp\\\/wp-content\\\/uploads\\\/sites\\\/3\\\/2020\\\/11\\\/logo.jpg\",\"width\":400,\"height\":250,\"caption\":\"Litoral SP\"},\"image\":{\"@id\":\"https:\\\/\\\/redenoticiaz.com.br\\\/litoralsp\\\/#\\\/schema\\\/logo\\\/image\\\/\"}},{\"@type\":\"Person\",\"@id\":\"https:\\\/\\\/redenoticiaz.com.br\\\/litoralsp\\\/#\\\/schema\\\/person\\\/0f0b8a5bdafefe82841e07ae8d81ecb3\",\"name\":\"Leonardo Francisco\",\"image\":{\"@type\":\"ImageObject\",\"inLanguage\":\"pt-BR\",\"@id\":\"https:\\\/\\\/secure.gravatar.com\\\/avatar\\\/a7358cb406a99b682ec6df1e77e31ae82e63601f6784e8a3df411d72b37864da?s=96&d=mm&r=g\",\"url\":\"https:\\\/\\\/secure.gravatar.com\\\/avatar\\\/a7358cb406a99b682ec6df1e77e31ae82e63601f6784e8a3df411d72b37864da?s=96&d=mm&r=g\",\"contentUrl\":\"https:\\\/\\\/secure.gravatar.com\\\/avatar\\\/a7358cb406a99b682ec6df1e77e31ae82e63601f6784e8a3df411d72b37864da?s=96&d=mm&r=g\",\"caption\":\"Leonardo Francisco\"},\"url\":\"https:\\\/\\\/redenoticiaz.com.br\\\/litoralsp\\\/author\\\/leonardo-francisco\"}]}<\/script>\n<!-- \/ Yoast SEO plugin. -->","yoast_head_json":{"title":"Folia do Carnacentro leva mais de 40 mil pessoas para o Centro de Santos - Litoral SP","description":"primeira vez n\u00e3o ser\u00e1 esquecida, ainda mais para quem ficou dois anos sem saber o que \u00e9 curtir um Carnaval. Foi desta maneira que o Carnacentro, junto","robots":{"index":"index","follow":"follow","max-snippet":"max-snippet:-1","max-image-preview":"max-image-preview:large","max-video-preview":"max-video-preview:-1"},"canonical":"https:\/\/redenoticiaz.com.br\/litoralsp\/2023\/02\/22\/folia-do-carnacentro-leva-mais-de-40-mil-pessoas-para-o-centro-de-santos","og_locale":"pt_BR","og_type":"article","og_title":"Folia do Carnacentro leva mais de 40 mil pessoas para o Centro de Santos - Litoral SP","og_description":"primeira vez n\u00e3o ser\u00e1 esquecida, ainda mais para quem ficou dois anos sem saber o que \u00e9 curtir um Carnaval. Foi desta maneira que o Carnacentro, junto","og_url":"https:\/\/redenoticiaz.com.br\/litoralsp\/2023\/02\/22\/folia-do-carnacentro-leva-mais-de-40-mil-pessoas-para-o-centro-de-santos","og_site_name":"Litoral SP","article_published_time":"2023-02-22T13:24:44+00:00","og_image":[{"width":938,"height":625,"url":"https:\/\/redenoticiaz.com.br\/litoralsp\/wp-content\/uploads\/sites\/3\/2023\/02\/WhatsApp-Image-2023-02-21-at-20.37.26.jpeg","type":"image\/jpeg"}],"author":"Leonardo Francisco","twitter_card":"summary_large_image","twitter_misc":{"Escrito por":"Leonardo Francisco","Est. tempo de leitura":"3 minutos"},"schema":{"@context":"https:\/\/schema.org","@graph":[{"@type":"Article","@id":"https:\/\/redenoticiaz.com.br\/litoralsp\/2023\/02\/22\/folia-do-carnacentro-leva-mais-de-40-mil-pessoas-para-o-centro-de-santos#article","isPartOf":{"@id":"https:\/\/redenoticiaz.com.br\/litoralsp\/2023\/02\/22\/folia-do-carnacentro-leva-mais-de-40-mil-pessoas-para-o-centro-de-santos"},"author":{"name":"Leonardo Francisco","@id":"https:\/\/redenoticiaz.com.br\/litoralsp\/#\/schema\/person\/0f0b8a5bdafefe82841e07ae8d81ecb3"},"headline":"Folia do Carnacentro leva mais de 40 mil pessoas para o Centro de Santos","datePublished":"2023-02-22T13:24:44+00:00","mainEntityOfPage":{"@id":"https:\/\/redenoticiaz.com.br\/litoralsp\/2023\/02\/22\/folia-do-carnacentro-leva-mais-de-40-mil-pessoas-para-o-centro-de-santos"},"wordCount":443,"commentCount":0,"publisher":{"@id":"https:\/\/redenoticiaz.com.br\/litoralsp\/#organization"},"image":{"@id":"https:\/\/redenoticiaz.com.br\/litoralsp\/2023\/02\/22\/folia-do-carnacentro-leva-mais-de-40-mil-pessoas-para-o-centro-de-santos#primaryimage"},"thumbnailUrl":"https:\/\/redenoticiaz.com.br\/litoralsp\/wp-content\/uploads\/sites\/3\/2023\/02\/WhatsApp-Image-2023-02-21-at-20.37.26.jpeg","keywords":["BALAN\u00c7O DA FOLIA","CARNABONDE","CARNACENTRO","CENTRO HIST\u00d3RICO DE SANTOS","Santos"],"articleSection":["Cultura","Santos"],"inLanguage":"pt-BR","potentialAction":[{"@type":"CommentAction","name":"Comment","target":["https:\/\/redenoticiaz.com.br\/litoralsp\/2023\/02\/22\/folia-do-carnacentro-leva-mais-de-40-mil-pessoas-para-o-centro-de-santos#respond"]}]},{"@type":"WebPage","@id":"https:\/\/redenoticiaz.com.br\/litoralsp\/2023\/02\/22\/folia-do-carnacentro-leva-mais-de-40-mil-pessoas-para-o-centro-de-santos","url":"https:\/\/redenoticiaz.com.br\/litoralsp\/2023\/02\/22\/folia-do-carnacentro-leva-mais-de-40-mil-pessoas-para-o-centro-de-santos","name":"Folia do Carnacentro leva mais de 40 mil pessoas para o Centro de Santos - Litoral SP","isPartOf":{"@id":"https:\/\/redenoticiaz.com.br\/litoralsp\/#website"},"primaryImageOfPage":{"@id":"https:\/\/redenoticiaz.com.br\/litoralsp\/2023\/02\/22\/folia-do-carnacentro-leva-mais-de-40-mil-pessoas-para-o-centro-de-santos#primaryimage"},"image":{"@id":"https:\/\/redenoticiaz.com.br\/litoralsp\/2023\/02\/22\/folia-do-carnacentro-leva-mais-de-40-mil-pessoas-para-o-centro-de-santos#primaryimage"},"thumbnailUrl":"https:\/\/redenoticiaz.com.br\/litoralsp\/wp-content\/uploads\/sites\/3\/2023\/02\/WhatsApp-Image-2023-02-21-at-20.37.26.jpeg","datePublished":"2023-02-22T13:24:44+00:00","description":"primeira vez n\u00e3o ser\u00e1 esquecida, ainda mais para quem ficou dois anos sem saber o que \u00e9 curtir um Carnaval. Foi desta maneira que o Carnacentro, junto","inLanguage":"pt-BR","potentialAction":[{"@type":"ReadAction","target":["https:\/\/redenoticiaz.com.br\/litoralsp\/2023\/02\/22\/folia-do-carnacentro-leva-mais-de-40-mil-pessoas-para-o-centro-de-santos"]}]},{"@type":"ImageObject","inLanguage":"pt-BR","@id":"https:\/\/redenoticiaz.com.br\/litoralsp\/2023\/02\/22\/folia-do-carnacentro-leva-mais-de-40-mil-pessoas-para-o-centro-de-santos#primaryimage","url":"https:\/\/redenoticiaz.com.br\/litoralsp\/wp-content\/uploads\/sites\/3\/2023\/02\/WhatsApp-Image-2023-02-21-at-20.37.26.jpeg","contentUrl":"https:\/\/redenoticiaz.com.br\/litoralsp\/wp-content\/uploads\/sites\/3\/2023\/02\/WhatsApp-Image-2023-02-21-at-20.37.26.jpeg","width":938,"height":625,"caption":"Evento contou com a presen\u00e7a da Corte Carnavalesca. Cr\u00e9ditos: Divulga\u00e7\u00e3o\/Prefeitura de Santos"},{"@type":"WebSite","@id":"https:\/\/redenoticiaz.com.br\/litoralsp\/#website","url":"https:\/\/redenoticiaz.com.br\/litoralsp\/","name":"Litoral SP","description":"Rede NoticiaZ","publisher":{"@id":"https:\/\/redenoticiaz.com.br\/litoralsp\/#organization"},"potentialAction":[{"@type":"SearchAction","target":{"@type":"EntryPoint","urlTemplate":"https:\/\/redenoticiaz.com.br\/litoralsp\/?s={search_term_string}"},"query-input":{"@type":"PropertyValueSpecification","valueRequired":true,"valueName":"search_term_string"}}],"inLanguage":"pt-BR"},{"@type":"Organization","@id":"https:\/\/redenoticiaz.com.br\/litoralsp\/#organization","name":"Litoral SP","url":"https:\/\/redenoticiaz.com.br\/litoralsp\/","logo":{"@type":"ImageObject","inLanguage":"pt-BR","@id":"https:\/\/redenoticiaz.com.br\/litoralsp\/#\/schema\/logo\/image\/","url":"https:\/\/redenoticiaz.com.br\/litoralsp\/wp-content\/uploads\/sites\/3\/2020\/11\/logo.jpg","contentUrl":"https:\/\/redenoticiaz.com.br\/litoralsp\/wp-content\/uploads\/sites\/3\/2020\/11\/logo.jpg","width":400,"height":250,"caption":"Litoral SP"},"image":{"@id":"https:\/\/redenoticiaz.com.br\/litoralsp\/#\/schema\/logo\/image\/"}},{"@type":"Person","@id":"https:\/\/redenoticiaz.com.br\/litoralsp\/#\/schema\/person\/0f0b8a5bdafefe82841e07ae8d81ecb3","name":"Leonardo Francisco","image":{"@type":"ImageObject","inLanguage":"pt-BR","@id":"https:\/\/secure.gravatar.com\/avatar\/a7358cb406a99b682ec6df1e77e31ae82e63601f6784e8a3df411d72b37864da?s=96&d=mm&r=g","url":"https:\/\/secure.gravatar.com\/avatar\/a7358cb406a99b682ec6df1e77e31ae82e63601f6784e8a3df411d72b37864da?s=96&d=mm&r=g","contentUrl":"https:\/\/secure.gravatar.com\/avatar\/a7358cb406a99b682ec6df1e77e31ae82e63601f6784e8a3df411d72b37864da?s=96&d=mm&r=g","caption":"Leonardo Francisco"},"url":"https:\/\/redenoticiaz.com.br\/litoralsp\/author\/leonardo-francisco"}]}},"_links":{"self":[{"href":"https:\/\/redenoticiaz.com.br\/litoralsp\/wp-json\/wp\/v2\/posts\/101229","targetHints":{"allow":["GET"]}}],"collection":[{"href":"https:\/\/redenoticiaz.com.br\/litoralsp\/wp-json\/wp\/v2\/posts"}],"about":[{"href":"https:\/\/redenoticiaz.com.br\/litoralsp\/wp-json\/wp\/v2\/types\/post"}],"author":[{"embeddable":true,"href":"https:\/\/redenoticiaz.com.br\/litoralsp\/wp-json\/wp\/v2\/users\/6"}],"replies":[{"embeddable":true,"href":"https:\/\/redenoticiaz.com.br\/litoralsp\/wp-json\/wp\/v2\/comments?post=101229"}],"version-history":[{"count":1,"href":"https:\/\/redenoticiaz.com.br\/litoralsp\/wp-json\/wp\/v2\/posts\/101229\/revisions"}],"predecessor-version":[{"id":101232,"href":"https:\/\/redenoticiaz.com.br\/litoralsp\/wp-json\/wp\/v2\/posts\/101229\/revisions\/101232"}],"wp:featuredmedia":[{"embeddable":true,"href":"https:\/\/redenoticiaz.com.br\/litoralsp\/wp-json\/wp\/v2\/media\/101231"}],"wp:attachment":[{"href":"https:\/\/redenoticiaz.com.br\/litoralsp\/wp-json\/wp\/v2\/media?parent=101229"}],"wp:term":[{"taxonomy":"category","embeddable":true,"href":"https:\/\/redenoticiaz.com.br\/litoralsp\/wp-json\/wp\/v2\/categories?post=101229"},{"taxonomy":"post_tag","embeddable":true,"href":"https:\/\/redenoticiaz.com.br\/litoralsp\/wp-json\/wp\/v2\/tags?post=101229"}],"curies":[{"name":"wp","href":"https:\/\/api.w.org\/{rel}","templated":true}]}}