{"id":101299,"date":"2023-02-23T12:43:26","date_gmt":"2023-02-23T15:43:26","guid":{"rendered":"https:\/\/redenoticiaz.com.br\/litoralsp\/?p=101299"},"modified":"2023-02-23T12:43:26","modified_gmt":"2023-02-23T15:43:26","slug":"policia-militar-prende-grupo-por-furtos-no-litoral-norte","status":"publish","type":"post","link":"https:\/\/redenoticiaz.com.br\/litoralsp\/2023\/02\/23\/policia-militar-prende-grupo-por-furtos-no-litoral-norte","title":{"rendered":"Pol\u00edcia Militar prende grupo por furtos no litoral norte"},"content":{"rendered":"<div>\n<h2 class=\"titulopreto ng-binding\" style=\"text-align: left\"><span style=\"font-size: 16px;font-weight: 400\">A Pol\u00edcia Militar prendeu em flagrante dois homens, de 25 e 26 anos, e tr\u00eas mulheres, de 23 \u00e0 27, porfurtos a estabelecimentos comerciais, na noite desta quarta-feira (22), na Av. Doutor Arthur da CostFilho, no bairro Sumar\u00e9, em Caraguatatuba. Duas adolescentes, de 14 e 15 anos, foram apreendidas.<\/span><\/h2>\n<\/div>\n<div id=\"notCorpo\" class=\"ng-binding\">\n<div>Policiais militares realizavam patrulhamento quando viram dois ve\u00edculos suspeitos. Durante a abordagem, os PMs localizaram no porta malas, diversos produtos do g\u00eanero aliment\u00edcio e bebidas alco\u00f3licas. Os suspeitos confessaram o crime e informaram que as mercadorias seriam revendidas na cidade de S\u00e3o Paulo.<\/div>\n<div><\/div>\n<div>No local de hospedagem dos criminosos, foram apreendidos um rev\u00f3lver calibre .38, muni\u00e7\u00f5es, al\u00e9m de outros itens furtados. Os produtos estavam avaliados em cerca de 60 mil reais. Os ve\u00edculos usados pelos bandidos foram apreendidos e os materiais devolvidos aos propriet\u00e1rios.<\/div>\n<div><\/div>\n<div>Os maiores permaneceram presos e as adolescentes foram liberadas mediante termo de compromisso e responsabilidade de apresenta\u00e7\u00e3o \u00e0 Vara da Inf\u00e2ncia e Juventude. O caso foi registrado na Delegacia de Pol\u00edcia de Caraguatatuba.<\/div>\n<\/div>\n<div><\/div>\n<div><strong>Leia mais<\/strong><\/div>\n<div><a href=\"https:\/\/redenoticiaz.com.br\/litoralsp\/2023\/02\/23\/defesa-civil-de-santos-e-enviada-para-auxiliar-nos-trabalhos-de-resgate-no-litoral-norte\">Defesa Civil de Santos \u00e9 enviada para auxiliar nos trabalhos de resgate no Litoral Norte<\/a><\/div>\n","protected":false},"excerpt":{"rendered":"<p>A Pol\u00edcia Militar prendeu em flagrante dois homens, de 25 e 26 anos, e tr\u00eas mulheres, de 23 \u00e0 27, porfurtos a estabelecimentos comerciais, na noite desta quarta-feira (22), na Av. Doutor Arthur da CostFilho, no bairro Sumar\u00e9, em Caraguatatuba. Duas adolescentes, de 14 e 15 anos, foram apreendidas. Policiais militares realizavam patrulhamento quando viram &hellip;<\/p>\n","protected":false},"author":12,"featured_media":101129,"comment_status":"open","ping_status":"closed","sticky":false,"template":"","format":"standard","meta":{"footnotes":""},"categories":[188],"tags":[2879,13571,6496,1766],"class_list":["post-101299","post","type-post","status-publish","format-standard","has-post-thumbnail","hentry","category-sao-sebastiao","tag-estabelecimentos","tag-furtos","tag-litoral-norte","tag-policia-militar"],"yoast_head":"<!-- This site is optimized with the Yoast SEO plugin v27.5 - https:\/\/yoast.com\/product\/yoast-seo-wordpress\/ -->\n<title>Pol\u00edcia Militar prende grupo por furtos no litoral norte - Litoral SP<\/title>\n<meta name=\"description\" content=\"A PM prendeu em flagrante 2 homens, de 25 e 26 anos, e tr\u00eas mulheres, de 23 \u00e0 27, por furtos a estabelecimentos comerciais no Litoral Norte.\" \/>\n<meta name=\"robots\" content=\"index, follow, max-snippet:-1, max-image-preview:large, max-video-preview:-1\" \/>\n<link rel=\"canonical\" href=\"https:\/\/redenoticiaz.com.br\/litoralsp\/2023\/02\/23\/policia-militar-prende-grupo-por-furtos-no-litoral-norte\" \/>\n<meta property=\"og:locale\" content=\"pt_BR\" \/>\n<meta property=\"og:type\" content=\"article\" \/>\n<meta property=\"og:title\" content=\"Pol\u00edcia Militar prende grupo por furtos no litoral norte - Litoral SP\" \/>\n<meta property=\"og:description\" content=\"A PM prendeu em flagrante 2 homens, de 25 e 26 anos, e tr\u00eas mulheres, de 23 \u00e0 27, por furtos a estabelecimentos comerciais no Litoral Norte.\" \/>\n<meta property=\"og:url\" content=\"https:\/\/redenoticiaz.com.br\/litoralsp\/2023\/02\/23\/policia-militar-prende-grupo-por-furtos-no-litoral-norte\" \/>\n<meta property=\"og:site_name\" content=\"Litoral SP\" \/>\n<meta property=\"article:published_time\" content=\"2023-02-23T15:43:26+00:00\" \/>\n<meta property=\"og:image\" content=\"https:\/\/redenoticiaz.com.br\/litoralsp\/wp-content\/uploads\/sites\/3\/2023\/02\/52700350901_b3df0b60cc_o.jpg?v=1676922218\" \/>\n\t<meta property=\"og:image:width\" content=\"1170\" \/>\n\t<meta property=\"og:image:height\" content=\"700\" \/>\n\t<meta property=\"og:image:type\" content=\"image\/jpeg\" \/>\n<meta name=\"author\" content=\"Gustavo Silva\" \/>\n<meta name=\"twitter:card\" content=\"summary_large_image\" \/>\n<meta name=\"twitter:label1\" content=\"Escrito por\" \/>\n\t<meta name=\"twitter:data1\" content=\"Gustavo Silva\" \/>\n\t<meta name=\"twitter:label2\" content=\"Est. tempo de leitura\" \/>\n\t<meta name=\"twitter:data2\" content=\"2 minutos\" \/>\n<script type=\"application\/ld+json\" class=\"yoast-schema-graph\">{\"@context\":\"https:\\\/\\\/schema.org\",\"@graph\":[{\"@type\":\"Article\",\"@id\":\"https:\\\/\\\/redenoticiaz.com.br\\\/litoralsp\\\/2023\\\/02\\\/23\\\/policia-militar-prende-grupo-por-furtos-no-litoral-norte#article\",\"isPartOf\":{\"@id\":\"https:\\\/\\\/redenoticiaz.com.br\\\/litoralsp\\\/2023\\\/02\\\/23\\\/policia-militar-prende-grupo-por-furtos-no-litoral-norte\"},\"author\":{\"name\":\"Gustavo Silva\",\"@id\":\"https:\\\/\\\/redenoticiaz.com.br\\\/litoralsp\\\/#\\\/schema\\\/person\\\/16057b37a3c0ee6b096d7f887c566e2e\"},\"headline\":\"Pol\u00edcia Militar prende grupo por furtos no litoral norte\",\"datePublished\":\"2023-02-23T15:43:26+00:00\",\"mainEntityOfPage\":{\"@id\":\"https:\\\/\\\/redenoticiaz.com.br\\\/litoralsp\\\/2023\\\/02\\\/23\\\/policia-militar-prende-grupo-por-furtos-no-litoral-norte\"},\"wordCount\":196,\"commentCount\":0,\"publisher\":{\"@id\":\"https:\\\/\\\/redenoticiaz.com.br\\\/litoralsp\\\/#organization\"},\"image\":{\"@id\":\"https:\\\/\\\/redenoticiaz.com.br\\\/litoralsp\\\/2023\\\/02\\\/23\\\/policia-militar-prende-grupo-por-furtos-no-litoral-norte#primaryimage\"},\"thumbnailUrl\":\"https:\\\/\\\/redenoticiaz.com.br\\\/litoralsp\\\/wp-content\\\/uploads\\\/sites\\\/3\\\/2023\\\/02\\\/52700350901_b3df0b60cc_o.jpg?v=1676922218\",\"keywords\":[\"ESTABELECIMENTOS\",\"FURTOS\",\"LITORAL NORTE\",\"policia militar\"],\"articleSection\":[\"S\u00e3o Sebasti\u00e3o\"],\"inLanguage\":\"pt-BR\",\"potentialAction\":[{\"@type\":\"CommentAction\",\"name\":\"Comment\",\"target\":[\"https:\\\/\\\/redenoticiaz.com.br\\\/litoralsp\\\/2023\\\/02\\\/23\\\/policia-militar-prende-grupo-por-furtos-no-litoral-norte#respond\"]}]},{\"@type\":\"WebPage\",\"@id\":\"https:\\\/\\\/redenoticiaz.com.br\\\/litoralsp\\\/2023\\\/02\\\/23\\\/policia-militar-prende-grupo-por-furtos-no-litoral-norte\",\"url\":\"https:\\\/\\\/redenoticiaz.com.br\\\/litoralsp\\\/2023\\\/02\\\/23\\\/policia-militar-prende-grupo-por-furtos-no-litoral-norte\",\"name\":\"Pol\u00edcia Militar prende grupo por furtos no litoral norte - Litoral SP\",\"isPartOf\":{\"@id\":\"https:\\\/\\\/redenoticiaz.com.br\\\/litoralsp\\\/#website\"},\"primaryImageOfPage\":{\"@id\":\"https:\\\/\\\/redenoticiaz.com.br\\\/litoralsp\\\/2023\\\/02\\\/23\\\/policia-militar-prende-grupo-por-furtos-no-litoral-norte#primaryimage\"},\"image\":{\"@id\":\"https:\\\/\\\/redenoticiaz.com.br\\\/litoralsp\\\/2023\\\/02\\\/23\\\/policia-militar-prende-grupo-por-furtos-no-litoral-norte#primaryimage\"},\"thumbnailUrl\":\"https:\\\/\\\/redenoticiaz.com.br\\\/litoralsp\\\/wp-content\\\/uploads\\\/sites\\\/3\\\/2023\\\/02\\\/52700350901_b3df0b60cc_o.jpg?v=1676922218\",\"datePublished\":\"2023-02-23T15:43:26+00:00\",\"description\":\"A PM prendeu em flagrante 2 homens, de 25 e 26 anos, e tr\u00eas mulheres, de 23 \u00e0 27, por furtos a estabelecimentos comerciais no Litoral Norte.\",\"inLanguage\":\"pt-BR\",\"potentialAction\":[{\"@type\":\"ReadAction\",\"target\":[\"https:\\\/\\\/redenoticiaz.com.br\\\/litoralsp\\\/2023\\\/02\\\/23\\\/policia-militar-prende-grupo-por-furtos-no-litoral-norte\"]}]},{\"@type\":\"ImageObject\",\"inLanguage\":\"pt-BR\",\"@id\":\"https:\\\/\\\/redenoticiaz.com.br\\\/litoralsp\\\/2023\\\/02\\\/23\\\/policia-militar-prende-grupo-por-furtos-no-litoral-norte#primaryimage\",\"url\":\"https:\\\/\\\/redenoticiaz.com.br\\\/litoralsp\\\/wp-content\\\/uploads\\\/sites\\\/3\\\/2023\\\/02\\\/52700350901_b3df0b60cc_o.jpg?v=1676922218\",\"contentUrl\":\"https:\\\/\\\/redenoticiaz.com.br\\\/litoralsp\\\/wp-content\\\/uploads\\\/sites\\\/3\\\/2023\\\/02\\\/52700350901_b3df0b60cc_o.jpg?v=1676922218\",\"width\":1170,\"height\":700,\"caption\":\"Centro de monitoramento emitiu alertas tr\u00eas dias antes dos temporais\"},{\"@type\":\"WebSite\",\"@id\":\"https:\\\/\\\/redenoticiaz.com.br\\\/litoralsp\\\/#website\",\"url\":\"https:\\\/\\\/redenoticiaz.com.br\\\/litoralsp\\\/\",\"name\":\"Litoral SP\",\"description\":\"Rede NoticiaZ\",\"publisher\":{\"@id\":\"https:\\\/\\\/redenoticiaz.com.br\\\/litoralsp\\\/#organization\"},\"potentialAction\":[{\"@type\":\"SearchAction\",\"target\":{\"@type\":\"EntryPoint\",\"urlTemplate\":\"https:\\\/\\\/redenoticiaz.com.br\\\/litoralsp\\\/?s={search_term_string}\"},\"query-input\":{\"@type\":\"PropertyValueSpecification\",\"valueRequired\":true,\"valueName\":\"search_term_string\"}}],\"inLanguage\":\"pt-BR\"},{\"@type\":\"Organization\",\"@id\":\"https:\\\/\\\/redenoticiaz.com.br\\\/litoralsp\\\/#organization\",\"name\":\"Litoral SP\",\"url\":\"https:\\\/\\\/redenoticiaz.com.br\\\/litoralsp\\\/\",\"logo\":{\"@type\":\"ImageObject\",\"inLanguage\":\"pt-BR\",\"@id\":\"https:\\\/\\\/redenoticiaz.com.br\\\/litoralsp\\\/#\\\/schema\\\/logo\\\/image\\\/\",\"url\":\"https:\\\/\\\/redenoticiaz.com.br\\\/litoralsp\\\/wp-content\\\/uploads\\\/sites\\\/3\\\/2020\\\/11\\\/logo.jpg\",\"contentUrl\":\"https:\\\/\\\/redenoticiaz.com.br\\\/litoralsp\\\/wp-content\\\/uploads\\\/sites\\\/3\\\/2020\\\/11\\\/logo.jpg\",\"width\":400,\"height\":250,\"caption\":\"Litoral SP\"},\"image\":{\"@id\":\"https:\\\/\\\/redenoticiaz.com.br\\\/litoralsp\\\/#\\\/schema\\\/logo\\\/image\\\/\"}},{\"@type\":\"Person\",\"@id\":\"https:\\\/\\\/redenoticiaz.com.br\\\/litoralsp\\\/#\\\/schema\\\/person\\\/16057b37a3c0ee6b096d7f887c566e2e\",\"name\":\"Gustavo Silva\",\"image\":{\"@type\":\"ImageObject\",\"inLanguage\":\"pt-BR\",\"@id\":\"https:\\\/\\\/secure.gravatar.com\\\/avatar\\\/3ee4e82f93b26de0a7cf4ea5eb7893da637ed6bb0c9170c58065944c56e28a33?s=96&d=mm&r=g\",\"url\":\"https:\\\/\\\/secure.gravatar.com\\\/avatar\\\/3ee4e82f93b26de0a7cf4ea5eb7893da637ed6bb0c9170c58065944c56e28a33?s=96&d=mm&r=g\",\"contentUrl\":\"https:\\\/\\\/secure.gravatar.com\\\/avatar\\\/3ee4e82f93b26de0a7cf4ea5eb7893da637ed6bb0c9170c58065944c56e28a33?s=96&d=mm&r=g\",\"caption\":\"Gustavo Silva\"},\"url\":\"https:\\\/\\\/redenoticiaz.com.br\\\/litoralsp\\\/author\\\/gustavosilva\"}]}<\/script>\n<!-- \/ Yoast SEO plugin. -->","yoast_head_json":{"title":"Pol\u00edcia Militar prende grupo por furtos no litoral norte - Litoral SP","description":"A PM prendeu em flagrante 2 homens, de 25 e 26 anos, e tr\u00eas mulheres, de 23 \u00e0 27, por furtos a estabelecimentos comerciais no Litoral Norte.","robots":{"index":"index","follow":"follow","max-snippet":"max-snippet:-1","max-image-preview":"max-image-preview:large","max-video-preview":"max-video-preview:-1"},"canonical":"https:\/\/redenoticiaz.com.br\/litoralsp\/2023\/02\/23\/policia-militar-prende-grupo-por-furtos-no-litoral-norte","og_locale":"pt_BR","og_type":"article","og_title":"Pol\u00edcia Militar prende grupo por furtos no litoral norte - Litoral SP","og_description":"A PM prendeu em flagrante 2 homens, de 25 e 26 anos, e tr\u00eas mulheres, de 23 \u00e0 27, por furtos a estabelecimentos comerciais no Litoral Norte.","og_url":"https:\/\/redenoticiaz.com.br\/litoralsp\/2023\/02\/23\/policia-militar-prende-grupo-por-furtos-no-litoral-norte","og_site_name":"Litoral SP","article_published_time":"2023-02-23T15:43:26+00:00","og_image":[{"width":1170,"height":700,"url":"https:\/\/redenoticiaz.com.br\/litoralsp\/wp-content\/uploads\/sites\/3\/2023\/02\/52700350901_b3df0b60cc_o.jpg?v=1676922218","type":"image\/jpeg"}],"author":"Gustavo Silva","twitter_card":"summary_large_image","twitter_misc":{"Escrito por":"Gustavo Silva","Est. tempo de leitura":"2 minutos"},"schema":{"@context":"https:\/\/schema.org","@graph":[{"@type":"Article","@id":"https:\/\/redenoticiaz.com.br\/litoralsp\/2023\/02\/23\/policia-militar-prende-grupo-por-furtos-no-litoral-norte#article","isPartOf":{"@id":"https:\/\/redenoticiaz.com.br\/litoralsp\/2023\/02\/23\/policia-militar-prende-grupo-por-furtos-no-litoral-norte"},"author":{"name":"Gustavo Silva","@id":"https:\/\/redenoticiaz.com.br\/litoralsp\/#\/schema\/person\/16057b37a3c0ee6b096d7f887c566e2e"},"headline":"Pol\u00edcia Militar prende grupo por furtos no litoral norte","datePublished":"2023-02-23T15:43:26+00:00","mainEntityOfPage":{"@id":"https:\/\/redenoticiaz.com.br\/litoralsp\/2023\/02\/23\/policia-militar-prende-grupo-por-furtos-no-litoral-norte"},"wordCount":196,"commentCount":0,"publisher":{"@id":"https:\/\/redenoticiaz.com.br\/litoralsp\/#organization"},"image":{"@id":"https:\/\/redenoticiaz.com.br\/litoralsp\/2023\/02\/23\/policia-militar-prende-grupo-por-furtos-no-litoral-norte#primaryimage"},"thumbnailUrl":"https:\/\/redenoticiaz.com.br\/litoralsp\/wp-content\/uploads\/sites\/3\/2023\/02\/52700350901_b3df0b60cc_o.jpg?v=1676922218","keywords":["ESTABELECIMENTOS","FURTOS","LITORAL NORTE","policia militar"],"articleSection":["S\u00e3o Sebasti\u00e3o"],"inLanguage":"pt-BR","potentialAction":[{"@type":"CommentAction","name":"Comment","target":["https:\/\/redenoticiaz.com.br\/litoralsp\/2023\/02\/23\/policia-militar-prende-grupo-por-furtos-no-litoral-norte#respond"]}]},{"@type":"WebPage","@id":"https:\/\/redenoticiaz.com.br\/litoralsp\/2023\/02\/23\/policia-militar-prende-grupo-por-furtos-no-litoral-norte","url":"https:\/\/redenoticiaz.com.br\/litoralsp\/2023\/02\/23\/policia-militar-prende-grupo-por-furtos-no-litoral-norte","name":"Pol\u00edcia Militar prende grupo por furtos no litoral norte - Litoral SP","isPartOf":{"@id":"https:\/\/redenoticiaz.com.br\/litoralsp\/#website"},"primaryImageOfPage":{"@id":"https:\/\/redenoticiaz.com.br\/litoralsp\/2023\/02\/23\/policia-militar-prende-grupo-por-furtos-no-litoral-norte#primaryimage"},"image":{"@id":"https:\/\/redenoticiaz.com.br\/litoralsp\/2023\/02\/23\/policia-militar-prende-grupo-por-furtos-no-litoral-norte#primaryimage"},"thumbnailUrl":"https:\/\/redenoticiaz.com.br\/litoralsp\/wp-content\/uploads\/sites\/3\/2023\/02\/52700350901_b3df0b60cc_o.jpg?v=1676922218","datePublished":"2023-02-23T15:43:26+00:00","description":"A PM prendeu em flagrante 2 homens, de 25 e 26 anos, e tr\u00eas mulheres, de 23 \u00e0 27, por furtos a estabelecimentos comerciais no Litoral Norte.","inLanguage":"pt-BR","potentialAction":[{"@type":"ReadAction","target":["https:\/\/redenoticiaz.com.br\/litoralsp\/2023\/02\/23\/policia-militar-prende-grupo-por-furtos-no-litoral-norte"]}]},{"@type":"ImageObject","inLanguage":"pt-BR","@id":"https:\/\/redenoticiaz.com.br\/litoralsp\/2023\/02\/23\/policia-militar-prende-grupo-por-furtos-no-litoral-norte#primaryimage","url":"https:\/\/redenoticiaz.com.br\/litoralsp\/wp-content\/uploads\/sites\/3\/2023\/02\/52700350901_b3df0b60cc_o.jpg?v=1676922218","contentUrl":"https:\/\/redenoticiaz.com.br\/litoralsp\/wp-content\/uploads\/sites\/3\/2023\/02\/52700350901_b3df0b60cc_o.jpg?v=1676922218","width":1170,"height":700,"caption":"Centro de monitoramento emitiu alertas tr\u00eas dias antes dos temporais"},{"@type":"WebSite","@id":"https:\/\/redenoticiaz.com.br\/litoralsp\/#website","url":"https:\/\/redenoticiaz.com.br\/litoralsp\/","name":"Litoral SP","description":"Rede NoticiaZ","publisher":{"@id":"https:\/\/redenoticiaz.com.br\/litoralsp\/#organization"},"potentialAction":[{"@type":"SearchAction","target":{"@type":"EntryPoint","urlTemplate":"https:\/\/redenoticiaz.com.br\/litoralsp\/?s={search_term_string}"},"query-input":{"@type":"PropertyValueSpecification","valueRequired":true,"valueName":"search_term_string"}}],"inLanguage":"pt-BR"},{"@type":"Organization","@id":"https:\/\/redenoticiaz.com.br\/litoralsp\/#organization","name":"Litoral SP","url":"https:\/\/redenoticiaz.com.br\/litoralsp\/","logo":{"@type":"ImageObject","inLanguage":"pt-BR","@id":"https:\/\/redenoticiaz.com.br\/litoralsp\/#\/schema\/logo\/image\/","url":"https:\/\/redenoticiaz.com.br\/litoralsp\/wp-content\/uploads\/sites\/3\/2020\/11\/logo.jpg","contentUrl":"https:\/\/redenoticiaz.com.br\/litoralsp\/wp-content\/uploads\/sites\/3\/2020\/11\/logo.jpg","width":400,"height":250,"caption":"Litoral SP"},"image":{"@id":"https:\/\/redenoticiaz.com.br\/litoralsp\/#\/schema\/logo\/image\/"}},{"@type":"Person","@id":"https:\/\/redenoticiaz.com.br\/litoralsp\/#\/schema\/person\/16057b37a3c0ee6b096d7f887c566e2e","name":"Gustavo Silva","image":{"@type":"ImageObject","inLanguage":"pt-BR","@id":"https:\/\/secure.gravatar.com\/avatar\/3ee4e82f93b26de0a7cf4ea5eb7893da637ed6bb0c9170c58065944c56e28a33?s=96&d=mm&r=g","url":"https:\/\/secure.gravatar.com\/avatar\/3ee4e82f93b26de0a7cf4ea5eb7893da637ed6bb0c9170c58065944c56e28a33?s=96&d=mm&r=g","contentUrl":"https:\/\/secure.gravatar.com\/avatar\/3ee4e82f93b26de0a7cf4ea5eb7893da637ed6bb0c9170c58065944c56e28a33?s=96&d=mm&r=g","caption":"Gustavo Silva"},"url":"https:\/\/redenoticiaz.com.br\/litoralsp\/author\/gustavosilva"}]}},"_links":{"self":[{"href":"https:\/\/redenoticiaz.com.br\/litoralsp\/wp-json\/wp\/v2\/posts\/101299","targetHints":{"allow":["GET"]}}],"collection":[{"href":"https:\/\/redenoticiaz.com.br\/litoralsp\/wp-json\/wp\/v2\/posts"}],"about":[{"href":"https:\/\/redenoticiaz.com.br\/litoralsp\/wp-json\/wp\/v2\/types\/post"}],"author":[{"embeddable":true,"href":"https:\/\/redenoticiaz.com.br\/litoralsp\/wp-json\/wp\/v2\/users\/12"}],"replies":[{"embeddable":true,"href":"https:\/\/redenoticiaz.com.br\/litoralsp\/wp-json\/wp\/v2\/comments?post=101299"}],"version-history":[{"count":1,"href":"https:\/\/redenoticiaz.com.br\/litoralsp\/wp-json\/wp\/v2\/posts\/101299\/revisions"}],"predecessor-version":[{"id":101300,"href":"https:\/\/redenoticiaz.com.br\/litoralsp\/wp-json\/wp\/v2\/posts\/101299\/revisions\/101300"}],"wp:featuredmedia":[{"embeddable":true,"href":"https:\/\/redenoticiaz.com.br\/litoralsp\/wp-json\/wp\/v2\/media\/101129"}],"wp:attachment":[{"href":"https:\/\/redenoticiaz.com.br\/litoralsp\/wp-json\/wp\/v2\/media?parent=101299"}],"wp:term":[{"taxonomy":"category","embeddable":true,"href":"https:\/\/redenoticiaz.com.br\/litoralsp\/wp-json\/wp\/v2\/categories?post=101299"},{"taxonomy":"post_tag","embeddable":true,"href":"https:\/\/redenoticiaz.com.br\/litoralsp\/wp-json\/wp\/v2\/tags?post=101299"}],"curies":[{"name":"wp","href":"https:\/\/api.w.org\/{rel}","templated":true}]}}