{"id":10130,"date":"2021-06-16T06:25:48","date_gmt":"2021-06-16T09:25:48","guid":{"rendered":"https:\/\/redenoticiaz.com.br\/litoralsp\/2021\/06\/16\/felicidade-em-baixa-durante-a-pandemia"},"modified":"2021-06-16T06:28:26","modified_gmt":"2021-06-16T09:28:26","slug":"felicidade-em-baixa-durante-a-pandemia","status":"publish","type":"post","link":"https:\/\/redenoticiaz.com.br\/litoralsp\/2021\/06\/16\/felicidade-em-baixa-durante-a-pandemia","title":{"rendered":"Felicidade em baixa durante a pandemia"},"content":{"rendered":"<p>As desigualdades sociais aumentaram no Brasil durante a pandemia de covid-19, e os indicadores de <strong>felicidade do brasileiro est\u00e3o no menor ponto da s\u00e9rie hist\u00f3rica.<img decoding=\"async\" src=\"https:\/\/agenciabrasil.ebc.com.br\/ebc.png?id=1412707&amp;o=node\" \/><img decoding=\"async\" src=\"https:\/\/agenciabrasil.ebc.com.br\/ebc.gif?id=1412707&amp;o=node\" \/><\/strong><\/p>\n<p>De acordo com a pesquisa Bem-Estar Trabalhista, Felicidade e Pandemia, do Centro de Pol\u00edticas Sociais da Funda\u00e7\u00e3o Getulio Vargas (FGV Social), o pa\u00eds atingiu, em 2020, a pior nota m\u00e9dia de satisfa\u00e7\u00e3o com a vida desde 2006. J\u00e1 a desigualdade, medida pelo chamado \u00edndice de Gini, atingiu o patamar mais alto, batendo tamb\u00e9m o recorde de toda a s\u00e9rie hist\u00f3rica no primeiro trimestre de 2021.<\/p>\n<p>Ainda segundo o estudo, os impactos mais fortes na diminui\u00e7\u00e3o de renda e bem-estar foram sentidos pela parcela mais pobre da popula\u00e7\u00e3o.<\/p>\n<p>O estudo mostra que, durante a pandemia, a renda m\u00e9dia do brasileiro foi de R$ 1.122 entre janeiro e mar\u00e7o de 2020, a R$ 995, no primeiro trimestre de 2021, o menor valor da s\u00e9rie hist\u00f3rica, marcando, pela primeira vez, um montante abaixo de R$ 1 mil.<\/p>\n<h4>Felicidade e o bem-estar-social<\/h4>\n<p>J\u00e1 o bem-estar social &#8211; indicador que combina prosperidade com igualdade &#8211; caiu 19,4%, entre o primeiro trimestre de 2020 e o mesmo per\u00edodo de 2021, chegando a um novo piso da s\u00e9rie.<\/p>\n<p>O \u00edndice de Gini, usado para avaliar a distribui\u00e7\u00e3o de riquezas de determinado lugar, passou de 0,642 no primeiro trimestre de 2020 para 0,674 no mesmo per\u00edodo de 2021, o que \u00e9 considerado &#8220;um grande salto de desigualdade\u201d.<\/p>\n<p>Nesse contexto, os brasileiros est\u00e3o com mais raiva (19% para 24%, de 2019 para 2020) e relatam estar mais preocupados (56% para 62%, de 2019 para 2020), mais estressados (43% para 47%) e mais tristes (26% para 31%). J\u00e1 quando o assunto \u00e9 divers\u00e3o, a percep\u00e7\u00e3o do brasileiro \u00e9 de queda, de 72%, em 2019 para 66%, em 2020.<\/p>\n<p>Para o diretor do FGV Social e coordenador da pesquisa, Marcelo Neri, as perdas materiais explicam a perda de felicidade, mas n\u00e3o s\u00e3o o \u00fanico motivo.<\/p>\n<blockquote><p>\u201cTodos n\u00f3s estamos vivendo um cen\u00e1rio muito desafiador e dif\u00edcil, que \u00e9 nosso risco de sobreviv\u00eancia. Nosso dia a dia \u00e9 muito dif\u00edcil. Em isolamento social, perda de entes queridos, tudo isso, para al\u00e9m da renda, ajuda a explicar essa perda da felicidade\u201d, diz.<\/p><\/blockquote>\n<h2>Satisfa\u00e7\u00e3o com a vida<\/h2>\n<p>A medida geral de felicidade \u00e9 dada por uma nota de avalia\u00e7\u00e3o de satisfa\u00e7\u00e3o com a vida numa escala de 0 a 10. Essa nota, que vinha piorando entre 2014 e 2018, chegou a melhorar em 2019, atingindo 6,5 pontos. Em 2020, no entanto, caiu 0,4 ponto, chegando a 6,1 &#8211; a menor pontua\u00e7\u00e3o da s\u00e9rie hist\u00f3rica, desde 2006.<\/p>\n<p>A felicidade na pandemia tamb\u00e9m \u00e9 desigual. Entre os 20% mais ricos, esse indicador aumentou de 6,8 para 6,9, de 2019 para 2020. Entre os 40% mais pobres, caiu de 6,3 para 5,5.<\/p>\n<div class=\"dnd-widget-wrapper context-medio_4colunas type-image atom-align-left\">\n<div class=\"dnd-atom-rendered\">\n<div class=\"shadow overflow-hidden rounded-lg d-block zoom-on-hover-sm shadow-hover w-100\">\n<figure style=\"width: 365px\" class=\"wp-caption alignleft\"><img loading=\"lazy\" decoding=\"async\" class=\"flex-fill img-cover\" title=\"18 09:17:41\" src=\"https:\/\/imagens.ebc.com.br\/R4C3BiuzS3i0vcfzOP81r85hdf4=\/365x0\/smart\/https:\/\/agenciabrasil.ebc.com.br\/sites\/default\/files\/atoms\/image\/937087-fome0006.jpg?itok=sc9YH_ha\" alt=\"O ministro-chefe da Secretaria de Assuntos Estrat\u00e9gicos da Presid\u00eancia da Rep\u00fablica, Marcelo Neri, participa do I Semin\u00e1rio Internacional WWP \u2013 Um Mundo sem Pobreza (Elza Fiuza\/Ag\u00eancia Brasil) \" width=\"365\" height=\"243\" \/><figcaption class=\"wp-caption-text\">Diretor do FGV Social e coordenador da pesquisa, Marcelo Neri &#8211;\u00a0Arquivo\/Ag\u00eancia Brasil<\/figcaption><\/figure>\n<\/div>\n<\/div>\n<div class=\"dnd-caption-wrapper\"><\/div>\n<\/div>\n<p>\u201cToda essa queda est\u00e1 concentrada na base da distribui\u00e7\u00e3o de renda brasileira, ou seja, uma piora da desigualdade de felicidade\u201d, diz Neri.<\/p>\n<h4>A felicidade em outros 40 pa\u00edses<\/h4>\n<p>A pesquisa tamb\u00e9m comparou os resultados com os de 40 outros pa\u00edses. Em m\u00e9dia, a \u201cnota de felicidade\u201d ficou parada no restante do mundo, em torno de 6 pontos.<\/p>\n<p>\u201cO que a pesquisa mostra, embora a pandemia seja um fen\u00f4meno global que afetou a todos os pa\u00edses, o Brasil tem um desempenho nesses aspectos subjetivos pior. A gente talvez precise repensar como a gente est\u00e1 lidando com a pandemia em termos de pol\u00edticas. Mas n\u00e3o \u00e9 s\u00f3, em termos de enfrentamento, enquanto a\u00e7\u00e3o coletiva\u201d, diz o coordenador do estudo.<\/p>\n<p>A pesquisa est\u00e1 dispon\u00edvel na \u00edntegra no\u00a0<a href=\"https:\/\/cps.fgv.br\/FelicidadeNaPandemia\" target=\"_blank\" rel=\"noopener noreferrer\">site da FGV Social<\/a>. (agenciabrasil)<\/p>\n<p>&nbsp;<\/p>\n<p>LEIA TAMB\u00c9M<\/p>\n<p><a href=\"https:\/\/redenoticiaz.com.br\/blog\/2021\/06\/15\/liga-para-organizar-o-campeonato-brasileiro-pode-ser-criada\">Liga para organizar o Campeonato Brasileiro pode ser criada<\/a><\/p>\n<p>&nbsp;<\/p>\n","protected":false},"excerpt":{"rendered":"<p>As desigualdades sociais aumentaram no Brasil durante a pandemia de covid-19, e os indicadores de felicidade do brasileiro est\u00e3o no menor ponto da s\u00e9rie hist\u00f3rica. De acordo com a pesquisa Bem-Estar Trabalhista, Felicidade e Pandemia, do Centro de Pol\u00edticas Sociais da Funda\u00e7\u00e3o Getulio Vargas (FGV Social), o pa\u00eds atingiu, em 2020, a pior nota m\u00e9dia &hellip;<\/p>\n","protected":false},"author":5,"featured_media":10131,"comment_status":"open","ping_status":"closed","sticky":false,"template":"","format":"standard","meta":{"footnotes":""},"categories":[23],"tags":[25487,16098,25488,25489,25490],"class_list":["post-10130","post","type-post","status-publish","format-standard","has-post-thumbnail","hentry","category-saude","tag-estudo-sobre-a-felicidade-do-brasileiro","tag-felicidade","tag-felicidade-e-o-bem-estar","tag-felicidade-em-baixa","tag-pesquisa-aponta-baixa-na-felicidade"],"yoast_head":"<!-- This site is optimized with the Yoast SEO plugin v27.5 - https:\/\/yoast.com\/product\/yoast-seo-wordpress\/ -->\n<title>Felicidade em baixa durante a pandemia - Litoral SP<\/title>\n<meta name=\"description\" content=\"As desigualdades sociais aumentaram no Brasil durante a pandemia de covid-19, e os indicadores de felicidade do brasileiro est\u00e3o no menor\" \/>\n<meta name=\"robots\" content=\"index, follow, max-snippet:-1, max-image-preview:large, max-video-preview:-1\" \/>\n<link rel=\"canonical\" href=\"https:\/\/redenoticiaz.com.br\/litoralsp\/2021\/06\/16\/felicidade-em-baixa-durante-a-pandemia\" \/>\n<meta property=\"og:locale\" content=\"pt_BR\" \/>\n<meta property=\"og:type\" content=\"article\" \/>\n<meta property=\"og:title\" content=\"Felicidade em baixa durante a pandemia - Litoral SP\" \/>\n<meta property=\"og:description\" content=\"As desigualdades sociais aumentaram no Brasil durante a pandemia de covid-19, e os indicadores de felicidade do brasileiro est\u00e3o no menor\" \/>\n<meta property=\"og:url\" content=\"https:\/\/redenoticiaz.com.br\/litoralsp\/2021\/06\/16\/felicidade-em-baixa-durante-a-pandemia\" \/>\n<meta property=\"og:site_name\" content=\"Litoral SP\" \/>\n<meta property=\"article:published_time\" content=\"2021-06-16T09:25:48+00:00\" \/>\n<meta property=\"article:modified_time\" content=\"2021-06-16T09:28:26+00:00\" \/>\n<meta property=\"og:image\" content=\"https:\/\/redenoticiaz.com.br\/litoralsp\/wp-content\/uploads\/sites\/3\/2021\/06\/felicidade.jpg\" \/>\n\t<meta property=\"og:image:width\" content=\"1640\" \/>\n\t<meta property=\"og:image:height\" content=\"1080\" \/>\n\t<meta property=\"og:image:type\" content=\"image\/jpeg\" \/>\n<meta name=\"author\" content=\"Patr\u00edcia Prado\" \/>\n<meta name=\"twitter:card\" content=\"summary_large_image\" \/>\n<meta name=\"twitter:label1\" content=\"Escrito por\" \/>\n\t<meta name=\"twitter:data1\" content=\"Patr\u00edcia Prado\" \/>\n\t<meta name=\"twitter:label2\" content=\"Est. tempo de leitura\" \/>\n\t<meta name=\"twitter:data2\" content=\"3 minutos\" \/>\n<script type=\"application\/ld+json\" class=\"yoast-schema-graph\">{\"@context\":\"https:\\\/\\\/schema.org\",\"@graph\":[{\"@type\":\"Article\",\"@id\":\"https:\\\/\\\/redenoticiaz.com.br\\\/litoralsp\\\/2021\\\/06\\\/16\\\/felicidade-em-baixa-durante-a-pandemia#article\",\"isPartOf\":{\"@id\":\"https:\\\/\\\/redenoticiaz.com.br\\\/litoralsp\\\/2021\\\/06\\\/16\\\/felicidade-em-baixa-durante-a-pandemia\"},\"author\":{\"name\":\"Patr\u00edcia Prado\",\"@id\":\"https:\\\/\\\/redenoticiaz.com.br\\\/litoralsp\\\/#\\\/schema\\\/person\\\/e1b0bd8c2637e2c1b6ddcbc2c33b116f\"},\"headline\":\"Felicidade em baixa durante a pandemia\",\"datePublished\":\"2021-06-16T09:25:48+00:00\",\"dateModified\":\"2021-06-16T09:28:26+00:00\",\"mainEntityOfPage\":{\"@id\":\"https:\\\/\\\/redenoticiaz.com.br\\\/litoralsp\\\/2021\\\/06\\\/16\\\/felicidade-em-baixa-durante-a-pandemia\"},\"wordCount\":619,\"commentCount\":0,\"publisher\":{\"@id\":\"https:\\\/\\\/redenoticiaz.com.br\\\/litoralsp\\\/#organization\"},\"image\":{\"@id\":\"https:\\\/\\\/redenoticiaz.com.br\\\/litoralsp\\\/2021\\\/06\\\/16\\\/felicidade-em-baixa-durante-a-pandemia#primaryimage\"},\"thumbnailUrl\":\"https:\\\/\\\/redenoticiaz.com.br\\\/litoralsp\\\/wp-content\\\/uploads\\\/sites\\\/3\\\/2021\\\/06\\\/felicidade.jpg\",\"keywords\":[\"ESTUDO SOBRE A FELICIDADE DO BRASILEIRO\",\"FELICIDADE\",\"FELICIDADE E O BEM ESTAR\",\"FELICIDADE EM BAIXA\",\"PESQUISA APONTA BAIXA NA FELICIDADE\"],\"articleSection\":[\"Sa\u00fade\"],\"inLanguage\":\"pt-BR\",\"potentialAction\":[{\"@type\":\"CommentAction\",\"name\":\"Comment\",\"target\":[\"https:\\\/\\\/redenoticiaz.com.br\\\/litoralsp\\\/2021\\\/06\\\/16\\\/felicidade-em-baixa-durante-a-pandemia#respond\"]}]},{\"@type\":\"WebPage\",\"@id\":\"https:\\\/\\\/redenoticiaz.com.br\\\/litoralsp\\\/2021\\\/06\\\/16\\\/felicidade-em-baixa-durante-a-pandemia\",\"url\":\"https:\\\/\\\/redenoticiaz.com.br\\\/litoralsp\\\/2021\\\/06\\\/16\\\/felicidade-em-baixa-durante-a-pandemia\",\"name\":\"Felicidade em baixa durante a pandemia - Litoral SP\",\"isPartOf\":{\"@id\":\"https:\\\/\\\/redenoticiaz.com.br\\\/litoralsp\\\/#website\"},\"primaryImageOfPage\":{\"@id\":\"https:\\\/\\\/redenoticiaz.com.br\\\/litoralsp\\\/2021\\\/06\\\/16\\\/felicidade-em-baixa-durante-a-pandemia#primaryimage\"},\"image\":{\"@id\":\"https:\\\/\\\/redenoticiaz.com.br\\\/litoralsp\\\/2021\\\/06\\\/16\\\/felicidade-em-baixa-durante-a-pandemia#primaryimage\"},\"thumbnailUrl\":\"https:\\\/\\\/redenoticiaz.com.br\\\/litoralsp\\\/wp-content\\\/uploads\\\/sites\\\/3\\\/2021\\\/06\\\/felicidade.jpg\",\"datePublished\":\"2021-06-16T09:25:48+00:00\",\"dateModified\":\"2021-06-16T09:28:26+00:00\",\"description\":\"As desigualdades sociais aumentaram no Brasil durante a pandemia de covid-19, e os indicadores de felicidade do brasileiro est\u00e3o no menor\",\"inLanguage\":\"pt-BR\",\"potentialAction\":[{\"@type\":\"ReadAction\",\"target\":[\"https:\\\/\\\/redenoticiaz.com.br\\\/litoralsp\\\/2021\\\/06\\\/16\\\/felicidade-em-baixa-durante-a-pandemia\"]}]},{\"@type\":\"ImageObject\",\"inLanguage\":\"pt-BR\",\"@id\":\"https:\\\/\\\/redenoticiaz.com.br\\\/litoralsp\\\/2021\\\/06\\\/16\\\/felicidade-em-baixa-durante-a-pandemia#primaryimage\",\"url\":\"https:\\\/\\\/redenoticiaz.com.br\\\/litoralsp\\\/wp-content\\\/uploads\\\/sites\\\/3\\\/2021\\\/06\\\/felicidade.jpg\",\"contentUrl\":\"https:\\\/\\\/redenoticiaz.com.br\\\/litoralsp\\\/wp-content\\\/uploads\\\/sites\\\/3\\\/2021\\\/06\\\/felicidade.jpg\",\"width\":1640,\"height\":1080,\"caption\":\"As desigualdades sociais aumentaram no Brasil durante a pandemia de covid-19, e os indicadores de felicidade do brasileiro est\u00e3o no menor ponto\"},{\"@type\":\"WebSite\",\"@id\":\"https:\\\/\\\/redenoticiaz.com.br\\\/litoralsp\\\/#website\",\"url\":\"https:\\\/\\\/redenoticiaz.com.br\\\/litoralsp\\\/\",\"name\":\"Litoral SP\",\"description\":\"Rede NoticiaZ\",\"publisher\":{\"@id\":\"https:\\\/\\\/redenoticiaz.com.br\\\/litoralsp\\\/#organization\"},\"potentialAction\":[{\"@type\":\"SearchAction\",\"target\":{\"@type\":\"EntryPoint\",\"urlTemplate\":\"https:\\\/\\\/redenoticiaz.com.br\\\/litoralsp\\\/?s={search_term_string}\"},\"query-input\":{\"@type\":\"PropertyValueSpecification\",\"valueRequired\":true,\"valueName\":\"search_term_string\"}}],\"inLanguage\":\"pt-BR\"},{\"@type\":\"Organization\",\"@id\":\"https:\\\/\\\/redenoticiaz.com.br\\\/litoralsp\\\/#organization\",\"name\":\"Litoral SP\",\"url\":\"https:\\\/\\\/redenoticiaz.com.br\\\/litoralsp\\\/\",\"logo\":{\"@type\":\"ImageObject\",\"inLanguage\":\"pt-BR\",\"@id\":\"https:\\\/\\\/redenoticiaz.com.br\\\/litoralsp\\\/#\\\/schema\\\/logo\\\/image\\\/\",\"url\":\"https:\\\/\\\/redenoticiaz.com.br\\\/litoralsp\\\/wp-content\\\/uploads\\\/sites\\\/3\\\/2020\\\/11\\\/logo.jpg\",\"contentUrl\":\"https:\\\/\\\/redenoticiaz.com.br\\\/litoralsp\\\/wp-content\\\/uploads\\\/sites\\\/3\\\/2020\\\/11\\\/logo.jpg\",\"width\":400,\"height\":250,\"caption\":\"Litoral SP\"},\"image\":{\"@id\":\"https:\\\/\\\/redenoticiaz.com.br\\\/litoralsp\\\/#\\\/schema\\\/logo\\\/image\\\/\"}},{\"@type\":\"Person\",\"@id\":\"https:\\\/\\\/redenoticiaz.com.br\\\/litoralsp\\\/#\\\/schema\\\/person\\\/e1b0bd8c2637e2c1b6ddcbc2c33b116f\",\"name\":\"Patr\u00edcia Prado\",\"image\":{\"@type\":\"ImageObject\",\"inLanguage\":\"pt-BR\",\"@id\":\"https:\\\/\\\/secure.gravatar.com\\\/avatar\\\/92e358bef22cfcec15e054ae4d9fee04dadf0c772dc4a17b382b8a34a15354c2?s=96&d=mm&r=g\",\"url\":\"https:\\\/\\\/secure.gravatar.com\\\/avatar\\\/92e358bef22cfcec15e054ae4d9fee04dadf0c772dc4a17b382b8a34a15354c2?s=96&d=mm&r=g\",\"contentUrl\":\"https:\\\/\\\/secure.gravatar.com\\\/avatar\\\/92e358bef22cfcec15e054ae4d9fee04dadf0c772dc4a17b382b8a34a15354c2?s=96&d=mm&r=g\",\"caption\":\"Patr\u00edcia Prado\"},\"url\":\"https:\\\/\\\/redenoticiaz.com.br\\\/litoralsp\\\/author\\\/patricia-prado\"}]}<\/script>\n<!-- \/ Yoast SEO plugin. -->","yoast_head_json":{"title":"Felicidade em baixa durante a pandemia - Litoral SP","description":"As desigualdades sociais aumentaram no Brasil durante a pandemia de covid-19, e os indicadores de felicidade do brasileiro est\u00e3o no menor","robots":{"index":"index","follow":"follow","max-snippet":"max-snippet:-1","max-image-preview":"max-image-preview:large","max-video-preview":"max-video-preview:-1"},"canonical":"https:\/\/redenoticiaz.com.br\/litoralsp\/2021\/06\/16\/felicidade-em-baixa-durante-a-pandemia","og_locale":"pt_BR","og_type":"article","og_title":"Felicidade em baixa durante a pandemia - Litoral SP","og_description":"As desigualdades sociais aumentaram no Brasil durante a pandemia de covid-19, e os indicadores de felicidade do brasileiro est\u00e3o no menor","og_url":"https:\/\/redenoticiaz.com.br\/litoralsp\/2021\/06\/16\/felicidade-em-baixa-durante-a-pandemia","og_site_name":"Litoral SP","article_published_time":"2021-06-16T09:25:48+00:00","article_modified_time":"2021-06-16T09:28:26+00:00","og_image":[{"width":1640,"height":1080,"url":"https:\/\/redenoticiaz.com.br\/litoralsp\/wp-content\/uploads\/sites\/3\/2021\/06\/felicidade.jpg","type":"image\/jpeg"}],"author":"Patr\u00edcia Prado","twitter_card":"summary_large_image","twitter_misc":{"Escrito por":"Patr\u00edcia Prado","Est. tempo de leitura":"3 minutos"},"schema":{"@context":"https:\/\/schema.org","@graph":[{"@type":"Article","@id":"https:\/\/redenoticiaz.com.br\/litoralsp\/2021\/06\/16\/felicidade-em-baixa-durante-a-pandemia#article","isPartOf":{"@id":"https:\/\/redenoticiaz.com.br\/litoralsp\/2021\/06\/16\/felicidade-em-baixa-durante-a-pandemia"},"author":{"name":"Patr\u00edcia Prado","@id":"https:\/\/redenoticiaz.com.br\/litoralsp\/#\/schema\/person\/e1b0bd8c2637e2c1b6ddcbc2c33b116f"},"headline":"Felicidade em baixa durante a pandemia","datePublished":"2021-06-16T09:25:48+00:00","dateModified":"2021-06-16T09:28:26+00:00","mainEntityOfPage":{"@id":"https:\/\/redenoticiaz.com.br\/litoralsp\/2021\/06\/16\/felicidade-em-baixa-durante-a-pandemia"},"wordCount":619,"commentCount":0,"publisher":{"@id":"https:\/\/redenoticiaz.com.br\/litoralsp\/#organization"},"image":{"@id":"https:\/\/redenoticiaz.com.br\/litoralsp\/2021\/06\/16\/felicidade-em-baixa-durante-a-pandemia#primaryimage"},"thumbnailUrl":"https:\/\/redenoticiaz.com.br\/litoralsp\/wp-content\/uploads\/sites\/3\/2021\/06\/felicidade.jpg","keywords":["ESTUDO SOBRE A FELICIDADE DO BRASILEIRO","FELICIDADE","FELICIDADE E O BEM ESTAR","FELICIDADE EM BAIXA","PESQUISA APONTA BAIXA NA FELICIDADE"],"articleSection":["Sa\u00fade"],"inLanguage":"pt-BR","potentialAction":[{"@type":"CommentAction","name":"Comment","target":["https:\/\/redenoticiaz.com.br\/litoralsp\/2021\/06\/16\/felicidade-em-baixa-durante-a-pandemia#respond"]}]},{"@type":"WebPage","@id":"https:\/\/redenoticiaz.com.br\/litoralsp\/2021\/06\/16\/felicidade-em-baixa-durante-a-pandemia","url":"https:\/\/redenoticiaz.com.br\/litoralsp\/2021\/06\/16\/felicidade-em-baixa-durante-a-pandemia","name":"Felicidade em baixa durante a pandemia - Litoral SP","isPartOf":{"@id":"https:\/\/redenoticiaz.com.br\/litoralsp\/#website"},"primaryImageOfPage":{"@id":"https:\/\/redenoticiaz.com.br\/litoralsp\/2021\/06\/16\/felicidade-em-baixa-durante-a-pandemia#primaryimage"},"image":{"@id":"https:\/\/redenoticiaz.com.br\/litoralsp\/2021\/06\/16\/felicidade-em-baixa-durante-a-pandemia#primaryimage"},"thumbnailUrl":"https:\/\/redenoticiaz.com.br\/litoralsp\/wp-content\/uploads\/sites\/3\/2021\/06\/felicidade.jpg","datePublished":"2021-06-16T09:25:48+00:00","dateModified":"2021-06-16T09:28:26+00:00","description":"As desigualdades sociais aumentaram no Brasil durante a pandemia de covid-19, e os indicadores de felicidade do brasileiro est\u00e3o no menor","inLanguage":"pt-BR","potentialAction":[{"@type":"ReadAction","target":["https:\/\/redenoticiaz.com.br\/litoralsp\/2021\/06\/16\/felicidade-em-baixa-durante-a-pandemia"]}]},{"@type":"ImageObject","inLanguage":"pt-BR","@id":"https:\/\/redenoticiaz.com.br\/litoralsp\/2021\/06\/16\/felicidade-em-baixa-durante-a-pandemia#primaryimage","url":"https:\/\/redenoticiaz.com.br\/litoralsp\/wp-content\/uploads\/sites\/3\/2021\/06\/felicidade.jpg","contentUrl":"https:\/\/redenoticiaz.com.br\/litoralsp\/wp-content\/uploads\/sites\/3\/2021\/06\/felicidade.jpg","width":1640,"height":1080,"caption":"As desigualdades sociais aumentaram no Brasil durante a pandemia de covid-19, e os indicadores de felicidade do brasileiro est\u00e3o no menor ponto"},{"@type":"WebSite","@id":"https:\/\/redenoticiaz.com.br\/litoralsp\/#website","url":"https:\/\/redenoticiaz.com.br\/litoralsp\/","name":"Litoral SP","description":"Rede NoticiaZ","publisher":{"@id":"https:\/\/redenoticiaz.com.br\/litoralsp\/#organization"},"potentialAction":[{"@type":"SearchAction","target":{"@type":"EntryPoint","urlTemplate":"https:\/\/redenoticiaz.com.br\/litoralsp\/?s={search_term_string}"},"query-input":{"@type":"PropertyValueSpecification","valueRequired":true,"valueName":"search_term_string"}}],"inLanguage":"pt-BR"},{"@type":"Organization","@id":"https:\/\/redenoticiaz.com.br\/litoralsp\/#organization","name":"Litoral SP","url":"https:\/\/redenoticiaz.com.br\/litoralsp\/","logo":{"@type":"ImageObject","inLanguage":"pt-BR","@id":"https:\/\/redenoticiaz.com.br\/litoralsp\/#\/schema\/logo\/image\/","url":"https:\/\/redenoticiaz.com.br\/litoralsp\/wp-content\/uploads\/sites\/3\/2020\/11\/logo.jpg","contentUrl":"https:\/\/redenoticiaz.com.br\/litoralsp\/wp-content\/uploads\/sites\/3\/2020\/11\/logo.jpg","width":400,"height":250,"caption":"Litoral SP"},"image":{"@id":"https:\/\/redenoticiaz.com.br\/litoralsp\/#\/schema\/logo\/image\/"}},{"@type":"Person","@id":"https:\/\/redenoticiaz.com.br\/litoralsp\/#\/schema\/person\/e1b0bd8c2637e2c1b6ddcbc2c33b116f","name":"Patr\u00edcia Prado","image":{"@type":"ImageObject","inLanguage":"pt-BR","@id":"https:\/\/secure.gravatar.com\/avatar\/92e358bef22cfcec15e054ae4d9fee04dadf0c772dc4a17b382b8a34a15354c2?s=96&d=mm&r=g","url":"https:\/\/secure.gravatar.com\/avatar\/92e358bef22cfcec15e054ae4d9fee04dadf0c772dc4a17b382b8a34a15354c2?s=96&d=mm&r=g","contentUrl":"https:\/\/secure.gravatar.com\/avatar\/92e358bef22cfcec15e054ae4d9fee04dadf0c772dc4a17b382b8a34a15354c2?s=96&d=mm&r=g","caption":"Patr\u00edcia Prado"},"url":"https:\/\/redenoticiaz.com.br\/litoralsp\/author\/patricia-prado"}]}},"_links":{"self":[{"href":"https:\/\/redenoticiaz.com.br\/litoralsp\/wp-json\/wp\/v2\/posts\/10130","targetHints":{"allow":["GET"]}}],"collection":[{"href":"https:\/\/redenoticiaz.com.br\/litoralsp\/wp-json\/wp\/v2\/posts"}],"about":[{"href":"https:\/\/redenoticiaz.com.br\/litoralsp\/wp-json\/wp\/v2\/types\/post"}],"author":[{"embeddable":true,"href":"https:\/\/redenoticiaz.com.br\/litoralsp\/wp-json\/wp\/v2\/users\/5"}],"replies":[{"embeddable":true,"href":"https:\/\/redenoticiaz.com.br\/litoralsp\/wp-json\/wp\/v2\/comments?post=10130"}],"version-history":[{"count":2,"href":"https:\/\/redenoticiaz.com.br\/litoralsp\/wp-json\/wp\/v2\/posts\/10130\/revisions"}],"predecessor-version":[{"id":10133,"href":"https:\/\/redenoticiaz.com.br\/litoralsp\/wp-json\/wp\/v2\/posts\/10130\/revisions\/10133"}],"wp:featuredmedia":[{"embeddable":true,"href":"https:\/\/redenoticiaz.com.br\/litoralsp\/wp-json\/wp\/v2\/media\/10131"}],"wp:attachment":[{"href":"https:\/\/redenoticiaz.com.br\/litoralsp\/wp-json\/wp\/v2\/media?parent=10130"}],"wp:term":[{"taxonomy":"category","embeddable":true,"href":"https:\/\/redenoticiaz.com.br\/litoralsp\/wp-json\/wp\/v2\/categories?post=10130"},{"taxonomy":"post_tag","embeddable":true,"href":"https:\/\/redenoticiaz.com.br\/litoralsp\/wp-json\/wp\/v2\/tags?post=10130"}],"curies":[{"name":"wp","href":"https:\/\/api.w.org\/{rel}","templated":true}]}}