{"id":101304,"date":"2023-02-23T12:58:49","date_gmt":"2023-02-23T15:58:49","guid":{"rendered":"https:\/\/redenoticiaz.com.br\/litoralsp\/?p=101304"},"modified":"2023-02-23T12:58:49","modified_gmt":"2023-02-23T15:58:49","slug":"ultimo-ponto-da-rodovia-rio-santos-e-desobstruido-em-sao-sebastiao","status":"publish","type":"post","link":"https:\/\/redenoticiaz.com.br\/litoralsp\/2023\/02\/23\/ultimo-ponto-da-rodovia-rio-santos-e-desobstruido-em-sao-sebastiao","title":{"rendered":"\u00daltimo ponto da Rodovia Rio-Santos \u00e9 desobstru\u00eddo em S\u00e3o Sebasti\u00e3o"},"content":{"rendered":"<p>O \u00faltimo ponto de interdi\u00e7\u00e3o total na rodovia Rio-Santos (SP-055), no trecho entre S\u00e3o Sebasti\u00e3o foi reestabelecido afirmou Departamento de Tr\u00e1fego (DETRAF).<\/p>\n<p>A princ\u00edpio, com apoio das equipes do Departamento de Estradas de Rodagem de S\u00e3o Paulo (DER) nesta quinta-feira (23).<\/p>\n<p>De acordo com as informa\u00e7\u00f5es, o\u00a0tr\u00e1fego, por ora, est\u00e1 liberado para ve\u00edculos de resgate e servi\u00e7os. T\u00e9cnicos do Departamento de Estradas de Rodagem (DER) monitoram a via e a previs\u00e3o \u00e9 que o tr\u00e1fego seja liberado para os ve\u00edculos em geral ainda nesta quinta-feira (23).<\/p>\n<h2>Mogi-Bertioga e Tamoios<\/h2>\n<p>Ainda de acordo com as informa\u00e7\u00f5es, a subida da serra pode ser feita pelo Sistema Anchieta-Imigrantes aou Rodovia dos Tamoios, a depender do ponto na Rio-Santos (SP-055) onde o motorista se encontra.<\/p>\n<p>Sendo assim, caso esteja na altura da Praia de Juquehy (km 176), sentido Bertioga, a rota alternativa \u00e9 somente o Sistema Anchieta-Imigrantes. Para o motorista que estiver do outro lado da interrup\u00e7\u00e3o total da SP-055, no km 174, a rota alternativa \u00e9 somente a Rodovia dos Tamoios.<\/p>\n<p>Por fim, a Mogi-Bertioga est\u00e1 interditada desde o domingo (19). Cerca de 77% dos ve\u00edculos haviam retornado por essas rodovias, segundo o COI-DER.<\/p>\n<h3>Pontos com interdi\u00e7\u00e3o parcial<\/h3>\n<p>\u2022\u00a0 Come\u00e7ando do km 136 ao 142 \u2013 queda de barreira e \u00e1rvores (Praia do Guaic\u00e1 e Toque Toque);<\/p>\n<p>\u2022\u00a0 142 \u2013 queda de barreira e \u00e1rvores (Praia do Toque Toque);<\/p>\n<p>\u2022\u00a0 Do km 157 ao 162 \u2013 queda de barreira (Praia de Maresias);<\/p>\n<p>\u2022\u00a0 Km164 \u2013 queda de barreira (Praia de Boi\u00e7ucanga);<\/p>\n<p>\u2022\u00a0 Enfim, Km 180 \u2013 queda de \u00e1rvore (Praia Preta).<\/p>\n<p><strong>Leia mais<\/strong><\/p>\n<p><a href=\"https:\/\/redenoticiaz.com.br\/litoralsp\/2023\/02\/23\/policia-militar-prende-grupo-por-furtos-no-litoral-norte\">Pol\u00edcia Militar prende grupo por furtos no litoral norte<\/a><\/p>\n","protected":false},"excerpt":{"rendered":"<p>O \u00faltimo ponto de interdi\u00e7\u00e3o total na rodovia Rio-Santos (SP-055), no trecho entre S\u00e3o Sebasti\u00e3o foi reestabelecido afirmou Departamento de Tr\u00e1fego (DETRAF). A princ\u00edpio, com apoio das equipes do Departamento de Estradas de Rodagem de S\u00e3o Paulo (DER) nesta quinta-feira (23). De acordo com as informa\u00e7\u00f5es, o\u00a0tr\u00e1fego, por ora, est\u00e1 liberado para ve\u00edculos de resgate &hellip;<\/p>\n","protected":false},"author":12,"featured_media":101305,"comment_status":"open","ping_status":"closed","sticky":false,"template":"","format":"standard","meta":{"footnotes":""},"categories":[188],"tags":[32836,5779,32238,3707],"class_list":["post-101304","post","type-post","status-publish","format-standard","has-post-thumbnail","hentry","category-sao-sebastiao","tag-estradas","tag-interdicao","tag-rodovia","tag-sao-sebastiao"],"yoast_head":"<!-- This site is optimized with the Yoast SEO plugin v27.5 - https:\/\/yoast.com\/product\/yoast-seo-wordpress\/ -->\n<title>\u00daltimo ponto da Rodovia Rio-Santos \u00e9 desobstru\u00eddo em S\u00e3o Sebasti\u00e3o - Litoral SP<\/title>\n<meta name=\"description\" content=\"O \u00faltimo ponto de interdi\u00e7\u00e3o total na rodovia Rio-Santos (SP-055), no trecho entre S\u00e3o Sebasti\u00e3o foi reestabelecido afirmou Departamento de Tr\u00e1fego (DETRAF).\" \/>\n<meta name=\"robots\" content=\"index, follow, max-snippet:-1, max-image-preview:large, max-video-preview:-1\" \/>\n<link rel=\"canonical\" href=\"https:\/\/redenoticiaz.com.br\/litoralsp\/2023\/02\/23\/ultimo-ponto-da-rodovia-rio-santos-e-desobstruido-em-sao-sebastiao\" \/>\n<meta property=\"og:locale\" content=\"pt_BR\" \/>\n<meta property=\"og:type\" content=\"article\" \/>\n<meta property=\"og:title\" content=\"\u00daltimo ponto da Rodovia Rio-Santos \u00e9 desobstru\u00eddo em S\u00e3o Sebasti\u00e3o - Litoral SP\" \/>\n<meta property=\"og:description\" content=\"O \u00faltimo ponto de interdi\u00e7\u00e3o total na rodovia Rio-Santos (SP-055), no trecho entre S\u00e3o Sebasti\u00e3o foi reestabelecido afirmou Departamento de Tr\u00e1fego (DETRAF).\" \/>\n<meta property=\"og:url\" content=\"https:\/\/redenoticiaz.com.br\/litoralsp\/2023\/02\/23\/ultimo-ponto-da-rodovia-rio-santos-e-desobstruido-em-sao-sebastiao\" \/>\n<meta property=\"og:site_name\" content=\"Litoral SP\" \/>\n<meta property=\"article:published_time\" content=\"2023-02-23T15:58:49+00:00\" \/>\n<meta property=\"og:image\" content=\"https:\/\/redenoticiaz.com.br\/litoralsp\/wp-content\/uploads\/sites\/3\/2023\/02\/DSCN2956-scaled.jpg\" \/>\n\t<meta property=\"og:image:width\" content=\"1440\" \/>\n\t<meta property=\"og:image:height\" content=\"1080\" \/>\n\t<meta property=\"og:image:type\" content=\"image\/jpeg\" \/>\n<meta name=\"author\" content=\"Gustavo Silva\" \/>\n<meta name=\"twitter:card\" content=\"summary_large_image\" \/>\n<meta name=\"twitter:label1\" content=\"Escrito por\" \/>\n\t<meta name=\"twitter:data1\" content=\"Gustavo Silva\" \/>\n\t<meta name=\"twitter:label2\" content=\"Est. tempo de leitura\" \/>\n\t<meta name=\"twitter:data2\" content=\"2 minutos\" \/>\n<script type=\"application\/ld+json\" class=\"yoast-schema-graph\">{\"@context\":\"https:\\\/\\\/schema.org\",\"@graph\":[{\"@type\":\"Article\",\"@id\":\"https:\\\/\\\/redenoticiaz.com.br\\\/litoralsp\\\/2023\\\/02\\\/23\\\/ultimo-ponto-da-rodovia-rio-santos-e-desobstruido-em-sao-sebastiao#article\",\"isPartOf\":{\"@id\":\"https:\\\/\\\/redenoticiaz.com.br\\\/litoralsp\\\/2023\\\/02\\\/23\\\/ultimo-ponto-da-rodovia-rio-santos-e-desobstruido-em-sao-sebastiao\"},\"author\":{\"name\":\"Gustavo Silva\",\"@id\":\"https:\\\/\\\/redenoticiaz.com.br\\\/litoralsp\\\/#\\\/schema\\\/person\\\/16057b37a3c0ee6b096d7f887c566e2e\"},\"headline\":\"\u00daltimo ponto da Rodovia Rio-Santos \u00e9 desobstru\u00eddo em S\u00e3o Sebasti\u00e3o\",\"datePublished\":\"2023-02-23T15:58:49+00:00\",\"mainEntityOfPage\":{\"@id\":\"https:\\\/\\\/redenoticiaz.com.br\\\/litoralsp\\\/2023\\\/02\\\/23\\\/ultimo-ponto-da-rodovia-rio-santos-e-desobstruido-em-sao-sebastiao\"},\"wordCount\":278,\"commentCount\":0,\"publisher\":{\"@id\":\"https:\\\/\\\/redenoticiaz.com.br\\\/litoralsp\\\/#organization\"},\"image\":{\"@id\":\"https:\\\/\\\/redenoticiaz.com.br\\\/litoralsp\\\/2023\\\/02\\\/23\\\/ultimo-ponto-da-rodovia-rio-santos-e-desobstruido-em-sao-sebastiao#primaryimage\"},\"thumbnailUrl\":\"https:\\\/\\\/redenoticiaz.com.br\\\/litoralsp\\\/wp-content\\\/uploads\\\/sites\\\/3\\\/2023\\\/02\\\/DSCN2956-scaled.jpg\",\"keywords\":[\"ESTRADAS\",\"INTERDI\u00c7\u00c3O\",\"RODOVIA\",\"S\u00c3O SEBASTI\u00c3O\"],\"articleSection\":[\"S\u00e3o Sebasti\u00e3o\"],\"inLanguage\":\"pt-BR\",\"potentialAction\":[{\"@type\":\"CommentAction\",\"name\":\"Comment\",\"target\":[\"https:\\\/\\\/redenoticiaz.com.br\\\/litoralsp\\\/2023\\\/02\\\/23\\\/ultimo-ponto-da-rodovia-rio-santos-e-desobstruido-em-sao-sebastiao#respond\"]}]},{\"@type\":\"WebPage\",\"@id\":\"https:\\\/\\\/redenoticiaz.com.br\\\/litoralsp\\\/2023\\\/02\\\/23\\\/ultimo-ponto-da-rodovia-rio-santos-e-desobstruido-em-sao-sebastiao\",\"url\":\"https:\\\/\\\/redenoticiaz.com.br\\\/litoralsp\\\/2023\\\/02\\\/23\\\/ultimo-ponto-da-rodovia-rio-santos-e-desobstruido-em-sao-sebastiao\",\"name\":\"\u00daltimo ponto da Rodovia Rio-Santos \u00e9 desobstru\u00eddo em S\u00e3o Sebasti\u00e3o - Litoral SP\",\"isPartOf\":{\"@id\":\"https:\\\/\\\/redenoticiaz.com.br\\\/litoralsp\\\/#website\"},\"primaryImageOfPage\":{\"@id\":\"https:\\\/\\\/redenoticiaz.com.br\\\/litoralsp\\\/2023\\\/02\\\/23\\\/ultimo-ponto-da-rodovia-rio-santos-e-desobstruido-em-sao-sebastiao#primaryimage\"},\"image\":{\"@id\":\"https:\\\/\\\/redenoticiaz.com.br\\\/litoralsp\\\/2023\\\/02\\\/23\\\/ultimo-ponto-da-rodovia-rio-santos-e-desobstruido-em-sao-sebastiao#primaryimage\"},\"thumbnailUrl\":\"https:\\\/\\\/redenoticiaz.com.br\\\/litoralsp\\\/wp-content\\\/uploads\\\/sites\\\/3\\\/2023\\\/02\\\/DSCN2956-scaled.jpg\",\"datePublished\":\"2023-02-23T15:58:49+00:00\",\"description\":\"O \u00faltimo ponto de interdi\u00e7\u00e3o total na rodovia Rio-Santos (SP-055), no trecho entre S\u00e3o Sebasti\u00e3o foi reestabelecido afirmou Departamento de Tr\u00e1fego (DETRAF).\",\"inLanguage\":\"pt-BR\",\"potentialAction\":[{\"@type\":\"ReadAction\",\"target\":[\"https:\\\/\\\/redenoticiaz.com.br\\\/litoralsp\\\/2023\\\/02\\\/23\\\/ultimo-ponto-da-rodovia-rio-santos-e-desobstruido-em-sao-sebastiao\"]}]},{\"@type\":\"ImageObject\",\"inLanguage\":\"pt-BR\",\"@id\":\"https:\\\/\\\/redenoticiaz.com.br\\\/litoralsp\\\/2023\\\/02\\\/23\\\/ultimo-ponto-da-rodovia-rio-santos-e-desobstruido-em-sao-sebastiao#primaryimage\",\"url\":\"https:\\\/\\\/redenoticiaz.com.br\\\/litoralsp\\\/wp-content\\\/uploads\\\/sites\\\/3\\\/2023\\\/02\\\/DSCN2956-scaled.jpg\",\"contentUrl\":\"https:\\\/\\\/redenoticiaz.com.br\\\/litoralsp\\\/wp-content\\\/uploads\\\/sites\\\/3\\\/2023\\\/02\\\/DSCN2956-scaled.jpg\",\"width\":1440,\"height\":1080,\"caption\":\"\u00daltimo ponto da Rodovia Rio-Santos \u00e9 desobstru\u00eddo em S\u00e3o Sebasti\u00e3o\"},{\"@type\":\"WebSite\",\"@id\":\"https:\\\/\\\/redenoticiaz.com.br\\\/litoralsp\\\/#website\",\"url\":\"https:\\\/\\\/redenoticiaz.com.br\\\/litoralsp\\\/\",\"name\":\"Litoral SP\",\"description\":\"Rede NoticiaZ\",\"publisher\":{\"@id\":\"https:\\\/\\\/redenoticiaz.com.br\\\/litoralsp\\\/#organization\"},\"potentialAction\":[{\"@type\":\"SearchAction\",\"target\":{\"@type\":\"EntryPoint\",\"urlTemplate\":\"https:\\\/\\\/redenoticiaz.com.br\\\/litoralsp\\\/?s={search_term_string}\"},\"query-input\":{\"@type\":\"PropertyValueSpecification\",\"valueRequired\":true,\"valueName\":\"search_term_string\"}}],\"inLanguage\":\"pt-BR\"},{\"@type\":\"Organization\",\"@id\":\"https:\\\/\\\/redenoticiaz.com.br\\\/litoralsp\\\/#organization\",\"name\":\"Litoral SP\",\"url\":\"https:\\\/\\\/redenoticiaz.com.br\\\/litoralsp\\\/\",\"logo\":{\"@type\":\"ImageObject\",\"inLanguage\":\"pt-BR\",\"@id\":\"https:\\\/\\\/redenoticiaz.com.br\\\/litoralsp\\\/#\\\/schema\\\/logo\\\/image\\\/\",\"url\":\"https:\\\/\\\/redenoticiaz.com.br\\\/litoralsp\\\/wp-content\\\/uploads\\\/sites\\\/3\\\/2020\\\/11\\\/logo.jpg\",\"contentUrl\":\"https:\\\/\\\/redenoticiaz.com.br\\\/litoralsp\\\/wp-content\\\/uploads\\\/sites\\\/3\\\/2020\\\/11\\\/logo.jpg\",\"width\":400,\"height\":250,\"caption\":\"Litoral SP\"},\"image\":{\"@id\":\"https:\\\/\\\/redenoticiaz.com.br\\\/litoralsp\\\/#\\\/schema\\\/logo\\\/image\\\/\"}},{\"@type\":\"Person\",\"@id\":\"https:\\\/\\\/redenoticiaz.com.br\\\/litoralsp\\\/#\\\/schema\\\/person\\\/16057b37a3c0ee6b096d7f887c566e2e\",\"name\":\"Gustavo Silva\",\"image\":{\"@type\":\"ImageObject\",\"inLanguage\":\"pt-BR\",\"@id\":\"https:\\\/\\\/secure.gravatar.com\\\/avatar\\\/3ee4e82f93b26de0a7cf4ea5eb7893da637ed6bb0c9170c58065944c56e28a33?s=96&d=mm&r=g\",\"url\":\"https:\\\/\\\/secure.gravatar.com\\\/avatar\\\/3ee4e82f93b26de0a7cf4ea5eb7893da637ed6bb0c9170c58065944c56e28a33?s=96&d=mm&r=g\",\"contentUrl\":\"https:\\\/\\\/secure.gravatar.com\\\/avatar\\\/3ee4e82f93b26de0a7cf4ea5eb7893da637ed6bb0c9170c58065944c56e28a33?s=96&d=mm&r=g\",\"caption\":\"Gustavo Silva\"},\"url\":\"https:\\\/\\\/redenoticiaz.com.br\\\/litoralsp\\\/author\\\/gustavosilva\"}]}<\/script>\n<!-- \/ Yoast SEO plugin. -->","yoast_head_json":{"title":"\u00daltimo ponto da Rodovia Rio-Santos \u00e9 desobstru\u00eddo em S\u00e3o Sebasti\u00e3o - Litoral SP","description":"O \u00faltimo ponto de interdi\u00e7\u00e3o total na rodovia Rio-Santos (SP-055), no trecho entre S\u00e3o Sebasti\u00e3o foi reestabelecido afirmou Departamento de Tr\u00e1fego (DETRAF).","robots":{"index":"index","follow":"follow","max-snippet":"max-snippet:-1","max-image-preview":"max-image-preview:large","max-video-preview":"max-video-preview:-1"},"canonical":"https:\/\/redenoticiaz.com.br\/litoralsp\/2023\/02\/23\/ultimo-ponto-da-rodovia-rio-santos-e-desobstruido-em-sao-sebastiao","og_locale":"pt_BR","og_type":"article","og_title":"\u00daltimo ponto da Rodovia Rio-Santos \u00e9 desobstru\u00eddo em S\u00e3o Sebasti\u00e3o - Litoral SP","og_description":"O \u00faltimo ponto de interdi\u00e7\u00e3o total na rodovia Rio-Santos (SP-055), no trecho entre S\u00e3o Sebasti\u00e3o foi reestabelecido afirmou Departamento de Tr\u00e1fego (DETRAF).","og_url":"https:\/\/redenoticiaz.com.br\/litoralsp\/2023\/02\/23\/ultimo-ponto-da-rodovia-rio-santos-e-desobstruido-em-sao-sebastiao","og_site_name":"Litoral SP","article_published_time":"2023-02-23T15:58:49+00:00","og_image":[{"width":1440,"height":1080,"url":"https:\/\/redenoticiaz.com.br\/litoralsp\/wp-content\/uploads\/sites\/3\/2023\/02\/DSCN2956-scaled.jpg","type":"image\/jpeg"}],"author":"Gustavo Silva","twitter_card":"summary_large_image","twitter_misc":{"Escrito por":"Gustavo Silva","Est. tempo de leitura":"2 minutos"},"schema":{"@context":"https:\/\/schema.org","@graph":[{"@type":"Article","@id":"https:\/\/redenoticiaz.com.br\/litoralsp\/2023\/02\/23\/ultimo-ponto-da-rodovia-rio-santos-e-desobstruido-em-sao-sebastiao#article","isPartOf":{"@id":"https:\/\/redenoticiaz.com.br\/litoralsp\/2023\/02\/23\/ultimo-ponto-da-rodovia-rio-santos-e-desobstruido-em-sao-sebastiao"},"author":{"name":"Gustavo Silva","@id":"https:\/\/redenoticiaz.com.br\/litoralsp\/#\/schema\/person\/16057b37a3c0ee6b096d7f887c566e2e"},"headline":"\u00daltimo ponto da Rodovia Rio-Santos \u00e9 desobstru\u00eddo em S\u00e3o Sebasti\u00e3o","datePublished":"2023-02-23T15:58:49+00:00","mainEntityOfPage":{"@id":"https:\/\/redenoticiaz.com.br\/litoralsp\/2023\/02\/23\/ultimo-ponto-da-rodovia-rio-santos-e-desobstruido-em-sao-sebastiao"},"wordCount":278,"commentCount":0,"publisher":{"@id":"https:\/\/redenoticiaz.com.br\/litoralsp\/#organization"},"image":{"@id":"https:\/\/redenoticiaz.com.br\/litoralsp\/2023\/02\/23\/ultimo-ponto-da-rodovia-rio-santos-e-desobstruido-em-sao-sebastiao#primaryimage"},"thumbnailUrl":"https:\/\/redenoticiaz.com.br\/litoralsp\/wp-content\/uploads\/sites\/3\/2023\/02\/DSCN2956-scaled.jpg","keywords":["ESTRADAS","INTERDI\u00c7\u00c3O","RODOVIA","S\u00c3O SEBASTI\u00c3O"],"articleSection":["S\u00e3o Sebasti\u00e3o"],"inLanguage":"pt-BR","potentialAction":[{"@type":"CommentAction","name":"Comment","target":["https:\/\/redenoticiaz.com.br\/litoralsp\/2023\/02\/23\/ultimo-ponto-da-rodovia-rio-santos-e-desobstruido-em-sao-sebastiao#respond"]}]},{"@type":"WebPage","@id":"https:\/\/redenoticiaz.com.br\/litoralsp\/2023\/02\/23\/ultimo-ponto-da-rodovia-rio-santos-e-desobstruido-em-sao-sebastiao","url":"https:\/\/redenoticiaz.com.br\/litoralsp\/2023\/02\/23\/ultimo-ponto-da-rodovia-rio-santos-e-desobstruido-em-sao-sebastiao","name":"\u00daltimo ponto da Rodovia Rio-Santos \u00e9 desobstru\u00eddo em S\u00e3o Sebasti\u00e3o - Litoral SP","isPartOf":{"@id":"https:\/\/redenoticiaz.com.br\/litoralsp\/#website"},"primaryImageOfPage":{"@id":"https:\/\/redenoticiaz.com.br\/litoralsp\/2023\/02\/23\/ultimo-ponto-da-rodovia-rio-santos-e-desobstruido-em-sao-sebastiao#primaryimage"},"image":{"@id":"https:\/\/redenoticiaz.com.br\/litoralsp\/2023\/02\/23\/ultimo-ponto-da-rodovia-rio-santos-e-desobstruido-em-sao-sebastiao#primaryimage"},"thumbnailUrl":"https:\/\/redenoticiaz.com.br\/litoralsp\/wp-content\/uploads\/sites\/3\/2023\/02\/DSCN2956-scaled.jpg","datePublished":"2023-02-23T15:58:49+00:00","description":"O \u00faltimo ponto de interdi\u00e7\u00e3o total na rodovia Rio-Santos (SP-055), no trecho entre S\u00e3o Sebasti\u00e3o foi reestabelecido afirmou Departamento de Tr\u00e1fego (DETRAF).","inLanguage":"pt-BR","potentialAction":[{"@type":"ReadAction","target":["https:\/\/redenoticiaz.com.br\/litoralsp\/2023\/02\/23\/ultimo-ponto-da-rodovia-rio-santos-e-desobstruido-em-sao-sebastiao"]}]},{"@type":"ImageObject","inLanguage":"pt-BR","@id":"https:\/\/redenoticiaz.com.br\/litoralsp\/2023\/02\/23\/ultimo-ponto-da-rodovia-rio-santos-e-desobstruido-em-sao-sebastiao#primaryimage","url":"https:\/\/redenoticiaz.com.br\/litoralsp\/wp-content\/uploads\/sites\/3\/2023\/02\/DSCN2956-scaled.jpg","contentUrl":"https:\/\/redenoticiaz.com.br\/litoralsp\/wp-content\/uploads\/sites\/3\/2023\/02\/DSCN2956-scaled.jpg","width":1440,"height":1080,"caption":"\u00daltimo ponto da Rodovia Rio-Santos \u00e9 desobstru\u00eddo em S\u00e3o Sebasti\u00e3o"},{"@type":"WebSite","@id":"https:\/\/redenoticiaz.com.br\/litoralsp\/#website","url":"https:\/\/redenoticiaz.com.br\/litoralsp\/","name":"Litoral SP","description":"Rede NoticiaZ","publisher":{"@id":"https:\/\/redenoticiaz.com.br\/litoralsp\/#organization"},"potentialAction":[{"@type":"SearchAction","target":{"@type":"EntryPoint","urlTemplate":"https:\/\/redenoticiaz.com.br\/litoralsp\/?s={search_term_string}"},"query-input":{"@type":"PropertyValueSpecification","valueRequired":true,"valueName":"search_term_string"}}],"inLanguage":"pt-BR"},{"@type":"Organization","@id":"https:\/\/redenoticiaz.com.br\/litoralsp\/#organization","name":"Litoral SP","url":"https:\/\/redenoticiaz.com.br\/litoralsp\/","logo":{"@type":"ImageObject","inLanguage":"pt-BR","@id":"https:\/\/redenoticiaz.com.br\/litoralsp\/#\/schema\/logo\/image\/","url":"https:\/\/redenoticiaz.com.br\/litoralsp\/wp-content\/uploads\/sites\/3\/2020\/11\/logo.jpg","contentUrl":"https:\/\/redenoticiaz.com.br\/litoralsp\/wp-content\/uploads\/sites\/3\/2020\/11\/logo.jpg","width":400,"height":250,"caption":"Litoral SP"},"image":{"@id":"https:\/\/redenoticiaz.com.br\/litoralsp\/#\/schema\/logo\/image\/"}},{"@type":"Person","@id":"https:\/\/redenoticiaz.com.br\/litoralsp\/#\/schema\/person\/16057b37a3c0ee6b096d7f887c566e2e","name":"Gustavo Silva","image":{"@type":"ImageObject","inLanguage":"pt-BR","@id":"https:\/\/secure.gravatar.com\/avatar\/3ee4e82f93b26de0a7cf4ea5eb7893da637ed6bb0c9170c58065944c56e28a33?s=96&d=mm&r=g","url":"https:\/\/secure.gravatar.com\/avatar\/3ee4e82f93b26de0a7cf4ea5eb7893da637ed6bb0c9170c58065944c56e28a33?s=96&d=mm&r=g","contentUrl":"https:\/\/secure.gravatar.com\/avatar\/3ee4e82f93b26de0a7cf4ea5eb7893da637ed6bb0c9170c58065944c56e28a33?s=96&d=mm&r=g","caption":"Gustavo Silva"},"url":"https:\/\/redenoticiaz.com.br\/litoralsp\/author\/gustavosilva"}]}},"_links":{"self":[{"href":"https:\/\/redenoticiaz.com.br\/litoralsp\/wp-json\/wp\/v2\/posts\/101304","targetHints":{"allow":["GET"]}}],"collection":[{"href":"https:\/\/redenoticiaz.com.br\/litoralsp\/wp-json\/wp\/v2\/posts"}],"about":[{"href":"https:\/\/redenoticiaz.com.br\/litoralsp\/wp-json\/wp\/v2\/types\/post"}],"author":[{"embeddable":true,"href":"https:\/\/redenoticiaz.com.br\/litoralsp\/wp-json\/wp\/v2\/users\/12"}],"replies":[{"embeddable":true,"href":"https:\/\/redenoticiaz.com.br\/litoralsp\/wp-json\/wp\/v2\/comments?post=101304"}],"version-history":[{"count":1,"href":"https:\/\/redenoticiaz.com.br\/litoralsp\/wp-json\/wp\/v2\/posts\/101304\/revisions"}],"predecessor-version":[{"id":101306,"href":"https:\/\/redenoticiaz.com.br\/litoralsp\/wp-json\/wp\/v2\/posts\/101304\/revisions\/101306"}],"wp:featuredmedia":[{"embeddable":true,"href":"https:\/\/redenoticiaz.com.br\/litoralsp\/wp-json\/wp\/v2\/media\/101305"}],"wp:attachment":[{"href":"https:\/\/redenoticiaz.com.br\/litoralsp\/wp-json\/wp\/v2\/media?parent=101304"}],"wp:term":[{"taxonomy":"category","embeddable":true,"href":"https:\/\/redenoticiaz.com.br\/litoralsp\/wp-json\/wp\/v2\/categories?post=101304"},{"taxonomy":"post_tag","embeddable":true,"href":"https:\/\/redenoticiaz.com.br\/litoralsp\/wp-json\/wp\/v2\/tags?post=101304"}],"curies":[{"name":"wp","href":"https:\/\/api.w.org\/{rel}","templated":true}]}}