{"id":101388,"date":"2023-02-24T14:12:20","date_gmt":"2023-02-24T17:12:20","guid":{"rendered":"https:\/\/redenoticiaz.com.br\/litoralsp\/?p=101388"},"modified":"2023-02-24T14:12:20","modified_gmt":"2023-02-24T17:12:20","slug":"sistema-anchieta-imigrantes-registra-passagem-de-394-mil-veiculos-durante-carnaval","status":"publish","type":"post","link":"https:\/\/redenoticiaz.com.br\/litoralsp\/2023\/02\/24\/sistema-anchieta-imigrantes-registra-passagem-de-394-mil-veiculos-durante-carnaval","title":{"rendered":"Sistema Anchieta-Imigrantes registra passagem de 394 mil ve\u00edculos durante Carnaval"},"content":{"rendered":"<div id=\"chunk-7jrlq\">\n<div class=\"mc-column content-text active-extra-styles \" data-block-type=\"unstyled\" data-block-weight=\"41\" data-block-id=\"3\">\n<p data-track-category=\"Link no Texto\" data-track-links=\"\">O sistema Anchieta-Imigrantes registrou a passagem de 394 mil ve\u00edculos durante este Carnaval e a m\u00e9dia de ve\u00edculos di\u00e1rios chegaram a 65 mil por dia.<\/p>\n<p data-track-category=\"Link no Texto\" data-track-links=\"\">De acordo com as informa\u00e7\u00f5es, o fluxo ficou dentro do esperado para o tr\u00e1fego que era de 370 mil a 570 mil ve\u00edculos.<\/p>\n<p data-track-category=\"Link no Texto\" data-track-links=\"\">Ainda de acordo com as informa\u00e7\u00f5es, foram registrados 22 acidentes nas rodovias e um total de 28 feridos al\u00e9m de uma v\u00edtima fatal.<\/p>\n<p data-track-category=\"Link no Texto\" data-track-links=\"\">Sendo assim, a Ecovias ainda auxiliou 275 motoristas que precisaram de aux\u00edlio nas rodovias e 1373 panes mec\u00e2nicas foram registradas.<\/p>\n<p class=\"content-text__container \" data-track-category=\"Link no Texto\" data-track-links=\"\">Por fim, em virtude da trag\u00e9dia ocorrida no litoral norte durante este Carnaval, a Ecovias junto com a Ecopistas apoia o DER na desobstru\u00e7\u00e3o da Rio-Santos.<\/p>\n<p data-track-category=\"Link no Texto\" data-track-links=\"\"><strong>Leia mais<\/strong><\/p>\n<p data-track-category=\"Link no Texto\" data-track-links=\"\"><a href=\"https:\/\/redenoticiaz.com.br\/litoralsp\/2023\/02\/23\/litoral-registra-tres-mortes-por-afogamento-no-carnaval\">Litoral registra tr\u00eas mortes por afogamento no Carnaval<\/a><\/p>\n<\/div>\n<\/div>\n","protected":false},"excerpt":{"rendered":"<p>O sistema Anchieta-Imigrantes registrou a passagem de 394 mil ve\u00edculos durante este Carnaval e a m\u00e9dia de ve\u00edculos di\u00e1rios chegaram a 65 mil por dia. De acordo com as informa\u00e7\u00f5es, o fluxo ficou dentro do esperado para o tr\u00e1fego que era de 370 mil a 570 mil ve\u00edculos. Ainda de acordo com as informa\u00e7\u00f5es, foram &hellip;<\/p>\n","protected":false},"author":12,"featured_media":101389,"comment_status":"open","ping_status":"closed","sticky":false,"template":"","format":"standard","meta":{"footnotes":""},"categories":[186,187,183,188],"tags":[115,10252,1480,32836],"class_list":["post-101388","post","type-post","status-publish","format-standard","has-post-thumbnail","hentry","category-cubatao","category-guaruja","category-mongagua","category-sao-sebastiao","tag-acidentes","tag-carnaval","tag-ecovias","tag-estradas"],"yoast_head":"<!-- This site is optimized with the Yoast SEO plugin v27.5 - https:\/\/yoast.com\/product\/yoast-seo-wordpress\/ -->\n<title>Sistema Anchieta-Imigrantes registra passagem de 394 mil ve\u00edculos durante Carnaval - Litoral SP<\/title>\n<meta name=\"description\" content=\"O sistema Anchieta-Imigrantes registrou a passagem de 394 mil ve\u00edculos durante este Carnaval e a m\u00e9dia de ve\u00edculos di\u00e1rios chegaram a 65 mil por dia.\" \/>\n<meta name=\"robots\" content=\"index, follow, max-snippet:-1, max-image-preview:large, max-video-preview:-1\" \/>\n<link rel=\"canonical\" href=\"https:\/\/redenoticiaz.com.br\/litoralsp\/2023\/02\/24\/sistema-anchieta-imigrantes-registra-passagem-de-394-mil-veiculos-durante-carnaval\" \/>\n<meta property=\"og:locale\" content=\"pt_BR\" \/>\n<meta property=\"og:type\" content=\"article\" \/>\n<meta property=\"og:title\" content=\"Sistema Anchieta-Imigrantes registra passagem de 394 mil ve\u00edculos durante Carnaval - Litoral SP\" \/>\n<meta property=\"og:description\" content=\"O sistema Anchieta-Imigrantes registrou a passagem de 394 mil ve\u00edculos durante este Carnaval e a m\u00e9dia de ve\u00edculos di\u00e1rios chegaram a 65 mil por dia.\" \/>\n<meta property=\"og:url\" content=\"https:\/\/redenoticiaz.com.br\/litoralsp\/2023\/02\/24\/sistema-anchieta-imigrantes-registra-passagem-de-394-mil-veiculos-durante-carnaval\" \/>\n<meta property=\"og:site_name\" content=\"Litoral SP\" \/>\n<meta property=\"article:published_time\" content=\"2023-02-24T17:12:20+00:00\" \/>\n<meta property=\"og:image\" content=\"https:\/\/redenoticiaz.com.br\/litoralsp\/wp-content\/uploads\/sites\/3\/2023\/02\/fpfim30wcaicvnk.jpg\" \/>\n\t<meta property=\"og:image:width\" content=\"984\" \/>\n\t<meta property=\"og:image:height\" content=\"554\" \/>\n\t<meta property=\"og:image:type\" content=\"image\/jpeg\" \/>\n<meta name=\"author\" content=\"Gustavo Silva\" \/>\n<meta name=\"twitter:card\" content=\"summary_large_image\" \/>\n<meta name=\"twitter:label1\" content=\"Escrito por\" \/>\n\t<meta name=\"twitter:data1\" content=\"Gustavo Silva\" \/>\n\t<meta name=\"twitter:label2\" content=\"Est. tempo de leitura\" \/>\n\t<meta name=\"twitter:data2\" content=\"1 minuto\" \/>\n<script type=\"application\/ld+json\" class=\"yoast-schema-graph\">{\"@context\":\"https:\\\/\\\/schema.org\",\"@graph\":[{\"@type\":\"Article\",\"@id\":\"https:\\\/\\\/redenoticiaz.com.br\\\/litoralsp\\\/2023\\\/02\\\/24\\\/sistema-anchieta-imigrantes-registra-passagem-de-394-mil-veiculos-durante-carnaval#article\",\"isPartOf\":{\"@id\":\"https:\\\/\\\/redenoticiaz.com.br\\\/litoralsp\\\/2023\\\/02\\\/24\\\/sistema-anchieta-imigrantes-registra-passagem-de-394-mil-veiculos-durante-carnaval\"},\"author\":{\"name\":\"Gustavo Silva\",\"@id\":\"https:\\\/\\\/redenoticiaz.com.br\\\/litoralsp\\\/#\\\/schema\\\/person\\\/16057b37a3c0ee6b096d7f887c566e2e\"},\"headline\":\"Sistema Anchieta-Imigrantes registra passagem de 394 mil ve\u00edculos durante Carnaval\",\"datePublished\":\"2023-02-24T17:12:20+00:00\",\"mainEntityOfPage\":{\"@id\":\"https:\\\/\\\/redenoticiaz.com.br\\\/litoralsp\\\/2023\\\/02\\\/24\\\/sistema-anchieta-imigrantes-registra-passagem-de-394-mil-veiculos-durante-carnaval\"},\"wordCount\":144,\"commentCount\":0,\"publisher\":{\"@id\":\"https:\\\/\\\/redenoticiaz.com.br\\\/litoralsp\\\/#organization\"},\"image\":{\"@id\":\"https:\\\/\\\/redenoticiaz.com.br\\\/litoralsp\\\/2023\\\/02\\\/24\\\/sistema-anchieta-imigrantes-registra-passagem-de-394-mil-veiculos-durante-carnaval#primaryimage\"},\"thumbnailUrl\":\"https:\\\/\\\/redenoticiaz.com.br\\\/litoralsp\\\/wp-content\\\/uploads\\\/sites\\\/3\\\/2023\\\/02\\\/fpfim30wcaicvnk.jpg\",\"keywords\":[\"ACIDENTES\",\"CARNAVAL\",\"ECOVIAS\",\"ESTRADAS\"],\"articleSection\":[\"Cubat\u00e3o\",\"Guaruj\u00e1\",\"Mongagu\u00e1\",\"S\u00e3o Sebasti\u00e3o\"],\"inLanguage\":\"pt-BR\",\"potentialAction\":[{\"@type\":\"CommentAction\",\"name\":\"Comment\",\"target\":[\"https:\\\/\\\/redenoticiaz.com.br\\\/litoralsp\\\/2023\\\/02\\\/24\\\/sistema-anchieta-imigrantes-registra-passagem-de-394-mil-veiculos-durante-carnaval#respond\"]}]},{\"@type\":\"WebPage\",\"@id\":\"https:\\\/\\\/redenoticiaz.com.br\\\/litoralsp\\\/2023\\\/02\\\/24\\\/sistema-anchieta-imigrantes-registra-passagem-de-394-mil-veiculos-durante-carnaval\",\"url\":\"https:\\\/\\\/redenoticiaz.com.br\\\/litoralsp\\\/2023\\\/02\\\/24\\\/sistema-anchieta-imigrantes-registra-passagem-de-394-mil-veiculos-durante-carnaval\",\"name\":\"Sistema Anchieta-Imigrantes registra passagem de 394 mil ve\u00edculos durante Carnaval - Litoral SP\",\"isPartOf\":{\"@id\":\"https:\\\/\\\/redenoticiaz.com.br\\\/litoralsp\\\/#website\"},\"primaryImageOfPage\":{\"@id\":\"https:\\\/\\\/redenoticiaz.com.br\\\/litoralsp\\\/2023\\\/02\\\/24\\\/sistema-anchieta-imigrantes-registra-passagem-de-394-mil-veiculos-durante-carnaval#primaryimage\"},\"image\":{\"@id\":\"https:\\\/\\\/redenoticiaz.com.br\\\/litoralsp\\\/2023\\\/02\\\/24\\\/sistema-anchieta-imigrantes-registra-passagem-de-394-mil-veiculos-durante-carnaval#primaryimage\"},\"thumbnailUrl\":\"https:\\\/\\\/redenoticiaz.com.br\\\/litoralsp\\\/wp-content\\\/uploads\\\/sites\\\/3\\\/2023\\\/02\\\/fpfim30wcaicvnk.jpg\",\"datePublished\":\"2023-02-24T17:12:20+00:00\",\"description\":\"O sistema Anchieta-Imigrantes registrou a passagem de 394 mil ve\u00edculos durante este Carnaval e a m\u00e9dia de ve\u00edculos di\u00e1rios chegaram a 65 mil por dia.\",\"inLanguage\":\"pt-BR\",\"potentialAction\":[{\"@type\":\"ReadAction\",\"target\":[\"https:\\\/\\\/redenoticiaz.com.br\\\/litoralsp\\\/2023\\\/02\\\/24\\\/sistema-anchieta-imigrantes-registra-passagem-de-394-mil-veiculos-durante-carnaval\"]}]},{\"@type\":\"ImageObject\",\"inLanguage\":\"pt-BR\",\"@id\":\"https:\\\/\\\/redenoticiaz.com.br\\\/litoralsp\\\/2023\\\/02\\\/24\\\/sistema-anchieta-imigrantes-registra-passagem-de-394-mil-veiculos-durante-carnaval#primaryimage\",\"url\":\"https:\\\/\\\/redenoticiaz.com.br\\\/litoralsp\\\/wp-content\\\/uploads\\\/sites\\\/3\\\/2023\\\/02\\\/fpfim30wcaicvnk.jpg\",\"contentUrl\":\"https:\\\/\\\/redenoticiaz.com.br\\\/litoralsp\\\/wp-content\\\/uploads\\\/sites\\\/3\\\/2023\\\/02\\\/fpfim30wcaicvnk.jpg\",\"width\":984,\"height\":554,\"caption\":\"Sistema Anchieta-Imigrantes registra passagem de 394 mil ve\u00edculos durante Carnaval\"},{\"@type\":\"WebSite\",\"@id\":\"https:\\\/\\\/redenoticiaz.com.br\\\/litoralsp\\\/#website\",\"url\":\"https:\\\/\\\/redenoticiaz.com.br\\\/litoralsp\\\/\",\"name\":\"Litoral SP\",\"description\":\"Rede NoticiaZ\",\"publisher\":{\"@id\":\"https:\\\/\\\/redenoticiaz.com.br\\\/litoralsp\\\/#organization\"},\"potentialAction\":[{\"@type\":\"SearchAction\",\"target\":{\"@type\":\"EntryPoint\",\"urlTemplate\":\"https:\\\/\\\/redenoticiaz.com.br\\\/litoralsp\\\/?s={search_term_string}\"},\"query-input\":{\"@type\":\"PropertyValueSpecification\",\"valueRequired\":true,\"valueName\":\"search_term_string\"}}],\"inLanguage\":\"pt-BR\"},{\"@type\":\"Organization\",\"@id\":\"https:\\\/\\\/redenoticiaz.com.br\\\/litoralsp\\\/#organization\",\"name\":\"Litoral SP\",\"url\":\"https:\\\/\\\/redenoticiaz.com.br\\\/litoralsp\\\/\",\"logo\":{\"@type\":\"ImageObject\",\"inLanguage\":\"pt-BR\",\"@id\":\"https:\\\/\\\/redenoticiaz.com.br\\\/litoralsp\\\/#\\\/schema\\\/logo\\\/image\\\/\",\"url\":\"https:\\\/\\\/redenoticiaz.com.br\\\/litoralsp\\\/wp-content\\\/uploads\\\/sites\\\/3\\\/2020\\\/11\\\/logo.jpg\",\"contentUrl\":\"https:\\\/\\\/redenoticiaz.com.br\\\/litoralsp\\\/wp-content\\\/uploads\\\/sites\\\/3\\\/2020\\\/11\\\/logo.jpg\",\"width\":400,\"height\":250,\"caption\":\"Litoral SP\"},\"image\":{\"@id\":\"https:\\\/\\\/redenoticiaz.com.br\\\/litoralsp\\\/#\\\/schema\\\/logo\\\/image\\\/\"}},{\"@type\":\"Person\",\"@id\":\"https:\\\/\\\/redenoticiaz.com.br\\\/litoralsp\\\/#\\\/schema\\\/person\\\/16057b37a3c0ee6b096d7f887c566e2e\",\"name\":\"Gustavo Silva\",\"image\":{\"@type\":\"ImageObject\",\"inLanguage\":\"pt-BR\",\"@id\":\"https:\\\/\\\/secure.gravatar.com\\\/avatar\\\/3ee4e82f93b26de0a7cf4ea5eb7893da637ed6bb0c9170c58065944c56e28a33?s=96&d=mm&r=g\",\"url\":\"https:\\\/\\\/secure.gravatar.com\\\/avatar\\\/3ee4e82f93b26de0a7cf4ea5eb7893da637ed6bb0c9170c58065944c56e28a33?s=96&d=mm&r=g\",\"contentUrl\":\"https:\\\/\\\/secure.gravatar.com\\\/avatar\\\/3ee4e82f93b26de0a7cf4ea5eb7893da637ed6bb0c9170c58065944c56e28a33?s=96&d=mm&r=g\",\"caption\":\"Gustavo Silva\"},\"url\":\"https:\\\/\\\/redenoticiaz.com.br\\\/litoralsp\\\/author\\\/gustavosilva\"}]}<\/script>\n<!-- \/ Yoast SEO plugin. -->","yoast_head_json":{"title":"Sistema Anchieta-Imigrantes registra passagem de 394 mil ve\u00edculos durante Carnaval - Litoral SP","description":"O sistema Anchieta-Imigrantes registrou a passagem de 394 mil ve\u00edculos durante este Carnaval e a m\u00e9dia de ve\u00edculos di\u00e1rios chegaram a 65 mil por dia.","robots":{"index":"index","follow":"follow","max-snippet":"max-snippet:-1","max-image-preview":"max-image-preview:large","max-video-preview":"max-video-preview:-1"},"canonical":"https:\/\/redenoticiaz.com.br\/litoralsp\/2023\/02\/24\/sistema-anchieta-imigrantes-registra-passagem-de-394-mil-veiculos-durante-carnaval","og_locale":"pt_BR","og_type":"article","og_title":"Sistema Anchieta-Imigrantes registra passagem de 394 mil ve\u00edculos durante Carnaval - Litoral SP","og_description":"O sistema Anchieta-Imigrantes registrou a passagem de 394 mil ve\u00edculos durante este Carnaval e a m\u00e9dia de ve\u00edculos di\u00e1rios chegaram a 65 mil por dia.","og_url":"https:\/\/redenoticiaz.com.br\/litoralsp\/2023\/02\/24\/sistema-anchieta-imigrantes-registra-passagem-de-394-mil-veiculos-durante-carnaval","og_site_name":"Litoral SP","article_published_time":"2023-02-24T17:12:20+00:00","og_image":[{"width":984,"height":554,"url":"https:\/\/redenoticiaz.com.br\/litoralsp\/wp-content\/uploads\/sites\/3\/2023\/02\/fpfim30wcaicvnk.jpg","type":"image\/jpeg"}],"author":"Gustavo Silva","twitter_card":"summary_large_image","twitter_misc":{"Escrito por":"Gustavo Silva","Est. tempo de leitura":"1 minuto"},"schema":{"@context":"https:\/\/schema.org","@graph":[{"@type":"Article","@id":"https:\/\/redenoticiaz.com.br\/litoralsp\/2023\/02\/24\/sistema-anchieta-imigrantes-registra-passagem-de-394-mil-veiculos-durante-carnaval#article","isPartOf":{"@id":"https:\/\/redenoticiaz.com.br\/litoralsp\/2023\/02\/24\/sistema-anchieta-imigrantes-registra-passagem-de-394-mil-veiculos-durante-carnaval"},"author":{"name":"Gustavo Silva","@id":"https:\/\/redenoticiaz.com.br\/litoralsp\/#\/schema\/person\/16057b37a3c0ee6b096d7f887c566e2e"},"headline":"Sistema Anchieta-Imigrantes registra passagem de 394 mil ve\u00edculos durante Carnaval","datePublished":"2023-02-24T17:12:20+00:00","mainEntityOfPage":{"@id":"https:\/\/redenoticiaz.com.br\/litoralsp\/2023\/02\/24\/sistema-anchieta-imigrantes-registra-passagem-de-394-mil-veiculos-durante-carnaval"},"wordCount":144,"commentCount":0,"publisher":{"@id":"https:\/\/redenoticiaz.com.br\/litoralsp\/#organization"},"image":{"@id":"https:\/\/redenoticiaz.com.br\/litoralsp\/2023\/02\/24\/sistema-anchieta-imigrantes-registra-passagem-de-394-mil-veiculos-durante-carnaval#primaryimage"},"thumbnailUrl":"https:\/\/redenoticiaz.com.br\/litoralsp\/wp-content\/uploads\/sites\/3\/2023\/02\/fpfim30wcaicvnk.jpg","keywords":["ACIDENTES","CARNAVAL","ECOVIAS","ESTRADAS"],"articleSection":["Cubat\u00e3o","Guaruj\u00e1","Mongagu\u00e1","S\u00e3o Sebasti\u00e3o"],"inLanguage":"pt-BR","potentialAction":[{"@type":"CommentAction","name":"Comment","target":["https:\/\/redenoticiaz.com.br\/litoralsp\/2023\/02\/24\/sistema-anchieta-imigrantes-registra-passagem-de-394-mil-veiculos-durante-carnaval#respond"]}]},{"@type":"WebPage","@id":"https:\/\/redenoticiaz.com.br\/litoralsp\/2023\/02\/24\/sistema-anchieta-imigrantes-registra-passagem-de-394-mil-veiculos-durante-carnaval","url":"https:\/\/redenoticiaz.com.br\/litoralsp\/2023\/02\/24\/sistema-anchieta-imigrantes-registra-passagem-de-394-mil-veiculos-durante-carnaval","name":"Sistema Anchieta-Imigrantes registra passagem de 394 mil ve\u00edculos durante Carnaval - Litoral SP","isPartOf":{"@id":"https:\/\/redenoticiaz.com.br\/litoralsp\/#website"},"primaryImageOfPage":{"@id":"https:\/\/redenoticiaz.com.br\/litoralsp\/2023\/02\/24\/sistema-anchieta-imigrantes-registra-passagem-de-394-mil-veiculos-durante-carnaval#primaryimage"},"image":{"@id":"https:\/\/redenoticiaz.com.br\/litoralsp\/2023\/02\/24\/sistema-anchieta-imigrantes-registra-passagem-de-394-mil-veiculos-durante-carnaval#primaryimage"},"thumbnailUrl":"https:\/\/redenoticiaz.com.br\/litoralsp\/wp-content\/uploads\/sites\/3\/2023\/02\/fpfim30wcaicvnk.jpg","datePublished":"2023-02-24T17:12:20+00:00","description":"O sistema Anchieta-Imigrantes registrou a passagem de 394 mil ve\u00edculos durante este Carnaval e a m\u00e9dia de ve\u00edculos di\u00e1rios chegaram a 65 mil por dia.","inLanguage":"pt-BR","potentialAction":[{"@type":"ReadAction","target":["https:\/\/redenoticiaz.com.br\/litoralsp\/2023\/02\/24\/sistema-anchieta-imigrantes-registra-passagem-de-394-mil-veiculos-durante-carnaval"]}]},{"@type":"ImageObject","inLanguage":"pt-BR","@id":"https:\/\/redenoticiaz.com.br\/litoralsp\/2023\/02\/24\/sistema-anchieta-imigrantes-registra-passagem-de-394-mil-veiculos-durante-carnaval#primaryimage","url":"https:\/\/redenoticiaz.com.br\/litoralsp\/wp-content\/uploads\/sites\/3\/2023\/02\/fpfim30wcaicvnk.jpg","contentUrl":"https:\/\/redenoticiaz.com.br\/litoralsp\/wp-content\/uploads\/sites\/3\/2023\/02\/fpfim30wcaicvnk.jpg","width":984,"height":554,"caption":"Sistema Anchieta-Imigrantes registra passagem de 394 mil ve\u00edculos durante Carnaval"},{"@type":"WebSite","@id":"https:\/\/redenoticiaz.com.br\/litoralsp\/#website","url":"https:\/\/redenoticiaz.com.br\/litoralsp\/","name":"Litoral SP","description":"Rede NoticiaZ","publisher":{"@id":"https:\/\/redenoticiaz.com.br\/litoralsp\/#organization"},"potentialAction":[{"@type":"SearchAction","target":{"@type":"EntryPoint","urlTemplate":"https:\/\/redenoticiaz.com.br\/litoralsp\/?s={search_term_string}"},"query-input":{"@type":"PropertyValueSpecification","valueRequired":true,"valueName":"search_term_string"}}],"inLanguage":"pt-BR"},{"@type":"Organization","@id":"https:\/\/redenoticiaz.com.br\/litoralsp\/#organization","name":"Litoral SP","url":"https:\/\/redenoticiaz.com.br\/litoralsp\/","logo":{"@type":"ImageObject","inLanguage":"pt-BR","@id":"https:\/\/redenoticiaz.com.br\/litoralsp\/#\/schema\/logo\/image\/","url":"https:\/\/redenoticiaz.com.br\/litoralsp\/wp-content\/uploads\/sites\/3\/2020\/11\/logo.jpg","contentUrl":"https:\/\/redenoticiaz.com.br\/litoralsp\/wp-content\/uploads\/sites\/3\/2020\/11\/logo.jpg","width":400,"height":250,"caption":"Litoral SP"},"image":{"@id":"https:\/\/redenoticiaz.com.br\/litoralsp\/#\/schema\/logo\/image\/"}},{"@type":"Person","@id":"https:\/\/redenoticiaz.com.br\/litoralsp\/#\/schema\/person\/16057b37a3c0ee6b096d7f887c566e2e","name":"Gustavo Silva","image":{"@type":"ImageObject","inLanguage":"pt-BR","@id":"https:\/\/secure.gravatar.com\/avatar\/3ee4e82f93b26de0a7cf4ea5eb7893da637ed6bb0c9170c58065944c56e28a33?s=96&d=mm&r=g","url":"https:\/\/secure.gravatar.com\/avatar\/3ee4e82f93b26de0a7cf4ea5eb7893da637ed6bb0c9170c58065944c56e28a33?s=96&d=mm&r=g","contentUrl":"https:\/\/secure.gravatar.com\/avatar\/3ee4e82f93b26de0a7cf4ea5eb7893da637ed6bb0c9170c58065944c56e28a33?s=96&d=mm&r=g","caption":"Gustavo Silva"},"url":"https:\/\/redenoticiaz.com.br\/litoralsp\/author\/gustavosilva"}]}},"_links":{"self":[{"href":"https:\/\/redenoticiaz.com.br\/litoralsp\/wp-json\/wp\/v2\/posts\/101388","targetHints":{"allow":["GET"]}}],"collection":[{"href":"https:\/\/redenoticiaz.com.br\/litoralsp\/wp-json\/wp\/v2\/posts"}],"about":[{"href":"https:\/\/redenoticiaz.com.br\/litoralsp\/wp-json\/wp\/v2\/types\/post"}],"author":[{"embeddable":true,"href":"https:\/\/redenoticiaz.com.br\/litoralsp\/wp-json\/wp\/v2\/users\/12"}],"replies":[{"embeddable":true,"href":"https:\/\/redenoticiaz.com.br\/litoralsp\/wp-json\/wp\/v2\/comments?post=101388"}],"version-history":[{"count":1,"href":"https:\/\/redenoticiaz.com.br\/litoralsp\/wp-json\/wp\/v2\/posts\/101388\/revisions"}],"predecessor-version":[{"id":101390,"href":"https:\/\/redenoticiaz.com.br\/litoralsp\/wp-json\/wp\/v2\/posts\/101388\/revisions\/101390"}],"wp:featuredmedia":[{"embeddable":true,"href":"https:\/\/redenoticiaz.com.br\/litoralsp\/wp-json\/wp\/v2\/media\/101389"}],"wp:attachment":[{"href":"https:\/\/redenoticiaz.com.br\/litoralsp\/wp-json\/wp\/v2\/media?parent=101388"}],"wp:term":[{"taxonomy":"category","embeddable":true,"href":"https:\/\/redenoticiaz.com.br\/litoralsp\/wp-json\/wp\/v2\/categories?post=101388"},{"taxonomy":"post_tag","embeddable":true,"href":"https:\/\/redenoticiaz.com.br\/litoralsp\/wp-json\/wp\/v2\/tags?post=101388"}],"curies":[{"name":"wp","href":"https:\/\/api.w.org\/{rel}","templated":true}]}}