{"id":101437,"date":"2023-02-25T12:21:10","date_gmt":"2023-02-25T15:21:10","guid":{"rendered":"https:\/\/redenoticiaz.com.br\/litoralsp\/?p=101437"},"modified":"2023-02-25T12:21:46","modified_gmt":"2023-02-25T15:21:46","slug":"sobe-para-57-o-numero-de-mortos-no-litoral-norte-e-vice-presidente-geraldo-alckmin-acompanha-os-trabalhos","status":"publish","type":"post","link":"https:\/\/redenoticiaz.com.br\/litoralsp\/2023\/02\/25\/sobe-para-57-o-numero-de-mortos-no-litoral-norte-e-vice-presidente-geraldo-alckmin-acompanha-os-trabalhos","title":{"rendered":"Sobe para 57 o n\u00famero de mortos no Litoral Norte e vice-presidente Geraldo Alckmin acompanha os trabalhos"},"content":{"rendered":"<div class=\"post-item-wrap\">\n<p><strong>Subiu para 57, o n\u00famero de mortos<\/strong> pelas fortes chuvas que atingiram o Litoral Norte de S\u00e3o Paulo. As buscas pelas demais v\u00edtimas de desaparecidos continuam e neste s\u00e1bado (25), o vice-presidente da Rep\u00fablica, Geraldo Alckmin (PSB) veio \u00e0 S\u00e3o Sebasti\u00e3o acompanhar os trabalhos.<\/p>\n<p>De acordo com o Governo de S\u00e3o Paulo, das 57 mortes, 56 foram em S\u00e3o Sebasti\u00e3o e uma em Ubatuba. At\u00e9 o momento foram identificados 47 corpos e liberados para o sepultamento: 16 homens adultos, 16 mulheres adultas e 15 crian\u00e7as.<img decoding=\"async\" src=\"https:\/\/agenciabrasil.ebc.com.br\/ebc.png?id=1512761&amp;o=node\" \/><img decoding=\"async\" src=\"https:\/\/agenciabrasil.ebc.com.br\/ebc.gif?id=1512761&amp;o=node\" \/><\/p>\n<p>J\u00e1 a Secretaria de Estado da Sa\u00fade informa que h\u00e1 15 pessoas internadas no Hospital Regional do Litoral Norte (HRLN), em Caraguatatuba. O estado de sa\u00fade delas \u00e9 est\u00e1vel. No total, 21 adultos e seis crian\u00e7as foram atendidos no local, sendo que oito delas receberam alta hospitalar. O governo tamb\u00e9m contabiliza 2.251 desalojados e 1.815 desabrigados na regi\u00e3o do litoral norte de S\u00e3o Paulo.<\/p>\n<p>Na sexta-feira (24), o governador Tarc\u00edsio de Freitas (Republicanos visitou a reserva ind\u00edgena Rio Silveira, em S\u00e3o Sebasti\u00e3o, na praia de Boraceia, \u00e1rea que tamb\u00e9m foi afetada pelos temporais.<\/p>\n<p>\u201cVisitamos essa reserva ind\u00edgena para prestar a nossa solidariedade e verificar se os mantimentos est\u00e3o chegando. Vamos trabalhar na constru\u00e7\u00e3o de uma nova ponte de concreto, reformar os pr\u00e9dios e levar equipamentos para refor\u00e7ar o trabalho da comunidade. Continuaremos prestando todo o aux\u00edlio aos povos origin\u00e1rios de Boraceia e do estado\u201d, afirmou Tarc\u00edsio.<\/p>\n<h3>Geraldo Alckmin<\/h3>\n<p>O vice-presidente da Rep\u00fablica, Geraldo Alckmin, desembarcou no s\u00e1bado (25) em S\u00e3o Sebasti\u00e3o. Ele veio \u00e0 cidade do Litoral Norte de S\u00e3o Paulo para ver as \u00e1reas atingidas pelo temporal que devastou a cidade no \u00faltimo domingo (19), al\u00e9m de visitar os locais de assist\u00eancia \u00e0s v\u00edtimas.<\/p>\n<div id=\"chunk-9cpec\">\n<div class=\"mc-column content-text active-extra-styles \" data-block-type=\"unstyled\" data-block-weight=\"33\" data-block-id=\"9\">\n<p class=\"content-text__container \" data-track-category=\"Link no Texto\" data-track-links=\"\">Alckmin tamb\u00e9m visitar\u00e1 o navio-aer\u00f3dromo multipr\u00f3posito Atl\u00e2ntico, da Marinha, que est\u00e1 ancorado no cais de S\u00e3o Sebasti\u00e3o. A embarca\u00e7\u00e3o vem prestando assist\u00eancia humanit\u00e1ria na regi\u00e3o, al\u00e9m de ajudar nas a\u00e7\u00f5es da Defesa Civil.<\/p>\n<\/div>\n<\/div>\n<div id=\"chunk-c0msv\">\n<div class=\"mc-column content-text active-extra-styles \" data-block-type=\"unstyled\" data-block-weight=\"34\" data-block-id=\"10\">\n<p class=\"content-text__container \" data-track-category=\"Link no Texto\" data-track-links=\"\">O vice-presidente participa de reuni\u00e3o de trabalho organizada pelo prefeito de S\u00e3o Sebasti\u00e3o, Felipe Augusto (PSDB), no teatro da cidade. A ministra da Igualdade Racial, Anielle Franco, tamb\u00e9m participa desse encontro. Ele tamb\u00e9m far\u00e1 um sobrevoo das \u00e1reas atingidas, acompanhado do prefeito Felipe Augusto e outras autoridades.<\/p>\n<\/div>\n<\/div>\n<h3>Minist\u00e9rio P\u00fablico<\/h3>\n<p>O Minist\u00e9rio P\u00fablico Federal (MPF) informou\u00a0hoje\u00a0que instaurou procedimento administrativo para acompanhar as provid\u00eancias da Uni\u00e3o e do munic\u00edpio de S\u00e3o Sebasti\u00e3o (SP) para garantir o direito \u00e0 moradia das v\u00edtimas e das fam\u00edlias que ainda estejam em \u00e1rea de risco.<\/p>\n<p>\u201cH\u00e1 grande n\u00famero de pessoas desabrigadas e outras que ainda vivem em \u00e1reas de risco, cujo direito \u00e0 moradia digna deve ser garantido\u201d, destacou a procuradora da Rep\u00fablica em Caraguatatuba Maria Rezende Capucci.<\/p>\n<h3>Desapropria\u00e7\u00e3o<\/h3>\n<p>O governador Tarc\u00edsio de Freitas assinou nesta\u00a0sexta-feira\u00a0um decreto declarando de utilidade p\u00fablica um terreno particular, de 10 mil metros quadrados, na Barra do Sahy, em S\u00e3o Sebasti\u00e3o. O local foi um dos que mais sofreu danos em raz\u00e3o das fortes chuvas do \u00faltimo\u00a0domingo. O decreto ser\u00e1 publicado na edi\u00e7\u00e3o deste s\u00e1bado no Di\u00e1rio Oficial do Estado.<\/p>\n<p>A medida tamb\u00e9m autoriza a Companhia de Desenvolvimento Habitacional e Urbano (CDHU) a fazer a desapropria\u00e7\u00e3o do terreno para constru\u00e7\u00e3o de casas para moradores das \u00e1reas afetadas.<\/p>\n<p><strong>LEIA TAMB\u00c9M<\/strong><\/p>\n<p><a href=\"https:\/\/redenoticiaz.com.br\/litoralsp\/2023\/02\/24\/policia-ambiental-resgata-familia-ilhadas-em-sao-sebastiao\">Pol\u00edcia Ambiental resgata fam\u00edlias ilhadas em S\u00e3o Sebasti\u00e3o<\/a><\/p>\n<\/div>\n","protected":false},"excerpt":{"rendered":"<p>Subiu para 57, o n\u00famero de mortos pelas fortes chuvas que atingiram o Litoral Norte de S\u00e3o Paulo. As buscas pelas demais v\u00edtimas de desaparecidos continuam e neste s\u00e1bado (25), o vice-presidente da Rep\u00fablica, Geraldo Alckmin (PSB) veio \u00e0 S\u00e3o Sebasti\u00e3o acompanhar os trabalhos. De acordo com o Governo de S\u00e3o Paulo, das 57 mortes, &hellip;<\/p>\n","protected":false},"author":6,"featured_media":101438,"comment_status":"open","ping_status":"closed","sticky":false,"template":"","format":"standard","meta":{"footnotes":""},"categories":[26798,188],"tags":[63585,7416,6496,3707,63586,35276],"class_list":["post-101437","post","type-post","status-publish","format-standard","has-post-thumbnail","hentry","category-climatologia","category-sao-sebastiao","tag-57-mortos","tag-fortes-chuvas","tag-litoral-norte","tag-sao-sebastiao","tag-vice-presidente-geraldo-alckmin","tag-vistoria"],"yoast_head":"<!-- This site is optimized with the Yoast SEO plugin v27.4 - https:\/\/yoast.com\/product\/yoast-seo-wordpress\/ -->\n<title>Sobe para 57 o n\u00famero de mortos no Litoral Norte e vice-presidente Geraldo Alckmin acompanha os trabalhos - Litoral SP<\/title>\n<meta name=\"description\" content=\"pelas demais v\u00edtimas de desaparecidos continuam e neste s\u00e1bado (25), o vice-presidente da Rep\u00fablica, Geraldo Alckmin (PSB) veio\" \/>\n<meta name=\"robots\" content=\"index, follow, max-snippet:-1, max-image-preview:large, max-video-preview:-1\" \/>\n<link rel=\"canonical\" href=\"https:\/\/redenoticiaz.com.br\/litoralsp\/2023\/02\/25\/sobe-para-57-o-numero-de-mortos-no-litoral-norte-e-vice-presidente-geraldo-alckmin-acompanha-os-trabalhos\" \/>\n<meta property=\"og:locale\" content=\"pt_BR\" \/>\n<meta property=\"og:type\" content=\"article\" \/>\n<meta property=\"og:title\" content=\"Sobe para 57 o n\u00famero de mortos no Litoral Norte e vice-presidente Geraldo Alckmin acompanha os trabalhos - Litoral SP\" \/>\n<meta property=\"og:description\" content=\"pelas demais v\u00edtimas de desaparecidos continuam e neste s\u00e1bado (25), o vice-presidente da Rep\u00fablica, Geraldo Alckmin (PSB) veio\" \/>\n<meta property=\"og:url\" content=\"https:\/\/redenoticiaz.com.br\/litoralsp\/2023\/02\/25\/sobe-para-57-o-numero-de-mortos-no-litoral-norte-e-vice-presidente-geraldo-alckmin-acompanha-os-trabalhos\" \/>\n<meta property=\"og:site_name\" content=\"Litoral SP\" \/>\n<meta property=\"article:published_time\" content=\"2023-02-25T15:21:10+00:00\" \/>\n<meta property=\"article:modified_time\" content=\"2023-02-25T15:21:46+00:00\" \/>\n<meta property=\"og:image\" content=\"https:\/\/redenoticiaz.com.br\/litoralsp\/wp-content\/uploads\/sites\/3\/2023\/02\/TRABALHOS-BUSCAS.jpg\" \/>\n\t<meta property=\"og:image:width\" content=\"566\" \/>\n\t<meta property=\"og:image:height\" content=\"308\" \/>\n\t<meta property=\"og:image:type\" content=\"image\/jpeg\" \/>\n<meta name=\"author\" content=\"Leonardo Francisco\" \/>\n<meta name=\"twitter:card\" content=\"summary_large_image\" \/>\n<meta name=\"twitter:label1\" content=\"Escrito por\" \/>\n\t<meta name=\"twitter:data1\" content=\"Leonardo Francisco\" \/>\n\t<meta name=\"twitter:label2\" content=\"Est. tempo de leitura\" \/>\n\t<meta name=\"twitter:data2\" content=\"4 minutos\" \/>\n<script type=\"application\/ld+json\" class=\"yoast-schema-graph\">{\"@context\":\"https:\\\/\\\/schema.org\",\"@graph\":[{\"@type\":\"Article\",\"@id\":\"https:\\\/\\\/redenoticiaz.com.br\\\/litoralsp\\\/2023\\\/02\\\/25\\\/sobe-para-57-o-numero-de-mortos-no-litoral-norte-e-vice-presidente-geraldo-alckmin-acompanha-os-trabalhos#article\",\"isPartOf\":{\"@id\":\"https:\\\/\\\/redenoticiaz.com.br\\\/litoralsp\\\/2023\\\/02\\\/25\\\/sobe-para-57-o-numero-de-mortos-no-litoral-norte-e-vice-presidente-geraldo-alckmin-acompanha-os-trabalhos\"},\"author\":{\"name\":\"Leonardo Francisco\",\"@id\":\"https:\\\/\\\/redenoticiaz.com.br\\\/litoralsp\\\/#\\\/schema\\\/person\\\/0f0b8a5bdafefe82841e07ae8d81ecb3\"},\"headline\":\"Sobe para 57 o n\u00famero de mortos no Litoral Norte e vice-presidente Geraldo Alckmin acompanha os trabalhos\",\"datePublished\":\"2023-02-25T15:21:10+00:00\",\"dateModified\":\"2023-02-25T15:21:46+00:00\",\"mainEntityOfPage\":{\"@id\":\"https:\\\/\\\/redenoticiaz.com.br\\\/litoralsp\\\/2023\\\/02\\\/25\\\/sobe-para-57-o-numero-de-mortos-no-litoral-norte-e-vice-presidente-geraldo-alckmin-acompanha-os-trabalhos\"},\"wordCount\":616,\"commentCount\":0,\"publisher\":{\"@id\":\"https:\\\/\\\/redenoticiaz.com.br\\\/litoralsp\\\/#organization\"},\"image\":{\"@id\":\"https:\\\/\\\/redenoticiaz.com.br\\\/litoralsp\\\/2023\\\/02\\\/25\\\/sobe-para-57-o-numero-de-mortos-no-litoral-norte-e-vice-presidente-geraldo-alckmin-acompanha-os-trabalhos#primaryimage\"},\"thumbnailUrl\":\"https:\\\/\\\/redenoticiaz.com.br\\\/litoralsp\\\/wp-content\\\/uploads\\\/sites\\\/3\\\/2023\\\/02\\\/TRABALHOS-BUSCAS.jpg\",\"keywords\":[\"57 MORTOS\",\"FORTES CHUVAS\",\"LITORAL NORTE\",\"S\u00c3O SEBASTI\u00c3O\",\"VICE-PRESIDENTE GERALDO ALCKMIN\",\"VISTORIA\"],\"articleSection\":[\"Climatologia\",\"S\u00e3o Sebasti\u00e3o\"],\"inLanguage\":\"pt-BR\",\"potentialAction\":[{\"@type\":\"CommentAction\",\"name\":\"Comment\",\"target\":[\"https:\\\/\\\/redenoticiaz.com.br\\\/litoralsp\\\/2023\\\/02\\\/25\\\/sobe-para-57-o-numero-de-mortos-no-litoral-norte-e-vice-presidente-geraldo-alckmin-acompanha-os-trabalhos#respond\"]}]},{\"@type\":\"WebPage\",\"@id\":\"https:\\\/\\\/redenoticiaz.com.br\\\/litoralsp\\\/2023\\\/02\\\/25\\\/sobe-para-57-o-numero-de-mortos-no-litoral-norte-e-vice-presidente-geraldo-alckmin-acompanha-os-trabalhos\",\"url\":\"https:\\\/\\\/redenoticiaz.com.br\\\/litoralsp\\\/2023\\\/02\\\/25\\\/sobe-para-57-o-numero-de-mortos-no-litoral-norte-e-vice-presidente-geraldo-alckmin-acompanha-os-trabalhos\",\"name\":\"Sobe para 57 o n\u00famero de mortos no Litoral Norte e vice-presidente Geraldo Alckmin acompanha os trabalhos - Litoral SP\",\"isPartOf\":{\"@id\":\"https:\\\/\\\/redenoticiaz.com.br\\\/litoralsp\\\/#website\"},\"primaryImageOfPage\":{\"@id\":\"https:\\\/\\\/redenoticiaz.com.br\\\/litoralsp\\\/2023\\\/02\\\/25\\\/sobe-para-57-o-numero-de-mortos-no-litoral-norte-e-vice-presidente-geraldo-alckmin-acompanha-os-trabalhos#primaryimage\"},\"image\":{\"@id\":\"https:\\\/\\\/redenoticiaz.com.br\\\/litoralsp\\\/2023\\\/02\\\/25\\\/sobe-para-57-o-numero-de-mortos-no-litoral-norte-e-vice-presidente-geraldo-alckmin-acompanha-os-trabalhos#primaryimage\"},\"thumbnailUrl\":\"https:\\\/\\\/redenoticiaz.com.br\\\/litoralsp\\\/wp-content\\\/uploads\\\/sites\\\/3\\\/2023\\\/02\\\/TRABALHOS-BUSCAS.jpg\",\"datePublished\":\"2023-02-25T15:21:10+00:00\",\"dateModified\":\"2023-02-25T15:21:46+00:00\",\"description\":\"pelas demais v\u00edtimas de desaparecidos continuam e neste s\u00e1bado (25), o vice-presidente da Rep\u00fablica, Geraldo Alckmin (PSB) veio\",\"inLanguage\":\"pt-BR\",\"potentialAction\":[{\"@type\":\"ReadAction\",\"target\":[\"https:\\\/\\\/redenoticiaz.com.br\\\/litoralsp\\\/2023\\\/02\\\/25\\\/sobe-para-57-o-numero-de-mortos-no-litoral-norte-e-vice-presidente-geraldo-alckmin-acompanha-os-trabalhos\"]}]},{\"@type\":\"ImageObject\",\"inLanguage\":\"pt-BR\",\"@id\":\"https:\\\/\\\/redenoticiaz.com.br\\\/litoralsp\\\/2023\\\/02\\\/25\\\/sobe-para-57-o-numero-de-mortos-no-litoral-norte-e-vice-presidente-geraldo-alckmin-acompanha-os-trabalhos#primaryimage\",\"url\":\"https:\\\/\\\/redenoticiaz.com.br\\\/litoralsp\\\/wp-content\\\/uploads\\\/sites\\\/3\\\/2023\\\/02\\\/TRABALHOS-BUSCAS.jpg\",\"contentUrl\":\"https:\\\/\\\/redenoticiaz.com.br\\\/litoralsp\\\/wp-content\\\/uploads\\\/sites\\\/3\\\/2023\\\/02\\\/TRABALHOS-BUSCAS.jpg\",\"width\":566,\"height\":308,\"caption\":\"Buscas chegam ao s\u00e9timo dia. Cr\u00e9ditos: Reprodu\u00e7\u00e3o\"},{\"@type\":\"WebSite\",\"@id\":\"https:\\\/\\\/redenoticiaz.com.br\\\/litoralsp\\\/#website\",\"url\":\"https:\\\/\\\/redenoticiaz.com.br\\\/litoralsp\\\/\",\"name\":\"Litoral SP\",\"description\":\"Rede NoticiaZ\",\"publisher\":{\"@id\":\"https:\\\/\\\/redenoticiaz.com.br\\\/litoralsp\\\/#organization\"},\"potentialAction\":[{\"@type\":\"SearchAction\",\"target\":{\"@type\":\"EntryPoint\",\"urlTemplate\":\"https:\\\/\\\/redenoticiaz.com.br\\\/litoralsp\\\/?s={search_term_string}\"},\"query-input\":{\"@type\":\"PropertyValueSpecification\",\"valueRequired\":true,\"valueName\":\"search_term_string\"}}],\"inLanguage\":\"pt-BR\"},{\"@type\":\"Organization\",\"@id\":\"https:\\\/\\\/redenoticiaz.com.br\\\/litoralsp\\\/#organization\",\"name\":\"Litoral SP\",\"url\":\"https:\\\/\\\/redenoticiaz.com.br\\\/litoralsp\\\/\",\"logo\":{\"@type\":\"ImageObject\",\"inLanguage\":\"pt-BR\",\"@id\":\"https:\\\/\\\/redenoticiaz.com.br\\\/litoralsp\\\/#\\\/schema\\\/logo\\\/image\\\/\",\"url\":\"https:\\\/\\\/redenoticiaz.com.br\\\/litoralsp\\\/wp-content\\\/uploads\\\/sites\\\/3\\\/2020\\\/11\\\/logo.jpg\",\"contentUrl\":\"https:\\\/\\\/redenoticiaz.com.br\\\/litoralsp\\\/wp-content\\\/uploads\\\/sites\\\/3\\\/2020\\\/11\\\/logo.jpg\",\"width\":400,\"height\":250,\"caption\":\"Litoral SP\"},\"image\":{\"@id\":\"https:\\\/\\\/redenoticiaz.com.br\\\/litoralsp\\\/#\\\/schema\\\/logo\\\/image\\\/\"}},{\"@type\":\"Person\",\"@id\":\"https:\\\/\\\/redenoticiaz.com.br\\\/litoralsp\\\/#\\\/schema\\\/person\\\/0f0b8a5bdafefe82841e07ae8d81ecb3\",\"name\":\"Leonardo Francisco\",\"image\":{\"@type\":\"ImageObject\",\"inLanguage\":\"pt-BR\",\"@id\":\"https:\\\/\\\/secure.gravatar.com\\\/avatar\\\/a7358cb406a99b682ec6df1e77e31ae82e63601f6784e8a3df411d72b37864da?s=96&d=mm&r=g\",\"url\":\"https:\\\/\\\/secure.gravatar.com\\\/avatar\\\/a7358cb406a99b682ec6df1e77e31ae82e63601f6784e8a3df411d72b37864da?s=96&d=mm&r=g\",\"contentUrl\":\"https:\\\/\\\/secure.gravatar.com\\\/avatar\\\/a7358cb406a99b682ec6df1e77e31ae82e63601f6784e8a3df411d72b37864da?s=96&d=mm&r=g\",\"caption\":\"Leonardo Francisco\"},\"url\":\"https:\\\/\\\/redenoticiaz.com.br\\\/litoralsp\\\/author\\\/leonardo-francisco\"}]}<\/script>\n<!-- \/ Yoast SEO plugin. -->","yoast_head_json":{"title":"Sobe para 57 o n\u00famero de mortos no Litoral Norte e vice-presidente Geraldo Alckmin acompanha os trabalhos - Litoral SP","description":"pelas demais v\u00edtimas de desaparecidos continuam e neste s\u00e1bado (25), o vice-presidente da Rep\u00fablica, Geraldo Alckmin (PSB) veio","robots":{"index":"index","follow":"follow","max-snippet":"max-snippet:-1","max-image-preview":"max-image-preview:large","max-video-preview":"max-video-preview:-1"},"canonical":"https:\/\/redenoticiaz.com.br\/litoralsp\/2023\/02\/25\/sobe-para-57-o-numero-de-mortos-no-litoral-norte-e-vice-presidente-geraldo-alckmin-acompanha-os-trabalhos","og_locale":"pt_BR","og_type":"article","og_title":"Sobe para 57 o n\u00famero de mortos no Litoral Norte e vice-presidente Geraldo Alckmin acompanha os trabalhos - Litoral SP","og_description":"pelas demais v\u00edtimas de desaparecidos continuam e neste s\u00e1bado (25), o vice-presidente da Rep\u00fablica, Geraldo Alckmin (PSB) veio","og_url":"https:\/\/redenoticiaz.com.br\/litoralsp\/2023\/02\/25\/sobe-para-57-o-numero-de-mortos-no-litoral-norte-e-vice-presidente-geraldo-alckmin-acompanha-os-trabalhos","og_site_name":"Litoral SP","article_published_time":"2023-02-25T15:21:10+00:00","article_modified_time":"2023-02-25T15:21:46+00:00","og_image":[{"width":566,"height":308,"url":"https:\/\/redenoticiaz.com.br\/litoralsp\/wp-content\/uploads\/sites\/3\/2023\/02\/TRABALHOS-BUSCAS.jpg","type":"image\/jpeg"}],"author":"Leonardo Francisco","twitter_card":"summary_large_image","twitter_misc":{"Escrito por":"Leonardo Francisco","Est. tempo de leitura":"4 minutos"},"schema":{"@context":"https:\/\/schema.org","@graph":[{"@type":"Article","@id":"https:\/\/redenoticiaz.com.br\/litoralsp\/2023\/02\/25\/sobe-para-57-o-numero-de-mortos-no-litoral-norte-e-vice-presidente-geraldo-alckmin-acompanha-os-trabalhos#article","isPartOf":{"@id":"https:\/\/redenoticiaz.com.br\/litoralsp\/2023\/02\/25\/sobe-para-57-o-numero-de-mortos-no-litoral-norte-e-vice-presidente-geraldo-alckmin-acompanha-os-trabalhos"},"author":{"name":"Leonardo Francisco","@id":"https:\/\/redenoticiaz.com.br\/litoralsp\/#\/schema\/person\/0f0b8a5bdafefe82841e07ae8d81ecb3"},"headline":"Sobe para 57 o n\u00famero de mortos no Litoral Norte e vice-presidente Geraldo Alckmin acompanha os trabalhos","datePublished":"2023-02-25T15:21:10+00:00","dateModified":"2023-02-25T15:21:46+00:00","mainEntityOfPage":{"@id":"https:\/\/redenoticiaz.com.br\/litoralsp\/2023\/02\/25\/sobe-para-57-o-numero-de-mortos-no-litoral-norte-e-vice-presidente-geraldo-alckmin-acompanha-os-trabalhos"},"wordCount":616,"commentCount":0,"publisher":{"@id":"https:\/\/redenoticiaz.com.br\/litoralsp\/#organization"},"image":{"@id":"https:\/\/redenoticiaz.com.br\/litoralsp\/2023\/02\/25\/sobe-para-57-o-numero-de-mortos-no-litoral-norte-e-vice-presidente-geraldo-alckmin-acompanha-os-trabalhos#primaryimage"},"thumbnailUrl":"https:\/\/redenoticiaz.com.br\/litoralsp\/wp-content\/uploads\/sites\/3\/2023\/02\/TRABALHOS-BUSCAS.jpg","keywords":["57 MORTOS","FORTES CHUVAS","LITORAL NORTE","S\u00c3O SEBASTI\u00c3O","VICE-PRESIDENTE GERALDO ALCKMIN","VISTORIA"],"articleSection":["Climatologia","S\u00e3o Sebasti\u00e3o"],"inLanguage":"pt-BR","potentialAction":[{"@type":"CommentAction","name":"Comment","target":["https:\/\/redenoticiaz.com.br\/litoralsp\/2023\/02\/25\/sobe-para-57-o-numero-de-mortos-no-litoral-norte-e-vice-presidente-geraldo-alckmin-acompanha-os-trabalhos#respond"]}]},{"@type":"WebPage","@id":"https:\/\/redenoticiaz.com.br\/litoralsp\/2023\/02\/25\/sobe-para-57-o-numero-de-mortos-no-litoral-norte-e-vice-presidente-geraldo-alckmin-acompanha-os-trabalhos","url":"https:\/\/redenoticiaz.com.br\/litoralsp\/2023\/02\/25\/sobe-para-57-o-numero-de-mortos-no-litoral-norte-e-vice-presidente-geraldo-alckmin-acompanha-os-trabalhos","name":"Sobe para 57 o n\u00famero de mortos no Litoral Norte e vice-presidente Geraldo Alckmin acompanha os trabalhos - Litoral SP","isPartOf":{"@id":"https:\/\/redenoticiaz.com.br\/litoralsp\/#website"},"primaryImageOfPage":{"@id":"https:\/\/redenoticiaz.com.br\/litoralsp\/2023\/02\/25\/sobe-para-57-o-numero-de-mortos-no-litoral-norte-e-vice-presidente-geraldo-alckmin-acompanha-os-trabalhos#primaryimage"},"image":{"@id":"https:\/\/redenoticiaz.com.br\/litoralsp\/2023\/02\/25\/sobe-para-57-o-numero-de-mortos-no-litoral-norte-e-vice-presidente-geraldo-alckmin-acompanha-os-trabalhos#primaryimage"},"thumbnailUrl":"https:\/\/redenoticiaz.com.br\/litoralsp\/wp-content\/uploads\/sites\/3\/2023\/02\/TRABALHOS-BUSCAS.jpg","datePublished":"2023-02-25T15:21:10+00:00","dateModified":"2023-02-25T15:21:46+00:00","description":"pelas demais v\u00edtimas de desaparecidos continuam e neste s\u00e1bado (25), o vice-presidente da Rep\u00fablica, Geraldo Alckmin (PSB) veio","inLanguage":"pt-BR","potentialAction":[{"@type":"ReadAction","target":["https:\/\/redenoticiaz.com.br\/litoralsp\/2023\/02\/25\/sobe-para-57-o-numero-de-mortos-no-litoral-norte-e-vice-presidente-geraldo-alckmin-acompanha-os-trabalhos"]}]},{"@type":"ImageObject","inLanguage":"pt-BR","@id":"https:\/\/redenoticiaz.com.br\/litoralsp\/2023\/02\/25\/sobe-para-57-o-numero-de-mortos-no-litoral-norte-e-vice-presidente-geraldo-alckmin-acompanha-os-trabalhos#primaryimage","url":"https:\/\/redenoticiaz.com.br\/litoralsp\/wp-content\/uploads\/sites\/3\/2023\/02\/TRABALHOS-BUSCAS.jpg","contentUrl":"https:\/\/redenoticiaz.com.br\/litoralsp\/wp-content\/uploads\/sites\/3\/2023\/02\/TRABALHOS-BUSCAS.jpg","width":566,"height":308,"caption":"Buscas chegam ao s\u00e9timo dia. Cr\u00e9ditos: Reprodu\u00e7\u00e3o"},{"@type":"WebSite","@id":"https:\/\/redenoticiaz.com.br\/litoralsp\/#website","url":"https:\/\/redenoticiaz.com.br\/litoralsp\/","name":"Litoral SP","description":"Rede NoticiaZ","publisher":{"@id":"https:\/\/redenoticiaz.com.br\/litoralsp\/#organization"},"potentialAction":[{"@type":"SearchAction","target":{"@type":"EntryPoint","urlTemplate":"https:\/\/redenoticiaz.com.br\/litoralsp\/?s={search_term_string}"},"query-input":{"@type":"PropertyValueSpecification","valueRequired":true,"valueName":"search_term_string"}}],"inLanguage":"pt-BR"},{"@type":"Organization","@id":"https:\/\/redenoticiaz.com.br\/litoralsp\/#organization","name":"Litoral SP","url":"https:\/\/redenoticiaz.com.br\/litoralsp\/","logo":{"@type":"ImageObject","inLanguage":"pt-BR","@id":"https:\/\/redenoticiaz.com.br\/litoralsp\/#\/schema\/logo\/image\/","url":"https:\/\/redenoticiaz.com.br\/litoralsp\/wp-content\/uploads\/sites\/3\/2020\/11\/logo.jpg","contentUrl":"https:\/\/redenoticiaz.com.br\/litoralsp\/wp-content\/uploads\/sites\/3\/2020\/11\/logo.jpg","width":400,"height":250,"caption":"Litoral SP"},"image":{"@id":"https:\/\/redenoticiaz.com.br\/litoralsp\/#\/schema\/logo\/image\/"}},{"@type":"Person","@id":"https:\/\/redenoticiaz.com.br\/litoralsp\/#\/schema\/person\/0f0b8a5bdafefe82841e07ae8d81ecb3","name":"Leonardo Francisco","image":{"@type":"ImageObject","inLanguage":"pt-BR","@id":"https:\/\/secure.gravatar.com\/avatar\/a7358cb406a99b682ec6df1e77e31ae82e63601f6784e8a3df411d72b37864da?s=96&d=mm&r=g","url":"https:\/\/secure.gravatar.com\/avatar\/a7358cb406a99b682ec6df1e77e31ae82e63601f6784e8a3df411d72b37864da?s=96&d=mm&r=g","contentUrl":"https:\/\/secure.gravatar.com\/avatar\/a7358cb406a99b682ec6df1e77e31ae82e63601f6784e8a3df411d72b37864da?s=96&d=mm&r=g","caption":"Leonardo Francisco"},"url":"https:\/\/redenoticiaz.com.br\/litoralsp\/author\/leonardo-francisco"}]}},"_links":{"self":[{"href":"https:\/\/redenoticiaz.com.br\/litoralsp\/wp-json\/wp\/v2\/posts\/101437","targetHints":{"allow":["GET"]}}],"collection":[{"href":"https:\/\/redenoticiaz.com.br\/litoralsp\/wp-json\/wp\/v2\/posts"}],"about":[{"href":"https:\/\/redenoticiaz.com.br\/litoralsp\/wp-json\/wp\/v2\/types\/post"}],"author":[{"embeddable":true,"href":"https:\/\/redenoticiaz.com.br\/litoralsp\/wp-json\/wp\/v2\/users\/6"}],"replies":[{"embeddable":true,"href":"https:\/\/redenoticiaz.com.br\/litoralsp\/wp-json\/wp\/v2\/comments?post=101437"}],"version-history":[{"count":1,"href":"https:\/\/redenoticiaz.com.br\/litoralsp\/wp-json\/wp\/v2\/posts\/101437\/revisions"}],"predecessor-version":[{"id":101439,"href":"https:\/\/redenoticiaz.com.br\/litoralsp\/wp-json\/wp\/v2\/posts\/101437\/revisions\/101439"}],"wp:featuredmedia":[{"embeddable":true,"href":"https:\/\/redenoticiaz.com.br\/litoralsp\/wp-json\/wp\/v2\/media\/101438"}],"wp:attachment":[{"href":"https:\/\/redenoticiaz.com.br\/litoralsp\/wp-json\/wp\/v2\/media?parent=101437"}],"wp:term":[{"taxonomy":"category","embeddable":true,"href":"https:\/\/redenoticiaz.com.br\/litoralsp\/wp-json\/wp\/v2\/categories?post=101437"},{"taxonomy":"post_tag","embeddable":true,"href":"https:\/\/redenoticiaz.com.br\/litoralsp\/wp-json\/wp\/v2\/tags?post=101437"}],"curies":[{"name":"wp","href":"https:\/\/api.w.org\/{rel}","templated":true}]}}