{"id":101452,"date":"2023-02-25T17:47:00","date_gmt":"2023-02-25T20:47:00","guid":{"rendered":"https:\/\/redenoticiaz.com.br\/litoralsp\/?p=101452"},"modified":"2023-02-25T17:47:00","modified_gmt":"2023-02-25T20:47:00","slug":"quase-r-900-mil-sao-repassados-para-bertioga-para-acoes-da-defesa-civil","status":"publish","type":"post","link":"https:\/\/redenoticiaz.com.br\/litoralsp\/2023\/02\/25\/quase-r-900-mil-sao-repassados-para-bertioga-para-acoes-da-defesa-civil","title":{"rendered":"Quase R$ 900 mil s\u00e3o repassados para Bertioga para a\u00e7\u00f5es da Defesa Civil"},"content":{"rendered":"<div id=\"chunk-77l8q\">\n<div class=\"mc-column content-text active-extra-styles \" data-block-type=\"unstyled\" data-block-weight=\"61\" data-block-id=\"3\">\n<p class=\"content-text__container \" data-track-category=\"Link no Texto\" data-track-links=\"\">Ap\u00f3s as fortes chuvas que castigaram Bertioga e demais cidades do Litoral de S\u00e3o Paulo, o Governo Federal, por meio do Minist\u00e9rio da Integra\u00e7\u00e3o e do Desenvolvimento Regional (MIDR), autorizou o repasse de <strong>R$ 898,8 mil. <\/strong>O dinheiro ser\u00e1 usado para a\u00e7\u00f5es da Defesa Civil e a portaria com a libera\u00e7\u00e3o do recurso foi publicada nesta sexta-feira (24) em edi\u00e7\u00e3o extra do Di\u00e1rio Oficial da Uni\u00e3o (DOU).<\/p>\n<\/div>\n<\/div>\n<div class=\"wall protected-content\">\n<div id=\"chunk-9fq8k\">\n<div class=\"mc-column content-text active-extra-styles \" data-block-type=\"unstyled\" data-block-weight=\"26\" data-block-id=\"4\">\n<p class=\"content-text__container \" data-track-category=\"Link no Texto\" data-track-links=\"\">Na segunda-feira (20), a Defesa Civil Nacional reconheceu, de forma sum\u00e1ria, o estado de calamidade p\u00fablica em S\u00e3o Sebasti\u00e3o, Caraguatatuba, Guaruj\u00e1, Bertioga, Ilhabela e Ubatuba.<\/p>\n<\/div>\n<\/div>\n<div id=\"chunk-eqqq2\">\n<div class=\"mc-column content-text active-extra-styles \" data-block-type=\"unstyled\" data-block-weight=\"44\" data-block-id=\"5\">\n<p class=\"content-text__container \" data-track-category=\"Link no Texto\" data-track-links=\"\">Bertioga registrou um volume de chuva de 683 mm durante o temporal que castigou as cidades da Baixada Santista e Litoral Norte no \u00faltimo final de semana, considerado o maior da hist\u00f3ria no pa\u00eds. Em Guaruj\u00e1, o volume de chuva ultrapassou os 400 mm.<\/p>\n<p data-track-category=\"Link no Texto\" data-track-links=\"\">Entre os problemas registrados est\u00e3o ruas alagadas, quedas de barreiras e de \u00e1rvores, falta de energia, interrup\u00e7\u00e3o da travessia de barcas e balsas. Casas ficaram inundadas, carros submersos e diversos bens foram danificados pela \u00e1gua. Pessoas desalojadas foram abrigadas na Escola Jos\u00e9 de Oliveira, no Rio da Praia. A Aldeia Rio Silveira tamb\u00e9m foi impactada pelas chuvas.<\/p>\n<h3 data-track-category=\"Link no Texto\">Recursos<\/h3>\n<p data-track-category=\"Link no Texto\" data-track-links=\"\">De acordo com o Governo Federal, o montante de R$ 898,8 mil repassado ser\u00e1 utilizado para compra de cesta b\u00e1sica, kits de limpeza, higiene pessoal e dormit\u00f3rio, colch\u00e3o e a loca\u00e7\u00e3o de quatro ve\u00edculos do tipo pick-up, beneficiando cerca de 85 mil pessoas.<\/p>\n<div id=\"chunk-hdi9\">\n<div class=\"mc-column content-text active-extra-styles \" data-block-type=\"unstyled\" data-block-weight=\"36\" data-block-id=\"11\">\n<p class=\"content-text__container \" data-track-category=\"Link no Texto\" data-track-links=\"\">O objetivo foi agilizar as medidas de assist\u00eancia \u00e0 popula\u00e7\u00e3o afetada, restabelecimento de servi\u00e7os essenciais e reconstru\u00e7\u00e3o de infraestrutura p\u00fablica danificada. As cidades de S\u00e3o Sebasti\u00e3o, Ubatuba e Caraguatatuba tamb\u00e9m receberam repasses do Governo Federal.<\/p>\n<\/div>\n<\/div>\n<div id=\"chunk-dqu2g\">\n<div class=\"mc-column content-text active-extra-styles \" data-block-type=\"unstyled\" data-block-weight=\"70\" data-block-id=\"12\">\n<p class=\"content-text__container \" data-track-category=\"Link no Texto\" data-track-links=\"\">Cidades em situa\u00e7\u00e3o de emerg\u00eancia ou estado de calamidade p\u00fablica reconhecido pela Defesa Civil Nacional, como as do litoral de S\u00e3o Paulo, est\u00e3o aptas a solicitar recursos do Minist\u00e9rio da Integra\u00e7\u00e3o e do Desenvolvimento Regional para atendimento \u00e0 popula\u00e7\u00e3o afetada. A solicita\u00e7\u00e3o deve ser feita por meio do Sistema Integrado de Informa\u00e7\u00f5es sobre Desastres (S2iD). A equipe t\u00e9cnica da Defesa Civil Nacional avalia as metas e os valores solicitados.<\/p>\n<p data-track-category=\"Link no Texto\" data-track-links=\"\"><strong>LEIA TAMB\u00c9M<\/strong><\/p>\n<p data-track-category=\"Link no Texto\" data-track-links=\"\"><a href=\"https:\/\/redenoticiaz.com.br\/litoralsp\/2023\/02\/25\/defesa-civil-alerta-para-chuvas-fortes-na-baixada-santista-e-vale-do-ribeira\">Defesa Civil alerta para chuvas fortes na Baixada Santista e Vale do Ribeira<\/a><\/p>\n<\/div>\n<\/div>\n<\/div>\n<\/div>\n<\/div>\n","protected":false},"excerpt":{"rendered":"<p>Ap\u00f3s as fortes chuvas que castigaram Bertioga e demais cidades do Litoral de S\u00e3o Paulo, o Governo Federal, por meio do Minist\u00e9rio da Integra\u00e7\u00e3o e do Desenvolvimento Regional (MIDR), autorizou o repasse de R$ 898,8 mil. O dinheiro ser\u00e1 usado para a\u00e7\u00f5es da Defesa Civil e a portaria com a libera\u00e7\u00e3o do recurso foi publicada &hellip;<\/p>\n","protected":false},"author":6,"featured_media":101453,"comment_status":"open","ping_status":"closed","sticky":false,"template":"","format":"standard","meta":{"footnotes":""},"categories":[1107,26798],"tags":[1038,1151,7416,3790,63594,2231],"class_list":["post-101452","post","type-post","status-publish","format-standard","has-post-thumbnail","hentry","category-bertioga","category-climatologia","tag-bertioga","tag-defesa-civil","tag-fortes-chuvas","tag-governo-federal","tag-ministerio-da-integracao-e-do-desenvolvimento-regional","tag-recursos"],"yoast_head":"<!-- This site is optimized with the Yoast SEO plugin v27.5 - https:\/\/yoast.com\/product\/yoast-seo-wordpress\/ -->\n<title>Quase R$ 900 mil s\u00e3o repassados para Bertioga para a\u00e7\u00f5es da Defesa Civil - Litoral SP<\/title>\n<meta name=\"description\" content=\"Desenvolvimento Regional (MIDR), autorizou o repasse de R$ 898,8 mil. O dinheiro ser\u00e1 usado para a\u00e7\u00f5es da Defesa Civil e a portaria\" \/>\n<meta name=\"robots\" content=\"index, follow, max-snippet:-1, max-image-preview:large, max-video-preview:-1\" \/>\n<link rel=\"canonical\" href=\"https:\/\/redenoticiaz.com.br\/litoralsp\/2023\/02\/25\/quase-r-900-mil-sao-repassados-para-bertioga-para-acoes-da-defesa-civil\" \/>\n<meta property=\"og:locale\" content=\"pt_BR\" \/>\n<meta property=\"og:type\" content=\"article\" \/>\n<meta property=\"og:title\" content=\"Quase R$ 900 mil s\u00e3o repassados para Bertioga para a\u00e7\u00f5es da Defesa Civil - Litoral SP\" \/>\n<meta property=\"og:description\" content=\"Desenvolvimento Regional (MIDR), autorizou o repasse de R$ 898,8 mil. O dinheiro ser\u00e1 usado para a\u00e7\u00f5es da Defesa Civil e a portaria\" \/>\n<meta property=\"og:url\" content=\"https:\/\/redenoticiaz.com.br\/litoralsp\/2023\/02\/25\/quase-r-900-mil-sao-repassados-para-bertioga-para-acoes-da-defesa-civil\" \/>\n<meta property=\"og:site_name\" content=\"Litoral SP\" \/>\n<meta property=\"article:published_time\" content=\"2023-02-25T20:47:00+00:00\" \/>\n<meta property=\"og:image\" content=\"https:\/\/redenoticiaz.com.br\/litoralsp\/wp-content\/uploads\/sites\/3\/2023\/02\/TEMPORAL-BERTIOGA.jpg\" \/>\n\t<meta property=\"og:image:width\" content=\"270\" \/>\n\t<meta property=\"og:image:height\" content=\"309\" \/>\n\t<meta property=\"og:image:type\" content=\"image\/jpeg\" \/>\n<meta name=\"author\" content=\"Leonardo Francisco\" \/>\n<meta name=\"twitter:card\" content=\"summary_large_image\" \/>\n<meta name=\"twitter:label1\" content=\"Escrito por\" \/>\n\t<meta name=\"twitter:data1\" content=\"Leonardo Francisco\" \/>\n\t<meta name=\"twitter:label2\" content=\"Est. tempo de leitura\" \/>\n\t<meta name=\"twitter:data2\" content=\"2 minutos\" \/>\n<script type=\"application\/ld+json\" class=\"yoast-schema-graph\">{\"@context\":\"https:\\\/\\\/schema.org\",\"@graph\":[{\"@type\":\"Article\",\"@id\":\"https:\\\/\\\/redenoticiaz.com.br\\\/litoralsp\\\/2023\\\/02\\\/25\\\/quase-r-900-mil-sao-repassados-para-bertioga-para-acoes-da-defesa-civil#article\",\"isPartOf\":{\"@id\":\"https:\\\/\\\/redenoticiaz.com.br\\\/litoralsp\\\/2023\\\/02\\\/25\\\/quase-r-900-mil-sao-repassados-para-bertioga-para-acoes-da-defesa-civil\"},\"author\":{\"name\":\"Leonardo Francisco\",\"@id\":\"https:\\\/\\\/redenoticiaz.com.br\\\/litoralsp\\\/#\\\/schema\\\/person\\\/0f0b8a5bdafefe82841e07ae8d81ecb3\"},\"headline\":\"Quase R$ 900 mil s\u00e3o repassados para Bertioga para a\u00e7\u00f5es da Defesa Civil\",\"datePublished\":\"2023-02-25T20:47:00+00:00\",\"mainEntityOfPage\":{\"@id\":\"https:\\\/\\\/redenoticiaz.com.br\\\/litoralsp\\\/2023\\\/02\\\/25\\\/quase-r-900-mil-sao-repassados-para-bertioga-para-acoes-da-defesa-civil\"},\"wordCount\":405,\"commentCount\":0,\"publisher\":{\"@id\":\"https:\\\/\\\/redenoticiaz.com.br\\\/litoralsp\\\/#organization\"},\"image\":{\"@id\":\"https:\\\/\\\/redenoticiaz.com.br\\\/litoralsp\\\/2023\\\/02\\\/25\\\/quase-r-900-mil-sao-repassados-para-bertioga-para-acoes-da-defesa-civil#primaryimage\"},\"thumbnailUrl\":\"https:\\\/\\\/redenoticiaz.com.br\\\/litoralsp\\\/wp-content\\\/uploads\\\/sites\\\/3\\\/2023\\\/02\\\/TEMPORAL-BERTIOGA.jpg\",\"keywords\":[\"BERTIOGA\",\"DEFESA CIVIL\",\"FORTES CHUVAS\",\"GOVERNO FEDERAL\",\"MINIST\u00c9RIO DA INTEGRA\u00c7\u00c3O E DO DESENVOLVIMENTO REGIONAL\",\"RECURSOS\"],\"articleSection\":[\"Bertioga\",\"Climatologia\"],\"inLanguage\":\"pt-BR\",\"potentialAction\":[{\"@type\":\"CommentAction\",\"name\":\"Comment\",\"target\":[\"https:\\\/\\\/redenoticiaz.com.br\\\/litoralsp\\\/2023\\\/02\\\/25\\\/quase-r-900-mil-sao-repassados-para-bertioga-para-acoes-da-defesa-civil#respond\"]}]},{\"@type\":\"WebPage\",\"@id\":\"https:\\\/\\\/redenoticiaz.com.br\\\/litoralsp\\\/2023\\\/02\\\/25\\\/quase-r-900-mil-sao-repassados-para-bertioga-para-acoes-da-defesa-civil\",\"url\":\"https:\\\/\\\/redenoticiaz.com.br\\\/litoralsp\\\/2023\\\/02\\\/25\\\/quase-r-900-mil-sao-repassados-para-bertioga-para-acoes-da-defesa-civil\",\"name\":\"Quase R$ 900 mil s\u00e3o repassados para Bertioga para a\u00e7\u00f5es da Defesa Civil - Litoral SP\",\"isPartOf\":{\"@id\":\"https:\\\/\\\/redenoticiaz.com.br\\\/litoralsp\\\/#website\"},\"primaryImageOfPage\":{\"@id\":\"https:\\\/\\\/redenoticiaz.com.br\\\/litoralsp\\\/2023\\\/02\\\/25\\\/quase-r-900-mil-sao-repassados-para-bertioga-para-acoes-da-defesa-civil#primaryimage\"},\"image\":{\"@id\":\"https:\\\/\\\/redenoticiaz.com.br\\\/litoralsp\\\/2023\\\/02\\\/25\\\/quase-r-900-mil-sao-repassados-para-bertioga-para-acoes-da-defesa-civil#primaryimage\"},\"thumbnailUrl\":\"https:\\\/\\\/redenoticiaz.com.br\\\/litoralsp\\\/wp-content\\\/uploads\\\/sites\\\/3\\\/2023\\\/02\\\/TEMPORAL-BERTIOGA.jpg\",\"datePublished\":\"2023-02-25T20:47:00+00:00\",\"description\":\"Desenvolvimento Regional (MIDR), autorizou o repasse de R$ 898,8 mil. O dinheiro ser\u00e1 usado para a\u00e7\u00f5es da Defesa Civil e a portaria\",\"inLanguage\":\"pt-BR\",\"potentialAction\":[{\"@type\":\"ReadAction\",\"target\":[\"https:\\\/\\\/redenoticiaz.com.br\\\/litoralsp\\\/2023\\\/02\\\/25\\\/quase-r-900-mil-sao-repassados-para-bertioga-para-acoes-da-defesa-civil\"]}]},{\"@type\":\"ImageObject\",\"inLanguage\":\"pt-BR\",\"@id\":\"https:\\\/\\\/redenoticiaz.com.br\\\/litoralsp\\\/2023\\\/02\\\/25\\\/quase-r-900-mil-sao-repassados-para-bertioga-para-acoes-da-defesa-civil#primaryimage\",\"url\":\"https:\\\/\\\/redenoticiaz.com.br\\\/litoralsp\\\/wp-content\\\/uploads\\\/sites\\\/3\\\/2023\\\/02\\\/TEMPORAL-BERTIOGA.jpg\",\"contentUrl\":\"https:\\\/\\\/redenoticiaz.com.br\\\/litoralsp\\\/wp-content\\\/uploads\\\/sites\\\/3\\\/2023\\\/02\\\/TEMPORAL-BERTIOGA.jpg\",\"width\":270,\"height\":309,\"caption\":\"Cr\u00e9ditos: Reprodu\u00e7\u00e3o\\\/Redes Sociais\"},{\"@type\":\"WebSite\",\"@id\":\"https:\\\/\\\/redenoticiaz.com.br\\\/litoralsp\\\/#website\",\"url\":\"https:\\\/\\\/redenoticiaz.com.br\\\/litoralsp\\\/\",\"name\":\"Litoral SP\",\"description\":\"Rede NoticiaZ\",\"publisher\":{\"@id\":\"https:\\\/\\\/redenoticiaz.com.br\\\/litoralsp\\\/#organization\"},\"potentialAction\":[{\"@type\":\"SearchAction\",\"target\":{\"@type\":\"EntryPoint\",\"urlTemplate\":\"https:\\\/\\\/redenoticiaz.com.br\\\/litoralsp\\\/?s={search_term_string}\"},\"query-input\":{\"@type\":\"PropertyValueSpecification\",\"valueRequired\":true,\"valueName\":\"search_term_string\"}}],\"inLanguage\":\"pt-BR\"},{\"@type\":\"Organization\",\"@id\":\"https:\\\/\\\/redenoticiaz.com.br\\\/litoralsp\\\/#organization\",\"name\":\"Litoral SP\",\"url\":\"https:\\\/\\\/redenoticiaz.com.br\\\/litoralsp\\\/\",\"logo\":{\"@type\":\"ImageObject\",\"inLanguage\":\"pt-BR\",\"@id\":\"https:\\\/\\\/redenoticiaz.com.br\\\/litoralsp\\\/#\\\/schema\\\/logo\\\/image\\\/\",\"url\":\"https:\\\/\\\/redenoticiaz.com.br\\\/litoralsp\\\/wp-content\\\/uploads\\\/sites\\\/3\\\/2020\\\/11\\\/logo.jpg\",\"contentUrl\":\"https:\\\/\\\/redenoticiaz.com.br\\\/litoralsp\\\/wp-content\\\/uploads\\\/sites\\\/3\\\/2020\\\/11\\\/logo.jpg\",\"width\":400,\"height\":250,\"caption\":\"Litoral SP\"},\"image\":{\"@id\":\"https:\\\/\\\/redenoticiaz.com.br\\\/litoralsp\\\/#\\\/schema\\\/logo\\\/image\\\/\"}},{\"@type\":\"Person\",\"@id\":\"https:\\\/\\\/redenoticiaz.com.br\\\/litoralsp\\\/#\\\/schema\\\/person\\\/0f0b8a5bdafefe82841e07ae8d81ecb3\",\"name\":\"Leonardo Francisco\",\"image\":{\"@type\":\"ImageObject\",\"inLanguage\":\"pt-BR\",\"@id\":\"https:\\\/\\\/secure.gravatar.com\\\/avatar\\\/a7358cb406a99b682ec6df1e77e31ae82e63601f6784e8a3df411d72b37864da?s=96&d=mm&r=g\",\"url\":\"https:\\\/\\\/secure.gravatar.com\\\/avatar\\\/a7358cb406a99b682ec6df1e77e31ae82e63601f6784e8a3df411d72b37864da?s=96&d=mm&r=g\",\"contentUrl\":\"https:\\\/\\\/secure.gravatar.com\\\/avatar\\\/a7358cb406a99b682ec6df1e77e31ae82e63601f6784e8a3df411d72b37864da?s=96&d=mm&r=g\",\"caption\":\"Leonardo Francisco\"},\"url\":\"https:\\\/\\\/redenoticiaz.com.br\\\/litoralsp\\\/author\\\/leonardo-francisco\"}]}<\/script>\n<!-- \/ Yoast SEO plugin. -->","yoast_head_json":{"title":"Quase R$ 900 mil s\u00e3o repassados para Bertioga para a\u00e7\u00f5es da Defesa Civil - Litoral SP","description":"Desenvolvimento Regional (MIDR), autorizou o repasse de R$ 898,8 mil. O dinheiro ser\u00e1 usado para a\u00e7\u00f5es da Defesa Civil e a portaria","robots":{"index":"index","follow":"follow","max-snippet":"max-snippet:-1","max-image-preview":"max-image-preview:large","max-video-preview":"max-video-preview:-1"},"canonical":"https:\/\/redenoticiaz.com.br\/litoralsp\/2023\/02\/25\/quase-r-900-mil-sao-repassados-para-bertioga-para-acoes-da-defesa-civil","og_locale":"pt_BR","og_type":"article","og_title":"Quase R$ 900 mil s\u00e3o repassados para Bertioga para a\u00e7\u00f5es da Defesa Civil - Litoral SP","og_description":"Desenvolvimento Regional (MIDR), autorizou o repasse de R$ 898,8 mil. O dinheiro ser\u00e1 usado para a\u00e7\u00f5es da Defesa Civil e a portaria","og_url":"https:\/\/redenoticiaz.com.br\/litoralsp\/2023\/02\/25\/quase-r-900-mil-sao-repassados-para-bertioga-para-acoes-da-defesa-civil","og_site_name":"Litoral SP","article_published_time":"2023-02-25T20:47:00+00:00","og_image":[{"width":270,"height":309,"url":"https:\/\/redenoticiaz.com.br\/litoralsp\/wp-content\/uploads\/sites\/3\/2023\/02\/TEMPORAL-BERTIOGA.jpg","type":"image\/jpeg"}],"author":"Leonardo Francisco","twitter_card":"summary_large_image","twitter_misc":{"Escrito por":"Leonardo Francisco","Est. tempo de leitura":"2 minutos"},"schema":{"@context":"https:\/\/schema.org","@graph":[{"@type":"Article","@id":"https:\/\/redenoticiaz.com.br\/litoralsp\/2023\/02\/25\/quase-r-900-mil-sao-repassados-para-bertioga-para-acoes-da-defesa-civil#article","isPartOf":{"@id":"https:\/\/redenoticiaz.com.br\/litoralsp\/2023\/02\/25\/quase-r-900-mil-sao-repassados-para-bertioga-para-acoes-da-defesa-civil"},"author":{"name":"Leonardo Francisco","@id":"https:\/\/redenoticiaz.com.br\/litoralsp\/#\/schema\/person\/0f0b8a5bdafefe82841e07ae8d81ecb3"},"headline":"Quase R$ 900 mil s\u00e3o repassados para Bertioga para a\u00e7\u00f5es da Defesa Civil","datePublished":"2023-02-25T20:47:00+00:00","mainEntityOfPage":{"@id":"https:\/\/redenoticiaz.com.br\/litoralsp\/2023\/02\/25\/quase-r-900-mil-sao-repassados-para-bertioga-para-acoes-da-defesa-civil"},"wordCount":405,"commentCount":0,"publisher":{"@id":"https:\/\/redenoticiaz.com.br\/litoralsp\/#organization"},"image":{"@id":"https:\/\/redenoticiaz.com.br\/litoralsp\/2023\/02\/25\/quase-r-900-mil-sao-repassados-para-bertioga-para-acoes-da-defesa-civil#primaryimage"},"thumbnailUrl":"https:\/\/redenoticiaz.com.br\/litoralsp\/wp-content\/uploads\/sites\/3\/2023\/02\/TEMPORAL-BERTIOGA.jpg","keywords":["BERTIOGA","DEFESA CIVIL","FORTES CHUVAS","GOVERNO FEDERAL","MINIST\u00c9RIO DA INTEGRA\u00c7\u00c3O E DO DESENVOLVIMENTO REGIONAL","RECURSOS"],"articleSection":["Bertioga","Climatologia"],"inLanguage":"pt-BR","potentialAction":[{"@type":"CommentAction","name":"Comment","target":["https:\/\/redenoticiaz.com.br\/litoralsp\/2023\/02\/25\/quase-r-900-mil-sao-repassados-para-bertioga-para-acoes-da-defesa-civil#respond"]}]},{"@type":"WebPage","@id":"https:\/\/redenoticiaz.com.br\/litoralsp\/2023\/02\/25\/quase-r-900-mil-sao-repassados-para-bertioga-para-acoes-da-defesa-civil","url":"https:\/\/redenoticiaz.com.br\/litoralsp\/2023\/02\/25\/quase-r-900-mil-sao-repassados-para-bertioga-para-acoes-da-defesa-civil","name":"Quase R$ 900 mil s\u00e3o repassados para Bertioga para a\u00e7\u00f5es da Defesa Civil - Litoral SP","isPartOf":{"@id":"https:\/\/redenoticiaz.com.br\/litoralsp\/#website"},"primaryImageOfPage":{"@id":"https:\/\/redenoticiaz.com.br\/litoralsp\/2023\/02\/25\/quase-r-900-mil-sao-repassados-para-bertioga-para-acoes-da-defesa-civil#primaryimage"},"image":{"@id":"https:\/\/redenoticiaz.com.br\/litoralsp\/2023\/02\/25\/quase-r-900-mil-sao-repassados-para-bertioga-para-acoes-da-defesa-civil#primaryimage"},"thumbnailUrl":"https:\/\/redenoticiaz.com.br\/litoralsp\/wp-content\/uploads\/sites\/3\/2023\/02\/TEMPORAL-BERTIOGA.jpg","datePublished":"2023-02-25T20:47:00+00:00","description":"Desenvolvimento Regional (MIDR), autorizou o repasse de R$ 898,8 mil. O dinheiro ser\u00e1 usado para a\u00e7\u00f5es da Defesa Civil e a portaria","inLanguage":"pt-BR","potentialAction":[{"@type":"ReadAction","target":["https:\/\/redenoticiaz.com.br\/litoralsp\/2023\/02\/25\/quase-r-900-mil-sao-repassados-para-bertioga-para-acoes-da-defesa-civil"]}]},{"@type":"ImageObject","inLanguage":"pt-BR","@id":"https:\/\/redenoticiaz.com.br\/litoralsp\/2023\/02\/25\/quase-r-900-mil-sao-repassados-para-bertioga-para-acoes-da-defesa-civil#primaryimage","url":"https:\/\/redenoticiaz.com.br\/litoralsp\/wp-content\/uploads\/sites\/3\/2023\/02\/TEMPORAL-BERTIOGA.jpg","contentUrl":"https:\/\/redenoticiaz.com.br\/litoralsp\/wp-content\/uploads\/sites\/3\/2023\/02\/TEMPORAL-BERTIOGA.jpg","width":270,"height":309,"caption":"Cr\u00e9ditos: Reprodu\u00e7\u00e3o\/Redes Sociais"},{"@type":"WebSite","@id":"https:\/\/redenoticiaz.com.br\/litoralsp\/#website","url":"https:\/\/redenoticiaz.com.br\/litoralsp\/","name":"Litoral SP","description":"Rede NoticiaZ","publisher":{"@id":"https:\/\/redenoticiaz.com.br\/litoralsp\/#organization"},"potentialAction":[{"@type":"SearchAction","target":{"@type":"EntryPoint","urlTemplate":"https:\/\/redenoticiaz.com.br\/litoralsp\/?s={search_term_string}"},"query-input":{"@type":"PropertyValueSpecification","valueRequired":true,"valueName":"search_term_string"}}],"inLanguage":"pt-BR"},{"@type":"Organization","@id":"https:\/\/redenoticiaz.com.br\/litoralsp\/#organization","name":"Litoral SP","url":"https:\/\/redenoticiaz.com.br\/litoralsp\/","logo":{"@type":"ImageObject","inLanguage":"pt-BR","@id":"https:\/\/redenoticiaz.com.br\/litoralsp\/#\/schema\/logo\/image\/","url":"https:\/\/redenoticiaz.com.br\/litoralsp\/wp-content\/uploads\/sites\/3\/2020\/11\/logo.jpg","contentUrl":"https:\/\/redenoticiaz.com.br\/litoralsp\/wp-content\/uploads\/sites\/3\/2020\/11\/logo.jpg","width":400,"height":250,"caption":"Litoral SP"},"image":{"@id":"https:\/\/redenoticiaz.com.br\/litoralsp\/#\/schema\/logo\/image\/"}},{"@type":"Person","@id":"https:\/\/redenoticiaz.com.br\/litoralsp\/#\/schema\/person\/0f0b8a5bdafefe82841e07ae8d81ecb3","name":"Leonardo Francisco","image":{"@type":"ImageObject","inLanguage":"pt-BR","@id":"https:\/\/secure.gravatar.com\/avatar\/a7358cb406a99b682ec6df1e77e31ae82e63601f6784e8a3df411d72b37864da?s=96&d=mm&r=g","url":"https:\/\/secure.gravatar.com\/avatar\/a7358cb406a99b682ec6df1e77e31ae82e63601f6784e8a3df411d72b37864da?s=96&d=mm&r=g","contentUrl":"https:\/\/secure.gravatar.com\/avatar\/a7358cb406a99b682ec6df1e77e31ae82e63601f6784e8a3df411d72b37864da?s=96&d=mm&r=g","caption":"Leonardo Francisco"},"url":"https:\/\/redenoticiaz.com.br\/litoralsp\/author\/leonardo-francisco"}]}},"_links":{"self":[{"href":"https:\/\/redenoticiaz.com.br\/litoralsp\/wp-json\/wp\/v2\/posts\/101452","targetHints":{"allow":["GET"]}}],"collection":[{"href":"https:\/\/redenoticiaz.com.br\/litoralsp\/wp-json\/wp\/v2\/posts"}],"about":[{"href":"https:\/\/redenoticiaz.com.br\/litoralsp\/wp-json\/wp\/v2\/types\/post"}],"author":[{"embeddable":true,"href":"https:\/\/redenoticiaz.com.br\/litoralsp\/wp-json\/wp\/v2\/users\/6"}],"replies":[{"embeddable":true,"href":"https:\/\/redenoticiaz.com.br\/litoralsp\/wp-json\/wp\/v2\/comments?post=101452"}],"version-history":[{"count":2,"href":"https:\/\/redenoticiaz.com.br\/litoralsp\/wp-json\/wp\/v2\/posts\/101452\/revisions"}],"predecessor-version":[{"id":101455,"href":"https:\/\/redenoticiaz.com.br\/litoralsp\/wp-json\/wp\/v2\/posts\/101452\/revisions\/101455"}],"wp:featuredmedia":[{"embeddable":true,"href":"https:\/\/redenoticiaz.com.br\/litoralsp\/wp-json\/wp\/v2\/media\/101453"}],"wp:attachment":[{"href":"https:\/\/redenoticiaz.com.br\/litoralsp\/wp-json\/wp\/v2\/media?parent=101452"}],"wp:term":[{"taxonomy":"category","embeddable":true,"href":"https:\/\/redenoticiaz.com.br\/litoralsp\/wp-json\/wp\/v2\/categories?post=101452"},{"taxonomy":"post_tag","embeddable":true,"href":"https:\/\/redenoticiaz.com.br\/litoralsp\/wp-json\/wp\/v2\/tags?post=101452"}],"curies":[{"name":"wp","href":"https:\/\/api.w.org\/{rel}","templated":true}]}}