{"id":101519,"date":"2023-02-26T23:22:36","date_gmt":"2023-02-27T02:22:36","guid":{"rendered":"https:\/\/redenoticiaz.com.br\/litoralsp\/2023\/02\/26\/palmeiras-vence-a-ferroviaria-e-retoma-a-lideranca-geral-do-paulistao"},"modified":"2023-02-26T23:22:36","modified_gmt":"2023-02-27T02:22:36","slug":"palmeiras-vence-a-ferroviaria-e-retoma-a-lideranca-geral-do-paulistao","status":"publish","type":"post","link":"https:\/\/redenoticiaz.com.br\/litoralsp\/2023\/02\/26\/palmeiras-vence-a-ferroviaria-e-retoma-a-lideranca-geral-do-paulistao","title":{"rendered":"Palmeiras vence a Ferrovi\u00e1ria e retoma a lideran\u00e7a geral do Paulist\u00e3o"},"content":{"rendered":"<p>Se tem uma disputa que est\u00e1 eletrizante neste Campeonato Paulista \u00e9 a briga pela lideran\u00e7a geral. Se no s\u00e1bado (25), o S\u00e3o Bernardo foi l\u00edder ap\u00f3s vencer o S\u00e3o Paulo, neste domingo (26), o Palmeiras, ainda invicto no Paulist\u00e3o, retomou a ponta da tabela, ao <strong>vencer a Ferrovi\u00e1ria<\/strong> no Allianz Parque.<\/p>\n<p><span class=\"sc-dvXXZy epvZtk\">Com objetivos diferentes no Paulist\u00e3o, Palmeiras e Ferrovi\u00e1ria protagonizaram uma primeira etapa de marca\u00e7\u00e3o e poucas chances. ndrick, Veiga e Dudu at\u00e9 produziram, mas pararam em Saulo. Enquanto isso, a Ferrovi\u00e1ria apostou nos contra-ataques e teve uma \u00fanica chance, em chute de fora da \u00e1rea de Thonny Anderson que foi fora. <\/span><\/p>\n<p><span class=\"sc-dvXXZy epvZtk\">No fim, o time de Abel Ferreira conseguiu abrir vantagem. Antes do gol de Gabriel Menino, marcado de cabe\u00e7a aos 41 minutos ap\u00f3s cruzamento de Raphael Veiga, o Verd\u00e3o teve dificuldade para furar a retranca do time do interior.<br \/>\n<\/span><\/p>\n<p>No segundo tempo, o<span class=\"sc-dvXXZy epvZtk\"> Palmeiras n\u00e3o demorou muito para aumentar a vantagem. Aos 15, Raphael Veiga arriscou chute de fora da \u00e1rea e marcou o segundo. Com o jogo mais controlado, Abel Ferreira aproveitou para rodar o elenco e deu oportunidades para Giovani, L\u00f3pez, Breno Lopes, Jailson e Mayke. A Ferrovi\u00e1ria at\u00e9 descontou, com Matheus Lucas, mas s\u00f3 nos acr\u00e9scimos, e n\u00e3o teve tempo para amea\u00e7ar a vit\u00f3ria dos donos da casa. <\/span><\/p>\n<h3>Como fica?<\/h3>\n<p><span class=\"sc-dvXXZy epvZtk\">\u00danico invicto no Paulist\u00e3o e l\u00edder do Grupo D, o Palmeiras agora soma 27 pontos no Paulist\u00e3o, com oito vit\u00f3rias e tr\u00eas empates em 11 partidas. A Ferrovi\u00e1ria continua na zona de rebaixamento e tamb\u00e9m com chance de classifica\u00e7\u00e3o. Com apenas oito pontos, a equipe de Araraquara\u00a0n\u00e3o depende mais s\u00f3 dela para evitar a queda para a S\u00e9rie A2 do torneio estadual, mas ainda pode avan\u00e7ar \u00e0s quartas de final &#8211; o Grupo C tem o Corinthians na lideran\u00e7a (19 pontos), seguido por S\u00e3o Bento (dez pontos) e Ituano (nove pontos). <\/span><\/p>\n<p><span class=\"sc-dvXXZy epvZtk\">Na \u00faltima rodada do Paulist\u00e3o, o Palmeiras vai at\u00e9 Campinas enfrentar o Guarani, no domingo, \u00e0s 16h, mesmo dia e hor\u00e1rio da partida da Ferrovi\u00e1ria contra a Inter de Limeira, em Araraquara. <\/span><\/p>\n<p><strong>LEIA TAMB\u00c9M<\/strong><\/p>\n<p><a href=\"https:\/\/redenoticiaz.com.br\/blog\/2023\/02\/26\/santos-e-corinthians-empatam-em-jogo-com-polemicas\">Santos e Corinthians empatam em jogo com pol\u00eamicas<\/a><\/p>\n","protected":false},"excerpt":{"rendered":"<p>Se tem uma disputa que est\u00e1 eletrizante neste Campeonato Paulista \u00e9 a briga pela lideran\u00e7a geral. Se no s\u00e1bado (25), o S\u00e3o Bernardo foi l\u00edder ap\u00f3s vencer o S\u00e3o Paulo, neste domingo (26), o Palmeiras, ainda invicto no Paulist\u00e3o, retomou a ponta da tabela, ao vencer a Ferrovi\u00e1ria no Allianz Parque. Com objetivos diferentes no &hellip;<\/p>\n","protected":false},"author":6,"featured_media":101520,"comment_status":"open","ping_status":"closed","sticky":false,"template":"","format":"standard","meta":{"footnotes":""},"categories":[35],"tags":[20729,3712,15486,1416,60549,63622],"class_list":["post-101519","post","type-post","status-publish","format-standard","has-post-thumbnail","hentry","category-esporte","tag-allianz-parque","tag-campeonato-paulista","tag-ferroviaria","tag-palmeiras","tag-paulistao-2023","tag-verdao-invicto"],"yoast_head":"<!-- This site is optimized with the Yoast SEO plugin v27.4 - https:\/\/yoast.com\/product\/yoast-seo-wordpress\/ -->\n<title>Palmeiras vence a Ferrovi\u00e1ria e retoma a lideran\u00e7a geral do Paulist\u00e3o - Litoral SP<\/title>\n<meta name=\"description\" content=\"ap\u00f3s vencer o S\u00e3o Paulo, neste domingo (26), o Palmeiras, ainda invicto no Paulist\u00e3o, retomou a ponta da tabela, ao vencer a Ferrovi\u00e1ria no\" \/>\n<meta name=\"robots\" content=\"index, follow, max-snippet:-1, max-image-preview:large, max-video-preview:-1\" \/>\n<link rel=\"canonical\" href=\"https:\/\/redenoticiaz.com.br\/litoralsp\/2023\/02\/26\/palmeiras-vence-a-ferroviaria-e-retoma-a-lideranca-geral-do-paulistao\" \/>\n<meta property=\"og:locale\" content=\"pt_BR\" \/>\n<meta property=\"og:type\" content=\"article\" \/>\n<meta property=\"og:title\" content=\"Palmeiras vence a Ferrovi\u00e1ria e retoma a lideran\u00e7a geral do Paulist\u00e3o - Litoral SP\" \/>\n<meta property=\"og:description\" content=\"ap\u00f3s vencer o S\u00e3o Paulo, neste domingo (26), o Palmeiras, ainda invicto no Paulist\u00e3o, retomou a ponta da tabela, ao vencer a Ferrovi\u00e1ria no\" \/>\n<meta property=\"og:url\" content=\"https:\/\/redenoticiaz.com.br\/litoralsp\/2023\/02\/26\/palmeiras-vence-a-ferroviaria-e-retoma-a-lideranca-geral-do-paulistao\" \/>\n<meta property=\"og:site_name\" content=\"Litoral SP\" \/>\n<meta property=\"article:published_time\" content=\"2023-02-27T02:22:36+00:00\" \/>\n<meta name=\"author\" content=\"Leonardo Francisco\" \/>\n<meta name=\"twitter:card\" content=\"summary_large_image\" \/>\n<meta name=\"twitter:image\" content=\"https:\/\/redenoticiaz.com.br\/litoralsp\/wp-content\/uploads\/sites\/3\/2023\/02\/PALXFER.jpg?v=1677464477\" \/>\n<meta name=\"twitter:label1\" content=\"Escrito por\" \/>\n\t<meta name=\"twitter:data1\" content=\"Leonardo Francisco\" \/>\n\t<meta name=\"twitter:label2\" content=\"Est. tempo de leitura\" \/>\n\t<meta name=\"twitter:data2\" content=\"2 minutos\" \/>\n<script type=\"application\/ld+json\" class=\"yoast-schema-graph\">{\"@context\":\"https:\\\/\\\/schema.org\",\"@graph\":[{\"@type\":\"Article\",\"@id\":\"https:\\\/\\\/redenoticiaz.com.br\\\/litoralsp\\\/2023\\\/02\\\/26\\\/palmeiras-vence-a-ferroviaria-e-retoma-a-lideranca-geral-do-paulistao#article\",\"isPartOf\":{\"@id\":\"https:\\\/\\\/redenoticiaz.com.br\\\/litoralsp\\\/2023\\\/02\\\/26\\\/palmeiras-vence-a-ferroviaria-e-retoma-a-lideranca-geral-do-paulistao\"},\"author\":{\"name\":\"Leonardo Francisco\",\"@id\":\"https:\\\/\\\/redenoticiaz.com.br\\\/litoralsp\\\/#\\\/schema\\\/person\\\/0f0b8a5bdafefe82841e07ae8d81ecb3\"},\"headline\":\"Palmeiras vence a Ferrovi\u00e1ria e retoma a lideran\u00e7a geral do Paulist\u00e3o\",\"datePublished\":\"2023-02-27T02:22:36+00:00\",\"mainEntityOfPage\":{\"@id\":\"https:\\\/\\\/redenoticiaz.com.br\\\/litoralsp\\\/2023\\\/02\\\/26\\\/palmeiras-vence-a-ferroviaria-e-retoma-a-lideranca-geral-do-paulistao\"},\"wordCount\":395,\"commentCount\":0,\"publisher\":{\"@id\":\"https:\\\/\\\/redenoticiaz.com.br\\\/litoralsp\\\/#organization\"},\"image\":{\"@id\":\"https:\\\/\\\/redenoticiaz.com.br\\\/litoralsp\\\/2023\\\/02\\\/26\\\/palmeiras-vence-a-ferroviaria-e-retoma-a-lideranca-geral-do-paulistao#primaryimage\"},\"thumbnailUrl\":\"https:\\\/\\\/redenoticiaz.com.br\\\/litoralsp\\\/wp-content\\\/uploads\\\/sites\\\/3\\\/2023\\\/02\\\/PALXFER.jpg?v=1677464477\",\"keywords\":[\"ALLIANZ PARQUE\",\"CAMPEONATO PAULISTA\",\"FERROVI\u00c1RIA\",\"Palmeiras\",\"paulist\u00e3o 2023\",\"VERD\u00c3O INVICTO\"],\"articleSection\":[\"Esporte\"],\"inLanguage\":\"pt-BR\",\"potentialAction\":[{\"@type\":\"CommentAction\",\"name\":\"Comment\",\"target\":[\"https:\\\/\\\/redenoticiaz.com.br\\\/litoralsp\\\/2023\\\/02\\\/26\\\/palmeiras-vence-a-ferroviaria-e-retoma-a-lideranca-geral-do-paulistao#respond\"]}]},{\"@type\":\"WebPage\",\"@id\":\"https:\\\/\\\/redenoticiaz.com.br\\\/litoralsp\\\/2023\\\/02\\\/26\\\/palmeiras-vence-a-ferroviaria-e-retoma-a-lideranca-geral-do-paulistao\",\"url\":\"https:\\\/\\\/redenoticiaz.com.br\\\/litoralsp\\\/2023\\\/02\\\/26\\\/palmeiras-vence-a-ferroviaria-e-retoma-a-lideranca-geral-do-paulistao\",\"name\":\"Palmeiras vence a Ferrovi\u00e1ria e retoma a lideran\u00e7a geral do Paulist\u00e3o - Litoral SP\",\"isPartOf\":{\"@id\":\"https:\\\/\\\/redenoticiaz.com.br\\\/litoralsp\\\/#website\"},\"primaryImageOfPage\":{\"@id\":\"https:\\\/\\\/redenoticiaz.com.br\\\/litoralsp\\\/2023\\\/02\\\/26\\\/palmeiras-vence-a-ferroviaria-e-retoma-a-lideranca-geral-do-paulistao#primaryimage\"},\"image\":{\"@id\":\"https:\\\/\\\/redenoticiaz.com.br\\\/litoralsp\\\/2023\\\/02\\\/26\\\/palmeiras-vence-a-ferroviaria-e-retoma-a-lideranca-geral-do-paulistao#primaryimage\"},\"thumbnailUrl\":\"https:\\\/\\\/redenoticiaz.com.br\\\/litoralsp\\\/wp-content\\\/uploads\\\/sites\\\/3\\\/2023\\\/02\\\/PALXFER.jpg?v=1677464477\",\"datePublished\":\"2023-02-27T02:22:36+00:00\",\"description\":\"ap\u00f3s vencer o S\u00e3o Paulo, neste domingo (26), o Palmeiras, ainda invicto no Paulist\u00e3o, retomou a ponta da tabela, ao vencer a Ferrovi\u00e1ria no\",\"inLanguage\":\"pt-BR\",\"potentialAction\":[{\"@type\":\"ReadAction\",\"target\":[\"https:\\\/\\\/redenoticiaz.com.br\\\/litoralsp\\\/2023\\\/02\\\/26\\\/palmeiras-vence-a-ferroviaria-e-retoma-a-lideranca-geral-do-paulistao\"]}]},{\"@type\":\"ImageObject\",\"inLanguage\":\"pt-BR\",\"@id\":\"https:\\\/\\\/redenoticiaz.com.br\\\/litoralsp\\\/2023\\\/02\\\/26\\\/palmeiras-vence-a-ferroviaria-e-retoma-a-lideranca-geral-do-paulistao#primaryimage\",\"url\":\"https:\\\/\\\/redenoticiaz.com.br\\\/litoralsp\\\/wp-content\\\/uploads\\\/sites\\\/3\\\/2023\\\/02\\\/PALXFER.jpg?v=1677464477\",\"contentUrl\":\"https:\\\/\\\/redenoticiaz.com.br\\\/litoralsp\\\/wp-content\\\/uploads\\\/sites\\\/3\\\/2023\\\/02\\\/PALXFER.jpg?v=1677464477\",\"width\":592,\"height\":322,\"caption\":\"Cr\u00e9ditos: Divulga\u00e7\u00e3o\\\/AGIF\"},{\"@type\":\"WebSite\",\"@id\":\"https:\\\/\\\/redenoticiaz.com.br\\\/litoralsp\\\/#website\",\"url\":\"https:\\\/\\\/redenoticiaz.com.br\\\/litoralsp\\\/\",\"name\":\"Litoral SP\",\"description\":\"Rede NoticiaZ\",\"publisher\":{\"@id\":\"https:\\\/\\\/redenoticiaz.com.br\\\/litoralsp\\\/#organization\"},\"potentialAction\":[{\"@type\":\"SearchAction\",\"target\":{\"@type\":\"EntryPoint\",\"urlTemplate\":\"https:\\\/\\\/redenoticiaz.com.br\\\/litoralsp\\\/?s={search_term_string}\"},\"query-input\":{\"@type\":\"PropertyValueSpecification\",\"valueRequired\":true,\"valueName\":\"search_term_string\"}}],\"inLanguage\":\"pt-BR\"},{\"@type\":\"Organization\",\"@id\":\"https:\\\/\\\/redenoticiaz.com.br\\\/litoralsp\\\/#organization\",\"name\":\"Litoral SP\",\"url\":\"https:\\\/\\\/redenoticiaz.com.br\\\/litoralsp\\\/\",\"logo\":{\"@type\":\"ImageObject\",\"inLanguage\":\"pt-BR\",\"@id\":\"https:\\\/\\\/redenoticiaz.com.br\\\/litoralsp\\\/#\\\/schema\\\/logo\\\/image\\\/\",\"url\":\"https:\\\/\\\/redenoticiaz.com.br\\\/litoralsp\\\/wp-content\\\/uploads\\\/sites\\\/3\\\/2020\\\/11\\\/logo.jpg\",\"contentUrl\":\"https:\\\/\\\/redenoticiaz.com.br\\\/litoralsp\\\/wp-content\\\/uploads\\\/sites\\\/3\\\/2020\\\/11\\\/logo.jpg\",\"width\":400,\"height\":250,\"caption\":\"Litoral SP\"},\"image\":{\"@id\":\"https:\\\/\\\/redenoticiaz.com.br\\\/litoralsp\\\/#\\\/schema\\\/logo\\\/image\\\/\"}},{\"@type\":\"Person\",\"@id\":\"https:\\\/\\\/redenoticiaz.com.br\\\/litoralsp\\\/#\\\/schema\\\/person\\\/0f0b8a5bdafefe82841e07ae8d81ecb3\",\"name\":\"Leonardo Francisco\",\"image\":{\"@type\":\"ImageObject\",\"inLanguage\":\"pt-BR\",\"@id\":\"https:\\\/\\\/secure.gravatar.com\\\/avatar\\\/a7358cb406a99b682ec6df1e77e31ae82e63601f6784e8a3df411d72b37864da?s=96&d=mm&r=g\",\"url\":\"https:\\\/\\\/secure.gravatar.com\\\/avatar\\\/a7358cb406a99b682ec6df1e77e31ae82e63601f6784e8a3df411d72b37864da?s=96&d=mm&r=g\",\"contentUrl\":\"https:\\\/\\\/secure.gravatar.com\\\/avatar\\\/a7358cb406a99b682ec6df1e77e31ae82e63601f6784e8a3df411d72b37864da?s=96&d=mm&r=g\",\"caption\":\"Leonardo Francisco\"},\"url\":\"https:\\\/\\\/redenoticiaz.com.br\\\/litoralsp\\\/author\\\/leonardo-francisco\"}]}<\/script>\n<!-- \/ Yoast SEO plugin. -->","yoast_head_json":{"title":"Palmeiras vence a Ferrovi\u00e1ria e retoma a lideran\u00e7a geral do Paulist\u00e3o - Litoral SP","description":"ap\u00f3s vencer o S\u00e3o Paulo, neste domingo (26), o Palmeiras, ainda invicto no Paulist\u00e3o, retomou a ponta da tabela, ao vencer a Ferrovi\u00e1ria no","robots":{"index":"index","follow":"follow","max-snippet":"max-snippet:-1","max-image-preview":"max-image-preview:large","max-video-preview":"max-video-preview:-1"},"canonical":"https:\/\/redenoticiaz.com.br\/litoralsp\/2023\/02\/26\/palmeiras-vence-a-ferroviaria-e-retoma-a-lideranca-geral-do-paulistao","og_locale":"pt_BR","og_type":"article","og_title":"Palmeiras vence a Ferrovi\u00e1ria e retoma a lideran\u00e7a geral do Paulist\u00e3o - Litoral SP","og_description":"ap\u00f3s vencer o S\u00e3o Paulo, neste domingo (26), o Palmeiras, ainda invicto no Paulist\u00e3o, retomou a ponta da tabela, ao vencer a Ferrovi\u00e1ria no","og_url":"https:\/\/redenoticiaz.com.br\/litoralsp\/2023\/02\/26\/palmeiras-vence-a-ferroviaria-e-retoma-a-lideranca-geral-do-paulistao","og_site_name":"Litoral SP","article_published_time":"2023-02-27T02:22:36+00:00","author":"Leonardo Francisco","twitter_card":"summary_large_image","twitter_image":"https:\/\/redenoticiaz.com.br\/litoralsp\/wp-content\/uploads\/sites\/3\/2023\/02\/PALXFER.jpg?v=1677464477","twitter_misc":{"Escrito por":"Leonardo Francisco","Est. tempo de leitura":"2 minutos"},"schema":{"@context":"https:\/\/schema.org","@graph":[{"@type":"Article","@id":"https:\/\/redenoticiaz.com.br\/litoralsp\/2023\/02\/26\/palmeiras-vence-a-ferroviaria-e-retoma-a-lideranca-geral-do-paulistao#article","isPartOf":{"@id":"https:\/\/redenoticiaz.com.br\/litoralsp\/2023\/02\/26\/palmeiras-vence-a-ferroviaria-e-retoma-a-lideranca-geral-do-paulistao"},"author":{"name":"Leonardo Francisco","@id":"https:\/\/redenoticiaz.com.br\/litoralsp\/#\/schema\/person\/0f0b8a5bdafefe82841e07ae8d81ecb3"},"headline":"Palmeiras vence a Ferrovi\u00e1ria e retoma a lideran\u00e7a geral do Paulist\u00e3o","datePublished":"2023-02-27T02:22:36+00:00","mainEntityOfPage":{"@id":"https:\/\/redenoticiaz.com.br\/litoralsp\/2023\/02\/26\/palmeiras-vence-a-ferroviaria-e-retoma-a-lideranca-geral-do-paulistao"},"wordCount":395,"commentCount":0,"publisher":{"@id":"https:\/\/redenoticiaz.com.br\/litoralsp\/#organization"},"image":{"@id":"https:\/\/redenoticiaz.com.br\/litoralsp\/2023\/02\/26\/palmeiras-vence-a-ferroviaria-e-retoma-a-lideranca-geral-do-paulistao#primaryimage"},"thumbnailUrl":"https:\/\/redenoticiaz.com.br\/litoralsp\/wp-content\/uploads\/sites\/3\/2023\/02\/PALXFER.jpg?v=1677464477","keywords":["ALLIANZ PARQUE","CAMPEONATO PAULISTA","FERROVI\u00c1RIA","Palmeiras","paulist\u00e3o 2023","VERD\u00c3O INVICTO"],"articleSection":["Esporte"],"inLanguage":"pt-BR","potentialAction":[{"@type":"CommentAction","name":"Comment","target":["https:\/\/redenoticiaz.com.br\/litoralsp\/2023\/02\/26\/palmeiras-vence-a-ferroviaria-e-retoma-a-lideranca-geral-do-paulistao#respond"]}]},{"@type":"WebPage","@id":"https:\/\/redenoticiaz.com.br\/litoralsp\/2023\/02\/26\/palmeiras-vence-a-ferroviaria-e-retoma-a-lideranca-geral-do-paulistao","url":"https:\/\/redenoticiaz.com.br\/litoralsp\/2023\/02\/26\/palmeiras-vence-a-ferroviaria-e-retoma-a-lideranca-geral-do-paulistao","name":"Palmeiras vence a Ferrovi\u00e1ria e retoma a lideran\u00e7a geral do Paulist\u00e3o - Litoral SP","isPartOf":{"@id":"https:\/\/redenoticiaz.com.br\/litoralsp\/#website"},"primaryImageOfPage":{"@id":"https:\/\/redenoticiaz.com.br\/litoralsp\/2023\/02\/26\/palmeiras-vence-a-ferroviaria-e-retoma-a-lideranca-geral-do-paulistao#primaryimage"},"image":{"@id":"https:\/\/redenoticiaz.com.br\/litoralsp\/2023\/02\/26\/palmeiras-vence-a-ferroviaria-e-retoma-a-lideranca-geral-do-paulistao#primaryimage"},"thumbnailUrl":"https:\/\/redenoticiaz.com.br\/litoralsp\/wp-content\/uploads\/sites\/3\/2023\/02\/PALXFER.jpg?v=1677464477","datePublished":"2023-02-27T02:22:36+00:00","description":"ap\u00f3s vencer o S\u00e3o Paulo, neste domingo (26), o Palmeiras, ainda invicto no Paulist\u00e3o, retomou a ponta da tabela, ao vencer a Ferrovi\u00e1ria no","inLanguage":"pt-BR","potentialAction":[{"@type":"ReadAction","target":["https:\/\/redenoticiaz.com.br\/litoralsp\/2023\/02\/26\/palmeiras-vence-a-ferroviaria-e-retoma-a-lideranca-geral-do-paulistao"]}]},{"@type":"ImageObject","inLanguage":"pt-BR","@id":"https:\/\/redenoticiaz.com.br\/litoralsp\/2023\/02\/26\/palmeiras-vence-a-ferroviaria-e-retoma-a-lideranca-geral-do-paulistao#primaryimage","url":"https:\/\/redenoticiaz.com.br\/litoralsp\/wp-content\/uploads\/sites\/3\/2023\/02\/PALXFER.jpg?v=1677464477","contentUrl":"https:\/\/redenoticiaz.com.br\/litoralsp\/wp-content\/uploads\/sites\/3\/2023\/02\/PALXFER.jpg?v=1677464477","width":592,"height":322,"caption":"Cr\u00e9ditos: Divulga\u00e7\u00e3o\/AGIF"},{"@type":"WebSite","@id":"https:\/\/redenoticiaz.com.br\/litoralsp\/#website","url":"https:\/\/redenoticiaz.com.br\/litoralsp\/","name":"Litoral SP","description":"Rede NoticiaZ","publisher":{"@id":"https:\/\/redenoticiaz.com.br\/litoralsp\/#organization"},"potentialAction":[{"@type":"SearchAction","target":{"@type":"EntryPoint","urlTemplate":"https:\/\/redenoticiaz.com.br\/litoralsp\/?s={search_term_string}"},"query-input":{"@type":"PropertyValueSpecification","valueRequired":true,"valueName":"search_term_string"}}],"inLanguage":"pt-BR"},{"@type":"Organization","@id":"https:\/\/redenoticiaz.com.br\/litoralsp\/#organization","name":"Litoral SP","url":"https:\/\/redenoticiaz.com.br\/litoralsp\/","logo":{"@type":"ImageObject","inLanguage":"pt-BR","@id":"https:\/\/redenoticiaz.com.br\/litoralsp\/#\/schema\/logo\/image\/","url":"https:\/\/redenoticiaz.com.br\/litoralsp\/wp-content\/uploads\/sites\/3\/2020\/11\/logo.jpg","contentUrl":"https:\/\/redenoticiaz.com.br\/litoralsp\/wp-content\/uploads\/sites\/3\/2020\/11\/logo.jpg","width":400,"height":250,"caption":"Litoral SP"},"image":{"@id":"https:\/\/redenoticiaz.com.br\/litoralsp\/#\/schema\/logo\/image\/"}},{"@type":"Person","@id":"https:\/\/redenoticiaz.com.br\/litoralsp\/#\/schema\/person\/0f0b8a5bdafefe82841e07ae8d81ecb3","name":"Leonardo Francisco","image":{"@type":"ImageObject","inLanguage":"pt-BR","@id":"https:\/\/secure.gravatar.com\/avatar\/a7358cb406a99b682ec6df1e77e31ae82e63601f6784e8a3df411d72b37864da?s=96&d=mm&r=g","url":"https:\/\/secure.gravatar.com\/avatar\/a7358cb406a99b682ec6df1e77e31ae82e63601f6784e8a3df411d72b37864da?s=96&d=mm&r=g","contentUrl":"https:\/\/secure.gravatar.com\/avatar\/a7358cb406a99b682ec6df1e77e31ae82e63601f6784e8a3df411d72b37864da?s=96&d=mm&r=g","caption":"Leonardo Francisco"},"url":"https:\/\/redenoticiaz.com.br\/litoralsp\/author\/leonardo-francisco"}]}},"_links":{"self":[{"href":"https:\/\/redenoticiaz.com.br\/litoralsp\/wp-json\/wp\/v2\/posts\/101519","targetHints":{"allow":["GET"]}}],"collection":[{"href":"https:\/\/redenoticiaz.com.br\/litoralsp\/wp-json\/wp\/v2\/posts"}],"about":[{"href":"https:\/\/redenoticiaz.com.br\/litoralsp\/wp-json\/wp\/v2\/types\/post"}],"author":[{"embeddable":true,"href":"https:\/\/redenoticiaz.com.br\/litoralsp\/wp-json\/wp\/v2\/users\/6"}],"replies":[{"embeddable":true,"href":"https:\/\/redenoticiaz.com.br\/litoralsp\/wp-json\/wp\/v2\/comments?post=101519"}],"version-history":[{"count":0,"href":"https:\/\/redenoticiaz.com.br\/litoralsp\/wp-json\/wp\/v2\/posts\/101519\/revisions"}],"wp:featuredmedia":[{"embeddable":true,"href":"https:\/\/redenoticiaz.com.br\/litoralsp\/wp-json\/wp\/v2\/media\/101520"}],"wp:attachment":[{"href":"https:\/\/redenoticiaz.com.br\/litoralsp\/wp-json\/wp\/v2\/media?parent=101519"}],"wp:term":[{"taxonomy":"category","embeddable":true,"href":"https:\/\/redenoticiaz.com.br\/litoralsp\/wp-json\/wp\/v2\/categories?post=101519"},{"taxonomy":"post_tag","embeddable":true,"href":"https:\/\/redenoticiaz.com.br\/litoralsp\/wp-json\/wp\/v2\/tags?post=101519"}],"curies":[{"name":"wp","href":"https:\/\/api.w.org\/{rel}","templated":true}]}}