{"id":101541,"date":"2023-02-27T11:48:10","date_gmt":"2023-02-27T14:48:10","guid":{"rendered":"https:\/\/redenoticiaz.com.br\/litoralsp\/?p=101541"},"modified":"2023-02-27T11:48:10","modified_gmt":"2023-02-27T14:48:10","slug":"aulas-de-producao-audiovisual-do-instituto-quero-tem-inscricoes-abertas","status":"publish","type":"post","link":"https:\/\/redenoticiaz.com.br\/litoralsp\/2023\/02\/27\/aulas-de-producao-audiovisual-do-instituto-quero-tem-inscricoes-abertas","title":{"rendered":"Aulas de produ\u00e7\u00e3o audiovisual do Instituto Quer\u00f4 tem inscri\u00e7\u00f5es abertas"},"content":{"rendered":"<div id=\"chunk-5b4r0\">\n<div class=\"mc-column content-text active-extra-styles \" data-block-type=\"unstyled\" data-block-weight=\"47\" data-block-id=\"3\">\n<p class=\"content-text__container \" data-track-category=\"Link no Texto\" data-track-links=\"\">Quem deseja mergulhar no mundo do cinema e na televis\u00e3o tem uma \u00f3tima oportunidade com o Projeto Oficinas Quer\u00f4. O instituto est\u00e1 com inscri\u00e7\u00f5es abertas para a nova turma do <strong>curso de audiovisual<\/strong>. As vagas s\u00e3o para jovens de 14 a 18 anos, de baixa renda, que residem na Baixada Santista.<\/p>\n<\/div>\n<\/div>\n<div class=\"wall protected-content\">\n<div id=\"chunk-a11pj\">\n<div class=\"mc-column content-text active-extra-styles \" data-block-type=\"unstyled\" data-block-weight=\"63\" data-block-id=\"4\">\n<p class=\"content-text__container \" data-track-category=\"Link no Texto\" data-track-links=\"\">Ao todo, 40 jovens ser\u00e3o selecionados para a nova turma das Oficinas Quer\u00f4 \u2013 Primeiro Ano. Al\u00e9m de gratuito, o curso oferece transporte, acompanhamento psicossocial aos jovens junto \u00e0s suas fam\u00edlias e a possibilidade de participar de eventos e passeios culturais. As aulas acontecer\u00e3o em formato h\u00edbrido (presenciais e online), de segunda a sexta, das 15h \u00e0s 18h, de abril a dezembro.<\/p>\n<p data-track-category=\"Link no Texto\" data-track-links=\"\">Podem se inscrever jovens de 14 a 18 anos, estudantes de escolas p\u00fablicas (ou que tenham conclu\u00eddo o ensino m\u00e9dio em escolas p\u00fablicas) das cidades de Santos, S\u00e3o Vicente, Praia Grande e Cubat\u00e3o, sendo de baixa renda familiar. Eles ir\u00e3o participar de um processo seletivo. O curso \u00e9 gratuito e as inscri\u00e7\u00f5es seguem at\u00e9 20 de mar\u00e7o <a href=\"http:\/\/bit.ly\/oficinasquero2023\" target=\"_blank\" rel=\"noopener\">por meio deste link<\/a>.<\/p>\n<div id=\"chunk-9u2o3\">\n<div class=\"mc-column content-text active-extra-styles \" data-block-type=\"unstyled\" data-block-weight=\"33\" data-block-id=\"9\">\n<p class=\"content-text__container \" data-track-category=\"Link no Texto\" data-track-links=\"\">As Oficinas Quer\u00f4 utilizam o audiovisual como forma de socializa\u00e7\u00e3o de jovens, buscando fortalecer suas identidades, dar voz \u00e0s suas hist\u00f3rias, adquirir conhecimentos e despertar habilidades para a transforma\u00e7\u00e3o pessoal e profissional.<\/p>\n<h3 data-track-category=\"Link no Texto\">O curso<\/h3>\n<\/div>\n<\/div>\n<div id=\"chunk-5jp0a\">\n<div class=\"mc-column content-text active-extra-styles \" data-block-type=\"unstyled\" data-block-weight=\"56\" data-block-id=\"10\">\n<p class=\"content-text__container \" data-track-category=\"Link no Texto\" data-track-links=\"\">Durante um ano, os 40 selecionados aprendem as principais etapas de uma produ\u00e7\u00e3o audiovisual, produzindo no m\u00ednimo, 3 curtas-metragens. Os jovens que mais se destacam no primeiro ano de curso t\u00eam a possibilidade de, no ano seguinte, ingressarem nas Oficinas Quer\u00f4 \u2013 Segundo Ano, para aprimorarem as habilidades e a produ\u00e7\u00e3o de mais 1 curta-metragem.<\/p>\n<div id=\"chunk-8j6so\">\n<div class=\"mc-column content-text active-extra-styles \" data-block-type=\"unstyled\" data-block-weight=\"45\" data-block-id=\"12\">\n<p class=\"content-text__container \" data-track-category=\"Link no Texto\" data-track-links=\"\">Todos os filmes s\u00e3o roteirizados, produzidos e gravados pelos pr\u00f3prios jovens, sob orienta\u00e7\u00e3o da equipe Quer\u00f4 e de aulas com profissionais do cinema nacional convidados. Ap\u00f3s lan\u00e7ados, os filmes s\u00e3o inscritos nos principais festivais de cinema do pa\u00eds e posteriormente disponibilizados publicamente no YouTube.<\/p>\n<\/div>\n<\/div>\n<div id=\"chunk-3eph6\">\n<div class=\"mc-column content-text active-extra-styles \" data-block-type=\"unstyled\" data-block-weight=\"63\" data-block-id=\"13\">\n<p class=\"content-text__container \" data-track-category=\"Link no Texto\" data-track-links=\"\">O Quer\u00f4 \u00e9 uma institui\u00e7\u00e3o sem fins lucrativos de Santos que busca promover o acesso \u00e0 arte e a cultura e estimular a transforma\u00e7\u00e3o humana e cidad\u00e3 de jovens de baixa renda e moradores de comunidades por meio da capacita\u00e7\u00e3o e produ\u00e7\u00e3o audiovisual. Mais de 500 jovens j\u00e1 se capacitaram nas Oficinas e mais de 400 obras audiovisuais foram realizadas, conquistando 105 pr\u00eamios.<\/p>\n<p data-track-category=\"Link no Texto\" data-track-links=\"\"><strong>LEIA TAMB\u00c9M<\/strong><\/p>\n<p data-track-category=\"Link no Texto\" data-track-links=\"\"><a href=\"https:\/\/redenoticiaz.com.br\/litoralsp\/2023\/02\/26\/video-claudia-leitte-se-assusta-com-ghostface-em-acao-da-paramount-pictures-durante-o-carnaval-de-salvador\">V\u00eddeo \u2013 Claudia Leitte se assusta com Ghostface em a\u00e7\u00e3o da Paramount Pictures durante o Carnaval de Salvador<\/a><\/p>\n<\/div>\n<\/div>\n<\/div>\n<\/div>\n<\/div>\n<\/div>\n<\/div>\n","protected":false},"excerpt":{"rendered":"<p>Quem deseja mergulhar no mundo do cinema e na televis\u00e3o tem uma \u00f3tima oportunidade com o Projeto Oficinas Quer\u00f4. O instituto est\u00e1 com inscri\u00e7\u00f5es abertas para a nova turma do curso de audiovisual. As vagas s\u00e3o para jovens de 14 a 18 anos, de baixa renda, que residem na Baixada Santista. Ao todo, 40 jovens &hellip;<\/p>\n","protected":false},"author":6,"featured_media":101542,"comment_status":"open","ping_status":"closed","sticky":false,"template":"","format":"standard","meta":{"footnotes":""},"categories":[169,180],"tags":[1148,63632,11132,63634,63633,986],"class_list":["post-101541","post","type-post","status-publish","format-standard","has-post-thumbnail","hentry","category-cultura","category-santos","tag-baixada-santista","tag-curso-de-audiovisual","tag-inscricoes-abertas","tag-instituto-quero","tag-projeto-quero","tag-santos"],"yoast_head":"<!-- This site is optimized with the Yoast SEO plugin v27.5 - https:\/\/yoast.com\/product\/yoast-seo-wordpress\/ -->\n<title>Aulas de produ\u00e7\u00e3o audiovisual do Instituto Quer\u00f4 tem inscri\u00e7\u00f5es abertas - Litoral SP<\/title>\n<meta name=\"description\" content=\"Quer\u00f4. O instituto est\u00e1 com inscri\u00e7\u00f5es abertas para a nova turma do curso de audiovisual. As vagas s\u00e3o para jovens de 14 a 18 anos,\" \/>\n<meta name=\"robots\" content=\"index, follow, max-snippet:-1, max-image-preview:large, max-video-preview:-1\" \/>\n<link rel=\"canonical\" href=\"https:\/\/redenoticiaz.com.br\/litoralsp\/2023\/02\/27\/aulas-de-producao-audiovisual-do-instituto-quero-tem-inscricoes-abertas\" \/>\n<meta property=\"og:locale\" content=\"pt_BR\" \/>\n<meta property=\"og:type\" content=\"article\" \/>\n<meta property=\"og:title\" content=\"Aulas de produ\u00e7\u00e3o audiovisual do Instituto Quer\u00f4 tem inscri\u00e7\u00f5es abertas - Litoral SP\" \/>\n<meta property=\"og:description\" content=\"Quer\u00f4. O instituto est\u00e1 com inscri\u00e7\u00f5es abertas para a nova turma do curso de audiovisual. As vagas s\u00e3o para jovens de 14 a 18 anos,\" \/>\n<meta property=\"og:url\" content=\"https:\/\/redenoticiaz.com.br\/litoralsp\/2023\/02\/27\/aulas-de-producao-audiovisual-do-instituto-quero-tem-inscricoes-abertas\" \/>\n<meta property=\"og:site_name\" content=\"Litoral SP\" \/>\n<meta property=\"article:published_time\" content=\"2023-02-27T14:48:10+00:00\" \/>\n<meta property=\"og:image\" content=\"https:\/\/redenoticiaz.com.br\/litoralsp\/wp-content\/uploads\/sites\/3\/2023\/02\/AUDIOVISUAL.jpg\" \/>\n\t<meta property=\"og:image:width\" content=\"544\" \/>\n\t<meta property=\"og:image:height\" content=\"416\" \/>\n\t<meta property=\"og:image:type\" content=\"image\/jpeg\" \/>\n<meta name=\"author\" content=\"Leonardo Francisco\" \/>\n<meta name=\"twitter:card\" content=\"summary_large_image\" \/>\n<meta name=\"twitter:label1\" content=\"Escrito por\" \/>\n\t<meta name=\"twitter:data1\" content=\"Leonardo Francisco\" \/>\n\t<meta name=\"twitter:label2\" content=\"Est. tempo de leitura\" \/>\n\t<meta name=\"twitter:data2\" content=\"3 minutos\" \/>\n<script type=\"application\/ld+json\" class=\"yoast-schema-graph\">{\"@context\":\"https:\\\/\\\/schema.org\",\"@graph\":[{\"@type\":\"Article\",\"@id\":\"https:\\\/\\\/redenoticiaz.com.br\\\/litoralsp\\\/2023\\\/02\\\/27\\\/aulas-de-producao-audiovisual-do-instituto-quero-tem-inscricoes-abertas#article\",\"isPartOf\":{\"@id\":\"https:\\\/\\\/redenoticiaz.com.br\\\/litoralsp\\\/2023\\\/02\\\/27\\\/aulas-de-producao-audiovisual-do-instituto-quero-tem-inscricoes-abertas\"},\"author\":{\"name\":\"Leonardo Francisco\",\"@id\":\"https:\\\/\\\/redenoticiaz.com.br\\\/litoralsp\\\/#\\\/schema\\\/person\\\/0f0b8a5bdafefe82841e07ae8d81ecb3\"},\"headline\":\"Aulas de produ\u00e7\u00e3o audiovisual do Instituto Quer\u00f4 tem inscri\u00e7\u00f5es abertas\",\"datePublished\":\"2023-02-27T14:48:10+00:00\",\"mainEntityOfPage\":{\"@id\":\"https:\\\/\\\/redenoticiaz.com.br\\\/litoralsp\\\/2023\\\/02\\\/27\\\/aulas-de-producao-audiovisual-do-instituto-quero-tem-inscricoes-abertas\"},\"wordCount\":423,\"commentCount\":0,\"publisher\":{\"@id\":\"https:\\\/\\\/redenoticiaz.com.br\\\/litoralsp\\\/#organization\"},\"image\":{\"@id\":\"https:\\\/\\\/redenoticiaz.com.br\\\/litoralsp\\\/2023\\\/02\\\/27\\\/aulas-de-producao-audiovisual-do-instituto-quero-tem-inscricoes-abertas#primaryimage\"},\"thumbnailUrl\":\"https:\\\/\\\/redenoticiaz.com.br\\\/litoralsp\\\/wp-content\\\/uploads\\\/sites\\\/3\\\/2023\\\/02\\\/AUDIOVISUAL.jpg\",\"keywords\":[\"BAIXADA SANTISTA\",\"CURSO DE AUDIOVISUAL\",\"INSCRI\u00c7\u00d5ES ABERTAS\",\"INSTITUTO QUER\u00d4\",\"PROJETO QUER\u00d4\",\"Santos\"],\"articleSection\":[\"Cultura\",\"Santos\"],\"inLanguage\":\"pt-BR\",\"potentialAction\":[{\"@type\":\"CommentAction\",\"name\":\"Comment\",\"target\":[\"https:\\\/\\\/redenoticiaz.com.br\\\/litoralsp\\\/2023\\\/02\\\/27\\\/aulas-de-producao-audiovisual-do-instituto-quero-tem-inscricoes-abertas#respond\"]}]},{\"@type\":\"WebPage\",\"@id\":\"https:\\\/\\\/redenoticiaz.com.br\\\/litoralsp\\\/2023\\\/02\\\/27\\\/aulas-de-producao-audiovisual-do-instituto-quero-tem-inscricoes-abertas\",\"url\":\"https:\\\/\\\/redenoticiaz.com.br\\\/litoralsp\\\/2023\\\/02\\\/27\\\/aulas-de-producao-audiovisual-do-instituto-quero-tem-inscricoes-abertas\",\"name\":\"Aulas de produ\u00e7\u00e3o audiovisual do Instituto Quer\u00f4 tem inscri\u00e7\u00f5es abertas - Litoral SP\",\"isPartOf\":{\"@id\":\"https:\\\/\\\/redenoticiaz.com.br\\\/litoralsp\\\/#website\"},\"primaryImageOfPage\":{\"@id\":\"https:\\\/\\\/redenoticiaz.com.br\\\/litoralsp\\\/2023\\\/02\\\/27\\\/aulas-de-producao-audiovisual-do-instituto-quero-tem-inscricoes-abertas#primaryimage\"},\"image\":{\"@id\":\"https:\\\/\\\/redenoticiaz.com.br\\\/litoralsp\\\/2023\\\/02\\\/27\\\/aulas-de-producao-audiovisual-do-instituto-quero-tem-inscricoes-abertas#primaryimage\"},\"thumbnailUrl\":\"https:\\\/\\\/redenoticiaz.com.br\\\/litoralsp\\\/wp-content\\\/uploads\\\/sites\\\/3\\\/2023\\\/02\\\/AUDIOVISUAL.jpg\",\"datePublished\":\"2023-02-27T14:48:10+00:00\",\"description\":\"Quer\u00f4. O instituto est\u00e1 com inscri\u00e7\u00f5es abertas para a nova turma do curso de audiovisual. As vagas s\u00e3o para jovens de 14 a 18 anos,\",\"inLanguage\":\"pt-BR\",\"potentialAction\":[{\"@type\":\"ReadAction\",\"target\":[\"https:\\\/\\\/redenoticiaz.com.br\\\/litoralsp\\\/2023\\\/02\\\/27\\\/aulas-de-producao-audiovisual-do-instituto-quero-tem-inscricoes-abertas\"]}]},{\"@type\":\"ImageObject\",\"inLanguage\":\"pt-BR\",\"@id\":\"https:\\\/\\\/redenoticiaz.com.br\\\/litoralsp\\\/2023\\\/02\\\/27\\\/aulas-de-producao-audiovisual-do-instituto-quero-tem-inscricoes-abertas#primaryimage\",\"url\":\"https:\\\/\\\/redenoticiaz.com.br\\\/litoralsp\\\/wp-content\\\/uploads\\\/sites\\\/3\\\/2023\\\/02\\\/AUDIOVISUAL.jpg\",\"contentUrl\":\"https:\\\/\\\/redenoticiaz.com.br\\\/litoralsp\\\/wp-content\\\/uploads\\\/sites\\\/3\\\/2023\\\/02\\\/AUDIOVISUAL.jpg\",\"width\":544,\"height\":416,\"caption\":\"Cr\u00e9ditos: Divulga\u00e7\u00e3o\\\/Quer\u00f4\"},{\"@type\":\"WebSite\",\"@id\":\"https:\\\/\\\/redenoticiaz.com.br\\\/litoralsp\\\/#website\",\"url\":\"https:\\\/\\\/redenoticiaz.com.br\\\/litoralsp\\\/\",\"name\":\"Litoral SP\",\"description\":\"Rede NoticiaZ\",\"publisher\":{\"@id\":\"https:\\\/\\\/redenoticiaz.com.br\\\/litoralsp\\\/#organization\"},\"potentialAction\":[{\"@type\":\"SearchAction\",\"target\":{\"@type\":\"EntryPoint\",\"urlTemplate\":\"https:\\\/\\\/redenoticiaz.com.br\\\/litoralsp\\\/?s={search_term_string}\"},\"query-input\":{\"@type\":\"PropertyValueSpecification\",\"valueRequired\":true,\"valueName\":\"search_term_string\"}}],\"inLanguage\":\"pt-BR\"},{\"@type\":\"Organization\",\"@id\":\"https:\\\/\\\/redenoticiaz.com.br\\\/litoralsp\\\/#organization\",\"name\":\"Litoral SP\",\"url\":\"https:\\\/\\\/redenoticiaz.com.br\\\/litoralsp\\\/\",\"logo\":{\"@type\":\"ImageObject\",\"inLanguage\":\"pt-BR\",\"@id\":\"https:\\\/\\\/redenoticiaz.com.br\\\/litoralsp\\\/#\\\/schema\\\/logo\\\/image\\\/\",\"url\":\"https:\\\/\\\/redenoticiaz.com.br\\\/litoralsp\\\/wp-content\\\/uploads\\\/sites\\\/3\\\/2020\\\/11\\\/logo.jpg\",\"contentUrl\":\"https:\\\/\\\/redenoticiaz.com.br\\\/litoralsp\\\/wp-content\\\/uploads\\\/sites\\\/3\\\/2020\\\/11\\\/logo.jpg\",\"width\":400,\"height\":250,\"caption\":\"Litoral SP\"},\"image\":{\"@id\":\"https:\\\/\\\/redenoticiaz.com.br\\\/litoralsp\\\/#\\\/schema\\\/logo\\\/image\\\/\"}},{\"@type\":\"Person\",\"@id\":\"https:\\\/\\\/redenoticiaz.com.br\\\/litoralsp\\\/#\\\/schema\\\/person\\\/0f0b8a5bdafefe82841e07ae8d81ecb3\",\"name\":\"Leonardo Francisco\",\"image\":{\"@type\":\"ImageObject\",\"inLanguage\":\"pt-BR\",\"@id\":\"https:\\\/\\\/secure.gravatar.com\\\/avatar\\\/a7358cb406a99b682ec6df1e77e31ae82e63601f6784e8a3df411d72b37864da?s=96&d=mm&r=g\",\"url\":\"https:\\\/\\\/secure.gravatar.com\\\/avatar\\\/a7358cb406a99b682ec6df1e77e31ae82e63601f6784e8a3df411d72b37864da?s=96&d=mm&r=g\",\"contentUrl\":\"https:\\\/\\\/secure.gravatar.com\\\/avatar\\\/a7358cb406a99b682ec6df1e77e31ae82e63601f6784e8a3df411d72b37864da?s=96&d=mm&r=g\",\"caption\":\"Leonardo Francisco\"},\"url\":\"https:\\\/\\\/redenoticiaz.com.br\\\/litoralsp\\\/author\\\/leonardo-francisco\"}]}<\/script>\n<!-- \/ Yoast SEO plugin. -->","yoast_head_json":{"title":"Aulas de produ\u00e7\u00e3o audiovisual do Instituto Quer\u00f4 tem inscri\u00e7\u00f5es abertas - Litoral SP","description":"Quer\u00f4. O instituto est\u00e1 com inscri\u00e7\u00f5es abertas para a nova turma do curso de audiovisual. As vagas s\u00e3o para jovens de 14 a 18 anos,","robots":{"index":"index","follow":"follow","max-snippet":"max-snippet:-1","max-image-preview":"max-image-preview:large","max-video-preview":"max-video-preview:-1"},"canonical":"https:\/\/redenoticiaz.com.br\/litoralsp\/2023\/02\/27\/aulas-de-producao-audiovisual-do-instituto-quero-tem-inscricoes-abertas","og_locale":"pt_BR","og_type":"article","og_title":"Aulas de produ\u00e7\u00e3o audiovisual do Instituto Quer\u00f4 tem inscri\u00e7\u00f5es abertas - Litoral SP","og_description":"Quer\u00f4. O instituto est\u00e1 com inscri\u00e7\u00f5es abertas para a nova turma do curso de audiovisual. As vagas s\u00e3o para jovens de 14 a 18 anos,","og_url":"https:\/\/redenoticiaz.com.br\/litoralsp\/2023\/02\/27\/aulas-de-producao-audiovisual-do-instituto-quero-tem-inscricoes-abertas","og_site_name":"Litoral SP","article_published_time":"2023-02-27T14:48:10+00:00","og_image":[{"width":544,"height":416,"url":"https:\/\/redenoticiaz.com.br\/litoralsp\/wp-content\/uploads\/sites\/3\/2023\/02\/AUDIOVISUAL.jpg","type":"image\/jpeg"}],"author":"Leonardo Francisco","twitter_card":"summary_large_image","twitter_misc":{"Escrito por":"Leonardo Francisco","Est. tempo de leitura":"3 minutos"},"schema":{"@context":"https:\/\/schema.org","@graph":[{"@type":"Article","@id":"https:\/\/redenoticiaz.com.br\/litoralsp\/2023\/02\/27\/aulas-de-producao-audiovisual-do-instituto-quero-tem-inscricoes-abertas#article","isPartOf":{"@id":"https:\/\/redenoticiaz.com.br\/litoralsp\/2023\/02\/27\/aulas-de-producao-audiovisual-do-instituto-quero-tem-inscricoes-abertas"},"author":{"name":"Leonardo Francisco","@id":"https:\/\/redenoticiaz.com.br\/litoralsp\/#\/schema\/person\/0f0b8a5bdafefe82841e07ae8d81ecb3"},"headline":"Aulas de produ\u00e7\u00e3o audiovisual do Instituto Quer\u00f4 tem inscri\u00e7\u00f5es abertas","datePublished":"2023-02-27T14:48:10+00:00","mainEntityOfPage":{"@id":"https:\/\/redenoticiaz.com.br\/litoralsp\/2023\/02\/27\/aulas-de-producao-audiovisual-do-instituto-quero-tem-inscricoes-abertas"},"wordCount":423,"commentCount":0,"publisher":{"@id":"https:\/\/redenoticiaz.com.br\/litoralsp\/#organization"},"image":{"@id":"https:\/\/redenoticiaz.com.br\/litoralsp\/2023\/02\/27\/aulas-de-producao-audiovisual-do-instituto-quero-tem-inscricoes-abertas#primaryimage"},"thumbnailUrl":"https:\/\/redenoticiaz.com.br\/litoralsp\/wp-content\/uploads\/sites\/3\/2023\/02\/AUDIOVISUAL.jpg","keywords":["BAIXADA SANTISTA","CURSO DE AUDIOVISUAL","INSCRI\u00c7\u00d5ES ABERTAS","INSTITUTO QUER\u00d4","PROJETO QUER\u00d4","Santos"],"articleSection":["Cultura","Santos"],"inLanguage":"pt-BR","potentialAction":[{"@type":"CommentAction","name":"Comment","target":["https:\/\/redenoticiaz.com.br\/litoralsp\/2023\/02\/27\/aulas-de-producao-audiovisual-do-instituto-quero-tem-inscricoes-abertas#respond"]}]},{"@type":"WebPage","@id":"https:\/\/redenoticiaz.com.br\/litoralsp\/2023\/02\/27\/aulas-de-producao-audiovisual-do-instituto-quero-tem-inscricoes-abertas","url":"https:\/\/redenoticiaz.com.br\/litoralsp\/2023\/02\/27\/aulas-de-producao-audiovisual-do-instituto-quero-tem-inscricoes-abertas","name":"Aulas de produ\u00e7\u00e3o audiovisual do Instituto Quer\u00f4 tem inscri\u00e7\u00f5es abertas - Litoral SP","isPartOf":{"@id":"https:\/\/redenoticiaz.com.br\/litoralsp\/#website"},"primaryImageOfPage":{"@id":"https:\/\/redenoticiaz.com.br\/litoralsp\/2023\/02\/27\/aulas-de-producao-audiovisual-do-instituto-quero-tem-inscricoes-abertas#primaryimage"},"image":{"@id":"https:\/\/redenoticiaz.com.br\/litoralsp\/2023\/02\/27\/aulas-de-producao-audiovisual-do-instituto-quero-tem-inscricoes-abertas#primaryimage"},"thumbnailUrl":"https:\/\/redenoticiaz.com.br\/litoralsp\/wp-content\/uploads\/sites\/3\/2023\/02\/AUDIOVISUAL.jpg","datePublished":"2023-02-27T14:48:10+00:00","description":"Quer\u00f4. O instituto est\u00e1 com inscri\u00e7\u00f5es abertas para a nova turma do curso de audiovisual. As vagas s\u00e3o para jovens de 14 a 18 anos,","inLanguage":"pt-BR","potentialAction":[{"@type":"ReadAction","target":["https:\/\/redenoticiaz.com.br\/litoralsp\/2023\/02\/27\/aulas-de-producao-audiovisual-do-instituto-quero-tem-inscricoes-abertas"]}]},{"@type":"ImageObject","inLanguage":"pt-BR","@id":"https:\/\/redenoticiaz.com.br\/litoralsp\/2023\/02\/27\/aulas-de-producao-audiovisual-do-instituto-quero-tem-inscricoes-abertas#primaryimage","url":"https:\/\/redenoticiaz.com.br\/litoralsp\/wp-content\/uploads\/sites\/3\/2023\/02\/AUDIOVISUAL.jpg","contentUrl":"https:\/\/redenoticiaz.com.br\/litoralsp\/wp-content\/uploads\/sites\/3\/2023\/02\/AUDIOVISUAL.jpg","width":544,"height":416,"caption":"Cr\u00e9ditos: Divulga\u00e7\u00e3o\/Quer\u00f4"},{"@type":"WebSite","@id":"https:\/\/redenoticiaz.com.br\/litoralsp\/#website","url":"https:\/\/redenoticiaz.com.br\/litoralsp\/","name":"Litoral SP","description":"Rede NoticiaZ","publisher":{"@id":"https:\/\/redenoticiaz.com.br\/litoralsp\/#organization"},"potentialAction":[{"@type":"SearchAction","target":{"@type":"EntryPoint","urlTemplate":"https:\/\/redenoticiaz.com.br\/litoralsp\/?s={search_term_string}"},"query-input":{"@type":"PropertyValueSpecification","valueRequired":true,"valueName":"search_term_string"}}],"inLanguage":"pt-BR"},{"@type":"Organization","@id":"https:\/\/redenoticiaz.com.br\/litoralsp\/#organization","name":"Litoral SP","url":"https:\/\/redenoticiaz.com.br\/litoralsp\/","logo":{"@type":"ImageObject","inLanguage":"pt-BR","@id":"https:\/\/redenoticiaz.com.br\/litoralsp\/#\/schema\/logo\/image\/","url":"https:\/\/redenoticiaz.com.br\/litoralsp\/wp-content\/uploads\/sites\/3\/2020\/11\/logo.jpg","contentUrl":"https:\/\/redenoticiaz.com.br\/litoralsp\/wp-content\/uploads\/sites\/3\/2020\/11\/logo.jpg","width":400,"height":250,"caption":"Litoral SP"},"image":{"@id":"https:\/\/redenoticiaz.com.br\/litoralsp\/#\/schema\/logo\/image\/"}},{"@type":"Person","@id":"https:\/\/redenoticiaz.com.br\/litoralsp\/#\/schema\/person\/0f0b8a5bdafefe82841e07ae8d81ecb3","name":"Leonardo Francisco","image":{"@type":"ImageObject","inLanguage":"pt-BR","@id":"https:\/\/secure.gravatar.com\/avatar\/a7358cb406a99b682ec6df1e77e31ae82e63601f6784e8a3df411d72b37864da?s=96&d=mm&r=g","url":"https:\/\/secure.gravatar.com\/avatar\/a7358cb406a99b682ec6df1e77e31ae82e63601f6784e8a3df411d72b37864da?s=96&d=mm&r=g","contentUrl":"https:\/\/secure.gravatar.com\/avatar\/a7358cb406a99b682ec6df1e77e31ae82e63601f6784e8a3df411d72b37864da?s=96&d=mm&r=g","caption":"Leonardo Francisco"},"url":"https:\/\/redenoticiaz.com.br\/litoralsp\/author\/leonardo-francisco"}]}},"_links":{"self":[{"href":"https:\/\/redenoticiaz.com.br\/litoralsp\/wp-json\/wp\/v2\/posts\/101541","targetHints":{"allow":["GET"]}}],"collection":[{"href":"https:\/\/redenoticiaz.com.br\/litoralsp\/wp-json\/wp\/v2\/posts"}],"about":[{"href":"https:\/\/redenoticiaz.com.br\/litoralsp\/wp-json\/wp\/v2\/types\/post"}],"author":[{"embeddable":true,"href":"https:\/\/redenoticiaz.com.br\/litoralsp\/wp-json\/wp\/v2\/users\/6"}],"replies":[{"embeddable":true,"href":"https:\/\/redenoticiaz.com.br\/litoralsp\/wp-json\/wp\/v2\/comments?post=101541"}],"version-history":[{"count":1,"href":"https:\/\/redenoticiaz.com.br\/litoralsp\/wp-json\/wp\/v2\/posts\/101541\/revisions"}],"predecessor-version":[{"id":101543,"href":"https:\/\/redenoticiaz.com.br\/litoralsp\/wp-json\/wp\/v2\/posts\/101541\/revisions\/101543"}],"wp:featuredmedia":[{"embeddable":true,"href":"https:\/\/redenoticiaz.com.br\/litoralsp\/wp-json\/wp\/v2\/media\/101542"}],"wp:attachment":[{"href":"https:\/\/redenoticiaz.com.br\/litoralsp\/wp-json\/wp\/v2\/media?parent=101541"}],"wp:term":[{"taxonomy":"category","embeddable":true,"href":"https:\/\/redenoticiaz.com.br\/litoralsp\/wp-json\/wp\/v2\/categories?post=101541"},{"taxonomy":"post_tag","embeddable":true,"href":"https:\/\/redenoticiaz.com.br\/litoralsp\/wp-json\/wp\/v2\/tags?post=101541"}],"curies":[{"name":"wp","href":"https:\/\/api.w.org\/{rel}","templated":true}]}}