{"id":101583,"date":"2023-02-27T21:23:24","date_gmt":"2023-02-28T00:23:24","guid":{"rendered":"https:\/\/redenoticiaz.com.br\/litoralsp\/2023\/02\/27\/messi-e-eleito-o-melhor-jogador-de-futebol-do-mundo-pela-fifa"},"modified":"2023-02-27T21:23:40","modified_gmt":"2023-02-28T00:23:40","slug":"messi-e-eleito-o-melhor-jogador-de-futebol-do-mundo-pela-fifa","status":"publish","type":"post","link":"https:\/\/redenoticiaz.com.br\/litoralsp\/2023\/02\/27\/messi-e-eleito-o-melhor-jogador-de-futebol-do-mundo-pela-fifa","title":{"rendered":"Messi \u00e9 eleito o melhor jogador de futebol do mundo pela Fifa"},"content":{"rendered":"<p>.Em uma festa que contou com uma bonita homenagem a Pel\u00e9, a Fifa entregou os trof\u00e9us do Fifa The Best, nesta segunda-feira (27) na sala de concertos Salle Pleyel, em Paris (Fran\u00e7a). E os grandes vencedores da premia\u00e7\u00e3o foram o craque argentino Lionel Messi, escolhido o melhor jogador do mundo entre os homens, e a espanhola Alexia Putellas, o destaque entre as mulheres.<img decoding=\"async\" src=\"https:\/\/agenciabrasil.ebc.com.br\/ebc.png?id=1513057&amp;o=node\" \/><img decoding=\"async\" src=\"https:\/\/agenciabrasil.ebc.com.br\/ebc.gif?id=1513057&amp;o=node\" \/><\/p>\n<p>De acordo com as informa\u00e7\u00f5es, a estrela mais brilhante da vitoriosa campanha da Argentina na Copa do Mundo, Messi conquistou pela s\u00e9tima vez na carreira o trof\u00e9u. A participa\u00e7\u00e3o no Mundial disputado no Catar pesou muito para a escolha do camisa 30 do PSG, que teve como concorrentes os franceses Mbapp\u00e9 (PSG) e Benzema (Real Madrid).<\/p>\n<div class=\"twitter-tweet twitter-tweet-rendered\"><iframe id=\"twitter-widget-0\" class=\"\" title=\"Twitter Tweet\" src=\"https:\/\/platform.twitter.com\/embed\/Tweet.html?creatorScreenName=agenciabrasil&amp;dnt=false&amp;embedId=twitter-widget-0&amp;features=eyJ0ZndfdGltZWxpbmVfbGlzdCI6eyJidWNrZXQiOltdLCJ2ZXJzaW9uIjpudWxsfSwidGZ3X2ZvbGxvd2VyX2NvdW50X3N1bnNldCI6eyJidWNrZXQiOnRydWUsInZlcnNpb24iOm51bGx9LCJ0ZndfdHdlZXRfZWRpdF9iYWNrZW5kIjp7ImJ1Y2tldCI6Im9uIiwidmVyc2lvbiI6bnVsbH0sInRmd19yZWZzcmNfc2Vzc2lvbiI6eyJidWNrZXQiOiJvbiIsInZlcnNpb24iOm51bGx9LCJ0ZndfbWl4ZWRfbWVkaWFfMTU4OTciOnsiYnVja2V0IjoidHJlYXRtZW50IiwidmVyc2lvbiI6bnVsbH0sInRmd19leHBlcmltZW50c19jb29raWVfZXhwaXJhdGlvbiI6eyJidWNrZXQiOjEyMDk2MDAsInZlcnNpb24iOm51bGx9LCJ0ZndfZHVwbGljYXRlX3NjcmliZXNfdG9fc2V0dGluZ3MiOnsiYnVja2V0Ijoib24iLCJ2ZXJzaW9uIjpudWxsfSwidGZ3X3ZpZGVvX2hsc19keW5hbWljX21hbmlmZXN0c18xNTA4MiI6eyJidWNrZXQiOiJ0cnVlX2JpdHJhdGUiLCJ2ZXJzaW9uIjpudWxsfSwidGZ3X2xlZ2FjeV90aW1lbGluZV9zdW5zZXQiOnsiYnVja2V0Ijp0cnVlLCJ2ZXJzaW9uIjpudWxsfSwidGZ3X3R3ZWV0X2VkaXRfZnJvbnRlbmQiOnsiYnVja2V0Ijoib24iLCJ2ZXJzaW9uIjpudWxsfX0%3D&amp;frame=false&amp;hideCard=false&amp;hideThread=false&amp;id=1630321578444554240&amp;lang=pt&amp;origin=https%3A%2F%2Fagenciabrasil.ebc.com.br%2Fesportes%2Fnoticia%2F2023-02%2Fmessi-e-eleito-o-melhor-jogador-de-futebol-do-mundo-pela-fifa&amp;sessionId=67bf156b238ecbc8d3432ce65c39bbe8ebbd3611&amp;siteScreenName=agenciabrasil&amp;theme=light&amp;widgetsVersion=aaf4084522e3a%3A1674595607486&amp;width=550px\" frameborder=\"0\" scrolling=\"no\" allowfullscreen=\"allowfullscreen\"><\/iframe><\/div>\n<p>\u201c\u00c9 uma honra estar aqui novamente, entre os tr\u00eas melhores jogadores do mundo. Agrade\u00e7o muito ao Mbapp\u00e9 e ao Benzema, que jogaram demais. Gostaria de agradecer a todos os meus companheiros, representamos toda a nossa sele\u00e7\u00e3o. Foi uma loucura para mim, pois finalmente realizei meu sonho [de conquistar uma Copa do Mundo]. \u00c9 a coisa mais linda que pode acontecer na vida\u201d, declarou Messi, que foi eleito o craque da Mundial do Catar, competi\u00e7\u00e3o na qual marcou sete gols.<\/p>\n<p>Ainda de acordo com as informa\u00e7\u00f5es, j\u00e1 entre as mulheres a melhor do mundo foi Alexia Putellas. A camisa 11 do Barcelona (Espanha) superou na disputa a inglesa Beth Mead, do Arsenal (Inglaterra), e a norte-americana Alex Morgan, do San Diego Wave (Estados Unidos). Esta \u00e9 a segunda vez seguida que a jogadora conquista o The Best.<\/p>\n<div class=\"twitter-tweet twitter-tweet-rendered\"><iframe id=\"twitter-widget-1\" class=\"\" title=\"Twitter Tweet\" src=\"https:\/\/platform.twitter.com\/embed\/Tweet.html?creatorScreenName=agenciabrasil&amp;dnt=false&amp;embedId=twitter-widget-1&amp;features=eyJ0ZndfdGltZWxpbmVfbGlzdCI6eyJidWNrZXQiOltdLCJ2ZXJzaW9uIjpudWxsfSwidGZ3X2ZvbGxvd2VyX2NvdW50X3N1bnNldCI6eyJidWNrZXQiOnRydWUsInZlcnNpb24iOm51bGx9LCJ0ZndfdHdlZXRfZWRpdF9iYWNrZW5kIjp7ImJ1Y2tldCI6Im9uIiwidmVyc2lvbiI6bnVsbH0sInRmd19yZWZzcmNfc2Vzc2lvbiI6eyJidWNrZXQiOiJvbiIsInZlcnNpb24iOm51bGx9LCJ0ZndfbWl4ZWRfbWVkaWFfMTU4OTciOnsiYnVja2V0IjoidHJlYXRtZW50IiwidmVyc2lvbiI6bnVsbH0sInRmd19leHBlcmltZW50c19jb29raWVfZXhwaXJhdGlvbiI6eyJidWNrZXQiOjEyMDk2MDAsInZlcnNpb24iOm51bGx9LCJ0ZndfZHVwbGljYXRlX3NjcmliZXNfdG9fc2V0dGluZ3MiOnsiYnVja2V0Ijoib24iLCJ2ZXJzaW9uIjpudWxsfSwidGZ3X3ZpZGVvX2hsc19keW5hbWljX21hbmlmZXN0c18xNTA4MiI6eyJidWNrZXQiOiJ0cnVlX2JpdHJhdGUiLCJ2ZXJzaW9uIjpudWxsfSwidGZ3X2xlZ2FjeV90aW1lbGluZV9zdW5zZXQiOnsiYnVja2V0Ijp0cnVlLCJ2ZXJzaW9uIjpudWxsfSwidGZ3X3R3ZWV0X2VkaXRfZnJvbnRlbmQiOnsiYnVja2V0Ijoib24iLCJ2ZXJzaW9uIjpudWxsfX0%3D&amp;frame=false&amp;hideCard=false&amp;hideThread=false&amp;id=1630319469045202945&amp;lang=pt&amp;origin=https%3A%2F%2Fagenciabrasil.ebc.com.br%2Fesportes%2Fnoticia%2F2023-02%2Fmessi-e-eleito-o-melhor-jogador-de-futebol-do-mundo-pela-fifa&amp;sessionId=67bf156b238ecbc8d3432ce65c39bbe8ebbd3611&amp;siteScreenName=agenciabrasil&amp;theme=light&amp;widgetsVersion=aaf4084522e3a%3A1674595607486&amp;width=550px\" frameborder=\"0\" scrolling=\"no\" allowfullscreen=\"allowfullscreen\"><\/iframe><\/div>\n<p>\u201cN\u00e3o estava preparada para receber esse pr\u00eamio. Agrade\u00e7o a todos que votaram. Gostaria tamb\u00e9m de parabenizar a Alex Morgan e a Beth Mead, voc\u00eas tamb\u00e9m merecem esse trof\u00e9u\u201d, declarou a jogadora, que ajudou a equipe catal\u00e3 a conquistar o Campeonato Espanhol e Copa do Rei.<\/p>\n<h2>Homenagem a Pel\u00e9<\/h2>\n<p>Sendo assim, a festa come\u00e7ou com uma homenagem ao craque Pel\u00e9, que morreu no dia 29 de dezembro de 2022. Ap\u00f3s a exibi\u00e7\u00e3o de um v\u00eddeo com momentos marcantes da carreira do Rei do Futebol, o ex-jogador Ronaldo subiu ao palco para fazer um discurso:<\/p>\n<blockquote><p>\u201cQuando lembro do Pel\u00e9 vejo um jogador muito \u00e0 frente do seu tempo, um atleta que serviu de inspira\u00e7\u00e3o para todo o mundo do futebol [&#8230;]. O Pel\u00e9 tamb\u00e9m ser\u00e1 lembrado pelo impacto na sociedade. Quando ele jogava, o mundo era um lugar ainda mais racista do que era hoje. Ele, um atleta negro, se tornou o rei do esporte mais popular do planeta. Mostrou que o negro pode ser o melhor, mais bem-sucedido e pode vencer o racismo. Essa luta ainda n\u00e3o acabou, e pe\u00e7o que todos se inspirem na luta do Rei Pel\u00e9\u201d.<\/p><\/blockquote>\n<p>A vi\u00fava de Pel\u00e9, M\u00e1rcia Aoki, recebeu uma premia\u00e7\u00e3o especial e tamb\u00e9m falou de seu ex-companheiro.<\/p>\n<blockquote><p>&#8220;\u00c9 uma honra estar aqui, neste tributo da Fifa ao Edson Arantes, o Pel\u00e9. Deus nos deu o Edson, e o Edson nos deu Pel\u00e9, e o mundo t\u00e3o bem recebeu ambos\u201d<\/p><\/blockquote>\n<p>A homenagem terminou com o m\u00fasico brasileiro Seu Jorge cantando a m\u00fasica <em>Changes<\/em>.<\/p>\n<h2>Pr\u00eamio Puskas<\/h2>\n<p>O vencedor da noite foi o polon\u00eas Marcin Oleksy, do Warta Poznan (Pol\u00f4nia), que, mesmo tendo a perna esquerda amputada, marcou um belo gol de virada.<\/p>\n<div class=\"twitter-tweet twitter-tweet-rendered\"><iframe id=\"twitter-widget-2\" class=\"\" title=\"Twitter Tweet\" src=\"https:\/\/platform.twitter.com\/embed\/Tweet.html?creatorScreenName=agenciabrasil&amp;dnt=false&amp;embedId=twitter-widget-2&amp;features=eyJ0ZndfdGltZWxpbmVfbGlzdCI6eyJidWNrZXQiOltdLCJ2ZXJzaW9uIjpudWxsfSwidGZ3X2ZvbGxvd2VyX2NvdW50X3N1bnNldCI6eyJidWNrZXQiOnRydWUsInZlcnNpb24iOm51bGx9LCJ0ZndfdHdlZXRfZWRpdF9iYWNrZW5kIjp7ImJ1Y2tldCI6Im9uIiwidmVyc2lvbiI6bnVsbH0sInRmd19yZWZzcmNfc2Vzc2lvbiI6eyJidWNrZXQiOiJvbiIsInZlcnNpb24iOm51bGx9LCJ0ZndfbWl4ZWRfbWVkaWFfMTU4OTciOnsiYnVja2V0IjoidHJlYXRtZW50IiwidmVyc2lvbiI6bnVsbH0sInRmd19leHBlcmltZW50c19jb29raWVfZXhwaXJhdGlvbiI6eyJidWNrZXQiOjEyMDk2MDAsInZlcnNpb24iOm51bGx9LCJ0ZndfZHVwbGljYXRlX3NjcmliZXNfdG9fc2V0dGluZ3MiOnsiYnVja2V0Ijoib24iLCJ2ZXJzaW9uIjpudWxsfSwidGZ3X3ZpZGVvX2hsc19keW5hbWljX21hbmlmZXN0c18xNTA4MiI6eyJidWNrZXQiOiJ0cnVlX2JpdHJhdGUiLCJ2ZXJzaW9uIjpudWxsfSwidGZ3X2xlZ2FjeV90aW1lbGluZV9zdW5zZXQiOnsiYnVja2V0Ijp0cnVlLCJ2ZXJzaW9uIjpudWxsfSwidGZ3X3R3ZWV0X2VkaXRfZnJvbnRlbmQiOnsiYnVja2V0Ijoib24iLCJ2ZXJzaW9uIjpudWxsfX0%3D&amp;frame=false&amp;hideCard=false&amp;hideThread=false&amp;id=1630305913889255424&amp;lang=pt&amp;origin=https%3A%2F%2Fagenciabrasil.ebc.com.br%2Fesportes%2Fnoticia%2F2023-02%2Fmessi-e-eleito-o-melhor-jogador-de-futebol-do-mundo-pela-fifa&amp;sessionId=67bf156b238ecbc8d3432ce65c39bbe8ebbd3611&amp;siteScreenName=agenciabrasil&amp;theme=light&amp;widgetsVersion=aaf4084522e3a%3A1674595607486&amp;width=550px\" frameborder=\"0\" scrolling=\"no\" allowfullscreen=\"allowfullscreen\"><\/iframe><\/div>\n<h2>Melhores t\u00e9cnicos<\/h2>\n<p>Outra categoria na qual o Brasil concorria era na de melhor t\u00e9cnico de futebol feminino. O trof\u00e9u foi levado para casa pela holandesa Sarina Wiegman, que comanda a Inglaterra. J\u00e1 no futebol masculino a honraria ficou nas m\u00e3os de Lionel Scaloni, que levou a Argentina ao t\u00edtulo no Catar.<\/p>\n<div class=\"twitter-tweet twitter-tweet-rendered\"><iframe id=\"twitter-widget-3\" class=\"\" title=\"Twitter Tweet\" src=\"https:\/\/platform.twitter.com\/embed\/Tweet.html?creatorScreenName=agenciabrasil&amp;dnt=false&amp;embedId=twitter-widget-3&amp;features=eyJ0ZndfdGltZWxpbmVfbGlzdCI6eyJidWNrZXQiOltdLCJ2ZXJzaW9uIjpudWxsfSwidGZ3X2ZvbGxvd2VyX2NvdW50X3N1bnNldCI6eyJidWNrZXQiOnRydWUsInZlcnNpb24iOm51bGx9LCJ0ZndfdHdlZXRfZWRpdF9iYWNrZW5kIjp7ImJ1Y2tldCI6Im9uIiwidmVyc2lvbiI6bnVsbH0sInRmd19yZWZzcmNfc2Vzc2lvbiI6eyJidWNrZXQiOiJvbiIsInZlcnNpb24iOm51bGx9LCJ0ZndfbWl4ZWRfbWVkaWFfMTU4OTciOnsiYnVja2V0IjoidHJlYXRtZW50IiwidmVyc2lvbiI6bnVsbH0sInRmd19leHBlcmltZW50c19jb29raWVfZXhwaXJhdGlvbiI6eyJidWNrZXQiOjEyMDk2MDAsInZlcnNpb24iOm51bGx9LCJ0ZndfZHVwbGljYXRlX3NjcmliZXNfdG9fc2V0dGluZ3MiOnsiYnVja2V0Ijoib24iLCJ2ZXJzaW9uIjpudWxsfSwidGZ3X3ZpZGVvX2hsc19keW5hbWljX21hbmlmZXN0c18xNTA4MiI6eyJidWNrZXQiOiJ0cnVlX2JpdHJhdGUiLCJ2ZXJzaW9uIjpudWxsfSwidGZ3X2xlZ2FjeV90aW1lbGluZV9zdW5zZXQiOnsiYnVja2V0Ijp0cnVlLCJ2ZXJzaW9uIjpudWxsfSwidGZ3X3R3ZWV0X2VkaXRfZnJvbnRlbmQiOnsiYnVja2V0Ijoib24iLCJ2ZXJzaW9uIjpudWxsfX0%3D&amp;frame=false&amp;hideCard=false&amp;hideThread=false&amp;id=1630309190995435520&amp;lang=pt&amp;origin=https%3A%2F%2Fagenciabrasil.ebc.com.br%2Fesportes%2Fnoticia%2F2023-02%2Fmessi-e-eleito-o-melhor-jogador-de-futebol-do-mundo-pela-fifa&amp;sessionId=67bf156b238ecbc8d3432ce65c39bbe8ebbd3611&amp;siteScreenName=agenciabrasil&amp;theme=light&amp;widgetsVersion=aaf4084522e3a%3A1674595607486&amp;width=550px\" frameborder=\"0\" scrolling=\"no\" allowfullscreen=\"allowfullscreen\"><\/iframe><\/div>\n<h2>Goleiros da temporada<\/h2>\n<p>A festa tamb\u00e9m destacou os melhores goleiros da temporada. No futebol masculino a honraria foi concedida a Emiliano Mart\u00ednez, pe\u00e7a importante da Argentina na campanha da Copa do Mundo. O atleta do Aston Villa (Inglaterra) recebeu o trof\u00e9u das m\u00e3os do brasileiro J\u00falio C\u00e9sar, ex-goleiro com passagens pela sele\u00e7\u00e3o brasileira. No feminino a vencedora foi a inglesa Mary Earps.<\/p>\n<div class=\"twitter-tweet twitter-tweet-rendered\"><iframe id=\"twitter-widget-4\" class=\"\" title=\"Twitter Tweet\" src=\"https:\/\/platform.twitter.com\/embed\/Tweet.html?creatorScreenName=agenciabrasil&amp;dnt=false&amp;embedId=twitter-widget-4&amp;features=eyJ0ZndfdGltZWxpbmVfbGlzdCI6eyJidWNrZXQiOltdLCJ2ZXJzaW9uIjpudWxsfSwidGZ3X2ZvbGxvd2VyX2NvdW50X3N1bnNldCI6eyJidWNrZXQiOnRydWUsInZlcnNpb24iOm51bGx9LCJ0ZndfdHdlZXRfZWRpdF9iYWNrZW5kIjp7ImJ1Y2tldCI6Im9uIiwidmVyc2lvbiI6bnVsbH0sInRmd19yZWZzcmNfc2Vzc2lvbiI6eyJidWNrZXQiOiJvbiIsInZlcnNpb24iOm51bGx9LCJ0ZndfbWl4ZWRfbWVkaWFfMTU4OTciOnsiYnVja2V0IjoidHJlYXRtZW50IiwidmVyc2lvbiI6bnVsbH0sInRmd19leHBlcmltZW50c19jb29raWVfZXhwaXJhdGlvbiI6eyJidWNrZXQiOjEyMDk2MDAsInZlcnNpb24iOm51bGx9LCJ0ZndfZHVwbGljYXRlX3NjcmliZXNfdG9fc2V0dGluZ3MiOnsiYnVja2V0Ijoib24iLCJ2ZXJzaW9uIjpudWxsfSwidGZ3X3ZpZGVvX2hsc19keW5hbWljX21hbmlmZXN0c18xNTA4MiI6eyJidWNrZXQiOiJ0cnVlX2JpdHJhdGUiLCJ2ZXJzaW9uIjpudWxsfSwidGZ3X2xlZ2FjeV90aW1lbGluZV9zdW5zZXQiOnsiYnVja2V0Ijp0cnVlLCJ2ZXJzaW9uIjpudWxsfSwidGZ3X3R3ZWV0X2VkaXRfZnJvbnRlbmQiOnsiYnVja2V0Ijoib24iLCJ2ZXJzaW9uIjpudWxsfX0%3D&amp;frame=false&amp;hideCard=false&amp;hideThread=false&amp;id=1630303122848460804&amp;lang=pt&amp;origin=https%3A%2F%2Fagenciabrasil.ebc.com.br%2Fesportes%2Fnoticia%2F2023-02%2Fmessi-e-eleito-o-melhor-jogador-de-futebol-do-mundo-pela-fifa&amp;sessionId=67bf156b238ecbc8d3432ce65c39bbe8ebbd3611&amp;siteScreenName=agenciabrasil&amp;theme=light&amp;widgetsVersion=aaf4084522e3a%3A1674595607486&amp;width=550px\" frameborder=\"0\" scrolling=\"no\" allowfullscreen=\"allowfullscreen\"><\/iframe><\/div>\n<div><\/div>\n<div>Leia mais<\/div>\n<div><a href=\"https:\/\/redenoticiaz.com.br\/blog\/2023\/02\/27\/mpf-entrega-enderecos-de-robinho-e-afirma-que-nao-ha-impedimentos-para-prisao-do-craque\">MPF entrega endere\u00e7os de Robinho e afirma que n\u00e3o h\u00e1 impedimentos para pris\u00e3o do craque<\/a><\/div>\n","protected":false},"excerpt":{"rendered":"<p>.Em uma festa que contou com uma bonita homenagem a Pel\u00e9, a Fifa entregou os trof\u00e9us do Fifa The Best, nesta segunda-feira (27) na sala de concertos Salle Pleyel, em Paris (Fran\u00e7a). E os grandes vencedores da premia\u00e7\u00e3o foram o craque argentino Lionel Messi, escolhido o melhor jogador do mundo entre os homens, e a &hellip;<\/p>\n","protected":false},"author":12,"featured_media":101584,"comment_status":"open","ping_status":"closed","sticky":false,"template":"","format":"standard","meta":{"footnotes":""},"categories":[35],"tags":[43706,63655,60860,14133],"class_list":["post-101583","post","type-post","status-publish","format-standard","has-post-thumbnail","hentry","category-esporte","tag-bola-de-ouro","tag-melhor-do-mundo","tag-messi","tag-pele"],"yoast_head":"<!-- This site is optimized with the Yoast SEO plugin v27.5 - https:\/\/yoast.com\/product\/yoast-seo-wordpress\/ -->\n<title>Messi \u00e9 eleito o melhor jogador de futebol do mundo pela Fifa - Litoral SP<\/title>\n<meta name=\"description\" content=\"Lionel Messi \u00e9 escolhido o melhor jogador do mundo em evento que contou com uma grande homenagem ao Rei Pel\u00e9.\" \/>\n<meta name=\"robots\" content=\"index, follow, max-snippet:-1, max-image-preview:large, max-video-preview:-1\" \/>\n<link rel=\"canonical\" href=\"https:\/\/redenoticiaz.com.br\/litoralsp\/2023\/02\/27\/messi-e-eleito-o-melhor-jogador-de-futebol-do-mundo-pela-fifa\" \/>\n<meta property=\"og:locale\" content=\"pt_BR\" \/>\n<meta property=\"og:type\" content=\"article\" \/>\n<meta property=\"og:title\" content=\"Messi \u00e9 eleito o melhor jogador de futebol do mundo pela Fifa - Litoral SP\" \/>\n<meta property=\"og:description\" content=\"Lionel Messi \u00e9 escolhido o melhor jogador do mundo em evento que contou com uma grande homenagem ao Rei Pel\u00e9.\" \/>\n<meta property=\"og:url\" content=\"https:\/\/redenoticiaz.com.br\/litoralsp\/2023\/02\/27\/messi-e-eleito-o-melhor-jogador-de-futebol-do-mundo-pela-fifa\" \/>\n<meta property=\"og:site_name\" content=\"Litoral SP\" \/>\n<meta property=\"article:published_time\" content=\"2023-02-28T00:23:24+00:00\" \/>\n<meta property=\"article:modified_time\" content=\"2023-02-28T00:23:40+00:00\" \/>\n<meta property=\"og:image\" content=\"https:\/\/redenoticiaz.com.br\/litoralsp\/wp-content\/uploads\/sites\/3\/2023\/02\/2023-02-27t214125z_2017438423_up1ej2r1o8yaa_rtrmadp_3_soccer-fifa-awards.jpg?v=1677543788\" \/>\n\t<meta property=\"og:image:width\" content=\"1170\" \/>\n\t<meta property=\"og:image:height\" content=\"700\" \/>\n\t<meta property=\"og:image:type\" content=\"image\/jpeg\" \/>\n<meta name=\"author\" content=\"Gustavo Silva\" \/>\n<meta name=\"twitter:card\" content=\"summary_large_image\" \/>\n<meta name=\"twitter:label1\" content=\"Escrito por\" \/>\n\t<meta name=\"twitter:data1\" content=\"Gustavo Silva\" \/>\n\t<meta name=\"twitter:label2\" content=\"Est. tempo de leitura\" \/>\n\t<meta name=\"twitter:data2\" content=\"5 minutos\" \/>\n<script type=\"application\/ld+json\" class=\"yoast-schema-graph\">{\"@context\":\"https:\\\/\\\/schema.org\",\"@graph\":[{\"@type\":\"Article\",\"@id\":\"https:\\\/\\\/redenoticiaz.com.br\\\/litoralsp\\\/2023\\\/02\\\/27\\\/messi-e-eleito-o-melhor-jogador-de-futebol-do-mundo-pela-fifa#article\",\"isPartOf\":{\"@id\":\"https:\\\/\\\/redenoticiaz.com.br\\\/litoralsp\\\/2023\\\/02\\\/27\\\/messi-e-eleito-o-melhor-jogador-de-futebol-do-mundo-pela-fifa\"},\"author\":{\"name\":\"Gustavo Silva\",\"@id\":\"https:\\\/\\\/redenoticiaz.com.br\\\/litoralsp\\\/#\\\/schema\\\/person\\\/16057b37a3c0ee6b096d7f887c566e2e\"},\"headline\":\"Messi \u00e9 eleito o melhor jogador de futebol do mundo pela Fifa\",\"datePublished\":\"2023-02-28T00:23:24+00:00\",\"dateModified\":\"2023-02-28T00:23:40+00:00\",\"mainEntityOfPage\":{\"@id\":\"https:\\\/\\\/redenoticiaz.com.br\\\/litoralsp\\\/2023\\\/02\\\/27\\\/messi-e-eleito-o-melhor-jogador-de-futebol-do-mundo-pela-fifa\"},\"wordCount\":715,\"commentCount\":0,\"publisher\":{\"@id\":\"https:\\\/\\\/redenoticiaz.com.br\\\/litoralsp\\\/#organization\"},\"image\":{\"@id\":\"https:\\\/\\\/redenoticiaz.com.br\\\/litoralsp\\\/2023\\\/02\\\/27\\\/messi-e-eleito-o-melhor-jogador-de-futebol-do-mundo-pela-fifa#primaryimage\"},\"thumbnailUrl\":\"https:\\\/\\\/redenoticiaz.com.br\\\/litoralsp\\\/wp-content\\\/uploads\\\/sites\\\/3\\\/2023\\\/02\\\/2023-02-27t214125z_2017438423_up1ej2r1o8yaa_rtrmadp_3_soccer-fifa-awards.jpg?v=1677543788\",\"keywords\":[\"BOLA DE OURO\",\"melhor do mundo\",\"messi\",\"PEL\u00c9\"],\"articleSection\":[\"Esporte\"],\"inLanguage\":\"pt-BR\",\"potentialAction\":[{\"@type\":\"CommentAction\",\"name\":\"Comment\",\"target\":[\"https:\\\/\\\/redenoticiaz.com.br\\\/litoralsp\\\/2023\\\/02\\\/27\\\/messi-e-eleito-o-melhor-jogador-de-futebol-do-mundo-pela-fifa#respond\"]}]},{\"@type\":\"WebPage\",\"@id\":\"https:\\\/\\\/redenoticiaz.com.br\\\/litoralsp\\\/2023\\\/02\\\/27\\\/messi-e-eleito-o-melhor-jogador-de-futebol-do-mundo-pela-fifa\",\"url\":\"https:\\\/\\\/redenoticiaz.com.br\\\/litoralsp\\\/2023\\\/02\\\/27\\\/messi-e-eleito-o-melhor-jogador-de-futebol-do-mundo-pela-fifa\",\"name\":\"Messi \u00e9 eleito o melhor jogador de futebol do mundo pela Fifa - Litoral SP\",\"isPartOf\":{\"@id\":\"https:\\\/\\\/redenoticiaz.com.br\\\/litoralsp\\\/#website\"},\"primaryImageOfPage\":{\"@id\":\"https:\\\/\\\/redenoticiaz.com.br\\\/litoralsp\\\/2023\\\/02\\\/27\\\/messi-e-eleito-o-melhor-jogador-de-futebol-do-mundo-pela-fifa#primaryimage\"},\"image\":{\"@id\":\"https:\\\/\\\/redenoticiaz.com.br\\\/litoralsp\\\/2023\\\/02\\\/27\\\/messi-e-eleito-o-melhor-jogador-de-futebol-do-mundo-pela-fifa#primaryimage\"},\"thumbnailUrl\":\"https:\\\/\\\/redenoticiaz.com.br\\\/litoralsp\\\/wp-content\\\/uploads\\\/sites\\\/3\\\/2023\\\/02\\\/2023-02-27t214125z_2017438423_up1ej2r1o8yaa_rtrmadp_3_soccer-fifa-awards.jpg?v=1677543788\",\"datePublished\":\"2023-02-28T00:23:24+00:00\",\"dateModified\":\"2023-02-28T00:23:40+00:00\",\"description\":\"Lionel Messi \u00e9 escolhido o melhor jogador do mundo em evento que contou com uma grande homenagem ao Rei Pel\u00e9.\",\"inLanguage\":\"pt-BR\",\"potentialAction\":[{\"@type\":\"ReadAction\",\"target\":[\"https:\\\/\\\/redenoticiaz.com.br\\\/litoralsp\\\/2023\\\/02\\\/27\\\/messi-e-eleito-o-melhor-jogador-de-futebol-do-mundo-pela-fifa\"]}]},{\"@type\":\"ImageObject\",\"inLanguage\":\"pt-BR\",\"@id\":\"https:\\\/\\\/redenoticiaz.com.br\\\/litoralsp\\\/2023\\\/02\\\/27\\\/messi-e-eleito-o-melhor-jogador-de-futebol-do-mundo-pela-fifa#primaryimage\",\"url\":\"https:\\\/\\\/redenoticiaz.com.br\\\/litoralsp\\\/wp-content\\\/uploads\\\/sites\\\/3\\\/2023\\\/02\\\/2023-02-27t214125z_2017438423_up1ej2r1o8yaa_rtrmadp_3_soccer-fifa-awards.jpg?v=1677543788\",\"contentUrl\":\"https:\\\/\\\/redenoticiaz.com.br\\\/litoralsp\\\/wp-content\\\/uploads\\\/sites\\\/3\\\/2023\\\/02\\\/2023-02-27t214125z_2017438423_up1ej2r1o8yaa_rtrmadp_3_soccer-fifa-awards.jpg?v=1677543788\",\"width\":1170,\"height\":700,\"caption\":\"Messi \u00e9 eleito o melhor jogador de futebol do mundo pela Fifa\"},{\"@type\":\"WebSite\",\"@id\":\"https:\\\/\\\/redenoticiaz.com.br\\\/litoralsp\\\/#website\",\"url\":\"https:\\\/\\\/redenoticiaz.com.br\\\/litoralsp\\\/\",\"name\":\"Litoral SP\",\"description\":\"Rede NoticiaZ\",\"publisher\":{\"@id\":\"https:\\\/\\\/redenoticiaz.com.br\\\/litoralsp\\\/#organization\"},\"potentialAction\":[{\"@type\":\"SearchAction\",\"target\":{\"@type\":\"EntryPoint\",\"urlTemplate\":\"https:\\\/\\\/redenoticiaz.com.br\\\/litoralsp\\\/?s={search_term_string}\"},\"query-input\":{\"@type\":\"PropertyValueSpecification\",\"valueRequired\":true,\"valueName\":\"search_term_string\"}}],\"inLanguage\":\"pt-BR\"},{\"@type\":\"Organization\",\"@id\":\"https:\\\/\\\/redenoticiaz.com.br\\\/litoralsp\\\/#organization\",\"name\":\"Litoral SP\",\"url\":\"https:\\\/\\\/redenoticiaz.com.br\\\/litoralsp\\\/\",\"logo\":{\"@type\":\"ImageObject\",\"inLanguage\":\"pt-BR\",\"@id\":\"https:\\\/\\\/redenoticiaz.com.br\\\/litoralsp\\\/#\\\/schema\\\/logo\\\/image\\\/\",\"url\":\"https:\\\/\\\/redenoticiaz.com.br\\\/litoralsp\\\/wp-content\\\/uploads\\\/sites\\\/3\\\/2020\\\/11\\\/logo.jpg\",\"contentUrl\":\"https:\\\/\\\/redenoticiaz.com.br\\\/litoralsp\\\/wp-content\\\/uploads\\\/sites\\\/3\\\/2020\\\/11\\\/logo.jpg\",\"width\":400,\"height\":250,\"caption\":\"Litoral SP\"},\"image\":{\"@id\":\"https:\\\/\\\/redenoticiaz.com.br\\\/litoralsp\\\/#\\\/schema\\\/logo\\\/image\\\/\"}},{\"@type\":\"Person\",\"@id\":\"https:\\\/\\\/redenoticiaz.com.br\\\/litoralsp\\\/#\\\/schema\\\/person\\\/16057b37a3c0ee6b096d7f887c566e2e\",\"name\":\"Gustavo Silva\",\"image\":{\"@type\":\"ImageObject\",\"inLanguage\":\"pt-BR\",\"@id\":\"https:\\\/\\\/secure.gravatar.com\\\/avatar\\\/3ee4e82f93b26de0a7cf4ea5eb7893da637ed6bb0c9170c58065944c56e28a33?s=96&d=mm&r=g\",\"url\":\"https:\\\/\\\/secure.gravatar.com\\\/avatar\\\/3ee4e82f93b26de0a7cf4ea5eb7893da637ed6bb0c9170c58065944c56e28a33?s=96&d=mm&r=g\",\"contentUrl\":\"https:\\\/\\\/secure.gravatar.com\\\/avatar\\\/3ee4e82f93b26de0a7cf4ea5eb7893da637ed6bb0c9170c58065944c56e28a33?s=96&d=mm&r=g\",\"caption\":\"Gustavo Silva\"},\"url\":\"https:\\\/\\\/redenoticiaz.com.br\\\/litoralsp\\\/author\\\/gustavosilva\"}]}<\/script>\n<!-- \/ Yoast SEO plugin. -->","yoast_head_json":{"title":"Messi \u00e9 eleito o melhor jogador de futebol do mundo pela Fifa - Litoral SP","description":"Lionel Messi \u00e9 escolhido o melhor jogador do mundo em evento que contou com uma grande homenagem ao Rei Pel\u00e9.","robots":{"index":"index","follow":"follow","max-snippet":"max-snippet:-1","max-image-preview":"max-image-preview:large","max-video-preview":"max-video-preview:-1"},"canonical":"https:\/\/redenoticiaz.com.br\/litoralsp\/2023\/02\/27\/messi-e-eleito-o-melhor-jogador-de-futebol-do-mundo-pela-fifa","og_locale":"pt_BR","og_type":"article","og_title":"Messi \u00e9 eleito o melhor jogador de futebol do mundo pela Fifa - Litoral SP","og_description":"Lionel Messi \u00e9 escolhido o melhor jogador do mundo em evento que contou com uma grande homenagem ao Rei Pel\u00e9.","og_url":"https:\/\/redenoticiaz.com.br\/litoralsp\/2023\/02\/27\/messi-e-eleito-o-melhor-jogador-de-futebol-do-mundo-pela-fifa","og_site_name":"Litoral SP","article_published_time":"2023-02-28T00:23:24+00:00","article_modified_time":"2023-02-28T00:23:40+00:00","og_image":[{"width":1170,"height":700,"url":"https:\/\/redenoticiaz.com.br\/litoralsp\/wp-content\/uploads\/sites\/3\/2023\/02\/2023-02-27t214125z_2017438423_up1ej2r1o8yaa_rtrmadp_3_soccer-fifa-awards.jpg?v=1677543788","type":"image\/jpeg"}],"author":"Gustavo Silva","twitter_card":"summary_large_image","twitter_misc":{"Escrito por":"Gustavo Silva","Est. tempo de leitura":"5 minutos"},"schema":{"@context":"https:\/\/schema.org","@graph":[{"@type":"Article","@id":"https:\/\/redenoticiaz.com.br\/litoralsp\/2023\/02\/27\/messi-e-eleito-o-melhor-jogador-de-futebol-do-mundo-pela-fifa#article","isPartOf":{"@id":"https:\/\/redenoticiaz.com.br\/litoralsp\/2023\/02\/27\/messi-e-eleito-o-melhor-jogador-de-futebol-do-mundo-pela-fifa"},"author":{"name":"Gustavo Silva","@id":"https:\/\/redenoticiaz.com.br\/litoralsp\/#\/schema\/person\/16057b37a3c0ee6b096d7f887c566e2e"},"headline":"Messi \u00e9 eleito o melhor jogador de futebol do mundo pela Fifa","datePublished":"2023-02-28T00:23:24+00:00","dateModified":"2023-02-28T00:23:40+00:00","mainEntityOfPage":{"@id":"https:\/\/redenoticiaz.com.br\/litoralsp\/2023\/02\/27\/messi-e-eleito-o-melhor-jogador-de-futebol-do-mundo-pela-fifa"},"wordCount":715,"commentCount":0,"publisher":{"@id":"https:\/\/redenoticiaz.com.br\/litoralsp\/#organization"},"image":{"@id":"https:\/\/redenoticiaz.com.br\/litoralsp\/2023\/02\/27\/messi-e-eleito-o-melhor-jogador-de-futebol-do-mundo-pela-fifa#primaryimage"},"thumbnailUrl":"https:\/\/redenoticiaz.com.br\/litoralsp\/wp-content\/uploads\/sites\/3\/2023\/02\/2023-02-27t214125z_2017438423_up1ej2r1o8yaa_rtrmadp_3_soccer-fifa-awards.jpg?v=1677543788","keywords":["BOLA DE OURO","melhor do mundo","messi","PEL\u00c9"],"articleSection":["Esporte"],"inLanguage":"pt-BR","potentialAction":[{"@type":"CommentAction","name":"Comment","target":["https:\/\/redenoticiaz.com.br\/litoralsp\/2023\/02\/27\/messi-e-eleito-o-melhor-jogador-de-futebol-do-mundo-pela-fifa#respond"]}]},{"@type":"WebPage","@id":"https:\/\/redenoticiaz.com.br\/litoralsp\/2023\/02\/27\/messi-e-eleito-o-melhor-jogador-de-futebol-do-mundo-pela-fifa","url":"https:\/\/redenoticiaz.com.br\/litoralsp\/2023\/02\/27\/messi-e-eleito-o-melhor-jogador-de-futebol-do-mundo-pela-fifa","name":"Messi \u00e9 eleito o melhor jogador de futebol do mundo pela Fifa - Litoral SP","isPartOf":{"@id":"https:\/\/redenoticiaz.com.br\/litoralsp\/#website"},"primaryImageOfPage":{"@id":"https:\/\/redenoticiaz.com.br\/litoralsp\/2023\/02\/27\/messi-e-eleito-o-melhor-jogador-de-futebol-do-mundo-pela-fifa#primaryimage"},"image":{"@id":"https:\/\/redenoticiaz.com.br\/litoralsp\/2023\/02\/27\/messi-e-eleito-o-melhor-jogador-de-futebol-do-mundo-pela-fifa#primaryimage"},"thumbnailUrl":"https:\/\/redenoticiaz.com.br\/litoralsp\/wp-content\/uploads\/sites\/3\/2023\/02\/2023-02-27t214125z_2017438423_up1ej2r1o8yaa_rtrmadp_3_soccer-fifa-awards.jpg?v=1677543788","datePublished":"2023-02-28T00:23:24+00:00","dateModified":"2023-02-28T00:23:40+00:00","description":"Lionel Messi \u00e9 escolhido o melhor jogador do mundo em evento que contou com uma grande homenagem ao Rei Pel\u00e9.","inLanguage":"pt-BR","potentialAction":[{"@type":"ReadAction","target":["https:\/\/redenoticiaz.com.br\/litoralsp\/2023\/02\/27\/messi-e-eleito-o-melhor-jogador-de-futebol-do-mundo-pela-fifa"]}]},{"@type":"ImageObject","inLanguage":"pt-BR","@id":"https:\/\/redenoticiaz.com.br\/litoralsp\/2023\/02\/27\/messi-e-eleito-o-melhor-jogador-de-futebol-do-mundo-pela-fifa#primaryimage","url":"https:\/\/redenoticiaz.com.br\/litoralsp\/wp-content\/uploads\/sites\/3\/2023\/02\/2023-02-27t214125z_2017438423_up1ej2r1o8yaa_rtrmadp_3_soccer-fifa-awards.jpg?v=1677543788","contentUrl":"https:\/\/redenoticiaz.com.br\/litoralsp\/wp-content\/uploads\/sites\/3\/2023\/02\/2023-02-27t214125z_2017438423_up1ej2r1o8yaa_rtrmadp_3_soccer-fifa-awards.jpg?v=1677543788","width":1170,"height":700,"caption":"Messi \u00e9 eleito o melhor jogador de futebol do mundo pela Fifa"},{"@type":"WebSite","@id":"https:\/\/redenoticiaz.com.br\/litoralsp\/#website","url":"https:\/\/redenoticiaz.com.br\/litoralsp\/","name":"Litoral SP","description":"Rede NoticiaZ","publisher":{"@id":"https:\/\/redenoticiaz.com.br\/litoralsp\/#organization"},"potentialAction":[{"@type":"SearchAction","target":{"@type":"EntryPoint","urlTemplate":"https:\/\/redenoticiaz.com.br\/litoralsp\/?s={search_term_string}"},"query-input":{"@type":"PropertyValueSpecification","valueRequired":true,"valueName":"search_term_string"}}],"inLanguage":"pt-BR"},{"@type":"Organization","@id":"https:\/\/redenoticiaz.com.br\/litoralsp\/#organization","name":"Litoral SP","url":"https:\/\/redenoticiaz.com.br\/litoralsp\/","logo":{"@type":"ImageObject","inLanguage":"pt-BR","@id":"https:\/\/redenoticiaz.com.br\/litoralsp\/#\/schema\/logo\/image\/","url":"https:\/\/redenoticiaz.com.br\/litoralsp\/wp-content\/uploads\/sites\/3\/2020\/11\/logo.jpg","contentUrl":"https:\/\/redenoticiaz.com.br\/litoralsp\/wp-content\/uploads\/sites\/3\/2020\/11\/logo.jpg","width":400,"height":250,"caption":"Litoral SP"},"image":{"@id":"https:\/\/redenoticiaz.com.br\/litoralsp\/#\/schema\/logo\/image\/"}},{"@type":"Person","@id":"https:\/\/redenoticiaz.com.br\/litoralsp\/#\/schema\/person\/16057b37a3c0ee6b096d7f887c566e2e","name":"Gustavo Silva","image":{"@type":"ImageObject","inLanguage":"pt-BR","@id":"https:\/\/secure.gravatar.com\/avatar\/3ee4e82f93b26de0a7cf4ea5eb7893da637ed6bb0c9170c58065944c56e28a33?s=96&d=mm&r=g","url":"https:\/\/secure.gravatar.com\/avatar\/3ee4e82f93b26de0a7cf4ea5eb7893da637ed6bb0c9170c58065944c56e28a33?s=96&d=mm&r=g","contentUrl":"https:\/\/secure.gravatar.com\/avatar\/3ee4e82f93b26de0a7cf4ea5eb7893da637ed6bb0c9170c58065944c56e28a33?s=96&d=mm&r=g","caption":"Gustavo Silva"},"url":"https:\/\/redenoticiaz.com.br\/litoralsp\/author\/gustavosilva"}]}},"_links":{"self":[{"href":"https:\/\/redenoticiaz.com.br\/litoralsp\/wp-json\/wp\/v2\/posts\/101583","targetHints":{"allow":["GET"]}}],"collection":[{"href":"https:\/\/redenoticiaz.com.br\/litoralsp\/wp-json\/wp\/v2\/posts"}],"about":[{"href":"https:\/\/redenoticiaz.com.br\/litoralsp\/wp-json\/wp\/v2\/types\/post"}],"author":[{"embeddable":true,"href":"https:\/\/redenoticiaz.com.br\/litoralsp\/wp-json\/wp\/v2\/users\/12"}],"replies":[{"embeddable":true,"href":"https:\/\/redenoticiaz.com.br\/litoralsp\/wp-json\/wp\/v2\/comments?post=101583"}],"version-history":[{"count":0,"href":"https:\/\/redenoticiaz.com.br\/litoralsp\/wp-json\/wp\/v2\/posts\/101583\/revisions"}],"wp:featuredmedia":[{"embeddable":true,"href":"https:\/\/redenoticiaz.com.br\/litoralsp\/wp-json\/wp\/v2\/media\/101584"}],"wp:attachment":[{"href":"https:\/\/redenoticiaz.com.br\/litoralsp\/wp-json\/wp\/v2\/media?parent=101583"}],"wp:term":[{"taxonomy":"category","embeddable":true,"href":"https:\/\/redenoticiaz.com.br\/litoralsp\/wp-json\/wp\/v2\/categories?post=101583"},{"taxonomy":"post_tag","embeddable":true,"href":"https:\/\/redenoticiaz.com.br\/litoralsp\/wp-json\/wp\/v2\/tags?post=101583"}],"curies":[{"name":"wp","href":"https:\/\/api.w.org\/{rel}","templated":true}]}}