{"id":101591,"date":"2023-03-04T11:00:49","date_gmt":"2023-03-04T14:00:49","guid":{"rendered":"https:\/\/redenoticiaz.com.br\/litoralsp\/?p=101591"},"modified":"2023-02-27T21:50:47","modified_gmt":"2023-02-28T00:50:47","slug":"pgr-oferece-denuncia-contra-80-pessoas-presas-em-atos-golpistas","status":"publish","type":"post","link":"https:\/\/redenoticiaz.com.br\/litoralsp\/2023\/03\/04\/pgr-oferece-denuncia-contra-80-pessoas-presas-em-atos-golpistas","title":{"rendered":"PGR oferece den\u00fancia contra 80 pessoas presas em atos golpistas"},"content":{"rendered":"<p>A Procuradoria-Geral da Rep\u00fablica (PGR) apresentou, nos \u00faltimos dias, ao Supremo Tribunal Federal (STF) 80 novas den\u00fancias contra pessoas presas em flagrante ap\u00f3s invadirem e depredarem as sedes dos tr\u00eas Poderes, em Bras\u00edlia, no dia 8 de janeiro.<img decoding=\"async\" src=\"https:\/\/agenciabrasil.ebc.com.br\/ebc.png?id=1513105&amp;o=node\" \/><img decoding=\"async\" src=\"https:\/\/agenciabrasil.ebc.com.br\/ebc.gif?id=1513105&amp;o=node\" \/><\/p>\n<p>As acusa\u00e7\u00f5es foram protocoladas em dois inqu\u00e9ritos (4.921 e 4.922), ambos de relatoria do ministro Alexandre de Moraes, instaurados a pedido da PGR para investigar o planejamento e a responsabilidade intelectual dos crimes praticados, bem como identificar os participantes da invas\u00e3o que n\u00e3o foram presos em flagrante no dia.<\/p>\n<p>O n\u00famero total de denunciados pelo Grupo Estrat\u00e9gico de Combate aos Atos Antidemocr\u00e1ticos chegou a 912 pessoas, entre executores e incitadores.<\/p>\n<p>Entre os denunciados nos \u00faltimos dias est\u00e3o 44 acusados por crimes de incita\u00e7\u00e3o equiparada pela animosidade das For\u00e7as Armadas contra os Poderes Constitucionais e associa\u00e7\u00e3o criminosa, cuja pena m\u00e1xima pode chegara 3 anos e 3 meses de reclus\u00e3o.<\/p>\n<p>Outras 36 pessoas foram acusadas por crimes mais graves, praticados com viol\u00eancia e grave amea\u00e7a, cuja pena m\u00e1xima pode superar 30 anos. Nesses casos, os denunciados respondem pelos crimes de associa\u00e7\u00e3o criminosa armada; aboli\u00e7\u00e3o violenta do Estado Democr\u00e1tico de Direito; golpe de Estado; dano qualificado contra o patrim\u00f4nio da Uni\u00e3o, al\u00e9m de deteriora\u00e7\u00e3o de patrim\u00f4nio tombado.<\/p>\n<p>Leia mais<\/p>\n<p><a href=\"https:\/\/redenoticiaz.com.br\/blog\/2023\/02\/19\/novo-golpe-no-instagram-usa-fotos-e-nomes-de-usuarios-reais-para-criar-perfil-falso\">Novo golpe no Instagram usa fotos e nomes de usu\u00e1rios reais para criar perfil falso<\/a><\/p>\n","protected":false},"excerpt":{"rendered":"<p>A Procuradoria-Geral da Rep\u00fablica (PGR) apresentou, nos \u00faltimos dias, ao Supremo Tribunal Federal (STF) 80 novas den\u00fancias contra pessoas presas em flagrante ap\u00f3s invadirem e depredarem as sedes dos tr\u00eas Poderes, em Bras\u00edlia, no dia 8 de janeiro. As acusa\u00e7\u00f5es foram protocoladas em dois inqu\u00e9ritos (4.921 e 4.922), ambos de relatoria do ministro Alexandre de &hellip;<\/p>\n","protected":false},"author":12,"featured_media":101592,"comment_status":"open","ping_status":"closed","sticky":false,"template":"","format":"standard","meta":{"footnotes":""},"categories":[22,15],"tags":[15434,18622,12365,59051,62560],"class_list":["post-101591","post","type-post","status-publish","format-standard","has-post-thumbnail","hentry","category-justica","category-politica","tag-brasilia","tag-denuncias","tag-golpe","tag-golpistas","tag-pgr"],"yoast_head":"<!-- This site is optimized with the Yoast SEO plugin v27.5 - https:\/\/yoast.com\/product\/yoast-seo-wordpress\/ -->\n<title>PGR oferece den\u00fancia contra 80 pessoas presas em atos golpistas - Litoral SP<\/title>\n<meta name=\"description\" content=\"A Procuradoria-Geral da Rep\u00fablica (PGR) apresentou, nos \u00faltimos dias, ao Supremo Tribunal Federal (STF) 80 novas den\u00fancias\" \/>\n<meta name=\"robots\" content=\"index, follow, max-snippet:-1, max-image-preview:large, max-video-preview:-1\" \/>\n<link rel=\"canonical\" href=\"https:\/\/redenoticiaz.com.br\/litoralsp\/2023\/03\/04\/pgr-oferece-denuncia-contra-80-pessoas-presas-em-atos-golpistas\" \/>\n<meta property=\"og:locale\" content=\"pt_BR\" \/>\n<meta property=\"og:type\" content=\"article\" \/>\n<meta property=\"og:title\" content=\"PGR oferece den\u00fancia contra 80 pessoas presas em atos golpistas - Litoral SP\" \/>\n<meta property=\"og:description\" content=\"A Procuradoria-Geral da Rep\u00fablica (PGR) apresentou, nos \u00faltimos dias, ao Supremo Tribunal Federal (STF) 80 novas den\u00fancias\" \/>\n<meta property=\"og:url\" content=\"https:\/\/redenoticiaz.com.br\/litoralsp\/2023\/03\/04\/pgr-oferece-denuncia-contra-80-pessoas-presas-em-atos-golpistas\" \/>\n<meta property=\"og:site_name\" content=\"Litoral SP\" \/>\n<meta property=\"article:published_time\" content=\"2023-03-04T14:00:49+00:00\" \/>\n<meta property=\"og:image\" content=\"https:\/\/redenoticiaz.com.br\/litoralsp\/wp-content\/uploads\/sites\/3\/2023\/02\/disturbios_antidemocraticos_supremo_tribunal_federal_vac_abr_1001233743.jpg?v=1677545407\" \/>\n\t<meta property=\"og:image:width\" content=\"1170\" \/>\n\t<meta property=\"og:image:height\" content=\"700\" \/>\n\t<meta property=\"og:image:type\" content=\"image\/jpeg\" \/>\n<meta name=\"author\" content=\"Gustavo Silva\" \/>\n<meta name=\"twitter:card\" content=\"summary_large_image\" \/>\n<meta name=\"twitter:label1\" content=\"Escrito por\" \/>\n\t<meta name=\"twitter:data1\" content=\"Gustavo Silva\" \/>\n\t<meta name=\"twitter:label2\" content=\"Est. tempo de leitura\" \/>\n\t<meta name=\"twitter:data2\" content=\"2 minutos\" \/>\n<script type=\"application\/ld+json\" class=\"yoast-schema-graph\">{\"@context\":\"https:\\\/\\\/schema.org\",\"@graph\":[{\"@type\":\"Article\",\"@id\":\"https:\\\/\\\/redenoticiaz.com.br\\\/litoralsp\\\/2023\\\/03\\\/04\\\/pgr-oferece-denuncia-contra-80-pessoas-presas-em-atos-golpistas#article\",\"isPartOf\":{\"@id\":\"https:\\\/\\\/redenoticiaz.com.br\\\/litoralsp\\\/2023\\\/03\\\/04\\\/pgr-oferece-denuncia-contra-80-pessoas-presas-em-atos-golpistas\"},\"author\":{\"name\":\"Gustavo Silva\",\"@id\":\"https:\\\/\\\/redenoticiaz.com.br\\\/litoralsp\\\/#\\\/schema\\\/person\\\/16057b37a3c0ee6b096d7f887c566e2e\"},\"headline\":\"PGR oferece den\u00fancia contra 80 pessoas presas em atos golpistas\",\"datePublished\":\"2023-03-04T14:00:49+00:00\",\"mainEntityOfPage\":{\"@id\":\"https:\\\/\\\/redenoticiaz.com.br\\\/litoralsp\\\/2023\\\/03\\\/04\\\/pgr-oferece-denuncia-contra-80-pessoas-presas-em-atos-golpistas\"},\"wordCount\":249,\"commentCount\":0,\"publisher\":{\"@id\":\"https:\\\/\\\/redenoticiaz.com.br\\\/litoralsp\\\/#organization\"},\"image\":{\"@id\":\"https:\\\/\\\/redenoticiaz.com.br\\\/litoralsp\\\/2023\\\/03\\\/04\\\/pgr-oferece-denuncia-contra-80-pessoas-presas-em-atos-golpistas#primaryimage\"},\"thumbnailUrl\":\"https:\\\/\\\/redenoticiaz.com.br\\\/litoralsp\\\/wp-content\\\/uploads\\\/sites\\\/3\\\/2023\\\/02\\\/disturbios_antidemocraticos_supremo_tribunal_federal_vac_abr_1001233743.jpg?v=1677545407\",\"keywords\":[\"BRAS\u00cdLIA\",\"DEN\u00daNCIAS\",\"GOLPE\",\"GOLPISTAS\",\"PGR\"],\"articleSection\":[\"Justi\u00e7a\",\"Pol\u00edtica\"],\"inLanguage\":\"pt-BR\",\"potentialAction\":[{\"@type\":\"CommentAction\",\"name\":\"Comment\",\"target\":[\"https:\\\/\\\/redenoticiaz.com.br\\\/litoralsp\\\/2023\\\/03\\\/04\\\/pgr-oferece-denuncia-contra-80-pessoas-presas-em-atos-golpistas#respond\"]}]},{\"@type\":\"WebPage\",\"@id\":\"https:\\\/\\\/redenoticiaz.com.br\\\/litoralsp\\\/2023\\\/03\\\/04\\\/pgr-oferece-denuncia-contra-80-pessoas-presas-em-atos-golpistas\",\"url\":\"https:\\\/\\\/redenoticiaz.com.br\\\/litoralsp\\\/2023\\\/03\\\/04\\\/pgr-oferece-denuncia-contra-80-pessoas-presas-em-atos-golpistas\",\"name\":\"PGR oferece den\u00fancia contra 80 pessoas presas em atos golpistas - Litoral SP\",\"isPartOf\":{\"@id\":\"https:\\\/\\\/redenoticiaz.com.br\\\/litoralsp\\\/#website\"},\"primaryImageOfPage\":{\"@id\":\"https:\\\/\\\/redenoticiaz.com.br\\\/litoralsp\\\/2023\\\/03\\\/04\\\/pgr-oferece-denuncia-contra-80-pessoas-presas-em-atos-golpistas#primaryimage\"},\"image\":{\"@id\":\"https:\\\/\\\/redenoticiaz.com.br\\\/litoralsp\\\/2023\\\/03\\\/04\\\/pgr-oferece-denuncia-contra-80-pessoas-presas-em-atos-golpistas#primaryimage\"},\"thumbnailUrl\":\"https:\\\/\\\/redenoticiaz.com.br\\\/litoralsp\\\/wp-content\\\/uploads\\\/sites\\\/3\\\/2023\\\/02\\\/disturbios_antidemocraticos_supremo_tribunal_federal_vac_abr_1001233743.jpg?v=1677545407\",\"datePublished\":\"2023-03-04T14:00:49+00:00\",\"description\":\"A Procuradoria-Geral da Rep\u00fablica (PGR) apresentou, nos \u00faltimos dias, ao Supremo Tribunal Federal (STF) 80 novas den\u00fancias\",\"inLanguage\":\"pt-BR\",\"potentialAction\":[{\"@type\":\"ReadAction\",\"target\":[\"https:\\\/\\\/redenoticiaz.com.br\\\/litoralsp\\\/2023\\\/03\\\/04\\\/pgr-oferece-denuncia-contra-80-pessoas-presas-em-atos-golpistas\"]}]},{\"@type\":\"ImageObject\",\"inLanguage\":\"pt-BR\",\"@id\":\"https:\\\/\\\/redenoticiaz.com.br\\\/litoralsp\\\/2023\\\/03\\\/04\\\/pgr-oferece-denuncia-contra-80-pessoas-presas-em-atos-golpistas#primaryimage\",\"url\":\"https:\\\/\\\/redenoticiaz.com.br\\\/litoralsp\\\/wp-content\\\/uploads\\\/sites\\\/3\\\/2023\\\/02\\\/disturbios_antidemocraticos_supremo_tribunal_federal_vac_abr_1001233743.jpg?v=1677545407\",\"contentUrl\":\"https:\\\/\\\/redenoticiaz.com.br\\\/litoralsp\\\/wp-content\\\/uploads\\\/sites\\\/3\\\/2023\\\/02\\\/disturbios_antidemocraticos_supremo_tribunal_federal_vac_abr_1001233743.jpg?v=1677545407\",\"width\":1170,\"height\":700,\"caption\":\"PGR oferece den\u00fancia contra 80 pessoas presas em atos golpistas\"},{\"@type\":\"WebSite\",\"@id\":\"https:\\\/\\\/redenoticiaz.com.br\\\/litoralsp\\\/#website\",\"url\":\"https:\\\/\\\/redenoticiaz.com.br\\\/litoralsp\\\/\",\"name\":\"Litoral SP\",\"description\":\"Rede NoticiaZ\",\"publisher\":{\"@id\":\"https:\\\/\\\/redenoticiaz.com.br\\\/litoralsp\\\/#organization\"},\"potentialAction\":[{\"@type\":\"SearchAction\",\"target\":{\"@type\":\"EntryPoint\",\"urlTemplate\":\"https:\\\/\\\/redenoticiaz.com.br\\\/litoralsp\\\/?s={search_term_string}\"},\"query-input\":{\"@type\":\"PropertyValueSpecification\",\"valueRequired\":true,\"valueName\":\"search_term_string\"}}],\"inLanguage\":\"pt-BR\"},{\"@type\":\"Organization\",\"@id\":\"https:\\\/\\\/redenoticiaz.com.br\\\/litoralsp\\\/#organization\",\"name\":\"Litoral SP\",\"url\":\"https:\\\/\\\/redenoticiaz.com.br\\\/litoralsp\\\/\",\"logo\":{\"@type\":\"ImageObject\",\"inLanguage\":\"pt-BR\",\"@id\":\"https:\\\/\\\/redenoticiaz.com.br\\\/litoralsp\\\/#\\\/schema\\\/logo\\\/image\\\/\",\"url\":\"https:\\\/\\\/redenoticiaz.com.br\\\/litoralsp\\\/wp-content\\\/uploads\\\/sites\\\/3\\\/2020\\\/11\\\/logo.jpg\",\"contentUrl\":\"https:\\\/\\\/redenoticiaz.com.br\\\/litoralsp\\\/wp-content\\\/uploads\\\/sites\\\/3\\\/2020\\\/11\\\/logo.jpg\",\"width\":400,\"height\":250,\"caption\":\"Litoral SP\"},\"image\":{\"@id\":\"https:\\\/\\\/redenoticiaz.com.br\\\/litoralsp\\\/#\\\/schema\\\/logo\\\/image\\\/\"}},{\"@type\":\"Person\",\"@id\":\"https:\\\/\\\/redenoticiaz.com.br\\\/litoralsp\\\/#\\\/schema\\\/person\\\/16057b37a3c0ee6b096d7f887c566e2e\",\"name\":\"Gustavo Silva\",\"image\":{\"@type\":\"ImageObject\",\"inLanguage\":\"pt-BR\",\"@id\":\"https:\\\/\\\/secure.gravatar.com\\\/avatar\\\/3ee4e82f93b26de0a7cf4ea5eb7893da637ed6bb0c9170c58065944c56e28a33?s=96&d=mm&r=g\",\"url\":\"https:\\\/\\\/secure.gravatar.com\\\/avatar\\\/3ee4e82f93b26de0a7cf4ea5eb7893da637ed6bb0c9170c58065944c56e28a33?s=96&d=mm&r=g\",\"contentUrl\":\"https:\\\/\\\/secure.gravatar.com\\\/avatar\\\/3ee4e82f93b26de0a7cf4ea5eb7893da637ed6bb0c9170c58065944c56e28a33?s=96&d=mm&r=g\",\"caption\":\"Gustavo Silva\"},\"url\":\"https:\\\/\\\/redenoticiaz.com.br\\\/litoralsp\\\/author\\\/gustavosilva\"}]}<\/script>\n<!-- \/ Yoast SEO plugin. -->","yoast_head_json":{"title":"PGR oferece den\u00fancia contra 80 pessoas presas em atos golpistas - Litoral SP","description":"A Procuradoria-Geral da Rep\u00fablica (PGR) apresentou, nos \u00faltimos dias, ao Supremo Tribunal Federal (STF) 80 novas den\u00fancias","robots":{"index":"index","follow":"follow","max-snippet":"max-snippet:-1","max-image-preview":"max-image-preview:large","max-video-preview":"max-video-preview:-1"},"canonical":"https:\/\/redenoticiaz.com.br\/litoralsp\/2023\/03\/04\/pgr-oferece-denuncia-contra-80-pessoas-presas-em-atos-golpistas","og_locale":"pt_BR","og_type":"article","og_title":"PGR oferece den\u00fancia contra 80 pessoas presas em atos golpistas - Litoral SP","og_description":"A Procuradoria-Geral da Rep\u00fablica (PGR) apresentou, nos \u00faltimos dias, ao Supremo Tribunal Federal (STF) 80 novas den\u00fancias","og_url":"https:\/\/redenoticiaz.com.br\/litoralsp\/2023\/03\/04\/pgr-oferece-denuncia-contra-80-pessoas-presas-em-atos-golpistas","og_site_name":"Litoral SP","article_published_time":"2023-03-04T14:00:49+00:00","og_image":[{"width":1170,"height":700,"url":"https:\/\/redenoticiaz.com.br\/litoralsp\/wp-content\/uploads\/sites\/3\/2023\/02\/disturbios_antidemocraticos_supremo_tribunal_federal_vac_abr_1001233743.jpg?v=1677545407","type":"image\/jpeg"}],"author":"Gustavo Silva","twitter_card":"summary_large_image","twitter_misc":{"Escrito por":"Gustavo Silva","Est. tempo de leitura":"2 minutos"},"schema":{"@context":"https:\/\/schema.org","@graph":[{"@type":"Article","@id":"https:\/\/redenoticiaz.com.br\/litoralsp\/2023\/03\/04\/pgr-oferece-denuncia-contra-80-pessoas-presas-em-atos-golpistas#article","isPartOf":{"@id":"https:\/\/redenoticiaz.com.br\/litoralsp\/2023\/03\/04\/pgr-oferece-denuncia-contra-80-pessoas-presas-em-atos-golpistas"},"author":{"name":"Gustavo Silva","@id":"https:\/\/redenoticiaz.com.br\/litoralsp\/#\/schema\/person\/16057b37a3c0ee6b096d7f887c566e2e"},"headline":"PGR oferece den\u00fancia contra 80 pessoas presas em atos golpistas","datePublished":"2023-03-04T14:00:49+00:00","mainEntityOfPage":{"@id":"https:\/\/redenoticiaz.com.br\/litoralsp\/2023\/03\/04\/pgr-oferece-denuncia-contra-80-pessoas-presas-em-atos-golpistas"},"wordCount":249,"commentCount":0,"publisher":{"@id":"https:\/\/redenoticiaz.com.br\/litoralsp\/#organization"},"image":{"@id":"https:\/\/redenoticiaz.com.br\/litoralsp\/2023\/03\/04\/pgr-oferece-denuncia-contra-80-pessoas-presas-em-atos-golpistas#primaryimage"},"thumbnailUrl":"https:\/\/redenoticiaz.com.br\/litoralsp\/wp-content\/uploads\/sites\/3\/2023\/02\/disturbios_antidemocraticos_supremo_tribunal_federal_vac_abr_1001233743.jpg?v=1677545407","keywords":["BRAS\u00cdLIA","DEN\u00daNCIAS","GOLPE","GOLPISTAS","PGR"],"articleSection":["Justi\u00e7a","Pol\u00edtica"],"inLanguage":"pt-BR","potentialAction":[{"@type":"CommentAction","name":"Comment","target":["https:\/\/redenoticiaz.com.br\/litoralsp\/2023\/03\/04\/pgr-oferece-denuncia-contra-80-pessoas-presas-em-atos-golpistas#respond"]}]},{"@type":"WebPage","@id":"https:\/\/redenoticiaz.com.br\/litoralsp\/2023\/03\/04\/pgr-oferece-denuncia-contra-80-pessoas-presas-em-atos-golpistas","url":"https:\/\/redenoticiaz.com.br\/litoralsp\/2023\/03\/04\/pgr-oferece-denuncia-contra-80-pessoas-presas-em-atos-golpistas","name":"PGR oferece den\u00fancia contra 80 pessoas presas em atos golpistas - Litoral SP","isPartOf":{"@id":"https:\/\/redenoticiaz.com.br\/litoralsp\/#website"},"primaryImageOfPage":{"@id":"https:\/\/redenoticiaz.com.br\/litoralsp\/2023\/03\/04\/pgr-oferece-denuncia-contra-80-pessoas-presas-em-atos-golpistas#primaryimage"},"image":{"@id":"https:\/\/redenoticiaz.com.br\/litoralsp\/2023\/03\/04\/pgr-oferece-denuncia-contra-80-pessoas-presas-em-atos-golpistas#primaryimage"},"thumbnailUrl":"https:\/\/redenoticiaz.com.br\/litoralsp\/wp-content\/uploads\/sites\/3\/2023\/02\/disturbios_antidemocraticos_supremo_tribunal_federal_vac_abr_1001233743.jpg?v=1677545407","datePublished":"2023-03-04T14:00:49+00:00","description":"A Procuradoria-Geral da Rep\u00fablica (PGR) apresentou, nos \u00faltimos dias, ao Supremo Tribunal Federal (STF) 80 novas den\u00fancias","inLanguage":"pt-BR","potentialAction":[{"@type":"ReadAction","target":["https:\/\/redenoticiaz.com.br\/litoralsp\/2023\/03\/04\/pgr-oferece-denuncia-contra-80-pessoas-presas-em-atos-golpistas"]}]},{"@type":"ImageObject","inLanguage":"pt-BR","@id":"https:\/\/redenoticiaz.com.br\/litoralsp\/2023\/03\/04\/pgr-oferece-denuncia-contra-80-pessoas-presas-em-atos-golpistas#primaryimage","url":"https:\/\/redenoticiaz.com.br\/litoralsp\/wp-content\/uploads\/sites\/3\/2023\/02\/disturbios_antidemocraticos_supremo_tribunal_federal_vac_abr_1001233743.jpg?v=1677545407","contentUrl":"https:\/\/redenoticiaz.com.br\/litoralsp\/wp-content\/uploads\/sites\/3\/2023\/02\/disturbios_antidemocraticos_supremo_tribunal_federal_vac_abr_1001233743.jpg?v=1677545407","width":1170,"height":700,"caption":"PGR oferece den\u00fancia contra 80 pessoas presas em atos golpistas"},{"@type":"WebSite","@id":"https:\/\/redenoticiaz.com.br\/litoralsp\/#website","url":"https:\/\/redenoticiaz.com.br\/litoralsp\/","name":"Litoral SP","description":"Rede NoticiaZ","publisher":{"@id":"https:\/\/redenoticiaz.com.br\/litoralsp\/#organization"},"potentialAction":[{"@type":"SearchAction","target":{"@type":"EntryPoint","urlTemplate":"https:\/\/redenoticiaz.com.br\/litoralsp\/?s={search_term_string}"},"query-input":{"@type":"PropertyValueSpecification","valueRequired":true,"valueName":"search_term_string"}}],"inLanguage":"pt-BR"},{"@type":"Organization","@id":"https:\/\/redenoticiaz.com.br\/litoralsp\/#organization","name":"Litoral SP","url":"https:\/\/redenoticiaz.com.br\/litoralsp\/","logo":{"@type":"ImageObject","inLanguage":"pt-BR","@id":"https:\/\/redenoticiaz.com.br\/litoralsp\/#\/schema\/logo\/image\/","url":"https:\/\/redenoticiaz.com.br\/litoralsp\/wp-content\/uploads\/sites\/3\/2020\/11\/logo.jpg","contentUrl":"https:\/\/redenoticiaz.com.br\/litoralsp\/wp-content\/uploads\/sites\/3\/2020\/11\/logo.jpg","width":400,"height":250,"caption":"Litoral SP"},"image":{"@id":"https:\/\/redenoticiaz.com.br\/litoralsp\/#\/schema\/logo\/image\/"}},{"@type":"Person","@id":"https:\/\/redenoticiaz.com.br\/litoralsp\/#\/schema\/person\/16057b37a3c0ee6b096d7f887c566e2e","name":"Gustavo Silva","image":{"@type":"ImageObject","inLanguage":"pt-BR","@id":"https:\/\/secure.gravatar.com\/avatar\/3ee4e82f93b26de0a7cf4ea5eb7893da637ed6bb0c9170c58065944c56e28a33?s=96&d=mm&r=g","url":"https:\/\/secure.gravatar.com\/avatar\/3ee4e82f93b26de0a7cf4ea5eb7893da637ed6bb0c9170c58065944c56e28a33?s=96&d=mm&r=g","contentUrl":"https:\/\/secure.gravatar.com\/avatar\/3ee4e82f93b26de0a7cf4ea5eb7893da637ed6bb0c9170c58065944c56e28a33?s=96&d=mm&r=g","caption":"Gustavo Silva"},"url":"https:\/\/redenoticiaz.com.br\/litoralsp\/author\/gustavosilva"}]}},"_links":{"self":[{"href":"https:\/\/redenoticiaz.com.br\/litoralsp\/wp-json\/wp\/v2\/posts\/101591","targetHints":{"allow":["GET"]}}],"collection":[{"href":"https:\/\/redenoticiaz.com.br\/litoralsp\/wp-json\/wp\/v2\/posts"}],"about":[{"href":"https:\/\/redenoticiaz.com.br\/litoralsp\/wp-json\/wp\/v2\/types\/post"}],"author":[{"embeddable":true,"href":"https:\/\/redenoticiaz.com.br\/litoralsp\/wp-json\/wp\/v2\/users\/12"}],"replies":[{"embeddable":true,"href":"https:\/\/redenoticiaz.com.br\/litoralsp\/wp-json\/wp\/v2\/comments?post=101591"}],"version-history":[{"count":0,"href":"https:\/\/redenoticiaz.com.br\/litoralsp\/wp-json\/wp\/v2\/posts\/101591\/revisions"}],"wp:featuredmedia":[{"embeddable":true,"href":"https:\/\/redenoticiaz.com.br\/litoralsp\/wp-json\/wp\/v2\/media\/101592"}],"wp:attachment":[{"href":"https:\/\/redenoticiaz.com.br\/litoralsp\/wp-json\/wp\/v2\/media?parent=101591"}],"wp:term":[{"taxonomy":"category","embeddable":true,"href":"https:\/\/redenoticiaz.com.br\/litoralsp\/wp-json\/wp\/v2\/categories?post=101591"},{"taxonomy":"post_tag","embeddable":true,"href":"https:\/\/redenoticiaz.com.br\/litoralsp\/wp-json\/wp\/v2\/tags?post=101591"}],"curies":[{"name":"wp","href":"https:\/\/api.w.org\/{rel}","templated":true}]}}