{"id":101602,"date":"2023-02-28T10:07:45","date_gmt":"2023-02-28T13:07:45","guid":{"rendered":"https:\/\/redenoticiaz.com.br\/litoralsp\/?p=101602"},"modified":"2023-02-28T10:07:45","modified_gmt":"2023-02-28T13:07:45","slug":"dupla-rende-funcionario-dos-correios-e-tira-as-vestes-dele-para-cometer-assaltos-em-praia-grande","status":"publish","type":"post","link":"https:\/\/redenoticiaz.com.br\/litoralsp\/2023\/02\/28\/dupla-rende-funcionario-dos-correios-e-tira-as-vestes-dele-para-cometer-assaltos-em-praia-grande","title":{"rendered":"Dupla rende funcion\u00e1rio dos Correios e tira as vestes dele para cometer assaltos em Praia Grande"},"content":{"rendered":"<div id=\"chunk-64h6j\">\n<div class=\"mc-column content-text active-extra-styles \" data-block-type=\"unstyled\" data-block-weight=\"63\" data-block-id=\"3\">\n<p class=\"content-text__container \" data-track-category=\"Link no Texto\" data-track-links=\"\">Um <strong>carteiro foi abordado e roubado<\/strong> por dois homens em Praia Grande. As mercadorias dos Correios que seriam entregues, foram roubadas e c\u00e2meras de monitoramento mostraram o momento em que o funcion\u00e1rio \u00e9 rendido e ele tira as vestes para que os criminosos a usem e fujam na sequ\u00eancia.<\/p>\n<\/div>\n<\/div>\n<div class=\"wall protected-content\">\n<div id=\"chunk-akaan\">\n<div class=\"mc-column content-text active-extra-styles \" data-block-type=\"unstyled\" data-block-weight=\"34\" data-block-id=\"5\">\n<p class=\"content-text__container \" data-track-category=\"Link no Texto\" data-track-links=\"\">Era por volta das 12h40 de segunda-feira (27), quando o funcion\u00e1rios dos Correios passava pela Rua Amin Andraus, no bairro Vila Cai\u00e7ara. As c\u00e2meras filmaram ele aparece entregando uma encomenda a um morador de um pr\u00e9dio. S\u00f3 que em seguida, um criminoso aparece de bicicleta e um outro surge a p\u00e9.<\/p>\n<p class=\"content-text__container \" data-track-category=\"Link no Texto\" data-track-links=\"\">Os homens retiraram o profissional do ve\u00edculo \u00e0 for\u00e7a e o obrigam a abrir as portas traseiras do autom\u00f3vel, onde ficam armazenadas as entregas. Enquanto um dos criminosos entrou no compartimento traseiro do carro, o outro fez com que o <span class=\"highlight highlighted\">carteiro tirasse a pr\u00f3pria camiseta &#8211; o uniforme dos Correios<\/span> &#8211; e entregasse para ele.<\/p>\n<p data-track-category=\"Link no Texto\" data-track-links=\"\">Por fim, os <span class=\"highlight highlighted\">bandidos seguiram para lados opostos da rua, cada um carregando uma grande quantidade de pacotes, enquanto a v\u00edtima foi mantida dentro do ve\u00edculo<\/span>. Depois que os criminosos foram embora, o carteiro conseguiu sair do carro.<\/p>\n<h3 data-track-category=\"Link no Texto\">Respostas<\/h3>\n<div id=\"chunk-e3kbr\">\n<div class=\"mc-column content-text active-extra-styles \" data-block-type=\"unstyled\" data-block-weight=\"34\" data-block-id=\"12\">\n<p class=\"content-text__container \" data-track-category=\"Link no Texto\" data-track-links=\"\">Segundo a Pol\u00edcia Militar (PM), que foi acionada pelo pr\u00f3prio carteiro, os <span class=\"highlight highlighted\">bandidos disseram \u00e0 v\u00edtima que estavam armados.<\/span> Uma viatura tamb\u00e9m foi at\u00e9 a ag\u00eancia dos Correios, onde o carteiro trabalha no munic\u00edpio.<\/p>\n<\/div>\n<\/div>\n<div id=\"chunk-dk1mu\">\n<div class=\"mc-column content-text active-extra-styles \" data-block-type=\"unstyled\" data-block-weight=\"26\" data-block-id=\"13\">\n<p class=\"content-text__container \" data-track-category=\"Link no Texto\" data-track-links=\"\"><span class=\"highlight highlighted\">J\u00e1 os Correios informaram \u00e0 PM que far\u00e3o o levantamento das cargas roubadas<\/span> e, depois, ir\u00e3o registrar um boletim de ocorr\u00eancia (BO) em uma delegacia da cidade.<\/p>\n<\/div>\n<\/div>\n<div id=\"chunk-amgh4\">\n<div class=\"mc-column content-text active-extra-styles \" data-block-type=\"unstyled\" data-block-weight=\"40\" data-block-id=\"14\">\n<p class=\"content-text__container \" data-track-category=\"Link no Texto\" data-track-links=\"\">No entanto nenhuma informa\u00e7\u00e3o sobre o carteiro e os preju\u00edzos aos destinat\u00e1rios que tiveram correspond\u00eancias roubadas foi repassada.<\/p>\n<p data-track-category=\"Link no Texto\" data-track-links=\"\"><strong>LEIA TAMB\u00c9M<\/strong><\/p>\n<p data-track-category=\"Link no Texto\" data-track-links=\"\"><a href=\"https:\/\/redenoticiaz.com.br\/litoralsp\/2023\/02\/27\/dupla-e-detida-por-furto-de-portao-de-clinica-de-idosos\">Dupla \u00e9 detida por furto de port\u00e3o de cl\u00ednica de idosos<\/a><\/p>\n<\/div>\n<\/div>\n<\/div>\n<\/div>\n<\/div>\n","protected":false},"excerpt":{"rendered":"<p>Um carteiro foi abordado e roubado por dois homens em Praia Grande. As mercadorias dos Correios que seriam entregues, foram roubadas e c\u00e2meras de monitoramento mostraram o momento em que o funcion\u00e1rio \u00e9 rendido e ele tira as vestes para que os criminosos a usem e fujam na sequ\u00eancia. Era por volta das 12h40 de &hellip;<\/p>\n","protected":false},"author":6,"featured_media":101603,"comment_status":"open","ping_status":"closed","sticky":false,"template":"","format":"standard","meta":{"footnotes":""},"categories":[10,182],"tags":[2803,11244,9588,9587,1101],"class_list":["post-101602","post","type-post","status-publish","format-standard","has-post-thumbnail","hentry","category-policia","category-praia-grande","tag-assalto","tag-bairro-caicara","tag-carteiro","tag-correios","tag-praia-grande"],"yoast_head":"<!-- This site is optimized with the Yoast SEO plugin v27.5 - https:\/\/yoast.com\/product\/yoast-seo-wordpress\/ -->\n<title>Dupla rende funcion\u00e1rio dos Correios e tira as vestes dele para cometer assaltos em Praia Grande - Litoral SP<\/title>\n<meta name=\"description\" content=\"Um carteiro foi abordado e roubado por dois homens em Praia Grande. As mercadorias dos Correios que seriam entregues, foram\" \/>\n<meta name=\"robots\" content=\"index, follow, max-snippet:-1, max-image-preview:large, max-video-preview:-1\" \/>\n<link rel=\"canonical\" href=\"https:\/\/redenoticiaz.com.br\/litoralsp\/2023\/02\/28\/dupla-rende-funcionario-dos-correios-e-tira-as-vestes-dele-para-cometer-assaltos-em-praia-grande\" \/>\n<meta property=\"og:locale\" content=\"pt_BR\" \/>\n<meta property=\"og:type\" content=\"article\" \/>\n<meta property=\"og:title\" content=\"Dupla rende funcion\u00e1rio dos Correios e tira as vestes dele para cometer assaltos em Praia Grande - Litoral SP\" \/>\n<meta property=\"og:description\" content=\"Um carteiro foi abordado e roubado por dois homens em Praia Grande. As mercadorias dos Correios que seriam entregues, foram\" \/>\n<meta property=\"og:url\" content=\"https:\/\/redenoticiaz.com.br\/litoralsp\/2023\/02\/28\/dupla-rende-funcionario-dos-correios-e-tira-as-vestes-dele-para-cometer-assaltos-em-praia-grande\" \/>\n<meta property=\"og:site_name\" content=\"Litoral SP\" \/>\n<meta property=\"article:published_time\" content=\"2023-02-28T13:07:45+00:00\" \/>\n<meta property=\"og:image\" content=\"https:\/\/redenoticiaz.com.br\/litoralsp\/wp-content\/uploads\/sites\/3\/2023\/02\/carteiro-assaltado.jpg\" \/>\n\t<meta property=\"og:image:width\" content=\"481\" \/>\n\t<meta property=\"og:image:height\" content=\"313\" \/>\n\t<meta property=\"og:image:type\" content=\"image\/jpeg\" \/>\n<meta name=\"author\" content=\"Leonardo Francisco\" \/>\n<meta name=\"twitter:card\" content=\"summary_large_image\" \/>\n<meta name=\"twitter:label1\" content=\"Escrito por\" \/>\n\t<meta name=\"twitter:data1\" content=\"Leonardo Francisco\" \/>\n\t<meta name=\"twitter:label2\" content=\"Est. tempo de leitura\" \/>\n\t<meta name=\"twitter:data2\" content=\"2 minutos\" \/>\n<script type=\"application\/ld+json\" class=\"yoast-schema-graph\">{\"@context\":\"https:\\\/\\\/schema.org\",\"@graph\":[{\"@type\":\"Article\",\"@id\":\"https:\\\/\\\/redenoticiaz.com.br\\\/litoralsp\\\/2023\\\/02\\\/28\\\/dupla-rende-funcionario-dos-correios-e-tira-as-vestes-dele-para-cometer-assaltos-em-praia-grande#article\",\"isPartOf\":{\"@id\":\"https:\\\/\\\/redenoticiaz.com.br\\\/litoralsp\\\/2023\\\/02\\\/28\\\/dupla-rende-funcionario-dos-correios-e-tira-as-vestes-dele-para-cometer-assaltos-em-praia-grande\"},\"author\":{\"name\":\"Leonardo Francisco\",\"@id\":\"https:\\\/\\\/redenoticiaz.com.br\\\/litoralsp\\\/#\\\/schema\\\/person\\\/0f0b8a5bdafefe82841e07ae8d81ecb3\"},\"headline\":\"Dupla rende funcion\u00e1rio dos Correios e tira as vestes dele para cometer assaltos em Praia Grande\",\"datePublished\":\"2023-02-28T13:07:45+00:00\",\"mainEntityOfPage\":{\"@id\":\"https:\\\/\\\/redenoticiaz.com.br\\\/litoralsp\\\/2023\\\/02\\\/28\\\/dupla-rende-funcionario-dos-correios-e-tira-as-vestes-dele-para-cometer-assaltos-em-praia-grande\"},\"wordCount\":326,\"commentCount\":0,\"publisher\":{\"@id\":\"https:\\\/\\\/redenoticiaz.com.br\\\/litoralsp\\\/#organization\"},\"image\":{\"@id\":\"https:\\\/\\\/redenoticiaz.com.br\\\/litoralsp\\\/2023\\\/02\\\/28\\\/dupla-rende-funcionario-dos-correios-e-tira-as-vestes-dele-para-cometer-assaltos-em-praia-grande#primaryimage\"},\"thumbnailUrl\":\"https:\\\/\\\/redenoticiaz.com.br\\\/litoralsp\\\/wp-content\\\/uploads\\\/sites\\\/3\\\/2023\\\/02\\\/carteiro-assaltado.jpg\",\"keywords\":[\"Assalto\",\"BAIRRO CAI\u00c7ARA\",\"CARTEIRO\",\"CORREIOS\",\"PRAIA GRANDE\"],\"articleSection\":[\"Pol\u00edcia\",\"Praia Grande\"],\"inLanguage\":\"pt-BR\",\"potentialAction\":[{\"@type\":\"CommentAction\",\"name\":\"Comment\",\"target\":[\"https:\\\/\\\/redenoticiaz.com.br\\\/litoralsp\\\/2023\\\/02\\\/28\\\/dupla-rende-funcionario-dos-correios-e-tira-as-vestes-dele-para-cometer-assaltos-em-praia-grande#respond\"]}]},{\"@type\":\"WebPage\",\"@id\":\"https:\\\/\\\/redenoticiaz.com.br\\\/litoralsp\\\/2023\\\/02\\\/28\\\/dupla-rende-funcionario-dos-correios-e-tira-as-vestes-dele-para-cometer-assaltos-em-praia-grande\",\"url\":\"https:\\\/\\\/redenoticiaz.com.br\\\/litoralsp\\\/2023\\\/02\\\/28\\\/dupla-rende-funcionario-dos-correios-e-tira-as-vestes-dele-para-cometer-assaltos-em-praia-grande\",\"name\":\"Dupla rende funcion\u00e1rio dos Correios e tira as vestes dele para cometer assaltos em Praia Grande - Litoral SP\",\"isPartOf\":{\"@id\":\"https:\\\/\\\/redenoticiaz.com.br\\\/litoralsp\\\/#website\"},\"primaryImageOfPage\":{\"@id\":\"https:\\\/\\\/redenoticiaz.com.br\\\/litoralsp\\\/2023\\\/02\\\/28\\\/dupla-rende-funcionario-dos-correios-e-tira-as-vestes-dele-para-cometer-assaltos-em-praia-grande#primaryimage\"},\"image\":{\"@id\":\"https:\\\/\\\/redenoticiaz.com.br\\\/litoralsp\\\/2023\\\/02\\\/28\\\/dupla-rende-funcionario-dos-correios-e-tira-as-vestes-dele-para-cometer-assaltos-em-praia-grande#primaryimage\"},\"thumbnailUrl\":\"https:\\\/\\\/redenoticiaz.com.br\\\/litoralsp\\\/wp-content\\\/uploads\\\/sites\\\/3\\\/2023\\\/02\\\/carteiro-assaltado.jpg\",\"datePublished\":\"2023-02-28T13:07:45+00:00\",\"description\":\"Um carteiro foi abordado e roubado por dois homens em Praia Grande. As mercadorias dos Correios que seriam entregues, foram\",\"inLanguage\":\"pt-BR\",\"potentialAction\":[{\"@type\":\"ReadAction\",\"target\":[\"https:\\\/\\\/redenoticiaz.com.br\\\/litoralsp\\\/2023\\\/02\\\/28\\\/dupla-rende-funcionario-dos-correios-e-tira-as-vestes-dele-para-cometer-assaltos-em-praia-grande\"]}]},{\"@type\":\"ImageObject\",\"inLanguage\":\"pt-BR\",\"@id\":\"https:\\\/\\\/redenoticiaz.com.br\\\/litoralsp\\\/2023\\\/02\\\/28\\\/dupla-rende-funcionario-dos-correios-e-tira-as-vestes-dele-para-cometer-assaltos-em-praia-grande#primaryimage\",\"url\":\"https:\\\/\\\/redenoticiaz.com.br\\\/litoralsp\\\/wp-content\\\/uploads\\\/sites\\\/3\\\/2023\\\/02\\\/carteiro-assaltado.jpg\",\"contentUrl\":\"https:\\\/\\\/redenoticiaz.com.br\\\/litoralsp\\\/wp-content\\\/uploads\\\/sites\\\/3\\\/2023\\\/02\\\/carteiro-assaltado.jpg\",\"width\":481,\"height\":313,\"caption\":\"Cr\u00e9ditos: Reprodu\u00e7\u00e3o\"},{\"@type\":\"WebSite\",\"@id\":\"https:\\\/\\\/redenoticiaz.com.br\\\/litoralsp\\\/#website\",\"url\":\"https:\\\/\\\/redenoticiaz.com.br\\\/litoralsp\\\/\",\"name\":\"Litoral SP\",\"description\":\"Rede NoticiaZ\",\"publisher\":{\"@id\":\"https:\\\/\\\/redenoticiaz.com.br\\\/litoralsp\\\/#organization\"},\"potentialAction\":[{\"@type\":\"SearchAction\",\"target\":{\"@type\":\"EntryPoint\",\"urlTemplate\":\"https:\\\/\\\/redenoticiaz.com.br\\\/litoralsp\\\/?s={search_term_string}\"},\"query-input\":{\"@type\":\"PropertyValueSpecification\",\"valueRequired\":true,\"valueName\":\"search_term_string\"}}],\"inLanguage\":\"pt-BR\"},{\"@type\":\"Organization\",\"@id\":\"https:\\\/\\\/redenoticiaz.com.br\\\/litoralsp\\\/#organization\",\"name\":\"Litoral SP\",\"url\":\"https:\\\/\\\/redenoticiaz.com.br\\\/litoralsp\\\/\",\"logo\":{\"@type\":\"ImageObject\",\"inLanguage\":\"pt-BR\",\"@id\":\"https:\\\/\\\/redenoticiaz.com.br\\\/litoralsp\\\/#\\\/schema\\\/logo\\\/image\\\/\",\"url\":\"https:\\\/\\\/redenoticiaz.com.br\\\/litoralsp\\\/wp-content\\\/uploads\\\/sites\\\/3\\\/2020\\\/11\\\/logo.jpg\",\"contentUrl\":\"https:\\\/\\\/redenoticiaz.com.br\\\/litoralsp\\\/wp-content\\\/uploads\\\/sites\\\/3\\\/2020\\\/11\\\/logo.jpg\",\"width\":400,\"height\":250,\"caption\":\"Litoral SP\"},\"image\":{\"@id\":\"https:\\\/\\\/redenoticiaz.com.br\\\/litoralsp\\\/#\\\/schema\\\/logo\\\/image\\\/\"}},{\"@type\":\"Person\",\"@id\":\"https:\\\/\\\/redenoticiaz.com.br\\\/litoralsp\\\/#\\\/schema\\\/person\\\/0f0b8a5bdafefe82841e07ae8d81ecb3\",\"name\":\"Leonardo Francisco\",\"image\":{\"@type\":\"ImageObject\",\"inLanguage\":\"pt-BR\",\"@id\":\"https:\\\/\\\/secure.gravatar.com\\\/avatar\\\/a7358cb406a99b682ec6df1e77e31ae82e63601f6784e8a3df411d72b37864da?s=96&d=mm&r=g\",\"url\":\"https:\\\/\\\/secure.gravatar.com\\\/avatar\\\/a7358cb406a99b682ec6df1e77e31ae82e63601f6784e8a3df411d72b37864da?s=96&d=mm&r=g\",\"contentUrl\":\"https:\\\/\\\/secure.gravatar.com\\\/avatar\\\/a7358cb406a99b682ec6df1e77e31ae82e63601f6784e8a3df411d72b37864da?s=96&d=mm&r=g\",\"caption\":\"Leonardo Francisco\"},\"url\":\"https:\\\/\\\/redenoticiaz.com.br\\\/litoralsp\\\/author\\\/leonardo-francisco\"}]}<\/script>\n<!-- \/ Yoast SEO plugin. -->","yoast_head_json":{"title":"Dupla rende funcion\u00e1rio dos Correios e tira as vestes dele para cometer assaltos em Praia Grande - Litoral SP","description":"Um carteiro foi abordado e roubado por dois homens em Praia Grande. As mercadorias dos Correios que seriam entregues, foram","robots":{"index":"index","follow":"follow","max-snippet":"max-snippet:-1","max-image-preview":"max-image-preview:large","max-video-preview":"max-video-preview:-1"},"canonical":"https:\/\/redenoticiaz.com.br\/litoralsp\/2023\/02\/28\/dupla-rende-funcionario-dos-correios-e-tira-as-vestes-dele-para-cometer-assaltos-em-praia-grande","og_locale":"pt_BR","og_type":"article","og_title":"Dupla rende funcion\u00e1rio dos Correios e tira as vestes dele para cometer assaltos em Praia Grande - Litoral SP","og_description":"Um carteiro foi abordado e roubado por dois homens em Praia Grande. As mercadorias dos Correios que seriam entregues, foram","og_url":"https:\/\/redenoticiaz.com.br\/litoralsp\/2023\/02\/28\/dupla-rende-funcionario-dos-correios-e-tira-as-vestes-dele-para-cometer-assaltos-em-praia-grande","og_site_name":"Litoral SP","article_published_time":"2023-02-28T13:07:45+00:00","og_image":[{"width":481,"height":313,"url":"https:\/\/redenoticiaz.com.br\/litoralsp\/wp-content\/uploads\/sites\/3\/2023\/02\/carteiro-assaltado.jpg","type":"image\/jpeg"}],"author":"Leonardo Francisco","twitter_card":"summary_large_image","twitter_misc":{"Escrito por":"Leonardo Francisco","Est. tempo de leitura":"2 minutos"},"schema":{"@context":"https:\/\/schema.org","@graph":[{"@type":"Article","@id":"https:\/\/redenoticiaz.com.br\/litoralsp\/2023\/02\/28\/dupla-rende-funcionario-dos-correios-e-tira-as-vestes-dele-para-cometer-assaltos-em-praia-grande#article","isPartOf":{"@id":"https:\/\/redenoticiaz.com.br\/litoralsp\/2023\/02\/28\/dupla-rende-funcionario-dos-correios-e-tira-as-vestes-dele-para-cometer-assaltos-em-praia-grande"},"author":{"name":"Leonardo Francisco","@id":"https:\/\/redenoticiaz.com.br\/litoralsp\/#\/schema\/person\/0f0b8a5bdafefe82841e07ae8d81ecb3"},"headline":"Dupla rende funcion\u00e1rio dos Correios e tira as vestes dele para cometer assaltos em Praia Grande","datePublished":"2023-02-28T13:07:45+00:00","mainEntityOfPage":{"@id":"https:\/\/redenoticiaz.com.br\/litoralsp\/2023\/02\/28\/dupla-rende-funcionario-dos-correios-e-tira-as-vestes-dele-para-cometer-assaltos-em-praia-grande"},"wordCount":326,"commentCount":0,"publisher":{"@id":"https:\/\/redenoticiaz.com.br\/litoralsp\/#organization"},"image":{"@id":"https:\/\/redenoticiaz.com.br\/litoralsp\/2023\/02\/28\/dupla-rende-funcionario-dos-correios-e-tira-as-vestes-dele-para-cometer-assaltos-em-praia-grande#primaryimage"},"thumbnailUrl":"https:\/\/redenoticiaz.com.br\/litoralsp\/wp-content\/uploads\/sites\/3\/2023\/02\/carteiro-assaltado.jpg","keywords":["Assalto","BAIRRO CAI\u00c7ARA","CARTEIRO","CORREIOS","PRAIA GRANDE"],"articleSection":["Pol\u00edcia","Praia Grande"],"inLanguage":"pt-BR","potentialAction":[{"@type":"CommentAction","name":"Comment","target":["https:\/\/redenoticiaz.com.br\/litoralsp\/2023\/02\/28\/dupla-rende-funcionario-dos-correios-e-tira-as-vestes-dele-para-cometer-assaltos-em-praia-grande#respond"]}]},{"@type":"WebPage","@id":"https:\/\/redenoticiaz.com.br\/litoralsp\/2023\/02\/28\/dupla-rende-funcionario-dos-correios-e-tira-as-vestes-dele-para-cometer-assaltos-em-praia-grande","url":"https:\/\/redenoticiaz.com.br\/litoralsp\/2023\/02\/28\/dupla-rende-funcionario-dos-correios-e-tira-as-vestes-dele-para-cometer-assaltos-em-praia-grande","name":"Dupla rende funcion\u00e1rio dos Correios e tira as vestes dele para cometer assaltos em Praia Grande - Litoral SP","isPartOf":{"@id":"https:\/\/redenoticiaz.com.br\/litoralsp\/#website"},"primaryImageOfPage":{"@id":"https:\/\/redenoticiaz.com.br\/litoralsp\/2023\/02\/28\/dupla-rende-funcionario-dos-correios-e-tira-as-vestes-dele-para-cometer-assaltos-em-praia-grande#primaryimage"},"image":{"@id":"https:\/\/redenoticiaz.com.br\/litoralsp\/2023\/02\/28\/dupla-rende-funcionario-dos-correios-e-tira-as-vestes-dele-para-cometer-assaltos-em-praia-grande#primaryimage"},"thumbnailUrl":"https:\/\/redenoticiaz.com.br\/litoralsp\/wp-content\/uploads\/sites\/3\/2023\/02\/carteiro-assaltado.jpg","datePublished":"2023-02-28T13:07:45+00:00","description":"Um carteiro foi abordado e roubado por dois homens em Praia Grande. As mercadorias dos Correios que seriam entregues, foram","inLanguage":"pt-BR","potentialAction":[{"@type":"ReadAction","target":["https:\/\/redenoticiaz.com.br\/litoralsp\/2023\/02\/28\/dupla-rende-funcionario-dos-correios-e-tira-as-vestes-dele-para-cometer-assaltos-em-praia-grande"]}]},{"@type":"ImageObject","inLanguage":"pt-BR","@id":"https:\/\/redenoticiaz.com.br\/litoralsp\/2023\/02\/28\/dupla-rende-funcionario-dos-correios-e-tira-as-vestes-dele-para-cometer-assaltos-em-praia-grande#primaryimage","url":"https:\/\/redenoticiaz.com.br\/litoralsp\/wp-content\/uploads\/sites\/3\/2023\/02\/carteiro-assaltado.jpg","contentUrl":"https:\/\/redenoticiaz.com.br\/litoralsp\/wp-content\/uploads\/sites\/3\/2023\/02\/carteiro-assaltado.jpg","width":481,"height":313,"caption":"Cr\u00e9ditos: Reprodu\u00e7\u00e3o"},{"@type":"WebSite","@id":"https:\/\/redenoticiaz.com.br\/litoralsp\/#website","url":"https:\/\/redenoticiaz.com.br\/litoralsp\/","name":"Litoral SP","description":"Rede NoticiaZ","publisher":{"@id":"https:\/\/redenoticiaz.com.br\/litoralsp\/#organization"},"potentialAction":[{"@type":"SearchAction","target":{"@type":"EntryPoint","urlTemplate":"https:\/\/redenoticiaz.com.br\/litoralsp\/?s={search_term_string}"},"query-input":{"@type":"PropertyValueSpecification","valueRequired":true,"valueName":"search_term_string"}}],"inLanguage":"pt-BR"},{"@type":"Organization","@id":"https:\/\/redenoticiaz.com.br\/litoralsp\/#organization","name":"Litoral SP","url":"https:\/\/redenoticiaz.com.br\/litoralsp\/","logo":{"@type":"ImageObject","inLanguage":"pt-BR","@id":"https:\/\/redenoticiaz.com.br\/litoralsp\/#\/schema\/logo\/image\/","url":"https:\/\/redenoticiaz.com.br\/litoralsp\/wp-content\/uploads\/sites\/3\/2020\/11\/logo.jpg","contentUrl":"https:\/\/redenoticiaz.com.br\/litoralsp\/wp-content\/uploads\/sites\/3\/2020\/11\/logo.jpg","width":400,"height":250,"caption":"Litoral SP"},"image":{"@id":"https:\/\/redenoticiaz.com.br\/litoralsp\/#\/schema\/logo\/image\/"}},{"@type":"Person","@id":"https:\/\/redenoticiaz.com.br\/litoralsp\/#\/schema\/person\/0f0b8a5bdafefe82841e07ae8d81ecb3","name":"Leonardo Francisco","image":{"@type":"ImageObject","inLanguage":"pt-BR","@id":"https:\/\/secure.gravatar.com\/avatar\/a7358cb406a99b682ec6df1e77e31ae82e63601f6784e8a3df411d72b37864da?s=96&d=mm&r=g","url":"https:\/\/secure.gravatar.com\/avatar\/a7358cb406a99b682ec6df1e77e31ae82e63601f6784e8a3df411d72b37864da?s=96&d=mm&r=g","contentUrl":"https:\/\/secure.gravatar.com\/avatar\/a7358cb406a99b682ec6df1e77e31ae82e63601f6784e8a3df411d72b37864da?s=96&d=mm&r=g","caption":"Leonardo Francisco"},"url":"https:\/\/redenoticiaz.com.br\/litoralsp\/author\/leonardo-francisco"}]}},"_links":{"self":[{"href":"https:\/\/redenoticiaz.com.br\/litoralsp\/wp-json\/wp\/v2\/posts\/101602","targetHints":{"allow":["GET"]}}],"collection":[{"href":"https:\/\/redenoticiaz.com.br\/litoralsp\/wp-json\/wp\/v2\/posts"}],"about":[{"href":"https:\/\/redenoticiaz.com.br\/litoralsp\/wp-json\/wp\/v2\/types\/post"}],"author":[{"embeddable":true,"href":"https:\/\/redenoticiaz.com.br\/litoralsp\/wp-json\/wp\/v2\/users\/6"}],"replies":[{"embeddable":true,"href":"https:\/\/redenoticiaz.com.br\/litoralsp\/wp-json\/wp\/v2\/comments?post=101602"}],"version-history":[{"count":1,"href":"https:\/\/redenoticiaz.com.br\/litoralsp\/wp-json\/wp\/v2\/posts\/101602\/revisions"}],"predecessor-version":[{"id":101604,"href":"https:\/\/redenoticiaz.com.br\/litoralsp\/wp-json\/wp\/v2\/posts\/101602\/revisions\/101604"}],"wp:featuredmedia":[{"embeddable":true,"href":"https:\/\/redenoticiaz.com.br\/litoralsp\/wp-json\/wp\/v2\/media\/101603"}],"wp:attachment":[{"href":"https:\/\/redenoticiaz.com.br\/litoralsp\/wp-json\/wp\/v2\/media?parent=101602"}],"wp:term":[{"taxonomy":"category","embeddable":true,"href":"https:\/\/redenoticiaz.com.br\/litoralsp\/wp-json\/wp\/v2\/categories?post=101602"},{"taxonomy":"post_tag","embeddable":true,"href":"https:\/\/redenoticiaz.com.br\/litoralsp\/wp-json\/wp\/v2\/tags?post=101602"}],"curies":[{"name":"wp","href":"https:\/\/api.w.org\/{rel}","templated":true}]}}