{"id":101605,"date":"2023-02-28T10:24:26","date_gmt":"2023-02-28T13:24:26","guid":{"rendered":"https:\/\/redenoticiaz.com.br\/litoralsp\/?p=101605"},"modified":"2023-02-28T10:24:26","modified_gmt":"2023-02-28T13:24:26","slug":"comeca-a-aplicacao-da-vacina-bivalente-contra-a-covid-19-em-santos","status":"publish","type":"post","link":"https:\/\/redenoticiaz.com.br\/litoralsp\/2023\/02\/28\/comeca-a-aplicacao-da-vacina-bivalente-contra-a-covid-19-em-santos","title":{"rendered":"Come\u00e7a a aplica\u00e7\u00e3o da vacina bivalente contra a Covid-19 em Santos"},"content":{"rendered":"<p>A partir desta ter\u00e7a-feira (28) Santos come\u00e7a a aplicar a <strong>dose de refor\u00e7o com a vacina bivalente<\/strong> da Pfizer contra a Covid-19. O imunizante \u00e9 eficaz contra as subvariantes que s\u00e3o as respons\u00e1veis pela transmiss\u00e3o da doen\u00e7a de forma mais r\u00e1pida.<\/p>\n<p>De acordo com a administra\u00e7\u00e3o, a vacina\u00e7\u00e3o ocorre nas policl\u00ednicas de segunda a sexta-feira, das 8h \u00e0s 16h e aos finais de semana, das 9h \u00e0s 15h30 em unidades divulgadas \u00e0s sextas-feiras no <strong><a href=\"http:\/\/www.santos.sp.gov.br\" target=\"_blank\" rel=\"noopener\">Santos Portal<\/a><\/strong>. As unidades Caruara e Monte Cabr\u00e3o (\u00c1rea Continental), excepcionalmente, come\u00e7am a vacinar nesta\u00a0quarta\u00a0(29). A vacina protege contra o v\u00edrus original da covid-19 e tamb\u00e9m contra a variante \u00d4micron.<\/p>\n<p>Nesta primeira fase, o imunizante \u00e9 destinado a idosos a partir dos 70 anos; pessoas imunossuprimidas a partir dos 12 anos; pessoas que vivem em institui\u00e7\u00f5es de longa perman\u00eancia (ILPIs) e abrigados a partir de 12 anos de idade e funcion\u00e1rios dessas institui\u00e7\u00f5es; al\u00e9m de quilombolas.<\/p>\n<h3 id=\"menu1\">Requisitos<\/h3>\n<p>Para as pessoas que tomaram pelo menos duas doses de vacina contra a covid-19, \u00e9 necess\u00e1rio um intervalo de 4 meses (122 dias) da \u00faltima dose para ter acesso \u00e0 dose bivalente. Quem n\u00e3o tem duas doses iniciais, deve completar este esquema inicial para, ap\u00f3s 4 meses,\u00a0ter\u00a0acesso ao refor\u00e7o com a vacina bivalente.<\/p>\n<p>O esquema para as pessoas imunossuprimidas \u00e9 um pouco diferente. Quem n\u00e3o iniciou ou n\u00e3o completou o seu esquema vacinal prim\u00e1rio (composto por 3 doses neste caso), pode completar o esquema inicial com a bivalente ap\u00f3s 8 semanas da aplica\u00e7\u00e3o da\u00a0segunda\u00a0dose da vacina monovalente e, ap\u00f3s 4 meses (122 dias), completar o esquema com a bivalente.<\/p>\n<p>Para os imunossuprimidos com 3 doses iniciais no m\u00ednimo, a aplica\u00e7\u00e3o da vacina bivalente \u00e9 feita a partir de 4 meses (122 dias) da \u00faltima dose.<\/p>\n<p>Pessoas acamadas que fazem parte do grupo contemplado nesta fase da campanha de vacina\u00e7\u00e3o devem encaminhar um representante (fam\u00edlia ou cuidador) \u00e0 policl\u00ednica de refer\u00eancia do seu endere\u00e7o com seus documentos pessoais (CPF, comprovante de resid\u00eancia) para efetuar cadastro.<\/p>\n<p>Para\u00a0ter\u00a0acesso ao imunizante, as institui\u00e7\u00f5es devem entrar em contato com a policl\u00ednica de refer\u00eancia do endere\u00e7o para programar a vacina\u00e7\u00e3o de seus assistidos e funcion\u00e1rios.<\/p>\n<h3><strong>Veja abaixo a rela\u00e7\u00e3o de imunossuprimidos:<\/strong><\/h3>\n<p>De acordo com a nota t\u00e9cnica n\u00ba 65\/2021 \u2013 Minist\u00e9rio da Sa\u00fade<\/p>\n<p>I &#8211; Imunodefici\u00eancia prim\u00e1ria grave<br \/>\nII &#8211; Quimioterapia para c\u00e2ncer<br \/>\nIII &#8211; Transplantados de \u00f3rg\u00e3o s\u00f3lido ou de c\u00e9lulas-tronco hematopoieticas (TCTH) em uso de drogas imunossupressoras<br \/>\nIV &#8211; Pessoas vivendo com HIV\/Aids<br \/>\nV &#8211; Uso de corticoides em doses \u226520mg\/dia de prednisona, ou equivalente, por \u226514 dias.<br \/>\nVI &#8211; Uso de drogas modificadoras da resposta imune &#8211; Metotrexato; Leflunomida; Micofenolato de mofetila; Azatiprina; Ciclofosfamida; Ciclosporina; Tacrolimus; 6-mercaptopurina; Biol\u00f3gicos em geral (infliximabe, etanercept, humira, adalimumabe, tocilizumabe, Canakinumabe, golimumabe, certolizumabe, abatacepte, Secukinumabe, ustekinumabe); Inibidores da JAK (Tofacitinibe, baracitinibe e Upadacitinibe)<br \/>\nVII &#8211; Autoinflamat\u00f3rias, doen\u00e7as intestinais inflamat\u00f3rias<br \/>\nVIII &#8211; Pacientes em terapia renal substitutiva (hemodi\u00e1lise)<br \/>\nIX &#8211; Pacientes com doen\u00e7as imunomediadas inflamat\u00f3rias cr\u00f4nicas<\/p>\n<h4 id=\"menu5\">Pr\u00f3ximas fases<\/h4>\n<p>Paulatinamente, outros p\u00fablicos ser\u00e3o contemplados. De acordo com o Documento T\u00e9cnico de Vacina\u00e7\u00e3o da Covid-19 do Governo do Estado de S\u00e3o Paulo, a fase 2 tem previs\u00e3o de in\u00edcio em\u00a06 de mar\u00e7o e contemplar\u00e1 pessoas de 60 a 69 anos; a fase 3, destinada a gestantes e pu\u00e9rperas, em\u00a020 de mar\u00e7o.<\/p>\n<p>As fases 4 e 5 t\u00eam previs\u00e3o de in\u00edcio em\u00a017 de abril, voltada aos trabalhadores da sa\u00fade, pessoas com defici\u00eancia permanente com 12 anos ou mais; popula\u00e7\u00e3o privada de liberdade com 18 anos ou mais; adolescentes cumprindo medidas socioeducativas de 12 a 17 anos 11 meses e 29 dias; funcion\u00e1rios do sistema de priva\u00e7\u00e3o de liberdade.<\/p>\n<h4 id=\"menu6\">Endere\u00e7os das policl\u00ednicas:<\/h4>\n<p><strong>Orla<\/strong><\/p>\n<p>Aparecida &#8211; Av. Pedro Lessa, 1.728<br \/>\nCampo Grande \u2013 Rua Carvalho de Mendon\u00e7a, 607<br \/>\nEmbar\u00e9 &#8211; Pra\u00e7a Coronel Fernando Prestes s\/n\u00ba<br \/>\nGonzaga \u2013 Rua Assis Correia, 17<br \/>\nPompeia\/Jos\u00e9 Menino &#8211; Rua Cear\u00e1, 11<br \/>\nPolicl\u00ednica Ponta da Praia \u2013 Pra\u00e7a Primeiro\u00a0de Maio s\/n\u00ba<\/p>\n<p><strong>Zona Noroeste<br \/>\n<\/strong><\/p>\n<p>Alemoa \u2013 Rua Afonsina Proost de Souza s\/n\u00ba<br \/>\nAreia Branca &#8211; Rua Francisco Louren\u00e7o Gomes, 118<br \/>\nBom Retiro \u2013 Rua Jo\u00e3o Fraccaroli s\/n\u00ba<br \/>\nCastelo &#8211; Rua Francisco de Barros Melo, 184<br \/>\nPiratininga &#8211; Pra\u00e7a Jo\u00e3o de Moraes Chaves s\/n\u00ba<br \/>\nR\u00e1dio Clube \u2013 Av. Hugo Maia s\/n\u00ba<br \/>\nS\u00e3o Jorge e Caneleira \u2013 Rua Francisco Ferreira Canto, 351<br \/>\nS\u00e3o Manoel &#8211; Pra\u00e7a Nicolau Geraigire s\/n\u00ba<\/p>\n<p><strong>Centro<\/strong><\/p>\n<p>Conselheiro N\u00e9bias &#8211; Av. Conselheiro N\u00e9bias, 457<br \/>\nMartins Fontes \u2013 Rua Luiza Macuco, 40<br \/>\nVila Mathias &#8211; Rua Xavier Pinheiro, 284<br \/>\nVila Nova &#8211; Pra\u00e7a Iguatemi Martins s\/n\u00ba<\/p>\n<p><strong>Morros<\/strong><\/p>\n<p>Jabaquara &#8211; Rua Vasco da Gama, 32<br \/>\nMarap\u00e9 &#8211; Rua S\u00e3o Judas Tadeu, 115<br \/>\nMonte Serrat &#8211; Pra\u00e7a Correa de Melo s\/n\u00ba<br \/>\nMorro Jos\u00e9 Menino \u2013 R. Doutor Carlos Alberto Curado, 77A<br \/>\nNova Cintra \u2013 Rua Jos\u00e9 Oz\u00e9as Barbosa s\/n\u00ba<br \/>\nPenha \u2013 Rua Tr\u00eas, 150<br \/>\nSanta Maria &#8211; Rua 10 s\/n\u00ba<br \/>\nS\u00e3o Bento \u2013 Rua das Pedras s\/n\u00ba<br \/>\nValongo \u2013 Rua. Prof. Maria Neusa Cunha s\/n\u00ba, Sabo\u00f3<br \/>\nVila Progresso &#8211; Rua Tr\u00eas, casas 1 e 2<\/p>\n<p><strong>\u00c1rea Continental<br \/>\n<\/strong><\/p>\n<p>Policl\u00ednica Monte Cabr\u00e3o &#8211; Av.Principal s\/n\u00ba<br \/>\nPolicl\u00ednica do Caruara &#8211; Rua Andrade Soares s\/n\u00ba<\/p>\n<p><strong>LEIA TAMB\u00c9M<\/strong><\/p>\n<p><a href=\"https:\/\/redenoticiaz.com.br\/litoralsp\/2023\/02\/27\/brasil-comeca-a-campanha-de-vacinacao-contra-a-covid-com-o-imunizante-bivalente\">Brasil come\u00e7a a campanha de vacina\u00e7\u00e3o contra a Covid com o imunizante bivalente<\/a><\/p>\n","protected":false},"excerpt":{"rendered":"<p>A partir desta ter\u00e7a-feira (28) Santos come\u00e7a a aplicar a dose de refor\u00e7o com a vacina bivalente da Pfizer contra a Covid-19. O imunizante \u00e9 eficaz contra as subvariantes que s\u00e3o as respons\u00e1veis pela transmiss\u00e3o da doen\u00e7a de forma mais r\u00e1pida. De acordo com a administra\u00e7\u00e3o, a vacina\u00e7\u00e3o ocorre nas policl\u00ednicas de segunda a sexta-feira, &hellip;<\/p>\n","protected":false},"author":6,"featured_media":101606,"comment_status":"open","ping_status":"closed","sticky":false,"template":"","format":"standard","meta":{"footnotes":""},"categories":[180,23],"tags":[63661,37820,986,96,62903,18808],"class_list":["post-101605","post","type-post","status-publish","format-standard","has-post-thumbnail","hentry","category-santos","category-saude","tag-70-anos","tag-imunossuprimidos","tag-santos","tag-saude","tag-vacina-bivalente","tag-vacina-contra-a-covid"],"yoast_head":"<!-- This site is optimized with the Yoast SEO plugin v27.5 - https:\/\/yoast.com\/product\/yoast-seo-wordpress\/ -->\n<title>Come\u00e7a a aplica\u00e7\u00e3o da vacina bivalente contra a Covid-19 em Santos - Litoral SP<\/title>\n<meta name=\"description\" content=\"A partir desta ter\u00e7a-feira (28) Santos come\u00e7a a aplicar a dose de refor\u00e7o com a vacina bivalente da Pfizer contra a Covid-19. O imunizante\" \/>\n<meta name=\"robots\" content=\"index, follow, max-snippet:-1, max-image-preview:large, max-video-preview:-1\" \/>\n<link rel=\"canonical\" href=\"https:\/\/redenoticiaz.com.br\/litoralsp\/2023\/02\/28\/comeca-a-aplicacao-da-vacina-bivalente-contra-a-covid-19-em-santos\" \/>\n<meta property=\"og:locale\" content=\"pt_BR\" \/>\n<meta property=\"og:type\" content=\"article\" \/>\n<meta property=\"og:title\" content=\"Come\u00e7a a aplica\u00e7\u00e3o da vacina bivalente contra a Covid-19 em Santos - Litoral SP\" \/>\n<meta property=\"og:description\" content=\"A partir desta ter\u00e7a-feira (28) Santos come\u00e7a a aplicar a dose de refor\u00e7o com a vacina bivalente da Pfizer contra a Covid-19. O imunizante\" \/>\n<meta property=\"og:url\" content=\"https:\/\/redenoticiaz.com.br\/litoralsp\/2023\/02\/28\/comeca-a-aplicacao-da-vacina-bivalente-contra-a-covid-19-em-santos\" \/>\n<meta property=\"og:site_name\" content=\"Litoral SP\" \/>\n<meta property=\"article:published_time\" content=\"2023-02-28T13:24:26+00:00\" \/>\n<meta property=\"og:image\" content=\"https:\/\/redenoticiaz.com.br\/litoralsp\/wp-content\/uploads\/sites\/3\/2023\/02\/3c0551f0-dbb3-4708-a14b-0172761a6ffa.jpeg\" \/>\n\t<meta property=\"og:image:width\" content=\"768\" \/>\n\t<meta property=\"og:image:height\" content=\"578\" \/>\n\t<meta property=\"og:image:type\" content=\"image\/jpeg\" \/>\n<meta name=\"author\" content=\"Leonardo Francisco\" \/>\n<meta name=\"twitter:card\" content=\"summary_large_image\" \/>\n<meta name=\"twitter:label1\" content=\"Escrito por\" \/>\n\t<meta name=\"twitter:data1\" content=\"Leonardo Francisco\" \/>\n\t<meta name=\"twitter:label2\" content=\"Est. tempo de leitura\" \/>\n\t<meta name=\"twitter:data2\" content=\"5 minutos\" \/>\n<script type=\"application\/ld+json\" class=\"yoast-schema-graph\">{\"@context\":\"https:\\\/\\\/schema.org\",\"@graph\":[{\"@type\":\"Article\",\"@id\":\"https:\\\/\\\/redenoticiaz.com.br\\\/litoralsp\\\/2023\\\/02\\\/28\\\/comeca-a-aplicacao-da-vacina-bivalente-contra-a-covid-19-em-santos#article\",\"isPartOf\":{\"@id\":\"https:\\\/\\\/redenoticiaz.com.br\\\/litoralsp\\\/2023\\\/02\\\/28\\\/comeca-a-aplicacao-da-vacina-bivalente-contra-a-covid-19-em-santos\"},\"author\":{\"name\":\"Leonardo Francisco\",\"@id\":\"https:\\\/\\\/redenoticiaz.com.br\\\/litoralsp\\\/#\\\/schema\\\/person\\\/0f0b8a5bdafefe82841e07ae8d81ecb3\"},\"headline\":\"Come\u00e7a a aplica\u00e7\u00e3o da vacina bivalente contra a Covid-19 em Santos\",\"datePublished\":\"2023-02-28T13:24:26+00:00\",\"mainEntityOfPage\":{\"@id\":\"https:\\\/\\\/redenoticiaz.com.br\\\/litoralsp\\\/2023\\\/02\\\/28\\\/comeca-a-aplicacao-da-vacina-bivalente-contra-a-covid-19-em-santos\"},\"wordCount\":920,\"commentCount\":0,\"publisher\":{\"@id\":\"https:\\\/\\\/redenoticiaz.com.br\\\/litoralsp\\\/#organization\"},\"image\":{\"@id\":\"https:\\\/\\\/redenoticiaz.com.br\\\/litoralsp\\\/2023\\\/02\\\/28\\\/comeca-a-aplicacao-da-vacina-bivalente-contra-a-covid-19-em-santos#primaryimage\"},\"thumbnailUrl\":\"https:\\\/\\\/redenoticiaz.com.br\\\/litoralsp\\\/wp-content\\\/uploads\\\/sites\\\/3\\\/2023\\\/02\\\/3c0551f0-dbb3-4708-a14b-0172761a6ffa.jpeg\",\"keywords\":[\"70 ANOS+\",\"IMUNOSSUPRIMIDOS\",\"Santos\",\"saude\",\"vacina bivalente\",\"VACINA CONTRA A COVID\"],\"articleSection\":[\"Santos\",\"Sa\u00fade\"],\"inLanguage\":\"pt-BR\",\"potentialAction\":[{\"@type\":\"CommentAction\",\"name\":\"Comment\",\"target\":[\"https:\\\/\\\/redenoticiaz.com.br\\\/litoralsp\\\/2023\\\/02\\\/28\\\/comeca-a-aplicacao-da-vacina-bivalente-contra-a-covid-19-em-santos#respond\"]}]},{\"@type\":\"WebPage\",\"@id\":\"https:\\\/\\\/redenoticiaz.com.br\\\/litoralsp\\\/2023\\\/02\\\/28\\\/comeca-a-aplicacao-da-vacina-bivalente-contra-a-covid-19-em-santos\",\"url\":\"https:\\\/\\\/redenoticiaz.com.br\\\/litoralsp\\\/2023\\\/02\\\/28\\\/comeca-a-aplicacao-da-vacina-bivalente-contra-a-covid-19-em-santos\",\"name\":\"Come\u00e7a a aplica\u00e7\u00e3o da vacina bivalente contra a Covid-19 em Santos - Litoral SP\",\"isPartOf\":{\"@id\":\"https:\\\/\\\/redenoticiaz.com.br\\\/litoralsp\\\/#website\"},\"primaryImageOfPage\":{\"@id\":\"https:\\\/\\\/redenoticiaz.com.br\\\/litoralsp\\\/2023\\\/02\\\/28\\\/comeca-a-aplicacao-da-vacina-bivalente-contra-a-covid-19-em-santos#primaryimage\"},\"image\":{\"@id\":\"https:\\\/\\\/redenoticiaz.com.br\\\/litoralsp\\\/2023\\\/02\\\/28\\\/comeca-a-aplicacao-da-vacina-bivalente-contra-a-covid-19-em-santos#primaryimage\"},\"thumbnailUrl\":\"https:\\\/\\\/redenoticiaz.com.br\\\/litoralsp\\\/wp-content\\\/uploads\\\/sites\\\/3\\\/2023\\\/02\\\/3c0551f0-dbb3-4708-a14b-0172761a6ffa.jpeg\",\"datePublished\":\"2023-02-28T13:24:26+00:00\",\"description\":\"A partir desta ter\u00e7a-feira (28) Santos come\u00e7a a aplicar a dose de refor\u00e7o com a vacina bivalente da Pfizer contra a Covid-19. O imunizante\",\"inLanguage\":\"pt-BR\",\"potentialAction\":[{\"@type\":\"ReadAction\",\"target\":[\"https:\\\/\\\/redenoticiaz.com.br\\\/litoralsp\\\/2023\\\/02\\\/28\\\/comeca-a-aplicacao-da-vacina-bivalente-contra-a-covid-19-em-santos\"]}]},{\"@type\":\"ImageObject\",\"inLanguage\":\"pt-BR\",\"@id\":\"https:\\\/\\\/redenoticiaz.com.br\\\/litoralsp\\\/2023\\\/02\\\/28\\\/comeca-a-aplicacao-da-vacina-bivalente-contra-a-covid-19-em-santos#primaryimage\",\"url\":\"https:\\\/\\\/redenoticiaz.com.br\\\/litoralsp\\\/wp-content\\\/uploads\\\/sites\\\/3\\\/2023\\\/02\\\/3c0551f0-dbb3-4708-a14b-0172761a6ffa.jpeg\",\"contentUrl\":\"https:\\\/\\\/redenoticiaz.com.br\\\/litoralsp\\\/wp-content\\\/uploads\\\/sites\\\/3\\\/2023\\\/02\\\/3c0551f0-dbb3-4708-a14b-0172761a6ffa.jpeg\",\"width\":768,\"height\":578,\"caption\":\"Cr\u00e9ditos: Divulga\u00e7\u00e3o\\\/Prefeitura de Santos\"},{\"@type\":\"WebSite\",\"@id\":\"https:\\\/\\\/redenoticiaz.com.br\\\/litoralsp\\\/#website\",\"url\":\"https:\\\/\\\/redenoticiaz.com.br\\\/litoralsp\\\/\",\"name\":\"Litoral SP\",\"description\":\"Rede NoticiaZ\",\"publisher\":{\"@id\":\"https:\\\/\\\/redenoticiaz.com.br\\\/litoralsp\\\/#organization\"},\"potentialAction\":[{\"@type\":\"SearchAction\",\"target\":{\"@type\":\"EntryPoint\",\"urlTemplate\":\"https:\\\/\\\/redenoticiaz.com.br\\\/litoralsp\\\/?s={search_term_string}\"},\"query-input\":{\"@type\":\"PropertyValueSpecification\",\"valueRequired\":true,\"valueName\":\"search_term_string\"}}],\"inLanguage\":\"pt-BR\"},{\"@type\":\"Organization\",\"@id\":\"https:\\\/\\\/redenoticiaz.com.br\\\/litoralsp\\\/#organization\",\"name\":\"Litoral SP\",\"url\":\"https:\\\/\\\/redenoticiaz.com.br\\\/litoralsp\\\/\",\"logo\":{\"@type\":\"ImageObject\",\"inLanguage\":\"pt-BR\",\"@id\":\"https:\\\/\\\/redenoticiaz.com.br\\\/litoralsp\\\/#\\\/schema\\\/logo\\\/image\\\/\",\"url\":\"https:\\\/\\\/redenoticiaz.com.br\\\/litoralsp\\\/wp-content\\\/uploads\\\/sites\\\/3\\\/2020\\\/11\\\/logo.jpg\",\"contentUrl\":\"https:\\\/\\\/redenoticiaz.com.br\\\/litoralsp\\\/wp-content\\\/uploads\\\/sites\\\/3\\\/2020\\\/11\\\/logo.jpg\",\"width\":400,\"height\":250,\"caption\":\"Litoral SP\"},\"image\":{\"@id\":\"https:\\\/\\\/redenoticiaz.com.br\\\/litoralsp\\\/#\\\/schema\\\/logo\\\/image\\\/\"}},{\"@type\":\"Person\",\"@id\":\"https:\\\/\\\/redenoticiaz.com.br\\\/litoralsp\\\/#\\\/schema\\\/person\\\/0f0b8a5bdafefe82841e07ae8d81ecb3\",\"name\":\"Leonardo Francisco\",\"image\":{\"@type\":\"ImageObject\",\"inLanguage\":\"pt-BR\",\"@id\":\"https:\\\/\\\/secure.gravatar.com\\\/avatar\\\/a7358cb406a99b682ec6df1e77e31ae82e63601f6784e8a3df411d72b37864da?s=96&d=mm&r=g\",\"url\":\"https:\\\/\\\/secure.gravatar.com\\\/avatar\\\/a7358cb406a99b682ec6df1e77e31ae82e63601f6784e8a3df411d72b37864da?s=96&d=mm&r=g\",\"contentUrl\":\"https:\\\/\\\/secure.gravatar.com\\\/avatar\\\/a7358cb406a99b682ec6df1e77e31ae82e63601f6784e8a3df411d72b37864da?s=96&d=mm&r=g\",\"caption\":\"Leonardo Francisco\"},\"url\":\"https:\\\/\\\/redenoticiaz.com.br\\\/litoralsp\\\/author\\\/leonardo-francisco\"}]}<\/script>\n<!-- \/ Yoast SEO plugin. -->","yoast_head_json":{"title":"Come\u00e7a a aplica\u00e7\u00e3o da vacina bivalente contra a Covid-19 em Santos - Litoral SP","description":"A partir desta ter\u00e7a-feira (28) Santos come\u00e7a a aplicar a dose de refor\u00e7o com a vacina bivalente da Pfizer contra a Covid-19. O imunizante","robots":{"index":"index","follow":"follow","max-snippet":"max-snippet:-1","max-image-preview":"max-image-preview:large","max-video-preview":"max-video-preview:-1"},"canonical":"https:\/\/redenoticiaz.com.br\/litoralsp\/2023\/02\/28\/comeca-a-aplicacao-da-vacina-bivalente-contra-a-covid-19-em-santos","og_locale":"pt_BR","og_type":"article","og_title":"Come\u00e7a a aplica\u00e7\u00e3o da vacina bivalente contra a Covid-19 em Santos - Litoral SP","og_description":"A partir desta ter\u00e7a-feira (28) Santos come\u00e7a a aplicar a dose de refor\u00e7o com a vacina bivalente da Pfizer contra a Covid-19. O imunizante","og_url":"https:\/\/redenoticiaz.com.br\/litoralsp\/2023\/02\/28\/comeca-a-aplicacao-da-vacina-bivalente-contra-a-covid-19-em-santos","og_site_name":"Litoral SP","article_published_time":"2023-02-28T13:24:26+00:00","og_image":[{"width":768,"height":578,"url":"https:\/\/redenoticiaz.com.br\/litoralsp\/wp-content\/uploads\/sites\/3\/2023\/02\/3c0551f0-dbb3-4708-a14b-0172761a6ffa.jpeg","type":"image\/jpeg"}],"author":"Leonardo Francisco","twitter_card":"summary_large_image","twitter_misc":{"Escrito por":"Leonardo Francisco","Est. tempo de leitura":"5 minutos"},"schema":{"@context":"https:\/\/schema.org","@graph":[{"@type":"Article","@id":"https:\/\/redenoticiaz.com.br\/litoralsp\/2023\/02\/28\/comeca-a-aplicacao-da-vacina-bivalente-contra-a-covid-19-em-santos#article","isPartOf":{"@id":"https:\/\/redenoticiaz.com.br\/litoralsp\/2023\/02\/28\/comeca-a-aplicacao-da-vacina-bivalente-contra-a-covid-19-em-santos"},"author":{"name":"Leonardo Francisco","@id":"https:\/\/redenoticiaz.com.br\/litoralsp\/#\/schema\/person\/0f0b8a5bdafefe82841e07ae8d81ecb3"},"headline":"Come\u00e7a a aplica\u00e7\u00e3o da vacina bivalente contra a Covid-19 em Santos","datePublished":"2023-02-28T13:24:26+00:00","mainEntityOfPage":{"@id":"https:\/\/redenoticiaz.com.br\/litoralsp\/2023\/02\/28\/comeca-a-aplicacao-da-vacina-bivalente-contra-a-covid-19-em-santos"},"wordCount":920,"commentCount":0,"publisher":{"@id":"https:\/\/redenoticiaz.com.br\/litoralsp\/#organization"},"image":{"@id":"https:\/\/redenoticiaz.com.br\/litoralsp\/2023\/02\/28\/comeca-a-aplicacao-da-vacina-bivalente-contra-a-covid-19-em-santos#primaryimage"},"thumbnailUrl":"https:\/\/redenoticiaz.com.br\/litoralsp\/wp-content\/uploads\/sites\/3\/2023\/02\/3c0551f0-dbb3-4708-a14b-0172761a6ffa.jpeg","keywords":["70 ANOS+","IMUNOSSUPRIMIDOS","Santos","saude","vacina bivalente","VACINA CONTRA A COVID"],"articleSection":["Santos","Sa\u00fade"],"inLanguage":"pt-BR","potentialAction":[{"@type":"CommentAction","name":"Comment","target":["https:\/\/redenoticiaz.com.br\/litoralsp\/2023\/02\/28\/comeca-a-aplicacao-da-vacina-bivalente-contra-a-covid-19-em-santos#respond"]}]},{"@type":"WebPage","@id":"https:\/\/redenoticiaz.com.br\/litoralsp\/2023\/02\/28\/comeca-a-aplicacao-da-vacina-bivalente-contra-a-covid-19-em-santos","url":"https:\/\/redenoticiaz.com.br\/litoralsp\/2023\/02\/28\/comeca-a-aplicacao-da-vacina-bivalente-contra-a-covid-19-em-santos","name":"Come\u00e7a a aplica\u00e7\u00e3o da vacina bivalente contra a Covid-19 em Santos - Litoral SP","isPartOf":{"@id":"https:\/\/redenoticiaz.com.br\/litoralsp\/#website"},"primaryImageOfPage":{"@id":"https:\/\/redenoticiaz.com.br\/litoralsp\/2023\/02\/28\/comeca-a-aplicacao-da-vacina-bivalente-contra-a-covid-19-em-santos#primaryimage"},"image":{"@id":"https:\/\/redenoticiaz.com.br\/litoralsp\/2023\/02\/28\/comeca-a-aplicacao-da-vacina-bivalente-contra-a-covid-19-em-santos#primaryimage"},"thumbnailUrl":"https:\/\/redenoticiaz.com.br\/litoralsp\/wp-content\/uploads\/sites\/3\/2023\/02\/3c0551f0-dbb3-4708-a14b-0172761a6ffa.jpeg","datePublished":"2023-02-28T13:24:26+00:00","description":"A partir desta ter\u00e7a-feira (28) Santos come\u00e7a a aplicar a dose de refor\u00e7o com a vacina bivalente da Pfizer contra a Covid-19. O imunizante","inLanguage":"pt-BR","potentialAction":[{"@type":"ReadAction","target":["https:\/\/redenoticiaz.com.br\/litoralsp\/2023\/02\/28\/comeca-a-aplicacao-da-vacina-bivalente-contra-a-covid-19-em-santos"]}]},{"@type":"ImageObject","inLanguage":"pt-BR","@id":"https:\/\/redenoticiaz.com.br\/litoralsp\/2023\/02\/28\/comeca-a-aplicacao-da-vacina-bivalente-contra-a-covid-19-em-santos#primaryimage","url":"https:\/\/redenoticiaz.com.br\/litoralsp\/wp-content\/uploads\/sites\/3\/2023\/02\/3c0551f0-dbb3-4708-a14b-0172761a6ffa.jpeg","contentUrl":"https:\/\/redenoticiaz.com.br\/litoralsp\/wp-content\/uploads\/sites\/3\/2023\/02\/3c0551f0-dbb3-4708-a14b-0172761a6ffa.jpeg","width":768,"height":578,"caption":"Cr\u00e9ditos: Divulga\u00e7\u00e3o\/Prefeitura de Santos"},{"@type":"WebSite","@id":"https:\/\/redenoticiaz.com.br\/litoralsp\/#website","url":"https:\/\/redenoticiaz.com.br\/litoralsp\/","name":"Litoral SP","description":"Rede NoticiaZ","publisher":{"@id":"https:\/\/redenoticiaz.com.br\/litoralsp\/#organization"},"potentialAction":[{"@type":"SearchAction","target":{"@type":"EntryPoint","urlTemplate":"https:\/\/redenoticiaz.com.br\/litoralsp\/?s={search_term_string}"},"query-input":{"@type":"PropertyValueSpecification","valueRequired":true,"valueName":"search_term_string"}}],"inLanguage":"pt-BR"},{"@type":"Organization","@id":"https:\/\/redenoticiaz.com.br\/litoralsp\/#organization","name":"Litoral SP","url":"https:\/\/redenoticiaz.com.br\/litoralsp\/","logo":{"@type":"ImageObject","inLanguage":"pt-BR","@id":"https:\/\/redenoticiaz.com.br\/litoralsp\/#\/schema\/logo\/image\/","url":"https:\/\/redenoticiaz.com.br\/litoralsp\/wp-content\/uploads\/sites\/3\/2020\/11\/logo.jpg","contentUrl":"https:\/\/redenoticiaz.com.br\/litoralsp\/wp-content\/uploads\/sites\/3\/2020\/11\/logo.jpg","width":400,"height":250,"caption":"Litoral SP"},"image":{"@id":"https:\/\/redenoticiaz.com.br\/litoralsp\/#\/schema\/logo\/image\/"}},{"@type":"Person","@id":"https:\/\/redenoticiaz.com.br\/litoralsp\/#\/schema\/person\/0f0b8a5bdafefe82841e07ae8d81ecb3","name":"Leonardo Francisco","image":{"@type":"ImageObject","inLanguage":"pt-BR","@id":"https:\/\/secure.gravatar.com\/avatar\/a7358cb406a99b682ec6df1e77e31ae82e63601f6784e8a3df411d72b37864da?s=96&d=mm&r=g","url":"https:\/\/secure.gravatar.com\/avatar\/a7358cb406a99b682ec6df1e77e31ae82e63601f6784e8a3df411d72b37864da?s=96&d=mm&r=g","contentUrl":"https:\/\/secure.gravatar.com\/avatar\/a7358cb406a99b682ec6df1e77e31ae82e63601f6784e8a3df411d72b37864da?s=96&d=mm&r=g","caption":"Leonardo Francisco"},"url":"https:\/\/redenoticiaz.com.br\/litoralsp\/author\/leonardo-francisco"}]}},"_links":{"self":[{"href":"https:\/\/redenoticiaz.com.br\/litoralsp\/wp-json\/wp\/v2\/posts\/101605","targetHints":{"allow":["GET"]}}],"collection":[{"href":"https:\/\/redenoticiaz.com.br\/litoralsp\/wp-json\/wp\/v2\/posts"}],"about":[{"href":"https:\/\/redenoticiaz.com.br\/litoralsp\/wp-json\/wp\/v2\/types\/post"}],"author":[{"embeddable":true,"href":"https:\/\/redenoticiaz.com.br\/litoralsp\/wp-json\/wp\/v2\/users\/6"}],"replies":[{"embeddable":true,"href":"https:\/\/redenoticiaz.com.br\/litoralsp\/wp-json\/wp\/v2\/comments?post=101605"}],"version-history":[{"count":2,"href":"https:\/\/redenoticiaz.com.br\/litoralsp\/wp-json\/wp\/v2\/posts\/101605\/revisions"}],"predecessor-version":[{"id":101608,"href":"https:\/\/redenoticiaz.com.br\/litoralsp\/wp-json\/wp\/v2\/posts\/101605\/revisions\/101608"}],"wp:featuredmedia":[{"embeddable":true,"href":"https:\/\/redenoticiaz.com.br\/litoralsp\/wp-json\/wp\/v2\/media\/101606"}],"wp:attachment":[{"href":"https:\/\/redenoticiaz.com.br\/litoralsp\/wp-json\/wp\/v2\/media?parent=101605"}],"wp:term":[{"taxonomy":"category","embeddable":true,"href":"https:\/\/redenoticiaz.com.br\/litoralsp\/wp-json\/wp\/v2\/categories?post=101605"},{"taxonomy":"post_tag","embeddable":true,"href":"https:\/\/redenoticiaz.com.br\/litoralsp\/wp-json\/wp\/v2\/tags?post=101605"}],"curies":[{"name":"wp","href":"https:\/\/api.w.org\/{rel}","templated":true}]}}