{"id":101610,"date":"2023-02-28T11:40:22","date_gmt":"2023-02-28T14:40:22","guid":{"rendered":"https:\/\/redenoticiaz.com.br\/litoralsp\/?p=101610"},"modified":"2023-02-28T11:40:22","modified_gmt":"2023-02-28T14:40:22","slug":"transporte-alternativo-de-mongagua-e-barrado-pela-justica","status":"publish","type":"post","link":"https:\/\/redenoticiaz.com.br\/litoralsp\/2023\/02\/28\/transporte-alternativo-de-mongagua-e-barrado-pela-justica","title":{"rendered":"Transporte alternativo de Mongagu\u00e1 \u00e9 barrado pela Justi\u00e7a"},"content":{"rendered":"<div id=\"chunk-blngb\">\n<div class=\"mc-column content-text active-extra-styles \" data-block-type=\"unstyled\" data-block-weight=\"60\" data-block-id=\"3\">\n<p class=\"content-text__container \" data-track-category=\"Link no Texto\" data-track-links=\"\">Al\u00e9m do transporte convencional, os moradores de Mongagu\u00e1 contavam tamb\u00e9m com o transporte alternativo. S\u00f3 que nesta ter\u00e7a-feira (28) veio uma &#8220;bomba&#8221;. O Tribunal de Justi\u00e7a do Estado de S\u00e3o Paulo (TJ-SP) <strong>proibiu a circula\u00e7\u00e3o dos ve\u00edculos<\/strong>, j\u00e1 que a decis\u00e3o aponta que os atuais trabalhadores do servi\u00e7o de lota\u00e7\u00e3o n\u00e3o possuem legitimidade para presta\u00e7\u00e3o do servi\u00e7o alternativo, uma vez que n\u00e3o participaram do processo de licita\u00e7\u00e3o exigido pela lei municipal.<\/p>\n<\/div>\n<\/div>\n<div class=\"wall protected-content\">\n<div id=\"chunk-1flr3\">\n<div class=\"mc-column content-text active-extra-styles \" data-block-type=\"unstyled\" data-block-weight=\"39\" data-block-id=\"4\">\n<p class=\"content-text__container \" data-track-category=\"Link no Texto\" data-track-links=\"\">De acordo com o TJ-SP, ficou considerado que ficar\u00e1 nulo todos os atos de credenciamento e permiss\u00f5es de circula\u00e7\u00e3o no munic\u00edpio. O documento informando o encerramento das atividades foi entregue pela prefeitura \u00e0 Associa\u00e7\u00e3o do Transporte Alternativo (ATAM) nesta ter\u00e7a-feira (28).<\/p>\n<\/div>\n<\/div>\n<div id=\"chunk-3qdks\">\n<div class=\"mc-column content-text active-extra-styles \" data-block-type=\"unstyled\" data-block-weight=\"61\" data-block-id=\"5\">\n<p class=\"content-text__container \" data-track-category=\"Link no Texto\" data-track-links=\"\">A ATAM informou que o grupo foi comunicado pela Prefeitura de Mongagu\u00e1 sobre a nova medida e n\u00e3o houve explica\u00e7\u00e3o sobre a decis\u00e3o. A alega\u00e7\u00e3o \u00e9 que o servi\u00e7o funciona h\u00e1 24 anos como o transporte alternativo.<\/p>\n<\/div>\n<\/div>\n<div id=\"chunk-9d82l\">\n<div class=\"mc-column content-text active-extra-styles \" data-block-type=\"unstyled\" data-block-weight=\"60\" data-block-id=\"7\">\n<p class=\"content-text__container \" data-track-category=\"Link no Texto\" data-track-links=\"\">Ainda de acordo com a entidade, existe uma negocia\u00e7\u00e3o h\u00e1 mais de um ano com a prefeitura e mesmo se adequando a legisla\u00e7\u00e3o federal. As lota\u00e7\u00f5es tem alvar\u00e1 municipal de funcionamento e todos os impostos s\u00e3o pagos. &#8220;N\u00f3s temos permiss\u00e3o para circular com 14 lota\u00e7\u00f5es. Atualmente, est\u00e1vamos com dez carros e todos eles com dois motoristas e dois cobradores. No m\u00ednimo, 56 pessoas ficar\u00e3o desempregada&#8221;, informa.<\/p>\n<\/div>\n<\/div>\n<div class=\"mc-column content-text active-extra-styles\" data-block-type=\"raw\" data-block-weight=\"3\" data-block-id=\"10\">\n<div class=\"content-intertitle\">\n<h3>Prefeitura de Mongagu\u00e1<\/h3>\n<\/div>\n<\/div>\n<div id=\"chunk-56ie7\">\n<div class=\"mc-column content-text active-extra-styles \" data-block-type=\"unstyled\" data-block-weight=\"40\" data-block-id=\"11\">\n<p class=\"content-text__container \" data-track-category=\"Link no Texto\" data-track-links=\"\">Por meio de nota, a administra\u00e7\u00e3o municipal informou que a dita legisla\u00e7\u00e3o de 2019 foi considerada inconstitucional atrav\u00e9s de uma ADIN (A\u00e7\u00e3o Direta de Inconstitucionalidade), movida pela Empresa A\u00e7\u00e3o, concession\u00e1ria do transporte coletivo, permanecendo atualmente vigente a Lei 1930\/2001.<\/p>\n<\/div>\n<\/div>\n<div id=\"chunk-91l42\">\n<div class=\"mc-column content-text active-extra-styles \" data-block-type=\"unstyled\" data-block-weight=\"44\" data-block-id=\"12\">\n<p class=\"content-text__container \" data-track-category=\"Link no Texto\" data-track-links=\"\">A prefeitura disse ainda que o pr\u00f3prio Tribunal de Justi\u00e7a reconheceu que os atuais permission\u00e1rios do servi\u00e7o de lota\u00e7\u00e3o n\u00e3o possuem legitimidade para presta\u00e7\u00e3o do transporte alternativo, haja vista que n\u00e3o participaram de nenhuma forma de concorr\u00eancia para a execu\u00e7\u00e3o deste servi\u00e7o p\u00fablico.<\/p>\n<\/div>\n<\/div>\n<div id=\"chunk-3nqb9\">\n<div class=\"mc-column content-text active-extra-styles \" data-block-type=\"unstyled\" data-block-weight=\"37\" data-block-id=\"14\">\n<p class=\"content-text__container \" data-track-category=\"Link no Texto\" data-track-links=\"\">Por fim, a administra\u00e7\u00e3o municipal esclareceu que apenas est\u00e1 cumprindo determina\u00e7\u00e3o judicial emanada pelo TJ-SP, da qual tem total ci\u00eancia a ATAM (Associa\u00e7\u00e3o de Transporte Alternativo de Mongagu\u00e1) como parte do processo e todos os seus associados.<\/p>\n<p data-track-category=\"Link no Texto\" data-track-links=\"\"><strong>LEIA TAMB\u00c9M<\/strong><\/p>\n<p data-track-category=\"Link no Texto\" data-track-links=\"\"><a href=\"https:\/\/redenoticiaz.com.br\/litoralsp\/2023\/02\/27\/adolescente-acusa-motorista-de-aplicativo-de-cometer-estupro-dentro-do-carro-no-litoral\">Adolescente acusa motorista de aplicativo de cometer estupro dentro do carro no Litoral<\/a><\/p>\n<\/div>\n<\/div>\n<\/div>\n","protected":false},"excerpt":{"rendered":"<p>Al\u00e9m do transporte convencional, os moradores de Mongagu\u00e1 contavam tamb\u00e9m com o transporte alternativo. S\u00f3 que nesta ter\u00e7a-feira (28) veio uma &#8220;bomba&#8221;. O Tribunal de Justi\u00e7a do Estado de S\u00e3o Paulo (TJ-SP) proibiu a circula\u00e7\u00e3o dos ve\u00edculos, j\u00e1 que a decis\u00e3o aponta que os atuais trabalhadores do servi\u00e7o de lota\u00e7\u00e3o n\u00e3o possuem legitimidade para presta\u00e7\u00e3o &hellip;<\/p>\n","protected":false},"author":6,"featured_media":101611,"comment_status":"open","ping_status":"closed","sticky":false,"template":"","format":"standard","meta":{"footnotes":""},"categories":[22,183,88],"tags":[1051,19523,63662,13939,10292],"class_list":["post-101610","post","type-post","status-publish","format-standard","has-post-thumbnail","hentry","category-justica","category-mongagua","category-transportes","tag-mongagua","tag-transporte-alternativo","tag-transporte-barrado","tag-transporte-publico","tag-tribunal-de-justica-de-sao-paulo"],"yoast_head":"<!-- This site is optimized with the Yoast SEO plugin v27.5 - https:\/\/yoast.com\/product\/yoast-seo-wordpress\/ -->\n<title>Transporte alternativo de Mongagu\u00e1 \u00e9 barrado pela Justi\u00e7a - Litoral SP<\/title>\n<meta name=\"description\" content=\"Al\u00e9m do transporte convencional, os moradores de Mongagu\u00e1 contavam tamb\u00e9m com o transporte alternativo. S\u00f3 que nesta ter\u00e7a-feira\" \/>\n<meta name=\"robots\" content=\"index, follow, max-snippet:-1, max-image-preview:large, max-video-preview:-1\" \/>\n<link rel=\"canonical\" href=\"https:\/\/redenoticiaz.com.br\/litoralsp\/2023\/02\/28\/transporte-alternativo-de-mongagua-e-barrado-pela-justica\" \/>\n<meta property=\"og:locale\" content=\"pt_BR\" \/>\n<meta property=\"og:type\" content=\"article\" \/>\n<meta property=\"og:title\" content=\"Transporte alternativo de Mongagu\u00e1 \u00e9 barrado pela Justi\u00e7a - Litoral SP\" \/>\n<meta property=\"og:description\" content=\"Al\u00e9m do transporte convencional, os moradores de Mongagu\u00e1 contavam tamb\u00e9m com o transporte alternativo. S\u00f3 que nesta ter\u00e7a-feira\" \/>\n<meta property=\"og:url\" content=\"https:\/\/redenoticiaz.com.br\/litoralsp\/2023\/02\/28\/transporte-alternativo-de-mongagua-e-barrado-pela-justica\" \/>\n<meta property=\"og:site_name\" content=\"Litoral SP\" \/>\n<meta property=\"article:published_time\" content=\"2023-02-28T14:40:22+00:00\" \/>\n<meta property=\"og:image\" content=\"https:\/\/redenoticiaz.com.br\/litoralsp\/wp-content\/uploads\/sites\/3\/2023\/02\/TRANSPORTE-ALTERNATVO.jpg\" \/>\n\t<meta property=\"og:image:width\" content=\"561\" \/>\n\t<meta property=\"og:image:height\" content=\"310\" \/>\n\t<meta property=\"og:image:type\" content=\"image\/jpeg\" \/>\n<meta name=\"author\" content=\"Leonardo Francisco\" \/>\n<meta name=\"twitter:card\" content=\"summary_large_image\" \/>\n<meta name=\"twitter:label1\" content=\"Escrito por\" \/>\n\t<meta name=\"twitter:data1\" content=\"Leonardo Francisco\" \/>\n\t<meta name=\"twitter:label2\" content=\"Est. tempo de leitura\" \/>\n\t<meta name=\"twitter:data2\" content=\"2 minutos\" \/>\n<script type=\"application\/ld+json\" class=\"yoast-schema-graph\">{\"@context\":\"https:\\\/\\\/schema.org\",\"@graph\":[{\"@type\":\"Article\",\"@id\":\"https:\\\/\\\/redenoticiaz.com.br\\\/litoralsp\\\/2023\\\/02\\\/28\\\/transporte-alternativo-de-mongagua-e-barrado-pela-justica#article\",\"isPartOf\":{\"@id\":\"https:\\\/\\\/redenoticiaz.com.br\\\/litoralsp\\\/2023\\\/02\\\/28\\\/transporte-alternativo-de-mongagua-e-barrado-pela-justica\"},\"author\":{\"name\":\"Leonardo Francisco\",\"@id\":\"https:\\\/\\\/redenoticiaz.com.br\\\/litoralsp\\\/#\\\/schema\\\/person\\\/0f0b8a5bdafefe82841e07ae8d81ecb3\"},\"headline\":\"Transporte alternativo de Mongagu\u00e1 \u00e9 barrado pela Justi\u00e7a\",\"datePublished\":\"2023-02-28T14:40:22+00:00\",\"mainEntityOfPage\":{\"@id\":\"https:\\\/\\\/redenoticiaz.com.br\\\/litoralsp\\\/2023\\\/02\\\/28\\\/transporte-alternativo-de-mongagua-e-barrado-pela-justica\"},\"wordCount\":409,\"commentCount\":0,\"publisher\":{\"@id\":\"https:\\\/\\\/redenoticiaz.com.br\\\/litoralsp\\\/#organization\"},\"image\":{\"@id\":\"https:\\\/\\\/redenoticiaz.com.br\\\/litoralsp\\\/2023\\\/02\\\/28\\\/transporte-alternativo-de-mongagua-e-barrado-pela-justica#primaryimage\"},\"thumbnailUrl\":\"https:\\\/\\\/redenoticiaz.com.br\\\/litoralsp\\\/wp-content\\\/uploads\\\/sites\\\/3\\\/2023\\\/02\\\/TRANSPORTE-ALTERNATVO.jpg\",\"keywords\":[\"MONGAGU\u00c1\",\"TRANSPORTE ALTERNATIVO\",\"TRANSPORTE BARRADO\",\"TRANSPORTE P\u00daBLICO\",\"TRIBUNAL DE JUSTI\u00c7A DE S\u00c3O PAULO\"],\"articleSection\":[\"Justi\u00e7a\",\"Mongagu\u00e1\",\"Transportes\"],\"inLanguage\":\"pt-BR\",\"potentialAction\":[{\"@type\":\"CommentAction\",\"name\":\"Comment\",\"target\":[\"https:\\\/\\\/redenoticiaz.com.br\\\/litoralsp\\\/2023\\\/02\\\/28\\\/transporte-alternativo-de-mongagua-e-barrado-pela-justica#respond\"]}]},{\"@type\":\"WebPage\",\"@id\":\"https:\\\/\\\/redenoticiaz.com.br\\\/litoralsp\\\/2023\\\/02\\\/28\\\/transporte-alternativo-de-mongagua-e-barrado-pela-justica\",\"url\":\"https:\\\/\\\/redenoticiaz.com.br\\\/litoralsp\\\/2023\\\/02\\\/28\\\/transporte-alternativo-de-mongagua-e-barrado-pela-justica\",\"name\":\"Transporte alternativo de Mongagu\u00e1 \u00e9 barrado pela Justi\u00e7a - Litoral SP\",\"isPartOf\":{\"@id\":\"https:\\\/\\\/redenoticiaz.com.br\\\/litoralsp\\\/#website\"},\"primaryImageOfPage\":{\"@id\":\"https:\\\/\\\/redenoticiaz.com.br\\\/litoralsp\\\/2023\\\/02\\\/28\\\/transporte-alternativo-de-mongagua-e-barrado-pela-justica#primaryimage\"},\"image\":{\"@id\":\"https:\\\/\\\/redenoticiaz.com.br\\\/litoralsp\\\/2023\\\/02\\\/28\\\/transporte-alternativo-de-mongagua-e-barrado-pela-justica#primaryimage\"},\"thumbnailUrl\":\"https:\\\/\\\/redenoticiaz.com.br\\\/litoralsp\\\/wp-content\\\/uploads\\\/sites\\\/3\\\/2023\\\/02\\\/TRANSPORTE-ALTERNATVO.jpg\",\"datePublished\":\"2023-02-28T14:40:22+00:00\",\"description\":\"Al\u00e9m do transporte convencional, os moradores de Mongagu\u00e1 contavam tamb\u00e9m com o transporte alternativo. S\u00f3 que nesta ter\u00e7a-feira\",\"inLanguage\":\"pt-BR\",\"potentialAction\":[{\"@type\":\"ReadAction\",\"target\":[\"https:\\\/\\\/redenoticiaz.com.br\\\/litoralsp\\\/2023\\\/02\\\/28\\\/transporte-alternativo-de-mongagua-e-barrado-pela-justica\"]}]},{\"@type\":\"ImageObject\",\"inLanguage\":\"pt-BR\",\"@id\":\"https:\\\/\\\/redenoticiaz.com.br\\\/litoralsp\\\/2023\\\/02\\\/28\\\/transporte-alternativo-de-mongagua-e-barrado-pela-justica#primaryimage\",\"url\":\"https:\\\/\\\/redenoticiaz.com.br\\\/litoralsp\\\/wp-content\\\/uploads\\\/sites\\\/3\\\/2023\\\/02\\\/TRANSPORTE-ALTERNATVO.jpg\",\"contentUrl\":\"https:\\\/\\\/redenoticiaz.com.br\\\/litoralsp\\\/wp-content\\\/uploads\\\/sites\\\/3\\\/2023\\\/02\\\/TRANSPORTE-ALTERNATVO.jpg\",\"width\":561,\"height\":310,\"caption\":\"N\u00e3o h\u00e1 previs\u00e3o para que o servi\u00e7o seja retomado. Cr\u00e9ditos: Reprodu\u00e7\u00e3o\"},{\"@type\":\"WebSite\",\"@id\":\"https:\\\/\\\/redenoticiaz.com.br\\\/litoralsp\\\/#website\",\"url\":\"https:\\\/\\\/redenoticiaz.com.br\\\/litoralsp\\\/\",\"name\":\"Litoral SP\",\"description\":\"Rede NoticiaZ\",\"publisher\":{\"@id\":\"https:\\\/\\\/redenoticiaz.com.br\\\/litoralsp\\\/#organization\"},\"potentialAction\":[{\"@type\":\"SearchAction\",\"target\":{\"@type\":\"EntryPoint\",\"urlTemplate\":\"https:\\\/\\\/redenoticiaz.com.br\\\/litoralsp\\\/?s={search_term_string}\"},\"query-input\":{\"@type\":\"PropertyValueSpecification\",\"valueRequired\":true,\"valueName\":\"search_term_string\"}}],\"inLanguage\":\"pt-BR\"},{\"@type\":\"Organization\",\"@id\":\"https:\\\/\\\/redenoticiaz.com.br\\\/litoralsp\\\/#organization\",\"name\":\"Litoral SP\",\"url\":\"https:\\\/\\\/redenoticiaz.com.br\\\/litoralsp\\\/\",\"logo\":{\"@type\":\"ImageObject\",\"inLanguage\":\"pt-BR\",\"@id\":\"https:\\\/\\\/redenoticiaz.com.br\\\/litoralsp\\\/#\\\/schema\\\/logo\\\/image\\\/\",\"url\":\"https:\\\/\\\/redenoticiaz.com.br\\\/litoralsp\\\/wp-content\\\/uploads\\\/sites\\\/3\\\/2020\\\/11\\\/logo.jpg\",\"contentUrl\":\"https:\\\/\\\/redenoticiaz.com.br\\\/litoralsp\\\/wp-content\\\/uploads\\\/sites\\\/3\\\/2020\\\/11\\\/logo.jpg\",\"width\":400,\"height\":250,\"caption\":\"Litoral SP\"},\"image\":{\"@id\":\"https:\\\/\\\/redenoticiaz.com.br\\\/litoralsp\\\/#\\\/schema\\\/logo\\\/image\\\/\"}},{\"@type\":\"Person\",\"@id\":\"https:\\\/\\\/redenoticiaz.com.br\\\/litoralsp\\\/#\\\/schema\\\/person\\\/0f0b8a5bdafefe82841e07ae8d81ecb3\",\"name\":\"Leonardo Francisco\",\"image\":{\"@type\":\"ImageObject\",\"inLanguage\":\"pt-BR\",\"@id\":\"https:\\\/\\\/secure.gravatar.com\\\/avatar\\\/a7358cb406a99b682ec6df1e77e31ae82e63601f6784e8a3df411d72b37864da?s=96&d=mm&r=g\",\"url\":\"https:\\\/\\\/secure.gravatar.com\\\/avatar\\\/a7358cb406a99b682ec6df1e77e31ae82e63601f6784e8a3df411d72b37864da?s=96&d=mm&r=g\",\"contentUrl\":\"https:\\\/\\\/secure.gravatar.com\\\/avatar\\\/a7358cb406a99b682ec6df1e77e31ae82e63601f6784e8a3df411d72b37864da?s=96&d=mm&r=g\",\"caption\":\"Leonardo Francisco\"},\"url\":\"https:\\\/\\\/redenoticiaz.com.br\\\/litoralsp\\\/author\\\/leonardo-francisco\"}]}<\/script>\n<!-- \/ Yoast SEO plugin. -->","yoast_head_json":{"title":"Transporte alternativo de Mongagu\u00e1 \u00e9 barrado pela Justi\u00e7a - Litoral SP","description":"Al\u00e9m do transporte convencional, os moradores de Mongagu\u00e1 contavam tamb\u00e9m com o transporte alternativo. S\u00f3 que nesta ter\u00e7a-feira","robots":{"index":"index","follow":"follow","max-snippet":"max-snippet:-1","max-image-preview":"max-image-preview:large","max-video-preview":"max-video-preview:-1"},"canonical":"https:\/\/redenoticiaz.com.br\/litoralsp\/2023\/02\/28\/transporte-alternativo-de-mongagua-e-barrado-pela-justica","og_locale":"pt_BR","og_type":"article","og_title":"Transporte alternativo de Mongagu\u00e1 \u00e9 barrado pela Justi\u00e7a - Litoral SP","og_description":"Al\u00e9m do transporte convencional, os moradores de Mongagu\u00e1 contavam tamb\u00e9m com o transporte alternativo. S\u00f3 que nesta ter\u00e7a-feira","og_url":"https:\/\/redenoticiaz.com.br\/litoralsp\/2023\/02\/28\/transporte-alternativo-de-mongagua-e-barrado-pela-justica","og_site_name":"Litoral SP","article_published_time":"2023-02-28T14:40:22+00:00","og_image":[{"width":561,"height":310,"url":"https:\/\/redenoticiaz.com.br\/litoralsp\/wp-content\/uploads\/sites\/3\/2023\/02\/TRANSPORTE-ALTERNATVO.jpg","type":"image\/jpeg"}],"author":"Leonardo Francisco","twitter_card":"summary_large_image","twitter_misc":{"Escrito por":"Leonardo Francisco","Est. tempo de leitura":"2 minutos"},"schema":{"@context":"https:\/\/schema.org","@graph":[{"@type":"Article","@id":"https:\/\/redenoticiaz.com.br\/litoralsp\/2023\/02\/28\/transporte-alternativo-de-mongagua-e-barrado-pela-justica#article","isPartOf":{"@id":"https:\/\/redenoticiaz.com.br\/litoralsp\/2023\/02\/28\/transporte-alternativo-de-mongagua-e-barrado-pela-justica"},"author":{"name":"Leonardo Francisco","@id":"https:\/\/redenoticiaz.com.br\/litoralsp\/#\/schema\/person\/0f0b8a5bdafefe82841e07ae8d81ecb3"},"headline":"Transporte alternativo de Mongagu\u00e1 \u00e9 barrado pela Justi\u00e7a","datePublished":"2023-02-28T14:40:22+00:00","mainEntityOfPage":{"@id":"https:\/\/redenoticiaz.com.br\/litoralsp\/2023\/02\/28\/transporte-alternativo-de-mongagua-e-barrado-pela-justica"},"wordCount":409,"commentCount":0,"publisher":{"@id":"https:\/\/redenoticiaz.com.br\/litoralsp\/#organization"},"image":{"@id":"https:\/\/redenoticiaz.com.br\/litoralsp\/2023\/02\/28\/transporte-alternativo-de-mongagua-e-barrado-pela-justica#primaryimage"},"thumbnailUrl":"https:\/\/redenoticiaz.com.br\/litoralsp\/wp-content\/uploads\/sites\/3\/2023\/02\/TRANSPORTE-ALTERNATVO.jpg","keywords":["MONGAGU\u00c1","TRANSPORTE ALTERNATIVO","TRANSPORTE BARRADO","TRANSPORTE P\u00daBLICO","TRIBUNAL DE JUSTI\u00c7A DE S\u00c3O PAULO"],"articleSection":["Justi\u00e7a","Mongagu\u00e1","Transportes"],"inLanguage":"pt-BR","potentialAction":[{"@type":"CommentAction","name":"Comment","target":["https:\/\/redenoticiaz.com.br\/litoralsp\/2023\/02\/28\/transporte-alternativo-de-mongagua-e-barrado-pela-justica#respond"]}]},{"@type":"WebPage","@id":"https:\/\/redenoticiaz.com.br\/litoralsp\/2023\/02\/28\/transporte-alternativo-de-mongagua-e-barrado-pela-justica","url":"https:\/\/redenoticiaz.com.br\/litoralsp\/2023\/02\/28\/transporte-alternativo-de-mongagua-e-barrado-pela-justica","name":"Transporte alternativo de Mongagu\u00e1 \u00e9 barrado pela Justi\u00e7a - Litoral SP","isPartOf":{"@id":"https:\/\/redenoticiaz.com.br\/litoralsp\/#website"},"primaryImageOfPage":{"@id":"https:\/\/redenoticiaz.com.br\/litoralsp\/2023\/02\/28\/transporte-alternativo-de-mongagua-e-barrado-pela-justica#primaryimage"},"image":{"@id":"https:\/\/redenoticiaz.com.br\/litoralsp\/2023\/02\/28\/transporte-alternativo-de-mongagua-e-barrado-pela-justica#primaryimage"},"thumbnailUrl":"https:\/\/redenoticiaz.com.br\/litoralsp\/wp-content\/uploads\/sites\/3\/2023\/02\/TRANSPORTE-ALTERNATVO.jpg","datePublished":"2023-02-28T14:40:22+00:00","description":"Al\u00e9m do transporte convencional, os moradores de Mongagu\u00e1 contavam tamb\u00e9m com o transporte alternativo. S\u00f3 que nesta ter\u00e7a-feira","inLanguage":"pt-BR","potentialAction":[{"@type":"ReadAction","target":["https:\/\/redenoticiaz.com.br\/litoralsp\/2023\/02\/28\/transporte-alternativo-de-mongagua-e-barrado-pela-justica"]}]},{"@type":"ImageObject","inLanguage":"pt-BR","@id":"https:\/\/redenoticiaz.com.br\/litoralsp\/2023\/02\/28\/transporte-alternativo-de-mongagua-e-barrado-pela-justica#primaryimage","url":"https:\/\/redenoticiaz.com.br\/litoralsp\/wp-content\/uploads\/sites\/3\/2023\/02\/TRANSPORTE-ALTERNATVO.jpg","contentUrl":"https:\/\/redenoticiaz.com.br\/litoralsp\/wp-content\/uploads\/sites\/3\/2023\/02\/TRANSPORTE-ALTERNATVO.jpg","width":561,"height":310,"caption":"N\u00e3o h\u00e1 previs\u00e3o para que o servi\u00e7o seja retomado. Cr\u00e9ditos: Reprodu\u00e7\u00e3o"},{"@type":"WebSite","@id":"https:\/\/redenoticiaz.com.br\/litoralsp\/#website","url":"https:\/\/redenoticiaz.com.br\/litoralsp\/","name":"Litoral SP","description":"Rede NoticiaZ","publisher":{"@id":"https:\/\/redenoticiaz.com.br\/litoralsp\/#organization"},"potentialAction":[{"@type":"SearchAction","target":{"@type":"EntryPoint","urlTemplate":"https:\/\/redenoticiaz.com.br\/litoralsp\/?s={search_term_string}"},"query-input":{"@type":"PropertyValueSpecification","valueRequired":true,"valueName":"search_term_string"}}],"inLanguage":"pt-BR"},{"@type":"Organization","@id":"https:\/\/redenoticiaz.com.br\/litoralsp\/#organization","name":"Litoral SP","url":"https:\/\/redenoticiaz.com.br\/litoralsp\/","logo":{"@type":"ImageObject","inLanguage":"pt-BR","@id":"https:\/\/redenoticiaz.com.br\/litoralsp\/#\/schema\/logo\/image\/","url":"https:\/\/redenoticiaz.com.br\/litoralsp\/wp-content\/uploads\/sites\/3\/2020\/11\/logo.jpg","contentUrl":"https:\/\/redenoticiaz.com.br\/litoralsp\/wp-content\/uploads\/sites\/3\/2020\/11\/logo.jpg","width":400,"height":250,"caption":"Litoral SP"},"image":{"@id":"https:\/\/redenoticiaz.com.br\/litoralsp\/#\/schema\/logo\/image\/"}},{"@type":"Person","@id":"https:\/\/redenoticiaz.com.br\/litoralsp\/#\/schema\/person\/0f0b8a5bdafefe82841e07ae8d81ecb3","name":"Leonardo Francisco","image":{"@type":"ImageObject","inLanguage":"pt-BR","@id":"https:\/\/secure.gravatar.com\/avatar\/a7358cb406a99b682ec6df1e77e31ae82e63601f6784e8a3df411d72b37864da?s=96&d=mm&r=g","url":"https:\/\/secure.gravatar.com\/avatar\/a7358cb406a99b682ec6df1e77e31ae82e63601f6784e8a3df411d72b37864da?s=96&d=mm&r=g","contentUrl":"https:\/\/secure.gravatar.com\/avatar\/a7358cb406a99b682ec6df1e77e31ae82e63601f6784e8a3df411d72b37864da?s=96&d=mm&r=g","caption":"Leonardo Francisco"},"url":"https:\/\/redenoticiaz.com.br\/litoralsp\/author\/leonardo-francisco"}]}},"_links":{"self":[{"href":"https:\/\/redenoticiaz.com.br\/litoralsp\/wp-json\/wp\/v2\/posts\/101610","targetHints":{"allow":["GET"]}}],"collection":[{"href":"https:\/\/redenoticiaz.com.br\/litoralsp\/wp-json\/wp\/v2\/posts"}],"about":[{"href":"https:\/\/redenoticiaz.com.br\/litoralsp\/wp-json\/wp\/v2\/types\/post"}],"author":[{"embeddable":true,"href":"https:\/\/redenoticiaz.com.br\/litoralsp\/wp-json\/wp\/v2\/users\/6"}],"replies":[{"embeddable":true,"href":"https:\/\/redenoticiaz.com.br\/litoralsp\/wp-json\/wp\/v2\/comments?post=101610"}],"version-history":[{"count":1,"href":"https:\/\/redenoticiaz.com.br\/litoralsp\/wp-json\/wp\/v2\/posts\/101610\/revisions"}],"predecessor-version":[{"id":101612,"href":"https:\/\/redenoticiaz.com.br\/litoralsp\/wp-json\/wp\/v2\/posts\/101610\/revisions\/101612"}],"wp:featuredmedia":[{"embeddable":true,"href":"https:\/\/redenoticiaz.com.br\/litoralsp\/wp-json\/wp\/v2\/media\/101611"}],"wp:attachment":[{"href":"https:\/\/redenoticiaz.com.br\/litoralsp\/wp-json\/wp\/v2\/media?parent=101610"}],"wp:term":[{"taxonomy":"category","embeddable":true,"href":"https:\/\/redenoticiaz.com.br\/litoralsp\/wp-json\/wp\/v2\/categories?post=101610"},{"taxonomy":"post_tag","embeddable":true,"href":"https:\/\/redenoticiaz.com.br\/litoralsp\/wp-json\/wp\/v2\/tags?post=101610"}],"curies":[{"name":"wp","href":"https:\/\/api.w.org\/{rel}","templated":true}]}}