{"id":101622,"date":"2023-02-28T12:46:45","date_gmt":"2023-02-28T15:46:45","guid":{"rendered":"https:\/\/redenoticiaz.com.br\/litoralsp\/2023\/02\/28\/video-homem-quebra-loja-por-nao-conseguir-trocar-produto"},"modified":"2023-02-28T12:52:54","modified_gmt":"2023-02-28T15:52:54","slug":"video-homem-quebra-loja-por-nao-conseguir-trocar-produto","status":"publish","type":"post","link":"https:\/\/redenoticiaz.com.br\/litoralsp\/2023\/02\/28\/video-homem-quebra-loja-por-nao-conseguir-trocar-produto","title":{"rendered":"V\u00cdDEO \u2013 Homem quebra loja por n\u00e3o conseguir trocar produto"},"content":{"rendered":"<p>Um homem quebrou diversos equipamentos de uma loja por n\u00e3o conseguir trocar um produto que adquiriu no local.<\/p>\n<p>O caso aconteceu em uma filial da Magazine Luiza em Ponte Nova (MG) e tudo come\u00e7ou ap\u00f3s o cliente ser informado de que o prazo de troca havia expirado.<\/p>\n<p>Ele come\u00e7ou a quebrar diversos equipamentos como notebooks, celulares, televisores e eletr\u00f4nicos.<\/p>\n<p>A gerente da loja que estava no local ficou em estado de choque e chegou a cair no ch\u00e3o e se debater e gritar.<\/p>\n<div class=\"wp-playlist wp-video-playlist wp-playlist-light\">\n\t\t<video controls=\"controls\" preload=\"none\" width=\"640\"\n\t\t height=\"1131\"\t><\/video>\n\t<div class=\"wp-playlist-next\"><\/div>\n\t<div class=\"wp-playlist-prev\"><\/div>\n\t<noscript>\n\t<ol>\n\t\t<li><a href='https:\/\/redenoticiaz.com.br\/litoralsp\/wp-content\/uploads\/sites\/3\/2023\/02\/WhatsApp-Video-2023-02-28-at-12.45.21.mp4'>V\u00cdDEO - Homem quebra loja por n\u00e3o conseguir trocar produto<\/a><\/li>\t<\/ol>\n\t<\/noscript>\n\t<script type=\"application\/json\" class=\"wp-playlist-script\">{\"type\":\"video\",\"tracklist\":true,\"tracknumbers\":true,\"images\":true,\"artists\":true,\"tracks\":[{\"src\":\"https:\/\/redenoticiaz.com.br\/litoralsp\/wp-content\/uploads\/sites\/3\/2023\/02\/WhatsApp-Video-2023-02-28-at-12.45.21.mp4\",\"type\":\"video\/mp4\",\"title\":\"V\\u00cdDEO - Homem quebra loja por n\\u00e3o conseguir trocar produto\",\"caption\":\"V\\u00cdDEO - Homem quebra loja por n\\u00e3o conseguir trocar produto\",\"description\":\"V\\u00cdDEO - Homem quebra loja por n\\u00e3o conseguir trocar produto\",\"meta\":{\"length_formatted\":\"0:48\"},\"dimensions\":{\"original\":{\"width\":480,\"height\":848},\"resized\":{\"width\":640,\"height\":1131}},\"image\":{\"src\":\"https:\/\/redenoticiaz.com.br\/litoralsp\/wp-includes\/images\/media\/video.svg\",\"width\":48,\"height\":64},\"thumb\":{\"src\":\"https:\/\/redenoticiaz.com.br\/litoralsp\/wp-includes\/images\/media\/video.svg\",\"width\":48,\"height\":64}}]}<\/script>\n<\/div>\n\t\n<p>Por fim, a pol\u00edcia foi chamada para lidar com a situa\u00e7\u00e3o e o homem de 44 anos foi preso no local devido ao seu ataque de f\u00faria.<\/p>\n<p>O produto que ele havia comprado era uma caixa de som, e apresentou defeito 7 dias ap\u00f3s a compra.<\/p>\n<p>Ele foi informado para entrar em contato com o SAC ou PROCON.<\/p>\n<p>Em nota, o Magalu (Magazine Lu\u00edza) lamentou o ocorrido e informou que n\u00e3o houve feridos. A empresa destaca que est\u00e1 colaborando com as autoridades na resolu\u00e7\u00e3o do caso.<\/p>\n<p><strong>Leia mais<\/strong><\/p>\n<p><a href=\"https:\/\/redenoticiaz.com.br\/blog\/2023\/02\/10\/video-trisal-investigado-por-sexo-em-praia-ato-e-crime\">V\u00cdDEO \u2013 Trisal investigado por sexo em praia: Ato \u00e9 crime?<\/a><\/p>\n<p>&nbsp;<\/p>\n","protected":false},"excerpt":{"rendered":"<p>Um homem quebrou diversos equipamentos de uma loja por n\u00e3o conseguir trocar um produto que adquiriu no local. O caso aconteceu em uma filial da Magazine Luiza em Ponte Nova (MG) e tudo come\u00e7ou ap\u00f3s o cliente ser informado de que o prazo de troca havia expirado. Ele come\u00e7ou a quebrar diversos equipamentos como notebooks, &hellip;<\/p>\n","protected":false},"author":12,"featured_media":101624,"comment_status":"open","ping_status":"closed","sticky":false,"template":"","format":"standard","meta":{"footnotes":""},"categories":[10],"tags":[1544,16199,63669,6188,17122],"class_list":["post-101622","post","type-post","status-publish","format-standard","has-post-thumbnail","hentry","category-policia","tag-agressao","tag-ataque","tag-homem-44-anos","tag-magazine-luiza","tag-surto"],"yoast_head":"<!-- This site is optimized with the Yoast SEO plugin v27.5 - https:\/\/yoast.com\/product\/yoast-seo-wordpress\/ -->\n<title>V\u00cdDEO \u2013 Homem quebra loja por n\u00e3o conseguir trocar produto - Litoral SP<\/title>\n<meta name=\"description\" content=\"Um homem quebrou diversos equipamentos de uma loja por n\u00e3o conseguir trocar um produto que adquiriu no local.\" \/>\n<meta name=\"robots\" content=\"index, follow, max-snippet:-1, max-image-preview:large, max-video-preview:-1\" \/>\n<link rel=\"canonical\" href=\"https:\/\/redenoticiaz.com.br\/litoralsp\/2023\/02\/28\/video-homem-quebra-loja-por-nao-conseguir-trocar-produto\" \/>\n<meta property=\"og:locale\" content=\"pt_BR\" \/>\n<meta property=\"og:type\" content=\"article\" \/>\n<meta property=\"og:title\" content=\"V\u00cdDEO \u2013 Homem quebra loja por n\u00e3o conseguir trocar produto - Litoral SP\" \/>\n<meta property=\"og:description\" content=\"Um homem quebrou diversos equipamentos de uma loja por n\u00e3o conseguir trocar um produto que adquiriu no local.\" \/>\n<meta property=\"og:url\" content=\"https:\/\/redenoticiaz.com.br\/litoralsp\/2023\/02\/28\/video-homem-quebra-loja-por-nao-conseguir-trocar-produto\" \/>\n<meta property=\"og:site_name\" content=\"Litoral SP\" \/>\n<meta property=\"article:published_time\" content=\"2023-02-28T15:46:45+00:00\" \/>\n<meta property=\"article:modified_time\" content=\"2023-02-28T15:52:54+00:00\" \/>\n<meta property=\"og:image\" content=\"https:\/\/redenoticiaz.com.br\/litoralsp\/wp-content\/uploads\/sites\/3\/2023\/02\/Homem-quebra-Magazine-Luiza.jpg?v=1677598859\" \/>\n\t<meta property=\"og:image:width\" content=\"1280\" \/>\n\t<meta property=\"og:image:height\" content=\"720\" \/>\n\t<meta property=\"og:image:type\" content=\"image\/jpeg\" \/>\n<meta name=\"author\" content=\"Gustavo Silva\" \/>\n<meta name=\"twitter:card\" content=\"summary_large_image\" \/>\n<meta name=\"twitter:label1\" content=\"Escrito por\" \/>\n\t<meta name=\"twitter:data1\" content=\"Gustavo Silva\" \/>\n\t<meta name=\"twitter:label2\" content=\"Est. tempo de leitura\" \/>\n\t<meta name=\"twitter:data2\" content=\"2 minutos\" \/>\n<script type=\"application\/ld+json\" class=\"yoast-schema-graph\">{\"@context\":\"https:\\\/\\\/schema.org\",\"@graph\":[{\"@type\":\"Article\",\"@id\":\"https:\\\/\\\/redenoticiaz.com.br\\\/litoralsp\\\/2023\\\/02\\\/28\\\/video-homem-quebra-loja-por-nao-conseguir-trocar-produto#article\",\"isPartOf\":{\"@id\":\"https:\\\/\\\/redenoticiaz.com.br\\\/litoralsp\\\/2023\\\/02\\\/28\\\/video-homem-quebra-loja-por-nao-conseguir-trocar-produto\"},\"author\":{\"name\":\"Gustavo Silva\",\"@id\":\"https:\\\/\\\/redenoticiaz.com.br\\\/litoralsp\\\/#\\\/schema\\\/person\\\/16057b37a3c0ee6b096d7f887c566e2e\"},\"headline\":\"V\u00cdDEO \u2013 Homem quebra loja por n\u00e3o conseguir trocar produto\",\"datePublished\":\"2023-02-28T15:46:45+00:00\",\"dateModified\":\"2023-02-28T15:52:54+00:00\",\"mainEntityOfPage\":{\"@id\":\"https:\\\/\\\/redenoticiaz.com.br\\\/litoralsp\\\/2023\\\/02\\\/28\\\/video-homem-quebra-loja-por-nao-conseguir-trocar-produto\"},\"wordCount\":208,\"commentCount\":0,\"publisher\":{\"@id\":\"https:\\\/\\\/redenoticiaz.com.br\\\/litoralsp\\\/#organization\"},\"image\":{\"@id\":\"https:\\\/\\\/redenoticiaz.com.br\\\/litoralsp\\\/2023\\\/02\\\/28\\\/video-homem-quebra-loja-por-nao-conseguir-trocar-produto#primaryimage\"},\"thumbnailUrl\":\"https:\\\/\\\/redenoticiaz.com.br\\\/litoralsp\\\/wp-content\\\/uploads\\\/sites\\\/3\\\/2023\\\/02\\\/Homem-quebra-Magazine-Luiza.jpg?v=1677598859\",\"keywords\":[\"AGRESS\u00c3O\",\"ATAQUE\",\"homem 44 anos\",\"MAGAZINE LUIZA\",\"SURTO\"],\"articleSection\":[\"Pol\u00edcia\"],\"inLanguage\":\"pt-BR\",\"potentialAction\":[{\"@type\":\"CommentAction\",\"name\":\"Comment\",\"target\":[\"https:\\\/\\\/redenoticiaz.com.br\\\/litoralsp\\\/2023\\\/02\\\/28\\\/video-homem-quebra-loja-por-nao-conseguir-trocar-produto#respond\"]}]},{\"@type\":\"WebPage\",\"@id\":\"https:\\\/\\\/redenoticiaz.com.br\\\/litoralsp\\\/2023\\\/02\\\/28\\\/video-homem-quebra-loja-por-nao-conseguir-trocar-produto\",\"url\":\"https:\\\/\\\/redenoticiaz.com.br\\\/litoralsp\\\/2023\\\/02\\\/28\\\/video-homem-quebra-loja-por-nao-conseguir-trocar-produto\",\"name\":\"V\u00cdDEO \u2013 Homem quebra loja por n\u00e3o conseguir trocar produto - Litoral SP\",\"isPartOf\":{\"@id\":\"https:\\\/\\\/redenoticiaz.com.br\\\/litoralsp\\\/#website\"},\"primaryImageOfPage\":{\"@id\":\"https:\\\/\\\/redenoticiaz.com.br\\\/litoralsp\\\/2023\\\/02\\\/28\\\/video-homem-quebra-loja-por-nao-conseguir-trocar-produto#primaryimage\"},\"image\":{\"@id\":\"https:\\\/\\\/redenoticiaz.com.br\\\/litoralsp\\\/2023\\\/02\\\/28\\\/video-homem-quebra-loja-por-nao-conseguir-trocar-produto#primaryimage\"},\"thumbnailUrl\":\"https:\\\/\\\/redenoticiaz.com.br\\\/litoralsp\\\/wp-content\\\/uploads\\\/sites\\\/3\\\/2023\\\/02\\\/Homem-quebra-Magazine-Luiza.jpg?v=1677598859\",\"datePublished\":\"2023-02-28T15:46:45+00:00\",\"dateModified\":\"2023-02-28T15:52:54+00:00\",\"description\":\"Um homem quebrou diversos equipamentos de uma loja por n\u00e3o conseguir trocar um produto que adquiriu no local.\",\"inLanguage\":\"pt-BR\",\"potentialAction\":[{\"@type\":\"ReadAction\",\"target\":[\"https:\\\/\\\/redenoticiaz.com.br\\\/litoralsp\\\/2023\\\/02\\\/28\\\/video-homem-quebra-loja-por-nao-conseguir-trocar-produto\"]}]},{\"@type\":\"ImageObject\",\"inLanguage\":\"pt-BR\",\"@id\":\"https:\\\/\\\/redenoticiaz.com.br\\\/litoralsp\\\/2023\\\/02\\\/28\\\/video-homem-quebra-loja-por-nao-conseguir-trocar-produto#primaryimage\",\"url\":\"https:\\\/\\\/redenoticiaz.com.br\\\/litoralsp\\\/wp-content\\\/uploads\\\/sites\\\/3\\\/2023\\\/02\\\/Homem-quebra-Magazine-Luiza.jpg?v=1677598859\",\"contentUrl\":\"https:\\\/\\\/redenoticiaz.com.br\\\/litoralsp\\\/wp-content\\\/uploads\\\/sites\\\/3\\\/2023\\\/02\\\/Homem-quebra-Magazine-Luiza.jpg?v=1677598859\",\"width\":1280,\"height\":720,\"caption\":\"V\u00cdDEO - Homem quebra loja por n\u00e3o conseguir trocar produto\"},{\"@type\":\"WebSite\",\"@id\":\"https:\\\/\\\/redenoticiaz.com.br\\\/litoralsp\\\/#website\",\"url\":\"https:\\\/\\\/redenoticiaz.com.br\\\/litoralsp\\\/\",\"name\":\"Litoral SP\",\"description\":\"Rede NoticiaZ\",\"publisher\":{\"@id\":\"https:\\\/\\\/redenoticiaz.com.br\\\/litoralsp\\\/#organization\"},\"potentialAction\":[{\"@type\":\"SearchAction\",\"target\":{\"@type\":\"EntryPoint\",\"urlTemplate\":\"https:\\\/\\\/redenoticiaz.com.br\\\/litoralsp\\\/?s={search_term_string}\"},\"query-input\":{\"@type\":\"PropertyValueSpecification\",\"valueRequired\":true,\"valueName\":\"search_term_string\"}}],\"inLanguage\":\"pt-BR\"},{\"@type\":\"Organization\",\"@id\":\"https:\\\/\\\/redenoticiaz.com.br\\\/litoralsp\\\/#organization\",\"name\":\"Litoral SP\",\"url\":\"https:\\\/\\\/redenoticiaz.com.br\\\/litoralsp\\\/\",\"logo\":{\"@type\":\"ImageObject\",\"inLanguage\":\"pt-BR\",\"@id\":\"https:\\\/\\\/redenoticiaz.com.br\\\/litoralsp\\\/#\\\/schema\\\/logo\\\/image\\\/\",\"url\":\"https:\\\/\\\/redenoticiaz.com.br\\\/litoralsp\\\/wp-content\\\/uploads\\\/sites\\\/3\\\/2020\\\/11\\\/logo.jpg\",\"contentUrl\":\"https:\\\/\\\/redenoticiaz.com.br\\\/litoralsp\\\/wp-content\\\/uploads\\\/sites\\\/3\\\/2020\\\/11\\\/logo.jpg\",\"width\":400,\"height\":250,\"caption\":\"Litoral SP\"},\"image\":{\"@id\":\"https:\\\/\\\/redenoticiaz.com.br\\\/litoralsp\\\/#\\\/schema\\\/logo\\\/image\\\/\"}},{\"@type\":\"Person\",\"@id\":\"https:\\\/\\\/redenoticiaz.com.br\\\/litoralsp\\\/#\\\/schema\\\/person\\\/16057b37a3c0ee6b096d7f887c566e2e\",\"name\":\"Gustavo Silva\",\"image\":{\"@type\":\"ImageObject\",\"inLanguage\":\"pt-BR\",\"@id\":\"https:\\\/\\\/secure.gravatar.com\\\/avatar\\\/3ee4e82f93b26de0a7cf4ea5eb7893da637ed6bb0c9170c58065944c56e28a33?s=96&d=mm&r=g\",\"url\":\"https:\\\/\\\/secure.gravatar.com\\\/avatar\\\/3ee4e82f93b26de0a7cf4ea5eb7893da637ed6bb0c9170c58065944c56e28a33?s=96&d=mm&r=g\",\"contentUrl\":\"https:\\\/\\\/secure.gravatar.com\\\/avatar\\\/3ee4e82f93b26de0a7cf4ea5eb7893da637ed6bb0c9170c58065944c56e28a33?s=96&d=mm&r=g\",\"caption\":\"Gustavo Silva\"},\"url\":\"https:\\\/\\\/redenoticiaz.com.br\\\/litoralsp\\\/author\\\/gustavosilva\"}]}<\/script>\n<!-- \/ Yoast SEO plugin. -->","yoast_head_json":{"title":"V\u00cdDEO \u2013 Homem quebra loja por n\u00e3o conseguir trocar produto - Litoral SP","description":"Um homem quebrou diversos equipamentos de uma loja por n\u00e3o conseguir trocar um produto que adquiriu no local.","robots":{"index":"index","follow":"follow","max-snippet":"max-snippet:-1","max-image-preview":"max-image-preview:large","max-video-preview":"max-video-preview:-1"},"canonical":"https:\/\/redenoticiaz.com.br\/litoralsp\/2023\/02\/28\/video-homem-quebra-loja-por-nao-conseguir-trocar-produto","og_locale":"pt_BR","og_type":"article","og_title":"V\u00cdDEO \u2013 Homem quebra loja por n\u00e3o conseguir trocar produto - Litoral SP","og_description":"Um homem quebrou diversos equipamentos de uma loja por n\u00e3o conseguir trocar um produto que adquiriu no local.","og_url":"https:\/\/redenoticiaz.com.br\/litoralsp\/2023\/02\/28\/video-homem-quebra-loja-por-nao-conseguir-trocar-produto","og_site_name":"Litoral SP","article_published_time":"2023-02-28T15:46:45+00:00","article_modified_time":"2023-02-28T15:52:54+00:00","og_image":[{"width":1280,"height":720,"url":"https:\/\/redenoticiaz.com.br\/litoralsp\/wp-content\/uploads\/sites\/3\/2023\/02\/Homem-quebra-Magazine-Luiza.jpg?v=1677598859","type":"image\/jpeg"}],"author":"Gustavo Silva","twitter_card":"summary_large_image","twitter_misc":{"Escrito por":"Gustavo Silva","Est. tempo de leitura":"2 minutos"},"schema":{"@context":"https:\/\/schema.org","@graph":[{"@type":"Article","@id":"https:\/\/redenoticiaz.com.br\/litoralsp\/2023\/02\/28\/video-homem-quebra-loja-por-nao-conseguir-trocar-produto#article","isPartOf":{"@id":"https:\/\/redenoticiaz.com.br\/litoralsp\/2023\/02\/28\/video-homem-quebra-loja-por-nao-conseguir-trocar-produto"},"author":{"name":"Gustavo Silva","@id":"https:\/\/redenoticiaz.com.br\/litoralsp\/#\/schema\/person\/16057b37a3c0ee6b096d7f887c566e2e"},"headline":"V\u00cdDEO \u2013 Homem quebra loja por n\u00e3o conseguir trocar produto","datePublished":"2023-02-28T15:46:45+00:00","dateModified":"2023-02-28T15:52:54+00:00","mainEntityOfPage":{"@id":"https:\/\/redenoticiaz.com.br\/litoralsp\/2023\/02\/28\/video-homem-quebra-loja-por-nao-conseguir-trocar-produto"},"wordCount":208,"commentCount":0,"publisher":{"@id":"https:\/\/redenoticiaz.com.br\/litoralsp\/#organization"},"image":{"@id":"https:\/\/redenoticiaz.com.br\/litoralsp\/2023\/02\/28\/video-homem-quebra-loja-por-nao-conseguir-trocar-produto#primaryimage"},"thumbnailUrl":"https:\/\/redenoticiaz.com.br\/litoralsp\/wp-content\/uploads\/sites\/3\/2023\/02\/Homem-quebra-Magazine-Luiza.jpg?v=1677598859","keywords":["AGRESS\u00c3O","ATAQUE","homem 44 anos","MAGAZINE LUIZA","SURTO"],"articleSection":["Pol\u00edcia"],"inLanguage":"pt-BR","potentialAction":[{"@type":"CommentAction","name":"Comment","target":["https:\/\/redenoticiaz.com.br\/litoralsp\/2023\/02\/28\/video-homem-quebra-loja-por-nao-conseguir-trocar-produto#respond"]}]},{"@type":"WebPage","@id":"https:\/\/redenoticiaz.com.br\/litoralsp\/2023\/02\/28\/video-homem-quebra-loja-por-nao-conseguir-trocar-produto","url":"https:\/\/redenoticiaz.com.br\/litoralsp\/2023\/02\/28\/video-homem-quebra-loja-por-nao-conseguir-trocar-produto","name":"V\u00cdDEO \u2013 Homem quebra loja por n\u00e3o conseguir trocar produto - Litoral SP","isPartOf":{"@id":"https:\/\/redenoticiaz.com.br\/litoralsp\/#website"},"primaryImageOfPage":{"@id":"https:\/\/redenoticiaz.com.br\/litoralsp\/2023\/02\/28\/video-homem-quebra-loja-por-nao-conseguir-trocar-produto#primaryimage"},"image":{"@id":"https:\/\/redenoticiaz.com.br\/litoralsp\/2023\/02\/28\/video-homem-quebra-loja-por-nao-conseguir-trocar-produto#primaryimage"},"thumbnailUrl":"https:\/\/redenoticiaz.com.br\/litoralsp\/wp-content\/uploads\/sites\/3\/2023\/02\/Homem-quebra-Magazine-Luiza.jpg?v=1677598859","datePublished":"2023-02-28T15:46:45+00:00","dateModified":"2023-02-28T15:52:54+00:00","description":"Um homem quebrou diversos equipamentos de uma loja por n\u00e3o conseguir trocar um produto que adquiriu no local.","inLanguage":"pt-BR","potentialAction":[{"@type":"ReadAction","target":["https:\/\/redenoticiaz.com.br\/litoralsp\/2023\/02\/28\/video-homem-quebra-loja-por-nao-conseguir-trocar-produto"]}]},{"@type":"ImageObject","inLanguage":"pt-BR","@id":"https:\/\/redenoticiaz.com.br\/litoralsp\/2023\/02\/28\/video-homem-quebra-loja-por-nao-conseguir-trocar-produto#primaryimage","url":"https:\/\/redenoticiaz.com.br\/litoralsp\/wp-content\/uploads\/sites\/3\/2023\/02\/Homem-quebra-Magazine-Luiza.jpg?v=1677598859","contentUrl":"https:\/\/redenoticiaz.com.br\/litoralsp\/wp-content\/uploads\/sites\/3\/2023\/02\/Homem-quebra-Magazine-Luiza.jpg?v=1677598859","width":1280,"height":720,"caption":"V\u00cdDEO - Homem quebra loja por n\u00e3o conseguir trocar produto"},{"@type":"WebSite","@id":"https:\/\/redenoticiaz.com.br\/litoralsp\/#website","url":"https:\/\/redenoticiaz.com.br\/litoralsp\/","name":"Litoral SP","description":"Rede NoticiaZ","publisher":{"@id":"https:\/\/redenoticiaz.com.br\/litoralsp\/#organization"},"potentialAction":[{"@type":"SearchAction","target":{"@type":"EntryPoint","urlTemplate":"https:\/\/redenoticiaz.com.br\/litoralsp\/?s={search_term_string}"},"query-input":{"@type":"PropertyValueSpecification","valueRequired":true,"valueName":"search_term_string"}}],"inLanguage":"pt-BR"},{"@type":"Organization","@id":"https:\/\/redenoticiaz.com.br\/litoralsp\/#organization","name":"Litoral SP","url":"https:\/\/redenoticiaz.com.br\/litoralsp\/","logo":{"@type":"ImageObject","inLanguage":"pt-BR","@id":"https:\/\/redenoticiaz.com.br\/litoralsp\/#\/schema\/logo\/image\/","url":"https:\/\/redenoticiaz.com.br\/litoralsp\/wp-content\/uploads\/sites\/3\/2020\/11\/logo.jpg","contentUrl":"https:\/\/redenoticiaz.com.br\/litoralsp\/wp-content\/uploads\/sites\/3\/2020\/11\/logo.jpg","width":400,"height":250,"caption":"Litoral SP"},"image":{"@id":"https:\/\/redenoticiaz.com.br\/litoralsp\/#\/schema\/logo\/image\/"}},{"@type":"Person","@id":"https:\/\/redenoticiaz.com.br\/litoralsp\/#\/schema\/person\/16057b37a3c0ee6b096d7f887c566e2e","name":"Gustavo Silva","image":{"@type":"ImageObject","inLanguage":"pt-BR","@id":"https:\/\/secure.gravatar.com\/avatar\/3ee4e82f93b26de0a7cf4ea5eb7893da637ed6bb0c9170c58065944c56e28a33?s=96&d=mm&r=g","url":"https:\/\/secure.gravatar.com\/avatar\/3ee4e82f93b26de0a7cf4ea5eb7893da637ed6bb0c9170c58065944c56e28a33?s=96&d=mm&r=g","contentUrl":"https:\/\/secure.gravatar.com\/avatar\/3ee4e82f93b26de0a7cf4ea5eb7893da637ed6bb0c9170c58065944c56e28a33?s=96&d=mm&r=g","caption":"Gustavo Silva"},"url":"https:\/\/redenoticiaz.com.br\/litoralsp\/author\/gustavosilva"}]}},"_links":{"self":[{"href":"https:\/\/redenoticiaz.com.br\/litoralsp\/wp-json\/wp\/v2\/posts\/101622","targetHints":{"allow":["GET"]}}],"collection":[{"href":"https:\/\/redenoticiaz.com.br\/litoralsp\/wp-json\/wp\/v2\/posts"}],"about":[{"href":"https:\/\/redenoticiaz.com.br\/litoralsp\/wp-json\/wp\/v2\/types\/post"}],"author":[{"embeddable":true,"href":"https:\/\/redenoticiaz.com.br\/litoralsp\/wp-json\/wp\/v2\/users\/12"}],"replies":[{"embeddable":true,"href":"https:\/\/redenoticiaz.com.br\/litoralsp\/wp-json\/wp\/v2\/comments?post=101622"}],"version-history":[{"count":1,"href":"https:\/\/redenoticiaz.com.br\/litoralsp\/wp-json\/wp\/v2\/posts\/101622\/revisions"}],"predecessor-version":[{"id":101625,"href":"https:\/\/redenoticiaz.com.br\/litoralsp\/wp-json\/wp\/v2\/posts\/101622\/revisions\/101625"}],"wp:featuredmedia":[{"embeddable":true,"href":"https:\/\/redenoticiaz.com.br\/litoralsp\/wp-json\/wp\/v2\/media\/101624"}],"wp:attachment":[{"href":"https:\/\/redenoticiaz.com.br\/litoralsp\/wp-json\/wp\/v2\/media?parent=101622"}],"wp:term":[{"taxonomy":"category","embeddable":true,"href":"https:\/\/redenoticiaz.com.br\/litoralsp\/wp-json\/wp\/v2\/categories?post=101622"},{"taxonomy":"post_tag","embeddable":true,"href":"https:\/\/redenoticiaz.com.br\/litoralsp\/wp-json\/wp\/v2\/tags?post=101622"}],"curies":[{"name":"wp","href":"https:\/\/api.w.org\/{rel}","templated":true}]}}