{"id":101654,"date":"2023-02-28T20:36:22","date_gmt":"2023-02-28T23:36:22","guid":{"rendered":"https:\/\/redenoticiaz.com.br\/litoralsp\/?p=101654"},"modified":"2023-02-28T20:36:22","modified_gmt":"2023-02-28T23:36:22","slug":"trio-que-praticava-estelionato-em-feiras-livres-em-santos-e-indiciado","status":"publish","type":"post","link":"https:\/\/redenoticiaz.com.br\/litoralsp\/2023\/02\/28\/trio-que-praticava-estelionato-em-feiras-livres-em-santos-e-indiciado","title":{"rendered":"Trio que praticava estelionato em feiras livres em Santos \u00e9 indiciado"},"content":{"rendered":"<p>Um trio que praticava estelionato em feiras livres em na cidade de Santos foi indiciado por policiais do 3\u00ba Distrito Policial de Santos.<\/p>\n<p>De acordo com as informa\u00e7\u00f5es, as autoridades estavam apurando diversos crimes de estelionato praticados em feiras livres, conseguindo identificar os respons\u00e1veis pelos crimes.<\/p>\n<p>Ainda de acordo com as informa\u00e7\u00f5es, eles montavam barracas e passavam valores superiores nos cart\u00f5es dos clientes.<\/p>\n<p>Em cada registro de ocorr\u00eancia, o valor adquirido de maneira fraudulenta girava em torno de R$ 5.000,00 e as v\u00edtimas eram, em sua maioria, pessoas idosas.<\/p>\n<p>Sendo assim, os fiscais das feiras foram alertados e as equipes identificaram a localiza\u00e7\u00e3o do trio que agia no bairro\u00a0Jabaquara, em Santos.<\/p>\n<p>Por fim, ap\u00f3s serem abordados, foi constatado que todos possu\u00edam passagem pela pol\u00edcia, incluindo na regi\u00e3o do ABC.<\/p>\n<p>Eles foram conduzidos \u00e0 Delegacia de Pol\u00edcia e indiciados pela pr\u00e1tica dos crimes de estelionato.<\/p>\n<p><strong>Leia mais<\/strong><\/p>\n<p><a href=\"https:\/\/redenoticiaz.com.br\/litoralsp\/2023\/02\/28\/primeiro-retrofit-com-36-moradias-e-construido-no-centro-de-santos\">Primeiro retrofit com 36 moradias \u00e9 constru\u00eddo no Centro de Santos<\/a><\/p>\n","protected":false},"excerpt":{"rendered":"<p>Um trio que praticava estelionato em feiras livres em na cidade de Santos foi indiciado por policiais do 3\u00ba Distrito Policial de Santos. De acordo com as informa\u00e7\u00f5es, as autoridades estavam apurando diversos crimes de estelionato praticados em feiras livres, conseguindo identificar os respons\u00e1veis pelos crimes. Ainda de acordo com as informa\u00e7\u00f5es, eles montavam barracas &hellip;<\/p>\n","protected":false},"author":12,"featured_media":101655,"comment_status":"open","ping_status":"closed","sticky":false,"template":"","format":"standard","meta":{"footnotes":""},"categories":[180],"tags":[10816,30249,23143,986],"class_list":["post-101654","post","type-post","status-publish","format-standard","has-post-thumbnail","hentry","category-santos","tag-delegacia","tag-estelionato","tag-policia-2","tag-santos"],"yoast_head":"<!-- This site is optimized with the Yoast SEO plugin v27.4 - https:\/\/yoast.com\/product\/yoast-seo-wordpress\/ -->\n<title>Trio que praticava estelionato em feiras livres em Santos \u00e9 indiciado - Litoral SP<\/title>\n<meta name=\"description\" content=\"Um trio que praticava estelionato em feiras livres em na cidade de Santos foi indiciado por policiais do 3\u00ba Distrito Policial de Santos.\" \/>\n<meta name=\"robots\" content=\"index, follow, max-snippet:-1, max-image-preview:large, max-video-preview:-1\" \/>\n<link rel=\"canonical\" href=\"https:\/\/redenoticiaz.com.br\/litoralsp\/2023\/02\/28\/trio-que-praticava-estelionato-em-feiras-livres-em-santos-e-indiciado\" \/>\n<meta property=\"og:locale\" content=\"pt_BR\" \/>\n<meta property=\"og:type\" content=\"article\" \/>\n<meta property=\"og:title\" content=\"Trio que praticava estelionato em feiras livres em Santos \u00e9 indiciado - Litoral SP\" \/>\n<meta property=\"og:description\" content=\"Um trio que praticava estelionato em feiras livres em na cidade de Santos foi indiciado por policiais do 3\u00ba Distrito Policial de Santos.\" \/>\n<meta property=\"og:url\" content=\"https:\/\/redenoticiaz.com.br\/litoralsp\/2023\/02\/28\/trio-que-praticava-estelionato-em-feiras-livres-em-santos-e-indiciado\" \/>\n<meta property=\"og:site_name\" content=\"Litoral SP\" \/>\n<meta property=\"article:published_time\" content=\"2023-02-28T23:36:22+00:00\" \/>\n<meta property=\"og:image\" content=\"https:\/\/redenoticiaz.com.br\/litoralsp\/wp-content\/uploads\/sites\/3\/2023\/02\/WhatsApp-Image-2023-02-28-at-19.05.00.jpeg\" \/>\n\t<meta property=\"og:image:width\" content=\"680\" \/>\n\t<meta property=\"og:image:height\" content=\"331\" \/>\n\t<meta property=\"og:image:type\" content=\"image\/jpeg\" \/>\n<meta name=\"author\" content=\"Gustavo Silva\" \/>\n<meta name=\"twitter:card\" content=\"summary_large_image\" \/>\n<meta name=\"twitter:label1\" content=\"Escrito por\" \/>\n\t<meta name=\"twitter:data1\" content=\"Gustavo Silva\" \/>\n\t<meta name=\"twitter:label2\" content=\"Est. tempo de leitura\" \/>\n\t<meta name=\"twitter:data2\" content=\"1 minuto\" \/>\n<script type=\"application\/ld+json\" class=\"yoast-schema-graph\">{\"@context\":\"https:\\\/\\\/schema.org\",\"@graph\":[{\"@type\":\"Article\",\"@id\":\"https:\\\/\\\/redenoticiaz.com.br\\\/litoralsp\\\/2023\\\/02\\\/28\\\/trio-que-praticava-estelionato-em-feiras-livres-em-santos-e-indiciado#article\",\"isPartOf\":{\"@id\":\"https:\\\/\\\/redenoticiaz.com.br\\\/litoralsp\\\/2023\\\/02\\\/28\\\/trio-que-praticava-estelionato-em-feiras-livres-em-santos-e-indiciado\"},\"author\":{\"name\":\"Gustavo Silva\",\"@id\":\"https:\\\/\\\/redenoticiaz.com.br\\\/litoralsp\\\/#\\\/schema\\\/person\\\/16057b37a3c0ee6b096d7f887c566e2e\"},\"headline\":\"Trio que praticava estelionato em feiras livres em Santos \u00e9 indiciado\",\"datePublished\":\"2023-02-28T23:36:22+00:00\",\"mainEntityOfPage\":{\"@id\":\"https:\\\/\\\/redenoticiaz.com.br\\\/litoralsp\\\/2023\\\/02\\\/28\\\/trio-que-praticava-estelionato-em-feiras-livres-em-santos-e-indiciado\"},\"wordCount\":177,\"commentCount\":0,\"publisher\":{\"@id\":\"https:\\\/\\\/redenoticiaz.com.br\\\/litoralsp\\\/#organization\"},\"image\":{\"@id\":\"https:\\\/\\\/redenoticiaz.com.br\\\/litoralsp\\\/2023\\\/02\\\/28\\\/trio-que-praticava-estelionato-em-feiras-livres-em-santos-e-indiciado#primaryimage\"},\"thumbnailUrl\":\"https:\\\/\\\/redenoticiaz.com.br\\\/litoralsp\\\/wp-content\\\/uploads\\\/sites\\\/3\\\/2023\\\/02\\\/WhatsApp-Image-2023-02-28-at-19.05.00.jpeg\",\"keywords\":[\"DELEGACIA\",\"ESTELIONATO\",\"POL\u00cdCIA\",\"Santos\"],\"articleSection\":[\"Santos\"],\"inLanguage\":\"pt-BR\",\"potentialAction\":[{\"@type\":\"CommentAction\",\"name\":\"Comment\",\"target\":[\"https:\\\/\\\/redenoticiaz.com.br\\\/litoralsp\\\/2023\\\/02\\\/28\\\/trio-que-praticava-estelionato-em-feiras-livres-em-santos-e-indiciado#respond\"]}]},{\"@type\":\"WebPage\",\"@id\":\"https:\\\/\\\/redenoticiaz.com.br\\\/litoralsp\\\/2023\\\/02\\\/28\\\/trio-que-praticava-estelionato-em-feiras-livres-em-santos-e-indiciado\",\"url\":\"https:\\\/\\\/redenoticiaz.com.br\\\/litoralsp\\\/2023\\\/02\\\/28\\\/trio-que-praticava-estelionato-em-feiras-livres-em-santos-e-indiciado\",\"name\":\"Trio que praticava estelionato em feiras livres em Santos \u00e9 indiciado - Litoral SP\",\"isPartOf\":{\"@id\":\"https:\\\/\\\/redenoticiaz.com.br\\\/litoralsp\\\/#website\"},\"primaryImageOfPage\":{\"@id\":\"https:\\\/\\\/redenoticiaz.com.br\\\/litoralsp\\\/2023\\\/02\\\/28\\\/trio-que-praticava-estelionato-em-feiras-livres-em-santos-e-indiciado#primaryimage\"},\"image\":{\"@id\":\"https:\\\/\\\/redenoticiaz.com.br\\\/litoralsp\\\/2023\\\/02\\\/28\\\/trio-que-praticava-estelionato-em-feiras-livres-em-santos-e-indiciado#primaryimage\"},\"thumbnailUrl\":\"https:\\\/\\\/redenoticiaz.com.br\\\/litoralsp\\\/wp-content\\\/uploads\\\/sites\\\/3\\\/2023\\\/02\\\/WhatsApp-Image-2023-02-28-at-19.05.00.jpeg\",\"datePublished\":\"2023-02-28T23:36:22+00:00\",\"description\":\"Um trio que praticava estelionato em feiras livres em na cidade de Santos foi indiciado por policiais do 3\u00ba Distrito Policial de Santos.\",\"inLanguage\":\"pt-BR\",\"potentialAction\":[{\"@type\":\"ReadAction\",\"target\":[\"https:\\\/\\\/redenoticiaz.com.br\\\/litoralsp\\\/2023\\\/02\\\/28\\\/trio-que-praticava-estelionato-em-feiras-livres-em-santos-e-indiciado\"]}]},{\"@type\":\"ImageObject\",\"inLanguage\":\"pt-BR\",\"@id\":\"https:\\\/\\\/redenoticiaz.com.br\\\/litoralsp\\\/2023\\\/02\\\/28\\\/trio-que-praticava-estelionato-em-feiras-livres-em-santos-e-indiciado#primaryimage\",\"url\":\"https:\\\/\\\/redenoticiaz.com.br\\\/litoralsp\\\/wp-content\\\/uploads\\\/sites\\\/3\\\/2023\\\/02\\\/WhatsApp-Image-2023-02-28-at-19.05.00.jpeg\",\"contentUrl\":\"https:\\\/\\\/redenoticiaz.com.br\\\/litoralsp\\\/wp-content\\\/uploads\\\/sites\\\/3\\\/2023\\\/02\\\/WhatsApp-Image-2023-02-28-at-19.05.00.jpeg\",\"width\":680,\"height\":331,\"caption\":\"Trio que praticava estelionato em feiras livres em Santos \u00e9 indiciado\"},{\"@type\":\"WebSite\",\"@id\":\"https:\\\/\\\/redenoticiaz.com.br\\\/litoralsp\\\/#website\",\"url\":\"https:\\\/\\\/redenoticiaz.com.br\\\/litoralsp\\\/\",\"name\":\"Litoral SP\",\"description\":\"Rede NoticiaZ\",\"publisher\":{\"@id\":\"https:\\\/\\\/redenoticiaz.com.br\\\/litoralsp\\\/#organization\"},\"potentialAction\":[{\"@type\":\"SearchAction\",\"target\":{\"@type\":\"EntryPoint\",\"urlTemplate\":\"https:\\\/\\\/redenoticiaz.com.br\\\/litoralsp\\\/?s={search_term_string}\"},\"query-input\":{\"@type\":\"PropertyValueSpecification\",\"valueRequired\":true,\"valueName\":\"search_term_string\"}}],\"inLanguage\":\"pt-BR\"},{\"@type\":\"Organization\",\"@id\":\"https:\\\/\\\/redenoticiaz.com.br\\\/litoralsp\\\/#organization\",\"name\":\"Litoral SP\",\"url\":\"https:\\\/\\\/redenoticiaz.com.br\\\/litoralsp\\\/\",\"logo\":{\"@type\":\"ImageObject\",\"inLanguage\":\"pt-BR\",\"@id\":\"https:\\\/\\\/redenoticiaz.com.br\\\/litoralsp\\\/#\\\/schema\\\/logo\\\/image\\\/\",\"url\":\"https:\\\/\\\/redenoticiaz.com.br\\\/litoralsp\\\/wp-content\\\/uploads\\\/sites\\\/3\\\/2020\\\/11\\\/logo.jpg\",\"contentUrl\":\"https:\\\/\\\/redenoticiaz.com.br\\\/litoralsp\\\/wp-content\\\/uploads\\\/sites\\\/3\\\/2020\\\/11\\\/logo.jpg\",\"width\":400,\"height\":250,\"caption\":\"Litoral SP\"},\"image\":{\"@id\":\"https:\\\/\\\/redenoticiaz.com.br\\\/litoralsp\\\/#\\\/schema\\\/logo\\\/image\\\/\"}},{\"@type\":\"Person\",\"@id\":\"https:\\\/\\\/redenoticiaz.com.br\\\/litoralsp\\\/#\\\/schema\\\/person\\\/16057b37a3c0ee6b096d7f887c566e2e\",\"name\":\"Gustavo Silva\",\"image\":{\"@type\":\"ImageObject\",\"inLanguage\":\"pt-BR\",\"@id\":\"https:\\\/\\\/secure.gravatar.com\\\/avatar\\\/3ee4e82f93b26de0a7cf4ea5eb7893da637ed6bb0c9170c58065944c56e28a33?s=96&d=mm&r=g\",\"url\":\"https:\\\/\\\/secure.gravatar.com\\\/avatar\\\/3ee4e82f93b26de0a7cf4ea5eb7893da637ed6bb0c9170c58065944c56e28a33?s=96&d=mm&r=g\",\"contentUrl\":\"https:\\\/\\\/secure.gravatar.com\\\/avatar\\\/3ee4e82f93b26de0a7cf4ea5eb7893da637ed6bb0c9170c58065944c56e28a33?s=96&d=mm&r=g\",\"caption\":\"Gustavo Silva\"},\"url\":\"https:\\\/\\\/redenoticiaz.com.br\\\/litoralsp\\\/author\\\/gustavosilva\"}]}<\/script>\n<!-- \/ Yoast SEO plugin. -->","yoast_head_json":{"title":"Trio que praticava estelionato em feiras livres em Santos \u00e9 indiciado - Litoral SP","description":"Um trio que praticava estelionato em feiras livres em na cidade de Santos foi indiciado por policiais do 3\u00ba Distrito Policial de Santos.","robots":{"index":"index","follow":"follow","max-snippet":"max-snippet:-1","max-image-preview":"max-image-preview:large","max-video-preview":"max-video-preview:-1"},"canonical":"https:\/\/redenoticiaz.com.br\/litoralsp\/2023\/02\/28\/trio-que-praticava-estelionato-em-feiras-livres-em-santos-e-indiciado","og_locale":"pt_BR","og_type":"article","og_title":"Trio que praticava estelionato em feiras livres em Santos \u00e9 indiciado - Litoral SP","og_description":"Um trio que praticava estelionato em feiras livres em na cidade de Santos foi indiciado por policiais do 3\u00ba Distrito Policial de Santos.","og_url":"https:\/\/redenoticiaz.com.br\/litoralsp\/2023\/02\/28\/trio-que-praticava-estelionato-em-feiras-livres-em-santos-e-indiciado","og_site_name":"Litoral SP","article_published_time":"2023-02-28T23:36:22+00:00","og_image":[{"width":680,"height":331,"url":"https:\/\/redenoticiaz.com.br\/litoralsp\/wp-content\/uploads\/sites\/3\/2023\/02\/WhatsApp-Image-2023-02-28-at-19.05.00.jpeg","type":"image\/jpeg"}],"author":"Gustavo Silva","twitter_card":"summary_large_image","twitter_misc":{"Escrito por":"Gustavo Silva","Est. tempo de leitura":"1 minuto"},"schema":{"@context":"https:\/\/schema.org","@graph":[{"@type":"Article","@id":"https:\/\/redenoticiaz.com.br\/litoralsp\/2023\/02\/28\/trio-que-praticava-estelionato-em-feiras-livres-em-santos-e-indiciado#article","isPartOf":{"@id":"https:\/\/redenoticiaz.com.br\/litoralsp\/2023\/02\/28\/trio-que-praticava-estelionato-em-feiras-livres-em-santos-e-indiciado"},"author":{"name":"Gustavo Silva","@id":"https:\/\/redenoticiaz.com.br\/litoralsp\/#\/schema\/person\/16057b37a3c0ee6b096d7f887c566e2e"},"headline":"Trio que praticava estelionato em feiras livres em Santos \u00e9 indiciado","datePublished":"2023-02-28T23:36:22+00:00","mainEntityOfPage":{"@id":"https:\/\/redenoticiaz.com.br\/litoralsp\/2023\/02\/28\/trio-que-praticava-estelionato-em-feiras-livres-em-santos-e-indiciado"},"wordCount":177,"commentCount":0,"publisher":{"@id":"https:\/\/redenoticiaz.com.br\/litoralsp\/#organization"},"image":{"@id":"https:\/\/redenoticiaz.com.br\/litoralsp\/2023\/02\/28\/trio-que-praticava-estelionato-em-feiras-livres-em-santos-e-indiciado#primaryimage"},"thumbnailUrl":"https:\/\/redenoticiaz.com.br\/litoralsp\/wp-content\/uploads\/sites\/3\/2023\/02\/WhatsApp-Image-2023-02-28-at-19.05.00.jpeg","keywords":["DELEGACIA","ESTELIONATO","POL\u00cdCIA","Santos"],"articleSection":["Santos"],"inLanguage":"pt-BR","potentialAction":[{"@type":"CommentAction","name":"Comment","target":["https:\/\/redenoticiaz.com.br\/litoralsp\/2023\/02\/28\/trio-que-praticava-estelionato-em-feiras-livres-em-santos-e-indiciado#respond"]}]},{"@type":"WebPage","@id":"https:\/\/redenoticiaz.com.br\/litoralsp\/2023\/02\/28\/trio-que-praticava-estelionato-em-feiras-livres-em-santos-e-indiciado","url":"https:\/\/redenoticiaz.com.br\/litoralsp\/2023\/02\/28\/trio-que-praticava-estelionato-em-feiras-livres-em-santos-e-indiciado","name":"Trio que praticava estelionato em feiras livres em Santos \u00e9 indiciado - Litoral SP","isPartOf":{"@id":"https:\/\/redenoticiaz.com.br\/litoralsp\/#website"},"primaryImageOfPage":{"@id":"https:\/\/redenoticiaz.com.br\/litoralsp\/2023\/02\/28\/trio-que-praticava-estelionato-em-feiras-livres-em-santos-e-indiciado#primaryimage"},"image":{"@id":"https:\/\/redenoticiaz.com.br\/litoralsp\/2023\/02\/28\/trio-que-praticava-estelionato-em-feiras-livres-em-santos-e-indiciado#primaryimage"},"thumbnailUrl":"https:\/\/redenoticiaz.com.br\/litoralsp\/wp-content\/uploads\/sites\/3\/2023\/02\/WhatsApp-Image-2023-02-28-at-19.05.00.jpeg","datePublished":"2023-02-28T23:36:22+00:00","description":"Um trio que praticava estelionato em feiras livres em na cidade de Santos foi indiciado por policiais do 3\u00ba Distrito Policial de Santos.","inLanguage":"pt-BR","potentialAction":[{"@type":"ReadAction","target":["https:\/\/redenoticiaz.com.br\/litoralsp\/2023\/02\/28\/trio-que-praticava-estelionato-em-feiras-livres-em-santos-e-indiciado"]}]},{"@type":"ImageObject","inLanguage":"pt-BR","@id":"https:\/\/redenoticiaz.com.br\/litoralsp\/2023\/02\/28\/trio-que-praticava-estelionato-em-feiras-livres-em-santos-e-indiciado#primaryimage","url":"https:\/\/redenoticiaz.com.br\/litoralsp\/wp-content\/uploads\/sites\/3\/2023\/02\/WhatsApp-Image-2023-02-28-at-19.05.00.jpeg","contentUrl":"https:\/\/redenoticiaz.com.br\/litoralsp\/wp-content\/uploads\/sites\/3\/2023\/02\/WhatsApp-Image-2023-02-28-at-19.05.00.jpeg","width":680,"height":331,"caption":"Trio que praticava estelionato em feiras livres em Santos \u00e9 indiciado"},{"@type":"WebSite","@id":"https:\/\/redenoticiaz.com.br\/litoralsp\/#website","url":"https:\/\/redenoticiaz.com.br\/litoralsp\/","name":"Litoral SP","description":"Rede NoticiaZ","publisher":{"@id":"https:\/\/redenoticiaz.com.br\/litoralsp\/#organization"},"potentialAction":[{"@type":"SearchAction","target":{"@type":"EntryPoint","urlTemplate":"https:\/\/redenoticiaz.com.br\/litoralsp\/?s={search_term_string}"},"query-input":{"@type":"PropertyValueSpecification","valueRequired":true,"valueName":"search_term_string"}}],"inLanguage":"pt-BR"},{"@type":"Organization","@id":"https:\/\/redenoticiaz.com.br\/litoralsp\/#organization","name":"Litoral SP","url":"https:\/\/redenoticiaz.com.br\/litoralsp\/","logo":{"@type":"ImageObject","inLanguage":"pt-BR","@id":"https:\/\/redenoticiaz.com.br\/litoralsp\/#\/schema\/logo\/image\/","url":"https:\/\/redenoticiaz.com.br\/litoralsp\/wp-content\/uploads\/sites\/3\/2020\/11\/logo.jpg","contentUrl":"https:\/\/redenoticiaz.com.br\/litoralsp\/wp-content\/uploads\/sites\/3\/2020\/11\/logo.jpg","width":400,"height":250,"caption":"Litoral SP"},"image":{"@id":"https:\/\/redenoticiaz.com.br\/litoralsp\/#\/schema\/logo\/image\/"}},{"@type":"Person","@id":"https:\/\/redenoticiaz.com.br\/litoralsp\/#\/schema\/person\/16057b37a3c0ee6b096d7f887c566e2e","name":"Gustavo Silva","image":{"@type":"ImageObject","inLanguage":"pt-BR","@id":"https:\/\/secure.gravatar.com\/avatar\/3ee4e82f93b26de0a7cf4ea5eb7893da637ed6bb0c9170c58065944c56e28a33?s=96&d=mm&r=g","url":"https:\/\/secure.gravatar.com\/avatar\/3ee4e82f93b26de0a7cf4ea5eb7893da637ed6bb0c9170c58065944c56e28a33?s=96&d=mm&r=g","contentUrl":"https:\/\/secure.gravatar.com\/avatar\/3ee4e82f93b26de0a7cf4ea5eb7893da637ed6bb0c9170c58065944c56e28a33?s=96&d=mm&r=g","caption":"Gustavo Silva"},"url":"https:\/\/redenoticiaz.com.br\/litoralsp\/author\/gustavosilva"}]}},"_links":{"self":[{"href":"https:\/\/redenoticiaz.com.br\/litoralsp\/wp-json\/wp\/v2\/posts\/101654","targetHints":{"allow":["GET"]}}],"collection":[{"href":"https:\/\/redenoticiaz.com.br\/litoralsp\/wp-json\/wp\/v2\/posts"}],"about":[{"href":"https:\/\/redenoticiaz.com.br\/litoralsp\/wp-json\/wp\/v2\/types\/post"}],"author":[{"embeddable":true,"href":"https:\/\/redenoticiaz.com.br\/litoralsp\/wp-json\/wp\/v2\/users\/12"}],"replies":[{"embeddable":true,"href":"https:\/\/redenoticiaz.com.br\/litoralsp\/wp-json\/wp\/v2\/comments?post=101654"}],"version-history":[{"count":1,"href":"https:\/\/redenoticiaz.com.br\/litoralsp\/wp-json\/wp\/v2\/posts\/101654\/revisions"}],"predecessor-version":[{"id":101656,"href":"https:\/\/redenoticiaz.com.br\/litoralsp\/wp-json\/wp\/v2\/posts\/101654\/revisions\/101656"}],"wp:featuredmedia":[{"embeddable":true,"href":"https:\/\/redenoticiaz.com.br\/litoralsp\/wp-json\/wp\/v2\/media\/101655"}],"wp:attachment":[{"href":"https:\/\/redenoticiaz.com.br\/litoralsp\/wp-json\/wp\/v2\/media?parent=101654"}],"wp:term":[{"taxonomy":"category","embeddable":true,"href":"https:\/\/redenoticiaz.com.br\/litoralsp\/wp-json\/wp\/v2\/categories?post=101654"},{"taxonomy":"post_tag","embeddable":true,"href":"https:\/\/redenoticiaz.com.br\/litoralsp\/wp-json\/wp\/v2\/tags?post=101654"}],"curies":[{"name":"wp","href":"https:\/\/api.w.org\/{rel}","templated":true}]}}