{"id":101667,"date":"2023-03-01T09:53:42","date_gmt":"2023-03-01T12:53:42","guid":{"rendered":"https:\/\/redenoticiaz.com.br\/litoralsp\/?p=101667"},"modified":"2023-03-01T09:53:42","modified_gmt":"2023-03-01T12:53:42","slug":"treze-pessoas-sao-presas-em-forca-tarefa-contra-receptacao-de-veiculos-em-santos","status":"publish","type":"post","link":"https:\/\/redenoticiaz.com.br\/litoralsp\/2023\/03\/01\/treze-pessoas-sao-presas-em-forca-tarefa-contra-receptacao-de-veiculos-em-santos","title":{"rendered":"Treze pessoas s\u00e3o presas em for\u00e7a-tarefa contra recepta\u00e7\u00e3o de ve\u00edculos em Santos"},"content":{"rendered":"<div id=\"chunk-fiamj\">\n<div class=\"mc-column content-text active-extra-styles \" data-block-type=\"unstyled\" data-block-weight=\"60\" data-block-id=\"3\">\n<p class=\"content-text__container \" data-track-category=\"Link no Texto\" data-track-links=\"\">Uma for\u00e7a-tarefa organizada pela Pol\u00edcia Civil, junto com a Secretaria de Seguran\u00e7a P\u00fablica de S\u00e3o Paulo (SSP-SP) e o Departamento Estadual de Tr\u00e2nsito (Detran-SP), resultou na <strong>pris\u00e3o de 13 pessoas e na apreens\u00e3o de 4.597 pe\u00e7as recepta\u00e7\u00e3o<\/strong>. Os trabalhos fizeram parte da &#8220;Opera\u00e7\u00e3o Box&#8221;, que tem como objetivo, combater esse tipo de crime. Os n\u00fameros divulgados na ter\u00e7a-feira (28) s\u00e3o de Santos.<\/p>\n<p class=\"content-text__container \" data-track-category=\"Link no Texto\" data-track-links=\"\">O departamento de Pol\u00edcia Judici\u00e1ria do Interior-6 (Deinter-6), informou em entrevista coletiva no Pal\u00e1cio da Pol\u00edcia de Santos, que 116 pessoas foram abordadas durante a opera\u00e7\u00e3o e 13 terminaram presas.<\/p>\n<\/div>\n<\/div>\n<div class=\"wall protected-content\">\n<div id=\"chunk-1kg5v\">\n<div class=\"mc-column content-text active-extra-styles \" data-block-type=\"unstyled\" data-block-weight=\"27\" data-block-id=\"5\">\n<p class=\"content-text__container \" data-track-category=\"Link no Texto\" data-track-links=\"\">Al\u00e9m disso, seis dos 58 estabelecimentos vistoriados foram lacrados, e seis ve\u00edculos que haviam sido dado como roubados foram encontrados. A maioria das pe\u00e7as apreendidas era automotiva.<\/p>\n<p data-track-category=\"Link no Texto\" data-track-links=\"\">No total, 58 pessoas foram presas, sendo 33 em flagrante. Para isso, 850 agentes atuaram nas opera\u00e7\u00f5es, que contaram com 350 viaturas da Pol\u00edcia Civil.<\/p>\n<div id=\"chunk-fukc5\">\n<div class=\"mc-column content-text active-extra-styles \" data-block-type=\"unstyled\" data-block-weight=\"45\" data-block-id=\"8\">\n<p class=\"content-text__container \" data-track-category=\"Link no Texto\" data-track-links=\"\">O Artigo 180 da Lei 9.426 diz que adquirir, receber, transportar, conduzir ou ocultar itens roubados \u00e9 crime de recepta\u00e7\u00e3o. Al\u00e9m de Santos, a for\u00e7a-tarefa tamb\u00e9m aconteceu na Capital paulista, em Santo Andr\u00e9, Osasco, Aruj\u00e1 da Grande, S\u00e3o Jos\u00e9 dos Campos, Campinas, Itatiba e Sorocaba.<\/p>\n<\/div>\n<\/div>\n<div id=\"chunk-atff7\">\n<div class=\"mc-column content-text active-extra-styles \" data-block-type=\"unstyled\" data-block-weight=\"25\" data-block-id=\"9\">\n<p class=\"content-text__container \" data-track-category=\"Link no Texto\" data-track-links=\"\"><strong>LEIA TAMB\u00c9M<\/strong><\/p>\n<p data-track-category=\"Link no Texto\" data-track-links=\"\"><a href=\"https:\/\/redenoticiaz.com.br\/litoralsp\/2023\/02\/28\/trio-que-praticava-estelionato-em-feiras-livres-em-santos-e-indiciado\">Trio que praticava estelionato em feiras livres em Santos \u00e9 indiciado<\/a><\/p>\n<\/div>\n<\/div>\n<\/div>\n<\/div>\n<\/div>\n","protected":false},"excerpt":{"rendered":"<p>Uma for\u00e7a-tarefa organizada pela Pol\u00edcia Civil, junto com a Secretaria de Seguran\u00e7a P\u00fablica de S\u00e3o Paulo (SSP-SP) e o Departamento Estadual de Tr\u00e2nsito (Detran-SP), resultou na pris\u00e3o de 13 pessoas e na apreens\u00e3o de 4.597 pe\u00e7as recepta\u00e7\u00e3o. Os trabalhos fizeram parte da &#8220;Opera\u00e7\u00e3o Box&#8221;, que tem como objetivo, combater esse tipo de crime. Os n\u00fameros &hellip;<\/p>\n","protected":false},"author":6,"featured_media":101668,"comment_status":"open","ping_status":"closed","sticky":false,"template":"","format":"standard","meta":{"footnotes":""},"categories":[10,180],"tags":[22020,50257,63687,4773,63688,986,3150],"class_list":["post-101667","post","type-post","status-publish","format-standard","has-post-thumbnail","hentry","category-policia","category-santos","tag-deinter-6","tag-detran","tag-oepracao-box","tag-policia-civil-2","tag-receptacao-de-veiculos","tag-santos","tag-secretaria-de-seguranca-publica"],"yoast_head":"<!-- This site is optimized with the Yoast SEO plugin v27.4 - https:\/\/yoast.com\/product\/yoast-seo-wordpress\/ -->\n<title>Treze pessoas s\u00e3o presas em for\u00e7a-tarefa contra recepta\u00e7\u00e3o de ve\u00edculos em Santos - Litoral SP<\/title>\n<meta name=\"description\" content=\"Departamento Estadual de Tr\u00e2nsito (Detran-SP), resultou na pris\u00e3o de 13 pessoas e na apreens\u00e3o de 4.597 pe\u00e7as recepta\u00e7\u00e3o. Os\" \/>\n<meta name=\"robots\" content=\"index, follow, max-snippet:-1, max-image-preview:large, max-video-preview:-1\" \/>\n<link rel=\"canonical\" href=\"https:\/\/redenoticiaz.com.br\/litoralsp\/2023\/03\/01\/treze-pessoas-sao-presas-em-forca-tarefa-contra-receptacao-de-veiculos-em-santos\" \/>\n<meta property=\"og:locale\" content=\"pt_BR\" \/>\n<meta property=\"og:type\" content=\"article\" \/>\n<meta property=\"og:title\" content=\"Treze pessoas s\u00e3o presas em for\u00e7a-tarefa contra recepta\u00e7\u00e3o de ve\u00edculos em Santos - Litoral SP\" \/>\n<meta property=\"og:description\" content=\"Departamento Estadual de Tr\u00e2nsito (Detran-SP), resultou na pris\u00e3o de 13 pessoas e na apreens\u00e3o de 4.597 pe\u00e7as recepta\u00e7\u00e3o. Os\" \/>\n<meta property=\"og:url\" content=\"https:\/\/redenoticiaz.com.br\/litoralsp\/2023\/03\/01\/treze-pessoas-sao-presas-em-forca-tarefa-contra-receptacao-de-veiculos-em-santos\" \/>\n<meta property=\"og:site_name\" content=\"Litoral SP\" \/>\n<meta property=\"article:published_time\" content=\"2023-03-01T12:53:42+00:00\" \/>\n<meta property=\"og:image\" content=\"https:\/\/redenoticiaz.com.br\/litoralsp\/wp-content\/uploads\/sites\/3\/2023\/03\/PECAS-AUTOMOVEIS.jpg\" \/>\n\t<meta property=\"og:image:width\" content=\"557\" \/>\n\t<meta property=\"og:image:height\" content=\"418\" \/>\n\t<meta property=\"og:image:type\" content=\"image\/jpeg\" \/>\n<meta name=\"author\" content=\"Leonardo Francisco\" \/>\n<meta name=\"twitter:card\" content=\"summary_large_image\" \/>\n<meta name=\"twitter:label1\" content=\"Escrito por\" \/>\n\t<meta name=\"twitter:data1\" content=\"Leonardo Francisco\" \/>\n\t<meta name=\"twitter:label2\" content=\"Est. tempo de leitura\" \/>\n\t<meta name=\"twitter:data2\" content=\"2 minutos\" \/>\n<script type=\"application\/ld+json\" class=\"yoast-schema-graph\">{\"@context\":\"https:\\\/\\\/schema.org\",\"@graph\":[{\"@type\":\"Article\",\"@id\":\"https:\\\/\\\/redenoticiaz.com.br\\\/litoralsp\\\/2023\\\/03\\\/01\\\/treze-pessoas-sao-presas-em-forca-tarefa-contra-receptacao-de-veiculos-em-santos#article\",\"isPartOf\":{\"@id\":\"https:\\\/\\\/redenoticiaz.com.br\\\/litoralsp\\\/2023\\\/03\\\/01\\\/treze-pessoas-sao-presas-em-forca-tarefa-contra-receptacao-de-veiculos-em-santos\"},\"author\":{\"name\":\"Leonardo Francisco\",\"@id\":\"https:\\\/\\\/redenoticiaz.com.br\\\/litoralsp\\\/#\\\/schema\\\/person\\\/0f0b8a5bdafefe82841e07ae8d81ecb3\"},\"headline\":\"Treze pessoas s\u00e3o presas em for\u00e7a-tarefa contra recepta\u00e7\u00e3o de ve\u00edculos em Santos\",\"datePublished\":\"2023-03-01T12:53:42+00:00\",\"mainEntityOfPage\":{\"@id\":\"https:\\\/\\\/redenoticiaz.com.br\\\/litoralsp\\\/2023\\\/03\\\/01\\\/treze-pessoas-sao-presas-em-forca-tarefa-contra-receptacao-de-veiculos-em-santos\"},\"wordCount\":234,\"commentCount\":0,\"publisher\":{\"@id\":\"https:\\\/\\\/redenoticiaz.com.br\\\/litoralsp\\\/#organization\"},\"image\":{\"@id\":\"https:\\\/\\\/redenoticiaz.com.br\\\/litoralsp\\\/2023\\\/03\\\/01\\\/treze-pessoas-sao-presas-em-forca-tarefa-contra-receptacao-de-veiculos-em-santos#primaryimage\"},\"thumbnailUrl\":\"https:\\\/\\\/redenoticiaz.com.br\\\/litoralsp\\\/wp-content\\\/uploads\\\/sites\\\/3\\\/2023\\\/03\\\/PECAS-AUTOMOVEIS.jpg\",\"keywords\":[\"DEINTER-6\",\"DETRAN\",\"OEPRA\u00c7\u00c3O BOX\",\"POL\u00cdCIA CIVIL\",\"RECEPTA\u00c7\u00c3O DE VE\u00cdCULOS\",\"Santos\",\"SECRETARIA DE SEGURAN\u00c7A P\u00daBLICA\"],\"articleSection\":[\"Pol\u00edcia\",\"Santos\"],\"inLanguage\":\"pt-BR\",\"potentialAction\":[{\"@type\":\"CommentAction\",\"name\":\"Comment\",\"target\":[\"https:\\\/\\\/redenoticiaz.com.br\\\/litoralsp\\\/2023\\\/03\\\/01\\\/treze-pessoas-sao-presas-em-forca-tarefa-contra-receptacao-de-veiculos-em-santos#respond\"]}]},{\"@type\":\"WebPage\",\"@id\":\"https:\\\/\\\/redenoticiaz.com.br\\\/litoralsp\\\/2023\\\/03\\\/01\\\/treze-pessoas-sao-presas-em-forca-tarefa-contra-receptacao-de-veiculos-em-santos\",\"url\":\"https:\\\/\\\/redenoticiaz.com.br\\\/litoralsp\\\/2023\\\/03\\\/01\\\/treze-pessoas-sao-presas-em-forca-tarefa-contra-receptacao-de-veiculos-em-santos\",\"name\":\"Treze pessoas s\u00e3o presas em for\u00e7a-tarefa contra recepta\u00e7\u00e3o de ve\u00edculos em Santos - Litoral SP\",\"isPartOf\":{\"@id\":\"https:\\\/\\\/redenoticiaz.com.br\\\/litoralsp\\\/#website\"},\"primaryImageOfPage\":{\"@id\":\"https:\\\/\\\/redenoticiaz.com.br\\\/litoralsp\\\/2023\\\/03\\\/01\\\/treze-pessoas-sao-presas-em-forca-tarefa-contra-receptacao-de-veiculos-em-santos#primaryimage\"},\"image\":{\"@id\":\"https:\\\/\\\/redenoticiaz.com.br\\\/litoralsp\\\/2023\\\/03\\\/01\\\/treze-pessoas-sao-presas-em-forca-tarefa-contra-receptacao-de-veiculos-em-santos#primaryimage\"},\"thumbnailUrl\":\"https:\\\/\\\/redenoticiaz.com.br\\\/litoralsp\\\/wp-content\\\/uploads\\\/sites\\\/3\\\/2023\\\/03\\\/PECAS-AUTOMOVEIS.jpg\",\"datePublished\":\"2023-03-01T12:53:42+00:00\",\"description\":\"Departamento Estadual de Tr\u00e2nsito (Detran-SP), resultou na pris\u00e3o de 13 pessoas e na apreens\u00e3o de 4.597 pe\u00e7as recepta\u00e7\u00e3o. Os\",\"inLanguage\":\"pt-BR\",\"potentialAction\":[{\"@type\":\"ReadAction\",\"target\":[\"https:\\\/\\\/redenoticiaz.com.br\\\/litoralsp\\\/2023\\\/03\\\/01\\\/treze-pessoas-sao-presas-em-forca-tarefa-contra-receptacao-de-veiculos-em-santos\"]}]},{\"@type\":\"ImageObject\",\"inLanguage\":\"pt-BR\",\"@id\":\"https:\\\/\\\/redenoticiaz.com.br\\\/litoralsp\\\/2023\\\/03\\\/01\\\/treze-pessoas-sao-presas-em-forca-tarefa-contra-receptacao-de-veiculos-em-santos#primaryimage\",\"url\":\"https:\\\/\\\/redenoticiaz.com.br\\\/litoralsp\\\/wp-content\\\/uploads\\\/sites\\\/3\\\/2023\\\/03\\\/PECAS-AUTOMOVEIS.jpg\",\"contentUrl\":\"https:\\\/\\\/redenoticiaz.com.br\\\/litoralsp\\\/wp-content\\\/uploads\\\/sites\\\/3\\\/2023\\\/03\\\/PECAS-AUTOMOVEIS.jpg\",\"width\":557,\"height\":418,\"caption\":\"Cr\u00e9ditos: Divulga\u00e7\u00e3o\\\/Deinter-6\"},{\"@type\":\"WebSite\",\"@id\":\"https:\\\/\\\/redenoticiaz.com.br\\\/litoralsp\\\/#website\",\"url\":\"https:\\\/\\\/redenoticiaz.com.br\\\/litoralsp\\\/\",\"name\":\"Litoral SP\",\"description\":\"Rede NoticiaZ\",\"publisher\":{\"@id\":\"https:\\\/\\\/redenoticiaz.com.br\\\/litoralsp\\\/#organization\"},\"potentialAction\":[{\"@type\":\"SearchAction\",\"target\":{\"@type\":\"EntryPoint\",\"urlTemplate\":\"https:\\\/\\\/redenoticiaz.com.br\\\/litoralsp\\\/?s={search_term_string}\"},\"query-input\":{\"@type\":\"PropertyValueSpecification\",\"valueRequired\":true,\"valueName\":\"search_term_string\"}}],\"inLanguage\":\"pt-BR\"},{\"@type\":\"Organization\",\"@id\":\"https:\\\/\\\/redenoticiaz.com.br\\\/litoralsp\\\/#organization\",\"name\":\"Litoral SP\",\"url\":\"https:\\\/\\\/redenoticiaz.com.br\\\/litoralsp\\\/\",\"logo\":{\"@type\":\"ImageObject\",\"inLanguage\":\"pt-BR\",\"@id\":\"https:\\\/\\\/redenoticiaz.com.br\\\/litoralsp\\\/#\\\/schema\\\/logo\\\/image\\\/\",\"url\":\"https:\\\/\\\/redenoticiaz.com.br\\\/litoralsp\\\/wp-content\\\/uploads\\\/sites\\\/3\\\/2020\\\/11\\\/logo.jpg\",\"contentUrl\":\"https:\\\/\\\/redenoticiaz.com.br\\\/litoralsp\\\/wp-content\\\/uploads\\\/sites\\\/3\\\/2020\\\/11\\\/logo.jpg\",\"width\":400,\"height\":250,\"caption\":\"Litoral SP\"},\"image\":{\"@id\":\"https:\\\/\\\/redenoticiaz.com.br\\\/litoralsp\\\/#\\\/schema\\\/logo\\\/image\\\/\"}},{\"@type\":\"Person\",\"@id\":\"https:\\\/\\\/redenoticiaz.com.br\\\/litoralsp\\\/#\\\/schema\\\/person\\\/0f0b8a5bdafefe82841e07ae8d81ecb3\",\"name\":\"Leonardo Francisco\",\"image\":{\"@type\":\"ImageObject\",\"inLanguage\":\"pt-BR\",\"@id\":\"https:\\\/\\\/secure.gravatar.com\\\/avatar\\\/a7358cb406a99b682ec6df1e77e31ae82e63601f6784e8a3df411d72b37864da?s=96&d=mm&r=g\",\"url\":\"https:\\\/\\\/secure.gravatar.com\\\/avatar\\\/a7358cb406a99b682ec6df1e77e31ae82e63601f6784e8a3df411d72b37864da?s=96&d=mm&r=g\",\"contentUrl\":\"https:\\\/\\\/secure.gravatar.com\\\/avatar\\\/a7358cb406a99b682ec6df1e77e31ae82e63601f6784e8a3df411d72b37864da?s=96&d=mm&r=g\",\"caption\":\"Leonardo Francisco\"},\"url\":\"https:\\\/\\\/redenoticiaz.com.br\\\/litoralsp\\\/author\\\/leonardo-francisco\"}]}<\/script>\n<!-- \/ Yoast SEO plugin. -->","yoast_head_json":{"title":"Treze pessoas s\u00e3o presas em for\u00e7a-tarefa contra recepta\u00e7\u00e3o de ve\u00edculos em Santos - Litoral SP","description":"Departamento Estadual de Tr\u00e2nsito (Detran-SP), resultou na pris\u00e3o de 13 pessoas e na apreens\u00e3o de 4.597 pe\u00e7as recepta\u00e7\u00e3o. Os","robots":{"index":"index","follow":"follow","max-snippet":"max-snippet:-1","max-image-preview":"max-image-preview:large","max-video-preview":"max-video-preview:-1"},"canonical":"https:\/\/redenoticiaz.com.br\/litoralsp\/2023\/03\/01\/treze-pessoas-sao-presas-em-forca-tarefa-contra-receptacao-de-veiculos-em-santos","og_locale":"pt_BR","og_type":"article","og_title":"Treze pessoas s\u00e3o presas em for\u00e7a-tarefa contra recepta\u00e7\u00e3o de ve\u00edculos em Santos - Litoral SP","og_description":"Departamento Estadual de Tr\u00e2nsito (Detran-SP), resultou na pris\u00e3o de 13 pessoas e na apreens\u00e3o de 4.597 pe\u00e7as recepta\u00e7\u00e3o. Os","og_url":"https:\/\/redenoticiaz.com.br\/litoralsp\/2023\/03\/01\/treze-pessoas-sao-presas-em-forca-tarefa-contra-receptacao-de-veiculos-em-santos","og_site_name":"Litoral SP","article_published_time":"2023-03-01T12:53:42+00:00","og_image":[{"width":557,"height":418,"url":"https:\/\/redenoticiaz.com.br\/litoralsp\/wp-content\/uploads\/sites\/3\/2023\/03\/PECAS-AUTOMOVEIS.jpg","type":"image\/jpeg"}],"author":"Leonardo Francisco","twitter_card":"summary_large_image","twitter_misc":{"Escrito por":"Leonardo Francisco","Est. tempo de leitura":"2 minutos"},"schema":{"@context":"https:\/\/schema.org","@graph":[{"@type":"Article","@id":"https:\/\/redenoticiaz.com.br\/litoralsp\/2023\/03\/01\/treze-pessoas-sao-presas-em-forca-tarefa-contra-receptacao-de-veiculos-em-santos#article","isPartOf":{"@id":"https:\/\/redenoticiaz.com.br\/litoralsp\/2023\/03\/01\/treze-pessoas-sao-presas-em-forca-tarefa-contra-receptacao-de-veiculos-em-santos"},"author":{"name":"Leonardo Francisco","@id":"https:\/\/redenoticiaz.com.br\/litoralsp\/#\/schema\/person\/0f0b8a5bdafefe82841e07ae8d81ecb3"},"headline":"Treze pessoas s\u00e3o presas em for\u00e7a-tarefa contra recepta\u00e7\u00e3o de ve\u00edculos em Santos","datePublished":"2023-03-01T12:53:42+00:00","mainEntityOfPage":{"@id":"https:\/\/redenoticiaz.com.br\/litoralsp\/2023\/03\/01\/treze-pessoas-sao-presas-em-forca-tarefa-contra-receptacao-de-veiculos-em-santos"},"wordCount":234,"commentCount":0,"publisher":{"@id":"https:\/\/redenoticiaz.com.br\/litoralsp\/#organization"},"image":{"@id":"https:\/\/redenoticiaz.com.br\/litoralsp\/2023\/03\/01\/treze-pessoas-sao-presas-em-forca-tarefa-contra-receptacao-de-veiculos-em-santos#primaryimage"},"thumbnailUrl":"https:\/\/redenoticiaz.com.br\/litoralsp\/wp-content\/uploads\/sites\/3\/2023\/03\/PECAS-AUTOMOVEIS.jpg","keywords":["DEINTER-6","DETRAN","OEPRA\u00c7\u00c3O BOX","POL\u00cdCIA CIVIL","RECEPTA\u00c7\u00c3O DE VE\u00cdCULOS","Santos","SECRETARIA DE SEGURAN\u00c7A P\u00daBLICA"],"articleSection":["Pol\u00edcia","Santos"],"inLanguage":"pt-BR","potentialAction":[{"@type":"CommentAction","name":"Comment","target":["https:\/\/redenoticiaz.com.br\/litoralsp\/2023\/03\/01\/treze-pessoas-sao-presas-em-forca-tarefa-contra-receptacao-de-veiculos-em-santos#respond"]}]},{"@type":"WebPage","@id":"https:\/\/redenoticiaz.com.br\/litoralsp\/2023\/03\/01\/treze-pessoas-sao-presas-em-forca-tarefa-contra-receptacao-de-veiculos-em-santos","url":"https:\/\/redenoticiaz.com.br\/litoralsp\/2023\/03\/01\/treze-pessoas-sao-presas-em-forca-tarefa-contra-receptacao-de-veiculos-em-santos","name":"Treze pessoas s\u00e3o presas em for\u00e7a-tarefa contra recepta\u00e7\u00e3o de ve\u00edculos em Santos - Litoral SP","isPartOf":{"@id":"https:\/\/redenoticiaz.com.br\/litoralsp\/#website"},"primaryImageOfPage":{"@id":"https:\/\/redenoticiaz.com.br\/litoralsp\/2023\/03\/01\/treze-pessoas-sao-presas-em-forca-tarefa-contra-receptacao-de-veiculos-em-santos#primaryimage"},"image":{"@id":"https:\/\/redenoticiaz.com.br\/litoralsp\/2023\/03\/01\/treze-pessoas-sao-presas-em-forca-tarefa-contra-receptacao-de-veiculos-em-santos#primaryimage"},"thumbnailUrl":"https:\/\/redenoticiaz.com.br\/litoralsp\/wp-content\/uploads\/sites\/3\/2023\/03\/PECAS-AUTOMOVEIS.jpg","datePublished":"2023-03-01T12:53:42+00:00","description":"Departamento Estadual de Tr\u00e2nsito (Detran-SP), resultou na pris\u00e3o de 13 pessoas e na apreens\u00e3o de 4.597 pe\u00e7as recepta\u00e7\u00e3o. Os","inLanguage":"pt-BR","potentialAction":[{"@type":"ReadAction","target":["https:\/\/redenoticiaz.com.br\/litoralsp\/2023\/03\/01\/treze-pessoas-sao-presas-em-forca-tarefa-contra-receptacao-de-veiculos-em-santos"]}]},{"@type":"ImageObject","inLanguage":"pt-BR","@id":"https:\/\/redenoticiaz.com.br\/litoralsp\/2023\/03\/01\/treze-pessoas-sao-presas-em-forca-tarefa-contra-receptacao-de-veiculos-em-santos#primaryimage","url":"https:\/\/redenoticiaz.com.br\/litoralsp\/wp-content\/uploads\/sites\/3\/2023\/03\/PECAS-AUTOMOVEIS.jpg","contentUrl":"https:\/\/redenoticiaz.com.br\/litoralsp\/wp-content\/uploads\/sites\/3\/2023\/03\/PECAS-AUTOMOVEIS.jpg","width":557,"height":418,"caption":"Cr\u00e9ditos: Divulga\u00e7\u00e3o\/Deinter-6"},{"@type":"WebSite","@id":"https:\/\/redenoticiaz.com.br\/litoralsp\/#website","url":"https:\/\/redenoticiaz.com.br\/litoralsp\/","name":"Litoral SP","description":"Rede NoticiaZ","publisher":{"@id":"https:\/\/redenoticiaz.com.br\/litoralsp\/#organization"},"potentialAction":[{"@type":"SearchAction","target":{"@type":"EntryPoint","urlTemplate":"https:\/\/redenoticiaz.com.br\/litoralsp\/?s={search_term_string}"},"query-input":{"@type":"PropertyValueSpecification","valueRequired":true,"valueName":"search_term_string"}}],"inLanguage":"pt-BR"},{"@type":"Organization","@id":"https:\/\/redenoticiaz.com.br\/litoralsp\/#organization","name":"Litoral SP","url":"https:\/\/redenoticiaz.com.br\/litoralsp\/","logo":{"@type":"ImageObject","inLanguage":"pt-BR","@id":"https:\/\/redenoticiaz.com.br\/litoralsp\/#\/schema\/logo\/image\/","url":"https:\/\/redenoticiaz.com.br\/litoralsp\/wp-content\/uploads\/sites\/3\/2020\/11\/logo.jpg","contentUrl":"https:\/\/redenoticiaz.com.br\/litoralsp\/wp-content\/uploads\/sites\/3\/2020\/11\/logo.jpg","width":400,"height":250,"caption":"Litoral SP"},"image":{"@id":"https:\/\/redenoticiaz.com.br\/litoralsp\/#\/schema\/logo\/image\/"}},{"@type":"Person","@id":"https:\/\/redenoticiaz.com.br\/litoralsp\/#\/schema\/person\/0f0b8a5bdafefe82841e07ae8d81ecb3","name":"Leonardo Francisco","image":{"@type":"ImageObject","inLanguage":"pt-BR","@id":"https:\/\/secure.gravatar.com\/avatar\/a7358cb406a99b682ec6df1e77e31ae82e63601f6784e8a3df411d72b37864da?s=96&d=mm&r=g","url":"https:\/\/secure.gravatar.com\/avatar\/a7358cb406a99b682ec6df1e77e31ae82e63601f6784e8a3df411d72b37864da?s=96&d=mm&r=g","contentUrl":"https:\/\/secure.gravatar.com\/avatar\/a7358cb406a99b682ec6df1e77e31ae82e63601f6784e8a3df411d72b37864da?s=96&d=mm&r=g","caption":"Leonardo Francisco"},"url":"https:\/\/redenoticiaz.com.br\/litoralsp\/author\/leonardo-francisco"}]}},"_links":{"self":[{"href":"https:\/\/redenoticiaz.com.br\/litoralsp\/wp-json\/wp\/v2\/posts\/101667","targetHints":{"allow":["GET"]}}],"collection":[{"href":"https:\/\/redenoticiaz.com.br\/litoralsp\/wp-json\/wp\/v2\/posts"}],"about":[{"href":"https:\/\/redenoticiaz.com.br\/litoralsp\/wp-json\/wp\/v2\/types\/post"}],"author":[{"embeddable":true,"href":"https:\/\/redenoticiaz.com.br\/litoralsp\/wp-json\/wp\/v2\/users\/6"}],"replies":[{"embeddable":true,"href":"https:\/\/redenoticiaz.com.br\/litoralsp\/wp-json\/wp\/v2\/comments?post=101667"}],"version-history":[{"count":1,"href":"https:\/\/redenoticiaz.com.br\/litoralsp\/wp-json\/wp\/v2\/posts\/101667\/revisions"}],"predecessor-version":[{"id":101669,"href":"https:\/\/redenoticiaz.com.br\/litoralsp\/wp-json\/wp\/v2\/posts\/101667\/revisions\/101669"}],"wp:featuredmedia":[{"embeddable":true,"href":"https:\/\/redenoticiaz.com.br\/litoralsp\/wp-json\/wp\/v2\/media\/101668"}],"wp:attachment":[{"href":"https:\/\/redenoticiaz.com.br\/litoralsp\/wp-json\/wp\/v2\/media?parent=101667"}],"wp:term":[{"taxonomy":"category","embeddable":true,"href":"https:\/\/redenoticiaz.com.br\/litoralsp\/wp-json\/wp\/v2\/categories?post=101667"},{"taxonomy":"post_tag","embeddable":true,"href":"https:\/\/redenoticiaz.com.br\/litoralsp\/wp-json\/wp\/v2\/tags?post=101667"}],"curies":[{"name":"wp","href":"https:\/\/api.w.org\/{rel}","templated":true}]}}