{"id":101710,"date":"2023-03-01T20:42:05","date_gmt":"2023-03-01T23:42:05","guid":{"rendered":"https:\/\/redenoticiaz.com.br\/litoralsp\/?p=101710"},"modified":"2023-03-01T20:42:05","modified_gmt":"2023-03-01T23:42:05","slug":"comerciante-e-preso-por-venda-ilegal-de-cigarros-estrangeiros","status":"publish","type":"post","link":"https:\/\/redenoticiaz.com.br\/litoralsp\/2023\/03\/01\/comerciante-e-preso-por-venda-ilegal-de-cigarros-estrangeiros","title":{"rendered":"Comerciante \u00e9 preso por venda ilegal de cigarros estrangeiros"},"content":{"rendered":"<p>Uma comerciante foi preso por policiais do 5\u00ba Distrito Policial de Santos na manh\u00e3 desta quarta-feira (1) por venda ilegal de cigarros estrangeiros.<\/p>\n<p>De acordo com as informa\u00e7\u00f5es, a mulher de 33 anos estava sendo investigada por ser a respons\u00e1vel de uma adega que comercializa produtos il\u00edcitos.<\/p>\n<p>As informa\u00e7\u00f5es davam conta de que a suspeita abastecia diversos bailes funks da regi\u00e3o com cigarros estrangeiros, objetos para utilizar maconha e estimulantes sexuais.<\/p>\n<p>Ainda de acordo com as informa\u00e7\u00f5es, no local que fica no bairro S\u00e3o Jorge foram encontrados 1.800 ma\u00e7os de cigarros paraguaios e 4.500 unidades de papel de seda.<\/p>\n<p>Sendo assim, as autoridades ainda apreenderam 68 dichavadores, \u00f3leo para cigarro eletr\u00f4nico e caixas do estimulante sexual conhecido como \u201cvital honey\u201d, cuja comercializa\u00e7\u00e3o foi vetada pela Anvisa.<\/p>\n<p>Todo o material retirado de circula\u00e7\u00e3o foi apreendido e encaminhado para per\u00edcia e a \u00a0mulher foi conduzida at\u00e9 a unidade policial.<\/p>\n<p><strong>Leia mais<\/strong><\/p>\n<p><a href=\"https:\/\/redenoticiaz.com.br\/litoralsp\/2023\/03\/01\/homem-suspeito-de-cometer-10-crimes-de-roubo-e-preso-em-santos\">Homem suspeito de cometer 10 crimes de roubo \u00e9 preso em Santos<\/a><\/p>\n","protected":false},"excerpt":{"rendered":"<p>Uma comerciante foi preso por policiais do 5\u00ba Distrito Policial de Santos na manh\u00e3 desta quarta-feira (1) por venda ilegal de cigarros estrangeiros. De acordo com as informa\u00e7\u00f5es, a mulher de 33 anos estava sendo investigada por ser a respons\u00e1vel de uma adega que comercializa produtos il\u00edcitos. As informa\u00e7\u00f5es davam conta de que a suspeita &hellip;<\/p>\n","protected":false},"author":12,"featured_media":101711,"comment_status":"open","ping_status":"closed","sticky":false,"template":"","format":"standard","meta":{"footnotes":""},"categories":[180],"tags":[38996,13220,31934,36955],"class_list":["post-101710","post","type-post","status-publish","format-standard","has-post-thumbnail","hentry","category-santos","tag-cigarros","tag-comerciante","tag-ilegal","tag-sao-jorge"],"yoast_head":"<!-- This site is optimized with the Yoast SEO plugin v27.5 - https:\/\/yoast.com\/product\/yoast-seo-wordpress\/ -->\n<title>Comerciante \u00e9 preso por venda ilegal de cigarros estrangeiros - Litoral SP<\/title>\n<meta name=\"description\" content=\"Uma comerciante foi preso por policiais do 5\u00ba Distrito Policial de Santos na manh\u00e3 desta quarta-feira (1) por venda ilegal de cigarros estrangeiros.\" \/>\n<meta name=\"robots\" content=\"index, follow, max-snippet:-1, max-image-preview:large, max-video-preview:-1\" \/>\n<link rel=\"canonical\" href=\"https:\/\/redenoticiaz.com.br\/litoralsp\/2023\/03\/01\/comerciante-e-preso-por-venda-ilegal-de-cigarros-estrangeiros\" \/>\n<meta property=\"og:locale\" content=\"pt_BR\" \/>\n<meta property=\"og:type\" content=\"article\" \/>\n<meta property=\"og:title\" content=\"Comerciante \u00e9 preso por venda ilegal de cigarros estrangeiros - Litoral SP\" \/>\n<meta property=\"og:description\" content=\"Uma comerciante foi preso por policiais do 5\u00ba Distrito Policial de Santos na manh\u00e3 desta quarta-feira (1) por venda ilegal de cigarros estrangeiros.\" \/>\n<meta property=\"og:url\" content=\"https:\/\/redenoticiaz.com.br\/litoralsp\/2023\/03\/01\/comerciante-e-preso-por-venda-ilegal-de-cigarros-estrangeiros\" \/>\n<meta property=\"og:site_name\" content=\"Litoral SP\" \/>\n<meta property=\"article:published_time\" content=\"2023-03-01T23:42:05+00:00\" \/>\n<meta property=\"og:image\" content=\"https:\/\/redenoticiaz.com.br\/litoralsp\/wp-content\/uploads\/sites\/3\/2023\/03\/WhatsApp-Image-2023-03-01-at-19.14.00.jpeg\" \/>\n\t<meta property=\"og:image:width\" content=\"1024\" \/>\n\t<meta property=\"og:image:height\" content=\"768\" \/>\n\t<meta property=\"og:image:type\" content=\"image\/jpeg\" \/>\n<meta name=\"author\" content=\"Gustavo Silva\" \/>\n<meta name=\"twitter:card\" content=\"summary_large_image\" \/>\n<meta name=\"twitter:label1\" content=\"Escrito por\" \/>\n\t<meta name=\"twitter:data1\" content=\"Gustavo Silva\" \/>\n\t<meta name=\"twitter:label2\" content=\"Est. tempo de leitura\" \/>\n\t<meta name=\"twitter:data2\" content=\"1 minuto\" \/>\n<script type=\"application\/ld+json\" class=\"yoast-schema-graph\">{\"@context\":\"https:\\\/\\\/schema.org\",\"@graph\":[{\"@type\":\"Article\",\"@id\":\"https:\\\/\\\/redenoticiaz.com.br\\\/litoralsp\\\/2023\\\/03\\\/01\\\/comerciante-e-preso-por-venda-ilegal-de-cigarros-estrangeiros#article\",\"isPartOf\":{\"@id\":\"https:\\\/\\\/redenoticiaz.com.br\\\/litoralsp\\\/2023\\\/03\\\/01\\\/comerciante-e-preso-por-venda-ilegal-de-cigarros-estrangeiros\"},\"author\":{\"name\":\"Gustavo Silva\",\"@id\":\"https:\\\/\\\/redenoticiaz.com.br\\\/litoralsp\\\/#\\\/schema\\\/person\\\/16057b37a3c0ee6b096d7f887c566e2e\"},\"headline\":\"Comerciante \u00e9 preso por venda ilegal de cigarros estrangeiros\",\"datePublished\":\"2023-03-01T23:42:05+00:00\",\"mainEntityOfPage\":{\"@id\":\"https:\\\/\\\/redenoticiaz.com.br\\\/litoralsp\\\/2023\\\/03\\\/01\\\/comerciante-e-preso-por-venda-ilegal-de-cigarros-estrangeiros\"},\"wordCount\":173,\"commentCount\":0,\"publisher\":{\"@id\":\"https:\\\/\\\/redenoticiaz.com.br\\\/litoralsp\\\/#organization\"},\"image\":{\"@id\":\"https:\\\/\\\/redenoticiaz.com.br\\\/litoralsp\\\/2023\\\/03\\\/01\\\/comerciante-e-preso-por-venda-ilegal-de-cigarros-estrangeiros#primaryimage\"},\"thumbnailUrl\":\"https:\\\/\\\/redenoticiaz.com.br\\\/litoralsp\\\/wp-content\\\/uploads\\\/sites\\\/3\\\/2023\\\/03\\\/WhatsApp-Image-2023-03-01-at-19.14.00.jpeg\",\"keywords\":[\"CIGARROS\",\"COMERCIANTE\",\"ilegal\",\"S\u00c3O JORGE\"],\"articleSection\":[\"Santos\"],\"inLanguage\":\"pt-BR\",\"potentialAction\":[{\"@type\":\"CommentAction\",\"name\":\"Comment\",\"target\":[\"https:\\\/\\\/redenoticiaz.com.br\\\/litoralsp\\\/2023\\\/03\\\/01\\\/comerciante-e-preso-por-venda-ilegal-de-cigarros-estrangeiros#respond\"]}]},{\"@type\":\"WebPage\",\"@id\":\"https:\\\/\\\/redenoticiaz.com.br\\\/litoralsp\\\/2023\\\/03\\\/01\\\/comerciante-e-preso-por-venda-ilegal-de-cigarros-estrangeiros\",\"url\":\"https:\\\/\\\/redenoticiaz.com.br\\\/litoralsp\\\/2023\\\/03\\\/01\\\/comerciante-e-preso-por-venda-ilegal-de-cigarros-estrangeiros\",\"name\":\"Comerciante \u00e9 preso por venda ilegal de cigarros estrangeiros - Litoral SP\",\"isPartOf\":{\"@id\":\"https:\\\/\\\/redenoticiaz.com.br\\\/litoralsp\\\/#website\"},\"primaryImageOfPage\":{\"@id\":\"https:\\\/\\\/redenoticiaz.com.br\\\/litoralsp\\\/2023\\\/03\\\/01\\\/comerciante-e-preso-por-venda-ilegal-de-cigarros-estrangeiros#primaryimage\"},\"image\":{\"@id\":\"https:\\\/\\\/redenoticiaz.com.br\\\/litoralsp\\\/2023\\\/03\\\/01\\\/comerciante-e-preso-por-venda-ilegal-de-cigarros-estrangeiros#primaryimage\"},\"thumbnailUrl\":\"https:\\\/\\\/redenoticiaz.com.br\\\/litoralsp\\\/wp-content\\\/uploads\\\/sites\\\/3\\\/2023\\\/03\\\/WhatsApp-Image-2023-03-01-at-19.14.00.jpeg\",\"datePublished\":\"2023-03-01T23:42:05+00:00\",\"description\":\"Uma comerciante foi preso por policiais do 5\u00ba Distrito Policial de Santos na manh\u00e3 desta quarta-feira (1) por venda ilegal de cigarros estrangeiros.\",\"inLanguage\":\"pt-BR\",\"potentialAction\":[{\"@type\":\"ReadAction\",\"target\":[\"https:\\\/\\\/redenoticiaz.com.br\\\/litoralsp\\\/2023\\\/03\\\/01\\\/comerciante-e-preso-por-venda-ilegal-de-cigarros-estrangeiros\"]}]},{\"@type\":\"ImageObject\",\"inLanguage\":\"pt-BR\",\"@id\":\"https:\\\/\\\/redenoticiaz.com.br\\\/litoralsp\\\/2023\\\/03\\\/01\\\/comerciante-e-preso-por-venda-ilegal-de-cigarros-estrangeiros#primaryimage\",\"url\":\"https:\\\/\\\/redenoticiaz.com.br\\\/litoralsp\\\/wp-content\\\/uploads\\\/sites\\\/3\\\/2023\\\/03\\\/WhatsApp-Image-2023-03-01-at-19.14.00.jpeg\",\"contentUrl\":\"https:\\\/\\\/redenoticiaz.com.br\\\/litoralsp\\\/wp-content\\\/uploads\\\/sites\\\/3\\\/2023\\\/03\\\/WhatsApp-Image-2023-03-01-at-19.14.00.jpeg\",\"width\":1024,\"height\":768,\"caption\":\"Comerciante \u00e9 preso por venda ilegal de cigarros estrangeiros\"},{\"@type\":\"WebSite\",\"@id\":\"https:\\\/\\\/redenoticiaz.com.br\\\/litoralsp\\\/#website\",\"url\":\"https:\\\/\\\/redenoticiaz.com.br\\\/litoralsp\\\/\",\"name\":\"Litoral SP\",\"description\":\"Rede NoticiaZ\",\"publisher\":{\"@id\":\"https:\\\/\\\/redenoticiaz.com.br\\\/litoralsp\\\/#organization\"},\"potentialAction\":[{\"@type\":\"SearchAction\",\"target\":{\"@type\":\"EntryPoint\",\"urlTemplate\":\"https:\\\/\\\/redenoticiaz.com.br\\\/litoralsp\\\/?s={search_term_string}\"},\"query-input\":{\"@type\":\"PropertyValueSpecification\",\"valueRequired\":true,\"valueName\":\"search_term_string\"}}],\"inLanguage\":\"pt-BR\"},{\"@type\":\"Organization\",\"@id\":\"https:\\\/\\\/redenoticiaz.com.br\\\/litoralsp\\\/#organization\",\"name\":\"Litoral SP\",\"url\":\"https:\\\/\\\/redenoticiaz.com.br\\\/litoralsp\\\/\",\"logo\":{\"@type\":\"ImageObject\",\"inLanguage\":\"pt-BR\",\"@id\":\"https:\\\/\\\/redenoticiaz.com.br\\\/litoralsp\\\/#\\\/schema\\\/logo\\\/image\\\/\",\"url\":\"https:\\\/\\\/redenoticiaz.com.br\\\/litoralsp\\\/wp-content\\\/uploads\\\/sites\\\/3\\\/2020\\\/11\\\/logo.jpg\",\"contentUrl\":\"https:\\\/\\\/redenoticiaz.com.br\\\/litoralsp\\\/wp-content\\\/uploads\\\/sites\\\/3\\\/2020\\\/11\\\/logo.jpg\",\"width\":400,\"height\":250,\"caption\":\"Litoral SP\"},\"image\":{\"@id\":\"https:\\\/\\\/redenoticiaz.com.br\\\/litoralsp\\\/#\\\/schema\\\/logo\\\/image\\\/\"}},{\"@type\":\"Person\",\"@id\":\"https:\\\/\\\/redenoticiaz.com.br\\\/litoralsp\\\/#\\\/schema\\\/person\\\/16057b37a3c0ee6b096d7f887c566e2e\",\"name\":\"Gustavo Silva\",\"image\":{\"@type\":\"ImageObject\",\"inLanguage\":\"pt-BR\",\"@id\":\"https:\\\/\\\/secure.gravatar.com\\\/avatar\\\/3ee4e82f93b26de0a7cf4ea5eb7893da637ed6bb0c9170c58065944c56e28a33?s=96&d=mm&r=g\",\"url\":\"https:\\\/\\\/secure.gravatar.com\\\/avatar\\\/3ee4e82f93b26de0a7cf4ea5eb7893da637ed6bb0c9170c58065944c56e28a33?s=96&d=mm&r=g\",\"contentUrl\":\"https:\\\/\\\/secure.gravatar.com\\\/avatar\\\/3ee4e82f93b26de0a7cf4ea5eb7893da637ed6bb0c9170c58065944c56e28a33?s=96&d=mm&r=g\",\"caption\":\"Gustavo Silva\"},\"url\":\"https:\\\/\\\/redenoticiaz.com.br\\\/litoralsp\\\/author\\\/gustavosilva\"}]}<\/script>\n<!-- \/ Yoast SEO plugin. -->","yoast_head_json":{"title":"Comerciante \u00e9 preso por venda ilegal de cigarros estrangeiros - Litoral SP","description":"Uma comerciante foi preso por policiais do 5\u00ba Distrito Policial de Santos na manh\u00e3 desta quarta-feira (1) por venda ilegal de cigarros estrangeiros.","robots":{"index":"index","follow":"follow","max-snippet":"max-snippet:-1","max-image-preview":"max-image-preview:large","max-video-preview":"max-video-preview:-1"},"canonical":"https:\/\/redenoticiaz.com.br\/litoralsp\/2023\/03\/01\/comerciante-e-preso-por-venda-ilegal-de-cigarros-estrangeiros","og_locale":"pt_BR","og_type":"article","og_title":"Comerciante \u00e9 preso por venda ilegal de cigarros estrangeiros - Litoral SP","og_description":"Uma comerciante foi preso por policiais do 5\u00ba Distrito Policial de Santos na manh\u00e3 desta quarta-feira (1) por venda ilegal de cigarros estrangeiros.","og_url":"https:\/\/redenoticiaz.com.br\/litoralsp\/2023\/03\/01\/comerciante-e-preso-por-venda-ilegal-de-cigarros-estrangeiros","og_site_name":"Litoral SP","article_published_time":"2023-03-01T23:42:05+00:00","og_image":[{"width":1024,"height":768,"url":"https:\/\/redenoticiaz.com.br\/litoralsp\/wp-content\/uploads\/sites\/3\/2023\/03\/WhatsApp-Image-2023-03-01-at-19.14.00.jpeg","type":"image\/jpeg"}],"author":"Gustavo Silva","twitter_card":"summary_large_image","twitter_misc":{"Escrito por":"Gustavo Silva","Est. tempo de leitura":"1 minuto"},"schema":{"@context":"https:\/\/schema.org","@graph":[{"@type":"Article","@id":"https:\/\/redenoticiaz.com.br\/litoralsp\/2023\/03\/01\/comerciante-e-preso-por-venda-ilegal-de-cigarros-estrangeiros#article","isPartOf":{"@id":"https:\/\/redenoticiaz.com.br\/litoralsp\/2023\/03\/01\/comerciante-e-preso-por-venda-ilegal-de-cigarros-estrangeiros"},"author":{"name":"Gustavo Silva","@id":"https:\/\/redenoticiaz.com.br\/litoralsp\/#\/schema\/person\/16057b37a3c0ee6b096d7f887c566e2e"},"headline":"Comerciante \u00e9 preso por venda ilegal de cigarros estrangeiros","datePublished":"2023-03-01T23:42:05+00:00","mainEntityOfPage":{"@id":"https:\/\/redenoticiaz.com.br\/litoralsp\/2023\/03\/01\/comerciante-e-preso-por-venda-ilegal-de-cigarros-estrangeiros"},"wordCount":173,"commentCount":0,"publisher":{"@id":"https:\/\/redenoticiaz.com.br\/litoralsp\/#organization"},"image":{"@id":"https:\/\/redenoticiaz.com.br\/litoralsp\/2023\/03\/01\/comerciante-e-preso-por-venda-ilegal-de-cigarros-estrangeiros#primaryimage"},"thumbnailUrl":"https:\/\/redenoticiaz.com.br\/litoralsp\/wp-content\/uploads\/sites\/3\/2023\/03\/WhatsApp-Image-2023-03-01-at-19.14.00.jpeg","keywords":["CIGARROS","COMERCIANTE","ilegal","S\u00c3O JORGE"],"articleSection":["Santos"],"inLanguage":"pt-BR","potentialAction":[{"@type":"CommentAction","name":"Comment","target":["https:\/\/redenoticiaz.com.br\/litoralsp\/2023\/03\/01\/comerciante-e-preso-por-venda-ilegal-de-cigarros-estrangeiros#respond"]}]},{"@type":"WebPage","@id":"https:\/\/redenoticiaz.com.br\/litoralsp\/2023\/03\/01\/comerciante-e-preso-por-venda-ilegal-de-cigarros-estrangeiros","url":"https:\/\/redenoticiaz.com.br\/litoralsp\/2023\/03\/01\/comerciante-e-preso-por-venda-ilegal-de-cigarros-estrangeiros","name":"Comerciante \u00e9 preso por venda ilegal de cigarros estrangeiros - Litoral SP","isPartOf":{"@id":"https:\/\/redenoticiaz.com.br\/litoralsp\/#website"},"primaryImageOfPage":{"@id":"https:\/\/redenoticiaz.com.br\/litoralsp\/2023\/03\/01\/comerciante-e-preso-por-venda-ilegal-de-cigarros-estrangeiros#primaryimage"},"image":{"@id":"https:\/\/redenoticiaz.com.br\/litoralsp\/2023\/03\/01\/comerciante-e-preso-por-venda-ilegal-de-cigarros-estrangeiros#primaryimage"},"thumbnailUrl":"https:\/\/redenoticiaz.com.br\/litoralsp\/wp-content\/uploads\/sites\/3\/2023\/03\/WhatsApp-Image-2023-03-01-at-19.14.00.jpeg","datePublished":"2023-03-01T23:42:05+00:00","description":"Uma comerciante foi preso por policiais do 5\u00ba Distrito Policial de Santos na manh\u00e3 desta quarta-feira (1) por venda ilegal de cigarros estrangeiros.","inLanguage":"pt-BR","potentialAction":[{"@type":"ReadAction","target":["https:\/\/redenoticiaz.com.br\/litoralsp\/2023\/03\/01\/comerciante-e-preso-por-venda-ilegal-de-cigarros-estrangeiros"]}]},{"@type":"ImageObject","inLanguage":"pt-BR","@id":"https:\/\/redenoticiaz.com.br\/litoralsp\/2023\/03\/01\/comerciante-e-preso-por-venda-ilegal-de-cigarros-estrangeiros#primaryimage","url":"https:\/\/redenoticiaz.com.br\/litoralsp\/wp-content\/uploads\/sites\/3\/2023\/03\/WhatsApp-Image-2023-03-01-at-19.14.00.jpeg","contentUrl":"https:\/\/redenoticiaz.com.br\/litoralsp\/wp-content\/uploads\/sites\/3\/2023\/03\/WhatsApp-Image-2023-03-01-at-19.14.00.jpeg","width":1024,"height":768,"caption":"Comerciante \u00e9 preso por venda ilegal de cigarros estrangeiros"},{"@type":"WebSite","@id":"https:\/\/redenoticiaz.com.br\/litoralsp\/#website","url":"https:\/\/redenoticiaz.com.br\/litoralsp\/","name":"Litoral SP","description":"Rede NoticiaZ","publisher":{"@id":"https:\/\/redenoticiaz.com.br\/litoralsp\/#organization"},"potentialAction":[{"@type":"SearchAction","target":{"@type":"EntryPoint","urlTemplate":"https:\/\/redenoticiaz.com.br\/litoralsp\/?s={search_term_string}"},"query-input":{"@type":"PropertyValueSpecification","valueRequired":true,"valueName":"search_term_string"}}],"inLanguage":"pt-BR"},{"@type":"Organization","@id":"https:\/\/redenoticiaz.com.br\/litoralsp\/#organization","name":"Litoral SP","url":"https:\/\/redenoticiaz.com.br\/litoralsp\/","logo":{"@type":"ImageObject","inLanguage":"pt-BR","@id":"https:\/\/redenoticiaz.com.br\/litoralsp\/#\/schema\/logo\/image\/","url":"https:\/\/redenoticiaz.com.br\/litoralsp\/wp-content\/uploads\/sites\/3\/2020\/11\/logo.jpg","contentUrl":"https:\/\/redenoticiaz.com.br\/litoralsp\/wp-content\/uploads\/sites\/3\/2020\/11\/logo.jpg","width":400,"height":250,"caption":"Litoral SP"},"image":{"@id":"https:\/\/redenoticiaz.com.br\/litoralsp\/#\/schema\/logo\/image\/"}},{"@type":"Person","@id":"https:\/\/redenoticiaz.com.br\/litoralsp\/#\/schema\/person\/16057b37a3c0ee6b096d7f887c566e2e","name":"Gustavo Silva","image":{"@type":"ImageObject","inLanguage":"pt-BR","@id":"https:\/\/secure.gravatar.com\/avatar\/3ee4e82f93b26de0a7cf4ea5eb7893da637ed6bb0c9170c58065944c56e28a33?s=96&d=mm&r=g","url":"https:\/\/secure.gravatar.com\/avatar\/3ee4e82f93b26de0a7cf4ea5eb7893da637ed6bb0c9170c58065944c56e28a33?s=96&d=mm&r=g","contentUrl":"https:\/\/secure.gravatar.com\/avatar\/3ee4e82f93b26de0a7cf4ea5eb7893da637ed6bb0c9170c58065944c56e28a33?s=96&d=mm&r=g","caption":"Gustavo Silva"},"url":"https:\/\/redenoticiaz.com.br\/litoralsp\/author\/gustavosilva"}]}},"_links":{"self":[{"href":"https:\/\/redenoticiaz.com.br\/litoralsp\/wp-json\/wp\/v2\/posts\/101710","targetHints":{"allow":["GET"]}}],"collection":[{"href":"https:\/\/redenoticiaz.com.br\/litoralsp\/wp-json\/wp\/v2\/posts"}],"about":[{"href":"https:\/\/redenoticiaz.com.br\/litoralsp\/wp-json\/wp\/v2\/types\/post"}],"author":[{"embeddable":true,"href":"https:\/\/redenoticiaz.com.br\/litoralsp\/wp-json\/wp\/v2\/users\/12"}],"replies":[{"embeddable":true,"href":"https:\/\/redenoticiaz.com.br\/litoralsp\/wp-json\/wp\/v2\/comments?post=101710"}],"version-history":[{"count":1,"href":"https:\/\/redenoticiaz.com.br\/litoralsp\/wp-json\/wp\/v2\/posts\/101710\/revisions"}],"predecessor-version":[{"id":101712,"href":"https:\/\/redenoticiaz.com.br\/litoralsp\/wp-json\/wp\/v2\/posts\/101710\/revisions\/101712"}],"wp:featuredmedia":[{"embeddable":true,"href":"https:\/\/redenoticiaz.com.br\/litoralsp\/wp-json\/wp\/v2\/media\/101711"}],"wp:attachment":[{"href":"https:\/\/redenoticiaz.com.br\/litoralsp\/wp-json\/wp\/v2\/media?parent=101710"}],"wp:term":[{"taxonomy":"category","embeddable":true,"href":"https:\/\/redenoticiaz.com.br\/litoralsp\/wp-json\/wp\/v2\/categories?post=101710"},{"taxonomy":"post_tag","embeddable":true,"href":"https:\/\/redenoticiaz.com.br\/litoralsp\/wp-json\/wp\/v2\/tags?post=101710"}],"curies":[{"name":"wp","href":"https:\/\/api.w.org\/{rel}","templated":true}]}}