{"id":101713,"date":"2023-03-01T21:42:16","date_gmt":"2023-03-02T00:42:16","guid":{"rendered":"https:\/\/redenoticiaz.com.br\/litoralsp\/?p=101713"},"modified":"2023-03-01T21:42:16","modified_gmt":"2023-03-02T00:42:16","slug":"carga-de-bebidas-roubada-e-recuperada-pela-policia-em-praia-grande","status":"publish","type":"post","link":"https:\/\/redenoticiaz.com.br\/litoralsp\/2023\/03\/01\/carga-de-bebidas-roubada-e-recuperada-pela-policia-em-praia-grande","title":{"rendered":"Carga de bebidas roubada \u00e9 recuperada pela Pol\u00edcia em Praia Grande"},"content":{"rendered":"<p>Policiais Civis do 1\u00ba Distrito Policial de Praia Grande recuperaram uma carga de bebidas que foi roubada no \u00faltimo dia 27 no bairro Nova Mirim.<\/p>\n<p>No dia do crime, o motorista realizava entrega de bebida quando foi abordado e mediante a grave amea\u00e7a foi encaminhado a outro ve\u00edculo. Este outro criminoso simulou ser funcion\u00e1rio da empresa e come\u00e7ou a descarregar a carga.<\/p>\n<p>Passado o tempo, o homem ordenou que as v\u00edtimas ingressassem em seu caminh\u00e3o e seguissem seu curso de entrega, tendo este ficado no local.<\/p>\n<p>Durante as dilig\u00eancias as autoridades conseguiram identificar o ve\u00edculo utilizado no transbordo e condu\u00e7\u00e3o da carga roubada, uma caminhonete Renault Master.<\/p>\n<p>Sendo assim, os policiais conseguiram identificar o suspeito, bem como a localiza\u00e7\u00e3o do ve\u00edculo envolvido e na rua Urbano Caldeira e l\u00e1 localizaram o ve\u00edculo, dando ordem de parada.<\/p>\n<p>Por fim, o suspeito confessou o crime e indicou o local onde a carga estava e a pol\u00edcia recuperou todos os produtos roubados no bairro S\u00edtio do campo.<\/p>\n<p>Todo o material foi recolhido e restitu\u00eddo \u00e0 empresa v\u00edtima, propriet\u00e1ria da carga.<\/p>\n<p><strong>Leia mais<\/strong><\/p>\n<p><a href=\"https:\/\/redenoticiaz.com.br\/litoralsp\/2023\/02\/28\/dupla-rende-funcionario-dos-correios-e-tira-as-vestes-dele-para-cometer-assaltos-em-praia-grande\">Dupla rende funcion\u00e1rio dos Correios e tira as vestes dele para cometer assaltos em Praia Grande<\/a><\/p>\n","protected":false},"excerpt":{"rendered":"<p>Policiais Civis do 1\u00ba Distrito Policial de Praia Grande recuperaram uma carga de bebidas que foi roubada no \u00faltimo dia 27 no bairro Nova Mirim. No dia do crime, o motorista realizava entrega de bebida quando foi abordado e mediante a grave amea\u00e7a foi encaminhado a outro ve\u00edculo. Este outro criminoso simulou ser funcion\u00e1rio da &hellip;<\/p>\n","protected":false},"author":12,"featured_media":101715,"comment_status":"open","ping_status":"closed","sticky":false,"template":"","format":"standard","meta":{"footnotes":""},"categories":[182,1],"tags":[49600,38997,63704,1101],"class_list":["post-101713","post","type-post","status-publish","format-standard","has-post-thumbnail","hentry","category-praia-grande","category-sem","tag-bebidas","tag-carga","tag-material","tag-praia-grande"],"yoast_head":"<!-- This site is optimized with the Yoast SEO plugin v27.5 - https:\/\/yoast.com\/product\/yoast-seo-wordpress\/ -->\n<title>Carga de bebidas roubada \u00e9 recuperada pela Pol\u00edcia em Praia Grande - Litoral SP<\/title>\n<meta name=\"description\" content=\"Policiais Civis do 1\u00ba Distrito Policial de Praia Grande recuperaram uma carga de bebidas que foi roubada no \u00faltimo dia 27 no bairro Nova Mirim.\" \/>\n<meta name=\"robots\" content=\"index, follow, max-snippet:-1, max-image-preview:large, max-video-preview:-1\" \/>\n<link rel=\"canonical\" href=\"https:\/\/redenoticiaz.com.br\/litoralsp\/2023\/03\/01\/carga-de-bebidas-roubada-e-recuperada-pela-policia-em-praia-grande\" \/>\n<meta property=\"og:locale\" content=\"pt_BR\" \/>\n<meta property=\"og:type\" content=\"article\" \/>\n<meta property=\"og:title\" content=\"Carga de bebidas roubada \u00e9 recuperada pela Pol\u00edcia em Praia Grande - Litoral SP\" \/>\n<meta property=\"og:description\" content=\"Policiais Civis do 1\u00ba Distrito Policial de Praia Grande recuperaram uma carga de bebidas que foi roubada no \u00faltimo dia 27 no bairro Nova Mirim.\" \/>\n<meta property=\"og:url\" content=\"https:\/\/redenoticiaz.com.br\/litoralsp\/2023\/03\/01\/carga-de-bebidas-roubada-e-recuperada-pela-policia-em-praia-grande\" \/>\n<meta property=\"og:site_name\" content=\"Litoral SP\" \/>\n<meta property=\"article:published_time\" content=\"2023-03-02T00:42:16+00:00\" \/>\n<meta property=\"og:image\" content=\"https:\/\/redenoticiaz.com.br\/litoralsp\/wp-content\/uploads\/sites\/3\/2023\/03\/WhatsApp-Image-2023-03-01-at-17.33.57hhh.jpg\" \/>\n\t<meta property=\"og:image:width\" content=\"768\" \/>\n\t<meta property=\"og:image:height\" content=\"1024\" \/>\n\t<meta property=\"og:image:type\" content=\"image\/jpeg\" \/>\n<meta name=\"author\" content=\"Gustavo Silva\" \/>\n<meta name=\"twitter:card\" content=\"summary_large_image\" \/>\n<meta name=\"twitter:label1\" content=\"Escrito por\" \/>\n\t<meta name=\"twitter:data1\" content=\"Gustavo Silva\" \/>\n\t<meta name=\"twitter:label2\" content=\"Est. tempo de leitura\" \/>\n\t<meta name=\"twitter:data2\" content=\"2 minutos\" \/>\n<script type=\"application\/ld+json\" class=\"yoast-schema-graph\">{\"@context\":\"https:\\\/\\\/schema.org\",\"@graph\":[{\"@type\":\"Article\",\"@id\":\"https:\\\/\\\/redenoticiaz.com.br\\\/litoralsp\\\/2023\\\/03\\\/01\\\/carga-de-bebidas-roubada-e-recuperada-pela-policia-em-praia-grande#article\",\"isPartOf\":{\"@id\":\"https:\\\/\\\/redenoticiaz.com.br\\\/litoralsp\\\/2023\\\/03\\\/01\\\/carga-de-bebidas-roubada-e-recuperada-pela-policia-em-praia-grande\"},\"author\":{\"name\":\"Gustavo Silva\",\"@id\":\"https:\\\/\\\/redenoticiaz.com.br\\\/litoralsp\\\/#\\\/schema\\\/person\\\/16057b37a3c0ee6b096d7f887c566e2e\"},\"headline\":\"Carga de bebidas roubada \u00e9 recuperada pela Pol\u00edcia em Praia Grande\",\"datePublished\":\"2023-03-02T00:42:16+00:00\",\"mainEntityOfPage\":{\"@id\":\"https:\\\/\\\/redenoticiaz.com.br\\\/litoralsp\\\/2023\\\/03\\\/01\\\/carga-de-bebidas-roubada-e-recuperada-pela-policia-em-praia-grande\"},\"wordCount\":221,\"commentCount\":0,\"publisher\":{\"@id\":\"https:\\\/\\\/redenoticiaz.com.br\\\/litoralsp\\\/#organization\"},\"image\":{\"@id\":\"https:\\\/\\\/redenoticiaz.com.br\\\/litoralsp\\\/2023\\\/03\\\/01\\\/carga-de-bebidas-roubada-e-recuperada-pela-policia-em-praia-grande#primaryimage\"},\"thumbnailUrl\":\"https:\\\/\\\/redenoticiaz.com.br\\\/litoralsp\\\/wp-content\\\/uploads\\\/sites\\\/3\\\/2023\\\/03\\\/WhatsApp-Image-2023-03-01-at-17.33.57hhh.jpg\",\"keywords\":[\"BEBIDAS\",\"CARGA\",\"material\",\"PRAIA GRANDE\"],\"articleSection\":[\"Praia Grande\",\"sem\"],\"inLanguage\":\"pt-BR\",\"potentialAction\":[{\"@type\":\"CommentAction\",\"name\":\"Comment\",\"target\":[\"https:\\\/\\\/redenoticiaz.com.br\\\/litoralsp\\\/2023\\\/03\\\/01\\\/carga-de-bebidas-roubada-e-recuperada-pela-policia-em-praia-grande#respond\"]}]},{\"@type\":\"WebPage\",\"@id\":\"https:\\\/\\\/redenoticiaz.com.br\\\/litoralsp\\\/2023\\\/03\\\/01\\\/carga-de-bebidas-roubada-e-recuperada-pela-policia-em-praia-grande\",\"url\":\"https:\\\/\\\/redenoticiaz.com.br\\\/litoralsp\\\/2023\\\/03\\\/01\\\/carga-de-bebidas-roubada-e-recuperada-pela-policia-em-praia-grande\",\"name\":\"Carga de bebidas roubada \u00e9 recuperada pela Pol\u00edcia em Praia Grande - Litoral SP\",\"isPartOf\":{\"@id\":\"https:\\\/\\\/redenoticiaz.com.br\\\/litoralsp\\\/#website\"},\"primaryImageOfPage\":{\"@id\":\"https:\\\/\\\/redenoticiaz.com.br\\\/litoralsp\\\/2023\\\/03\\\/01\\\/carga-de-bebidas-roubada-e-recuperada-pela-policia-em-praia-grande#primaryimage\"},\"image\":{\"@id\":\"https:\\\/\\\/redenoticiaz.com.br\\\/litoralsp\\\/2023\\\/03\\\/01\\\/carga-de-bebidas-roubada-e-recuperada-pela-policia-em-praia-grande#primaryimage\"},\"thumbnailUrl\":\"https:\\\/\\\/redenoticiaz.com.br\\\/litoralsp\\\/wp-content\\\/uploads\\\/sites\\\/3\\\/2023\\\/03\\\/WhatsApp-Image-2023-03-01-at-17.33.57hhh.jpg\",\"datePublished\":\"2023-03-02T00:42:16+00:00\",\"description\":\"Policiais Civis do 1\u00ba Distrito Policial de Praia Grande recuperaram uma carga de bebidas que foi roubada no \u00faltimo dia 27 no bairro Nova Mirim.\",\"inLanguage\":\"pt-BR\",\"potentialAction\":[{\"@type\":\"ReadAction\",\"target\":[\"https:\\\/\\\/redenoticiaz.com.br\\\/litoralsp\\\/2023\\\/03\\\/01\\\/carga-de-bebidas-roubada-e-recuperada-pela-policia-em-praia-grande\"]}]},{\"@type\":\"ImageObject\",\"inLanguage\":\"pt-BR\",\"@id\":\"https:\\\/\\\/redenoticiaz.com.br\\\/litoralsp\\\/2023\\\/03\\\/01\\\/carga-de-bebidas-roubada-e-recuperada-pela-policia-em-praia-grande#primaryimage\",\"url\":\"https:\\\/\\\/redenoticiaz.com.br\\\/litoralsp\\\/wp-content\\\/uploads\\\/sites\\\/3\\\/2023\\\/03\\\/WhatsApp-Image-2023-03-01-at-17.33.57hhh.jpg\",\"contentUrl\":\"https:\\\/\\\/redenoticiaz.com.br\\\/litoralsp\\\/wp-content\\\/uploads\\\/sites\\\/3\\\/2023\\\/03\\\/WhatsApp-Image-2023-03-01-at-17.33.57hhh.jpg\",\"width\":768,\"height\":1024,\"caption\":\"Todo o material foi recolhido e restitu\u00eddo \u00e0 empresa v\u00edtima, propriet\u00e1ria da carga\"},{\"@type\":\"WebSite\",\"@id\":\"https:\\\/\\\/redenoticiaz.com.br\\\/litoralsp\\\/#website\",\"url\":\"https:\\\/\\\/redenoticiaz.com.br\\\/litoralsp\\\/\",\"name\":\"Litoral SP\",\"description\":\"Rede NoticiaZ\",\"publisher\":{\"@id\":\"https:\\\/\\\/redenoticiaz.com.br\\\/litoralsp\\\/#organization\"},\"potentialAction\":[{\"@type\":\"SearchAction\",\"target\":{\"@type\":\"EntryPoint\",\"urlTemplate\":\"https:\\\/\\\/redenoticiaz.com.br\\\/litoralsp\\\/?s={search_term_string}\"},\"query-input\":{\"@type\":\"PropertyValueSpecification\",\"valueRequired\":true,\"valueName\":\"search_term_string\"}}],\"inLanguage\":\"pt-BR\"},{\"@type\":\"Organization\",\"@id\":\"https:\\\/\\\/redenoticiaz.com.br\\\/litoralsp\\\/#organization\",\"name\":\"Litoral SP\",\"url\":\"https:\\\/\\\/redenoticiaz.com.br\\\/litoralsp\\\/\",\"logo\":{\"@type\":\"ImageObject\",\"inLanguage\":\"pt-BR\",\"@id\":\"https:\\\/\\\/redenoticiaz.com.br\\\/litoralsp\\\/#\\\/schema\\\/logo\\\/image\\\/\",\"url\":\"https:\\\/\\\/redenoticiaz.com.br\\\/litoralsp\\\/wp-content\\\/uploads\\\/sites\\\/3\\\/2020\\\/11\\\/logo.jpg\",\"contentUrl\":\"https:\\\/\\\/redenoticiaz.com.br\\\/litoralsp\\\/wp-content\\\/uploads\\\/sites\\\/3\\\/2020\\\/11\\\/logo.jpg\",\"width\":400,\"height\":250,\"caption\":\"Litoral SP\"},\"image\":{\"@id\":\"https:\\\/\\\/redenoticiaz.com.br\\\/litoralsp\\\/#\\\/schema\\\/logo\\\/image\\\/\"}},{\"@type\":\"Person\",\"@id\":\"https:\\\/\\\/redenoticiaz.com.br\\\/litoralsp\\\/#\\\/schema\\\/person\\\/16057b37a3c0ee6b096d7f887c566e2e\",\"name\":\"Gustavo Silva\",\"image\":{\"@type\":\"ImageObject\",\"inLanguage\":\"pt-BR\",\"@id\":\"https:\\\/\\\/secure.gravatar.com\\\/avatar\\\/3ee4e82f93b26de0a7cf4ea5eb7893da637ed6bb0c9170c58065944c56e28a33?s=96&d=mm&r=g\",\"url\":\"https:\\\/\\\/secure.gravatar.com\\\/avatar\\\/3ee4e82f93b26de0a7cf4ea5eb7893da637ed6bb0c9170c58065944c56e28a33?s=96&d=mm&r=g\",\"contentUrl\":\"https:\\\/\\\/secure.gravatar.com\\\/avatar\\\/3ee4e82f93b26de0a7cf4ea5eb7893da637ed6bb0c9170c58065944c56e28a33?s=96&d=mm&r=g\",\"caption\":\"Gustavo Silva\"},\"url\":\"https:\\\/\\\/redenoticiaz.com.br\\\/litoralsp\\\/author\\\/gustavosilva\"}]}<\/script>\n<!-- \/ Yoast SEO plugin. -->","yoast_head_json":{"title":"Carga de bebidas roubada \u00e9 recuperada pela Pol\u00edcia em Praia Grande - Litoral SP","description":"Policiais Civis do 1\u00ba Distrito Policial de Praia Grande recuperaram uma carga de bebidas que foi roubada no \u00faltimo dia 27 no bairro Nova Mirim.","robots":{"index":"index","follow":"follow","max-snippet":"max-snippet:-1","max-image-preview":"max-image-preview:large","max-video-preview":"max-video-preview:-1"},"canonical":"https:\/\/redenoticiaz.com.br\/litoralsp\/2023\/03\/01\/carga-de-bebidas-roubada-e-recuperada-pela-policia-em-praia-grande","og_locale":"pt_BR","og_type":"article","og_title":"Carga de bebidas roubada \u00e9 recuperada pela Pol\u00edcia em Praia Grande - Litoral SP","og_description":"Policiais Civis do 1\u00ba Distrito Policial de Praia Grande recuperaram uma carga de bebidas que foi roubada no \u00faltimo dia 27 no bairro Nova Mirim.","og_url":"https:\/\/redenoticiaz.com.br\/litoralsp\/2023\/03\/01\/carga-de-bebidas-roubada-e-recuperada-pela-policia-em-praia-grande","og_site_name":"Litoral SP","article_published_time":"2023-03-02T00:42:16+00:00","og_image":[{"width":768,"height":1024,"url":"https:\/\/redenoticiaz.com.br\/litoralsp\/wp-content\/uploads\/sites\/3\/2023\/03\/WhatsApp-Image-2023-03-01-at-17.33.57hhh.jpg","type":"image\/jpeg"}],"author":"Gustavo Silva","twitter_card":"summary_large_image","twitter_misc":{"Escrito por":"Gustavo Silva","Est. tempo de leitura":"2 minutos"},"schema":{"@context":"https:\/\/schema.org","@graph":[{"@type":"Article","@id":"https:\/\/redenoticiaz.com.br\/litoralsp\/2023\/03\/01\/carga-de-bebidas-roubada-e-recuperada-pela-policia-em-praia-grande#article","isPartOf":{"@id":"https:\/\/redenoticiaz.com.br\/litoralsp\/2023\/03\/01\/carga-de-bebidas-roubada-e-recuperada-pela-policia-em-praia-grande"},"author":{"name":"Gustavo Silva","@id":"https:\/\/redenoticiaz.com.br\/litoralsp\/#\/schema\/person\/16057b37a3c0ee6b096d7f887c566e2e"},"headline":"Carga de bebidas roubada \u00e9 recuperada pela Pol\u00edcia em Praia Grande","datePublished":"2023-03-02T00:42:16+00:00","mainEntityOfPage":{"@id":"https:\/\/redenoticiaz.com.br\/litoralsp\/2023\/03\/01\/carga-de-bebidas-roubada-e-recuperada-pela-policia-em-praia-grande"},"wordCount":221,"commentCount":0,"publisher":{"@id":"https:\/\/redenoticiaz.com.br\/litoralsp\/#organization"},"image":{"@id":"https:\/\/redenoticiaz.com.br\/litoralsp\/2023\/03\/01\/carga-de-bebidas-roubada-e-recuperada-pela-policia-em-praia-grande#primaryimage"},"thumbnailUrl":"https:\/\/redenoticiaz.com.br\/litoralsp\/wp-content\/uploads\/sites\/3\/2023\/03\/WhatsApp-Image-2023-03-01-at-17.33.57hhh.jpg","keywords":["BEBIDAS","CARGA","material","PRAIA GRANDE"],"articleSection":["Praia Grande","sem"],"inLanguage":"pt-BR","potentialAction":[{"@type":"CommentAction","name":"Comment","target":["https:\/\/redenoticiaz.com.br\/litoralsp\/2023\/03\/01\/carga-de-bebidas-roubada-e-recuperada-pela-policia-em-praia-grande#respond"]}]},{"@type":"WebPage","@id":"https:\/\/redenoticiaz.com.br\/litoralsp\/2023\/03\/01\/carga-de-bebidas-roubada-e-recuperada-pela-policia-em-praia-grande","url":"https:\/\/redenoticiaz.com.br\/litoralsp\/2023\/03\/01\/carga-de-bebidas-roubada-e-recuperada-pela-policia-em-praia-grande","name":"Carga de bebidas roubada \u00e9 recuperada pela Pol\u00edcia em Praia Grande - Litoral SP","isPartOf":{"@id":"https:\/\/redenoticiaz.com.br\/litoralsp\/#website"},"primaryImageOfPage":{"@id":"https:\/\/redenoticiaz.com.br\/litoralsp\/2023\/03\/01\/carga-de-bebidas-roubada-e-recuperada-pela-policia-em-praia-grande#primaryimage"},"image":{"@id":"https:\/\/redenoticiaz.com.br\/litoralsp\/2023\/03\/01\/carga-de-bebidas-roubada-e-recuperada-pela-policia-em-praia-grande#primaryimage"},"thumbnailUrl":"https:\/\/redenoticiaz.com.br\/litoralsp\/wp-content\/uploads\/sites\/3\/2023\/03\/WhatsApp-Image-2023-03-01-at-17.33.57hhh.jpg","datePublished":"2023-03-02T00:42:16+00:00","description":"Policiais Civis do 1\u00ba Distrito Policial de Praia Grande recuperaram uma carga de bebidas que foi roubada no \u00faltimo dia 27 no bairro Nova Mirim.","inLanguage":"pt-BR","potentialAction":[{"@type":"ReadAction","target":["https:\/\/redenoticiaz.com.br\/litoralsp\/2023\/03\/01\/carga-de-bebidas-roubada-e-recuperada-pela-policia-em-praia-grande"]}]},{"@type":"ImageObject","inLanguage":"pt-BR","@id":"https:\/\/redenoticiaz.com.br\/litoralsp\/2023\/03\/01\/carga-de-bebidas-roubada-e-recuperada-pela-policia-em-praia-grande#primaryimage","url":"https:\/\/redenoticiaz.com.br\/litoralsp\/wp-content\/uploads\/sites\/3\/2023\/03\/WhatsApp-Image-2023-03-01-at-17.33.57hhh.jpg","contentUrl":"https:\/\/redenoticiaz.com.br\/litoralsp\/wp-content\/uploads\/sites\/3\/2023\/03\/WhatsApp-Image-2023-03-01-at-17.33.57hhh.jpg","width":768,"height":1024,"caption":"Todo o material foi recolhido e restitu\u00eddo \u00e0 empresa v\u00edtima, propriet\u00e1ria da carga"},{"@type":"WebSite","@id":"https:\/\/redenoticiaz.com.br\/litoralsp\/#website","url":"https:\/\/redenoticiaz.com.br\/litoralsp\/","name":"Litoral SP","description":"Rede NoticiaZ","publisher":{"@id":"https:\/\/redenoticiaz.com.br\/litoralsp\/#organization"},"potentialAction":[{"@type":"SearchAction","target":{"@type":"EntryPoint","urlTemplate":"https:\/\/redenoticiaz.com.br\/litoralsp\/?s={search_term_string}"},"query-input":{"@type":"PropertyValueSpecification","valueRequired":true,"valueName":"search_term_string"}}],"inLanguage":"pt-BR"},{"@type":"Organization","@id":"https:\/\/redenoticiaz.com.br\/litoralsp\/#organization","name":"Litoral SP","url":"https:\/\/redenoticiaz.com.br\/litoralsp\/","logo":{"@type":"ImageObject","inLanguage":"pt-BR","@id":"https:\/\/redenoticiaz.com.br\/litoralsp\/#\/schema\/logo\/image\/","url":"https:\/\/redenoticiaz.com.br\/litoralsp\/wp-content\/uploads\/sites\/3\/2020\/11\/logo.jpg","contentUrl":"https:\/\/redenoticiaz.com.br\/litoralsp\/wp-content\/uploads\/sites\/3\/2020\/11\/logo.jpg","width":400,"height":250,"caption":"Litoral SP"},"image":{"@id":"https:\/\/redenoticiaz.com.br\/litoralsp\/#\/schema\/logo\/image\/"}},{"@type":"Person","@id":"https:\/\/redenoticiaz.com.br\/litoralsp\/#\/schema\/person\/16057b37a3c0ee6b096d7f887c566e2e","name":"Gustavo Silva","image":{"@type":"ImageObject","inLanguage":"pt-BR","@id":"https:\/\/secure.gravatar.com\/avatar\/3ee4e82f93b26de0a7cf4ea5eb7893da637ed6bb0c9170c58065944c56e28a33?s=96&d=mm&r=g","url":"https:\/\/secure.gravatar.com\/avatar\/3ee4e82f93b26de0a7cf4ea5eb7893da637ed6bb0c9170c58065944c56e28a33?s=96&d=mm&r=g","contentUrl":"https:\/\/secure.gravatar.com\/avatar\/3ee4e82f93b26de0a7cf4ea5eb7893da637ed6bb0c9170c58065944c56e28a33?s=96&d=mm&r=g","caption":"Gustavo Silva"},"url":"https:\/\/redenoticiaz.com.br\/litoralsp\/author\/gustavosilva"}]}},"_links":{"self":[{"href":"https:\/\/redenoticiaz.com.br\/litoralsp\/wp-json\/wp\/v2\/posts\/101713","targetHints":{"allow":["GET"]}}],"collection":[{"href":"https:\/\/redenoticiaz.com.br\/litoralsp\/wp-json\/wp\/v2\/posts"}],"about":[{"href":"https:\/\/redenoticiaz.com.br\/litoralsp\/wp-json\/wp\/v2\/types\/post"}],"author":[{"embeddable":true,"href":"https:\/\/redenoticiaz.com.br\/litoralsp\/wp-json\/wp\/v2\/users\/12"}],"replies":[{"embeddable":true,"href":"https:\/\/redenoticiaz.com.br\/litoralsp\/wp-json\/wp\/v2\/comments?post=101713"}],"version-history":[{"count":1,"href":"https:\/\/redenoticiaz.com.br\/litoralsp\/wp-json\/wp\/v2\/posts\/101713\/revisions"}],"predecessor-version":[{"id":101716,"href":"https:\/\/redenoticiaz.com.br\/litoralsp\/wp-json\/wp\/v2\/posts\/101713\/revisions\/101716"}],"wp:featuredmedia":[{"embeddable":true,"href":"https:\/\/redenoticiaz.com.br\/litoralsp\/wp-json\/wp\/v2\/media\/101715"}],"wp:attachment":[{"href":"https:\/\/redenoticiaz.com.br\/litoralsp\/wp-json\/wp\/v2\/media?parent=101713"}],"wp:term":[{"taxonomy":"category","embeddable":true,"href":"https:\/\/redenoticiaz.com.br\/litoralsp\/wp-json\/wp\/v2\/categories?post=101713"},{"taxonomy":"post_tag","embeddable":true,"href":"https:\/\/redenoticiaz.com.br\/litoralsp\/wp-json\/wp\/v2\/tags?post=101713"}],"curies":[{"name":"wp","href":"https:\/\/api.w.org\/{rel}","templated":true}]}}