{"id":101717,"date":"2023-03-02T08:08:13","date_gmt":"2023-03-02T11:08:13","guid":{"rendered":"https:\/\/redenoticiaz.com.br\/litoralsp\/2023\/03\/02\/governo-federal-assina-mp-para-o-bolsa-familia"},"modified":"2023-03-02T08:08:13","modified_gmt":"2023-03-02T11:08:13","slug":"governo-federal-assina-mp-para-o-bolsa-familia","status":"publish","type":"post","link":"https:\/\/redenoticiaz.com.br\/litoralsp\/2023\/03\/02\/governo-federal-assina-mp-para-o-bolsa-familia","title":{"rendered":"Governo Federal assina MP para o Bolsa Fam\u00edlia"},"content":{"rendered":"<div class=\"post-item-wrap\">\n<p>Nesta quinta-feira (2), o presidente Luiz In\u00e1cio Lula da Silva (PT) vai assinar a medida provis\u00f3ria com novas regras do <strong>programa Bolsa Fam\u00edlia<\/strong>. O evento est\u00e1 previsto para come\u00e7ar \u00e0s 11h, no Pal\u00e1cio do Planalto. Al\u00e9m de retomar as exig\u00eancias das contrapartidas, o programa ter\u00e1 um valor extra para fam\u00edlias maiores.<\/p>\n<p>De acordo com o Governo Federal, entre os adicionais est\u00e1 uma conhecida promessa de campanha de Lula e estabelece um pagamento extra de R$ 150 por crian\u00e7a at\u00e9 6 anos de idade, al\u00e9m dos R$ 600 j\u00e1 recebidos por fam\u00edlia. A novidade anunciada pelo governo \u00e9 um um outro adicional por fam\u00edlia, no valor de R$ 50 por cada dependente entre 7 e 18 anos.<img decoding=\"async\" src=\"https:\/\/agenciabrasil.ebc.com.br\/ebc.png?id=1513609&amp;o=node\" \/><img decoding=\"async\" src=\"https:\/\/agenciabrasil.ebc.com.br\/ebc.gif?id=1513609&amp;o=node\" \/><\/p>\n<p>Os par\u00e2metros do programa social retomam o modelo original desenhado no primeiro governo de Lula, nos anos 2000. O principal deles \u00e9 justamente a retomada das contrapartidas das fam\u00edlias benefici\u00e1rias, como a manuten\u00e7\u00e3o da frequ\u00eancia escolar das crian\u00e7as e a atualiza\u00e7\u00e3o da caderneta de vacina\u00e7\u00e3o. Durante o governo de Jair Bolsonaro, o programa foi substitu\u00eddo pelo Aux\u00edlio Brasil, que n\u00e3o exigia essas contrapartidas.<\/p>\n<h3>Atualiza\u00e7\u00e3o<\/h3>\n<p>O programa tamb\u00e9m ter\u00e1 foco na atualiza\u00e7\u00e3o do Cadastro \u00danico\u00a0e integra\u00e7\u00e3o com o Sistema \u00danico de Assist\u00eancia Social (Suas), com a busca ativa para incluir quem est\u00e1 fora do programa e a revis\u00e3o de benef\u00edcios com ind\u00edcios de irregularidades. Segundo o ministro da Assist\u00eancia e do Desenvolvimento Social, Wellington Dias, haver\u00e1 integra\u00e7\u00e3o com outros 32 programas de governo voltados para a qualidade de vida da popula\u00e7\u00e3o.<\/p>\n<p>Os novos valores foram garantidos com a aprova\u00e7\u00e3o da Proposta de Emenda \u00e0 Constitui\u00e7\u00e3o (PEC) da Transi\u00e7\u00e3o, que estabeleceu que o novo governo ter\u00e1 R$ 145 bilh\u00f5es para al\u00e9m do teto de gastos, dos quais R$ 70 bilh\u00f5es ser\u00e3o para custear o benef\u00edcio social.<\/p>\n<p><strong>LEIA TAMB\u00c9M<\/strong><\/p>\n<p><a href=\"https:\/\/redenoticiaz.com.br\/blog\/2023\/03\/01\/10-familias-sao-removidas-de-area-com-deslizamento-em-vinhedo\">10 fam\u00edlias s\u00e3o removidas de \u00e1rea com deslizamento em Vinhedo<\/a><\/p>\n<\/div>\n","protected":false},"excerpt":{"rendered":"<p>Nesta quinta-feira (2), o presidente Luiz In\u00e1cio Lula da Silva (PT) vai assinar a medida provis\u00f3ria com novas regras do programa Bolsa Fam\u00edlia. O evento est\u00e1 previsto para come\u00e7ar \u00e0s 11h, no Pal\u00e1cio do Planalto. Al\u00e9m de retomar as exig\u00eancias das contrapartidas, o programa ter\u00e1 um valor extra para fam\u00edlias maiores. De acordo com o &hellip;<\/p>\n","protected":false},"author":6,"featured_media":101718,"comment_status":"open","ping_status":"closed","sticky":false,"template":"","format":"standard","meta":{"footnotes":""},"categories":[6470,97],"tags":[173,3790,45923,4110,63705],"class_list":["post-101717","post","type-post","status-publish","format-standard","has-post-thumbnail","hentry","category-acao-social","category-economia","tag-brasil","tag-governo-federal","tag-medida-provisoria","tag-novas-regras","tag-programa-bolsa-familia"],"yoast_head":"<!-- This site is optimized with the Yoast SEO plugin v27.5 - https:\/\/yoast.com\/product\/yoast-seo-wordpress\/ -->\n<title>Governo Federal assina MP para o Bolsa Fam\u00edlia - Litoral SP<\/title>\n<meta name=\"description\" content=\"Nesta quinta-feira (2), o presidente Luiz In\u00e1cio Lula da Silva (PT) vai assinar a medida provis\u00f3ria com novas regras do programa Bolsa Fam\u00edlia. O evento\" \/>\n<meta name=\"robots\" content=\"index, follow, max-snippet:-1, max-image-preview:large, max-video-preview:-1\" \/>\n<link rel=\"canonical\" href=\"https:\/\/redenoticiaz.com.br\/litoralsp\/2023\/03\/02\/governo-federal-assina-mp-para-o-bolsa-familia\" \/>\n<meta property=\"og:locale\" content=\"pt_BR\" \/>\n<meta property=\"og:type\" content=\"article\" \/>\n<meta property=\"og:title\" content=\"Governo Federal assina MP para o Bolsa Fam\u00edlia - Litoral SP\" \/>\n<meta property=\"og:description\" content=\"Nesta quinta-feira (2), o presidente Luiz In\u00e1cio Lula da Silva (PT) vai assinar a medida provis\u00f3ria com novas regras do programa Bolsa Fam\u00edlia. O evento\" \/>\n<meta property=\"og:url\" content=\"https:\/\/redenoticiaz.com.br\/litoralsp\/2023\/03\/02\/governo-federal-assina-mp-para-o-bolsa-familia\" \/>\n<meta property=\"og:site_name\" content=\"Litoral SP\" \/>\n<meta property=\"article:published_time\" content=\"2023-03-02T11:08:13+00:00\" \/>\n<meta property=\"og:image\" content=\"https:\/\/redenoticiaz.com.br\/litoralsp\/wp-content\/uploads\/sites\/3\/2023\/04\/chuva-sts.jpg\" \/>\n\t<meta property=\"og:image:width\" content=\"927\" \/>\n\t<meta property=\"og:image:height\" content=\"522\" \/>\n\t<meta property=\"og:image:type\" content=\"image\/jpeg\" \/>\n<meta name=\"author\" content=\"Leonardo Francisco\" \/>\n<meta name=\"twitter:card\" content=\"summary_large_image\" \/>\n<meta name=\"twitter:label1\" content=\"Escrito por\" \/>\n\t<meta name=\"twitter:data1\" content=\"Leonardo Francisco\" \/>\n\t<meta name=\"twitter:label2\" content=\"Est. tempo de leitura\" \/>\n\t<meta name=\"twitter:data2\" content=\"3 minutos\" \/>\n<script type=\"application\/ld+json\" class=\"yoast-schema-graph\">{\"@context\":\"https:\\\/\\\/schema.org\",\"@graph\":[{\"@type\":\"Article\",\"@id\":\"https:\\\/\\\/redenoticiaz.com.br\\\/litoralsp\\\/2023\\\/03\\\/02\\\/governo-federal-assina-mp-para-o-bolsa-familia#article\",\"isPartOf\":{\"@id\":\"https:\\\/\\\/redenoticiaz.com.br\\\/litoralsp\\\/2023\\\/03\\\/02\\\/governo-federal-assina-mp-para-o-bolsa-familia\"},\"author\":{\"name\":\"Leonardo Francisco\",\"@id\":\"https:\\\/\\\/redenoticiaz.com.br\\\/litoralsp\\\/#\\\/schema\\\/person\\\/0f0b8a5bdafefe82841e07ae8d81ecb3\"},\"headline\":\"Governo Federal assina MP para o Bolsa Fam\u00edlia\",\"datePublished\":\"2023-03-02T11:08:13+00:00\",\"mainEntityOfPage\":{\"@id\":\"https:\\\/\\\/redenoticiaz.com.br\\\/litoralsp\\\/2023\\\/03\\\/02\\\/governo-federal-assina-mp-para-o-bolsa-familia\"},\"wordCount\":342,\"commentCount\":0,\"publisher\":{\"@id\":\"https:\\\/\\\/redenoticiaz.com.br\\\/litoralsp\\\/#organization\"},\"image\":{\"@id\":\"https:\\\/\\\/redenoticiaz.com.br\\\/litoralsp\\\/2023\\\/03\\\/02\\\/governo-federal-assina-mp-para-o-bolsa-familia#primaryimage\"},\"thumbnailUrl\":\"https:\\\/\\\/redenoticiaz.com.br\\\/litoralsp\\\/wp-content\\\/uploads\\\/sites\\\/3\\\/2023\\\/03\\\/real_moeda_dinheiro_mcajr_2904223669.jpg?v=1677755245\",\"keywords\":[\"Brasil\",\"GOVERNO FEDERAL\",\"MEDIDA PROVIS\u00d3RIA\",\"NOVAS REGRAS\",\"PROGRAMA BOLSA FAM\u00cdLIA\"],\"articleSection\":[\"A\u00e7\u00e3o Social\",\"Economia\"],\"inLanguage\":\"pt-BR\",\"potentialAction\":[{\"@type\":\"CommentAction\",\"name\":\"Comment\",\"target\":[\"https:\\\/\\\/redenoticiaz.com.br\\\/litoralsp\\\/2023\\\/03\\\/02\\\/governo-federal-assina-mp-para-o-bolsa-familia#respond\"]}]},{\"@type\":\"WebPage\",\"@id\":\"https:\\\/\\\/redenoticiaz.com.br\\\/litoralsp\\\/2023\\\/03\\\/02\\\/governo-federal-assina-mp-para-o-bolsa-familia\",\"url\":\"https:\\\/\\\/redenoticiaz.com.br\\\/litoralsp\\\/2023\\\/03\\\/02\\\/governo-federal-assina-mp-para-o-bolsa-familia\",\"name\":\"Governo Federal assina MP para o Bolsa Fam\u00edlia - Litoral SP\",\"isPartOf\":{\"@id\":\"https:\\\/\\\/redenoticiaz.com.br\\\/litoralsp\\\/#website\"},\"primaryImageOfPage\":{\"@id\":\"https:\\\/\\\/redenoticiaz.com.br\\\/litoralsp\\\/2023\\\/03\\\/02\\\/governo-federal-assina-mp-para-o-bolsa-familia#primaryimage\"},\"image\":{\"@id\":\"https:\\\/\\\/redenoticiaz.com.br\\\/litoralsp\\\/2023\\\/03\\\/02\\\/governo-federal-assina-mp-para-o-bolsa-familia#primaryimage\"},\"thumbnailUrl\":\"https:\\\/\\\/redenoticiaz.com.br\\\/litoralsp\\\/wp-content\\\/uploads\\\/sites\\\/3\\\/2023\\\/03\\\/real_moeda_dinheiro_mcajr_2904223669.jpg?v=1677755245\",\"datePublished\":\"2023-03-02T11:08:13+00:00\",\"description\":\"Nesta quinta-feira (2), o presidente Luiz In\u00e1cio Lula da Silva (PT) vai assinar a medida provis\u00f3ria com novas regras do programa Bolsa Fam\u00edlia. O evento\",\"inLanguage\":\"pt-BR\",\"potentialAction\":[{\"@type\":\"ReadAction\",\"target\":[\"https:\\\/\\\/redenoticiaz.com.br\\\/litoralsp\\\/2023\\\/03\\\/02\\\/governo-federal-assina-mp-para-o-bolsa-familia\"]}]},{\"@type\":\"ImageObject\",\"inLanguage\":\"pt-BR\",\"@id\":\"https:\\\/\\\/redenoticiaz.com.br\\\/litoralsp\\\/2023\\\/03\\\/02\\\/governo-federal-assina-mp-para-o-bolsa-familia#primaryimage\",\"url\":\"https:\\\/\\\/redenoticiaz.com.br\\\/litoralsp\\\/wp-content\\\/uploads\\\/sites\\\/3\\\/2023\\\/03\\\/real_moeda_dinheiro_mcajr_2904223669.jpg?v=1677755245\",\"contentUrl\":\"https:\\\/\\\/redenoticiaz.com.br\\\/litoralsp\\\/wp-content\\\/uploads\\\/sites\\\/3\\\/2023\\\/03\\\/real_moeda_dinheiro_mcajr_2904223669.jpg?v=1677755245\",\"width\":1170,\"height\":700,\"caption\":\"Cr\u00e9ditos: Divulga\u00e7\u00e3o\\\/Ag\u00eancia Brasil\"},{\"@type\":\"WebSite\",\"@id\":\"https:\\\/\\\/redenoticiaz.com.br\\\/litoralsp\\\/#website\",\"url\":\"https:\\\/\\\/redenoticiaz.com.br\\\/litoralsp\\\/\",\"name\":\"Litoral SP\",\"description\":\"Rede NoticiaZ\",\"publisher\":{\"@id\":\"https:\\\/\\\/redenoticiaz.com.br\\\/litoralsp\\\/#organization\"},\"potentialAction\":[{\"@type\":\"SearchAction\",\"target\":{\"@type\":\"EntryPoint\",\"urlTemplate\":\"https:\\\/\\\/redenoticiaz.com.br\\\/litoralsp\\\/?s={search_term_string}\"},\"query-input\":{\"@type\":\"PropertyValueSpecification\",\"valueRequired\":true,\"valueName\":\"search_term_string\"}}],\"inLanguage\":\"pt-BR\"},{\"@type\":\"Organization\",\"@id\":\"https:\\\/\\\/redenoticiaz.com.br\\\/litoralsp\\\/#organization\",\"name\":\"Litoral SP\",\"url\":\"https:\\\/\\\/redenoticiaz.com.br\\\/litoralsp\\\/\",\"logo\":{\"@type\":\"ImageObject\",\"inLanguage\":\"pt-BR\",\"@id\":\"https:\\\/\\\/redenoticiaz.com.br\\\/litoralsp\\\/#\\\/schema\\\/logo\\\/image\\\/\",\"url\":\"https:\\\/\\\/redenoticiaz.com.br\\\/litoralsp\\\/wp-content\\\/uploads\\\/sites\\\/3\\\/2020\\\/11\\\/logo.jpg\",\"contentUrl\":\"https:\\\/\\\/redenoticiaz.com.br\\\/litoralsp\\\/wp-content\\\/uploads\\\/sites\\\/3\\\/2020\\\/11\\\/logo.jpg\",\"width\":400,\"height\":250,\"caption\":\"Litoral SP\"},\"image\":{\"@id\":\"https:\\\/\\\/redenoticiaz.com.br\\\/litoralsp\\\/#\\\/schema\\\/logo\\\/image\\\/\"}},{\"@type\":\"Person\",\"@id\":\"https:\\\/\\\/redenoticiaz.com.br\\\/litoralsp\\\/#\\\/schema\\\/person\\\/0f0b8a5bdafefe82841e07ae8d81ecb3\",\"name\":\"Leonardo Francisco\",\"image\":{\"@type\":\"ImageObject\",\"inLanguage\":\"pt-BR\",\"@id\":\"https:\\\/\\\/secure.gravatar.com\\\/avatar\\\/a7358cb406a99b682ec6df1e77e31ae82e63601f6784e8a3df411d72b37864da?s=96&d=mm&r=g\",\"url\":\"https:\\\/\\\/secure.gravatar.com\\\/avatar\\\/a7358cb406a99b682ec6df1e77e31ae82e63601f6784e8a3df411d72b37864da?s=96&d=mm&r=g\",\"contentUrl\":\"https:\\\/\\\/secure.gravatar.com\\\/avatar\\\/a7358cb406a99b682ec6df1e77e31ae82e63601f6784e8a3df411d72b37864da?s=96&d=mm&r=g\",\"caption\":\"Leonardo Francisco\"},\"url\":\"https:\\\/\\\/redenoticiaz.com.br\\\/litoralsp\\\/author\\\/leonardo-francisco\"}]}<\/script>\n<!-- \/ Yoast SEO plugin. -->","yoast_head_json":{"title":"Governo Federal assina MP para o Bolsa Fam\u00edlia - Litoral SP","description":"Nesta quinta-feira (2), o presidente Luiz In\u00e1cio Lula da Silva (PT) vai assinar a medida provis\u00f3ria com novas regras do programa Bolsa Fam\u00edlia. O evento","robots":{"index":"index","follow":"follow","max-snippet":"max-snippet:-1","max-image-preview":"max-image-preview:large","max-video-preview":"max-video-preview:-1"},"canonical":"https:\/\/redenoticiaz.com.br\/litoralsp\/2023\/03\/02\/governo-federal-assina-mp-para-o-bolsa-familia","og_locale":"pt_BR","og_type":"article","og_title":"Governo Federal assina MP para o Bolsa Fam\u00edlia - Litoral SP","og_description":"Nesta quinta-feira (2), o presidente Luiz In\u00e1cio Lula da Silva (PT) vai assinar a medida provis\u00f3ria com novas regras do programa Bolsa Fam\u00edlia. O evento","og_url":"https:\/\/redenoticiaz.com.br\/litoralsp\/2023\/03\/02\/governo-federal-assina-mp-para-o-bolsa-familia","og_site_name":"Litoral SP","article_published_time":"2023-03-02T11:08:13+00:00","og_image":[{"width":927,"height":522,"url":"https:\/\/redenoticiaz.com.br\/litoralsp\/wp-content\/uploads\/sites\/3\/2023\/04\/chuva-sts.jpg","type":"image\/jpeg"}],"author":"Leonardo Francisco","twitter_card":"summary_large_image","twitter_misc":{"Escrito por":"Leonardo Francisco","Est. tempo de leitura":"3 minutos"},"schema":{"@context":"https:\/\/schema.org","@graph":[{"@type":"Article","@id":"https:\/\/redenoticiaz.com.br\/litoralsp\/2023\/03\/02\/governo-federal-assina-mp-para-o-bolsa-familia#article","isPartOf":{"@id":"https:\/\/redenoticiaz.com.br\/litoralsp\/2023\/03\/02\/governo-federal-assina-mp-para-o-bolsa-familia"},"author":{"name":"Leonardo Francisco","@id":"https:\/\/redenoticiaz.com.br\/litoralsp\/#\/schema\/person\/0f0b8a5bdafefe82841e07ae8d81ecb3"},"headline":"Governo Federal assina MP para o Bolsa Fam\u00edlia","datePublished":"2023-03-02T11:08:13+00:00","mainEntityOfPage":{"@id":"https:\/\/redenoticiaz.com.br\/litoralsp\/2023\/03\/02\/governo-federal-assina-mp-para-o-bolsa-familia"},"wordCount":342,"commentCount":0,"publisher":{"@id":"https:\/\/redenoticiaz.com.br\/litoralsp\/#organization"},"image":{"@id":"https:\/\/redenoticiaz.com.br\/litoralsp\/2023\/03\/02\/governo-federal-assina-mp-para-o-bolsa-familia#primaryimage"},"thumbnailUrl":"https:\/\/redenoticiaz.com.br\/litoralsp\/wp-content\/uploads\/sites\/3\/2023\/03\/real_moeda_dinheiro_mcajr_2904223669.jpg?v=1677755245","keywords":["Brasil","GOVERNO FEDERAL","MEDIDA PROVIS\u00d3RIA","NOVAS REGRAS","PROGRAMA BOLSA FAM\u00cdLIA"],"articleSection":["A\u00e7\u00e3o Social","Economia"],"inLanguage":"pt-BR","potentialAction":[{"@type":"CommentAction","name":"Comment","target":["https:\/\/redenoticiaz.com.br\/litoralsp\/2023\/03\/02\/governo-federal-assina-mp-para-o-bolsa-familia#respond"]}]},{"@type":"WebPage","@id":"https:\/\/redenoticiaz.com.br\/litoralsp\/2023\/03\/02\/governo-federal-assina-mp-para-o-bolsa-familia","url":"https:\/\/redenoticiaz.com.br\/litoralsp\/2023\/03\/02\/governo-federal-assina-mp-para-o-bolsa-familia","name":"Governo Federal assina MP para o Bolsa Fam\u00edlia - Litoral SP","isPartOf":{"@id":"https:\/\/redenoticiaz.com.br\/litoralsp\/#website"},"primaryImageOfPage":{"@id":"https:\/\/redenoticiaz.com.br\/litoralsp\/2023\/03\/02\/governo-federal-assina-mp-para-o-bolsa-familia#primaryimage"},"image":{"@id":"https:\/\/redenoticiaz.com.br\/litoralsp\/2023\/03\/02\/governo-federal-assina-mp-para-o-bolsa-familia#primaryimage"},"thumbnailUrl":"https:\/\/redenoticiaz.com.br\/litoralsp\/wp-content\/uploads\/sites\/3\/2023\/03\/real_moeda_dinheiro_mcajr_2904223669.jpg?v=1677755245","datePublished":"2023-03-02T11:08:13+00:00","description":"Nesta quinta-feira (2), o presidente Luiz In\u00e1cio Lula da Silva (PT) vai assinar a medida provis\u00f3ria com novas regras do programa Bolsa Fam\u00edlia. O evento","inLanguage":"pt-BR","potentialAction":[{"@type":"ReadAction","target":["https:\/\/redenoticiaz.com.br\/litoralsp\/2023\/03\/02\/governo-federal-assina-mp-para-o-bolsa-familia"]}]},{"@type":"ImageObject","inLanguage":"pt-BR","@id":"https:\/\/redenoticiaz.com.br\/litoralsp\/2023\/03\/02\/governo-federal-assina-mp-para-o-bolsa-familia#primaryimage","url":"https:\/\/redenoticiaz.com.br\/litoralsp\/wp-content\/uploads\/sites\/3\/2023\/03\/real_moeda_dinheiro_mcajr_2904223669.jpg?v=1677755245","contentUrl":"https:\/\/redenoticiaz.com.br\/litoralsp\/wp-content\/uploads\/sites\/3\/2023\/03\/real_moeda_dinheiro_mcajr_2904223669.jpg?v=1677755245","width":1170,"height":700,"caption":"Cr\u00e9ditos: Divulga\u00e7\u00e3o\/Ag\u00eancia Brasil"},{"@type":"WebSite","@id":"https:\/\/redenoticiaz.com.br\/litoralsp\/#website","url":"https:\/\/redenoticiaz.com.br\/litoralsp\/","name":"Litoral SP","description":"Rede NoticiaZ","publisher":{"@id":"https:\/\/redenoticiaz.com.br\/litoralsp\/#organization"},"potentialAction":[{"@type":"SearchAction","target":{"@type":"EntryPoint","urlTemplate":"https:\/\/redenoticiaz.com.br\/litoralsp\/?s={search_term_string}"},"query-input":{"@type":"PropertyValueSpecification","valueRequired":true,"valueName":"search_term_string"}}],"inLanguage":"pt-BR"},{"@type":"Organization","@id":"https:\/\/redenoticiaz.com.br\/litoralsp\/#organization","name":"Litoral SP","url":"https:\/\/redenoticiaz.com.br\/litoralsp\/","logo":{"@type":"ImageObject","inLanguage":"pt-BR","@id":"https:\/\/redenoticiaz.com.br\/litoralsp\/#\/schema\/logo\/image\/","url":"https:\/\/redenoticiaz.com.br\/litoralsp\/wp-content\/uploads\/sites\/3\/2020\/11\/logo.jpg","contentUrl":"https:\/\/redenoticiaz.com.br\/litoralsp\/wp-content\/uploads\/sites\/3\/2020\/11\/logo.jpg","width":400,"height":250,"caption":"Litoral SP"},"image":{"@id":"https:\/\/redenoticiaz.com.br\/litoralsp\/#\/schema\/logo\/image\/"}},{"@type":"Person","@id":"https:\/\/redenoticiaz.com.br\/litoralsp\/#\/schema\/person\/0f0b8a5bdafefe82841e07ae8d81ecb3","name":"Leonardo Francisco","image":{"@type":"ImageObject","inLanguage":"pt-BR","@id":"https:\/\/secure.gravatar.com\/avatar\/a7358cb406a99b682ec6df1e77e31ae82e63601f6784e8a3df411d72b37864da?s=96&d=mm&r=g","url":"https:\/\/secure.gravatar.com\/avatar\/a7358cb406a99b682ec6df1e77e31ae82e63601f6784e8a3df411d72b37864da?s=96&d=mm&r=g","contentUrl":"https:\/\/secure.gravatar.com\/avatar\/a7358cb406a99b682ec6df1e77e31ae82e63601f6784e8a3df411d72b37864da?s=96&d=mm&r=g","caption":"Leonardo Francisco"},"url":"https:\/\/redenoticiaz.com.br\/litoralsp\/author\/leonardo-francisco"}]}},"_links":{"self":[{"href":"https:\/\/redenoticiaz.com.br\/litoralsp\/wp-json\/wp\/v2\/posts\/101717","targetHints":{"allow":["GET"]}}],"collection":[{"href":"https:\/\/redenoticiaz.com.br\/litoralsp\/wp-json\/wp\/v2\/posts"}],"about":[{"href":"https:\/\/redenoticiaz.com.br\/litoralsp\/wp-json\/wp\/v2\/types\/post"}],"author":[{"embeddable":true,"href":"https:\/\/redenoticiaz.com.br\/litoralsp\/wp-json\/wp\/v2\/users\/6"}],"replies":[{"embeddable":true,"href":"https:\/\/redenoticiaz.com.br\/litoralsp\/wp-json\/wp\/v2\/comments?post=101717"}],"version-history":[{"count":0,"href":"https:\/\/redenoticiaz.com.br\/litoralsp\/wp-json\/wp\/v2\/posts\/101717\/revisions"}],"wp:featuredmedia":[{"embeddable":true,"href":"https:\/\/redenoticiaz.com.br\/litoralsp\/wp-json\/wp\/v2\/media\/101718"}],"wp:attachment":[{"href":"https:\/\/redenoticiaz.com.br\/litoralsp\/wp-json\/wp\/v2\/media?parent=101717"}],"wp:term":[{"taxonomy":"category","embeddable":true,"href":"https:\/\/redenoticiaz.com.br\/litoralsp\/wp-json\/wp\/v2\/categories?post=101717"},{"taxonomy":"post_tag","embeddable":true,"href":"https:\/\/redenoticiaz.com.br\/litoralsp\/wp-json\/wp\/v2\/tags?post=101717"}],"curies":[{"name":"wp","href":"https:\/\/api.w.org\/{rel}","templated":true}]}}