{"id":101720,"date":"2023-03-02T08:32:59","date_gmt":"2023-03-02T11:32:59","guid":{"rendered":"https:\/\/redenoticiaz.com.br\/litoralsp\/?p=101720"},"modified":"2023-03-02T08:33:44","modified_gmt":"2023-03-02T11:33:44","slug":"crianca-salva-bebe-de-1-ano-de-ser-afogada-em-mongagua","status":"publish","type":"post","link":"https:\/\/redenoticiaz.com.br\/litoralsp\/2023\/03\/02\/crianca-salva-bebe-de-1-ano-de-ser-afogada-em-mongagua","title":{"rendered":"Crian\u00e7a salva beb\u00ea de 1 ano de ser afogada em Mongagu\u00e1"},"content":{"rendered":"<p>Um menino de 8 anos se tornou &#8216;her\u00f3i&#8217; para o beb\u00ea de 1 ano e 9 meses, que \u00e9 seu primo. A crian\u00e7a mergulhou na piscina ao perceber que o <strong>beb\u00ea estava se afogando<\/strong> e conseguiu salv\u00e1-lo a tempo. C\u00e2meras de monitoramento da resid\u00eancia em Mongagu\u00e1 filmaram toda a a\u00e7\u00e3o.<\/p>\n<p>Nas imagens, \u00e9 poss\u00edvel observar que uma outra crian\u00e7a est\u00e1 na piscina no momento em que o beb\u00ea cai na \u00e1gua, mas ela n\u00e3o percebe a situa\u00e7\u00e3o. Aproximadamente 15 segundos depois da queda, o menino de 8 anos nota o primo com o rosto mergulhado na \u00e1gua e pula para socorr\u00ea-lo.<\/p>\n<p>Segundo a m\u00e3e do menino, tudo foi muito r\u00e1pido e os pais e respons\u00e1veis mal perceberam que o beb\u00ea estava se afogando. S\u00f3 que o garoto agiu r\u00e1pido e conseguiu salv\u00e1-lo. A m\u00e3e diz que as aulas que ele tem no Projeto Surf Escola, teriam sido essenciais para o resgate.<\/p>\n<p>O Projeto Surf Escola \u00e9 uma parceria desde 2021 entre a ONG Esporte Vida e o Grupamento de Bombeiros Mar\u00edtimo (GBMar). De acordo com a m\u00e3e foi l\u00e1 que ele desenvolveu a nata\u00e7\u00e3o, aprendeu a surfar e come\u00e7ou a ter no\u00e7\u00f5es de primeiros socorros para acidentes em \u00e1gua.<\/p>\n<p class=\"content-text__container \" data-track-category=\"Link no Texto\" data-track-links=\"\">A entidade explica que as aulas ocorrem tanto em Mongagu\u00e1, como em Praia Grande, cidade vizinha. Atrav\u00e9s dele crian\u00e7as e adolescentes, de 7 a 17 anos, s\u00e3o ensinadas a nadar e surfar, al\u00e9m de primeiros socorros em acidentes com \u00e1gua. O projeto \u00e9 gratuito e atende 120 crian\u00e7as por turma, mas que precisa de ajuda para a continuidade.<\/p>\n<div id=\"chunk-a7dbh\">\n<div class=\"mc-column content-text active-extra-styles \" data-block-type=\"unstyled\" data-block-weight=\"31\" data-block-id=\"14\">\n<p data-track-category=\"Link no Texto\" data-track-links=\"\"><strong>LEIA TAMB\u00c9M<\/strong><\/p>\n<p data-track-category=\"Link no Texto\" data-track-links=\"\"><a href=\"https:\/\/redenoticiaz.com.br\/litoralsp\/2023\/03\/01\/chuvas-ainda-provocam-deslizamentos-e-alagamentos-em-sao-sebastiao\">Chuvas ainda provocam deslizamentos e alagamentos em S\u00e3o Sebasti\u00e3o<\/a><\/p>\n<\/div>\n<\/div>\n<p>&nbsp;<\/p>\n","protected":false},"excerpt":{"rendered":"<p>Um menino de 8 anos se tornou &#8216;her\u00f3i&#8217; para o beb\u00ea de 1 ano e 9 meses, que \u00e9 seu primo. A crian\u00e7a mergulhou na piscina ao perceber que o beb\u00ea estava se afogando e conseguiu salv\u00e1-lo a tempo. C\u00e2meras de monitoramento da resid\u00eancia em Mongagu\u00e1 filmaram toda a a\u00e7\u00e3o. Nas imagens, \u00e9 poss\u00edvel observar &hellip;<\/p>\n","protected":false},"author":6,"featured_media":101721,"comment_status":"open","ping_status":"closed","sticky":false,"template":"","format":"standard","meta":{"footnotes":""},"categories":[183,10],"tags":[63707,1051,42336,63706],"class_list":["post-101720","post","type-post","status-publish","format-standard","has-post-thumbnail","hentry","category-mongagua","category-policia","tag-crianca-salva-bebe","tag-mongagua","tag-piscina","tag-projeto-surf-escola"],"yoast_head":"<!-- This site is optimized with the Yoast SEO plugin v27.5 - https:\/\/yoast.com\/product\/yoast-seo-wordpress\/ -->\n<title>Crian\u00e7a salva beb\u00ea de 1 ano de ser afogada em Mongagu\u00e1 - Litoral SP<\/title>\n<meta name=\"description\" content=\"menino de 8 anos se tornou &#039;her\u00f3i&#039; para o beb\u00ea de 1 ano e 9 meses, que \u00e9 seu primo. A crian\u00e7a mergulhou na piscina ao perceber que o beb\u00ea estava\" \/>\n<meta name=\"robots\" content=\"index, follow, max-snippet:-1, max-image-preview:large, max-video-preview:-1\" \/>\n<link rel=\"canonical\" href=\"https:\/\/redenoticiaz.com.br\/litoralsp\/2023\/03\/02\/crianca-salva-bebe-de-1-ano-de-ser-afogada-em-mongagua\" \/>\n<meta property=\"og:locale\" content=\"pt_BR\" \/>\n<meta property=\"og:type\" content=\"article\" \/>\n<meta property=\"og:title\" content=\"Crian\u00e7a salva beb\u00ea de 1 ano de ser afogada em Mongagu\u00e1 - Litoral SP\" \/>\n<meta property=\"og:description\" content=\"menino de 8 anos se tornou &#039;her\u00f3i&#039; para o beb\u00ea de 1 ano e 9 meses, que \u00e9 seu primo. A crian\u00e7a mergulhou na piscina ao perceber que o beb\u00ea estava\" \/>\n<meta property=\"og:url\" content=\"https:\/\/redenoticiaz.com.br\/litoralsp\/2023\/03\/02\/crianca-salva-bebe-de-1-ano-de-ser-afogada-em-mongagua\" \/>\n<meta property=\"og:site_name\" content=\"Litoral SP\" \/>\n<meta property=\"article:published_time\" content=\"2023-03-02T11:32:59+00:00\" \/>\n<meta property=\"article:modified_time\" content=\"2023-03-02T11:33:44+00:00\" \/>\n<meta property=\"og:image\" content=\"https:\/\/redenoticiaz.com.br\/litoralsp\/wp-content\/uploads\/sites\/3\/2023\/03\/PISCINA-RESGATE.jpg\" \/>\n\t<meta property=\"og:image:width\" content=\"267\" \/>\n\t<meta property=\"og:image:height\" content=\"321\" \/>\n\t<meta property=\"og:image:type\" content=\"image\/jpeg\" \/>\n<meta name=\"author\" content=\"Leonardo Francisco\" \/>\n<meta name=\"twitter:card\" content=\"summary_large_image\" \/>\n<meta name=\"twitter:label1\" content=\"Escrito por\" \/>\n\t<meta name=\"twitter:data1\" content=\"Leonardo Francisco\" \/>\n\t<meta name=\"twitter:label2\" content=\"Est. tempo de leitura\" \/>\n\t<meta name=\"twitter:data2\" content=\"2 minutos\" \/>\n<script type=\"application\/ld+json\" class=\"yoast-schema-graph\">{\"@context\":\"https:\\\/\\\/schema.org\",\"@graph\":[{\"@type\":\"Article\",\"@id\":\"https:\\\/\\\/redenoticiaz.com.br\\\/litoralsp\\\/2023\\\/03\\\/02\\\/crianca-salva-bebe-de-1-ano-de-ser-afogada-em-mongagua#article\",\"isPartOf\":{\"@id\":\"https:\\\/\\\/redenoticiaz.com.br\\\/litoralsp\\\/2023\\\/03\\\/02\\\/crianca-salva-bebe-de-1-ano-de-ser-afogada-em-mongagua\"},\"author\":{\"name\":\"Leonardo Francisco\",\"@id\":\"https:\\\/\\\/redenoticiaz.com.br\\\/litoralsp\\\/#\\\/schema\\\/person\\\/0f0b8a5bdafefe82841e07ae8d81ecb3\"},\"headline\":\"Crian\u00e7a salva beb\u00ea de 1 ano de ser afogada em Mongagu\u00e1\",\"datePublished\":\"2023-03-02T11:32:59+00:00\",\"dateModified\":\"2023-03-02T11:33:44+00:00\",\"mainEntityOfPage\":{\"@id\":\"https:\\\/\\\/redenoticiaz.com.br\\\/litoralsp\\\/2023\\\/03\\\/02\\\/crianca-salva-bebe-de-1-ano-de-ser-afogada-em-mongagua\"},\"wordCount\":297,\"commentCount\":0,\"publisher\":{\"@id\":\"https:\\\/\\\/redenoticiaz.com.br\\\/litoralsp\\\/#organization\"},\"image\":{\"@id\":\"https:\\\/\\\/redenoticiaz.com.br\\\/litoralsp\\\/2023\\\/03\\\/02\\\/crianca-salva-bebe-de-1-ano-de-ser-afogada-em-mongagua#primaryimage\"},\"thumbnailUrl\":\"https:\\\/\\\/redenoticiaz.com.br\\\/litoralsp\\\/wp-content\\\/uploads\\\/sites\\\/3\\\/2023\\\/03\\\/PISCINA-RESGATE.jpg\",\"keywords\":[\"CRIAN\u00c7A SALVA BEB\u00ca\",\"MONGAGU\u00c1\",\"PISCINA\",\"PROJETO SURF ESCOLA\"],\"articleSection\":[\"Mongagu\u00e1\",\"Pol\u00edcia\"],\"inLanguage\":\"pt-BR\",\"potentialAction\":[{\"@type\":\"CommentAction\",\"name\":\"Comment\",\"target\":[\"https:\\\/\\\/redenoticiaz.com.br\\\/litoralsp\\\/2023\\\/03\\\/02\\\/crianca-salva-bebe-de-1-ano-de-ser-afogada-em-mongagua#respond\"]}]},{\"@type\":\"WebPage\",\"@id\":\"https:\\\/\\\/redenoticiaz.com.br\\\/litoralsp\\\/2023\\\/03\\\/02\\\/crianca-salva-bebe-de-1-ano-de-ser-afogada-em-mongagua\",\"url\":\"https:\\\/\\\/redenoticiaz.com.br\\\/litoralsp\\\/2023\\\/03\\\/02\\\/crianca-salva-bebe-de-1-ano-de-ser-afogada-em-mongagua\",\"name\":\"Crian\u00e7a salva beb\u00ea de 1 ano de ser afogada em Mongagu\u00e1 - Litoral SP\",\"isPartOf\":{\"@id\":\"https:\\\/\\\/redenoticiaz.com.br\\\/litoralsp\\\/#website\"},\"primaryImageOfPage\":{\"@id\":\"https:\\\/\\\/redenoticiaz.com.br\\\/litoralsp\\\/2023\\\/03\\\/02\\\/crianca-salva-bebe-de-1-ano-de-ser-afogada-em-mongagua#primaryimage\"},\"image\":{\"@id\":\"https:\\\/\\\/redenoticiaz.com.br\\\/litoralsp\\\/2023\\\/03\\\/02\\\/crianca-salva-bebe-de-1-ano-de-ser-afogada-em-mongagua#primaryimage\"},\"thumbnailUrl\":\"https:\\\/\\\/redenoticiaz.com.br\\\/litoralsp\\\/wp-content\\\/uploads\\\/sites\\\/3\\\/2023\\\/03\\\/PISCINA-RESGATE.jpg\",\"datePublished\":\"2023-03-02T11:32:59+00:00\",\"dateModified\":\"2023-03-02T11:33:44+00:00\",\"description\":\"menino de 8 anos se tornou 'her\u00f3i' para o beb\u00ea de 1 ano e 9 meses, que \u00e9 seu primo. A crian\u00e7a mergulhou na piscina ao perceber que o beb\u00ea estava\",\"inLanguage\":\"pt-BR\",\"potentialAction\":[{\"@type\":\"ReadAction\",\"target\":[\"https:\\\/\\\/redenoticiaz.com.br\\\/litoralsp\\\/2023\\\/03\\\/02\\\/crianca-salva-bebe-de-1-ano-de-ser-afogada-em-mongagua\"]}]},{\"@type\":\"ImageObject\",\"inLanguage\":\"pt-BR\",\"@id\":\"https:\\\/\\\/redenoticiaz.com.br\\\/litoralsp\\\/2023\\\/03\\\/02\\\/crianca-salva-bebe-de-1-ano-de-ser-afogada-em-mongagua#primaryimage\",\"url\":\"https:\\\/\\\/redenoticiaz.com.br\\\/litoralsp\\\/wp-content\\\/uploads\\\/sites\\\/3\\\/2023\\\/03\\\/PISCINA-RESGATE.jpg\",\"contentUrl\":\"https:\\\/\\\/redenoticiaz.com.br\\\/litoralsp\\\/wp-content\\\/uploads\\\/sites\\\/3\\\/2023\\\/03\\\/PISCINA-RESGATE.jpg\",\"width\":267,\"height\":321,\"caption\":\"O menino foi r\u00e1pido ao perceber algo errado e correu para o resgate. Cr\u00e9ditos: Reprodu\u00e7\u00e3o\"},{\"@type\":\"WebSite\",\"@id\":\"https:\\\/\\\/redenoticiaz.com.br\\\/litoralsp\\\/#website\",\"url\":\"https:\\\/\\\/redenoticiaz.com.br\\\/litoralsp\\\/\",\"name\":\"Litoral SP\",\"description\":\"Rede NoticiaZ\",\"publisher\":{\"@id\":\"https:\\\/\\\/redenoticiaz.com.br\\\/litoralsp\\\/#organization\"},\"potentialAction\":[{\"@type\":\"SearchAction\",\"target\":{\"@type\":\"EntryPoint\",\"urlTemplate\":\"https:\\\/\\\/redenoticiaz.com.br\\\/litoralsp\\\/?s={search_term_string}\"},\"query-input\":{\"@type\":\"PropertyValueSpecification\",\"valueRequired\":true,\"valueName\":\"search_term_string\"}}],\"inLanguage\":\"pt-BR\"},{\"@type\":\"Organization\",\"@id\":\"https:\\\/\\\/redenoticiaz.com.br\\\/litoralsp\\\/#organization\",\"name\":\"Litoral SP\",\"url\":\"https:\\\/\\\/redenoticiaz.com.br\\\/litoralsp\\\/\",\"logo\":{\"@type\":\"ImageObject\",\"inLanguage\":\"pt-BR\",\"@id\":\"https:\\\/\\\/redenoticiaz.com.br\\\/litoralsp\\\/#\\\/schema\\\/logo\\\/image\\\/\",\"url\":\"https:\\\/\\\/redenoticiaz.com.br\\\/litoralsp\\\/wp-content\\\/uploads\\\/sites\\\/3\\\/2020\\\/11\\\/logo.jpg\",\"contentUrl\":\"https:\\\/\\\/redenoticiaz.com.br\\\/litoralsp\\\/wp-content\\\/uploads\\\/sites\\\/3\\\/2020\\\/11\\\/logo.jpg\",\"width\":400,\"height\":250,\"caption\":\"Litoral SP\"},\"image\":{\"@id\":\"https:\\\/\\\/redenoticiaz.com.br\\\/litoralsp\\\/#\\\/schema\\\/logo\\\/image\\\/\"}},{\"@type\":\"Person\",\"@id\":\"https:\\\/\\\/redenoticiaz.com.br\\\/litoralsp\\\/#\\\/schema\\\/person\\\/0f0b8a5bdafefe82841e07ae8d81ecb3\",\"name\":\"Leonardo Francisco\",\"image\":{\"@type\":\"ImageObject\",\"inLanguage\":\"pt-BR\",\"@id\":\"https:\\\/\\\/secure.gravatar.com\\\/avatar\\\/a7358cb406a99b682ec6df1e77e31ae82e63601f6784e8a3df411d72b37864da?s=96&d=mm&r=g\",\"url\":\"https:\\\/\\\/secure.gravatar.com\\\/avatar\\\/a7358cb406a99b682ec6df1e77e31ae82e63601f6784e8a3df411d72b37864da?s=96&d=mm&r=g\",\"contentUrl\":\"https:\\\/\\\/secure.gravatar.com\\\/avatar\\\/a7358cb406a99b682ec6df1e77e31ae82e63601f6784e8a3df411d72b37864da?s=96&d=mm&r=g\",\"caption\":\"Leonardo Francisco\"},\"url\":\"https:\\\/\\\/redenoticiaz.com.br\\\/litoralsp\\\/author\\\/leonardo-francisco\"}]}<\/script>\n<!-- \/ Yoast SEO plugin. -->","yoast_head_json":{"title":"Crian\u00e7a salva beb\u00ea de 1 ano de ser afogada em Mongagu\u00e1 - Litoral SP","description":"menino de 8 anos se tornou 'her\u00f3i' para o beb\u00ea de 1 ano e 9 meses, que \u00e9 seu primo. A crian\u00e7a mergulhou na piscina ao perceber que o beb\u00ea estava","robots":{"index":"index","follow":"follow","max-snippet":"max-snippet:-1","max-image-preview":"max-image-preview:large","max-video-preview":"max-video-preview:-1"},"canonical":"https:\/\/redenoticiaz.com.br\/litoralsp\/2023\/03\/02\/crianca-salva-bebe-de-1-ano-de-ser-afogada-em-mongagua","og_locale":"pt_BR","og_type":"article","og_title":"Crian\u00e7a salva beb\u00ea de 1 ano de ser afogada em Mongagu\u00e1 - Litoral SP","og_description":"menino de 8 anos se tornou 'her\u00f3i' para o beb\u00ea de 1 ano e 9 meses, que \u00e9 seu primo. A crian\u00e7a mergulhou na piscina ao perceber que o beb\u00ea estava","og_url":"https:\/\/redenoticiaz.com.br\/litoralsp\/2023\/03\/02\/crianca-salva-bebe-de-1-ano-de-ser-afogada-em-mongagua","og_site_name":"Litoral SP","article_published_time":"2023-03-02T11:32:59+00:00","article_modified_time":"2023-03-02T11:33:44+00:00","og_image":[{"width":267,"height":321,"url":"https:\/\/redenoticiaz.com.br\/litoralsp\/wp-content\/uploads\/sites\/3\/2023\/03\/PISCINA-RESGATE.jpg","type":"image\/jpeg"}],"author":"Leonardo Francisco","twitter_card":"summary_large_image","twitter_misc":{"Escrito por":"Leonardo Francisco","Est. tempo de leitura":"2 minutos"},"schema":{"@context":"https:\/\/schema.org","@graph":[{"@type":"Article","@id":"https:\/\/redenoticiaz.com.br\/litoralsp\/2023\/03\/02\/crianca-salva-bebe-de-1-ano-de-ser-afogada-em-mongagua#article","isPartOf":{"@id":"https:\/\/redenoticiaz.com.br\/litoralsp\/2023\/03\/02\/crianca-salva-bebe-de-1-ano-de-ser-afogada-em-mongagua"},"author":{"name":"Leonardo Francisco","@id":"https:\/\/redenoticiaz.com.br\/litoralsp\/#\/schema\/person\/0f0b8a5bdafefe82841e07ae8d81ecb3"},"headline":"Crian\u00e7a salva beb\u00ea de 1 ano de ser afogada em Mongagu\u00e1","datePublished":"2023-03-02T11:32:59+00:00","dateModified":"2023-03-02T11:33:44+00:00","mainEntityOfPage":{"@id":"https:\/\/redenoticiaz.com.br\/litoralsp\/2023\/03\/02\/crianca-salva-bebe-de-1-ano-de-ser-afogada-em-mongagua"},"wordCount":297,"commentCount":0,"publisher":{"@id":"https:\/\/redenoticiaz.com.br\/litoralsp\/#organization"},"image":{"@id":"https:\/\/redenoticiaz.com.br\/litoralsp\/2023\/03\/02\/crianca-salva-bebe-de-1-ano-de-ser-afogada-em-mongagua#primaryimage"},"thumbnailUrl":"https:\/\/redenoticiaz.com.br\/litoralsp\/wp-content\/uploads\/sites\/3\/2023\/03\/PISCINA-RESGATE.jpg","keywords":["CRIAN\u00c7A SALVA BEB\u00ca","MONGAGU\u00c1","PISCINA","PROJETO SURF ESCOLA"],"articleSection":["Mongagu\u00e1","Pol\u00edcia"],"inLanguage":"pt-BR","potentialAction":[{"@type":"CommentAction","name":"Comment","target":["https:\/\/redenoticiaz.com.br\/litoralsp\/2023\/03\/02\/crianca-salva-bebe-de-1-ano-de-ser-afogada-em-mongagua#respond"]}]},{"@type":"WebPage","@id":"https:\/\/redenoticiaz.com.br\/litoralsp\/2023\/03\/02\/crianca-salva-bebe-de-1-ano-de-ser-afogada-em-mongagua","url":"https:\/\/redenoticiaz.com.br\/litoralsp\/2023\/03\/02\/crianca-salva-bebe-de-1-ano-de-ser-afogada-em-mongagua","name":"Crian\u00e7a salva beb\u00ea de 1 ano de ser afogada em Mongagu\u00e1 - Litoral SP","isPartOf":{"@id":"https:\/\/redenoticiaz.com.br\/litoralsp\/#website"},"primaryImageOfPage":{"@id":"https:\/\/redenoticiaz.com.br\/litoralsp\/2023\/03\/02\/crianca-salva-bebe-de-1-ano-de-ser-afogada-em-mongagua#primaryimage"},"image":{"@id":"https:\/\/redenoticiaz.com.br\/litoralsp\/2023\/03\/02\/crianca-salva-bebe-de-1-ano-de-ser-afogada-em-mongagua#primaryimage"},"thumbnailUrl":"https:\/\/redenoticiaz.com.br\/litoralsp\/wp-content\/uploads\/sites\/3\/2023\/03\/PISCINA-RESGATE.jpg","datePublished":"2023-03-02T11:32:59+00:00","dateModified":"2023-03-02T11:33:44+00:00","description":"menino de 8 anos se tornou 'her\u00f3i' para o beb\u00ea de 1 ano e 9 meses, que \u00e9 seu primo. A crian\u00e7a mergulhou na piscina ao perceber que o beb\u00ea estava","inLanguage":"pt-BR","potentialAction":[{"@type":"ReadAction","target":["https:\/\/redenoticiaz.com.br\/litoralsp\/2023\/03\/02\/crianca-salva-bebe-de-1-ano-de-ser-afogada-em-mongagua"]}]},{"@type":"ImageObject","inLanguage":"pt-BR","@id":"https:\/\/redenoticiaz.com.br\/litoralsp\/2023\/03\/02\/crianca-salva-bebe-de-1-ano-de-ser-afogada-em-mongagua#primaryimage","url":"https:\/\/redenoticiaz.com.br\/litoralsp\/wp-content\/uploads\/sites\/3\/2023\/03\/PISCINA-RESGATE.jpg","contentUrl":"https:\/\/redenoticiaz.com.br\/litoralsp\/wp-content\/uploads\/sites\/3\/2023\/03\/PISCINA-RESGATE.jpg","width":267,"height":321,"caption":"O menino foi r\u00e1pido ao perceber algo errado e correu para o resgate. Cr\u00e9ditos: Reprodu\u00e7\u00e3o"},{"@type":"WebSite","@id":"https:\/\/redenoticiaz.com.br\/litoralsp\/#website","url":"https:\/\/redenoticiaz.com.br\/litoralsp\/","name":"Litoral SP","description":"Rede NoticiaZ","publisher":{"@id":"https:\/\/redenoticiaz.com.br\/litoralsp\/#organization"},"potentialAction":[{"@type":"SearchAction","target":{"@type":"EntryPoint","urlTemplate":"https:\/\/redenoticiaz.com.br\/litoralsp\/?s={search_term_string}"},"query-input":{"@type":"PropertyValueSpecification","valueRequired":true,"valueName":"search_term_string"}}],"inLanguage":"pt-BR"},{"@type":"Organization","@id":"https:\/\/redenoticiaz.com.br\/litoralsp\/#organization","name":"Litoral SP","url":"https:\/\/redenoticiaz.com.br\/litoralsp\/","logo":{"@type":"ImageObject","inLanguage":"pt-BR","@id":"https:\/\/redenoticiaz.com.br\/litoralsp\/#\/schema\/logo\/image\/","url":"https:\/\/redenoticiaz.com.br\/litoralsp\/wp-content\/uploads\/sites\/3\/2020\/11\/logo.jpg","contentUrl":"https:\/\/redenoticiaz.com.br\/litoralsp\/wp-content\/uploads\/sites\/3\/2020\/11\/logo.jpg","width":400,"height":250,"caption":"Litoral SP"},"image":{"@id":"https:\/\/redenoticiaz.com.br\/litoralsp\/#\/schema\/logo\/image\/"}},{"@type":"Person","@id":"https:\/\/redenoticiaz.com.br\/litoralsp\/#\/schema\/person\/0f0b8a5bdafefe82841e07ae8d81ecb3","name":"Leonardo Francisco","image":{"@type":"ImageObject","inLanguage":"pt-BR","@id":"https:\/\/secure.gravatar.com\/avatar\/a7358cb406a99b682ec6df1e77e31ae82e63601f6784e8a3df411d72b37864da?s=96&d=mm&r=g","url":"https:\/\/secure.gravatar.com\/avatar\/a7358cb406a99b682ec6df1e77e31ae82e63601f6784e8a3df411d72b37864da?s=96&d=mm&r=g","contentUrl":"https:\/\/secure.gravatar.com\/avatar\/a7358cb406a99b682ec6df1e77e31ae82e63601f6784e8a3df411d72b37864da?s=96&d=mm&r=g","caption":"Leonardo Francisco"},"url":"https:\/\/redenoticiaz.com.br\/litoralsp\/author\/leonardo-francisco"}]}},"_links":{"self":[{"href":"https:\/\/redenoticiaz.com.br\/litoralsp\/wp-json\/wp\/v2\/posts\/101720","targetHints":{"allow":["GET"]}}],"collection":[{"href":"https:\/\/redenoticiaz.com.br\/litoralsp\/wp-json\/wp\/v2\/posts"}],"about":[{"href":"https:\/\/redenoticiaz.com.br\/litoralsp\/wp-json\/wp\/v2\/types\/post"}],"author":[{"embeddable":true,"href":"https:\/\/redenoticiaz.com.br\/litoralsp\/wp-json\/wp\/v2\/users\/6"}],"replies":[{"embeddable":true,"href":"https:\/\/redenoticiaz.com.br\/litoralsp\/wp-json\/wp\/v2\/comments?post=101720"}],"version-history":[{"count":2,"href":"https:\/\/redenoticiaz.com.br\/litoralsp\/wp-json\/wp\/v2\/posts\/101720\/revisions"}],"predecessor-version":[{"id":101723,"href":"https:\/\/redenoticiaz.com.br\/litoralsp\/wp-json\/wp\/v2\/posts\/101720\/revisions\/101723"}],"wp:featuredmedia":[{"embeddable":true,"href":"https:\/\/redenoticiaz.com.br\/litoralsp\/wp-json\/wp\/v2\/media\/101721"}],"wp:attachment":[{"href":"https:\/\/redenoticiaz.com.br\/litoralsp\/wp-json\/wp\/v2\/media?parent=101720"}],"wp:term":[{"taxonomy":"category","embeddable":true,"href":"https:\/\/redenoticiaz.com.br\/litoralsp\/wp-json\/wp\/v2\/categories?post=101720"},{"taxonomy":"post_tag","embeddable":true,"href":"https:\/\/redenoticiaz.com.br\/litoralsp\/wp-json\/wp\/v2\/tags?post=101720"}],"curies":[{"name":"wp","href":"https:\/\/api.w.org\/{rel}","templated":true}]}}