{"id":101730,"date":"2023-03-02T11:38:38","date_gmt":"2023-03-02T14:38:38","guid":{"rendered":"https:\/\/redenoticiaz.com.br\/litoralsp\/?p=101730"},"modified":"2023-03-02T11:38:38","modified_gmt":"2023-03-02T14:38:38","slug":"homem-furta-carga-de-trem-em-movimento-no-porto-de-santos","status":"publish","type":"post","link":"https:\/\/redenoticiaz.com.br\/litoralsp\/2023\/03\/02\/homem-furta-carga-de-trem-em-movimento-no-porto-de-santos","title":{"rendered":"Homem furta carga de trem em movimento no Porto de Santos"},"content":{"rendered":"<div id=\"chunk-3ghgd\">\n<div class=\"mc-column content-text active-extra-styles \" data-block-type=\"unstyled\" data-block-weight=\"51\" data-block-id=\"3\">\n<p class=\"content-text__container \" data-track-category=\"Link no Texto\" data-track-links=\"\">Um homem foi flagrado cometendo <strong>furto de carga<\/strong> de um trem na ponte ferrovi\u00e1ria que liga Santos ao Guaruj\u00e1. A \u00e1rea faz parte do Porto de Santos e o criminosos estava em cima de um trem em movimento. Ele estava colocando as sacas em cima do vag\u00e3o enquanto pega mais mercadoria.<\/p>\n<\/div>\n<\/div>\n<div class=\"wall protected-content\">\n<div id=\"chunk-22qb2\">\n<div class=\"mc-column content-text active-extra-styles \" data-block-type=\"unstyled\" data-block-weight=\"58\" data-block-id=\"4\">\n<p class=\"content-text__container \" data-track-category=\"Link no Texto\" data-track-links=\"\">O flagrante foi registrado na ponte da Ilha de Barnab\u00e9, \u00c1rea Continental de Santos na quarta-feira (1). A Rumo, concession\u00e1ria que administra a linha f\u00e9rrea, disse que o furto est\u00e1 sendo apurado pela empresa e foi comunicado para as autoridades policiais para ser investigado. Contudo, a empresa n\u00e3o informou a quantidade de carga furtada e nem qual era o produto.<\/p>\n<div id=\"chunk-vl0v\">\n<div class=\"mc-column content-text active-extra-styles \" data-block-type=\"unstyled\" data-block-weight=\"30\" data-block-id=\"7\">\n<p class=\"content-text__container \" data-track-category=\"Link no Texto\" data-track-links=\"\">\u201cA concession\u00e1ria intensificou as conversas com a Secretaria de Seguran\u00e7a P\u00fablica, comando gerais das pol\u00edcias Militar e Civil e demais autoridades para refor\u00e7ar as opera\u00e7\u00f5es no combate \u00e0 criminalidade&#8221;.<\/p>\n<\/div>\n<\/div>\n<div id=\"chunk-e1kgc\">\n<div class=\"mc-column content-text active-extra-styles \" data-block-type=\"unstyled\" data-block-weight=\"39\" data-block-id=\"8\">\n<p class=\"content-text__container \" data-track-category=\"Link no Texto\" data-track-links=\"\">Segundo a Rumo, a\u00e7\u00f5es como essa afetam n\u00e3o apenas as empresas, mas tamb\u00e9m o fluxo de escoamento da produ\u00e7\u00e3o no Porto de Santos e a economia do Pa\u00eds, al\u00e9m da seguran\u00e7a da comunidade do entorno da opera\u00e7\u00e3o ferrovi\u00e1ria.<\/p>\n<\/div>\n<\/div>\n<div class=\"mc-column content-text active-extra-styles\" data-block-type=\"raw\" data-block-weight=\"2\" data-block-id=\"9\">\n<div class=\"content-intertitle\">\n<h2>Respostas<\/h2>\n<\/div>\n<\/div>\n<div id=\"chunk-5m7g\">\n<div class=\"mc-column content-text active-extra-styles \" data-block-type=\"unstyled\" data-block-weight=\"71\" data-block-id=\"10\">\n<p class=\"content-text__container \" data-track-category=\"Link no Texto\" data-track-links=\"\">Por meio de nota, a Pol\u00edcia Militar informou que a ocorr\u00eancia foi registrada pela Pol\u00edcia Civil. A PM disse que realizou, entre os dias 20 de janeiro e 26 de fevereiro, a Opera\u00e7\u00e3o Impacto \u2013 Modal ferrovi\u00e1rio Litoral Sul, em Cubat\u00e3o e em Vicente de Carvalho, para reduzir a quantidade de crimes contra o setor ferrovi\u00e1rio. Segundo a PM, a opera\u00e7\u00e3o mostrou excelentes resultados, atrav\u00e9s da diminui\u00e7\u00e3o dos \u00edndices criminais.<\/p>\n<\/div>\n<\/div>\n<div id=\"chunk-83ge\">\n<div class=\"mc-column content-text active-extra-styles \" data-block-type=\"unstyled\" data-block-weight=\"55\" data-block-id=\"12\">\n<p class=\"content-text__container \" data-track-category=\"Link no Texto\" data-track-links=\"\">&#8220;Estas a\u00e7\u00f5es s\u00e3o pautadas na intelig\u00eancia policial e planejamento t\u00e9cnico cient\u00edfico e t\u00eam alcan\u00e7ado excelentes resultados, reduzindo significativamente os crimes nas cidades. Grande parte desse sucesso foi fruto da intensifica\u00e7\u00e3o do patrulhamento, bem como o empenho pessoal de cada policial militar na nobre miss\u00e3o de proporcionar seguran\u00e7a p\u00fablica com qualidade\u201d, afirmou a PM, em nota.<\/p>\n<\/div>\n<\/div>\n<div id=\"chunk-88ac5\">\n<div class=\"mc-column content-text active-extra-styles \" data-block-type=\"unstyled\" data-block-weight=\"33\" data-block-id=\"13\">\n<p class=\"content-text__container \" data-track-category=\"Link no Texto\" data-track-links=\"\">J\u00e1 a Secretaria de Seguran\u00e7a P\u00fablica de S\u00e3o Paulo (SSP-SP) n\u00e3o deu retorno sobre o andamento das investiga\u00e7\u00f5es.<\/p>\n<p data-track-category=\"Link no Texto\" data-track-links=\"\"><strong>LEIA TAMB\u00c9M<\/strong><\/p>\n<p data-track-category=\"Link no Texto\" data-track-links=\"\"><a href=\"https:\/\/redenoticiaz.com.br\/litoralsp\/2023\/03\/01\/carga-de-bebidas-roubada-e-recuperada-pela-policia-em-praia-grande\">Carga de bebidas roubada \u00e9 recuperada pela Pol\u00edcia em Praia Grande<\/a><\/p>\n<\/div>\n<\/div>\n<\/div>\n<\/div>\n<\/div>\n","protected":false},"excerpt":{"rendered":"<p>Um homem foi flagrado cometendo furto de carga de um trem na ponte ferrovi\u00e1ria que liga Santos ao Guaruj\u00e1. A \u00e1rea faz parte do Porto de Santos e o criminosos estava em cima de um trem em movimento. Ele estava colocando as sacas em cima do vag\u00e3o enquanto pega mais mercadoria. O flagrante foi registrado &hellip;<\/p>\n","protected":false},"author":6,"featured_media":101732,"comment_status":"open","ping_status":"closed","sticky":false,"template":"","format":"standard","meta":{"footnotes":""},"categories":[187,10,180],"tags":[63713,6426,63712,74,986],"class_list":["post-101730","post","type-post","status-publish","format-standard","has-post-thumbnail","hentry","category-guaruja","category-policia","category-santos","tag-furto-de-carga","tag-guaruja-2","tag-ponte-ferroviaria","tag-porto-de-santos","tag-santos"],"yoast_head":"<!-- This site is optimized with the Yoast SEO plugin v27.5 - https:\/\/yoast.com\/product\/yoast-seo-wordpress\/ -->\n<title>Homem furta carga de trem em movimento no Porto de Santos - Litoral SP<\/title>\n<meta name=\"description\" content=\"Um homem foi flagrado cometendo furto de carga de um trem na ponte ferrovi\u00e1ria que liga Santos ao Guaruj\u00e1. A \u00e1rea faz parte do Porto\" \/>\n<meta name=\"robots\" content=\"index, follow, max-snippet:-1, max-image-preview:large, max-video-preview:-1\" \/>\n<link rel=\"canonical\" href=\"https:\/\/redenoticiaz.com.br\/litoralsp\/2023\/03\/02\/homem-furta-carga-de-trem-em-movimento-no-porto-de-santos\" \/>\n<meta property=\"og:locale\" content=\"pt_BR\" \/>\n<meta property=\"og:type\" content=\"article\" \/>\n<meta property=\"og:title\" content=\"Homem furta carga de trem em movimento no Porto de Santos - Litoral SP\" \/>\n<meta property=\"og:description\" content=\"Um homem foi flagrado cometendo furto de carga de um trem na ponte ferrovi\u00e1ria que liga Santos ao Guaruj\u00e1. A \u00e1rea faz parte do Porto\" \/>\n<meta property=\"og:url\" content=\"https:\/\/redenoticiaz.com.br\/litoralsp\/2023\/03\/02\/homem-furta-carga-de-trem-em-movimento-no-porto-de-santos\" \/>\n<meta property=\"og:site_name\" content=\"Litoral SP\" \/>\n<meta property=\"article:published_time\" content=\"2023-03-02T14:38:38+00:00\" \/>\n<meta property=\"og:image\" content=\"https:\/\/redenoticiaz.com.br\/litoralsp\/wp-content\/uploads\/sites\/3\/2023\/03\/FURTO-CARGA.jpg\" \/>\n\t<meta property=\"og:image:width\" content=\"545\" \/>\n\t<meta property=\"og:image:height\" content=\"268\" \/>\n\t<meta property=\"og:image:type\" content=\"image\/jpeg\" \/>\n<meta name=\"author\" content=\"Leonardo Francisco\" \/>\n<meta name=\"twitter:card\" content=\"summary_large_image\" \/>\n<meta name=\"twitter:label1\" content=\"Escrito por\" \/>\n\t<meta name=\"twitter:data1\" content=\"Leonardo Francisco\" \/>\n\t<meta name=\"twitter:label2\" content=\"Est. tempo de leitura\" \/>\n\t<meta name=\"twitter:data2\" content=\"2 minutos\" \/>\n<script type=\"application\/ld+json\" class=\"yoast-schema-graph\">{\"@context\":\"https:\\\/\\\/schema.org\",\"@graph\":[{\"@type\":\"Article\",\"@id\":\"https:\\\/\\\/redenoticiaz.com.br\\\/litoralsp\\\/2023\\\/03\\\/02\\\/homem-furta-carga-de-trem-em-movimento-no-porto-de-santos#article\",\"isPartOf\":{\"@id\":\"https:\\\/\\\/redenoticiaz.com.br\\\/litoralsp\\\/2023\\\/03\\\/02\\\/homem-furta-carga-de-trem-em-movimento-no-porto-de-santos\"},\"author\":{\"name\":\"Leonardo Francisco\",\"@id\":\"https:\\\/\\\/redenoticiaz.com.br\\\/litoralsp\\\/#\\\/schema\\\/person\\\/0f0b8a5bdafefe82841e07ae8d81ecb3\"},\"headline\":\"Homem furta carga de trem em movimento no Porto de Santos\",\"datePublished\":\"2023-03-02T14:38:38+00:00\",\"mainEntityOfPage\":{\"@id\":\"https:\\\/\\\/redenoticiaz.com.br\\\/litoralsp\\\/2023\\\/03\\\/02\\\/homem-furta-carga-de-trem-em-movimento-no-porto-de-santos\"},\"wordCount\":388,\"commentCount\":0,\"publisher\":{\"@id\":\"https:\\\/\\\/redenoticiaz.com.br\\\/litoralsp\\\/#organization\"},\"image\":{\"@id\":\"https:\\\/\\\/redenoticiaz.com.br\\\/litoralsp\\\/2023\\\/03\\\/02\\\/homem-furta-carga-de-trem-em-movimento-no-porto-de-santos#primaryimage\"},\"thumbnailUrl\":\"https:\\\/\\\/redenoticiaz.com.br\\\/litoralsp\\\/wp-content\\\/uploads\\\/sites\\\/3\\\/2023\\\/03\\\/FURTO-CARGA.jpg\",\"keywords\":[\"FURTO DE CARGA\",\"Guaruj\u00e1\",\"PONTE FERROVI\u00c1RIA\",\"porto de santos\",\"Santos\"],\"articleSection\":[\"Guaruj\u00e1\",\"Pol\u00edcia\",\"Santos\"],\"inLanguage\":\"pt-BR\",\"potentialAction\":[{\"@type\":\"CommentAction\",\"name\":\"Comment\",\"target\":[\"https:\\\/\\\/redenoticiaz.com.br\\\/litoralsp\\\/2023\\\/03\\\/02\\\/homem-furta-carga-de-trem-em-movimento-no-porto-de-santos#respond\"]}]},{\"@type\":\"WebPage\",\"@id\":\"https:\\\/\\\/redenoticiaz.com.br\\\/litoralsp\\\/2023\\\/03\\\/02\\\/homem-furta-carga-de-trem-em-movimento-no-porto-de-santos\",\"url\":\"https:\\\/\\\/redenoticiaz.com.br\\\/litoralsp\\\/2023\\\/03\\\/02\\\/homem-furta-carga-de-trem-em-movimento-no-porto-de-santos\",\"name\":\"Homem furta carga de trem em movimento no Porto de Santos - Litoral SP\",\"isPartOf\":{\"@id\":\"https:\\\/\\\/redenoticiaz.com.br\\\/litoralsp\\\/#website\"},\"primaryImageOfPage\":{\"@id\":\"https:\\\/\\\/redenoticiaz.com.br\\\/litoralsp\\\/2023\\\/03\\\/02\\\/homem-furta-carga-de-trem-em-movimento-no-porto-de-santos#primaryimage\"},\"image\":{\"@id\":\"https:\\\/\\\/redenoticiaz.com.br\\\/litoralsp\\\/2023\\\/03\\\/02\\\/homem-furta-carga-de-trem-em-movimento-no-porto-de-santos#primaryimage\"},\"thumbnailUrl\":\"https:\\\/\\\/redenoticiaz.com.br\\\/litoralsp\\\/wp-content\\\/uploads\\\/sites\\\/3\\\/2023\\\/03\\\/FURTO-CARGA.jpg\",\"datePublished\":\"2023-03-02T14:38:38+00:00\",\"description\":\"Um homem foi flagrado cometendo furto de carga de um trem na ponte ferrovi\u00e1ria que liga Santos ao Guaruj\u00e1. A \u00e1rea faz parte do Porto\",\"inLanguage\":\"pt-BR\",\"potentialAction\":[{\"@type\":\"ReadAction\",\"target\":[\"https:\\\/\\\/redenoticiaz.com.br\\\/litoralsp\\\/2023\\\/03\\\/02\\\/homem-furta-carga-de-trem-em-movimento-no-porto-de-santos\"]}]},{\"@type\":\"ImageObject\",\"inLanguage\":\"pt-BR\",\"@id\":\"https:\\\/\\\/redenoticiaz.com.br\\\/litoralsp\\\/2023\\\/03\\\/02\\\/homem-furta-carga-de-trem-em-movimento-no-porto-de-santos#primaryimage\",\"url\":\"https:\\\/\\\/redenoticiaz.com.br\\\/litoralsp\\\/wp-content\\\/uploads\\\/sites\\\/3\\\/2023\\\/03\\\/FURTO-CARGA.jpg\",\"contentUrl\":\"https:\\\/\\\/redenoticiaz.com.br\\\/litoralsp\\\/wp-content\\\/uploads\\\/sites\\\/3\\\/2023\\\/03\\\/FURTO-CARGA.jpg\",\"width\":545,\"height\":268,\"caption\":\"Cr\u00e9ditos: Reprodu\u00e7\u00e3o\\\/Guaruj\u00e1 Mil Grau\"},{\"@type\":\"WebSite\",\"@id\":\"https:\\\/\\\/redenoticiaz.com.br\\\/litoralsp\\\/#website\",\"url\":\"https:\\\/\\\/redenoticiaz.com.br\\\/litoralsp\\\/\",\"name\":\"Litoral SP\",\"description\":\"Rede NoticiaZ\",\"publisher\":{\"@id\":\"https:\\\/\\\/redenoticiaz.com.br\\\/litoralsp\\\/#organization\"},\"potentialAction\":[{\"@type\":\"SearchAction\",\"target\":{\"@type\":\"EntryPoint\",\"urlTemplate\":\"https:\\\/\\\/redenoticiaz.com.br\\\/litoralsp\\\/?s={search_term_string}\"},\"query-input\":{\"@type\":\"PropertyValueSpecification\",\"valueRequired\":true,\"valueName\":\"search_term_string\"}}],\"inLanguage\":\"pt-BR\"},{\"@type\":\"Organization\",\"@id\":\"https:\\\/\\\/redenoticiaz.com.br\\\/litoralsp\\\/#organization\",\"name\":\"Litoral SP\",\"url\":\"https:\\\/\\\/redenoticiaz.com.br\\\/litoralsp\\\/\",\"logo\":{\"@type\":\"ImageObject\",\"inLanguage\":\"pt-BR\",\"@id\":\"https:\\\/\\\/redenoticiaz.com.br\\\/litoralsp\\\/#\\\/schema\\\/logo\\\/image\\\/\",\"url\":\"https:\\\/\\\/redenoticiaz.com.br\\\/litoralsp\\\/wp-content\\\/uploads\\\/sites\\\/3\\\/2020\\\/11\\\/logo.jpg\",\"contentUrl\":\"https:\\\/\\\/redenoticiaz.com.br\\\/litoralsp\\\/wp-content\\\/uploads\\\/sites\\\/3\\\/2020\\\/11\\\/logo.jpg\",\"width\":400,\"height\":250,\"caption\":\"Litoral SP\"},\"image\":{\"@id\":\"https:\\\/\\\/redenoticiaz.com.br\\\/litoralsp\\\/#\\\/schema\\\/logo\\\/image\\\/\"}},{\"@type\":\"Person\",\"@id\":\"https:\\\/\\\/redenoticiaz.com.br\\\/litoralsp\\\/#\\\/schema\\\/person\\\/0f0b8a5bdafefe82841e07ae8d81ecb3\",\"name\":\"Leonardo Francisco\",\"image\":{\"@type\":\"ImageObject\",\"inLanguage\":\"pt-BR\",\"@id\":\"https:\\\/\\\/secure.gravatar.com\\\/avatar\\\/a7358cb406a99b682ec6df1e77e31ae82e63601f6784e8a3df411d72b37864da?s=96&d=mm&r=g\",\"url\":\"https:\\\/\\\/secure.gravatar.com\\\/avatar\\\/a7358cb406a99b682ec6df1e77e31ae82e63601f6784e8a3df411d72b37864da?s=96&d=mm&r=g\",\"contentUrl\":\"https:\\\/\\\/secure.gravatar.com\\\/avatar\\\/a7358cb406a99b682ec6df1e77e31ae82e63601f6784e8a3df411d72b37864da?s=96&d=mm&r=g\",\"caption\":\"Leonardo Francisco\"},\"url\":\"https:\\\/\\\/redenoticiaz.com.br\\\/litoralsp\\\/author\\\/leonardo-francisco\"}]}<\/script>\n<!-- \/ Yoast SEO plugin. -->","yoast_head_json":{"title":"Homem furta carga de trem em movimento no Porto de Santos - Litoral SP","description":"Um homem foi flagrado cometendo furto de carga de um trem na ponte ferrovi\u00e1ria que liga Santos ao Guaruj\u00e1. A \u00e1rea faz parte do Porto","robots":{"index":"index","follow":"follow","max-snippet":"max-snippet:-1","max-image-preview":"max-image-preview:large","max-video-preview":"max-video-preview:-1"},"canonical":"https:\/\/redenoticiaz.com.br\/litoralsp\/2023\/03\/02\/homem-furta-carga-de-trem-em-movimento-no-porto-de-santos","og_locale":"pt_BR","og_type":"article","og_title":"Homem furta carga de trem em movimento no Porto de Santos - Litoral SP","og_description":"Um homem foi flagrado cometendo furto de carga de um trem na ponte ferrovi\u00e1ria que liga Santos ao Guaruj\u00e1. A \u00e1rea faz parte do Porto","og_url":"https:\/\/redenoticiaz.com.br\/litoralsp\/2023\/03\/02\/homem-furta-carga-de-trem-em-movimento-no-porto-de-santos","og_site_name":"Litoral SP","article_published_time":"2023-03-02T14:38:38+00:00","og_image":[{"width":545,"height":268,"url":"https:\/\/redenoticiaz.com.br\/litoralsp\/wp-content\/uploads\/sites\/3\/2023\/03\/FURTO-CARGA.jpg","type":"image\/jpeg"}],"author":"Leonardo Francisco","twitter_card":"summary_large_image","twitter_misc":{"Escrito por":"Leonardo Francisco","Est. tempo de leitura":"2 minutos"},"schema":{"@context":"https:\/\/schema.org","@graph":[{"@type":"Article","@id":"https:\/\/redenoticiaz.com.br\/litoralsp\/2023\/03\/02\/homem-furta-carga-de-trem-em-movimento-no-porto-de-santos#article","isPartOf":{"@id":"https:\/\/redenoticiaz.com.br\/litoralsp\/2023\/03\/02\/homem-furta-carga-de-trem-em-movimento-no-porto-de-santos"},"author":{"name":"Leonardo Francisco","@id":"https:\/\/redenoticiaz.com.br\/litoralsp\/#\/schema\/person\/0f0b8a5bdafefe82841e07ae8d81ecb3"},"headline":"Homem furta carga de trem em movimento no Porto de Santos","datePublished":"2023-03-02T14:38:38+00:00","mainEntityOfPage":{"@id":"https:\/\/redenoticiaz.com.br\/litoralsp\/2023\/03\/02\/homem-furta-carga-de-trem-em-movimento-no-porto-de-santos"},"wordCount":388,"commentCount":0,"publisher":{"@id":"https:\/\/redenoticiaz.com.br\/litoralsp\/#organization"},"image":{"@id":"https:\/\/redenoticiaz.com.br\/litoralsp\/2023\/03\/02\/homem-furta-carga-de-trem-em-movimento-no-porto-de-santos#primaryimage"},"thumbnailUrl":"https:\/\/redenoticiaz.com.br\/litoralsp\/wp-content\/uploads\/sites\/3\/2023\/03\/FURTO-CARGA.jpg","keywords":["FURTO DE CARGA","Guaruj\u00e1","PONTE FERROVI\u00c1RIA","porto de santos","Santos"],"articleSection":["Guaruj\u00e1","Pol\u00edcia","Santos"],"inLanguage":"pt-BR","potentialAction":[{"@type":"CommentAction","name":"Comment","target":["https:\/\/redenoticiaz.com.br\/litoralsp\/2023\/03\/02\/homem-furta-carga-de-trem-em-movimento-no-porto-de-santos#respond"]}]},{"@type":"WebPage","@id":"https:\/\/redenoticiaz.com.br\/litoralsp\/2023\/03\/02\/homem-furta-carga-de-trem-em-movimento-no-porto-de-santos","url":"https:\/\/redenoticiaz.com.br\/litoralsp\/2023\/03\/02\/homem-furta-carga-de-trem-em-movimento-no-porto-de-santos","name":"Homem furta carga de trem em movimento no Porto de Santos - Litoral SP","isPartOf":{"@id":"https:\/\/redenoticiaz.com.br\/litoralsp\/#website"},"primaryImageOfPage":{"@id":"https:\/\/redenoticiaz.com.br\/litoralsp\/2023\/03\/02\/homem-furta-carga-de-trem-em-movimento-no-porto-de-santos#primaryimage"},"image":{"@id":"https:\/\/redenoticiaz.com.br\/litoralsp\/2023\/03\/02\/homem-furta-carga-de-trem-em-movimento-no-porto-de-santos#primaryimage"},"thumbnailUrl":"https:\/\/redenoticiaz.com.br\/litoralsp\/wp-content\/uploads\/sites\/3\/2023\/03\/FURTO-CARGA.jpg","datePublished":"2023-03-02T14:38:38+00:00","description":"Um homem foi flagrado cometendo furto de carga de um trem na ponte ferrovi\u00e1ria que liga Santos ao Guaruj\u00e1. A \u00e1rea faz parte do Porto","inLanguage":"pt-BR","potentialAction":[{"@type":"ReadAction","target":["https:\/\/redenoticiaz.com.br\/litoralsp\/2023\/03\/02\/homem-furta-carga-de-trem-em-movimento-no-porto-de-santos"]}]},{"@type":"ImageObject","inLanguage":"pt-BR","@id":"https:\/\/redenoticiaz.com.br\/litoralsp\/2023\/03\/02\/homem-furta-carga-de-trem-em-movimento-no-porto-de-santos#primaryimage","url":"https:\/\/redenoticiaz.com.br\/litoralsp\/wp-content\/uploads\/sites\/3\/2023\/03\/FURTO-CARGA.jpg","contentUrl":"https:\/\/redenoticiaz.com.br\/litoralsp\/wp-content\/uploads\/sites\/3\/2023\/03\/FURTO-CARGA.jpg","width":545,"height":268,"caption":"Cr\u00e9ditos: Reprodu\u00e7\u00e3o\/Guaruj\u00e1 Mil Grau"},{"@type":"WebSite","@id":"https:\/\/redenoticiaz.com.br\/litoralsp\/#website","url":"https:\/\/redenoticiaz.com.br\/litoralsp\/","name":"Litoral SP","description":"Rede NoticiaZ","publisher":{"@id":"https:\/\/redenoticiaz.com.br\/litoralsp\/#organization"},"potentialAction":[{"@type":"SearchAction","target":{"@type":"EntryPoint","urlTemplate":"https:\/\/redenoticiaz.com.br\/litoralsp\/?s={search_term_string}"},"query-input":{"@type":"PropertyValueSpecification","valueRequired":true,"valueName":"search_term_string"}}],"inLanguage":"pt-BR"},{"@type":"Organization","@id":"https:\/\/redenoticiaz.com.br\/litoralsp\/#organization","name":"Litoral SP","url":"https:\/\/redenoticiaz.com.br\/litoralsp\/","logo":{"@type":"ImageObject","inLanguage":"pt-BR","@id":"https:\/\/redenoticiaz.com.br\/litoralsp\/#\/schema\/logo\/image\/","url":"https:\/\/redenoticiaz.com.br\/litoralsp\/wp-content\/uploads\/sites\/3\/2020\/11\/logo.jpg","contentUrl":"https:\/\/redenoticiaz.com.br\/litoralsp\/wp-content\/uploads\/sites\/3\/2020\/11\/logo.jpg","width":400,"height":250,"caption":"Litoral SP"},"image":{"@id":"https:\/\/redenoticiaz.com.br\/litoralsp\/#\/schema\/logo\/image\/"}},{"@type":"Person","@id":"https:\/\/redenoticiaz.com.br\/litoralsp\/#\/schema\/person\/0f0b8a5bdafefe82841e07ae8d81ecb3","name":"Leonardo Francisco","image":{"@type":"ImageObject","inLanguage":"pt-BR","@id":"https:\/\/secure.gravatar.com\/avatar\/a7358cb406a99b682ec6df1e77e31ae82e63601f6784e8a3df411d72b37864da?s=96&d=mm&r=g","url":"https:\/\/secure.gravatar.com\/avatar\/a7358cb406a99b682ec6df1e77e31ae82e63601f6784e8a3df411d72b37864da?s=96&d=mm&r=g","contentUrl":"https:\/\/secure.gravatar.com\/avatar\/a7358cb406a99b682ec6df1e77e31ae82e63601f6784e8a3df411d72b37864da?s=96&d=mm&r=g","caption":"Leonardo Francisco"},"url":"https:\/\/redenoticiaz.com.br\/litoralsp\/author\/leonardo-francisco"}]}},"_links":{"self":[{"href":"https:\/\/redenoticiaz.com.br\/litoralsp\/wp-json\/wp\/v2\/posts\/101730","targetHints":{"allow":["GET"]}}],"collection":[{"href":"https:\/\/redenoticiaz.com.br\/litoralsp\/wp-json\/wp\/v2\/posts"}],"about":[{"href":"https:\/\/redenoticiaz.com.br\/litoralsp\/wp-json\/wp\/v2\/types\/post"}],"author":[{"embeddable":true,"href":"https:\/\/redenoticiaz.com.br\/litoralsp\/wp-json\/wp\/v2\/users\/6"}],"replies":[{"embeddable":true,"href":"https:\/\/redenoticiaz.com.br\/litoralsp\/wp-json\/wp\/v2\/comments?post=101730"}],"version-history":[{"count":1,"href":"https:\/\/redenoticiaz.com.br\/litoralsp\/wp-json\/wp\/v2\/posts\/101730\/revisions"}],"predecessor-version":[{"id":101733,"href":"https:\/\/redenoticiaz.com.br\/litoralsp\/wp-json\/wp\/v2\/posts\/101730\/revisions\/101733"}],"wp:featuredmedia":[{"embeddable":true,"href":"https:\/\/redenoticiaz.com.br\/litoralsp\/wp-json\/wp\/v2\/media\/101732"}],"wp:attachment":[{"href":"https:\/\/redenoticiaz.com.br\/litoralsp\/wp-json\/wp\/v2\/media?parent=101730"}],"wp:term":[{"taxonomy":"category","embeddable":true,"href":"https:\/\/redenoticiaz.com.br\/litoralsp\/wp-json\/wp\/v2\/categories?post=101730"},{"taxonomy":"post_tag","embeddable":true,"href":"https:\/\/redenoticiaz.com.br\/litoralsp\/wp-json\/wp\/v2\/tags?post=101730"}],"curies":[{"name":"wp","href":"https:\/\/api.w.org\/{rel}","templated":true}]}}