{"id":101758,"date":"2023-03-02T16:25:58","date_gmt":"2023-03-02T19:25:58","guid":{"rendered":"https:\/\/redenoticiaz.com.br\/litoralsp\/?p=101758"},"modified":"2023-03-02T16:25:58","modified_gmt":"2023-03-02T19:25:58","slug":"flagrado-em-poste-homem-e-preso-em-santos-por-furto-de-fios","status":"publish","type":"post","link":"https:\/\/redenoticiaz.com.br\/litoralsp\/2023\/03\/02\/flagrado-em-poste-homem-e-preso-em-santos-por-furto-de-fios","title":{"rendered":"Flagrado em poste, homem \u00e9 preso em Santos por furto de fios"},"content":{"rendered":"<p>C\u00e2meras do Centro de Controle Operacional (CCO) da Prefeitura ajudaram a prender em flagrante, na madrugada de\u00a0\u00a0quarta-feira (1\u00ba), um homem\u00a0 ap\u00f3s furto de fios el\u00e9tricos no Centro de Santos.<\/p>\n<p>O monitoramento registrou o momento em que o criminoso escalou um poste na Pra\u00e7a Rui Barbosa, cortando a fia\u00e7\u00e3o el\u00e9trica de ilumina\u00e7\u00e3o. Logo em seguida, o homem desce e esconde o material embaixo de um dos bancos da pra\u00e7a.<\/p>\n<p>Viaturas da Guarda Civil Municipal que faziam patrulhamento foram acionadas e conseguiram fazer a deten\u00e7\u00e3o do sujeito.<\/p>\n<p>Com ele foi encontrado cerca de um metro e meio de fia\u00e7\u00e3o el\u00e9trica, al\u00e9m de uma faca e uma l\u00e2mina de serra, utilizadas no crime.<\/p>\n<p>O homem foi conduzido \u00e0 Central de Pol\u00edcia Judici\u00e1ria (CPJ), onde permanece preso.<\/p>\n<p><strong>Leia mais<\/strong><\/p>\n<p><a href=\"https:\/\/redenoticiaz.com.br\/litoralsp\/2023\/03\/02\/homem-furta-carga-de-trem-em-movimento-no-porto-de-santos\">Homem furta carga de trem em movimento no Porto de Santos<\/a><\/p>\n","protected":false},"excerpt":{"rendered":"<p>C\u00e2meras do Centro de Controle Operacional (CCO) da Prefeitura ajudaram a prender em flagrante, na madrugada de\u00a0\u00a0quarta-feira (1\u00ba), um homem\u00a0 ap\u00f3s furto de fios el\u00e9tricos no Centro de Santos. O monitoramento registrou o momento em que o criminoso escalou um poste na Pra\u00e7a Rui Barbosa, cortando a fia\u00e7\u00e3o el\u00e9trica de ilumina\u00e7\u00e3o. Logo em seguida, o &hellip;<\/p>\n","protected":false},"author":12,"featured_media":101759,"comment_status":"open","ping_status":"closed","sticky":false,"template":"","format":"standard","meta":{"footnotes":""},"categories":[180],"tags":[13600,63724,32310,986],"class_list":["post-101758","post","type-post","status-publish","format-standard","has-post-thumbnail","hentry","category-santos","tag-cameras","tag-fios","tag-furto-de-fios","tag-santos"],"yoast_head":"<!-- This site is optimized with the Yoast SEO plugin v27.4 - https:\/\/yoast.com\/product\/yoast-seo-wordpress\/ -->\n<title>Flagrado em poste, homem \u00e9 preso em Santos por furto de fios - Litoral SP<\/title>\n<meta name=\"description\" content=\"C\u00e2meras do CCO da Prefeitura ajudaram a prender em flagrante um homem\u00a0 ap\u00f3s furto de fios el\u00e9tricos no Centro de Santos.\" \/>\n<meta name=\"robots\" content=\"index, follow, max-snippet:-1, max-image-preview:large, max-video-preview:-1\" \/>\n<link rel=\"canonical\" href=\"https:\/\/redenoticiaz.com.br\/litoralsp\/2023\/03\/02\/flagrado-em-poste-homem-e-preso-em-santos-por-furto-de-fios\" \/>\n<meta property=\"og:locale\" content=\"pt_BR\" \/>\n<meta property=\"og:type\" content=\"article\" \/>\n<meta property=\"og:title\" content=\"Flagrado em poste, homem \u00e9 preso em Santos por furto de fios - Litoral SP\" \/>\n<meta property=\"og:description\" content=\"C\u00e2meras do CCO da Prefeitura ajudaram a prender em flagrante um homem\u00a0 ap\u00f3s furto de fios el\u00e9tricos no Centro de Santos.\" \/>\n<meta property=\"og:url\" content=\"https:\/\/redenoticiaz.com.br\/litoralsp\/2023\/03\/02\/flagrado-em-poste-homem-e-preso-em-santos-por-furto-de-fios\" \/>\n<meta property=\"og:site_name\" content=\"Litoral SP\" \/>\n<meta property=\"article:published_time\" content=\"2023-03-02T19:25:58+00:00\" \/>\n<meta property=\"og:image\" content=\"https:\/\/redenoticiaz.com.br\/litoralsp\/wp-content\/uploads\/sites\/3\/2023\/03\/whatsapp_image_2023-03-01_at_02.32.31.jpeg\" \/>\n\t<meta property=\"og:image:width\" content=\"927\" \/>\n\t<meta property=\"og:image:height\" content=\"631\" \/>\n\t<meta property=\"og:image:type\" content=\"image\/jpeg\" \/>\n<meta name=\"author\" content=\"Gustavo Silva\" \/>\n<meta name=\"twitter:card\" content=\"summary_large_image\" \/>\n<meta name=\"twitter:label1\" content=\"Escrito por\" \/>\n\t<meta name=\"twitter:data1\" content=\"Gustavo Silva\" \/>\n\t<meta name=\"twitter:label2\" content=\"Est. tempo de leitura\" \/>\n\t<meta name=\"twitter:data2\" content=\"1 minuto\" \/>\n<script type=\"application\/ld+json\" class=\"yoast-schema-graph\">{\"@context\":\"https:\\\/\\\/schema.org\",\"@graph\":[{\"@type\":\"Article\",\"@id\":\"https:\\\/\\\/redenoticiaz.com.br\\\/litoralsp\\\/2023\\\/03\\\/02\\\/flagrado-em-poste-homem-e-preso-em-santos-por-furto-de-fios#article\",\"isPartOf\":{\"@id\":\"https:\\\/\\\/redenoticiaz.com.br\\\/litoralsp\\\/2023\\\/03\\\/02\\\/flagrado-em-poste-homem-e-preso-em-santos-por-furto-de-fios\"},\"author\":{\"name\":\"Gustavo Silva\",\"@id\":\"https:\\\/\\\/redenoticiaz.com.br\\\/litoralsp\\\/#\\\/schema\\\/person\\\/16057b37a3c0ee6b096d7f887c566e2e\"},\"headline\":\"Flagrado em poste, homem \u00e9 preso em Santos por furto de fios\",\"datePublished\":\"2023-03-02T19:25:58+00:00\",\"mainEntityOfPage\":{\"@id\":\"https:\\\/\\\/redenoticiaz.com.br\\\/litoralsp\\\/2023\\\/03\\\/02\\\/flagrado-em-poste-homem-e-preso-em-santos-por-furto-de-fios\"},\"wordCount\":161,\"commentCount\":0,\"publisher\":{\"@id\":\"https:\\\/\\\/redenoticiaz.com.br\\\/litoralsp\\\/#organization\"},\"image\":{\"@id\":\"https:\\\/\\\/redenoticiaz.com.br\\\/litoralsp\\\/2023\\\/03\\\/02\\\/flagrado-em-poste-homem-e-preso-em-santos-por-furto-de-fios#primaryimage\"},\"thumbnailUrl\":\"https:\\\/\\\/redenoticiaz.com.br\\\/litoralsp\\\/wp-content\\\/uploads\\\/sites\\\/3\\\/2023\\\/03\\\/whatsapp_image_2023-03-01_at_02.32.31.jpeg\",\"keywords\":[\"C\u00c2MERAS\",\"fios\",\"FURTO DE FIOS\",\"Santos\"],\"articleSection\":[\"Santos\"],\"inLanguage\":\"pt-BR\",\"potentialAction\":[{\"@type\":\"CommentAction\",\"name\":\"Comment\",\"target\":[\"https:\\\/\\\/redenoticiaz.com.br\\\/litoralsp\\\/2023\\\/03\\\/02\\\/flagrado-em-poste-homem-e-preso-em-santos-por-furto-de-fios#respond\"]}]},{\"@type\":\"WebPage\",\"@id\":\"https:\\\/\\\/redenoticiaz.com.br\\\/litoralsp\\\/2023\\\/03\\\/02\\\/flagrado-em-poste-homem-e-preso-em-santos-por-furto-de-fios\",\"url\":\"https:\\\/\\\/redenoticiaz.com.br\\\/litoralsp\\\/2023\\\/03\\\/02\\\/flagrado-em-poste-homem-e-preso-em-santos-por-furto-de-fios\",\"name\":\"Flagrado em poste, homem \u00e9 preso em Santos por furto de fios - Litoral SP\",\"isPartOf\":{\"@id\":\"https:\\\/\\\/redenoticiaz.com.br\\\/litoralsp\\\/#website\"},\"primaryImageOfPage\":{\"@id\":\"https:\\\/\\\/redenoticiaz.com.br\\\/litoralsp\\\/2023\\\/03\\\/02\\\/flagrado-em-poste-homem-e-preso-em-santos-por-furto-de-fios#primaryimage\"},\"image\":{\"@id\":\"https:\\\/\\\/redenoticiaz.com.br\\\/litoralsp\\\/2023\\\/03\\\/02\\\/flagrado-em-poste-homem-e-preso-em-santos-por-furto-de-fios#primaryimage\"},\"thumbnailUrl\":\"https:\\\/\\\/redenoticiaz.com.br\\\/litoralsp\\\/wp-content\\\/uploads\\\/sites\\\/3\\\/2023\\\/03\\\/whatsapp_image_2023-03-01_at_02.32.31.jpeg\",\"datePublished\":\"2023-03-02T19:25:58+00:00\",\"description\":\"C\u00e2meras do CCO da Prefeitura ajudaram a prender em flagrante um homem\u00a0 ap\u00f3s furto de fios el\u00e9tricos no Centro de Santos.\",\"inLanguage\":\"pt-BR\",\"potentialAction\":[{\"@type\":\"ReadAction\",\"target\":[\"https:\\\/\\\/redenoticiaz.com.br\\\/litoralsp\\\/2023\\\/03\\\/02\\\/flagrado-em-poste-homem-e-preso-em-santos-por-furto-de-fios\"]}]},{\"@type\":\"ImageObject\",\"inLanguage\":\"pt-BR\",\"@id\":\"https:\\\/\\\/redenoticiaz.com.br\\\/litoralsp\\\/2023\\\/03\\\/02\\\/flagrado-em-poste-homem-e-preso-em-santos-por-furto-de-fios#primaryimage\",\"url\":\"https:\\\/\\\/redenoticiaz.com.br\\\/litoralsp\\\/wp-content\\\/uploads\\\/sites\\\/3\\\/2023\\\/03\\\/whatsapp_image_2023-03-01_at_02.32.31.jpeg\",\"contentUrl\":\"https:\\\/\\\/redenoticiaz.com.br\\\/litoralsp\\\/wp-content\\\/uploads\\\/sites\\\/3\\\/2023\\\/03\\\/whatsapp_image_2023-03-01_at_02.32.31.jpeg\",\"width\":927,\"height\":631,\"caption\":\"Flagrado em poste, homem \u00e9 preso em Santos por furto de fios\"},{\"@type\":\"WebSite\",\"@id\":\"https:\\\/\\\/redenoticiaz.com.br\\\/litoralsp\\\/#website\",\"url\":\"https:\\\/\\\/redenoticiaz.com.br\\\/litoralsp\\\/\",\"name\":\"Litoral SP\",\"description\":\"Rede NoticiaZ\",\"publisher\":{\"@id\":\"https:\\\/\\\/redenoticiaz.com.br\\\/litoralsp\\\/#organization\"},\"potentialAction\":[{\"@type\":\"SearchAction\",\"target\":{\"@type\":\"EntryPoint\",\"urlTemplate\":\"https:\\\/\\\/redenoticiaz.com.br\\\/litoralsp\\\/?s={search_term_string}\"},\"query-input\":{\"@type\":\"PropertyValueSpecification\",\"valueRequired\":true,\"valueName\":\"search_term_string\"}}],\"inLanguage\":\"pt-BR\"},{\"@type\":\"Organization\",\"@id\":\"https:\\\/\\\/redenoticiaz.com.br\\\/litoralsp\\\/#organization\",\"name\":\"Litoral SP\",\"url\":\"https:\\\/\\\/redenoticiaz.com.br\\\/litoralsp\\\/\",\"logo\":{\"@type\":\"ImageObject\",\"inLanguage\":\"pt-BR\",\"@id\":\"https:\\\/\\\/redenoticiaz.com.br\\\/litoralsp\\\/#\\\/schema\\\/logo\\\/image\\\/\",\"url\":\"https:\\\/\\\/redenoticiaz.com.br\\\/litoralsp\\\/wp-content\\\/uploads\\\/sites\\\/3\\\/2020\\\/11\\\/logo.jpg\",\"contentUrl\":\"https:\\\/\\\/redenoticiaz.com.br\\\/litoralsp\\\/wp-content\\\/uploads\\\/sites\\\/3\\\/2020\\\/11\\\/logo.jpg\",\"width\":400,\"height\":250,\"caption\":\"Litoral SP\"},\"image\":{\"@id\":\"https:\\\/\\\/redenoticiaz.com.br\\\/litoralsp\\\/#\\\/schema\\\/logo\\\/image\\\/\"}},{\"@type\":\"Person\",\"@id\":\"https:\\\/\\\/redenoticiaz.com.br\\\/litoralsp\\\/#\\\/schema\\\/person\\\/16057b37a3c0ee6b096d7f887c566e2e\",\"name\":\"Gustavo Silva\",\"image\":{\"@type\":\"ImageObject\",\"inLanguage\":\"pt-BR\",\"@id\":\"https:\\\/\\\/secure.gravatar.com\\\/avatar\\\/3ee4e82f93b26de0a7cf4ea5eb7893da637ed6bb0c9170c58065944c56e28a33?s=96&d=mm&r=g\",\"url\":\"https:\\\/\\\/secure.gravatar.com\\\/avatar\\\/3ee4e82f93b26de0a7cf4ea5eb7893da637ed6bb0c9170c58065944c56e28a33?s=96&d=mm&r=g\",\"contentUrl\":\"https:\\\/\\\/secure.gravatar.com\\\/avatar\\\/3ee4e82f93b26de0a7cf4ea5eb7893da637ed6bb0c9170c58065944c56e28a33?s=96&d=mm&r=g\",\"caption\":\"Gustavo Silva\"},\"url\":\"https:\\\/\\\/redenoticiaz.com.br\\\/litoralsp\\\/author\\\/gustavosilva\"}]}<\/script>\n<!-- \/ Yoast SEO plugin. -->","yoast_head_json":{"title":"Flagrado em poste, homem \u00e9 preso em Santos por furto de fios - Litoral SP","description":"C\u00e2meras do CCO da Prefeitura ajudaram a prender em flagrante um homem\u00a0 ap\u00f3s furto de fios el\u00e9tricos no Centro de Santos.","robots":{"index":"index","follow":"follow","max-snippet":"max-snippet:-1","max-image-preview":"max-image-preview:large","max-video-preview":"max-video-preview:-1"},"canonical":"https:\/\/redenoticiaz.com.br\/litoralsp\/2023\/03\/02\/flagrado-em-poste-homem-e-preso-em-santos-por-furto-de-fios","og_locale":"pt_BR","og_type":"article","og_title":"Flagrado em poste, homem \u00e9 preso em Santos por furto de fios - Litoral SP","og_description":"C\u00e2meras do CCO da Prefeitura ajudaram a prender em flagrante um homem\u00a0 ap\u00f3s furto de fios el\u00e9tricos no Centro de Santos.","og_url":"https:\/\/redenoticiaz.com.br\/litoralsp\/2023\/03\/02\/flagrado-em-poste-homem-e-preso-em-santos-por-furto-de-fios","og_site_name":"Litoral SP","article_published_time":"2023-03-02T19:25:58+00:00","og_image":[{"width":927,"height":631,"url":"https:\/\/redenoticiaz.com.br\/litoralsp\/wp-content\/uploads\/sites\/3\/2023\/03\/whatsapp_image_2023-03-01_at_02.32.31.jpeg","type":"image\/jpeg"}],"author":"Gustavo Silva","twitter_card":"summary_large_image","twitter_misc":{"Escrito por":"Gustavo Silva","Est. tempo de leitura":"1 minuto"},"schema":{"@context":"https:\/\/schema.org","@graph":[{"@type":"Article","@id":"https:\/\/redenoticiaz.com.br\/litoralsp\/2023\/03\/02\/flagrado-em-poste-homem-e-preso-em-santos-por-furto-de-fios#article","isPartOf":{"@id":"https:\/\/redenoticiaz.com.br\/litoralsp\/2023\/03\/02\/flagrado-em-poste-homem-e-preso-em-santos-por-furto-de-fios"},"author":{"name":"Gustavo Silva","@id":"https:\/\/redenoticiaz.com.br\/litoralsp\/#\/schema\/person\/16057b37a3c0ee6b096d7f887c566e2e"},"headline":"Flagrado em poste, homem \u00e9 preso em Santos por furto de fios","datePublished":"2023-03-02T19:25:58+00:00","mainEntityOfPage":{"@id":"https:\/\/redenoticiaz.com.br\/litoralsp\/2023\/03\/02\/flagrado-em-poste-homem-e-preso-em-santos-por-furto-de-fios"},"wordCount":161,"commentCount":0,"publisher":{"@id":"https:\/\/redenoticiaz.com.br\/litoralsp\/#organization"},"image":{"@id":"https:\/\/redenoticiaz.com.br\/litoralsp\/2023\/03\/02\/flagrado-em-poste-homem-e-preso-em-santos-por-furto-de-fios#primaryimage"},"thumbnailUrl":"https:\/\/redenoticiaz.com.br\/litoralsp\/wp-content\/uploads\/sites\/3\/2023\/03\/whatsapp_image_2023-03-01_at_02.32.31.jpeg","keywords":["C\u00c2MERAS","fios","FURTO DE FIOS","Santos"],"articleSection":["Santos"],"inLanguage":"pt-BR","potentialAction":[{"@type":"CommentAction","name":"Comment","target":["https:\/\/redenoticiaz.com.br\/litoralsp\/2023\/03\/02\/flagrado-em-poste-homem-e-preso-em-santos-por-furto-de-fios#respond"]}]},{"@type":"WebPage","@id":"https:\/\/redenoticiaz.com.br\/litoralsp\/2023\/03\/02\/flagrado-em-poste-homem-e-preso-em-santos-por-furto-de-fios","url":"https:\/\/redenoticiaz.com.br\/litoralsp\/2023\/03\/02\/flagrado-em-poste-homem-e-preso-em-santos-por-furto-de-fios","name":"Flagrado em poste, homem \u00e9 preso em Santos por furto de fios - Litoral SP","isPartOf":{"@id":"https:\/\/redenoticiaz.com.br\/litoralsp\/#website"},"primaryImageOfPage":{"@id":"https:\/\/redenoticiaz.com.br\/litoralsp\/2023\/03\/02\/flagrado-em-poste-homem-e-preso-em-santos-por-furto-de-fios#primaryimage"},"image":{"@id":"https:\/\/redenoticiaz.com.br\/litoralsp\/2023\/03\/02\/flagrado-em-poste-homem-e-preso-em-santos-por-furto-de-fios#primaryimage"},"thumbnailUrl":"https:\/\/redenoticiaz.com.br\/litoralsp\/wp-content\/uploads\/sites\/3\/2023\/03\/whatsapp_image_2023-03-01_at_02.32.31.jpeg","datePublished":"2023-03-02T19:25:58+00:00","description":"C\u00e2meras do CCO da Prefeitura ajudaram a prender em flagrante um homem\u00a0 ap\u00f3s furto de fios el\u00e9tricos no Centro de Santos.","inLanguage":"pt-BR","potentialAction":[{"@type":"ReadAction","target":["https:\/\/redenoticiaz.com.br\/litoralsp\/2023\/03\/02\/flagrado-em-poste-homem-e-preso-em-santos-por-furto-de-fios"]}]},{"@type":"ImageObject","inLanguage":"pt-BR","@id":"https:\/\/redenoticiaz.com.br\/litoralsp\/2023\/03\/02\/flagrado-em-poste-homem-e-preso-em-santos-por-furto-de-fios#primaryimage","url":"https:\/\/redenoticiaz.com.br\/litoralsp\/wp-content\/uploads\/sites\/3\/2023\/03\/whatsapp_image_2023-03-01_at_02.32.31.jpeg","contentUrl":"https:\/\/redenoticiaz.com.br\/litoralsp\/wp-content\/uploads\/sites\/3\/2023\/03\/whatsapp_image_2023-03-01_at_02.32.31.jpeg","width":927,"height":631,"caption":"Flagrado em poste, homem \u00e9 preso em Santos por furto de fios"},{"@type":"WebSite","@id":"https:\/\/redenoticiaz.com.br\/litoralsp\/#website","url":"https:\/\/redenoticiaz.com.br\/litoralsp\/","name":"Litoral SP","description":"Rede NoticiaZ","publisher":{"@id":"https:\/\/redenoticiaz.com.br\/litoralsp\/#organization"},"potentialAction":[{"@type":"SearchAction","target":{"@type":"EntryPoint","urlTemplate":"https:\/\/redenoticiaz.com.br\/litoralsp\/?s={search_term_string}"},"query-input":{"@type":"PropertyValueSpecification","valueRequired":true,"valueName":"search_term_string"}}],"inLanguage":"pt-BR"},{"@type":"Organization","@id":"https:\/\/redenoticiaz.com.br\/litoralsp\/#organization","name":"Litoral SP","url":"https:\/\/redenoticiaz.com.br\/litoralsp\/","logo":{"@type":"ImageObject","inLanguage":"pt-BR","@id":"https:\/\/redenoticiaz.com.br\/litoralsp\/#\/schema\/logo\/image\/","url":"https:\/\/redenoticiaz.com.br\/litoralsp\/wp-content\/uploads\/sites\/3\/2020\/11\/logo.jpg","contentUrl":"https:\/\/redenoticiaz.com.br\/litoralsp\/wp-content\/uploads\/sites\/3\/2020\/11\/logo.jpg","width":400,"height":250,"caption":"Litoral SP"},"image":{"@id":"https:\/\/redenoticiaz.com.br\/litoralsp\/#\/schema\/logo\/image\/"}},{"@type":"Person","@id":"https:\/\/redenoticiaz.com.br\/litoralsp\/#\/schema\/person\/16057b37a3c0ee6b096d7f887c566e2e","name":"Gustavo Silva","image":{"@type":"ImageObject","inLanguage":"pt-BR","@id":"https:\/\/secure.gravatar.com\/avatar\/3ee4e82f93b26de0a7cf4ea5eb7893da637ed6bb0c9170c58065944c56e28a33?s=96&d=mm&r=g","url":"https:\/\/secure.gravatar.com\/avatar\/3ee4e82f93b26de0a7cf4ea5eb7893da637ed6bb0c9170c58065944c56e28a33?s=96&d=mm&r=g","contentUrl":"https:\/\/secure.gravatar.com\/avatar\/3ee4e82f93b26de0a7cf4ea5eb7893da637ed6bb0c9170c58065944c56e28a33?s=96&d=mm&r=g","caption":"Gustavo Silva"},"url":"https:\/\/redenoticiaz.com.br\/litoralsp\/author\/gustavosilva"}]}},"_links":{"self":[{"href":"https:\/\/redenoticiaz.com.br\/litoralsp\/wp-json\/wp\/v2\/posts\/101758","targetHints":{"allow":["GET"]}}],"collection":[{"href":"https:\/\/redenoticiaz.com.br\/litoralsp\/wp-json\/wp\/v2\/posts"}],"about":[{"href":"https:\/\/redenoticiaz.com.br\/litoralsp\/wp-json\/wp\/v2\/types\/post"}],"author":[{"embeddable":true,"href":"https:\/\/redenoticiaz.com.br\/litoralsp\/wp-json\/wp\/v2\/users\/12"}],"replies":[{"embeddable":true,"href":"https:\/\/redenoticiaz.com.br\/litoralsp\/wp-json\/wp\/v2\/comments?post=101758"}],"version-history":[{"count":1,"href":"https:\/\/redenoticiaz.com.br\/litoralsp\/wp-json\/wp\/v2\/posts\/101758\/revisions"}],"predecessor-version":[{"id":101760,"href":"https:\/\/redenoticiaz.com.br\/litoralsp\/wp-json\/wp\/v2\/posts\/101758\/revisions\/101760"}],"wp:featuredmedia":[{"embeddable":true,"href":"https:\/\/redenoticiaz.com.br\/litoralsp\/wp-json\/wp\/v2\/media\/101759"}],"wp:attachment":[{"href":"https:\/\/redenoticiaz.com.br\/litoralsp\/wp-json\/wp\/v2\/media?parent=101758"}],"wp:term":[{"taxonomy":"category","embeddable":true,"href":"https:\/\/redenoticiaz.com.br\/litoralsp\/wp-json\/wp\/v2\/categories?post=101758"},{"taxonomy":"post_tag","embeddable":true,"href":"https:\/\/redenoticiaz.com.br\/litoralsp\/wp-json\/wp\/v2\/tags?post=101758"}],"curies":[{"name":"wp","href":"https:\/\/api.w.org\/{rel}","templated":true}]}}