{"id":101853,"date":"2023-03-04T16:08:42","date_gmt":"2023-03-04T19:08:42","guid":{"rendered":"https:\/\/redenoticiaz.com.br\/litoralsp\/2023\/03\/04\/morre-cartunista-paulo-caruso-em-sao-paulo"},"modified":"2023-03-04T16:14:19","modified_gmt":"2023-03-04T19:14:19","slug":"morre-cartunista-paulo-caruso-em-sao-paulo","status":"publish","type":"post","link":"https:\/\/redenoticiaz.com.br\/litoralsp\/2023\/03\/04\/morre-cartunista-paulo-caruso-em-sao-paulo","title":{"rendered":"Morre cartunista Paulo Caruso em S\u00e3o Paulo"},"content":{"rendered":"<p>Morreu na manh\u00e3 deste s\u00e1bado (4) em S\u00e3o Paulo, o cartunista Paulo Caruso, de 73 anos. Ele estava internado no Hospital Nove de Julho, no centro da capital paulista. Nascido na cidade de S\u00e3o Paulo em 6 de dezembro de 1949, Caruso era caricaturista, ilustrador, chargista e m\u00fasico, Paulo Jos\u00e9 Hespanha Caruso tinha um irm\u00e3o g\u00eameo, Chico Caruso, tamb\u00e9m cartunista.<img decoding=\"async\" src=\"https:\/\/agenciabrasil.ebc.com.br\/ebc.png?id=1514269&amp;o=node\" \/><img decoding=\"async\" src=\"https:\/\/agenciabrasil.ebc.com.br\/ebc.gif?id=1514269&amp;o=node\" \/><\/p>\n<p>Desde 1987 esteve no Roda Viva, programa da TV Cultura, ilustrando as entrevistas. Formado em Arquitetura pela FAU &#8211; USP, n\u00e3o seguiu carreira e come\u00e7ou como chargista no Di\u00e1rio Popular em 1960. A partir da\u00ed passou por diversos ve\u00edculos de comunica\u00e7\u00e3o como O Pasquim, revistas Careta, Senhor e Isto\u00e9.<\/p>\n<p>Entre os diversos livros publicados, destaca-se\u00a0<em>As Origens do Capit\u00e3o Bandeira<\/em>, 1983, e outros com cenas ir\u00f4nicas que acompanham a hist\u00f3ria pol\u00edtica brasileira,\u00a0<em>Ecos do Ipiranga<\/em>\u00a0(1984) e\u00a0<em>Bar Brasil na Nova Rep\u00fablica<\/em>\u00a0(1986). Al\u00e9m disso escreveu tamb\u00e9m S\u00e3o Paulo por Paulo Caruso &#8211;\u00a0<em>Um Olhar Bem-Humorado sobre Esta Cidade\u00a0<\/em>(2004), em homenagem aos 450 anos da metr\u00f3pole.<\/p>\n<p>Paulo Caruso recebeu v\u00e1rios pr\u00eamios, como o de melhor desenhista, pela Associa\u00e7\u00e3o Paulista dos Cr\u00edticos de Arte &#8211; APCA, em 1994. Por sua habilidade para a s\u00e1tira e para a caricatura, aliada \u00e0 numerosa produ\u00e7\u00e3o, sua obra \u00e9 mais conhecida do pa\u00eds.<\/p>\n<p><strong>Leia mais<\/strong><\/p>\n<p><a href=\"https:\/\/redenoticiaz.com.br\/blog\/2023\/03\/04\/ator-tom-sizemore-morre-aos-61-anos\">Morte de Vereadora e seu namorado est\u00e1 sendo investigada pela Pol\u00edcia<\/a><\/p>\n","protected":false},"excerpt":{"rendered":"<p>Morreu na manh\u00e3 deste s\u00e1bado (4) em S\u00e3o Paulo, o cartunista Paulo Caruso, de 73 anos. Ele estava internado no Hospital Nove de Julho, no centro da capital paulista. Nascido na cidade de S\u00e3o Paulo em 6 de dezembro de 1949, Caruso era caricaturista, ilustrador, chargista e m\u00fasico, Paulo Jos\u00e9 Hespanha Caruso tinha um irm\u00e3o &hellip;<\/p>\n","protected":false},"author":12,"featured_media":101854,"comment_status":"open","ping_status":"closed","sticky":false,"template":"","format":"standard","meta":{"footnotes":""},"categories":[60954,169,2001,170],"tags":[56565,2944,63780,65],"class_list":["post-101853","post","type-post","status-publish","format-standard","has-post-thumbnail","hentry","category-celebridades","category-cultura","category-cultura-e-musica","category-entretenimento","tag-cartunista","tag-morte","tag-paulo-caruso","tag-sao-paulo"],"yoast_head":"<!-- This site is optimized with the Yoast SEO plugin v27.5 - https:\/\/yoast.com\/product\/yoast-seo-wordpress\/ -->\n<title>Morre cartunista Paulo Caruso em S\u00e3o Paulo - Litoral SP<\/title>\n<meta name=\"description\" content=\"Morreu na manh\u00e3 deste s\u00e1bado (4) em S\u00e3o Paulo, o cartunista Paulo Caruso, de 73 anos. Ele estava internado no Hospital Nove de Julho.\" \/>\n<meta name=\"robots\" content=\"index, follow, max-snippet:-1, max-image-preview:large, max-video-preview:-1\" \/>\n<link rel=\"canonical\" href=\"https:\/\/redenoticiaz.com.br\/litoralsp\/2023\/03\/04\/morre-cartunista-paulo-caruso-em-sao-paulo\" \/>\n<meta property=\"og:locale\" content=\"pt_BR\" \/>\n<meta property=\"og:type\" content=\"article\" \/>\n<meta property=\"og:title\" content=\"Morre cartunista Paulo Caruso em S\u00e3o Paulo - Litoral SP\" \/>\n<meta property=\"og:description\" content=\"Morreu na manh\u00e3 deste s\u00e1bado (4) em S\u00e3o Paulo, o cartunista Paulo Caruso, de 73 anos. Ele estava internado no Hospital Nove de Julho.\" \/>\n<meta property=\"og:url\" content=\"https:\/\/redenoticiaz.com.br\/litoralsp\/2023\/03\/04\/morre-cartunista-paulo-caruso-em-sao-paulo\" \/>\n<meta property=\"og:site_name\" content=\"Litoral SP\" \/>\n<meta property=\"article:published_time\" content=\"2023-03-04T19:08:42+00:00\" \/>\n<meta property=\"article:modified_time\" content=\"2023-03-04T19:14:19+00:00\" \/>\n<meta property=\"og:image\" content=\"https:\/\/redenoticiaz.com.br\/litoralsp\/wp-content\/uploads\/sites\/3\/2023\/03\/paulo_caruso.jpg?v=1677956866\" \/>\n\t<meta property=\"og:image:width\" content=\"1170\" \/>\n\t<meta property=\"og:image:height\" content=\"700\" \/>\n\t<meta property=\"og:image:type\" content=\"image\/jpeg\" \/>\n<meta name=\"author\" content=\"Gustavo Silva\" \/>\n<meta name=\"twitter:card\" content=\"summary_large_image\" \/>\n<meta name=\"twitter:label1\" content=\"Escrito por\" \/>\n\t<meta name=\"twitter:data1\" content=\"Gustavo Silva\" \/>\n\t<meta name=\"twitter:label2\" content=\"Est. tempo de leitura\" \/>\n\t<meta name=\"twitter:data2\" content=\"2 minutos\" \/>\n<script type=\"application\/ld+json\" class=\"yoast-schema-graph\">{\"@context\":\"https:\\\/\\\/schema.org\",\"@graph\":[{\"@type\":\"Article\",\"@id\":\"https:\\\/\\\/redenoticiaz.com.br\\\/litoralsp\\\/2023\\\/03\\\/04\\\/morre-cartunista-paulo-caruso-em-sao-paulo#article\",\"isPartOf\":{\"@id\":\"https:\\\/\\\/redenoticiaz.com.br\\\/litoralsp\\\/2023\\\/03\\\/04\\\/morre-cartunista-paulo-caruso-em-sao-paulo\"},\"author\":{\"name\":\"Gustavo Silva\",\"@id\":\"https:\\\/\\\/redenoticiaz.com.br\\\/litoralsp\\\/#\\\/schema\\\/person\\\/16057b37a3c0ee6b096d7f887c566e2e\"},\"headline\":\"Morre cartunista Paulo Caruso em S\u00e3o Paulo\",\"datePublished\":\"2023-03-04T19:08:42+00:00\",\"dateModified\":\"2023-03-04T19:14:19+00:00\",\"mainEntityOfPage\":{\"@id\":\"https:\\\/\\\/redenoticiaz.com.br\\\/litoralsp\\\/2023\\\/03\\\/04\\\/morre-cartunista-paulo-caruso-em-sao-paulo\"},\"wordCount\":245,\"commentCount\":0,\"publisher\":{\"@id\":\"https:\\\/\\\/redenoticiaz.com.br\\\/litoralsp\\\/#organization\"},\"image\":{\"@id\":\"https:\\\/\\\/redenoticiaz.com.br\\\/litoralsp\\\/2023\\\/03\\\/04\\\/morre-cartunista-paulo-caruso-em-sao-paulo#primaryimage\"},\"thumbnailUrl\":\"https:\\\/\\\/redenoticiaz.com.br\\\/litoralsp\\\/wp-content\\\/uploads\\\/sites\\\/3\\\/2023\\\/03\\\/paulo_caruso.jpg?v=1677956866\",\"keywords\":[\"CARTUNISTA\",\"MORTE\",\"paulo caruso\",\"S\u00e3o Paulo\"],\"articleSection\":[\"Celebridades\",\"Cultura\",\"Cultura e M\u00fasica\",\"Entretenimento\"],\"inLanguage\":\"pt-BR\",\"potentialAction\":[{\"@type\":\"CommentAction\",\"name\":\"Comment\",\"target\":[\"https:\\\/\\\/redenoticiaz.com.br\\\/litoralsp\\\/2023\\\/03\\\/04\\\/morre-cartunista-paulo-caruso-em-sao-paulo#respond\"]}]},{\"@type\":\"WebPage\",\"@id\":\"https:\\\/\\\/redenoticiaz.com.br\\\/litoralsp\\\/2023\\\/03\\\/04\\\/morre-cartunista-paulo-caruso-em-sao-paulo\",\"url\":\"https:\\\/\\\/redenoticiaz.com.br\\\/litoralsp\\\/2023\\\/03\\\/04\\\/morre-cartunista-paulo-caruso-em-sao-paulo\",\"name\":\"Morre cartunista Paulo Caruso em S\u00e3o Paulo - Litoral SP\",\"isPartOf\":{\"@id\":\"https:\\\/\\\/redenoticiaz.com.br\\\/litoralsp\\\/#website\"},\"primaryImageOfPage\":{\"@id\":\"https:\\\/\\\/redenoticiaz.com.br\\\/litoralsp\\\/2023\\\/03\\\/04\\\/morre-cartunista-paulo-caruso-em-sao-paulo#primaryimage\"},\"image\":{\"@id\":\"https:\\\/\\\/redenoticiaz.com.br\\\/litoralsp\\\/2023\\\/03\\\/04\\\/morre-cartunista-paulo-caruso-em-sao-paulo#primaryimage\"},\"thumbnailUrl\":\"https:\\\/\\\/redenoticiaz.com.br\\\/litoralsp\\\/wp-content\\\/uploads\\\/sites\\\/3\\\/2023\\\/03\\\/paulo_caruso.jpg?v=1677956866\",\"datePublished\":\"2023-03-04T19:08:42+00:00\",\"dateModified\":\"2023-03-04T19:14:19+00:00\",\"description\":\"Morreu na manh\u00e3 deste s\u00e1bado (4) em S\u00e3o Paulo, o cartunista Paulo Caruso, de 73 anos. Ele estava internado no Hospital Nove de Julho.\",\"inLanguage\":\"pt-BR\",\"potentialAction\":[{\"@type\":\"ReadAction\",\"target\":[\"https:\\\/\\\/redenoticiaz.com.br\\\/litoralsp\\\/2023\\\/03\\\/04\\\/morre-cartunista-paulo-caruso-em-sao-paulo\"]}]},{\"@type\":\"ImageObject\",\"inLanguage\":\"pt-BR\",\"@id\":\"https:\\\/\\\/redenoticiaz.com.br\\\/litoralsp\\\/2023\\\/03\\\/04\\\/morre-cartunista-paulo-caruso-em-sao-paulo#primaryimage\",\"url\":\"https:\\\/\\\/redenoticiaz.com.br\\\/litoralsp\\\/wp-content\\\/uploads\\\/sites\\\/3\\\/2023\\\/03\\\/paulo_caruso.jpg?v=1677956866\",\"contentUrl\":\"https:\\\/\\\/redenoticiaz.com.br\\\/litoralsp\\\/wp-content\\\/uploads\\\/sites\\\/3\\\/2023\\\/03\\\/paulo_caruso.jpg?v=1677956866\",\"width\":1170,\"height\":700,\"caption\":\"Morre cartunista Paulo Caruso em S\u00e3o Paulo\"},{\"@type\":\"WebSite\",\"@id\":\"https:\\\/\\\/redenoticiaz.com.br\\\/litoralsp\\\/#website\",\"url\":\"https:\\\/\\\/redenoticiaz.com.br\\\/litoralsp\\\/\",\"name\":\"Litoral SP\",\"description\":\"Rede NoticiaZ\",\"publisher\":{\"@id\":\"https:\\\/\\\/redenoticiaz.com.br\\\/litoralsp\\\/#organization\"},\"potentialAction\":[{\"@type\":\"SearchAction\",\"target\":{\"@type\":\"EntryPoint\",\"urlTemplate\":\"https:\\\/\\\/redenoticiaz.com.br\\\/litoralsp\\\/?s={search_term_string}\"},\"query-input\":{\"@type\":\"PropertyValueSpecification\",\"valueRequired\":true,\"valueName\":\"search_term_string\"}}],\"inLanguage\":\"pt-BR\"},{\"@type\":\"Organization\",\"@id\":\"https:\\\/\\\/redenoticiaz.com.br\\\/litoralsp\\\/#organization\",\"name\":\"Litoral SP\",\"url\":\"https:\\\/\\\/redenoticiaz.com.br\\\/litoralsp\\\/\",\"logo\":{\"@type\":\"ImageObject\",\"inLanguage\":\"pt-BR\",\"@id\":\"https:\\\/\\\/redenoticiaz.com.br\\\/litoralsp\\\/#\\\/schema\\\/logo\\\/image\\\/\",\"url\":\"https:\\\/\\\/redenoticiaz.com.br\\\/litoralsp\\\/wp-content\\\/uploads\\\/sites\\\/3\\\/2020\\\/11\\\/logo.jpg\",\"contentUrl\":\"https:\\\/\\\/redenoticiaz.com.br\\\/litoralsp\\\/wp-content\\\/uploads\\\/sites\\\/3\\\/2020\\\/11\\\/logo.jpg\",\"width\":400,\"height\":250,\"caption\":\"Litoral SP\"},\"image\":{\"@id\":\"https:\\\/\\\/redenoticiaz.com.br\\\/litoralsp\\\/#\\\/schema\\\/logo\\\/image\\\/\"}},{\"@type\":\"Person\",\"@id\":\"https:\\\/\\\/redenoticiaz.com.br\\\/litoralsp\\\/#\\\/schema\\\/person\\\/16057b37a3c0ee6b096d7f887c566e2e\",\"name\":\"Gustavo Silva\",\"image\":{\"@type\":\"ImageObject\",\"inLanguage\":\"pt-BR\",\"@id\":\"https:\\\/\\\/secure.gravatar.com\\\/avatar\\\/3ee4e82f93b26de0a7cf4ea5eb7893da637ed6bb0c9170c58065944c56e28a33?s=96&d=mm&r=g\",\"url\":\"https:\\\/\\\/secure.gravatar.com\\\/avatar\\\/3ee4e82f93b26de0a7cf4ea5eb7893da637ed6bb0c9170c58065944c56e28a33?s=96&d=mm&r=g\",\"contentUrl\":\"https:\\\/\\\/secure.gravatar.com\\\/avatar\\\/3ee4e82f93b26de0a7cf4ea5eb7893da637ed6bb0c9170c58065944c56e28a33?s=96&d=mm&r=g\",\"caption\":\"Gustavo Silva\"},\"url\":\"https:\\\/\\\/redenoticiaz.com.br\\\/litoralsp\\\/author\\\/gustavosilva\"}]}<\/script>\n<!-- \/ Yoast SEO plugin. -->","yoast_head_json":{"title":"Morre cartunista Paulo Caruso em S\u00e3o Paulo - Litoral SP","description":"Morreu na manh\u00e3 deste s\u00e1bado (4) em S\u00e3o Paulo, o cartunista Paulo Caruso, de 73 anos. Ele estava internado no Hospital Nove de Julho.","robots":{"index":"index","follow":"follow","max-snippet":"max-snippet:-1","max-image-preview":"max-image-preview:large","max-video-preview":"max-video-preview:-1"},"canonical":"https:\/\/redenoticiaz.com.br\/litoralsp\/2023\/03\/04\/morre-cartunista-paulo-caruso-em-sao-paulo","og_locale":"pt_BR","og_type":"article","og_title":"Morre cartunista Paulo Caruso em S\u00e3o Paulo - Litoral SP","og_description":"Morreu na manh\u00e3 deste s\u00e1bado (4) em S\u00e3o Paulo, o cartunista Paulo Caruso, de 73 anos. Ele estava internado no Hospital Nove de Julho.","og_url":"https:\/\/redenoticiaz.com.br\/litoralsp\/2023\/03\/04\/morre-cartunista-paulo-caruso-em-sao-paulo","og_site_name":"Litoral SP","article_published_time":"2023-03-04T19:08:42+00:00","article_modified_time":"2023-03-04T19:14:19+00:00","og_image":[{"width":1170,"height":700,"url":"https:\/\/redenoticiaz.com.br\/litoralsp\/wp-content\/uploads\/sites\/3\/2023\/03\/paulo_caruso.jpg?v=1677956866","type":"image\/jpeg"}],"author":"Gustavo Silva","twitter_card":"summary_large_image","twitter_misc":{"Escrito por":"Gustavo Silva","Est. tempo de leitura":"2 minutos"},"schema":{"@context":"https:\/\/schema.org","@graph":[{"@type":"Article","@id":"https:\/\/redenoticiaz.com.br\/litoralsp\/2023\/03\/04\/morre-cartunista-paulo-caruso-em-sao-paulo#article","isPartOf":{"@id":"https:\/\/redenoticiaz.com.br\/litoralsp\/2023\/03\/04\/morre-cartunista-paulo-caruso-em-sao-paulo"},"author":{"name":"Gustavo Silva","@id":"https:\/\/redenoticiaz.com.br\/litoralsp\/#\/schema\/person\/16057b37a3c0ee6b096d7f887c566e2e"},"headline":"Morre cartunista Paulo Caruso em S\u00e3o Paulo","datePublished":"2023-03-04T19:08:42+00:00","dateModified":"2023-03-04T19:14:19+00:00","mainEntityOfPage":{"@id":"https:\/\/redenoticiaz.com.br\/litoralsp\/2023\/03\/04\/morre-cartunista-paulo-caruso-em-sao-paulo"},"wordCount":245,"commentCount":0,"publisher":{"@id":"https:\/\/redenoticiaz.com.br\/litoralsp\/#organization"},"image":{"@id":"https:\/\/redenoticiaz.com.br\/litoralsp\/2023\/03\/04\/morre-cartunista-paulo-caruso-em-sao-paulo#primaryimage"},"thumbnailUrl":"https:\/\/redenoticiaz.com.br\/litoralsp\/wp-content\/uploads\/sites\/3\/2023\/03\/paulo_caruso.jpg?v=1677956866","keywords":["CARTUNISTA","MORTE","paulo caruso","S\u00e3o Paulo"],"articleSection":["Celebridades","Cultura","Cultura e M\u00fasica","Entretenimento"],"inLanguage":"pt-BR","potentialAction":[{"@type":"CommentAction","name":"Comment","target":["https:\/\/redenoticiaz.com.br\/litoralsp\/2023\/03\/04\/morre-cartunista-paulo-caruso-em-sao-paulo#respond"]}]},{"@type":"WebPage","@id":"https:\/\/redenoticiaz.com.br\/litoralsp\/2023\/03\/04\/morre-cartunista-paulo-caruso-em-sao-paulo","url":"https:\/\/redenoticiaz.com.br\/litoralsp\/2023\/03\/04\/morre-cartunista-paulo-caruso-em-sao-paulo","name":"Morre cartunista Paulo Caruso em S\u00e3o Paulo - Litoral SP","isPartOf":{"@id":"https:\/\/redenoticiaz.com.br\/litoralsp\/#website"},"primaryImageOfPage":{"@id":"https:\/\/redenoticiaz.com.br\/litoralsp\/2023\/03\/04\/morre-cartunista-paulo-caruso-em-sao-paulo#primaryimage"},"image":{"@id":"https:\/\/redenoticiaz.com.br\/litoralsp\/2023\/03\/04\/morre-cartunista-paulo-caruso-em-sao-paulo#primaryimage"},"thumbnailUrl":"https:\/\/redenoticiaz.com.br\/litoralsp\/wp-content\/uploads\/sites\/3\/2023\/03\/paulo_caruso.jpg?v=1677956866","datePublished":"2023-03-04T19:08:42+00:00","dateModified":"2023-03-04T19:14:19+00:00","description":"Morreu na manh\u00e3 deste s\u00e1bado (4) em S\u00e3o Paulo, o cartunista Paulo Caruso, de 73 anos. Ele estava internado no Hospital Nove de Julho.","inLanguage":"pt-BR","potentialAction":[{"@type":"ReadAction","target":["https:\/\/redenoticiaz.com.br\/litoralsp\/2023\/03\/04\/morre-cartunista-paulo-caruso-em-sao-paulo"]}]},{"@type":"ImageObject","inLanguage":"pt-BR","@id":"https:\/\/redenoticiaz.com.br\/litoralsp\/2023\/03\/04\/morre-cartunista-paulo-caruso-em-sao-paulo#primaryimage","url":"https:\/\/redenoticiaz.com.br\/litoralsp\/wp-content\/uploads\/sites\/3\/2023\/03\/paulo_caruso.jpg?v=1677956866","contentUrl":"https:\/\/redenoticiaz.com.br\/litoralsp\/wp-content\/uploads\/sites\/3\/2023\/03\/paulo_caruso.jpg?v=1677956866","width":1170,"height":700,"caption":"Morre cartunista Paulo Caruso em S\u00e3o Paulo"},{"@type":"WebSite","@id":"https:\/\/redenoticiaz.com.br\/litoralsp\/#website","url":"https:\/\/redenoticiaz.com.br\/litoralsp\/","name":"Litoral SP","description":"Rede NoticiaZ","publisher":{"@id":"https:\/\/redenoticiaz.com.br\/litoralsp\/#organization"},"potentialAction":[{"@type":"SearchAction","target":{"@type":"EntryPoint","urlTemplate":"https:\/\/redenoticiaz.com.br\/litoralsp\/?s={search_term_string}"},"query-input":{"@type":"PropertyValueSpecification","valueRequired":true,"valueName":"search_term_string"}}],"inLanguage":"pt-BR"},{"@type":"Organization","@id":"https:\/\/redenoticiaz.com.br\/litoralsp\/#organization","name":"Litoral SP","url":"https:\/\/redenoticiaz.com.br\/litoralsp\/","logo":{"@type":"ImageObject","inLanguage":"pt-BR","@id":"https:\/\/redenoticiaz.com.br\/litoralsp\/#\/schema\/logo\/image\/","url":"https:\/\/redenoticiaz.com.br\/litoralsp\/wp-content\/uploads\/sites\/3\/2020\/11\/logo.jpg","contentUrl":"https:\/\/redenoticiaz.com.br\/litoralsp\/wp-content\/uploads\/sites\/3\/2020\/11\/logo.jpg","width":400,"height":250,"caption":"Litoral SP"},"image":{"@id":"https:\/\/redenoticiaz.com.br\/litoralsp\/#\/schema\/logo\/image\/"}},{"@type":"Person","@id":"https:\/\/redenoticiaz.com.br\/litoralsp\/#\/schema\/person\/16057b37a3c0ee6b096d7f887c566e2e","name":"Gustavo Silva","image":{"@type":"ImageObject","inLanguage":"pt-BR","@id":"https:\/\/secure.gravatar.com\/avatar\/3ee4e82f93b26de0a7cf4ea5eb7893da637ed6bb0c9170c58065944c56e28a33?s=96&d=mm&r=g","url":"https:\/\/secure.gravatar.com\/avatar\/3ee4e82f93b26de0a7cf4ea5eb7893da637ed6bb0c9170c58065944c56e28a33?s=96&d=mm&r=g","contentUrl":"https:\/\/secure.gravatar.com\/avatar\/3ee4e82f93b26de0a7cf4ea5eb7893da637ed6bb0c9170c58065944c56e28a33?s=96&d=mm&r=g","caption":"Gustavo Silva"},"url":"https:\/\/redenoticiaz.com.br\/litoralsp\/author\/gustavosilva"}]}},"_links":{"self":[{"href":"https:\/\/redenoticiaz.com.br\/litoralsp\/wp-json\/wp\/v2\/posts\/101853","targetHints":{"allow":["GET"]}}],"collection":[{"href":"https:\/\/redenoticiaz.com.br\/litoralsp\/wp-json\/wp\/v2\/posts"}],"about":[{"href":"https:\/\/redenoticiaz.com.br\/litoralsp\/wp-json\/wp\/v2\/types\/post"}],"author":[{"embeddable":true,"href":"https:\/\/redenoticiaz.com.br\/litoralsp\/wp-json\/wp\/v2\/users\/12"}],"replies":[{"embeddable":true,"href":"https:\/\/redenoticiaz.com.br\/litoralsp\/wp-json\/wp\/v2\/comments?post=101853"}],"version-history":[{"count":0,"href":"https:\/\/redenoticiaz.com.br\/litoralsp\/wp-json\/wp\/v2\/posts\/101853\/revisions"}],"wp:featuredmedia":[{"embeddable":true,"href":"https:\/\/redenoticiaz.com.br\/litoralsp\/wp-json\/wp\/v2\/media\/101854"}],"wp:attachment":[{"href":"https:\/\/redenoticiaz.com.br\/litoralsp\/wp-json\/wp\/v2\/media?parent=101853"}],"wp:term":[{"taxonomy":"category","embeddable":true,"href":"https:\/\/redenoticiaz.com.br\/litoralsp\/wp-json\/wp\/v2\/categories?post=101853"},{"taxonomy":"post_tag","embeddable":true,"href":"https:\/\/redenoticiaz.com.br\/litoralsp\/wp-json\/wp\/v2\/tags?post=101853"}],"curies":[{"name":"wp","href":"https:\/\/api.w.org\/{rel}","templated":true}]}}