{"id":101855,"date":"2023-03-04T16:32:16","date_gmt":"2023-03-04T19:32:16","guid":{"rendered":"https:\/\/redenoticiaz.com.br\/litoralsp\/?p=101855"},"modified":"2023-03-04T16:32:16","modified_gmt":"2023-03-04T19:32:16","slug":"homem-envolvido-em-roubo-de-carga-e-preso-em-guaruja","status":"publish","type":"post","link":"https:\/\/redenoticiaz.com.br\/litoralsp\/2023\/03\/04\/homem-envolvido-em-roubo-de-carga-e-preso-em-guaruja","title":{"rendered":"Homem envolvido em roubo de carga \u00e9 preso em Guaruj\u00e1"},"content":{"rendered":"<p>Um homem envolvido em um roubo de carga foi preso policiais do 2\u00b0 Distrito Policial em Guaruj\u00e1 nesta \u00faltima segunda-feira (27) no bairro Pae Car\u00e1.<\/p>\n<p>De acordo com as informa\u00e7\u00f5es, os trabalhadores de uma empresa de transporte rodovi\u00e1rios foram estacionar o caminh\u00e3o em uma rua e foram abordados por 3 criminosos armados.<\/p>\n<p>Eles anunciaram o roubo e exigiram que a carga fosse descarregada em um im\u00f3vel existente nas proximidades.<\/p>\n<p>Ainda de acordo com as informa\u00e7\u00f5es, as autoridades iniciaram dilig\u00eancias para reaver os produtos e conseguiram identificar o im\u00f3vel onde foram deixados.<\/p>\n<p>Ap\u00f3s autoriza\u00e7\u00e3o de entrada pelo indiv\u00edduo que estava no local, os policiais encontraram duas caixas de papel\u00e3o com notas fiscais afixadas.<\/p>\n<p>Sendo assim, os entregadores reconheceram o material e o homem que estava no local foi reconhecido por participar do crime,.<\/p>\n<p>Ele recepcionou os demais roubadores no im\u00f3vel para o recebimento da carga roubada. Ele foi preso e as investiga\u00e7\u00f5es continuam.<\/p>\n<p><strong>Leia mais<\/strong><\/p>\n<p><a href=\"https:\/\/redenoticiaz.com.br\/litoralsp\/2023\/03\/02\/produtos-roubados-de-mercado-atacadista-sao-recuperados-e-criminoso-preso-em-guaruja\">Produtos roubados de mercado atacadista s\u00e3o recuperados e criminoso preso em Guaruj\u00e1<\/a><\/p>\n","protected":false},"excerpt":{"rendered":"<p>Um homem envolvido em um roubo de carga foi preso policiais do 2\u00b0 Distrito Policial em Guaruj\u00e1 nesta \u00faltima segunda-feira (27) no bairro Pae Car\u00e1. De acordo com as informa\u00e7\u00f5es, os trabalhadores de uma empresa de transporte rodovi\u00e1rios foram estacionar o caminh\u00e3o em uma rua e foram abordados por 3 criminosos armados. Eles anunciaram o &hellip;<\/p>\n","protected":false},"author":12,"featured_media":101856,"comment_status":"open","ping_status":"closed","sticky":false,"template":"","format":"standard","meta":{"footnotes":""},"categories":[187,10],"tags":[38997,6426,10877,23143,52651],"class_list":["post-101855","post","type-post","status-publish","format-standard","has-post-thumbnail","hentry","category-guaruja","category-policia","tag-carga","tag-guaruja-2","tag-pae-cara","tag-policia-2","tag-produtos"],"yoast_head":"<!-- This site is optimized with the Yoast SEO plugin v27.5 - https:\/\/yoast.com\/product\/yoast-seo-wordpress\/ -->\n<title>Homem envolvido em roubo de carga \u00e9 preso em Guaruj\u00e1 - Litoral SP<\/title>\n<meta name=\"description\" content=\"Um homem envolvido em um roubo de carga foi preso policiais do 2\u00b0 Distrito Policial em Guaruj\u00e1 nesta \u00faltima segunda-feira (27) no bairro Pae Car\u00e1.\" \/>\n<meta name=\"robots\" content=\"index, follow, max-snippet:-1, max-image-preview:large, max-video-preview:-1\" \/>\n<link rel=\"canonical\" href=\"https:\/\/redenoticiaz.com.br\/litoralsp\/2023\/03\/04\/homem-envolvido-em-roubo-de-carga-e-preso-em-guaruja\" \/>\n<meta property=\"og:locale\" content=\"pt_BR\" \/>\n<meta property=\"og:type\" content=\"article\" \/>\n<meta property=\"og:title\" content=\"Homem envolvido em roubo de carga \u00e9 preso em Guaruj\u00e1 - Litoral SP\" \/>\n<meta property=\"og:description\" content=\"Um homem envolvido em um roubo de carga foi preso policiais do 2\u00b0 Distrito Policial em Guaruj\u00e1 nesta \u00faltima segunda-feira (27) no bairro Pae Car\u00e1.\" \/>\n<meta property=\"og:url\" content=\"https:\/\/redenoticiaz.com.br\/litoralsp\/2023\/03\/04\/homem-envolvido-em-roubo-de-carga-e-preso-em-guaruja\" \/>\n<meta property=\"og:site_name\" content=\"Litoral SP\" \/>\n<meta property=\"article:published_time\" content=\"2023-03-04T19:32:16+00:00\" \/>\n<meta property=\"og:image\" content=\"https:\/\/redenoticiaz.com.br\/litoralsp\/wp-content\/uploads\/sites\/3\/2023\/03\/WhatsApp-Image-2023-03-04-at-11.07.48.jpeg\" \/>\n\t<meta property=\"og:image:width\" content=\"810\" \/>\n\t<meta property=\"og:image:height\" content=\"1080\" \/>\n\t<meta property=\"og:image:type\" content=\"image\/jpeg\" \/>\n<meta name=\"author\" content=\"Gustavo Silva\" \/>\n<meta name=\"twitter:card\" content=\"summary_large_image\" \/>\n<meta name=\"twitter:label1\" content=\"Escrito por\" \/>\n\t<meta name=\"twitter:data1\" content=\"Gustavo Silva\" \/>\n\t<meta name=\"twitter:label2\" content=\"Est. tempo de leitura\" \/>\n\t<meta name=\"twitter:data2\" content=\"1 minuto\" \/>\n<script type=\"application\/ld+json\" class=\"yoast-schema-graph\">{\"@context\":\"https:\\\/\\\/schema.org\",\"@graph\":[{\"@type\":\"Article\",\"@id\":\"https:\\\/\\\/redenoticiaz.com.br\\\/litoralsp\\\/2023\\\/03\\\/04\\\/homem-envolvido-em-roubo-de-carga-e-preso-em-guaruja#article\",\"isPartOf\":{\"@id\":\"https:\\\/\\\/redenoticiaz.com.br\\\/litoralsp\\\/2023\\\/03\\\/04\\\/homem-envolvido-em-roubo-de-carga-e-preso-em-guaruja\"},\"author\":{\"name\":\"Gustavo Silva\",\"@id\":\"https:\\\/\\\/redenoticiaz.com.br\\\/litoralsp\\\/#\\\/schema\\\/person\\\/16057b37a3c0ee6b096d7f887c566e2e\"},\"headline\":\"Homem envolvido em roubo de carga \u00e9 preso em Guaruj\u00e1\",\"datePublished\":\"2023-03-04T19:32:16+00:00\",\"mainEntityOfPage\":{\"@id\":\"https:\\\/\\\/redenoticiaz.com.br\\\/litoralsp\\\/2023\\\/03\\\/04\\\/homem-envolvido-em-roubo-de-carga-e-preso-em-guaruja\"},\"wordCount\":186,\"commentCount\":0,\"publisher\":{\"@id\":\"https:\\\/\\\/redenoticiaz.com.br\\\/litoralsp\\\/#organization\"},\"image\":{\"@id\":\"https:\\\/\\\/redenoticiaz.com.br\\\/litoralsp\\\/2023\\\/03\\\/04\\\/homem-envolvido-em-roubo-de-carga-e-preso-em-guaruja#primaryimage\"},\"thumbnailUrl\":\"https:\\\/\\\/redenoticiaz.com.br\\\/litoralsp\\\/wp-content\\\/uploads\\\/sites\\\/3\\\/2023\\\/03\\\/WhatsApp-Image-2023-03-04-at-11.07.48.jpeg\",\"keywords\":[\"CARGA\",\"Guaruj\u00e1\",\"PAE CAR\u00c1\",\"POL\u00cdCIA\",\"PRODUTOS\"],\"articleSection\":[\"Guaruj\u00e1\",\"Pol\u00edcia\"],\"inLanguage\":\"pt-BR\",\"potentialAction\":[{\"@type\":\"CommentAction\",\"name\":\"Comment\",\"target\":[\"https:\\\/\\\/redenoticiaz.com.br\\\/litoralsp\\\/2023\\\/03\\\/04\\\/homem-envolvido-em-roubo-de-carga-e-preso-em-guaruja#respond\"]}]},{\"@type\":\"WebPage\",\"@id\":\"https:\\\/\\\/redenoticiaz.com.br\\\/litoralsp\\\/2023\\\/03\\\/04\\\/homem-envolvido-em-roubo-de-carga-e-preso-em-guaruja\",\"url\":\"https:\\\/\\\/redenoticiaz.com.br\\\/litoralsp\\\/2023\\\/03\\\/04\\\/homem-envolvido-em-roubo-de-carga-e-preso-em-guaruja\",\"name\":\"Homem envolvido em roubo de carga \u00e9 preso em Guaruj\u00e1 - Litoral SP\",\"isPartOf\":{\"@id\":\"https:\\\/\\\/redenoticiaz.com.br\\\/litoralsp\\\/#website\"},\"primaryImageOfPage\":{\"@id\":\"https:\\\/\\\/redenoticiaz.com.br\\\/litoralsp\\\/2023\\\/03\\\/04\\\/homem-envolvido-em-roubo-de-carga-e-preso-em-guaruja#primaryimage\"},\"image\":{\"@id\":\"https:\\\/\\\/redenoticiaz.com.br\\\/litoralsp\\\/2023\\\/03\\\/04\\\/homem-envolvido-em-roubo-de-carga-e-preso-em-guaruja#primaryimage\"},\"thumbnailUrl\":\"https:\\\/\\\/redenoticiaz.com.br\\\/litoralsp\\\/wp-content\\\/uploads\\\/sites\\\/3\\\/2023\\\/03\\\/WhatsApp-Image-2023-03-04-at-11.07.48.jpeg\",\"datePublished\":\"2023-03-04T19:32:16+00:00\",\"description\":\"Um homem envolvido em um roubo de carga foi preso policiais do 2\u00b0 Distrito Policial em Guaruj\u00e1 nesta \u00faltima segunda-feira (27) no bairro Pae Car\u00e1.\",\"inLanguage\":\"pt-BR\",\"potentialAction\":[{\"@type\":\"ReadAction\",\"target\":[\"https:\\\/\\\/redenoticiaz.com.br\\\/litoralsp\\\/2023\\\/03\\\/04\\\/homem-envolvido-em-roubo-de-carga-e-preso-em-guaruja\"]}]},{\"@type\":\"ImageObject\",\"inLanguage\":\"pt-BR\",\"@id\":\"https:\\\/\\\/redenoticiaz.com.br\\\/litoralsp\\\/2023\\\/03\\\/04\\\/homem-envolvido-em-roubo-de-carga-e-preso-em-guaruja#primaryimage\",\"url\":\"https:\\\/\\\/redenoticiaz.com.br\\\/litoralsp\\\/wp-content\\\/uploads\\\/sites\\\/3\\\/2023\\\/03\\\/WhatsApp-Image-2023-03-04-at-11.07.48.jpeg\",\"contentUrl\":\"https:\\\/\\\/redenoticiaz.com.br\\\/litoralsp\\\/wp-content\\\/uploads\\\/sites\\\/3\\\/2023\\\/03\\\/WhatsApp-Image-2023-03-04-at-11.07.48.jpeg\",\"width\":810,\"height\":1080,\"caption\":\"Homem envolvido em roubo de carga \u00e9 preso em Guaruj\u00e1\"},{\"@type\":\"WebSite\",\"@id\":\"https:\\\/\\\/redenoticiaz.com.br\\\/litoralsp\\\/#website\",\"url\":\"https:\\\/\\\/redenoticiaz.com.br\\\/litoralsp\\\/\",\"name\":\"Litoral SP\",\"description\":\"Rede NoticiaZ\",\"publisher\":{\"@id\":\"https:\\\/\\\/redenoticiaz.com.br\\\/litoralsp\\\/#organization\"},\"potentialAction\":[{\"@type\":\"SearchAction\",\"target\":{\"@type\":\"EntryPoint\",\"urlTemplate\":\"https:\\\/\\\/redenoticiaz.com.br\\\/litoralsp\\\/?s={search_term_string}\"},\"query-input\":{\"@type\":\"PropertyValueSpecification\",\"valueRequired\":true,\"valueName\":\"search_term_string\"}}],\"inLanguage\":\"pt-BR\"},{\"@type\":\"Organization\",\"@id\":\"https:\\\/\\\/redenoticiaz.com.br\\\/litoralsp\\\/#organization\",\"name\":\"Litoral SP\",\"url\":\"https:\\\/\\\/redenoticiaz.com.br\\\/litoralsp\\\/\",\"logo\":{\"@type\":\"ImageObject\",\"inLanguage\":\"pt-BR\",\"@id\":\"https:\\\/\\\/redenoticiaz.com.br\\\/litoralsp\\\/#\\\/schema\\\/logo\\\/image\\\/\",\"url\":\"https:\\\/\\\/redenoticiaz.com.br\\\/litoralsp\\\/wp-content\\\/uploads\\\/sites\\\/3\\\/2020\\\/11\\\/logo.jpg\",\"contentUrl\":\"https:\\\/\\\/redenoticiaz.com.br\\\/litoralsp\\\/wp-content\\\/uploads\\\/sites\\\/3\\\/2020\\\/11\\\/logo.jpg\",\"width\":400,\"height\":250,\"caption\":\"Litoral SP\"},\"image\":{\"@id\":\"https:\\\/\\\/redenoticiaz.com.br\\\/litoralsp\\\/#\\\/schema\\\/logo\\\/image\\\/\"}},{\"@type\":\"Person\",\"@id\":\"https:\\\/\\\/redenoticiaz.com.br\\\/litoralsp\\\/#\\\/schema\\\/person\\\/16057b37a3c0ee6b096d7f887c566e2e\",\"name\":\"Gustavo Silva\",\"image\":{\"@type\":\"ImageObject\",\"inLanguage\":\"pt-BR\",\"@id\":\"https:\\\/\\\/secure.gravatar.com\\\/avatar\\\/3ee4e82f93b26de0a7cf4ea5eb7893da637ed6bb0c9170c58065944c56e28a33?s=96&d=mm&r=g\",\"url\":\"https:\\\/\\\/secure.gravatar.com\\\/avatar\\\/3ee4e82f93b26de0a7cf4ea5eb7893da637ed6bb0c9170c58065944c56e28a33?s=96&d=mm&r=g\",\"contentUrl\":\"https:\\\/\\\/secure.gravatar.com\\\/avatar\\\/3ee4e82f93b26de0a7cf4ea5eb7893da637ed6bb0c9170c58065944c56e28a33?s=96&d=mm&r=g\",\"caption\":\"Gustavo Silva\"},\"url\":\"https:\\\/\\\/redenoticiaz.com.br\\\/litoralsp\\\/author\\\/gustavosilva\"}]}<\/script>\n<!-- \/ Yoast SEO plugin. -->","yoast_head_json":{"title":"Homem envolvido em roubo de carga \u00e9 preso em Guaruj\u00e1 - Litoral SP","description":"Um homem envolvido em um roubo de carga foi preso policiais do 2\u00b0 Distrito Policial em Guaruj\u00e1 nesta \u00faltima segunda-feira (27) no bairro Pae Car\u00e1.","robots":{"index":"index","follow":"follow","max-snippet":"max-snippet:-1","max-image-preview":"max-image-preview:large","max-video-preview":"max-video-preview:-1"},"canonical":"https:\/\/redenoticiaz.com.br\/litoralsp\/2023\/03\/04\/homem-envolvido-em-roubo-de-carga-e-preso-em-guaruja","og_locale":"pt_BR","og_type":"article","og_title":"Homem envolvido em roubo de carga \u00e9 preso em Guaruj\u00e1 - Litoral SP","og_description":"Um homem envolvido em um roubo de carga foi preso policiais do 2\u00b0 Distrito Policial em Guaruj\u00e1 nesta \u00faltima segunda-feira (27) no bairro Pae Car\u00e1.","og_url":"https:\/\/redenoticiaz.com.br\/litoralsp\/2023\/03\/04\/homem-envolvido-em-roubo-de-carga-e-preso-em-guaruja","og_site_name":"Litoral SP","article_published_time":"2023-03-04T19:32:16+00:00","og_image":[{"width":810,"height":1080,"url":"https:\/\/redenoticiaz.com.br\/litoralsp\/wp-content\/uploads\/sites\/3\/2023\/03\/WhatsApp-Image-2023-03-04-at-11.07.48.jpeg","type":"image\/jpeg"}],"author":"Gustavo Silva","twitter_card":"summary_large_image","twitter_misc":{"Escrito por":"Gustavo Silva","Est. tempo de leitura":"1 minuto"},"schema":{"@context":"https:\/\/schema.org","@graph":[{"@type":"Article","@id":"https:\/\/redenoticiaz.com.br\/litoralsp\/2023\/03\/04\/homem-envolvido-em-roubo-de-carga-e-preso-em-guaruja#article","isPartOf":{"@id":"https:\/\/redenoticiaz.com.br\/litoralsp\/2023\/03\/04\/homem-envolvido-em-roubo-de-carga-e-preso-em-guaruja"},"author":{"name":"Gustavo Silva","@id":"https:\/\/redenoticiaz.com.br\/litoralsp\/#\/schema\/person\/16057b37a3c0ee6b096d7f887c566e2e"},"headline":"Homem envolvido em roubo de carga \u00e9 preso em Guaruj\u00e1","datePublished":"2023-03-04T19:32:16+00:00","mainEntityOfPage":{"@id":"https:\/\/redenoticiaz.com.br\/litoralsp\/2023\/03\/04\/homem-envolvido-em-roubo-de-carga-e-preso-em-guaruja"},"wordCount":186,"commentCount":0,"publisher":{"@id":"https:\/\/redenoticiaz.com.br\/litoralsp\/#organization"},"image":{"@id":"https:\/\/redenoticiaz.com.br\/litoralsp\/2023\/03\/04\/homem-envolvido-em-roubo-de-carga-e-preso-em-guaruja#primaryimage"},"thumbnailUrl":"https:\/\/redenoticiaz.com.br\/litoralsp\/wp-content\/uploads\/sites\/3\/2023\/03\/WhatsApp-Image-2023-03-04-at-11.07.48.jpeg","keywords":["CARGA","Guaruj\u00e1","PAE CAR\u00c1","POL\u00cdCIA","PRODUTOS"],"articleSection":["Guaruj\u00e1","Pol\u00edcia"],"inLanguage":"pt-BR","potentialAction":[{"@type":"CommentAction","name":"Comment","target":["https:\/\/redenoticiaz.com.br\/litoralsp\/2023\/03\/04\/homem-envolvido-em-roubo-de-carga-e-preso-em-guaruja#respond"]}]},{"@type":"WebPage","@id":"https:\/\/redenoticiaz.com.br\/litoralsp\/2023\/03\/04\/homem-envolvido-em-roubo-de-carga-e-preso-em-guaruja","url":"https:\/\/redenoticiaz.com.br\/litoralsp\/2023\/03\/04\/homem-envolvido-em-roubo-de-carga-e-preso-em-guaruja","name":"Homem envolvido em roubo de carga \u00e9 preso em Guaruj\u00e1 - Litoral SP","isPartOf":{"@id":"https:\/\/redenoticiaz.com.br\/litoralsp\/#website"},"primaryImageOfPage":{"@id":"https:\/\/redenoticiaz.com.br\/litoralsp\/2023\/03\/04\/homem-envolvido-em-roubo-de-carga-e-preso-em-guaruja#primaryimage"},"image":{"@id":"https:\/\/redenoticiaz.com.br\/litoralsp\/2023\/03\/04\/homem-envolvido-em-roubo-de-carga-e-preso-em-guaruja#primaryimage"},"thumbnailUrl":"https:\/\/redenoticiaz.com.br\/litoralsp\/wp-content\/uploads\/sites\/3\/2023\/03\/WhatsApp-Image-2023-03-04-at-11.07.48.jpeg","datePublished":"2023-03-04T19:32:16+00:00","description":"Um homem envolvido em um roubo de carga foi preso policiais do 2\u00b0 Distrito Policial em Guaruj\u00e1 nesta \u00faltima segunda-feira (27) no bairro Pae Car\u00e1.","inLanguage":"pt-BR","potentialAction":[{"@type":"ReadAction","target":["https:\/\/redenoticiaz.com.br\/litoralsp\/2023\/03\/04\/homem-envolvido-em-roubo-de-carga-e-preso-em-guaruja"]}]},{"@type":"ImageObject","inLanguage":"pt-BR","@id":"https:\/\/redenoticiaz.com.br\/litoralsp\/2023\/03\/04\/homem-envolvido-em-roubo-de-carga-e-preso-em-guaruja#primaryimage","url":"https:\/\/redenoticiaz.com.br\/litoralsp\/wp-content\/uploads\/sites\/3\/2023\/03\/WhatsApp-Image-2023-03-04-at-11.07.48.jpeg","contentUrl":"https:\/\/redenoticiaz.com.br\/litoralsp\/wp-content\/uploads\/sites\/3\/2023\/03\/WhatsApp-Image-2023-03-04-at-11.07.48.jpeg","width":810,"height":1080,"caption":"Homem envolvido em roubo de carga \u00e9 preso em Guaruj\u00e1"},{"@type":"WebSite","@id":"https:\/\/redenoticiaz.com.br\/litoralsp\/#website","url":"https:\/\/redenoticiaz.com.br\/litoralsp\/","name":"Litoral SP","description":"Rede NoticiaZ","publisher":{"@id":"https:\/\/redenoticiaz.com.br\/litoralsp\/#organization"},"potentialAction":[{"@type":"SearchAction","target":{"@type":"EntryPoint","urlTemplate":"https:\/\/redenoticiaz.com.br\/litoralsp\/?s={search_term_string}"},"query-input":{"@type":"PropertyValueSpecification","valueRequired":true,"valueName":"search_term_string"}}],"inLanguage":"pt-BR"},{"@type":"Organization","@id":"https:\/\/redenoticiaz.com.br\/litoralsp\/#organization","name":"Litoral SP","url":"https:\/\/redenoticiaz.com.br\/litoralsp\/","logo":{"@type":"ImageObject","inLanguage":"pt-BR","@id":"https:\/\/redenoticiaz.com.br\/litoralsp\/#\/schema\/logo\/image\/","url":"https:\/\/redenoticiaz.com.br\/litoralsp\/wp-content\/uploads\/sites\/3\/2020\/11\/logo.jpg","contentUrl":"https:\/\/redenoticiaz.com.br\/litoralsp\/wp-content\/uploads\/sites\/3\/2020\/11\/logo.jpg","width":400,"height":250,"caption":"Litoral SP"},"image":{"@id":"https:\/\/redenoticiaz.com.br\/litoralsp\/#\/schema\/logo\/image\/"}},{"@type":"Person","@id":"https:\/\/redenoticiaz.com.br\/litoralsp\/#\/schema\/person\/16057b37a3c0ee6b096d7f887c566e2e","name":"Gustavo Silva","image":{"@type":"ImageObject","inLanguage":"pt-BR","@id":"https:\/\/secure.gravatar.com\/avatar\/3ee4e82f93b26de0a7cf4ea5eb7893da637ed6bb0c9170c58065944c56e28a33?s=96&d=mm&r=g","url":"https:\/\/secure.gravatar.com\/avatar\/3ee4e82f93b26de0a7cf4ea5eb7893da637ed6bb0c9170c58065944c56e28a33?s=96&d=mm&r=g","contentUrl":"https:\/\/secure.gravatar.com\/avatar\/3ee4e82f93b26de0a7cf4ea5eb7893da637ed6bb0c9170c58065944c56e28a33?s=96&d=mm&r=g","caption":"Gustavo Silva"},"url":"https:\/\/redenoticiaz.com.br\/litoralsp\/author\/gustavosilva"}]}},"_links":{"self":[{"href":"https:\/\/redenoticiaz.com.br\/litoralsp\/wp-json\/wp\/v2\/posts\/101855","targetHints":{"allow":["GET"]}}],"collection":[{"href":"https:\/\/redenoticiaz.com.br\/litoralsp\/wp-json\/wp\/v2\/posts"}],"about":[{"href":"https:\/\/redenoticiaz.com.br\/litoralsp\/wp-json\/wp\/v2\/types\/post"}],"author":[{"embeddable":true,"href":"https:\/\/redenoticiaz.com.br\/litoralsp\/wp-json\/wp\/v2\/users\/12"}],"replies":[{"embeddable":true,"href":"https:\/\/redenoticiaz.com.br\/litoralsp\/wp-json\/wp\/v2\/comments?post=101855"}],"version-history":[{"count":1,"href":"https:\/\/redenoticiaz.com.br\/litoralsp\/wp-json\/wp\/v2\/posts\/101855\/revisions"}],"predecessor-version":[{"id":101857,"href":"https:\/\/redenoticiaz.com.br\/litoralsp\/wp-json\/wp\/v2\/posts\/101855\/revisions\/101857"}],"wp:featuredmedia":[{"embeddable":true,"href":"https:\/\/redenoticiaz.com.br\/litoralsp\/wp-json\/wp\/v2\/media\/101856"}],"wp:attachment":[{"href":"https:\/\/redenoticiaz.com.br\/litoralsp\/wp-json\/wp\/v2\/media?parent=101855"}],"wp:term":[{"taxonomy":"category","embeddable":true,"href":"https:\/\/redenoticiaz.com.br\/litoralsp\/wp-json\/wp\/v2\/categories?post=101855"},{"taxonomy":"post_tag","embeddable":true,"href":"https:\/\/redenoticiaz.com.br\/litoralsp\/wp-json\/wp\/v2\/tags?post=101855"}],"curies":[{"name":"wp","href":"https:\/\/api.w.org\/{rel}","templated":true}]}}