{"id":102011,"date":"2023-03-07T14:30:16","date_gmt":"2023-03-07T17:30:16","guid":{"rendered":"https:\/\/redenoticiaz.com.br\/litoralsp\/?p=102011"},"modified":"2023-03-07T14:30:16","modified_gmt":"2023-03-07T17:30:16","slug":"cameras-de-santos-ajudam-na-prisao-de-mais-um-suspeito-de-furto-em-cemiterio","status":"publish","type":"post","link":"https:\/\/redenoticiaz.com.br\/litoralsp\/2023\/03\/07\/cameras-de-santos-ajudam-na-prisao-de-mais-um-suspeito-de-furto-em-cemiterio","title":{"rendered":"C\u00e2meras de Santos ajudam na pris\u00e3o de mais um suspeito de furto em cemit\u00e9rio"},"content":{"rendered":"<p>As C\u00e2meras do Centro de Controle Operacional (CCO) da Prefeitura ajudaram a prender em flagrante mais um suspeito de furto de pe\u00e7as de bronze no cemit\u00e9rio do Paquet\u00e1.<\/p>\n<p>De acordo com as informa\u00e7\u00f5es, em menos de um m\u00eas, quatro homens foram detidos por invas\u00e3o \u00e0 necr\u00f3pole.<\/p>\n<p>Ainda de acordo com as informa\u00e7\u00f5es, guardas Municipais que atuam no sistema de monitoramento flagraram um indiv\u00edduo transitando dentro do recinto.<\/p>\n<p>Os profissionais acionaram, via r\u00e1dio,\u00a0 guarni\u00e7\u00f5es em patrulhamento\u00a0 da GCM e da Pol\u00edcia Militar.<\/p>\n<p>Ao chegarem ao local, os agentes surpreenderam o suspeito na entrada principal do cemit\u00e9rio, com cinco esculturas de bronze com a imagem de Jesus.<\/p>\n<p>O homem foi conduzido \u00e0 Central de Pol\u00edcia Judici\u00e1ria (CPJ) de Santos e o material devolvido \u00e0 administra\u00e7\u00e3o do da necr\u00f3pole.<\/p>\n<p><strong>Leia mais<\/strong><\/p>\n<p><a href=\"https:\/\/redenoticiaz.com.br\/litoralsp\/2023\/03\/07\/video-ciclista-e-atingido-por-arvore-em-uma-avenida-de-santos\">V\u00cdDEO \u2013 Ciclista \u00e9 atingido por \u00e1rvore em uma avenida de Santos<\/a><\/p>\n","protected":false},"excerpt":{"rendered":"<p>As C\u00e2meras do Centro de Controle Operacional (CCO) da Prefeitura ajudaram a prender em flagrante mais um suspeito de furto de pe\u00e7as de bronze no cemit\u00e9rio do Paquet\u00e1. De acordo com as informa\u00e7\u00f5es, em menos de um m\u00eas, quatro homens foram detidos por invas\u00e3o \u00e0 necr\u00f3pole. Ainda de acordo com as informa\u00e7\u00f5es, guardas Municipais que &hellip;<\/p>\n","protected":false},"author":12,"featured_media":102012,"comment_status":"open","ping_status":"closed","sticky":false,"template":"","format":"standard","meta":{"footnotes":""},"categories":[180],"tags":[13600,13085,60903,63821,986],"class_list":["post-102011","post","type-post","status-publish","format-standard","has-post-thumbnail","hentry","category-santos","tag-cameras","tag-cco","tag-guardas","tag-necropole","tag-santos"],"yoast_head":"<!-- This site is optimized with the Yoast SEO plugin v27.5 - https:\/\/yoast.com\/product\/yoast-seo-wordpress\/ -->\n<title>C\u00e2meras de Santos ajudam na pris\u00e3o de mais um suspeito de furto em cemit\u00e9rio - Litoral SP<\/title>\n<meta name=\"description\" content=\"As do CCO da Prefeitura ajudaram a prender em flagrante mais um suspeito de furto de pe\u00e7as de bronze no cemit\u00e9rio do Paquet\u00e1.\" \/>\n<meta name=\"robots\" content=\"index, follow, max-snippet:-1, max-image-preview:large, max-video-preview:-1\" \/>\n<link rel=\"canonical\" href=\"https:\/\/redenoticiaz.com.br\/litoralsp\/2023\/03\/07\/cameras-de-santos-ajudam-na-prisao-de-mais-um-suspeito-de-furto-em-cemiterio\" \/>\n<meta property=\"og:locale\" content=\"pt_BR\" \/>\n<meta property=\"og:type\" content=\"article\" \/>\n<meta property=\"og:title\" content=\"C\u00e2meras de Santos ajudam na pris\u00e3o de mais um suspeito de furto em cemit\u00e9rio - Litoral SP\" \/>\n<meta property=\"og:description\" content=\"As do CCO da Prefeitura ajudaram a prender em flagrante mais um suspeito de furto de pe\u00e7as de bronze no cemit\u00e9rio do Paquet\u00e1.\" \/>\n<meta property=\"og:url\" content=\"https:\/\/redenoticiaz.com.br\/litoralsp\/2023\/03\/07\/cameras-de-santos-ajudam-na-prisao-de-mais-um-suspeito-de-furto-em-cemiterio\" \/>\n<meta property=\"og:site_name\" content=\"Litoral SP\" \/>\n<meta property=\"article:published_time\" content=\"2023-03-07T17:30:16+00:00\" \/>\n<meta property=\"og:image\" content=\"https:\/\/redenoticiaz.com.br\/litoralsp\/wp-content\/uploads\/sites\/3\/2023\/03\/Cameras-de-Santos-ajudam-na-prisao-de-mais-um-suspeito-de-furto-em-cemiterio.jpeg\" \/>\n\t<meta property=\"og:image:width\" content=\"1600\" \/>\n\t<meta property=\"og:image:height\" content=\"739\" \/>\n\t<meta property=\"og:image:type\" content=\"image\/jpeg\" \/>\n<meta name=\"author\" content=\"Gustavo Silva\" \/>\n<meta name=\"twitter:card\" content=\"summary_large_image\" \/>\n<meta name=\"twitter:label1\" content=\"Escrito por\" \/>\n\t<meta name=\"twitter:data1\" content=\"Gustavo Silva\" \/>\n\t<meta name=\"twitter:label2\" content=\"Est. tempo de leitura\" \/>\n\t<meta name=\"twitter:data2\" content=\"1 minuto\" \/>\n<script type=\"application\/ld+json\" class=\"yoast-schema-graph\">{\"@context\":\"https:\\\/\\\/schema.org\",\"@graph\":[{\"@type\":\"Article\",\"@id\":\"https:\\\/\\\/redenoticiaz.com.br\\\/litoralsp\\\/2023\\\/03\\\/07\\\/cameras-de-santos-ajudam-na-prisao-de-mais-um-suspeito-de-furto-em-cemiterio#article\",\"isPartOf\":{\"@id\":\"https:\\\/\\\/redenoticiaz.com.br\\\/litoralsp\\\/2023\\\/03\\\/07\\\/cameras-de-santos-ajudam-na-prisao-de-mais-um-suspeito-de-furto-em-cemiterio\"},\"author\":{\"name\":\"Gustavo Silva\",\"@id\":\"https:\\\/\\\/redenoticiaz.com.br\\\/litoralsp\\\/#\\\/schema\\\/person\\\/16057b37a3c0ee6b096d7f887c566e2e\"},\"headline\":\"C\u00e2meras de Santos ajudam na pris\u00e3o de mais um suspeito de furto em cemit\u00e9rio\",\"datePublished\":\"2023-03-07T17:30:16+00:00\",\"mainEntityOfPage\":{\"@id\":\"https:\\\/\\\/redenoticiaz.com.br\\\/litoralsp\\\/2023\\\/03\\\/07\\\/cameras-de-santos-ajudam-na-prisao-de-mais-um-suspeito-de-furto-em-cemiterio\"},\"wordCount\":170,\"commentCount\":0,\"publisher\":{\"@id\":\"https:\\\/\\\/redenoticiaz.com.br\\\/litoralsp\\\/#organization\"},\"image\":{\"@id\":\"https:\\\/\\\/redenoticiaz.com.br\\\/litoralsp\\\/2023\\\/03\\\/07\\\/cameras-de-santos-ajudam-na-prisao-de-mais-um-suspeito-de-furto-em-cemiterio#primaryimage\"},\"thumbnailUrl\":\"https:\\\/\\\/redenoticiaz.com.br\\\/litoralsp\\\/wp-content\\\/uploads\\\/sites\\\/3\\\/2023\\\/03\\\/Cameras-de-Santos-ajudam-na-prisao-de-mais-um-suspeito-de-furto-em-cemiterio.jpeg\",\"keywords\":[\"C\u00c2MERAS\",\"CCO\",\"GUARDAS\",\"necr\u00f3pole\",\"Santos\"],\"articleSection\":[\"Santos\"],\"inLanguage\":\"pt-BR\",\"potentialAction\":[{\"@type\":\"CommentAction\",\"name\":\"Comment\",\"target\":[\"https:\\\/\\\/redenoticiaz.com.br\\\/litoralsp\\\/2023\\\/03\\\/07\\\/cameras-de-santos-ajudam-na-prisao-de-mais-um-suspeito-de-furto-em-cemiterio#respond\"]}]},{\"@type\":\"WebPage\",\"@id\":\"https:\\\/\\\/redenoticiaz.com.br\\\/litoralsp\\\/2023\\\/03\\\/07\\\/cameras-de-santos-ajudam-na-prisao-de-mais-um-suspeito-de-furto-em-cemiterio\",\"url\":\"https:\\\/\\\/redenoticiaz.com.br\\\/litoralsp\\\/2023\\\/03\\\/07\\\/cameras-de-santos-ajudam-na-prisao-de-mais-um-suspeito-de-furto-em-cemiterio\",\"name\":\"C\u00e2meras de Santos ajudam na pris\u00e3o de mais um suspeito de furto em cemit\u00e9rio - Litoral SP\",\"isPartOf\":{\"@id\":\"https:\\\/\\\/redenoticiaz.com.br\\\/litoralsp\\\/#website\"},\"primaryImageOfPage\":{\"@id\":\"https:\\\/\\\/redenoticiaz.com.br\\\/litoralsp\\\/2023\\\/03\\\/07\\\/cameras-de-santos-ajudam-na-prisao-de-mais-um-suspeito-de-furto-em-cemiterio#primaryimage\"},\"image\":{\"@id\":\"https:\\\/\\\/redenoticiaz.com.br\\\/litoralsp\\\/2023\\\/03\\\/07\\\/cameras-de-santos-ajudam-na-prisao-de-mais-um-suspeito-de-furto-em-cemiterio#primaryimage\"},\"thumbnailUrl\":\"https:\\\/\\\/redenoticiaz.com.br\\\/litoralsp\\\/wp-content\\\/uploads\\\/sites\\\/3\\\/2023\\\/03\\\/Cameras-de-Santos-ajudam-na-prisao-de-mais-um-suspeito-de-furto-em-cemiterio.jpeg\",\"datePublished\":\"2023-03-07T17:30:16+00:00\",\"description\":\"As do CCO da Prefeitura ajudaram a prender em flagrante mais um suspeito de furto de pe\u00e7as de bronze no cemit\u00e9rio do Paquet\u00e1.\",\"inLanguage\":\"pt-BR\",\"potentialAction\":[{\"@type\":\"ReadAction\",\"target\":[\"https:\\\/\\\/redenoticiaz.com.br\\\/litoralsp\\\/2023\\\/03\\\/07\\\/cameras-de-santos-ajudam-na-prisao-de-mais-um-suspeito-de-furto-em-cemiterio\"]}]},{\"@type\":\"ImageObject\",\"inLanguage\":\"pt-BR\",\"@id\":\"https:\\\/\\\/redenoticiaz.com.br\\\/litoralsp\\\/2023\\\/03\\\/07\\\/cameras-de-santos-ajudam-na-prisao-de-mais-um-suspeito-de-furto-em-cemiterio#primaryimage\",\"url\":\"https:\\\/\\\/redenoticiaz.com.br\\\/litoralsp\\\/wp-content\\\/uploads\\\/sites\\\/3\\\/2023\\\/03\\\/Cameras-de-Santos-ajudam-na-prisao-de-mais-um-suspeito-de-furto-em-cemiterio.jpeg\",\"contentUrl\":\"https:\\\/\\\/redenoticiaz.com.br\\\/litoralsp\\\/wp-content\\\/uploads\\\/sites\\\/3\\\/2023\\\/03\\\/Cameras-de-Santos-ajudam-na-prisao-de-mais-um-suspeito-de-furto-em-cemiterio.jpeg\",\"width\":1600,\"height\":739,\"caption\":\"C\u00e2meras de Santos ajudam na pris\u00e3o de mais um suspeito de furto em cemit\u00e9rio\"},{\"@type\":\"WebSite\",\"@id\":\"https:\\\/\\\/redenoticiaz.com.br\\\/litoralsp\\\/#website\",\"url\":\"https:\\\/\\\/redenoticiaz.com.br\\\/litoralsp\\\/\",\"name\":\"Litoral SP\",\"description\":\"Rede NoticiaZ\",\"publisher\":{\"@id\":\"https:\\\/\\\/redenoticiaz.com.br\\\/litoralsp\\\/#organization\"},\"potentialAction\":[{\"@type\":\"SearchAction\",\"target\":{\"@type\":\"EntryPoint\",\"urlTemplate\":\"https:\\\/\\\/redenoticiaz.com.br\\\/litoralsp\\\/?s={search_term_string}\"},\"query-input\":{\"@type\":\"PropertyValueSpecification\",\"valueRequired\":true,\"valueName\":\"search_term_string\"}}],\"inLanguage\":\"pt-BR\"},{\"@type\":\"Organization\",\"@id\":\"https:\\\/\\\/redenoticiaz.com.br\\\/litoralsp\\\/#organization\",\"name\":\"Litoral SP\",\"url\":\"https:\\\/\\\/redenoticiaz.com.br\\\/litoralsp\\\/\",\"logo\":{\"@type\":\"ImageObject\",\"inLanguage\":\"pt-BR\",\"@id\":\"https:\\\/\\\/redenoticiaz.com.br\\\/litoralsp\\\/#\\\/schema\\\/logo\\\/image\\\/\",\"url\":\"https:\\\/\\\/redenoticiaz.com.br\\\/litoralsp\\\/wp-content\\\/uploads\\\/sites\\\/3\\\/2020\\\/11\\\/logo.jpg\",\"contentUrl\":\"https:\\\/\\\/redenoticiaz.com.br\\\/litoralsp\\\/wp-content\\\/uploads\\\/sites\\\/3\\\/2020\\\/11\\\/logo.jpg\",\"width\":400,\"height\":250,\"caption\":\"Litoral SP\"},\"image\":{\"@id\":\"https:\\\/\\\/redenoticiaz.com.br\\\/litoralsp\\\/#\\\/schema\\\/logo\\\/image\\\/\"}},{\"@type\":\"Person\",\"@id\":\"https:\\\/\\\/redenoticiaz.com.br\\\/litoralsp\\\/#\\\/schema\\\/person\\\/16057b37a3c0ee6b096d7f887c566e2e\",\"name\":\"Gustavo Silva\",\"image\":{\"@type\":\"ImageObject\",\"inLanguage\":\"pt-BR\",\"@id\":\"https:\\\/\\\/secure.gravatar.com\\\/avatar\\\/3ee4e82f93b26de0a7cf4ea5eb7893da637ed6bb0c9170c58065944c56e28a33?s=96&d=mm&r=g\",\"url\":\"https:\\\/\\\/secure.gravatar.com\\\/avatar\\\/3ee4e82f93b26de0a7cf4ea5eb7893da637ed6bb0c9170c58065944c56e28a33?s=96&d=mm&r=g\",\"contentUrl\":\"https:\\\/\\\/secure.gravatar.com\\\/avatar\\\/3ee4e82f93b26de0a7cf4ea5eb7893da637ed6bb0c9170c58065944c56e28a33?s=96&d=mm&r=g\",\"caption\":\"Gustavo Silva\"},\"url\":\"https:\\\/\\\/redenoticiaz.com.br\\\/litoralsp\\\/author\\\/gustavosilva\"}]}<\/script>\n<!-- \/ Yoast SEO plugin. -->","yoast_head_json":{"title":"C\u00e2meras de Santos ajudam na pris\u00e3o de mais um suspeito de furto em cemit\u00e9rio - Litoral SP","description":"As do CCO da Prefeitura ajudaram a prender em flagrante mais um suspeito de furto de pe\u00e7as de bronze no cemit\u00e9rio do Paquet\u00e1.","robots":{"index":"index","follow":"follow","max-snippet":"max-snippet:-1","max-image-preview":"max-image-preview:large","max-video-preview":"max-video-preview:-1"},"canonical":"https:\/\/redenoticiaz.com.br\/litoralsp\/2023\/03\/07\/cameras-de-santos-ajudam-na-prisao-de-mais-um-suspeito-de-furto-em-cemiterio","og_locale":"pt_BR","og_type":"article","og_title":"C\u00e2meras de Santos ajudam na pris\u00e3o de mais um suspeito de furto em cemit\u00e9rio - Litoral SP","og_description":"As do CCO da Prefeitura ajudaram a prender em flagrante mais um suspeito de furto de pe\u00e7as de bronze no cemit\u00e9rio do Paquet\u00e1.","og_url":"https:\/\/redenoticiaz.com.br\/litoralsp\/2023\/03\/07\/cameras-de-santos-ajudam-na-prisao-de-mais-um-suspeito-de-furto-em-cemiterio","og_site_name":"Litoral SP","article_published_time":"2023-03-07T17:30:16+00:00","og_image":[{"width":1600,"height":739,"url":"https:\/\/redenoticiaz.com.br\/litoralsp\/wp-content\/uploads\/sites\/3\/2023\/03\/Cameras-de-Santos-ajudam-na-prisao-de-mais-um-suspeito-de-furto-em-cemiterio.jpeg","type":"image\/jpeg"}],"author":"Gustavo Silva","twitter_card":"summary_large_image","twitter_misc":{"Escrito por":"Gustavo Silva","Est. tempo de leitura":"1 minuto"},"schema":{"@context":"https:\/\/schema.org","@graph":[{"@type":"Article","@id":"https:\/\/redenoticiaz.com.br\/litoralsp\/2023\/03\/07\/cameras-de-santos-ajudam-na-prisao-de-mais-um-suspeito-de-furto-em-cemiterio#article","isPartOf":{"@id":"https:\/\/redenoticiaz.com.br\/litoralsp\/2023\/03\/07\/cameras-de-santos-ajudam-na-prisao-de-mais-um-suspeito-de-furto-em-cemiterio"},"author":{"name":"Gustavo Silva","@id":"https:\/\/redenoticiaz.com.br\/litoralsp\/#\/schema\/person\/16057b37a3c0ee6b096d7f887c566e2e"},"headline":"C\u00e2meras de Santos ajudam na pris\u00e3o de mais um suspeito de furto em cemit\u00e9rio","datePublished":"2023-03-07T17:30:16+00:00","mainEntityOfPage":{"@id":"https:\/\/redenoticiaz.com.br\/litoralsp\/2023\/03\/07\/cameras-de-santos-ajudam-na-prisao-de-mais-um-suspeito-de-furto-em-cemiterio"},"wordCount":170,"commentCount":0,"publisher":{"@id":"https:\/\/redenoticiaz.com.br\/litoralsp\/#organization"},"image":{"@id":"https:\/\/redenoticiaz.com.br\/litoralsp\/2023\/03\/07\/cameras-de-santos-ajudam-na-prisao-de-mais-um-suspeito-de-furto-em-cemiterio#primaryimage"},"thumbnailUrl":"https:\/\/redenoticiaz.com.br\/litoralsp\/wp-content\/uploads\/sites\/3\/2023\/03\/Cameras-de-Santos-ajudam-na-prisao-de-mais-um-suspeito-de-furto-em-cemiterio.jpeg","keywords":["C\u00c2MERAS","CCO","GUARDAS","necr\u00f3pole","Santos"],"articleSection":["Santos"],"inLanguage":"pt-BR","potentialAction":[{"@type":"CommentAction","name":"Comment","target":["https:\/\/redenoticiaz.com.br\/litoralsp\/2023\/03\/07\/cameras-de-santos-ajudam-na-prisao-de-mais-um-suspeito-de-furto-em-cemiterio#respond"]}]},{"@type":"WebPage","@id":"https:\/\/redenoticiaz.com.br\/litoralsp\/2023\/03\/07\/cameras-de-santos-ajudam-na-prisao-de-mais-um-suspeito-de-furto-em-cemiterio","url":"https:\/\/redenoticiaz.com.br\/litoralsp\/2023\/03\/07\/cameras-de-santos-ajudam-na-prisao-de-mais-um-suspeito-de-furto-em-cemiterio","name":"C\u00e2meras de Santos ajudam na pris\u00e3o de mais um suspeito de furto em cemit\u00e9rio - Litoral SP","isPartOf":{"@id":"https:\/\/redenoticiaz.com.br\/litoralsp\/#website"},"primaryImageOfPage":{"@id":"https:\/\/redenoticiaz.com.br\/litoralsp\/2023\/03\/07\/cameras-de-santos-ajudam-na-prisao-de-mais-um-suspeito-de-furto-em-cemiterio#primaryimage"},"image":{"@id":"https:\/\/redenoticiaz.com.br\/litoralsp\/2023\/03\/07\/cameras-de-santos-ajudam-na-prisao-de-mais-um-suspeito-de-furto-em-cemiterio#primaryimage"},"thumbnailUrl":"https:\/\/redenoticiaz.com.br\/litoralsp\/wp-content\/uploads\/sites\/3\/2023\/03\/Cameras-de-Santos-ajudam-na-prisao-de-mais-um-suspeito-de-furto-em-cemiterio.jpeg","datePublished":"2023-03-07T17:30:16+00:00","description":"As do CCO da Prefeitura ajudaram a prender em flagrante mais um suspeito de furto de pe\u00e7as de bronze no cemit\u00e9rio do Paquet\u00e1.","inLanguage":"pt-BR","potentialAction":[{"@type":"ReadAction","target":["https:\/\/redenoticiaz.com.br\/litoralsp\/2023\/03\/07\/cameras-de-santos-ajudam-na-prisao-de-mais-um-suspeito-de-furto-em-cemiterio"]}]},{"@type":"ImageObject","inLanguage":"pt-BR","@id":"https:\/\/redenoticiaz.com.br\/litoralsp\/2023\/03\/07\/cameras-de-santos-ajudam-na-prisao-de-mais-um-suspeito-de-furto-em-cemiterio#primaryimage","url":"https:\/\/redenoticiaz.com.br\/litoralsp\/wp-content\/uploads\/sites\/3\/2023\/03\/Cameras-de-Santos-ajudam-na-prisao-de-mais-um-suspeito-de-furto-em-cemiterio.jpeg","contentUrl":"https:\/\/redenoticiaz.com.br\/litoralsp\/wp-content\/uploads\/sites\/3\/2023\/03\/Cameras-de-Santos-ajudam-na-prisao-de-mais-um-suspeito-de-furto-em-cemiterio.jpeg","width":1600,"height":739,"caption":"C\u00e2meras de Santos ajudam na pris\u00e3o de mais um suspeito de furto em cemit\u00e9rio"},{"@type":"WebSite","@id":"https:\/\/redenoticiaz.com.br\/litoralsp\/#website","url":"https:\/\/redenoticiaz.com.br\/litoralsp\/","name":"Litoral SP","description":"Rede NoticiaZ","publisher":{"@id":"https:\/\/redenoticiaz.com.br\/litoralsp\/#organization"},"potentialAction":[{"@type":"SearchAction","target":{"@type":"EntryPoint","urlTemplate":"https:\/\/redenoticiaz.com.br\/litoralsp\/?s={search_term_string}"},"query-input":{"@type":"PropertyValueSpecification","valueRequired":true,"valueName":"search_term_string"}}],"inLanguage":"pt-BR"},{"@type":"Organization","@id":"https:\/\/redenoticiaz.com.br\/litoralsp\/#organization","name":"Litoral SP","url":"https:\/\/redenoticiaz.com.br\/litoralsp\/","logo":{"@type":"ImageObject","inLanguage":"pt-BR","@id":"https:\/\/redenoticiaz.com.br\/litoralsp\/#\/schema\/logo\/image\/","url":"https:\/\/redenoticiaz.com.br\/litoralsp\/wp-content\/uploads\/sites\/3\/2020\/11\/logo.jpg","contentUrl":"https:\/\/redenoticiaz.com.br\/litoralsp\/wp-content\/uploads\/sites\/3\/2020\/11\/logo.jpg","width":400,"height":250,"caption":"Litoral SP"},"image":{"@id":"https:\/\/redenoticiaz.com.br\/litoralsp\/#\/schema\/logo\/image\/"}},{"@type":"Person","@id":"https:\/\/redenoticiaz.com.br\/litoralsp\/#\/schema\/person\/16057b37a3c0ee6b096d7f887c566e2e","name":"Gustavo Silva","image":{"@type":"ImageObject","inLanguage":"pt-BR","@id":"https:\/\/secure.gravatar.com\/avatar\/3ee4e82f93b26de0a7cf4ea5eb7893da637ed6bb0c9170c58065944c56e28a33?s=96&d=mm&r=g","url":"https:\/\/secure.gravatar.com\/avatar\/3ee4e82f93b26de0a7cf4ea5eb7893da637ed6bb0c9170c58065944c56e28a33?s=96&d=mm&r=g","contentUrl":"https:\/\/secure.gravatar.com\/avatar\/3ee4e82f93b26de0a7cf4ea5eb7893da637ed6bb0c9170c58065944c56e28a33?s=96&d=mm&r=g","caption":"Gustavo Silva"},"url":"https:\/\/redenoticiaz.com.br\/litoralsp\/author\/gustavosilva"}]}},"_links":{"self":[{"href":"https:\/\/redenoticiaz.com.br\/litoralsp\/wp-json\/wp\/v2\/posts\/102011","targetHints":{"allow":["GET"]}}],"collection":[{"href":"https:\/\/redenoticiaz.com.br\/litoralsp\/wp-json\/wp\/v2\/posts"}],"about":[{"href":"https:\/\/redenoticiaz.com.br\/litoralsp\/wp-json\/wp\/v2\/types\/post"}],"author":[{"embeddable":true,"href":"https:\/\/redenoticiaz.com.br\/litoralsp\/wp-json\/wp\/v2\/users\/12"}],"replies":[{"embeddable":true,"href":"https:\/\/redenoticiaz.com.br\/litoralsp\/wp-json\/wp\/v2\/comments?post=102011"}],"version-history":[{"count":1,"href":"https:\/\/redenoticiaz.com.br\/litoralsp\/wp-json\/wp\/v2\/posts\/102011\/revisions"}],"predecessor-version":[{"id":102013,"href":"https:\/\/redenoticiaz.com.br\/litoralsp\/wp-json\/wp\/v2\/posts\/102011\/revisions\/102013"}],"wp:featuredmedia":[{"embeddable":true,"href":"https:\/\/redenoticiaz.com.br\/litoralsp\/wp-json\/wp\/v2\/media\/102012"}],"wp:attachment":[{"href":"https:\/\/redenoticiaz.com.br\/litoralsp\/wp-json\/wp\/v2\/media?parent=102011"}],"wp:term":[{"taxonomy":"category","embeddable":true,"href":"https:\/\/redenoticiaz.com.br\/litoralsp\/wp-json\/wp\/v2\/categories?post=102011"},{"taxonomy":"post_tag","embeddable":true,"href":"https:\/\/redenoticiaz.com.br\/litoralsp\/wp-json\/wp\/v2\/tags?post=102011"}],"curies":[{"name":"wp","href":"https:\/\/api.w.org\/{rel}","templated":true}]}}