{"id":102073,"date":"2023-03-08T15:56:36","date_gmt":"2023-03-08T18:56:36","guid":{"rendered":"https:\/\/redenoticiaz.com.br\/litoralsp\/?p=102073"},"modified":"2023-03-08T15:56:36","modified_gmt":"2023-03-08T18:56:36","slug":"moradores-de-bertioga-ja-podem-solicitar-saque-calamidade","status":"publish","type":"post","link":"https:\/\/redenoticiaz.com.br\/litoralsp\/2023\/03\/08\/moradores-de-bertioga-ja-podem-solicitar-saque-calamidade","title":{"rendered":"Moradores de Bertioga j\u00e1 podem solicitar Saque Calamidade"},"content":{"rendered":"<p>Segundo a Caixa Econ\u00f4mica Federal, a partir desta ter\u00e7a-feira (7) os trabalhadores de Bertioga atingidos pelas chuvas est\u00e3o eleg\u00edveis a solicitar o saque do Fundo de Garantia por Tempo de Servi\u00e7o (FGTS) por calamidade. O saque pode ser solicitado at\u00e9 21 de maio, atrav\u00e9s do aplicativo FGTS.<\/p>\n<p>De acordo com as informa\u00e7\u00f5es, conforme informado pela Caixa, o valor m\u00e1ximo para retirada \u00e9 de R$ 6.220.<\/p>\n<p>Ainda de acordo com as informa\u00e7\u00f5es, o benef\u00edcio est\u00e1 dispon\u00edvel para moradores do Ch\u00e1caras, Boraceia e Aldeia do Rio Silveira.<\/p>\n<p>Sendo assim, ao entrar no aplicativo, a solicita\u00e7\u00e3o pode ser realizada pela op\u00e7\u00e3o \u2018Meus Saques\u2019, no celular, sem a necessidade de comparecer a uma ag\u00eancia. Ao registrar a solicita\u00e7\u00e3o \u00e9 necess\u00e1rio indicar uma conta de institui\u00e7\u00e3o financeira para receber os valores, sem nenhum custo.<\/p>\n<p>Por fim, o prazo para retorno da an\u00e1lise e cr\u00e9dito em conta, caso aprovado o saque, \u00e9 de cinco dias \u00fateis.<\/p>\n<h2><strong>Documentos necess\u00e1rios:<\/strong><\/h2>\n<p>Para solicitar a retirada, \u00e9 necess\u00e1rio encaminhar os seguintes documentos: foto de documento de identidade, comprovante de resid\u00eancia em nome do trabalhador, emitido at\u00e9 120 dias antes da decreta\u00e7\u00e3o de\u202fcalamidade.<\/p>\n<p>Para mais informa\u00e7\u00f5es, como rela\u00e7\u00e3o completa de ruas em que os moradores podem solicitar o FGTS Calamidade, acesse o site da Caixa ou entrar em contato com\u00a0 o Fale Conosco pelo telefone 0800 726 0207.<\/p>\n<p><strong>Leia mais<\/strong><\/p>\n<p><a href=\"https:\/\/redenoticiaz.com.br\/litoralsp\/2023\/03\/08\/saque-calamidade-pode-ser-sacado-por-moradores-de-bertioga\">\u2018Saque Calamidade\u2019 pode ser sacado por moradores de Bertioga<\/a><\/p>\n","protected":false},"excerpt":{"rendered":"<p>Segundo a Caixa Econ\u00f4mica Federal, a partir desta ter\u00e7a-feira (7) os trabalhadores de Bertioga atingidos pelas chuvas est\u00e3o eleg\u00edveis a solicitar o saque do Fundo de Garantia por Tempo de Servi\u00e7o (FGTS) por calamidade. O saque pode ser solicitado at\u00e9 21 de maio, atrav\u00e9s do aplicativo FGTS. De acordo com as informa\u00e7\u00f5es, conforme informado pela &hellip;<\/p>\n","protected":false},"author":12,"featured_media":102075,"comment_status":"open","ping_status":"closed","sticky":false,"template":"","format":"standard","meta":{"footnotes":""},"categories":[1107],"tags":[1038,1105,162,63843],"class_list":["post-102073","post","type-post","status-publish","format-standard","has-post-thumbnail","hentry","category-bertioga","tag-bertioga","tag-caixa","tag-fgts","tag-saque"],"yoast_head":"<!-- This site is optimized with the Yoast SEO plugin v27.4 - https:\/\/yoast.com\/product\/yoast-seo-wordpress\/ -->\n<title>Moradores de Bertioga j\u00e1 podem solicitar Saque Calamidade - Litoral SP<\/title>\n<meta name=\"description\" content=\"Segundo a Caixa Econ\u00f4mica Federal, a partir desta ter\u00e7a-feira (7) os trabalhadores de Bertioga atingidos pelas chuvas est\u00e3o eleg\u00edveis a solicitar o saque do Fundo de Garantia por Tempo de Servi\u00e7o (FGTS) por calamidade.\" \/>\n<meta name=\"robots\" content=\"index, follow, max-snippet:-1, max-image-preview:large, max-video-preview:-1\" \/>\n<link rel=\"canonical\" href=\"https:\/\/redenoticiaz.com.br\/litoralsp\/2023\/03\/08\/moradores-de-bertioga-ja-podem-solicitar-saque-calamidade\" \/>\n<meta property=\"og:locale\" content=\"pt_BR\" \/>\n<meta property=\"og:type\" content=\"article\" \/>\n<meta property=\"og:title\" content=\"Moradores de Bertioga j\u00e1 podem solicitar Saque Calamidade - Litoral SP\" \/>\n<meta property=\"og:description\" content=\"Segundo a Caixa Econ\u00f4mica Federal, a partir desta ter\u00e7a-feira (7) os trabalhadores de Bertioga atingidos pelas chuvas est\u00e3o eleg\u00edveis a solicitar o saque do Fundo de Garantia por Tempo de Servi\u00e7o (FGTS) por calamidade.\" \/>\n<meta property=\"og:url\" content=\"https:\/\/redenoticiaz.com.br\/litoralsp\/2023\/03\/08\/moradores-de-bertioga-ja-podem-solicitar-saque-calamidade\" \/>\n<meta property=\"og:site_name\" content=\"Litoral SP\" \/>\n<meta property=\"article:published_time\" content=\"2023-03-08T18:56:36+00:00\" \/>\n<meta property=\"og:image\" content=\"https:\/\/redenoticiaz.com.br\/litoralsp\/wp-content\/uploads\/sites\/3\/2023\/03\/7011_1740886753A8A92E-9.jpg\" \/>\n\t<meta property=\"og:image:width\" content=\"1200\" \/>\n\t<meta property=\"og:image:height\" content=\"900\" \/>\n\t<meta property=\"og:image:type\" content=\"image\/jpeg\" \/>\n<meta name=\"author\" content=\"Gustavo Silva\" \/>\n<meta name=\"twitter:card\" content=\"summary_large_image\" \/>\n<meta name=\"twitter:label1\" content=\"Escrito por\" \/>\n\t<meta name=\"twitter:data1\" content=\"Gustavo Silva\" \/>\n\t<meta name=\"twitter:label2\" content=\"Est. tempo de leitura\" \/>\n\t<meta name=\"twitter:data2\" content=\"2 minutos\" \/>\n<script type=\"application\/ld+json\" class=\"yoast-schema-graph\">{\"@context\":\"https:\\\/\\\/schema.org\",\"@graph\":[{\"@type\":\"Article\",\"@id\":\"https:\\\/\\\/redenoticiaz.com.br\\\/litoralsp\\\/2023\\\/03\\\/08\\\/moradores-de-bertioga-ja-podem-solicitar-saque-calamidade#article\",\"isPartOf\":{\"@id\":\"https:\\\/\\\/redenoticiaz.com.br\\\/litoralsp\\\/2023\\\/03\\\/08\\\/moradores-de-bertioga-ja-podem-solicitar-saque-calamidade\"},\"author\":{\"name\":\"Gustavo Silva\",\"@id\":\"https:\\\/\\\/redenoticiaz.com.br\\\/litoralsp\\\/#\\\/schema\\\/person\\\/16057b37a3c0ee6b096d7f887c566e2e\"},\"headline\":\"Moradores de Bertioga j\u00e1 podem solicitar Saque Calamidade\",\"datePublished\":\"2023-03-08T18:56:36+00:00\",\"mainEntityOfPage\":{\"@id\":\"https:\\\/\\\/redenoticiaz.com.br\\\/litoralsp\\\/2023\\\/03\\\/08\\\/moradores-de-bertioga-ja-podem-solicitar-saque-calamidade\"},\"wordCount\":252,\"commentCount\":0,\"publisher\":{\"@id\":\"https:\\\/\\\/redenoticiaz.com.br\\\/litoralsp\\\/#organization\"},\"image\":{\"@id\":\"https:\\\/\\\/redenoticiaz.com.br\\\/litoralsp\\\/2023\\\/03\\\/08\\\/moradores-de-bertioga-ja-podem-solicitar-saque-calamidade#primaryimage\"},\"thumbnailUrl\":\"https:\\\/\\\/redenoticiaz.com.br\\\/litoralsp\\\/wp-content\\\/uploads\\\/sites\\\/3\\\/2023\\\/03\\\/7011_1740886753A8A92E-9.jpg\",\"keywords\":[\"BERTIOGA\",\"Caixa\",\"FGTS\",\"SAQUE\"],\"articleSection\":[\"Bertioga\"],\"inLanguage\":\"pt-BR\",\"potentialAction\":[{\"@type\":\"CommentAction\",\"name\":\"Comment\",\"target\":[\"https:\\\/\\\/redenoticiaz.com.br\\\/litoralsp\\\/2023\\\/03\\\/08\\\/moradores-de-bertioga-ja-podem-solicitar-saque-calamidade#respond\"]}]},{\"@type\":\"WebPage\",\"@id\":\"https:\\\/\\\/redenoticiaz.com.br\\\/litoralsp\\\/2023\\\/03\\\/08\\\/moradores-de-bertioga-ja-podem-solicitar-saque-calamidade\",\"url\":\"https:\\\/\\\/redenoticiaz.com.br\\\/litoralsp\\\/2023\\\/03\\\/08\\\/moradores-de-bertioga-ja-podem-solicitar-saque-calamidade\",\"name\":\"Moradores de Bertioga j\u00e1 podem solicitar Saque Calamidade - Litoral SP\",\"isPartOf\":{\"@id\":\"https:\\\/\\\/redenoticiaz.com.br\\\/litoralsp\\\/#website\"},\"primaryImageOfPage\":{\"@id\":\"https:\\\/\\\/redenoticiaz.com.br\\\/litoralsp\\\/2023\\\/03\\\/08\\\/moradores-de-bertioga-ja-podem-solicitar-saque-calamidade#primaryimage\"},\"image\":{\"@id\":\"https:\\\/\\\/redenoticiaz.com.br\\\/litoralsp\\\/2023\\\/03\\\/08\\\/moradores-de-bertioga-ja-podem-solicitar-saque-calamidade#primaryimage\"},\"thumbnailUrl\":\"https:\\\/\\\/redenoticiaz.com.br\\\/litoralsp\\\/wp-content\\\/uploads\\\/sites\\\/3\\\/2023\\\/03\\\/7011_1740886753A8A92E-9.jpg\",\"datePublished\":\"2023-03-08T18:56:36+00:00\",\"description\":\"Segundo a Caixa Econ\u00f4mica Federal, a partir desta ter\u00e7a-feira (7) os trabalhadores de Bertioga atingidos pelas chuvas est\u00e3o eleg\u00edveis a solicitar o saque do Fundo de Garantia por Tempo de Servi\u00e7o (FGTS) por calamidade.\",\"inLanguage\":\"pt-BR\",\"potentialAction\":[{\"@type\":\"ReadAction\",\"target\":[\"https:\\\/\\\/redenoticiaz.com.br\\\/litoralsp\\\/2023\\\/03\\\/08\\\/moradores-de-bertioga-ja-podem-solicitar-saque-calamidade\"]}]},{\"@type\":\"ImageObject\",\"inLanguage\":\"pt-BR\",\"@id\":\"https:\\\/\\\/redenoticiaz.com.br\\\/litoralsp\\\/2023\\\/03\\\/08\\\/moradores-de-bertioga-ja-podem-solicitar-saque-calamidade#primaryimage\",\"url\":\"https:\\\/\\\/redenoticiaz.com.br\\\/litoralsp\\\/wp-content\\\/uploads\\\/sites\\\/3\\\/2023\\\/03\\\/7011_1740886753A8A92E-9.jpg\",\"contentUrl\":\"https:\\\/\\\/redenoticiaz.com.br\\\/litoralsp\\\/wp-content\\\/uploads\\\/sites\\\/3\\\/2023\\\/03\\\/7011_1740886753A8A92E-9.jpg\",\"width\":1200,\"height\":900,\"caption\":\"Moradores de Bertioga j\u00e1 podem solicitar Saque Calamidade\"},{\"@type\":\"WebSite\",\"@id\":\"https:\\\/\\\/redenoticiaz.com.br\\\/litoralsp\\\/#website\",\"url\":\"https:\\\/\\\/redenoticiaz.com.br\\\/litoralsp\\\/\",\"name\":\"Litoral SP\",\"description\":\"Rede NoticiaZ\",\"publisher\":{\"@id\":\"https:\\\/\\\/redenoticiaz.com.br\\\/litoralsp\\\/#organization\"},\"potentialAction\":[{\"@type\":\"SearchAction\",\"target\":{\"@type\":\"EntryPoint\",\"urlTemplate\":\"https:\\\/\\\/redenoticiaz.com.br\\\/litoralsp\\\/?s={search_term_string}\"},\"query-input\":{\"@type\":\"PropertyValueSpecification\",\"valueRequired\":true,\"valueName\":\"search_term_string\"}}],\"inLanguage\":\"pt-BR\"},{\"@type\":\"Organization\",\"@id\":\"https:\\\/\\\/redenoticiaz.com.br\\\/litoralsp\\\/#organization\",\"name\":\"Litoral SP\",\"url\":\"https:\\\/\\\/redenoticiaz.com.br\\\/litoralsp\\\/\",\"logo\":{\"@type\":\"ImageObject\",\"inLanguage\":\"pt-BR\",\"@id\":\"https:\\\/\\\/redenoticiaz.com.br\\\/litoralsp\\\/#\\\/schema\\\/logo\\\/image\\\/\",\"url\":\"https:\\\/\\\/redenoticiaz.com.br\\\/litoralsp\\\/wp-content\\\/uploads\\\/sites\\\/3\\\/2020\\\/11\\\/logo.jpg\",\"contentUrl\":\"https:\\\/\\\/redenoticiaz.com.br\\\/litoralsp\\\/wp-content\\\/uploads\\\/sites\\\/3\\\/2020\\\/11\\\/logo.jpg\",\"width\":400,\"height\":250,\"caption\":\"Litoral SP\"},\"image\":{\"@id\":\"https:\\\/\\\/redenoticiaz.com.br\\\/litoralsp\\\/#\\\/schema\\\/logo\\\/image\\\/\"}},{\"@type\":\"Person\",\"@id\":\"https:\\\/\\\/redenoticiaz.com.br\\\/litoralsp\\\/#\\\/schema\\\/person\\\/16057b37a3c0ee6b096d7f887c566e2e\",\"name\":\"Gustavo Silva\",\"image\":{\"@type\":\"ImageObject\",\"inLanguage\":\"pt-BR\",\"@id\":\"https:\\\/\\\/secure.gravatar.com\\\/avatar\\\/3ee4e82f93b26de0a7cf4ea5eb7893da637ed6bb0c9170c58065944c56e28a33?s=96&d=mm&r=g\",\"url\":\"https:\\\/\\\/secure.gravatar.com\\\/avatar\\\/3ee4e82f93b26de0a7cf4ea5eb7893da637ed6bb0c9170c58065944c56e28a33?s=96&d=mm&r=g\",\"contentUrl\":\"https:\\\/\\\/secure.gravatar.com\\\/avatar\\\/3ee4e82f93b26de0a7cf4ea5eb7893da637ed6bb0c9170c58065944c56e28a33?s=96&d=mm&r=g\",\"caption\":\"Gustavo Silva\"},\"url\":\"https:\\\/\\\/redenoticiaz.com.br\\\/litoralsp\\\/author\\\/gustavosilva\"}]}<\/script>\n<!-- \/ Yoast SEO plugin. -->","yoast_head_json":{"title":"Moradores de Bertioga j\u00e1 podem solicitar Saque Calamidade - Litoral SP","description":"Segundo a Caixa Econ\u00f4mica Federal, a partir desta ter\u00e7a-feira (7) os trabalhadores de Bertioga atingidos pelas chuvas est\u00e3o eleg\u00edveis a solicitar o saque do Fundo de Garantia por Tempo de Servi\u00e7o (FGTS) por calamidade.","robots":{"index":"index","follow":"follow","max-snippet":"max-snippet:-1","max-image-preview":"max-image-preview:large","max-video-preview":"max-video-preview:-1"},"canonical":"https:\/\/redenoticiaz.com.br\/litoralsp\/2023\/03\/08\/moradores-de-bertioga-ja-podem-solicitar-saque-calamidade","og_locale":"pt_BR","og_type":"article","og_title":"Moradores de Bertioga j\u00e1 podem solicitar Saque Calamidade - Litoral SP","og_description":"Segundo a Caixa Econ\u00f4mica Federal, a partir desta ter\u00e7a-feira (7) os trabalhadores de Bertioga atingidos pelas chuvas est\u00e3o eleg\u00edveis a solicitar o saque do Fundo de Garantia por Tempo de Servi\u00e7o (FGTS) por calamidade.","og_url":"https:\/\/redenoticiaz.com.br\/litoralsp\/2023\/03\/08\/moradores-de-bertioga-ja-podem-solicitar-saque-calamidade","og_site_name":"Litoral SP","article_published_time":"2023-03-08T18:56:36+00:00","og_image":[{"width":1200,"height":900,"url":"https:\/\/redenoticiaz.com.br\/litoralsp\/wp-content\/uploads\/sites\/3\/2023\/03\/7011_1740886753A8A92E-9.jpg","type":"image\/jpeg"}],"author":"Gustavo Silva","twitter_card":"summary_large_image","twitter_misc":{"Escrito por":"Gustavo Silva","Est. tempo de leitura":"2 minutos"},"schema":{"@context":"https:\/\/schema.org","@graph":[{"@type":"Article","@id":"https:\/\/redenoticiaz.com.br\/litoralsp\/2023\/03\/08\/moradores-de-bertioga-ja-podem-solicitar-saque-calamidade#article","isPartOf":{"@id":"https:\/\/redenoticiaz.com.br\/litoralsp\/2023\/03\/08\/moradores-de-bertioga-ja-podem-solicitar-saque-calamidade"},"author":{"name":"Gustavo Silva","@id":"https:\/\/redenoticiaz.com.br\/litoralsp\/#\/schema\/person\/16057b37a3c0ee6b096d7f887c566e2e"},"headline":"Moradores de Bertioga j\u00e1 podem solicitar Saque Calamidade","datePublished":"2023-03-08T18:56:36+00:00","mainEntityOfPage":{"@id":"https:\/\/redenoticiaz.com.br\/litoralsp\/2023\/03\/08\/moradores-de-bertioga-ja-podem-solicitar-saque-calamidade"},"wordCount":252,"commentCount":0,"publisher":{"@id":"https:\/\/redenoticiaz.com.br\/litoralsp\/#organization"},"image":{"@id":"https:\/\/redenoticiaz.com.br\/litoralsp\/2023\/03\/08\/moradores-de-bertioga-ja-podem-solicitar-saque-calamidade#primaryimage"},"thumbnailUrl":"https:\/\/redenoticiaz.com.br\/litoralsp\/wp-content\/uploads\/sites\/3\/2023\/03\/7011_1740886753A8A92E-9.jpg","keywords":["BERTIOGA","Caixa","FGTS","SAQUE"],"articleSection":["Bertioga"],"inLanguage":"pt-BR","potentialAction":[{"@type":"CommentAction","name":"Comment","target":["https:\/\/redenoticiaz.com.br\/litoralsp\/2023\/03\/08\/moradores-de-bertioga-ja-podem-solicitar-saque-calamidade#respond"]}]},{"@type":"WebPage","@id":"https:\/\/redenoticiaz.com.br\/litoralsp\/2023\/03\/08\/moradores-de-bertioga-ja-podem-solicitar-saque-calamidade","url":"https:\/\/redenoticiaz.com.br\/litoralsp\/2023\/03\/08\/moradores-de-bertioga-ja-podem-solicitar-saque-calamidade","name":"Moradores de Bertioga j\u00e1 podem solicitar Saque Calamidade - Litoral SP","isPartOf":{"@id":"https:\/\/redenoticiaz.com.br\/litoralsp\/#website"},"primaryImageOfPage":{"@id":"https:\/\/redenoticiaz.com.br\/litoralsp\/2023\/03\/08\/moradores-de-bertioga-ja-podem-solicitar-saque-calamidade#primaryimage"},"image":{"@id":"https:\/\/redenoticiaz.com.br\/litoralsp\/2023\/03\/08\/moradores-de-bertioga-ja-podem-solicitar-saque-calamidade#primaryimage"},"thumbnailUrl":"https:\/\/redenoticiaz.com.br\/litoralsp\/wp-content\/uploads\/sites\/3\/2023\/03\/7011_1740886753A8A92E-9.jpg","datePublished":"2023-03-08T18:56:36+00:00","description":"Segundo a Caixa Econ\u00f4mica Federal, a partir desta ter\u00e7a-feira (7) os trabalhadores de Bertioga atingidos pelas chuvas est\u00e3o eleg\u00edveis a solicitar o saque do Fundo de Garantia por Tempo de Servi\u00e7o (FGTS) por calamidade.","inLanguage":"pt-BR","potentialAction":[{"@type":"ReadAction","target":["https:\/\/redenoticiaz.com.br\/litoralsp\/2023\/03\/08\/moradores-de-bertioga-ja-podem-solicitar-saque-calamidade"]}]},{"@type":"ImageObject","inLanguage":"pt-BR","@id":"https:\/\/redenoticiaz.com.br\/litoralsp\/2023\/03\/08\/moradores-de-bertioga-ja-podem-solicitar-saque-calamidade#primaryimage","url":"https:\/\/redenoticiaz.com.br\/litoralsp\/wp-content\/uploads\/sites\/3\/2023\/03\/7011_1740886753A8A92E-9.jpg","contentUrl":"https:\/\/redenoticiaz.com.br\/litoralsp\/wp-content\/uploads\/sites\/3\/2023\/03\/7011_1740886753A8A92E-9.jpg","width":1200,"height":900,"caption":"Moradores de Bertioga j\u00e1 podem solicitar Saque Calamidade"},{"@type":"WebSite","@id":"https:\/\/redenoticiaz.com.br\/litoralsp\/#website","url":"https:\/\/redenoticiaz.com.br\/litoralsp\/","name":"Litoral SP","description":"Rede NoticiaZ","publisher":{"@id":"https:\/\/redenoticiaz.com.br\/litoralsp\/#organization"},"potentialAction":[{"@type":"SearchAction","target":{"@type":"EntryPoint","urlTemplate":"https:\/\/redenoticiaz.com.br\/litoralsp\/?s={search_term_string}"},"query-input":{"@type":"PropertyValueSpecification","valueRequired":true,"valueName":"search_term_string"}}],"inLanguage":"pt-BR"},{"@type":"Organization","@id":"https:\/\/redenoticiaz.com.br\/litoralsp\/#organization","name":"Litoral SP","url":"https:\/\/redenoticiaz.com.br\/litoralsp\/","logo":{"@type":"ImageObject","inLanguage":"pt-BR","@id":"https:\/\/redenoticiaz.com.br\/litoralsp\/#\/schema\/logo\/image\/","url":"https:\/\/redenoticiaz.com.br\/litoralsp\/wp-content\/uploads\/sites\/3\/2020\/11\/logo.jpg","contentUrl":"https:\/\/redenoticiaz.com.br\/litoralsp\/wp-content\/uploads\/sites\/3\/2020\/11\/logo.jpg","width":400,"height":250,"caption":"Litoral SP"},"image":{"@id":"https:\/\/redenoticiaz.com.br\/litoralsp\/#\/schema\/logo\/image\/"}},{"@type":"Person","@id":"https:\/\/redenoticiaz.com.br\/litoralsp\/#\/schema\/person\/16057b37a3c0ee6b096d7f887c566e2e","name":"Gustavo Silva","image":{"@type":"ImageObject","inLanguage":"pt-BR","@id":"https:\/\/secure.gravatar.com\/avatar\/3ee4e82f93b26de0a7cf4ea5eb7893da637ed6bb0c9170c58065944c56e28a33?s=96&d=mm&r=g","url":"https:\/\/secure.gravatar.com\/avatar\/3ee4e82f93b26de0a7cf4ea5eb7893da637ed6bb0c9170c58065944c56e28a33?s=96&d=mm&r=g","contentUrl":"https:\/\/secure.gravatar.com\/avatar\/3ee4e82f93b26de0a7cf4ea5eb7893da637ed6bb0c9170c58065944c56e28a33?s=96&d=mm&r=g","caption":"Gustavo Silva"},"url":"https:\/\/redenoticiaz.com.br\/litoralsp\/author\/gustavosilva"}]}},"_links":{"self":[{"href":"https:\/\/redenoticiaz.com.br\/litoralsp\/wp-json\/wp\/v2\/posts\/102073","targetHints":{"allow":["GET"]}}],"collection":[{"href":"https:\/\/redenoticiaz.com.br\/litoralsp\/wp-json\/wp\/v2\/posts"}],"about":[{"href":"https:\/\/redenoticiaz.com.br\/litoralsp\/wp-json\/wp\/v2\/types\/post"}],"author":[{"embeddable":true,"href":"https:\/\/redenoticiaz.com.br\/litoralsp\/wp-json\/wp\/v2\/users\/12"}],"replies":[{"embeddable":true,"href":"https:\/\/redenoticiaz.com.br\/litoralsp\/wp-json\/wp\/v2\/comments?post=102073"}],"version-history":[{"count":1,"href":"https:\/\/redenoticiaz.com.br\/litoralsp\/wp-json\/wp\/v2\/posts\/102073\/revisions"}],"predecessor-version":[{"id":102076,"href":"https:\/\/redenoticiaz.com.br\/litoralsp\/wp-json\/wp\/v2\/posts\/102073\/revisions\/102076"}],"wp:featuredmedia":[{"embeddable":true,"href":"https:\/\/redenoticiaz.com.br\/litoralsp\/wp-json\/wp\/v2\/media\/102075"}],"wp:attachment":[{"href":"https:\/\/redenoticiaz.com.br\/litoralsp\/wp-json\/wp\/v2\/media?parent=102073"}],"wp:term":[{"taxonomy":"category","embeddable":true,"href":"https:\/\/redenoticiaz.com.br\/litoralsp\/wp-json\/wp\/v2\/categories?post=102073"},{"taxonomy":"post_tag","embeddable":true,"href":"https:\/\/redenoticiaz.com.br\/litoralsp\/wp-json\/wp\/v2\/tags?post=102073"}],"curies":[{"name":"wp","href":"https:\/\/api.w.org\/{rel}","templated":true}]}}