{"id":10213,"date":"2021-06-17T17:48:53","date_gmt":"2021-06-17T20:48:53","guid":{"rendered":"https:\/\/redenoticiaz.com.br\/litoralsp\/?p=10213"},"modified":"2021-06-17T17:49:16","modified_gmt":"2021-06-17T20:49:16","slug":"compra-de-mobiliario-e-restauracao-de-quadros-em-sao-vicente-estao-na-mira-do-mp","status":"publish","type":"post","link":"https:\/\/redenoticiaz.com.br\/litoralsp\/2021\/06\/17\/compra-de-mobiliario-e-restauracao-de-quadros-em-sao-vicente-estao-na-mira-do-mp","title":{"rendered":"Compra de mobili\u00e1rio e restaura\u00e7\u00e3o de quadros em S\u00e3o Vicente est\u00e3o na mira do MP"},"content":{"rendered":"<p>Os gastos com a compra de <strong>m\u00f3veis e de restauros de pinturas de retratos<\/strong> da C\u00e2mara Municipal de S\u00e3o Vicente est\u00e3o na mira do Minist\u00e9rio P\u00fablico. O custo revelado foi de R$ 297.270,87. Al\u00e9m disso, R$ 79.230,33 para a restaura\u00e7\u00e3o da pintura de retratos tamb\u00e9m foi inclu\u00eddo na apura\u00e7\u00e3o do inqu\u00e9rito civil.<\/p>\n<p>O promotor da Justi\u00e7a de S\u00e3o Vicente, Rodrgio Fernandez Dacal foi o respons\u00e1vel pelo inqu\u00e9rito e a justificativa \u00e9 porque os gastos deveriam ser destinados para a preven\u00e7\u00e3o da Covid-19 durante a pandemia e a necessidade de melhor apura\u00e7\u00e3o dos fatos.<\/p>\n<p>De acordo com a portaria, o promotor solicitou \u00e0 <a href=\"https:\/\/www.camarasaovicente.sp.gov.br\/\">C\u00e2mara<\/a> a rela\u00e7\u00e3o das notas fiscais dos servi\u00e7os e m\u00f3veis comprados, com data e valores dos pagamentos efetuados. Al\u00e9m disso, ele pediu a qualifica\u00e7\u00e3o t\u00e9cnica dos profissionais respons\u00e1veis pela restaura\u00e7\u00e3o dos m\u00f3veis da C\u00e2mara pela empresa vencedora do edital. A empresa tamb\u00e9m dever\u00e1 apresentar a rela\u00e7\u00e3o de todos os contratos firmados com o poder p\u00fablico nos \u00faltimos dois anos.<\/p>\n<h3>O edital<\/h3>\n<div class=\"mc-column content-text active-extra-styles \" data-block-type=\"unstyled\" data-block-weight=\"34\" data-block-id=\"9\">\n<p class=\"content-text__container \" data-track-category=\"Link no Texto\" data-track-links=\"\">O edital publicado para a\u00a0aquisi\u00e7\u00e3o destes m\u00f3veis teve cota\u00e7\u00e3o estimada em quase R$ 1 milh\u00e3o. Dentre os m\u00f3veis requisitados, estavam cadeiras avaliadas em R$ 5 mil, mesas, paredes de deck e sof\u00e1s. No \u00faltimo dia 30 de mar\u00e7o, a C\u00e2mara anunciou a suspens\u00e3o das sess\u00f5es presenciais, devido aos casos confirmados e suspeitos de Covid-19 entre funcion\u00e1rios do pr\u00e9dio e ao avan\u00e7o da pandemia do novo coronav\u00edrus na Baixada Santista.<\/p>\n<\/div>\n<div class=\"mc-column content-text active-extra-styles \" data-block-type=\"unstyled\" data-block-weight=\"52\" data-block-id=\"11\">\n<p class=\"content-text__container \" data-track-category=\"Link no Texto\" data-track-links=\"\">Contudo, um documento publicado em abril anunciou a realiza\u00e7\u00e3o de um preg\u00e3o presencial, modalidade de licita\u00e7\u00e3o para a aquisi\u00e7\u00e3o de bens e servi\u00e7os comuns, para o fim do m\u00eas. No encontro, licitantes interessados em oferecer os produtos ao Legislativo municipal disputaram o processo por meio de propostas e lances em sess\u00e3o p\u00fablica.<\/p>\n<\/div>\n<div class=\"mc-column content-text active-extra-styles \" data-block-type=\"unstyled\" data-block-weight=\"69\" data-block-id=\"12\">\n<p class=\"content-text__container \" data-track-category=\"Link no Texto\" data-track-links=\"\">De acordo com o edital, o preg\u00e3o foi realizado em esquema de &#8220;Menor Pre\u00e7o Por Lote&#8221;, ou seja, a empresa que conseguir oferecer uma proposta com o menor valor de custo ganhar\u00e1 a licita\u00e7\u00e3o para oferecer o mobili\u00e1rio. No texto, a presid\u00eancia da C\u00e2mara esclarece que o valor estimado a ser desembolsado era de\u00a0R$ 882.550,87, valor referente a uma cota\u00e7\u00e3o, a partir da m\u00e9dia de pre\u00e7os de mercado.<\/p>\n<\/div>\n<p>A C\u00e2mara de S\u00e3o Vicente foi procurada e ela informou que ainda n\u00e3o havia sido notificada pelo Minist\u00e9rio P\u00fablico. Em nota, o Legislativo esclareceu que a aquisi\u00e7\u00e3o deveu-se \u00e0 necessidade de trocar os equipamentos do pr\u00e9dio p\u00fablico, que est\u00e3o deteriorados.<\/p>\n<p><strong>LEIA TAMB\u00c9M<\/strong><\/p>\n<p><a href=\"https:\/\/redenoticiaz.com.br\/litoralsp\/2021\/06\/16\/ex-vereador-de-sao-vicente-beto-zoinho-morre\">Ex-vereador de S\u00e3o Vicente, Beto Zoinho, morre<\/a><\/p>\n","protected":false},"excerpt":{"rendered":"<p>Os gastos com a compra de m\u00f3veis e de restauros de pinturas de retratos da C\u00e2mara Municipal de S\u00e3o Vicente est\u00e3o na mira do Minist\u00e9rio P\u00fablico. O custo revelado foi de R$ 297.270,87. Al\u00e9m disso, R$ 79.230,33 para a restaura\u00e7\u00e3o da pintura de retratos tamb\u00e9m foi inclu\u00eddo na apura\u00e7\u00e3o do inqu\u00e9rito civil. O promotor da &hellip;<\/p>\n","protected":false},"author":6,"featured_media":10214,"comment_status":"open","ping_status":"closed","sticky":false,"template":"","format":"standard","meta":{"footnotes":""},"categories":[22,15,181],"tags":[14253,1431,25656,25657,33],"class_list":["post-10213","post","type-post","status-publish","format-standard","has-post-thumbnail","hentry","category-justica","category-politica","category-sao-vicente","tag-camara-municipal","tag-ministerio-publico","tag-moveis","tag-restauros-de-quadros","tag-sao-vicente"],"yoast_head":"<!-- This site is optimized with the Yoast SEO plugin v27.5 - https:\/\/yoast.com\/product\/yoast-seo-wordpress\/ -->\n<title>Compra de mobili\u00e1rio e restaura\u00e7\u00e3o de quadros em S\u00e3o Vicente est\u00e3o na mira do MP - Litoral SP<\/title>\n<meta name=\"description\" content=\"Os gastos com a compra de m\u00f3veis e de restauros de pinturas de retratos da C\u00e2mara Municipal de S\u00e3o Vicente est\u00e3o na mira\" \/>\n<meta name=\"robots\" content=\"index, follow, max-snippet:-1, max-image-preview:large, max-video-preview:-1\" \/>\n<link rel=\"canonical\" href=\"https:\/\/redenoticiaz.com.br\/litoralsp\/2021\/06\/17\/compra-de-mobiliario-e-restauracao-de-quadros-em-sao-vicente-estao-na-mira-do-mp\" \/>\n<meta property=\"og:locale\" content=\"pt_BR\" \/>\n<meta property=\"og:type\" content=\"article\" \/>\n<meta property=\"og:title\" content=\"Compra de mobili\u00e1rio e restaura\u00e7\u00e3o de quadros em S\u00e3o Vicente est\u00e3o na mira do MP - Litoral SP\" \/>\n<meta property=\"og:description\" content=\"Os gastos com a compra de m\u00f3veis e de restauros de pinturas de retratos da C\u00e2mara Municipal de S\u00e3o Vicente est\u00e3o na mira\" \/>\n<meta property=\"og:url\" content=\"https:\/\/redenoticiaz.com.br\/litoralsp\/2021\/06\/17\/compra-de-mobiliario-e-restauracao-de-quadros-em-sao-vicente-estao-na-mira-do-mp\" \/>\n<meta property=\"og:site_name\" content=\"Litoral SP\" \/>\n<meta property=\"article:published_time\" content=\"2021-06-17T20:48:53+00:00\" \/>\n<meta property=\"article:modified_time\" content=\"2021-06-17T20:49:16+00:00\" \/>\n<meta property=\"og:image\" content=\"https:\/\/redenoticiaz.com.br\/litoralsp\/wp-content\/uploads\/sites\/3\/2021\/06\/camara.jpeg\" \/>\n\t<meta property=\"og:image:width\" content=\"984\" \/>\n\t<meta property=\"og:image:height\" content=\"554\" \/>\n\t<meta property=\"og:image:type\" content=\"image\/jpeg\" \/>\n<meta name=\"author\" content=\"Leonardo Francisco\" \/>\n<meta name=\"twitter:card\" content=\"summary_large_image\" \/>\n<meta name=\"twitter:label1\" content=\"Escrito por\" \/>\n\t<meta name=\"twitter:data1\" content=\"Leonardo Francisco\" \/>\n\t<meta name=\"twitter:label2\" content=\"Est. tempo de leitura\" \/>\n\t<meta name=\"twitter:data2\" content=\"2 minutos\" \/>\n<script type=\"application\/ld+json\" class=\"yoast-schema-graph\">{\"@context\":\"https:\\\/\\\/schema.org\",\"@graph\":[{\"@type\":\"Article\",\"@id\":\"https:\\\/\\\/redenoticiaz.com.br\\\/litoralsp\\\/2021\\\/06\\\/17\\\/compra-de-mobiliario-e-restauracao-de-quadros-em-sao-vicente-estao-na-mira-do-mp#article\",\"isPartOf\":{\"@id\":\"https:\\\/\\\/redenoticiaz.com.br\\\/litoralsp\\\/2021\\\/06\\\/17\\\/compra-de-mobiliario-e-restauracao-de-quadros-em-sao-vicente-estao-na-mira-do-mp\"},\"author\":{\"name\":\"Leonardo Francisco\",\"@id\":\"https:\\\/\\\/redenoticiaz.com.br\\\/litoralsp\\\/#\\\/schema\\\/person\\\/0f0b8a5bdafefe82841e07ae8d81ecb3\"},\"headline\":\"Compra de mobili\u00e1rio e restaura\u00e7\u00e3o de quadros em S\u00e3o Vicente est\u00e3o na mira do MP\",\"datePublished\":\"2021-06-17T20:48:53+00:00\",\"dateModified\":\"2021-06-17T20:49:16+00:00\",\"mainEntityOfPage\":{\"@id\":\"https:\\\/\\\/redenoticiaz.com.br\\\/litoralsp\\\/2021\\\/06\\\/17\\\/compra-de-mobiliario-e-restauracao-de-quadros-em-sao-vicente-estao-na-mira-do-mp\"},\"wordCount\":487,\"commentCount\":0,\"publisher\":{\"@id\":\"https:\\\/\\\/redenoticiaz.com.br\\\/litoralsp\\\/#organization\"},\"image\":{\"@id\":\"https:\\\/\\\/redenoticiaz.com.br\\\/litoralsp\\\/2021\\\/06\\\/17\\\/compra-de-mobiliario-e-restauracao-de-quadros-em-sao-vicente-estao-na-mira-do-mp#primaryimage\"},\"thumbnailUrl\":\"https:\\\/\\\/redenoticiaz.com.br\\\/litoralsp\\\/wp-content\\\/uploads\\\/sites\\\/3\\\/2021\\\/06\\\/camara.jpeg\",\"keywords\":[\"C\u00c2MARA MUNICIPAL\",\"Minist\u00e9rio P\u00fablico\",\"M\u00d3VEIS\",\"RESTAUROS DE QUADROS\",\"S\u00e3o Vicente\"],\"articleSection\":[\"Justi\u00e7a\",\"Pol\u00edtica\",\"S\u00e3o Vicente\"],\"inLanguage\":\"pt-BR\",\"potentialAction\":[{\"@type\":\"CommentAction\",\"name\":\"Comment\",\"target\":[\"https:\\\/\\\/redenoticiaz.com.br\\\/litoralsp\\\/2021\\\/06\\\/17\\\/compra-de-mobiliario-e-restauracao-de-quadros-em-sao-vicente-estao-na-mira-do-mp#respond\"]}]},{\"@type\":\"WebPage\",\"@id\":\"https:\\\/\\\/redenoticiaz.com.br\\\/litoralsp\\\/2021\\\/06\\\/17\\\/compra-de-mobiliario-e-restauracao-de-quadros-em-sao-vicente-estao-na-mira-do-mp\",\"url\":\"https:\\\/\\\/redenoticiaz.com.br\\\/litoralsp\\\/2021\\\/06\\\/17\\\/compra-de-mobiliario-e-restauracao-de-quadros-em-sao-vicente-estao-na-mira-do-mp\",\"name\":\"Compra de mobili\u00e1rio e restaura\u00e7\u00e3o de quadros em S\u00e3o Vicente est\u00e3o na mira do MP - Litoral SP\",\"isPartOf\":{\"@id\":\"https:\\\/\\\/redenoticiaz.com.br\\\/litoralsp\\\/#website\"},\"primaryImageOfPage\":{\"@id\":\"https:\\\/\\\/redenoticiaz.com.br\\\/litoralsp\\\/2021\\\/06\\\/17\\\/compra-de-mobiliario-e-restauracao-de-quadros-em-sao-vicente-estao-na-mira-do-mp#primaryimage\"},\"image\":{\"@id\":\"https:\\\/\\\/redenoticiaz.com.br\\\/litoralsp\\\/2021\\\/06\\\/17\\\/compra-de-mobiliario-e-restauracao-de-quadros-em-sao-vicente-estao-na-mira-do-mp#primaryimage\"},\"thumbnailUrl\":\"https:\\\/\\\/redenoticiaz.com.br\\\/litoralsp\\\/wp-content\\\/uploads\\\/sites\\\/3\\\/2021\\\/06\\\/camara.jpeg\",\"datePublished\":\"2021-06-17T20:48:53+00:00\",\"dateModified\":\"2021-06-17T20:49:16+00:00\",\"description\":\"Os gastos com a compra de m\u00f3veis e de restauros de pinturas de retratos da C\u00e2mara Municipal de S\u00e3o Vicente est\u00e3o na mira\",\"inLanguage\":\"pt-BR\",\"potentialAction\":[{\"@type\":\"ReadAction\",\"target\":[\"https:\\\/\\\/redenoticiaz.com.br\\\/litoralsp\\\/2021\\\/06\\\/17\\\/compra-de-mobiliario-e-restauracao-de-quadros-em-sao-vicente-estao-na-mira-do-mp\"]}]},{\"@type\":\"ImageObject\",\"inLanguage\":\"pt-BR\",\"@id\":\"https:\\\/\\\/redenoticiaz.com.br\\\/litoralsp\\\/2021\\\/06\\\/17\\\/compra-de-mobiliario-e-restauracao-de-quadros-em-sao-vicente-estao-na-mira-do-mp#primaryimage\",\"url\":\"https:\\\/\\\/redenoticiaz.com.br\\\/litoralsp\\\/wp-content\\\/uploads\\\/sites\\\/3\\\/2021\\\/06\\\/camara.jpeg\",\"contentUrl\":\"https:\\\/\\\/redenoticiaz.com.br\\\/litoralsp\\\/wp-content\\\/uploads\\\/sites\\\/3\\\/2021\\\/06\\\/camara.jpeg\",\"width\":984,\"height\":554,\"caption\":\"Compra de mobili\u00e1rio e restaura\u00e7\u00e3o de quadros em S\u00e3o Vicente est\u00e3o na mira do MP\"},{\"@type\":\"WebSite\",\"@id\":\"https:\\\/\\\/redenoticiaz.com.br\\\/litoralsp\\\/#website\",\"url\":\"https:\\\/\\\/redenoticiaz.com.br\\\/litoralsp\\\/\",\"name\":\"Litoral SP\",\"description\":\"Rede NoticiaZ\",\"publisher\":{\"@id\":\"https:\\\/\\\/redenoticiaz.com.br\\\/litoralsp\\\/#organization\"},\"potentialAction\":[{\"@type\":\"SearchAction\",\"target\":{\"@type\":\"EntryPoint\",\"urlTemplate\":\"https:\\\/\\\/redenoticiaz.com.br\\\/litoralsp\\\/?s={search_term_string}\"},\"query-input\":{\"@type\":\"PropertyValueSpecification\",\"valueRequired\":true,\"valueName\":\"search_term_string\"}}],\"inLanguage\":\"pt-BR\"},{\"@type\":\"Organization\",\"@id\":\"https:\\\/\\\/redenoticiaz.com.br\\\/litoralsp\\\/#organization\",\"name\":\"Litoral SP\",\"url\":\"https:\\\/\\\/redenoticiaz.com.br\\\/litoralsp\\\/\",\"logo\":{\"@type\":\"ImageObject\",\"inLanguage\":\"pt-BR\",\"@id\":\"https:\\\/\\\/redenoticiaz.com.br\\\/litoralsp\\\/#\\\/schema\\\/logo\\\/image\\\/\",\"url\":\"https:\\\/\\\/redenoticiaz.com.br\\\/litoralsp\\\/wp-content\\\/uploads\\\/sites\\\/3\\\/2020\\\/11\\\/logo.jpg\",\"contentUrl\":\"https:\\\/\\\/redenoticiaz.com.br\\\/litoralsp\\\/wp-content\\\/uploads\\\/sites\\\/3\\\/2020\\\/11\\\/logo.jpg\",\"width\":400,\"height\":250,\"caption\":\"Litoral SP\"},\"image\":{\"@id\":\"https:\\\/\\\/redenoticiaz.com.br\\\/litoralsp\\\/#\\\/schema\\\/logo\\\/image\\\/\"}},{\"@type\":\"Person\",\"@id\":\"https:\\\/\\\/redenoticiaz.com.br\\\/litoralsp\\\/#\\\/schema\\\/person\\\/0f0b8a5bdafefe82841e07ae8d81ecb3\",\"name\":\"Leonardo Francisco\",\"image\":{\"@type\":\"ImageObject\",\"inLanguage\":\"pt-BR\",\"@id\":\"https:\\\/\\\/secure.gravatar.com\\\/avatar\\\/a7358cb406a99b682ec6df1e77e31ae82e63601f6784e8a3df411d72b37864da?s=96&d=mm&r=g\",\"url\":\"https:\\\/\\\/secure.gravatar.com\\\/avatar\\\/a7358cb406a99b682ec6df1e77e31ae82e63601f6784e8a3df411d72b37864da?s=96&d=mm&r=g\",\"contentUrl\":\"https:\\\/\\\/secure.gravatar.com\\\/avatar\\\/a7358cb406a99b682ec6df1e77e31ae82e63601f6784e8a3df411d72b37864da?s=96&d=mm&r=g\",\"caption\":\"Leonardo Francisco\"},\"url\":\"https:\\\/\\\/redenoticiaz.com.br\\\/litoralsp\\\/author\\\/leonardo-francisco\"}]}<\/script>\n<!-- \/ Yoast SEO plugin. -->","yoast_head_json":{"title":"Compra de mobili\u00e1rio e restaura\u00e7\u00e3o de quadros em S\u00e3o Vicente est\u00e3o na mira do MP - Litoral SP","description":"Os gastos com a compra de m\u00f3veis e de restauros de pinturas de retratos da C\u00e2mara Municipal de S\u00e3o Vicente est\u00e3o na mira","robots":{"index":"index","follow":"follow","max-snippet":"max-snippet:-1","max-image-preview":"max-image-preview:large","max-video-preview":"max-video-preview:-1"},"canonical":"https:\/\/redenoticiaz.com.br\/litoralsp\/2021\/06\/17\/compra-de-mobiliario-e-restauracao-de-quadros-em-sao-vicente-estao-na-mira-do-mp","og_locale":"pt_BR","og_type":"article","og_title":"Compra de mobili\u00e1rio e restaura\u00e7\u00e3o de quadros em S\u00e3o Vicente est\u00e3o na mira do MP - Litoral SP","og_description":"Os gastos com a compra de m\u00f3veis e de restauros de pinturas de retratos da C\u00e2mara Municipal de S\u00e3o Vicente est\u00e3o na mira","og_url":"https:\/\/redenoticiaz.com.br\/litoralsp\/2021\/06\/17\/compra-de-mobiliario-e-restauracao-de-quadros-em-sao-vicente-estao-na-mira-do-mp","og_site_name":"Litoral SP","article_published_time":"2021-06-17T20:48:53+00:00","article_modified_time":"2021-06-17T20:49:16+00:00","og_image":[{"width":984,"height":554,"url":"https:\/\/redenoticiaz.com.br\/litoralsp\/wp-content\/uploads\/sites\/3\/2021\/06\/camara.jpeg","type":"image\/jpeg"}],"author":"Leonardo Francisco","twitter_card":"summary_large_image","twitter_misc":{"Escrito por":"Leonardo Francisco","Est. tempo de leitura":"2 minutos"},"schema":{"@context":"https:\/\/schema.org","@graph":[{"@type":"Article","@id":"https:\/\/redenoticiaz.com.br\/litoralsp\/2021\/06\/17\/compra-de-mobiliario-e-restauracao-de-quadros-em-sao-vicente-estao-na-mira-do-mp#article","isPartOf":{"@id":"https:\/\/redenoticiaz.com.br\/litoralsp\/2021\/06\/17\/compra-de-mobiliario-e-restauracao-de-quadros-em-sao-vicente-estao-na-mira-do-mp"},"author":{"name":"Leonardo Francisco","@id":"https:\/\/redenoticiaz.com.br\/litoralsp\/#\/schema\/person\/0f0b8a5bdafefe82841e07ae8d81ecb3"},"headline":"Compra de mobili\u00e1rio e restaura\u00e7\u00e3o de quadros em S\u00e3o Vicente est\u00e3o na mira do MP","datePublished":"2021-06-17T20:48:53+00:00","dateModified":"2021-06-17T20:49:16+00:00","mainEntityOfPage":{"@id":"https:\/\/redenoticiaz.com.br\/litoralsp\/2021\/06\/17\/compra-de-mobiliario-e-restauracao-de-quadros-em-sao-vicente-estao-na-mira-do-mp"},"wordCount":487,"commentCount":0,"publisher":{"@id":"https:\/\/redenoticiaz.com.br\/litoralsp\/#organization"},"image":{"@id":"https:\/\/redenoticiaz.com.br\/litoralsp\/2021\/06\/17\/compra-de-mobiliario-e-restauracao-de-quadros-em-sao-vicente-estao-na-mira-do-mp#primaryimage"},"thumbnailUrl":"https:\/\/redenoticiaz.com.br\/litoralsp\/wp-content\/uploads\/sites\/3\/2021\/06\/camara.jpeg","keywords":["C\u00c2MARA MUNICIPAL","Minist\u00e9rio P\u00fablico","M\u00d3VEIS","RESTAUROS DE QUADROS","S\u00e3o Vicente"],"articleSection":["Justi\u00e7a","Pol\u00edtica","S\u00e3o Vicente"],"inLanguage":"pt-BR","potentialAction":[{"@type":"CommentAction","name":"Comment","target":["https:\/\/redenoticiaz.com.br\/litoralsp\/2021\/06\/17\/compra-de-mobiliario-e-restauracao-de-quadros-em-sao-vicente-estao-na-mira-do-mp#respond"]}]},{"@type":"WebPage","@id":"https:\/\/redenoticiaz.com.br\/litoralsp\/2021\/06\/17\/compra-de-mobiliario-e-restauracao-de-quadros-em-sao-vicente-estao-na-mira-do-mp","url":"https:\/\/redenoticiaz.com.br\/litoralsp\/2021\/06\/17\/compra-de-mobiliario-e-restauracao-de-quadros-em-sao-vicente-estao-na-mira-do-mp","name":"Compra de mobili\u00e1rio e restaura\u00e7\u00e3o de quadros em S\u00e3o Vicente est\u00e3o na mira do MP - Litoral SP","isPartOf":{"@id":"https:\/\/redenoticiaz.com.br\/litoralsp\/#website"},"primaryImageOfPage":{"@id":"https:\/\/redenoticiaz.com.br\/litoralsp\/2021\/06\/17\/compra-de-mobiliario-e-restauracao-de-quadros-em-sao-vicente-estao-na-mira-do-mp#primaryimage"},"image":{"@id":"https:\/\/redenoticiaz.com.br\/litoralsp\/2021\/06\/17\/compra-de-mobiliario-e-restauracao-de-quadros-em-sao-vicente-estao-na-mira-do-mp#primaryimage"},"thumbnailUrl":"https:\/\/redenoticiaz.com.br\/litoralsp\/wp-content\/uploads\/sites\/3\/2021\/06\/camara.jpeg","datePublished":"2021-06-17T20:48:53+00:00","dateModified":"2021-06-17T20:49:16+00:00","description":"Os gastos com a compra de m\u00f3veis e de restauros de pinturas de retratos da C\u00e2mara Municipal de S\u00e3o Vicente est\u00e3o na mira","inLanguage":"pt-BR","potentialAction":[{"@type":"ReadAction","target":["https:\/\/redenoticiaz.com.br\/litoralsp\/2021\/06\/17\/compra-de-mobiliario-e-restauracao-de-quadros-em-sao-vicente-estao-na-mira-do-mp"]}]},{"@type":"ImageObject","inLanguage":"pt-BR","@id":"https:\/\/redenoticiaz.com.br\/litoralsp\/2021\/06\/17\/compra-de-mobiliario-e-restauracao-de-quadros-em-sao-vicente-estao-na-mira-do-mp#primaryimage","url":"https:\/\/redenoticiaz.com.br\/litoralsp\/wp-content\/uploads\/sites\/3\/2021\/06\/camara.jpeg","contentUrl":"https:\/\/redenoticiaz.com.br\/litoralsp\/wp-content\/uploads\/sites\/3\/2021\/06\/camara.jpeg","width":984,"height":554,"caption":"Compra de mobili\u00e1rio e restaura\u00e7\u00e3o de quadros em S\u00e3o Vicente est\u00e3o na mira do MP"},{"@type":"WebSite","@id":"https:\/\/redenoticiaz.com.br\/litoralsp\/#website","url":"https:\/\/redenoticiaz.com.br\/litoralsp\/","name":"Litoral SP","description":"Rede NoticiaZ","publisher":{"@id":"https:\/\/redenoticiaz.com.br\/litoralsp\/#organization"},"potentialAction":[{"@type":"SearchAction","target":{"@type":"EntryPoint","urlTemplate":"https:\/\/redenoticiaz.com.br\/litoralsp\/?s={search_term_string}"},"query-input":{"@type":"PropertyValueSpecification","valueRequired":true,"valueName":"search_term_string"}}],"inLanguage":"pt-BR"},{"@type":"Organization","@id":"https:\/\/redenoticiaz.com.br\/litoralsp\/#organization","name":"Litoral SP","url":"https:\/\/redenoticiaz.com.br\/litoralsp\/","logo":{"@type":"ImageObject","inLanguage":"pt-BR","@id":"https:\/\/redenoticiaz.com.br\/litoralsp\/#\/schema\/logo\/image\/","url":"https:\/\/redenoticiaz.com.br\/litoralsp\/wp-content\/uploads\/sites\/3\/2020\/11\/logo.jpg","contentUrl":"https:\/\/redenoticiaz.com.br\/litoralsp\/wp-content\/uploads\/sites\/3\/2020\/11\/logo.jpg","width":400,"height":250,"caption":"Litoral SP"},"image":{"@id":"https:\/\/redenoticiaz.com.br\/litoralsp\/#\/schema\/logo\/image\/"}},{"@type":"Person","@id":"https:\/\/redenoticiaz.com.br\/litoralsp\/#\/schema\/person\/0f0b8a5bdafefe82841e07ae8d81ecb3","name":"Leonardo Francisco","image":{"@type":"ImageObject","inLanguage":"pt-BR","@id":"https:\/\/secure.gravatar.com\/avatar\/a7358cb406a99b682ec6df1e77e31ae82e63601f6784e8a3df411d72b37864da?s=96&d=mm&r=g","url":"https:\/\/secure.gravatar.com\/avatar\/a7358cb406a99b682ec6df1e77e31ae82e63601f6784e8a3df411d72b37864da?s=96&d=mm&r=g","contentUrl":"https:\/\/secure.gravatar.com\/avatar\/a7358cb406a99b682ec6df1e77e31ae82e63601f6784e8a3df411d72b37864da?s=96&d=mm&r=g","caption":"Leonardo Francisco"},"url":"https:\/\/redenoticiaz.com.br\/litoralsp\/author\/leonardo-francisco"}]}},"_links":{"self":[{"href":"https:\/\/redenoticiaz.com.br\/litoralsp\/wp-json\/wp\/v2\/posts\/10213","targetHints":{"allow":["GET"]}}],"collection":[{"href":"https:\/\/redenoticiaz.com.br\/litoralsp\/wp-json\/wp\/v2\/posts"}],"about":[{"href":"https:\/\/redenoticiaz.com.br\/litoralsp\/wp-json\/wp\/v2\/types\/post"}],"author":[{"embeddable":true,"href":"https:\/\/redenoticiaz.com.br\/litoralsp\/wp-json\/wp\/v2\/users\/6"}],"replies":[{"embeddable":true,"href":"https:\/\/redenoticiaz.com.br\/litoralsp\/wp-json\/wp\/v2\/comments?post=10213"}],"version-history":[{"count":1,"href":"https:\/\/redenoticiaz.com.br\/litoralsp\/wp-json\/wp\/v2\/posts\/10213\/revisions"}],"predecessor-version":[{"id":10215,"href":"https:\/\/redenoticiaz.com.br\/litoralsp\/wp-json\/wp\/v2\/posts\/10213\/revisions\/10215"}],"wp:featuredmedia":[{"embeddable":true,"href":"https:\/\/redenoticiaz.com.br\/litoralsp\/wp-json\/wp\/v2\/media\/10214"}],"wp:attachment":[{"href":"https:\/\/redenoticiaz.com.br\/litoralsp\/wp-json\/wp\/v2\/media?parent=10213"}],"wp:term":[{"taxonomy":"category","embeddable":true,"href":"https:\/\/redenoticiaz.com.br\/litoralsp\/wp-json\/wp\/v2\/categories?post=10213"},{"taxonomy":"post_tag","embeddable":true,"href":"https:\/\/redenoticiaz.com.br\/litoralsp\/wp-json\/wp\/v2\/tags?post=10213"}],"curies":[{"name":"wp","href":"https:\/\/api.w.org\/{rel}","templated":true}]}}