{"id":102140,"date":"2023-03-09T13:02:02","date_gmt":"2023-03-09T16:02:02","guid":{"rendered":"https:\/\/redenoticiaz.com.br\/litoralsp\/?p=102140"},"modified":"2023-03-09T13:02:02","modified_gmt":"2023-03-09T16:02:02","slug":"primeiras-cirurgias-no-hospital-do-vicentino-sao-realizadas-por-equipe-feminina-no-dia-internacional-da-mulher","status":"publish","type":"post","link":"https:\/\/redenoticiaz.com.br\/litoralsp\/2023\/03\/09\/primeiras-cirurgias-no-hospital-do-vicentino-sao-realizadas-por-equipe-feminina-no-dia-internacional-da-mulher","title":{"rendered":"Primeiras cirurgias no Hospital do Vicentino s\u00e3o realizadas por equipe feminina no Dia Internacional da Mulher"},"content":{"rendered":"<div>A Secretaria da Sa\u00fade (SESAU) de S\u00e3o Vicente realizou as duas primeiras cirurgias da nova unidade do Hospital Vicentino, com o tamb\u00e9m novo aparelho de videolaparoscopia, in\u00e9dito na Cidade.<\/div>\n<div><\/div>\n<div>Os procedimentos foram em duas pacientes, e com equipe totalmente feminina.<\/div>\n<div><\/div>\n<div>As cirurgias foram acompanhados de perto pela secret\u00e1ria de Sa\u00fade, Michelle Santos, pela vice-prefeita, Sandra Conti, e pela primeira-dama, Thayn\u00e3 Amado.<\/div>\n<div><\/div>\n<div>Vanessa Nush Linguanotti Zanetti, de 42 anos, casada, m\u00e3e de dois filhos, soube que precisava fazer uma colecistectomia (cirurgia de ves\u00edcula) quando passou em consulta m\u00e9dica na Estrat\u00e9gia de Sa\u00fade da Fam\u00edlia (ESF) da Vila Margarida. Ela fez o tratamento e hoje, emocionada, comemora o fim da espera de quase dois anos.<\/div>\n<div><\/div>\n<div>A outra paciente que passou pela interven\u00e7\u00e3o foi Roberta Adriana da Silva, 41 anos. A auxiliar de limpeza trabalha no Hospital do Vicentino e expressou sua alegria em fazer parte da primeira cirurgia.<\/div>\n<div><\/div>\n<div>A m\u00e9dica Mirella Fukuda, cirurgi\u00e3 geral e diretora t\u00e9cnica do Hospital do Vicentino, estava no comando da cirurgia e da equipe.<\/div>\n<div><\/div>\n<div>A m\u00e9dica Tatiana Castelo Branco Lopes foi a anestesista das duas pacientes. Danielle Moyses, Maria Jos\u00e9 Bernardo da Silva e Maria Helena Mendes Hon\u00f3rio foram as enfermeiras que acompanharam os procedimentos durante todo o tempo.<\/div>\n<div><\/div>\n<div>As duas cirurgias duraram, ao todo, quase uma hora, desde o procedimento anest\u00e9sico at\u00e9 o final da interven\u00e7\u00e3o. As pacientes est\u00e3o se recuperando bem nos novos quartos do hospital, e devem ter alta m\u00e9dica no final do dia.<\/div>\n<div><\/div>\n<div><strong>Leia mais<\/strong><\/div>\n<div><a href=\"https:\/\/redenoticiaz.com.br\/litoralsp\/2023\/03\/08\/bebe-de-1-ano-morre-apos-cinco-paradas-cardiorrespiratorias-em-praia-grande\">Beb\u00ea de 1 ano morre ap\u00f3s cinco paradas cardiorrespirat\u00f3rias em Praia Grande<\/a><\/div>\n<div><\/div>\n<div><\/div>\n","protected":false},"excerpt":{"rendered":"<p>A Secretaria da Sa\u00fade (SESAU) de S\u00e3o Vicente realizou as duas primeiras cirurgias da nova unidade do Hospital Vicentino, com o tamb\u00e9m novo aparelho de videolaparoscopia, in\u00e9dito na Cidade. Os procedimentos foram em duas pacientes, e com equipe totalmente feminina. As cirurgias foram acompanhados de perto pela secret\u00e1ria de Sa\u00fade, Michelle Santos, pela vice-prefeita, Sandra &hellip;<\/p>\n","protected":false},"author":12,"featured_media":93576,"comment_status":"open","ping_status":"closed","sticky":false,"template":"","format":"standard","meta":{"footnotes":""},"categories":[181],"tags":[13369,63791,28030,63865,12353],"class_list":["post-102140","post","type-post","status-publish","format-standard","has-post-thumbnail","hentry","category-sao-vicente","tag-cirurgia","tag-dia-da-mulher","tag-hospital","tag-hosptal-sao-vicentino","tag-mulheres"],"yoast_head":"<!-- This site is optimized with the Yoast SEO plugin v27.5 - https:\/\/yoast.com\/product\/yoast-seo-wordpress\/ -->\n<title>Primeiras cirurgias no Hospital do Vicentino s\u00e3o realizadas por equipe feminina no Dia Internacional da Mulher - Litoral SP<\/title>\n<meta name=\"description\" content=\"A Secretaria da Sa\u00fade (SESAU) de S\u00e3o Vicente realizou as duas primeiras cirurgias da nova unidade do Hospital Vicentino, com o tamb\u00e9m novo aparelho de videolaparoscopia, in\u00e9dito na Cidade.\" \/>\n<meta name=\"robots\" content=\"index, follow, max-snippet:-1, max-image-preview:large, max-video-preview:-1\" \/>\n<link rel=\"canonical\" href=\"https:\/\/redenoticiaz.com.br\/litoralsp\/2023\/03\/09\/primeiras-cirurgias-no-hospital-do-vicentino-sao-realizadas-por-equipe-feminina-no-dia-internacional-da-mulher\" \/>\n<meta property=\"og:locale\" content=\"pt_BR\" \/>\n<meta property=\"og:type\" content=\"article\" \/>\n<meta property=\"og:title\" content=\"Primeiras cirurgias no Hospital do Vicentino s\u00e3o realizadas por equipe feminina no Dia Internacional da Mulher - Litoral SP\" \/>\n<meta property=\"og:description\" content=\"A Secretaria da Sa\u00fade (SESAU) de S\u00e3o Vicente realizou as duas primeiras cirurgias da nova unidade do Hospital Vicentino, com o tamb\u00e9m novo aparelho de videolaparoscopia, in\u00e9dito na Cidade.\" \/>\n<meta property=\"og:url\" content=\"https:\/\/redenoticiaz.com.br\/litoralsp\/2023\/03\/09\/primeiras-cirurgias-no-hospital-do-vicentino-sao-realizadas-por-equipe-feminina-no-dia-internacional-da-mulher\" \/>\n<meta property=\"og:site_name\" content=\"Litoral SP\" \/>\n<meta property=\"article:published_time\" content=\"2023-03-09T16:02:02+00:00\" \/>\n<meta property=\"og:image\" content=\"https:\/\/redenoticiaz.com.br\/litoralsp\/wp-content\/uploads\/sites\/3\/2022\/10\/HOSPITAL-VICENTINO.jpg\" \/>\n\t<meta property=\"og:image:width\" content=\"915\" \/>\n\t<meta property=\"og:image:height\" content=\"609\" \/>\n\t<meta property=\"og:image:type\" content=\"image\/jpeg\" \/>\n<meta name=\"author\" content=\"Gustavo Silva\" \/>\n<meta name=\"twitter:card\" content=\"summary_large_image\" \/>\n<meta name=\"twitter:label1\" content=\"Escrito por\" \/>\n\t<meta name=\"twitter:data1\" content=\"Gustavo Silva\" \/>\n\t<meta name=\"twitter:label2\" content=\"Est. tempo de leitura\" \/>\n\t<meta name=\"twitter:data2\" content=\"2 minutos\" \/>\n<script type=\"application\/ld+json\" class=\"yoast-schema-graph\">{\"@context\":\"https:\\\/\\\/schema.org\",\"@graph\":[{\"@type\":\"Article\",\"@id\":\"https:\\\/\\\/redenoticiaz.com.br\\\/litoralsp\\\/2023\\\/03\\\/09\\\/primeiras-cirurgias-no-hospital-do-vicentino-sao-realizadas-por-equipe-feminina-no-dia-internacional-da-mulher#article\",\"isPartOf\":{\"@id\":\"https:\\\/\\\/redenoticiaz.com.br\\\/litoralsp\\\/2023\\\/03\\\/09\\\/primeiras-cirurgias-no-hospital-do-vicentino-sao-realizadas-por-equipe-feminina-no-dia-internacional-da-mulher\"},\"author\":{\"name\":\"Gustavo Silva\",\"@id\":\"https:\\\/\\\/redenoticiaz.com.br\\\/litoralsp\\\/#\\\/schema\\\/person\\\/16057b37a3c0ee6b096d7f887c566e2e\"},\"headline\":\"Primeiras cirurgias no Hospital do Vicentino s\u00e3o realizadas por equipe feminina no Dia Internacional da Mulher\",\"datePublished\":\"2023-03-09T16:02:02+00:00\",\"mainEntityOfPage\":{\"@id\":\"https:\\\/\\\/redenoticiaz.com.br\\\/litoralsp\\\/2023\\\/03\\\/09\\\/primeiras-cirurgias-no-hospital-do-vicentino-sao-realizadas-por-equipe-feminina-no-dia-internacional-da-mulher\"},\"wordCount\":291,\"commentCount\":0,\"publisher\":{\"@id\":\"https:\\\/\\\/redenoticiaz.com.br\\\/litoralsp\\\/#organization\"},\"image\":{\"@id\":\"https:\\\/\\\/redenoticiaz.com.br\\\/litoralsp\\\/2023\\\/03\\\/09\\\/primeiras-cirurgias-no-hospital-do-vicentino-sao-realizadas-por-equipe-feminina-no-dia-internacional-da-mulher#primaryimage\"},\"thumbnailUrl\":\"https:\\\/\\\/redenoticiaz.com.br\\\/litoralsp\\\/wp-content\\\/uploads\\\/sites\\\/3\\\/2022\\\/10\\\/HOSPITAL-VICENTINO.jpg\",\"keywords\":[\"cirurgia\",\"Dia da Mulher\",\"HOSPITAL\",\"hosptal s\u00e3o vicentino\",\"MULHERES\"],\"articleSection\":[\"S\u00e3o Vicente\"],\"inLanguage\":\"pt-BR\",\"potentialAction\":[{\"@type\":\"CommentAction\",\"name\":\"Comment\",\"target\":[\"https:\\\/\\\/redenoticiaz.com.br\\\/litoralsp\\\/2023\\\/03\\\/09\\\/primeiras-cirurgias-no-hospital-do-vicentino-sao-realizadas-por-equipe-feminina-no-dia-internacional-da-mulher#respond\"]}]},{\"@type\":\"WebPage\",\"@id\":\"https:\\\/\\\/redenoticiaz.com.br\\\/litoralsp\\\/2023\\\/03\\\/09\\\/primeiras-cirurgias-no-hospital-do-vicentino-sao-realizadas-por-equipe-feminina-no-dia-internacional-da-mulher\",\"url\":\"https:\\\/\\\/redenoticiaz.com.br\\\/litoralsp\\\/2023\\\/03\\\/09\\\/primeiras-cirurgias-no-hospital-do-vicentino-sao-realizadas-por-equipe-feminina-no-dia-internacional-da-mulher\",\"name\":\"Primeiras cirurgias no Hospital do Vicentino s\u00e3o realizadas por equipe feminina no Dia Internacional da Mulher - Litoral SP\",\"isPartOf\":{\"@id\":\"https:\\\/\\\/redenoticiaz.com.br\\\/litoralsp\\\/#website\"},\"primaryImageOfPage\":{\"@id\":\"https:\\\/\\\/redenoticiaz.com.br\\\/litoralsp\\\/2023\\\/03\\\/09\\\/primeiras-cirurgias-no-hospital-do-vicentino-sao-realizadas-por-equipe-feminina-no-dia-internacional-da-mulher#primaryimage\"},\"image\":{\"@id\":\"https:\\\/\\\/redenoticiaz.com.br\\\/litoralsp\\\/2023\\\/03\\\/09\\\/primeiras-cirurgias-no-hospital-do-vicentino-sao-realizadas-por-equipe-feminina-no-dia-internacional-da-mulher#primaryimage\"},\"thumbnailUrl\":\"https:\\\/\\\/redenoticiaz.com.br\\\/litoralsp\\\/wp-content\\\/uploads\\\/sites\\\/3\\\/2022\\\/10\\\/HOSPITAL-VICENTINO.jpg\",\"datePublished\":\"2023-03-09T16:02:02+00:00\",\"description\":\"A Secretaria da Sa\u00fade (SESAU) de S\u00e3o Vicente realizou as duas primeiras cirurgias da nova unidade do Hospital Vicentino, com o tamb\u00e9m novo aparelho de videolaparoscopia, in\u00e9dito na Cidade.\",\"inLanguage\":\"pt-BR\",\"potentialAction\":[{\"@type\":\"ReadAction\",\"target\":[\"https:\\\/\\\/redenoticiaz.com.br\\\/litoralsp\\\/2023\\\/03\\\/09\\\/primeiras-cirurgias-no-hospital-do-vicentino-sao-realizadas-por-equipe-feminina-no-dia-internacional-da-mulher\"]}]},{\"@type\":\"ImageObject\",\"inLanguage\":\"pt-BR\",\"@id\":\"https:\\\/\\\/redenoticiaz.com.br\\\/litoralsp\\\/2023\\\/03\\\/09\\\/primeiras-cirurgias-no-hospital-do-vicentino-sao-realizadas-por-equipe-feminina-no-dia-internacional-da-mulher#primaryimage\",\"url\":\"https:\\\/\\\/redenoticiaz.com.br\\\/litoralsp\\\/wp-content\\\/uploads\\\/sites\\\/3\\\/2022\\\/10\\\/HOSPITAL-VICENTINO.jpg\",\"contentUrl\":\"https:\\\/\\\/redenoticiaz.com.br\\\/litoralsp\\\/wp-content\\\/uploads\\\/sites\\\/3\\\/2022\\\/10\\\/HOSPITAL-VICENTINO.jpg\",\"width\":915,\"height\":609,\"caption\":\"Cr\u00e9ditos: Divulga\u00e7\u00e3o\\\/Prefeitura de S\u00e3o Vicente\"},{\"@type\":\"WebSite\",\"@id\":\"https:\\\/\\\/redenoticiaz.com.br\\\/litoralsp\\\/#website\",\"url\":\"https:\\\/\\\/redenoticiaz.com.br\\\/litoralsp\\\/\",\"name\":\"Litoral SP\",\"description\":\"Rede NoticiaZ\",\"publisher\":{\"@id\":\"https:\\\/\\\/redenoticiaz.com.br\\\/litoralsp\\\/#organization\"},\"potentialAction\":[{\"@type\":\"SearchAction\",\"target\":{\"@type\":\"EntryPoint\",\"urlTemplate\":\"https:\\\/\\\/redenoticiaz.com.br\\\/litoralsp\\\/?s={search_term_string}\"},\"query-input\":{\"@type\":\"PropertyValueSpecification\",\"valueRequired\":true,\"valueName\":\"search_term_string\"}}],\"inLanguage\":\"pt-BR\"},{\"@type\":\"Organization\",\"@id\":\"https:\\\/\\\/redenoticiaz.com.br\\\/litoralsp\\\/#organization\",\"name\":\"Litoral SP\",\"url\":\"https:\\\/\\\/redenoticiaz.com.br\\\/litoralsp\\\/\",\"logo\":{\"@type\":\"ImageObject\",\"inLanguage\":\"pt-BR\",\"@id\":\"https:\\\/\\\/redenoticiaz.com.br\\\/litoralsp\\\/#\\\/schema\\\/logo\\\/image\\\/\",\"url\":\"https:\\\/\\\/redenoticiaz.com.br\\\/litoralsp\\\/wp-content\\\/uploads\\\/sites\\\/3\\\/2020\\\/11\\\/logo.jpg\",\"contentUrl\":\"https:\\\/\\\/redenoticiaz.com.br\\\/litoralsp\\\/wp-content\\\/uploads\\\/sites\\\/3\\\/2020\\\/11\\\/logo.jpg\",\"width\":400,\"height\":250,\"caption\":\"Litoral SP\"},\"image\":{\"@id\":\"https:\\\/\\\/redenoticiaz.com.br\\\/litoralsp\\\/#\\\/schema\\\/logo\\\/image\\\/\"}},{\"@type\":\"Person\",\"@id\":\"https:\\\/\\\/redenoticiaz.com.br\\\/litoralsp\\\/#\\\/schema\\\/person\\\/16057b37a3c0ee6b096d7f887c566e2e\",\"name\":\"Gustavo Silva\",\"image\":{\"@type\":\"ImageObject\",\"inLanguage\":\"pt-BR\",\"@id\":\"https:\\\/\\\/secure.gravatar.com\\\/avatar\\\/3ee4e82f93b26de0a7cf4ea5eb7893da637ed6bb0c9170c58065944c56e28a33?s=96&d=mm&r=g\",\"url\":\"https:\\\/\\\/secure.gravatar.com\\\/avatar\\\/3ee4e82f93b26de0a7cf4ea5eb7893da637ed6bb0c9170c58065944c56e28a33?s=96&d=mm&r=g\",\"contentUrl\":\"https:\\\/\\\/secure.gravatar.com\\\/avatar\\\/3ee4e82f93b26de0a7cf4ea5eb7893da637ed6bb0c9170c58065944c56e28a33?s=96&d=mm&r=g\",\"caption\":\"Gustavo Silva\"},\"url\":\"https:\\\/\\\/redenoticiaz.com.br\\\/litoralsp\\\/author\\\/gustavosilva\"}]}<\/script>\n<!-- \/ Yoast SEO plugin. -->","yoast_head_json":{"title":"Primeiras cirurgias no Hospital do Vicentino s\u00e3o realizadas por equipe feminina no Dia Internacional da Mulher - Litoral SP","description":"A Secretaria da Sa\u00fade (SESAU) de S\u00e3o Vicente realizou as duas primeiras cirurgias da nova unidade do Hospital Vicentino, com o tamb\u00e9m novo aparelho de videolaparoscopia, in\u00e9dito na Cidade.","robots":{"index":"index","follow":"follow","max-snippet":"max-snippet:-1","max-image-preview":"max-image-preview:large","max-video-preview":"max-video-preview:-1"},"canonical":"https:\/\/redenoticiaz.com.br\/litoralsp\/2023\/03\/09\/primeiras-cirurgias-no-hospital-do-vicentino-sao-realizadas-por-equipe-feminina-no-dia-internacional-da-mulher","og_locale":"pt_BR","og_type":"article","og_title":"Primeiras cirurgias no Hospital do Vicentino s\u00e3o realizadas por equipe feminina no Dia Internacional da Mulher - Litoral SP","og_description":"A Secretaria da Sa\u00fade (SESAU) de S\u00e3o Vicente realizou as duas primeiras cirurgias da nova unidade do Hospital Vicentino, com o tamb\u00e9m novo aparelho de videolaparoscopia, in\u00e9dito na Cidade.","og_url":"https:\/\/redenoticiaz.com.br\/litoralsp\/2023\/03\/09\/primeiras-cirurgias-no-hospital-do-vicentino-sao-realizadas-por-equipe-feminina-no-dia-internacional-da-mulher","og_site_name":"Litoral SP","article_published_time":"2023-03-09T16:02:02+00:00","og_image":[{"width":915,"height":609,"url":"https:\/\/redenoticiaz.com.br\/litoralsp\/wp-content\/uploads\/sites\/3\/2022\/10\/HOSPITAL-VICENTINO.jpg","type":"image\/jpeg"}],"author":"Gustavo Silva","twitter_card":"summary_large_image","twitter_misc":{"Escrito por":"Gustavo Silva","Est. tempo de leitura":"2 minutos"},"schema":{"@context":"https:\/\/schema.org","@graph":[{"@type":"Article","@id":"https:\/\/redenoticiaz.com.br\/litoralsp\/2023\/03\/09\/primeiras-cirurgias-no-hospital-do-vicentino-sao-realizadas-por-equipe-feminina-no-dia-internacional-da-mulher#article","isPartOf":{"@id":"https:\/\/redenoticiaz.com.br\/litoralsp\/2023\/03\/09\/primeiras-cirurgias-no-hospital-do-vicentino-sao-realizadas-por-equipe-feminina-no-dia-internacional-da-mulher"},"author":{"name":"Gustavo Silva","@id":"https:\/\/redenoticiaz.com.br\/litoralsp\/#\/schema\/person\/16057b37a3c0ee6b096d7f887c566e2e"},"headline":"Primeiras cirurgias no Hospital do Vicentino s\u00e3o realizadas por equipe feminina no Dia Internacional da Mulher","datePublished":"2023-03-09T16:02:02+00:00","mainEntityOfPage":{"@id":"https:\/\/redenoticiaz.com.br\/litoralsp\/2023\/03\/09\/primeiras-cirurgias-no-hospital-do-vicentino-sao-realizadas-por-equipe-feminina-no-dia-internacional-da-mulher"},"wordCount":291,"commentCount":0,"publisher":{"@id":"https:\/\/redenoticiaz.com.br\/litoralsp\/#organization"},"image":{"@id":"https:\/\/redenoticiaz.com.br\/litoralsp\/2023\/03\/09\/primeiras-cirurgias-no-hospital-do-vicentino-sao-realizadas-por-equipe-feminina-no-dia-internacional-da-mulher#primaryimage"},"thumbnailUrl":"https:\/\/redenoticiaz.com.br\/litoralsp\/wp-content\/uploads\/sites\/3\/2022\/10\/HOSPITAL-VICENTINO.jpg","keywords":["cirurgia","Dia da Mulher","HOSPITAL","hosptal s\u00e3o vicentino","MULHERES"],"articleSection":["S\u00e3o Vicente"],"inLanguage":"pt-BR","potentialAction":[{"@type":"CommentAction","name":"Comment","target":["https:\/\/redenoticiaz.com.br\/litoralsp\/2023\/03\/09\/primeiras-cirurgias-no-hospital-do-vicentino-sao-realizadas-por-equipe-feminina-no-dia-internacional-da-mulher#respond"]}]},{"@type":"WebPage","@id":"https:\/\/redenoticiaz.com.br\/litoralsp\/2023\/03\/09\/primeiras-cirurgias-no-hospital-do-vicentino-sao-realizadas-por-equipe-feminina-no-dia-internacional-da-mulher","url":"https:\/\/redenoticiaz.com.br\/litoralsp\/2023\/03\/09\/primeiras-cirurgias-no-hospital-do-vicentino-sao-realizadas-por-equipe-feminina-no-dia-internacional-da-mulher","name":"Primeiras cirurgias no Hospital do Vicentino s\u00e3o realizadas por equipe feminina no Dia Internacional da Mulher - Litoral SP","isPartOf":{"@id":"https:\/\/redenoticiaz.com.br\/litoralsp\/#website"},"primaryImageOfPage":{"@id":"https:\/\/redenoticiaz.com.br\/litoralsp\/2023\/03\/09\/primeiras-cirurgias-no-hospital-do-vicentino-sao-realizadas-por-equipe-feminina-no-dia-internacional-da-mulher#primaryimage"},"image":{"@id":"https:\/\/redenoticiaz.com.br\/litoralsp\/2023\/03\/09\/primeiras-cirurgias-no-hospital-do-vicentino-sao-realizadas-por-equipe-feminina-no-dia-internacional-da-mulher#primaryimage"},"thumbnailUrl":"https:\/\/redenoticiaz.com.br\/litoralsp\/wp-content\/uploads\/sites\/3\/2022\/10\/HOSPITAL-VICENTINO.jpg","datePublished":"2023-03-09T16:02:02+00:00","description":"A Secretaria da Sa\u00fade (SESAU) de S\u00e3o Vicente realizou as duas primeiras cirurgias da nova unidade do Hospital Vicentino, com o tamb\u00e9m novo aparelho de videolaparoscopia, in\u00e9dito na Cidade.","inLanguage":"pt-BR","potentialAction":[{"@type":"ReadAction","target":["https:\/\/redenoticiaz.com.br\/litoralsp\/2023\/03\/09\/primeiras-cirurgias-no-hospital-do-vicentino-sao-realizadas-por-equipe-feminina-no-dia-internacional-da-mulher"]}]},{"@type":"ImageObject","inLanguage":"pt-BR","@id":"https:\/\/redenoticiaz.com.br\/litoralsp\/2023\/03\/09\/primeiras-cirurgias-no-hospital-do-vicentino-sao-realizadas-por-equipe-feminina-no-dia-internacional-da-mulher#primaryimage","url":"https:\/\/redenoticiaz.com.br\/litoralsp\/wp-content\/uploads\/sites\/3\/2022\/10\/HOSPITAL-VICENTINO.jpg","contentUrl":"https:\/\/redenoticiaz.com.br\/litoralsp\/wp-content\/uploads\/sites\/3\/2022\/10\/HOSPITAL-VICENTINO.jpg","width":915,"height":609,"caption":"Cr\u00e9ditos: Divulga\u00e7\u00e3o\/Prefeitura de S\u00e3o Vicente"},{"@type":"WebSite","@id":"https:\/\/redenoticiaz.com.br\/litoralsp\/#website","url":"https:\/\/redenoticiaz.com.br\/litoralsp\/","name":"Litoral SP","description":"Rede NoticiaZ","publisher":{"@id":"https:\/\/redenoticiaz.com.br\/litoralsp\/#organization"},"potentialAction":[{"@type":"SearchAction","target":{"@type":"EntryPoint","urlTemplate":"https:\/\/redenoticiaz.com.br\/litoralsp\/?s={search_term_string}"},"query-input":{"@type":"PropertyValueSpecification","valueRequired":true,"valueName":"search_term_string"}}],"inLanguage":"pt-BR"},{"@type":"Organization","@id":"https:\/\/redenoticiaz.com.br\/litoralsp\/#organization","name":"Litoral SP","url":"https:\/\/redenoticiaz.com.br\/litoralsp\/","logo":{"@type":"ImageObject","inLanguage":"pt-BR","@id":"https:\/\/redenoticiaz.com.br\/litoralsp\/#\/schema\/logo\/image\/","url":"https:\/\/redenoticiaz.com.br\/litoralsp\/wp-content\/uploads\/sites\/3\/2020\/11\/logo.jpg","contentUrl":"https:\/\/redenoticiaz.com.br\/litoralsp\/wp-content\/uploads\/sites\/3\/2020\/11\/logo.jpg","width":400,"height":250,"caption":"Litoral SP"},"image":{"@id":"https:\/\/redenoticiaz.com.br\/litoralsp\/#\/schema\/logo\/image\/"}},{"@type":"Person","@id":"https:\/\/redenoticiaz.com.br\/litoralsp\/#\/schema\/person\/16057b37a3c0ee6b096d7f887c566e2e","name":"Gustavo Silva","image":{"@type":"ImageObject","inLanguage":"pt-BR","@id":"https:\/\/secure.gravatar.com\/avatar\/3ee4e82f93b26de0a7cf4ea5eb7893da637ed6bb0c9170c58065944c56e28a33?s=96&d=mm&r=g","url":"https:\/\/secure.gravatar.com\/avatar\/3ee4e82f93b26de0a7cf4ea5eb7893da637ed6bb0c9170c58065944c56e28a33?s=96&d=mm&r=g","contentUrl":"https:\/\/secure.gravatar.com\/avatar\/3ee4e82f93b26de0a7cf4ea5eb7893da637ed6bb0c9170c58065944c56e28a33?s=96&d=mm&r=g","caption":"Gustavo Silva"},"url":"https:\/\/redenoticiaz.com.br\/litoralsp\/author\/gustavosilva"}]}},"_links":{"self":[{"href":"https:\/\/redenoticiaz.com.br\/litoralsp\/wp-json\/wp\/v2\/posts\/102140","targetHints":{"allow":["GET"]}}],"collection":[{"href":"https:\/\/redenoticiaz.com.br\/litoralsp\/wp-json\/wp\/v2\/posts"}],"about":[{"href":"https:\/\/redenoticiaz.com.br\/litoralsp\/wp-json\/wp\/v2\/types\/post"}],"author":[{"embeddable":true,"href":"https:\/\/redenoticiaz.com.br\/litoralsp\/wp-json\/wp\/v2\/users\/12"}],"replies":[{"embeddable":true,"href":"https:\/\/redenoticiaz.com.br\/litoralsp\/wp-json\/wp\/v2\/comments?post=102140"}],"version-history":[{"count":1,"href":"https:\/\/redenoticiaz.com.br\/litoralsp\/wp-json\/wp\/v2\/posts\/102140\/revisions"}],"predecessor-version":[{"id":102141,"href":"https:\/\/redenoticiaz.com.br\/litoralsp\/wp-json\/wp\/v2\/posts\/102140\/revisions\/102141"}],"wp:featuredmedia":[{"embeddable":true,"href":"https:\/\/redenoticiaz.com.br\/litoralsp\/wp-json\/wp\/v2\/media\/93576"}],"wp:attachment":[{"href":"https:\/\/redenoticiaz.com.br\/litoralsp\/wp-json\/wp\/v2\/media?parent=102140"}],"wp:term":[{"taxonomy":"category","embeddable":true,"href":"https:\/\/redenoticiaz.com.br\/litoralsp\/wp-json\/wp\/v2\/categories?post=102140"},{"taxonomy":"post_tag","embeddable":true,"href":"https:\/\/redenoticiaz.com.br\/litoralsp\/wp-json\/wp\/v2\/tags?post=102140"}],"curies":[{"name":"wp","href":"https:\/\/api.w.org\/{rel}","templated":true}]}}